{"id":85909,"date":"2026-01-28T21:26:38","date_gmt":"2026-01-29T03:26:38","guid":{"rendered":"https:\/\/nitu.mx\/?p=85909"},"modified":"2026-01-28T21:26:38","modified_gmt":"2026-01-29T03:26:38","slug":"air-canada-volara-de-calgary-a-cancun-y-puerto-vallarta-como-parte-de-su-ampliacion-mundial","status":"publish","type":"post","link":"https:\/\/nitu.mx\/index.php\/2026\/01\/28\/air-canada-volara-de-calgary-a-cancun-y-puerto-vallarta-como-parte-de-su-ampliacion-mundial\/","title":{"rendered":"Air Canada volar\u00e1 de Calgary a Canc\u00fan y Puerto Vallarta como parte de su ampliaci\u00f3n mundial"},"content":{"rendered":"\n<p>Air Canada anunci\u00f3 una expansi\u00f3n estrat\u00e9gica de su red de invierno que incluye rutas a Canc\u00fan y Puerto Vallarta en M\u00e9xico desde Calgary, la llegada de Quito a su lista de destinos, servicios permanentes durante todo el a\u00f1o a Manchester y Copenhague y un incremento en sus servicios hacia Latinoam\u00e9rica. Estas expansiones se suman a los planes anunciados a principios de este mes para lanzar\u00a0los \u00fanicos vuelos directos de Norteam\u00e9rica a Sapporo, Jap\u00f3n.<\/p>\n\n\n\n<p>Los pasajeros de Air Canada en Calgary ahora podr\u00e1n volar directo a Canc\u00fan y Puerto Vallarta a partir de diciembre. Estos vuelos ser\u00e1n operados por la flota de Air Canada Rouge con aviones Boeing 737 MAX, que ofrecen cabinas Premium y Economy. Los pasajeros podr\u00e1n disfrutar de cerveza, vino y botanas canadienses premium de cortes\u00eda, adem\u00e1s de Wi-Fi gratuito de alta velocidad para todos los socios de Aeroplan. Los vuelos a Canc\u00fan despegar\u00e1n cuatro veces por semana y a Puerto Vallarta tres veces por semana. <a href=\"https:\/\/nitu.mx\/index.php\/2025\/11\/09\/air-canada-inaugura-su-nueva-ruta-de-temporada-guadalajara-toronto\/\">(Air Canada inaugura su nueva ruta de temporada Guadalajara\u2013Toronto<\/a>).<\/p>\n\n\n<div class=\"wp-block-image\">\n<figure class=\"aligncenter size-full\"><img decoding=\"async\" loading=\"lazy\" width=\"675\" height=\"458\" src=\"https:\/\/nitu.mx\/wp-content\/uploads\/2026\/01\/image-3.png\" alt=\"\" class=\"wp-image-85911\" srcset=\"https:\/\/nitu.mx\/wp-content\/uploads\/2026\/01\/image-3.png 675w, https:\/\/nitu.mx\/wp-content\/uploads\/2026\/01\/image-3-300x204.png 300w\" sizes=\"(max-width: 675px) 100vw, 675px\" \/><\/figure><\/div>\n\n\n<p>&#8220;Con una red integral que abarca los cinco continentes habitados, el programa de invierno ampliado de Air Canada consolida nuestros&nbsp;<em>hubs&nbsp;<\/em>como puertas de enlace globales de primer nivel, facilitando viajes r\u00e1pidos y c\u00f3modos. Estas nuevas adiciones y mejoras son un motor para el turismo, el comercio y la conectividad, ofreciendo oportunidades m\u00e1s atractivas para que nuestros pasajeros y socios de Aeroplan viajen a casi cualquier parte del mundo hacia, desde o a trav\u00e9s de Canad\u00e1&#8221;, se\u00f1al\u00f3 Mark Galardo, Vicepresidente Ejecutivo, Director Comercial y Presidente de Cargo en Air Canada.<\/p>\n\n\n\n<p>&#8220;Continuamos nuestra expansi\u00f3n estrat\u00e9gica en Am\u00e9rica Latina, aprovechando la s\u00f3lida demanda y las oportunidades de carga, mientras utilizamos la nueva base de aviones Airbus A321XLR en nuestro&nbsp;<em>hub&nbsp;<\/em>de Toronto-Pearson (YYZ) para ofrecer servicios todo el a\u00f1o a Copenhague y Manchester\u201d, a\u00f1adi\u00f3 Mark Gallardo.<\/p>\n\n\n\n<p>\u201cTambi\u00e9n estamos capitalizando la creciente demanda y la ubicaci\u00f3n \u00fanica de Vancouver para sumar nuestro primer servicio a Sapporo, el \u00fanico vuelo directo desde Norteam\u00e9rica a este reconocido destino invernal, al tiempo que brindamos dos nuevas opciones para nuestros pasajeros leales en Calgary que buscan el calor de las playas mexicanas&#8221;, concluy\u00f3 el Sr. Gallardo.<\/p>\n\n\n\n<p><strong>Quito y Sudam\u00e9rica<\/strong><\/p>\n\n\n\n<p>Quito, la capital de Ecuador, famosa por su riqueza hist\u00f3rica, contar\u00e1 con tres vuelos semanales desde Montr\u00e9al y uno desde Toronto, comenzando a principios de diciembre a bordo de un Boeing 787-8 Dreamliner. Los pasajeros podr\u00e1n elegir entre las cabinas Signature Class, Premium Economy y Economy. Estos vuelos est\u00e1n dise\u00f1ados para conectar f\u00e1cilmente en los centros de Toronto y Montr\u00e9al con rutas hacia el resto de Norteam\u00e9rica y Europa.<\/p>\n\n\n\n<p>En Sudam\u00e9rica, Air Canada ampliar\u00e1 su calendario hacia Brasil, Per\u00fa y Chile, con inicios de temporada m\u00e1s tempranos y m\u00e1s frecuencias hacia R\u00edo y Lima, adem\u00e1s de sus vuelos recientemente lanzados entre Montr\u00e9al y Santiago.<\/p>\n\n\n\n<p>En cuanto a Colombia, los vuelos a Bogot\u00e1 operar\u00e1n con la flota Boeing 787 Dreamliner, que cuenta con tres cabinas, incluyendo la reconocida Signature Class con asientos que se convierten en cama.<\/p>\n\n\n\n<p>Europa todo el a\u00f1o<\/p>\n\n\n\n<p>Los vuelos de Toronto a Manchester y Copenhague partir\u00e1n de manera permanente durante todo el a\u00f1o a partir de octubre. Ambas rutas ser\u00e1n operadas con el modelo m\u00e1s nuevo de la aerol\u00ednea, el Airbus A321XLR, siendo el primer avi\u00f3n de fuselaje estrecho de Air Canada en ofrecer asientos que se convierten en cama dentro de su cabina Signature Class. <\/p>\n\n\n\n<p>Este cambio es posible gracias a la nueva base de estos aviones en el Aeropuerto Internacional Toronto-Pearson (YYZ), que complementa la base previamente anunciada en el Aeropuerto Internacional Montr\u00e9al-Trudeau (YUL). <\/p>\n","protected":false},"excerpt":{"rendered":"<p>Air Canada anunci\u00f3 una expansi\u00f3n estrat\u00e9gica de su red de invierno que incluye rutas a Canc\u00fan y Puerto Vallarta en M\u00e9xico desde Calgary, la llegada de Quito a su lista de destinos, servicios permanentes durante todo el a\u00f1o a Manchester y Copenhague y un incremento en sus servicios hacia Latinoam\u00e9rica. Estas expansiones se suman a [&hellip;]<\/p>\n","protected":false},"author":17,"featured_media":39320,"comment_status":"closed","ping_status":"closed","sticky":false,"template":"","format":"standard","meta":{"footnotes":""},"categories":[29],"tags":[1700,1900,43,3953,471],"yoast_head":"<!-- This site is optimized with the Yoast SEO plugin v22.2 - https:\/\/yoast.com\/wordpress\/plugins\/seo\/ -->\n<title>Air Canada volar\u00e1 de Calgary a Canc\u00fan y Puerto Vallarta como parte de su ampliaci\u00f3n mundial - Nitu - Noticias de la Industria Turistica<\/title>\n<meta name=\"robots\" content=\"index, follow, max-snippet:-1, max-image-preview:large, max-video-preview:-1\" \/>\n<link rel=\"canonical\" href=\"https:\/\/nitu.mx\/index.php\/2026\/01\/28\/air-canada-volara-de-calgary-a-cancun-y-puerto-vallarta-como-parte-de-su-ampliacion-mundial\/\" \/>\n<meta name=\"twitter:card\" content=\"summary_large_image\" \/>\n<meta name=\"twitter:title\" content=\"Air Canada volar\u00e1 de Calgary a Canc\u00fan y Puerto Vallarta como parte de su ampliaci\u00f3n mundial - Nitu - Noticias de la Industria Turistica\" \/>\n<meta name=\"twitter:description\" content=\"Air Canada anunci\u00f3 una expansi\u00f3n estrat\u00e9gica de su red de invierno que incluye rutas a Canc\u00fan y Puerto Vallarta en M\u00e9xico desde Calgary, la llegada de Quito a su lista de destinos, servicios permanentes durante todo el a\u00f1o a Manchester y Copenhague y un incremento en sus servicios hacia Latinoam\u00e9rica. Estas expansiones se suman a [&hellip;]\" \/>\n<meta name=\"twitter:image\" content=\"https:\/\/nitu.mx\/wp-content\/uploads\/2020\/01\/Air-Canada-737-MAX.jpg\" \/>\n<meta name=\"twitter:creator\" content=\"@NITUmx\" \/>\n<meta name=\"twitter:site\" content=\"@Arturo_Medina_G\" \/>\n<meta name=\"twitter:label1\" content=\"Escrito por\" \/>\n\t<meta name=\"twitter:data1\" content=\"Redacci\u00f3n\" \/>\n\t<meta name=\"twitter:label2\" content=\"Tiempo de lectura\" \/>\n\t<meta name=\"twitter:data2\" content=\"3 minutos\" \/>\n<script type=\"application\/ld+json\" class=\"yoast-schema-graph\">{\"@context\":\"https:\/\/schema.org\",\"@graph\":[{\"@type\":\"Article\",\"@id\":\"https:\/\/nitu.mx\/index.php\/2026\/01\/28\/air-canada-volara-de-calgary-a-cancun-y-puerto-vallarta-como-parte-de-su-ampliacion-mundial\/#article\",\"isPartOf\":{\"@id\":\"https:\/\/nitu.mx\/index.php\/2026\/01\/28\/air-canada-volara-de-calgary-a-cancun-y-puerto-vallarta-como-parte-de-su-ampliacion-mundial\/\"},\"author\":{\"name\":\"Redacci\u00f3n\",\"@id\":\"https:\/\/nitu.mx\/#\/schema\/person\/4a28fe9bd65924f7c90623773daf1b0b\"},\"headline\":\"Air Canada volar\u00e1 de Calgary a Canc\u00fan y Puerto Vallarta como parte de su ampliaci\u00f3n mundial\",\"datePublished\":\"2026-01-29T03:26:38+00:00\",\"dateModified\":\"2026-01-29T03:26:38+00:00\",\"mainEntityOfPage\":{\"@id\":\"https:\/\/nitu.mx\/index.php\/2026\/01\/28\/air-canada-volara-de-calgary-a-cancun-y-puerto-vallarta-como-parte-de-su-ampliacion-mundial\/\"},\"wordCount\":666,\"publisher\":{\"@id\":\"https:\/\/nitu.mx\/#\/schema\/person\/ae7a53426417292d3dd07b45a33e01bc\"},\"image\":{\"@id\":\"https:\/\/nitu.mx\/index.php\/2026\/01\/28\/air-canada-volara-de-calgary-a-cancun-y-puerto-vallarta-como-parte-de-su-ampliacion-mundial\/#primaryimage\"},\"thumbnailUrl\":\"https:\/\/nitu.mx\/wp-content\/uploads\/2020\/01\/Air-Canada-737-MAX.jpg\",\"keywords\":[\"Air Canada\",\"Calgary\",\"Canc\u00fan\",\"conectividad\",\"Puerto Vallarta\"],\"articleSection\":[\"Aerol\u00edneas\"],\"inLanguage\":\"es-MX\"},{\"@type\":\"WebPage\",\"@id\":\"https:\/\/nitu.mx\/index.php\/2026\/01\/28\/air-canada-volara-de-calgary-a-cancun-y-puerto-vallarta-como-parte-de-su-ampliacion-mundial\/\",\"url\":\"https:\/\/nitu.mx\/index.php\/2026\/01\/28\/air-canada-volara-de-calgary-a-cancun-y-puerto-vallarta-como-parte-de-su-ampliacion-mundial\/\",\"name\":\"Air Canada volar\u00e1 de Calgary a Canc\u00fan y Puerto Vallarta como parte de su ampliaci\u00f3n mundial - Nitu - Noticias de la Industria Turistica\",\"isPartOf\":{\"@id\":\"https:\/\/nitu.mx\/#website\"},\"primaryImageOfPage\":{\"@id\":\"https:\/\/nitu.mx\/index.php\/2026\/01\/28\/air-canada-volara-de-calgary-a-cancun-y-puerto-vallarta-como-parte-de-su-ampliacion-mundial\/#primaryimage\"},\"image\":{\"@id\":\"https:\/\/nitu.mx\/index.php\/2026\/01\/28\/air-canada-volara-de-calgary-a-cancun-y-puerto-vallarta-como-parte-de-su-ampliacion-mundial\/#primaryimage\"},\"thumbnailUrl\":\"https:\/\/nitu.mx\/wp-content\/uploads\/2020\/01\/Air-Canada-737-MAX.jpg\",\"datePublished\":\"2026-01-29T03:26:38+00:00\",\"dateModified\":\"2026-01-29T03:26:38+00:00\",\"breadcrumb\":{\"@id\":\"https:\/\/nitu.mx\/index.php\/2026\/01\/28\/air-canada-volara-de-calgary-a-cancun-y-puerto-vallarta-como-parte-de-su-ampliacion-mundial\/#breadcrumb\"},\"inLanguage\":\"es-MX\",\"potentialAction\":[{\"@type\":\"ReadAction\",\"target\":[\"https:\/\/nitu.mx\/index.php\/2026\/01\/28\/air-canada-volara-de-calgary-a-cancun-y-puerto-vallarta-como-parte-de-su-ampliacion-mundial\/\"]}]},{\"@type\":\"ImageObject\",\"inLanguage\":\"es-MX\",\"@id\":\"https:\/\/nitu.mx\/index.php\/2026\/01\/28\/air-canada-volara-de-calgary-a-cancun-y-puerto-vallarta-como-parte-de-su-ampliacion-mundial\/#primaryimage\",\"url\":\"https:\/\/nitu.mx\/wp-content\/uploads\/2020\/01\/Air-Canada-737-MAX.jpg\",\"contentUrl\":\"https:\/\/nitu.mx\/wp-content\/uploads\/2020\/01\/Air-Canada-737-MAX.jpg\",\"width\":850,\"height\":480,\"caption\":\"Air Canada 737 MAX\"},{\"@type\":\"BreadcrumbList\",\"@id\":\"https:\/\/nitu.mx\/index.php\/2026\/01\/28\/air-canada-volara-de-calgary-a-cancun-y-puerto-vallarta-como-parte-de-su-ampliacion-mundial\/#breadcrumb\",\"itemListElement\":[{\"@type\":\"ListItem\",\"position\":1,\"name\":\"Inicio\",\"item\":\"https:\/\/nitu.mx\/\"},{\"@type\":\"ListItem\",\"position\":2,\"name\":\"Air Canada volar\u00e1 de Calgary a Canc\u00fan y Puerto Vallarta como parte de su ampliaci\u00f3n mundial\"}]},{\"@type\":\"WebSite\",\"@id\":\"https:\/\/nitu.mx\/#website\",\"url\":\"https:\/\/nitu.mx\/\",\"name\":\"Nitu - Noticias de la Industria Turistica\",\"description\":\"Noticias de la Industria Turistica\",\"publisher\":{\"@id\":\"https:\/\/nitu.mx\/#\/schema\/person\/ae7a53426417292d3dd07b45a33e01bc\"},\"alternateName\":\"Noticias de la Industria Turistica\",\"potentialAction\":[{\"@type\":\"SearchAction\",\"target\":{\"@type\":\"EntryPoint\",\"urlTemplate\":\"https:\/\/nitu.mx\/?s={search_term_string}\"},\"query-input\":\"required name=search_term_string\"}],\"inLanguage\":\"es-MX\"},{\"@type\":[\"Person\",\"Organization\"],\"@id\":\"https:\/\/nitu.mx\/#\/schema\/person\/ae7a53426417292d3dd07b45a33e01bc\",\"name\":\"Arturo Medina\",\"image\":{\"@type\":\"ImageObject\",\"inLanguage\":\"es-MX\",\"@id\":\"https:\/\/nitu.mx\/#\/schema\/person\/image\/\",\"url\":\"https:\/\/nitu.mx\/wp-content\/uploads\/2024\/04\/4A315622-1904-4D5C-B022-878CDC840E04-90x90-1.jpeg\",\"contentUrl\":\"https:\/\/nitu.mx\/wp-content\/uploads\/2024\/04\/4A315622-1904-4D5C-B022-878CDC840E04-90x90-1.jpeg\",\"width\":90,\"height\":90,\"caption\":\"Arturo Medina\"},\"logo\":{\"@id\":\"https:\/\/nitu.mx\/#\/schema\/person\/image\/\"},\"description\":\"Director NITU.mx, Egresado de la Escuela de Periodismo Carlos Septi\u00e9n Garc\u00eda. Periodista y analista especializado en turismo desde hace 35 a\u00f1os, radicado en Canc\u00fan Q.Roo. arturo@nitu.mx\",\"sameAs\":[\"https:\/\/nitu.mx\",\"https:\/\/www.facebook.com\/NITUmx\/\",\"medinacancun\",\"https:\/\/twitter.com\/@Arturo_Medina_G\"]},{\"@type\":\"Person\",\"@id\":\"https:\/\/nitu.mx\/#\/schema\/person\/4a28fe9bd65924f7c90623773daf1b0b\",\"name\":\"Redacci\u00f3n\",\"image\":{\"@type\":\"ImageObject\",\"inLanguage\":\"es-MX\",\"@id\":\"https:\/\/nitu.mx\/#\/schema\/person\/image\/\",\"url\":\"https:\/\/secure.gravatar.com\/avatar\/5dd011c8ccfc5cd7e4c81e42252aab38?s=96&d=mm&r=g\",\"contentUrl\":\"https:\/\/secure.gravatar.com\/avatar\/5dd011c8ccfc5cd7e4c81e42252aab38?s=96&d=mm&r=g\",\"caption\":\"Redacci\u00f3n\"},\"url\":\"https:\/\/nitu.mx\/index.php\/author\/redaccion\/\"}]}<\/script>\n<!-- \/ Yoast SEO plugin. -->","yoast_head_json":{"title":"Air Canada volar\u00e1 de Calgary a Canc\u00fan y Puerto Vallarta como parte de su ampliaci\u00f3n mundial - Nitu - Noticias de la Industria Turistica","robots":{"index":"index","follow":"follow","max-snippet":"max-snippet:-1","max-image-preview":"max-image-preview:large","max-video-preview":"max-video-preview:-1"},"canonical":"https:\/\/nitu.mx\/index.php\/2026\/01\/28\/air-canada-volara-de-calgary-a-cancun-y-puerto-vallarta-como-parte-de-su-ampliacion-mundial\/","twitter_card":"summary_large_image","twitter_title":"Air Canada volar\u00e1 de Calgary a Canc\u00fan y Puerto Vallarta como parte de su ampliaci\u00f3n mundial - Nitu - Noticias de la Industria Turistica","twitter_description":"Air Canada anunci\u00f3 una expansi\u00f3n estrat\u00e9gica de su red de invierno que incluye rutas a Canc\u00fan y Puerto Vallarta en M\u00e9xico desde Calgary, la llegada de Quito a su lista de destinos, servicios permanentes durante todo el a\u00f1o a Manchester y Copenhague y un incremento en sus servicios hacia Latinoam\u00e9rica. Estas expansiones se suman a [&hellip;]","twitter_image":"https:\/\/nitu.mx\/wp-content\/uploads\/2020\/01\/Air-Canada-737-MAX.jpg","twitter_creator":"@NITUmx","twitter_site":"@Arturo_Medina_G","twitter_misc":{"Escrito por":"Redacci\u00f3n","Tiempo de lectura":"3 minutos"},"schema":{"@context":"https:\/\/schema.org","@graph":[{"@type":"Article","@id":"https:\/\/nitu.mx\/index.php\/2026\/01\/28\/air-canada-volara-de-calgary-a-cancun-y-puerto-vallarta-como-parte-de-su-ampliacion-mundial\/#article","isPartOf":{"@id":"https:\/\/nitu.mx\/index.php\/2026\/01\/28\/air-canada-volara-de-calgary-a-cancun-y-puerto-vallarta-como-parte-de-su-ampliacion-mundial\/"},"author":{"name":"Redacci\u00f3n","@id":"https:\/\/nitu.mx\/#\/schema\/person\/4a28fe9bd65924f7c90623773daf1b0b"},"headline":"Air Canada volar\u00e1 de Calgary a Canc\u00fan y Puerto Vallarta como parte de su ampliaci\u00f3n mundial","datePublished":"2026-01-29T03:26:38+00:00","dateModified":"2026-01-29T03:26:38+00:00","mainEntityOfPage":{"@id":"https:\/\/nitu.mx\/index.php\/2026\/01\/28\/air-canada-volara-de-calgary-a-cancun-y-puerto-vallarta-como-parte-de-su-ampliacion-mundial\/"},"wordCount":666,"publisher":{"@id":"https:\/\/nitu.mx\/#\/schema\/person\/ae7a53426417292d3dd07b45a33e01bc"},"image":{"@id":"https:\/\/nitu.mx\/index.php\/2026\/01\/28\/air-canada-volara-de-calgary-a-cancun-y-puerto-vallarta-como-parte-de-su-ampliacion-mundial\/#primaryimage"},"thumbnailUrl":"https:\/\/nitu.mx\/wp-content\/uploads\/2020\/01\/Air-Canada-737-MAX.jpg","keywords":["Air Canada","Calgary","Canc\u00fan","conectividad","Puerto Vallarta"],"articleSection":["Aerol\u00edneas"],"inLanguage":"es-MX"},{"@type":"WebPage","@id":"https:\/\/nitu.mx\/index.php\/2026\/01\/28\/air-canada-volara-de-calgary-a-cancun-y-puerto-vallarta-como-parte-de-su-ampliacion-mundial\/","url":"https:\/\/nitu.mx\/index.php\/2026\/01\/28\/air-canada-volara-de-calgary-a-cancun-y-puerto-vallarta-como-parte-de-su-ampliacion-mundial\/","name":"Air Canada volar\u00e1 de Calgary a Canc\u00fan y Puerto Vallarta como parte de su ampliaci\u00f3n mundial - Nitu - Noticias de la Industria Turistica","isPartOf":{"@id":"https:\/\/nitu.mx\/#website"},"primaryImageOfPage":{"@id":"https:\/\/nitu.mx\/index.php\/2026\/01\/28\/air-canada-volara-de-calgary-a-cancun-y-puerto-vallarta-como-parte-de-su-ampliacion-mundial\/#primaryimage"},"image":{"@id":"https:\/\/nitu.mx\/index.php\/2026\/01\/28\/air-canada-volara-de-calgary-a-cancun-y-puerto-vallarta-como-parte-de-su-ampliacion-mundial\/#primaryimage"},"thumbnailUrl":"https:\/\/nitu.mx\/wp-content\/uploads\/2020\/01\/Air-Canada-737-MAX.jpg","datePublished":"2026-01-29T03:26:38+00:00","dateModified":"2026-01-29T03:26:38+00:00","breadcrumb":{"@id":"https:\/\/nitu.mx\/index.php\/2026\/01\/28\/air-canada-volara-de-calgary-a-cancun-y-puerto-vallarta-como-parte-de-su-ampliacion-mundial\/#breadcrumb"},"inLanguage":"es-MX","potentialAction":[{"@type":"ReadAction","target":["https:\/\/nitu.mx\/index.php\/2026\/01\/28\/air-canada-volara-de-calgary-a-cancun-y-puerto-vallarta-como-parte-de-su-ampliacion-mundial\/"]}]},{"@type":"ImageObject","inLanguage":"es-MX","@id":"https:\/\/nitu.mx\/index.php\/2026\/01\/28\/air-canada-volara-de-calgary-a-cancun-y-puerto-vallarta-como-parte-de-su-ampliacion-mundial\/#primaryimage","url":"https:\/\/nitu.mx\/wp-content\/uploads\/2020\/01\/Air-Canada-737-MAX.jpg","contentUrl":"https:\/\/nitu.mx\/wp-content\/uploads\/2020\/01\/Air-Canada-737-MAX.jpg","width":850,"height":480,"caption":"Air Canada 737 MAX"},{"@type":"BreadcrumbList","@id":"https:\/\/nitu.mx\/index.php\/2026\/01\/28\/air-canada-volara-de-calgary-a-cancun-y-puerto-vallarta-como-parte-de-su-ampliacion-mundial\/#breadcrumb","itemListElement":[{"@type":"ListItem","position":1,"name":"Inicio","item":"https:\/\/nitu.mx\/"},{"@type":"ListItem","position":2,"name":"Air Canada volar\u00e1 de Calgary a Canc\u00fan y Puerto Vallarta como parte de su ampliaci\u00f3n mundial"}]},{"@type":"WebSite","@id":"https:\/\/nitu.mx\/#website","url":"https:\/\/nitu.mx\/","name":"Nitu - Noticias de la Industria Turistica","description":"Noticias de la Industria Turistica","publisher":{"@id":"https:\/\/nitu.mx\/#\/schema\/person\/ae7a53426417292d3dd07b45a33e01bc"},"alternateName":"Noticias de la Industria Turistica","potentialAction":[{"@type":"SearchAction","target":{"@type":"EntryPoint","urlTemplate":"https:\/\/nitu.mx\/?s={search_term_string}"},"query-input":"required name=search_term_string"}],"inLanguage":"es-MX"},{"@type":["Person","Organization"],"@id":"https:\/\/nitu.mx\/#\/schema\/person\/ae7a53426417292d3dd07b45a33e01bc","name":"Arturo Medina","image":{"@type":"ImageObject","inLanguage":"es-MX","@id":"https:\/\/nitu.mx\/#\/schema\/person\/image\/","url":"https:\/\/nitu.mx\/wp-content\/uploads\/2024\/04\/4A315622-1904-4D5C-B022-878CDC840E04-90x90-1.jpeg","contentUrl":"https:\/\/nitu.mx\/wp-content\/uploads\/2024\/04\/4A315622-1904-4D5C-B022-878CDC840E04-90x90-1.jpeg","width":90,"height":90,"caption":"Arturo Medina"},"logo":{"@id":"https:\/\/nitu.mx\/#\/schema\/person\/image\/"},"description":"Director NITU.mx, Egresado de la Escuela de Periodismo Carlos Septi\u00e9n Garc\u00eda. Periodista y analista especializado en turismo desde hace 35 a\u00f1os, radicado en Canc\u00fan Q.Roo. arturo@nitu.mx","sameAs":["https:\/\/nitu.mx","https:\/\/www.facebook.com\/NITUmx\/","medinacancun","https:\/\/twitter.com\/@Arturo_Medina_G"]},{"@type":"Person","@id":"https:\/\/nitu.mx\/#\/schema\/person\/4a28fe9bd65924f7c90623773daf1b0b","name":"Redacci\u00f3n","image":{"@type":"ImageObject","inLanguage":"es-MX","@id":"https:\/\/nitu.mx\/#\/schema\/person\/image\/","url":"https:\/\/secure.gravatar.com\/avatar\/5dd011c8ccfc5cd7e4c81e42252aab38?s=96&d=mm&r=g","contentUrl":"https:\/\/secure.gravatar.com\/avatar\/5dd011c8ccfc5cd7e4c81e42252aab38?s=96&d=mm&r=g","caption":"Redacci\u00f3n"},"url":"https:\/\/nitu.mx\/index.php\/author\/redaccion\/"}]}},"views":476,"_links":{"self":[{"href":"https:\/\/nitu.mx\/index.php\/wp-json\/wp\/v2\/posts\/85909"}],"collection":[{"href":"https:\/\/nitu.mx\/index.php\/wp-json\/wp\/v2\/posts"}],"about":[{"href":"https:\/\/nitu.mx\/index.php\/wp-json\/wp\/v2\/types\/post"}],"author":[{"embeddable":true,"href":"https:\/\/nitu.mx\/index.php\/wp-json\/wp\/v2\/users\/17"}],"replies":[{"embeddable":true,"href":"https:\/\/nitu.mx\/index.php\/wp-json\/wp\/v2\/comments?post=85909"}],"version-history":[{"count":1,"href":"https:\/\/nitu.mx\/index.php\/wp-json\/wp\/v2\/posts\/85909\/revisions"}],"predecessor-version":[{"id":85912,"href":"https:\/\/nitu.mx\/index.php\/wp-json\/wp\/v2\/posts\/85909\/revisions\/85912"}],"wp:featuredmedia":[{"embeddable":true,"href":"https:\/\/nitu.mx\/index.php\/wp-json\/wp\/v2\/media\/39320"}],"wp:attachment":[{"href":"https:\/\/nitu.mx\/index.php\/wp-json\/wp\/v2\/media?parent=85909"}],"wp:term":[{"taxonomy":"category","embeddable":true,"href":"https:\/\/nitu.mx\/index.php\/wp-json\/wp\/v2\/categories?post=85909"},{"taxonomy":"post_tag","embeddable":true,"href":"https:\/\/nitu.mx\/index.php\/wp-json\/wp\/v2\/tags?post=85909"}],"curies":[{"name":"wp","href":"https:\/\/api.w.org\/{rel}","templated":true}]}}