{"id":85897,"date":"2026-01-28T21:12:58","date_gmt":"2026-01-29T03:12:58","guid":{"rendered":"https:\/\/nitu.mx\/?p=85897"},"modified":"2026-01-28T21:12:58","modified_gmt":"2026-01-29T03:12:58","slug":"viva-anuncia-nuevas-rutas-a-san-luis-potosi-desde-el-aifa-y-monterrey","status":"publish","type":"post","link":"https:\/\/nitu.mx\/index.php\/2026\/01\/28\/viva-anuncia-nuevas-rutas-a-san-luis-potosi-desde-el-aifa-y-monterrey\/","title":{"rendered":"Viva anuncia nuevas rutas a San Luis Potos\u00ed desde el AIFA y Monterrey"},"content":{"rendered":"\n<p>Viva anunci\u00f3 su llegada a San Luis Potos\u00ed con dos nuevas rutas que conectar\u00e1n a su ciudad capital con el Aeropuerto Internacional Felipe \u00c1ngeles (AIFA) y con Monterrey. Con estas rutas, Viva estar\u00e1 fortaleciendo ampliamente la conectividad a\u00e9rea en San Luis Potos\u00ed para impulsar el turismo y desarrollo econ\u00f3mico en el estado, mejorando la calidad de vida para sus habitantes y abri\u00e9ndoles nuevas oportunidades para vacacionar, visitar a sus familiares o aprovechar oportunidades de negocios.<\/p>\n\n\n\n<p>\u201cNuestro estado tiene mucho potencial para convertirse en uno de los puntos tur\u00edsticos m\u00e1s visitados del centro de M\u00e9xico, gracias a nuestra incre\u00edble riqueza cultural y natural. Estas nuevas rutas y la conectividad que traer\u00e1n consigo servir\u00e1n para nutrir este potencial e impulsar a San Luis Potos\u00ed a un nivel m\u00e1s alto\u201d, dijo Ricardo Gallardo Cardona, Gobernador de San Luis Potos\u00ed.<\/p>\n\n\n\n<p>Con el anuncio de estas rutas, y el trabajo en equipo, se mejorar\u00e1 la calidad de vida en San Luis Potos\u00ed, facilitando mayores oportunidades para viajar a los habitantes de la ciudad y su zona metropolitana. Adem\u00e1s, la ruta ayudar\u00e1 a atraer m\u00e1s turistas al estado, quienes podr\u00e1n disfrutar de la cultura en su ciudad capital, as\u00ed como de sus pueblos m\u00e1gicos como Real de Catorce y Xilitla, entre muchos m\u00e1s. <\/p>\n\n\n\n<p>\u201cLa conectividad es esencial para el desarrollo y crecimiento de San Luis Potos\u00ed. Estas nuevas rutas de Viva traer\u00e1n consigo un gran impulso a la econom\u00eda de nuestro estado, ayudando a generar empleos y a posicionar a San Luis Potos\u00ed como uno de los grandes destinos tur\u00edsticos del centro del pa\u00eds\u201d, coment\u00f3 Jes\u00fas Salvador Gonz\u00e1lez Mart\u00ednez, titular de la Secretar\u00eda de Desarrollo Econ\u00f3mico de San Luis Potos\u00ed.<\/p>\n\n\n\n<p>La ruta al AIFA comenzar\u00e1 a operar este pr\u00f3ximo 23 de marzo y contar\u00e1 con una frecuencia al d\u00eda, facilitando ampliamente la conectividad entre San Luis Potos\u00ed y el Valle de M\u00e9xico. Desde el AIFA, los potosinos podr\u00e1n conectar con las m\u00e1s de 35 rutas nacionales e internacionales que Viva ofrece desde este nuevo aeropuerto capitalino. Entre estos se encuentran populares destinos tur\u00edsticos e importantes ciudades como Bogot\u00e1, Canc\u00fan, Puerto Vallarta, Acapulco, Los Cabos y Guadalajara.<\/p>\n\n\n\n<p>\u201cSeguimos apostando por el crecimiento del Aeropuerto Internacional de San Luis Potos\u00ed con cada vez m\u00e1s vuelos comerciales. Esta nueva conexi\u00f3n ser\u00e1 clave para continuar impulsando el desarrollo y la conectividad en la zona\u201d, coment\u00f3 Ricardo Due\u00f1as, Director General de Grupo OMA.<\/p>\n\n\n\n<p>Mientras tanto, la ruta a Monterrey comenzar\u00e1 el pr\u00f3ximo 30 de junio, justo a tiempo para la temporada de vacaciones de verano. La ruta contar\u00e1 con tres frecuencias semanales los martes, jueves y domingos. Desde Monterrey, la casa de Viva, los pasajeros potosinos podr\u00edan conectar con m\u00e1s de 45 rutas nacionales e internacionales como Nueva York, Miami, Orlando, Los \u00c1ngeles, Chicago, Houston, San Francisco y muchos m\u00e1s. <\/p>\n\n\n\n<p>\u201cQueremos que volar sea f\u00e1cil y accesible para todos los mexicanos, por eso estamos haciendo un gran esfuerzo para llegar a nuevas ciudades y ampliar sus redes de conectividad. Con el boleto m\u00e1s flex-S\u00cd-ble del mercado y la flota m\u00e1s moderna de M\u00e9xico, estamos listos para llegar a mejorar la vida de miles de potosinos que ahora podr\u00e1n conectar con nuestra gran oferta de destinos desde el<br>nuevo Aeropuerto de la Ciudad de M\u00e9xico y desde nuestra casa en Monterrey\u201d, agreg\u00f3 Juan Carlos Zuazua, Director General\/ Chief Executive Officer de Grupo Viva Aerobus.<\/p>\n\n\n<div class=\"wp-block-image\">\n<figure class=\"aligncenter size-full\"><img decoding=\"async\" loading=\"lazy\" width=\"626\" height=\"264\" src=\"https:\/\/nitu.mx\/wp-content\/uploads\/2026\/01\/image-2.png\" alt=\"\" class=\"wp-image-85901\" srcset=\"https:\/\/nitu.mx\/wp-content\/uploads\/2026\/01\/image-2.png 626w, https:\/\/nitu.mx\/wp-content\/uploads\/2026\/01\/image-2-300x127.png 300w\" sizes=\"(max-width: 626px) 100vw, 626px\" \/><\/figure><\/div>\n\n\n<p>Viva recuerda a sus pasajeros que viajan a bordo de la flota m\u00e1s joven de M\u00e9xico, compuesta por 104 aviones A320 y A321. Al volar con Viva, los pasajeros pueden aprovechar los beneficios que les otorga Doters, el programa de lealtad m\u00e1s generoso de M\u00e9xico que ya suma m\u00e1s de 10 millones de socios. <\/p>\n\n\n\n<p>Con Doters, cada viaje acumula Puntos Doters, los cuales se podr\u00e1n intercambiar por beneficios adicionales para su vuelo o recompensas con Viva y sus aliados. Los pasajeros de Viva disfrutan tambi\u00e9n de los beneficios de la flex-S\u00cd-bilidad, gracias a los 12 superpoderes que la aerol\u00ednea ofrece en su boleto de avi\u00f3n, los cuales lo convierten en el m\u00e1s poderoso de la industria a\u00e9rea mexicana. Con esto, Viva se consolida como la aerol\u00ednea del S\u00cd, dici\u00e9ndole que S\u00cd a los pasajeros que quieren cambiar o corregir el nombre en su boleto, cambiar la ruta, el d\u00eda o el horario de su vuelo, transferir su boleto a otra persona, comprar boletos en vuelos llenos y mucho m\u00e1s. (<a href=\"https:\/\/nitu.mx\/index.php\/2026\/01\/27\/viva-e-iberia-amplian-alianza-y-facilitan-vuelos-entre-mexico-y-europa\/\">Viva e Iberia ampl\u00edan alianza y facilitan vuelos entre M\u00e9xico y Europa<\/a>).<\/p>\n","protected":false},"excerpt":{"rendered":"<p>Viva anunci\u00f3 su llegada a San Luis Potos\u00ed con dos nuevas rutas que conectar\u00e1n a su ciudad capital con el Aeropuerto Internacional Felipe \u00c1ngeles (AIFA) y con Monterrey. Con estas rutas, Viva estar\u00e1 fortaleciendo ampliamente la conectividad a\u00e9rea en San Luis Potos\u00ed para impulsar el turismo y desarrollo econ\u00f3mico en el estado, mejorando la calidad [&hellip;]<\/p>\n","protected":false},"author":17,"featured_media":77631,"comment_status":"closed","ping_status":"closed","sticky":false,"template":"","format":"standard","meta":{"footnotes":""},"categories":[29],"tags":[21925,295,491,602,2628],"yoast_head":"<!-- This site is optimized with the Yoast SEO plugin v22.2 - https:\/\/yoast.com\/wordpress\/plugins\/seo\/ -->\n<title>Viva anuncia nuevas rutas a San Luis Potos\u00ed desde el AIFA y Monterrey - Nitu - Noticias de la Industria Turistica<\/title>\n<meta name=\"robots\" content=\"index, follow, max-snippet:-1, max-image-preview:large, max-video-preview:-1\" \/>\n<link rel=\"canonical\" href=\"https:\/\/nitu.mx\/index.php\/2026\/01\/28\/viva-anuncia-nuevas-rutas-a-san-luis-potosi-desde-el-aifa-y-monterrey\/\" \/>\n<meta name=\"twitter:card\" content=\"summary_large_image\" \/>\n<meta name=\"twitter:title\" content=\"Viva anuncia nuevas rutas a San Luis Potos\u00ed desde el AIFA y Monterrey - Nitu - Noticias de la Industria Turistica\" \/>\n<meta name=\"twitter:description\" content=\"Viva anunci\u00f3 su llegada a San Luis Potos\u00ed con dos nuevas rutas que conectar\u00e1n a su ciudad capital con el Aeropuerto Internacional Felipe \u00c1ngeles (AIFA) y con Monterrey. Con estas rutas, Viva estar\u00e1 fortaleciendo ampliamente la conectividad a\u00e9rea en San Luis Potos\u00ed para impulsar el turismo y desarrollo econ\u00f3mico en el estado, mejorando la calidad [&hellip;]\" \/>\n<meta name=\"twitter:image\" content=\"https:\/\/nitu.mx\/wp-content\/uploads\/2024\/12\/Viva-Avion.jpg\" \/>\n<meta name=\"twitter:creator\" content=\"@NITUmx\" \/>\n<meta name=\"twitter:site\" content=\"@Arturo_Medina_G\" \/>\n<meta name=\"twitter:label1\" content=\"Escrito por\" \/>\n\t<meta name=\"twitter:data1\" content=\"Redacci\u00f3n\" \/>\n\t<meta name=\"twitter:label2\" content=\"Tiempo de lectura\" \/>\n\t<meta name=\"twitter:data2\" content=\"4 minutos\" \/>\n<script type=\"application\/ld+json\" class=\"yoast-schema-graph\">{\"@context\":\"https:\/\/schema.org\",\"@graph\":[{\"@type\":\"Article\",\"@id\":\"https:\/\/nitu.mx\/index.php\/2026\/01\/28\/viva-anuncia-nuevas-rutas-a-san-luis-potosi-desde-el-aifa-y-monterrey\/#article\",\"isPartOf\":{\"@id\":\"https:\/\/nitu.mx\/index.php\/2026\/01\/28\/viva-anuncia-nuevas-rutas-a-san-luis-potosi-desde-el-aifa-y-monterrey\/\"},\"author\":{\"name\":\"Redacci\u00f3n\",\"@id\":\"https:\/\/nitu.mx\/#\/schema\/person\/4a28fe9bd65924f7c90623773daf1b0b\"},\"headline\":\"Viva anuncia nuevas rutas a San Luis Potos\u00ed desde el AIFA y Monterrey\",\"datePublished\":\"2026-01-29T03:12:58+00:00\",\"dateModified\":\"2026-01-29T03:12:58+00:00\",\"mainEntityOfPage\":{\"@id\":\"https:\/\/nitu.mx\/index.php\/2026\/01\/28\/viva-anuncia-nuevas-rutas-a-san-luis-potosi-desde-el-aifa-y-monterrey\/\"},\"wordCount\":802,\"publisher\":{\"@id\":\"https:\/\/nitu.mx\/#\/schema\/person\/ae7a53426417292d3dd07b45a33e01bc\"},\"image\":{\"@id\":\"https:\/\/nitu.mx\/index.php\/2026\/01\/28\/viva-anuncia-nuevas-rutas-a-san-luis-potosi-desde-el-aifa-y-monterrey\/#primaryimage\"},\"thumbnailUrl\":\"https:\/\/nitu.mx\/wp-content\/uploads\/2024\/12\/Viva-Avion.jpg\",\"keywords\":[\"AIFA\",\"Juan Carlos Zuazua\",\"Monterrey\",\"San Luis Potos\u00ed\",\"Viva\"],\"articleSection\":[\"Aerol\u00edneas\"],\"inLanguage\":\"es-MX\"},{\"@type\":\"WebPage\",\"@id\":\"https:\/\/nitu.mx\/index.php\/2026\/01\/28\/viva-anuncia-nuevas-rutas-a-san-luis-potosi-desde-el-aifa-y-monterrey\/\",\"url\":\"https:\/\/nitu.mx\/index.php\/2026\/01\/28\/viva-anuncia-nuevas-rutas-a-san-luis-potosi-desde-el-aifa-y-monterrey\/\",\"name\":\"Viva anuncia nuevas rutas a San Luis Potos\u00ed desde el AIFA y Monterrey - Nitu - Noticias de la Industria Turistica\",\"isPartOf\":{\"@id\":\"https:\/\/nitu.mx\/#website\"},\"primaryImageOfPage\":{\"@id\":\"https:\/\/nitu.mx\/index.php\/2026\/01\/28\/viva-anuncia-nuevas-rutas-a-san-luis-potosi-desde-el-aifa-y-monterrey\/#primaryimage\"},\"image\":{\"@id\":\"https:\/\/nitu.mx\/index.php\/2026\/01\/28\/viva-anuncia-nuevas-rutas-a-san-luis-potosi-desde-el-aifa-y-monterrey\/#primaryimage\"},\"thumbnailUrl\":\"https:\/\/nitu.mx\/wp-content\/uploads\/2024\/12\/Viva-Avion.jpg\",\"datePublished\":\"2026-01-29T03:12:58+00:00\",\"dateModified\":\"2026-01-29T03:12:58+00:00\",\"breadcrumb\":{\"@id\":\"https:\/\/nitu.mx\/index.php\/2026\/01\/28\/viva-anuncia-nuevas-rutas-a-san-luis-potosi-desde-el-aifa-y-monterrey\/#breadcrumb\"},\"inLanguage\":\"es-MX\",\"potentialAction\":[{\"@type\":\"ReadAction\",\"target\":[\"https:\/\/nitu.mx\/index.php\/2026\/01\/28\/viva-anuncia-nuevas-rutas-a-san-luis-potosi-desde-el-aifa-y-monterrey\/\"]}]},{\"@type\":\"ImageObject\",\"inLanguage\":\"es-MX\",\"@id\":\"https:\/\/nitu.mx\/index.php\/2026\/01\/28\/viva-anuncia-nuevas-rutas-a-san-luis-potosi-desde-el-aifa-y-monterrey\/#primaryimage\",\"url\":\"https:\/\/nitu.mx\/wp-content\/uploads\/2024\/12\/Viva-Avion.jpg\",\"contentUrl\":\"https:\/\/nitu.mx\/wp-content\/uploads\/2024\/12\/Viva-Avion.jpg\",\"width\":1200,\"height\":675,\"caption\":\"Viva Avi\u00f3n\"},{\"@type\":\"BreadcrumbList\",\"@id\":\"https:\/\/nitu.mx\/index.php\/2026\/01\/28\/viva-anuncia-nuevas-rutas-a-san-luis-potosi-desde-el-aifa-y-monterrey\/#breadcrumb\",\"itemListElement\":[{\"@type\":\"ListItem\",\"position\":1,\"name\":\"Inicio\",\"item\":\"https:\/\/nitu.mx\/\"},{\"@type\":\"ListItem\",\"position\":2,\"name\":\"Viva anuncia nuevas rutas a San Luis Potos\u00ed desde el AIFA y Monterrey\"}]},{\"@type\":\"WebSite\",\"@id\":\"https:\/\/nitu.mx\/#website\",\"url\":\"https:\/\/nitu.mx\/\",\"name\":\"Nitu - Noticias de la Industria Turistica\",\"description\":\"Noticias de la Industria Turistica\",\"publisher\":{\"@id\":\"https:\/\/nitu.mx\/#\/schema\/person\/ae7a53426417292d3dd07b45a33e01bc\"},\"alternateName\":\"Noticias de la Industria Turistica\",\"potentialAction\":[{\"@type\":\"SearchAction\",\"target\":{\"@type\":\"EntryPoint\",\"urlTemplate\":\"https:\/\/nitu.mx\/?s={search_term_string}\"},\"query-input\":\"required name=search_term_string\"}],\"inLanguage\":\"es-MX\"},{\"@type\":[\"Person\",\"Organization\"],\"@id\":\"https:\/\/nitu.mx\/#\/schema\/person\/ae7a53426417292d3dd07b45a33e01bc\",\"name\":\"Arturo Medina\",\"image\":{\"@type\":\"ImageObject\",\"inLanguage\":\"es-MX\",\"@id\":\"https:\/\/nitu.mx\/#\/schema\/person\/image\/\",\"url\":\"https:\/\/nitu.mx\/wp-content\/uploads\/2024\/04\/4A315622-1904-4D5C-B022-878CDC840E04-90x90-1.jpeg\",\"contentUrl\":\"https:\/\/nitu.mx\/wp-content\/uploads\/2024\/04\/4A315622-1904-4D5C-B022-878CDC840E04-90x90-1.jpeg\",\"width\":90,\"height\":90,\"caption\":\"Arturo Medina\"},\"logo\":{\"@id\":\"https:\/\/nitu.mx\/#\/schema\/person\/image\/\"},\"description\":\"Director NITU.mx, Egresado de la Escuela de Periodismo Carlos Septi\u00e9n Garc\u00eda. Periodista y analista especializado en turismo desde hace 35 a\u00f1os, radicado en Canc\u00fan Q.Roo. arturo@nitu.mx\",\"sameAs\":[\"https:\/\/nitu.mx\",\"https:\/\/www.facebook.com\/NITUmx\/\",\"medinacancun\",\"https:\/\/twitter.com\/@Arturo_Medina_G\"]},{\"@type\":\"Person\",\"@id\":\"https:\/\/nitu.mx\/#\/schema\/person\/4a28fe9bd65924f7c90623773daf1b0b\",\"name\":\"Redacci\u00f3n\",\"image\":{\"@type\":\"ImageObject\",\"inLanguage\":\"es-MX\",\"@id\":\"https:\/\/nitu.mx\/#\/schema\/person\/image\/\",\"url\":\"https:\/\/secure.gravatar.com\/avatar\/5dd011c8ccfc5cd7e4c81e42252aab38?s=96&d=mm&r=g\",\"contentUrl\":\"https:\/\/secure.gravatar.com\/avatar\/5dd011c8ccfc5cd7e4c81e42252aab38?s=96&d=mm&r=g\",\"caption\":\"Redacci\u00f3n\"},\"url\":\"https:\/\/nitu.mx\/index.php\/author\/redaccion\/\"}]}<\/script>\n<!-- \/ Yoast SEO plugin. -->","yoast_head_json":{"title":"Viva anuncia nuevas rutas a San Luis Potos\u00ed desde el AIFA y Monterrey - Nitu - Noticias de la Industria Turistica","robots":{"index":"index","follow":"follow","max-snippet":"max-snippet:-1","max-image-preview":"max-image-preview:large","max-video-preview":"max-video-preview:-1"},"canonical":"https:\/\/nitu.mx\/index.php\/2026\/01\/28\/viva-anuncia-nuevas-rutas-a-san-luis-potosi-desde-el-aifa-y-monterrey\/","twitter_card":"summary_large_image","twitter_title":"Viva anuncia nuevas rutas a San Luis Potos\u00ed desde el AIFA y Monterrey - Nitu - Noticias de la Industria Turistica","twitter_description":"Viva anunci\u00f3 su llegada a San Luis Potos\u00ed con dos nuevas rutas que conectar\u00e1n a su ciudad capital con el Aeropuerto Internacional Felipe \u00c1ngeles (AIFA) y con Monterrey. Con estas rutas, Viva estar\u00e1 fortaleciendo ampliamente la conectividad a\u00e9rea en San Luis Potos\u00ed para impulsar el turismo y desarrollo econ\u00f3mico en el estado, mejorando la calidad [&hellip;]","twitter_image":"https:\/\/nitu.mx\/wp-content\/uploads\/2024\/12\/Viva-Avion.jpg","twitter_creator":"@NITUmx","twitter_site":"@Arturo_Medina_G","twitter_misc":{"Escrito por":"Redacci\u00f3n","Tiempo de lectura":"4 minutos"},"schema":{"@context":"https:\/\/schema.org","@graph":[{"@type":"Article","@id":"https:\/\/nitu.mx\/index.php\/2026\/01\/28\/viva-anuncia-nuevas-rutas-a-san-luis-potosi-desde-el-aifa-y-monterrey\/#article","isPartOf":{"@id":"https:\/\/nitu.mx\/index.php\/2026\/01\/28\/viva-anuncia-nuevas-rutas-a-san-luis-potosi-desde-el-aifa-y-monterrey\/"},"author":{"name":"Redacci\u00f3n","@id":"https:\/\/nitu.mx\/#\/schema\/person\/4a28fe9bd65924f7c90623773daf1b0b"},"headline":"Viva anuncia nuevas rutas a San Luis Potos\u00ed desde el AIFA y Monterrey","datePublished":"2026-01-29T03:12:58+00:00","dateModified":"2026-01-29T03:12:58+00:00","mainEntityOfPage":{"@id":"https:\/\/nitu.mx\/index.php\/2026\/01\/28\/viva-anuncia-nuevas-rutas-a-san-luis-potosi-desde-el-aifa-y-monterrey\/"},"wordCount":802,"publisher":{"@id":"https:\/\/nitu.mx\/#\/schema\/person\/ae7a53426417292d3dd07b45a33e01bc"},"image":{"@id":"https:\/\/nitu.mx\/index.php\/2026\/01\/28\/viva-anuncia-nuevas-rutas-a-san-luis-potosi-desde-el-aifa-y-monterrey\/#primaryimage"},"thumbnailUrl":"https:\/\/nitu.mx\/wp-content\/uploads\/2024\/12\/Viva-Avion.jpg","keywords":["AIFA","Juan Carlos Zuazua","Monterrey","San Luis Potos\u00ed","Viva"],"articleSection":["Aerol\u00edneas"],"inLanguage":"es-MX"},{"@type":"WebPage","@id":"https:\/\/nitu.mx\/index.php\/2026\/01\/28\/viva-anuncia-nuevas-rutas-a-san-luis-potosi-desde-el-aifa-y-monterrey\/","url":"https:\/\/nitu.mx\/index.php\/2026\/01\/28\/viva-anuncia-nuevas-rutas-a-san-luis-potosi-desde-el-aifa-y-monterrey\/","name":"Viva anuncia nuevas rutas a San Luis Potos\u00ed desde el AIFA y Monterrey - Nitu - Noticias de la Industria Turistica","isPartOf":{"@id":"https:\/\/nitu.mx\/#website"},"primaryImageOfPage":{"@id":"https:\/\/nitu.mx\/index.php\/2026\/01\/28\/viva-anuncia-nuevas-rutas-a-san-luis-potosi-desde-el-aifa-y-monterrey\/#primaryimage"},"image":{"@id":"https:\/\/nitu.mx\/index.php\/2026\/01\/28\/viva-anuncia-nuevas-rutas-a-san-luis-potosi-desde-el-aifa-y-monterrey\/#primaryimage"},"thumbnailUrl":"https:\/\/nitu.mx\/wp-content\/uploads\/2024\/12\/Viva-Avion.jpg","datePublished":"2026-01-29T03:12:58+00:00","dateModified":"2026-01-29T03:12:58+00:00","breadcrumb":{"@id":"https:\/\/nitu.mx\/index.php\/2026\/01\/28\/viva-anuncia-nuevas-rutas-a-san-luis-potosi-desde-el-aifa-y-monterrey\/#breadcrumb"},"inLanguage":"es-MX","potentialAction":[{"@type":"ReadAction","target":["https:\/\/nitu.mx\/index.php\/2026\/01\/28\/viva-anuncia-nuevas-rutas-a-san-luis-potosi-desde-el-aifa-y-monterrey\/"]}]},{"@type":"ImageObject","inLanguage":"es-MX","@id":"https:\/\/nitu.mx\/index.php\/2026\/01\/28\/viva-anuncia-nuevas-rutas-a-san-luis-potosi-desde-el-aifa-y-monterrey\/#primaryimage","url":"https:\/\/nitu.mx\/wp-content\/uploads\/2024\/12\/Viva-Avion.jpg","contentUrl":"https:\/\/nitu.mx\/wp-content\/uploads\/2024\/12\/Viva-Avion.jpg","width":1200,"height":675,"caption":"Viva Avi\u00f3n"},{"@type":"BreadcrumbList","@id":"https:\/\/nitu.mx\/index.php\/2026\/01\/28\/viva-anuncia-nuevas-rutas-a-san-luis-potosi-desde-el-aifa-y-monterrey\/#breadcrumb","itemListElement":[{"@type":"ListItem","position":1,"name":"Inicio","item":"https:\/\/nitu.mx\/"},{"@type":"ListItem","position":2,"name":"Viva anuncia nuevas rutas a San Luis Potos\u00ed desde el AIFA y Monterrey"}]},{"@type":"WebSite","@id":"https:\/\/nitu.mx\/#website","url":"https:\/\/nitu.mx\/","name":"Nitu - Noticias de la Industria Turistica","description":"Noticias de la Industria Turistica","publisher":{"@id":"https:\/\/nitu.mx\/#\/schema\/person\/ae7a53426417292d3dd07b45a33e01bc"},"alternateName":"Noticias de la Industria Turistica","potentialAction":[{"@type":"SearchAction","target":{"@type":"EntryPoint","urlTemplate":"https:\/\/nitu.mx\/?s={search_term_string}"},"query-input":"required name=search_term_string"}],"inLanguage":"es-MX"},{"@type":["Person","Organization"],"@id":"https:\/\/nitu.mx\/#\/schema\/person\/ae7a53426417292d3dd07b45a33e01bc","name":"Arturo Medina","image":{"@type":"ImageObject","inLanguage":"es-MX","@id":"https:\/\/nitu.mx\/#\/schema\/person\/image\/","url":"https:\/\/nitu.mx\/wp-content\/uploads\/2024\/04\/4A315622-1904-4D5C-B022-878CDC840E04-90x90-1.jpeg","contentUrl":"https:\/\/nitu.mx\/wp-content\/uploads\/2024\/04\/4A315622-1904-4D5C-B022-878CDC840E04-90x90-1.jpeg","width":90,"height":90,"caption":"Arturo Medina"},"logo":{"@id":"https:\/\/nitu.mx\/#\/schema\/person\/image\/"},"description":"Director NITU.mx, Egresado de la Escuela de Periodismo Carlos Septi\u00e9n Garc\u00eda. Periodista y analista especializado en turismo desde hace 35 a\u00f1os, radicado en Canc\u00fan Q.Roo. arturo@nitu.mx","sameAs":["https:\/\/nitu.mx","https:\/\/www.facebook.com\/NITUmx\/","medinacancun","https:\/\/twitter.com\/@Arturo_Medina_G"]},{"@type":"Person","@id":"https:\/\/nitu.mx\/#\/schema\/person\/4a28fe9bd65924f7c90623773daf1b0b","name":"Redacci\u00f3n","image":{"@type":"ImageObject","inLanguage":"es-MX","@id":"https:\/\/nitu.mx\/#\/schema\/person\/image\/","url":"https:\/\/secure.gravatar.com\/avatar\/5dd011c8ccfc5cd7e4c81e42252aab38?s=96&d=mm&r=g","contentUrl":"https:\/\/secure.gravatar.com\/avatar\/5dd011c8ccfc5cd7e4c81e42252aab38?s=96&d=mm&r=g","caption":"Redacci\u00f3n"},"url":"https:\/\/nitu.mx\/index.php\/author\/redaccion\/"}]}},"views":367,"_links":{"self":[{"href":"https:\/\/nitu.mx\/index.php\/wp-json\/wp\/v2\/posts\/85897"}],"collection":[{"href":"https:\/\/nitu.mx\/index.php\/wp-json\/wp\/v2\/posts"}],"about":[{"href":"https:\/\/nitu.mx\/index.php\/wp-json\/wp\/v2\/types\/post"}],"author":[{"embeddable":true,"href":"https:\/\/nitu.mx\/index.php\/wp-json\/wp\/v2\/users\/17"}],"replies":[{"embeddable":true,"href":"https:\/\/nitu.mx\/index.php\/wp-json\/wp\/v2\/comments?post=85897"}],"version-history":[{"count":3,"href":"https:\/\/nitu.mx\/index.php\/wp-json\/wp\/v2\/posts\/85897\/revisions"}],"predecessor-version":[{"id":85904,"href":"https:\/\/nitu.mx\/index.php\/wp-json\/wp\/v2\/posts\/85897\/revisions\/85904"}],"wp:featuredmedia":[{"embeddable":true,"href":"https:\/\/nitu.mx\/index.php\/wp-json\/wp\/v2\/media\/77631"}],"wp:attachment":[{"href":"https:\/\/nitu.mx\/index.php\/wp-json\/wp\/v2\/media?parent=85897"}],"wp:term":[{"taxonomy":"category","embeddable":true,"href":"https:\/\/nitu.mx\/index.php\/wp-json\/wp\/v2\/categories?post=85897"},{"taxonomy":"post_tag","embeddable":true,"href":"https:\/\/nitu.mx\/index.php\/wp-json\/wp\/v2\/tags?post=85897"}],"curies":[{"name":"wp","href":"https:\/\/api.w.org\/{rel}","templated":true}]}}