{"id":85888,"date":"2026-01-28T20:55:34","date_gmt":"2026-01-29T02:55:34","guid":{"rendered":"https:\/\/nitu.mx\/?p=85888"},"modified":"2026-01-28T20:56:12","modified_gmt":"2026-01-29T02:56:12","slug":"wttc-destaca-su-activa-participacion-en-fitur-2026","status":"publish","type":"post","link":"https:\/\/nitu.mx\/index.php\/2026\/01\/28\/wttc-destaca-su-activa-participacion-en-fitur-2026\/","title":{"rendered":"WTTC destaca su activa participaci\u00f3n en FITUR 2026"},"content":{"rendered":"\n<p>El Consejo Mundial de Viajes y Turismo (WTTC, por sus siglas en ingl\u00e9s), tuvo una intensa participaci\u00f3n durante la Feria Internacional de Turismo (FITUR), que se realiz\u00f3 en la capital espa\u00f1ola entre el 21 y el 25 de enero, que permiti\u00f3 fortalecer el sector y abrir oportunidades de inversi\u00f3n.<br>\u00a0<br>Gloria Guevara Manzo, Presidenta y CEO del WTTC, tuvo el honor de ser invitada a formar parte de la comitiva oficial que acompa\u00f1\u00f3 a Sus Majestades Los Reyes de Espa\u00f1a durante la inauguraci\u00f3n oficial del encuentro, considerado el m\u00e1s importante para la industria de viajes y turismo, que reuni\u00f3 a m\u00e1s de 250,000 visitantes y m\u00e1s de 10,000 empresas de 161 naciones.<br>\u00a0<br>Adem\u00e1s, encabez\u00f3 el\u00a0<em>Executive Roundtable,\u00a0<\/em>un encuentro de alto nivel que reuni\u00f3 a l\u00edderes de toda la industria, concebido como un espacio estrat\u00e9gico de\u00a0<em>networking<\/em>\u00a0y di\u00e1logo para impulsar el desarrollo y las inversiones del sector de viajes y turismo. En este foro, los miembros del organismo, junto con invitados del sector p\u00fablico y privado, debatieron los principales desaf\u00edos y oportunidades en torno a la inversi\u00f3n estrat\u00e9gica, el impulso a la movilidad, el desarrollo de talento y el crecimiento sostenible.<br>\u00a0\u00a0<br>Entre los participantes en esta mesa de debate se encontraron H.E. Shaikha Al Nowais, Secretaria General de ONU Turismo; Jordi Hereu, Ministro de Industria y Turismo de Espa\u00f1a; Takeshi Nakano, Vicecomisionado de la Agencia de Turismo de Jap\u00f3n; Teresa Mera G\u00f3mez, Ministra de Comercio Exterior y Turismo del Per\u00fa; William Rodr\u00edguez L\u00f3pez, Ministro de Turismo de Costa Rica, y Harris Whitbeck, Ministro de Turismo de Guatemala.<br>\u00a0<br>Asimismo, participaron Frank Rainieri, Fundador y Presidente de Grupo Puntacana;\u00a0\u00a0Antonio Cos\u00edo, CEO de Grupo Brisas; Hamza Farooqui, CEO de Millat Group; Dillip Rajakarier, CEO de Minor Hotels; Pansy Ho, Presidenta Ejecutiva del Consejo y Directora General de Shun Tak Holdings Limited; Desir\u00e9e Bollier, Presidenta y Directora Global de Merchandising de The Bicester Collection; Jos\u00e9 Chapur, Presidente y Fundador de The Palace Company; Gloria Flux\u00e0, Vicepresidenta de Iberostar; Malula Prieto, Presidenta Ejecutiva de CNET, y Mara Lezama, Gobernadora de Quintana Roo.<br>\u00a0<br>Guevara Manzo tambi\u00e9n firm\u00f3 un Memor\u00e1ndum de Entendimiento con el Ministro de Industria y Turismo de Espa\u00f1a, Jordi Hereu Boher, y con el Alcalde de Madrid, Jos\u00e9 Luis Mart\u00ednez-Almeida, para formalizar el cambio de sede del WTTC a Madrid. Este acuerdo represent\u00f3 el inicio de un nuevo cap\u00edtulo para el turismo global, donde Espa\u00f1a seguir\u00e1 fortaleciendo su posici\u00f3n de liderazgo en el sector a nivel mundial.<br>\u00a0<br>En el marco de la Feria Internacional de Turismo, Guevara Manzo tuvo una activa participaci\u00f3n en distintos foros y encuentros de primer nivel. Guevara Manzo clausur\u00f3 el XII del Foro de Innovaci\u00f3n Tur\u00edstica\u00a0<em>Hotusa Explora<\/em>, junto con Amancio L\u00f3pez, Presidente de Grupo Hotusa.<br>\u00a0<br>De igual forma, tuvo una destacada participaci\u00f3n en el encuentro con integrantes de la Asociaci\u00f3n de Secretarios de Turismo de M\u00e9xico (ASETUR), con quienes comparti\u00f3 los niveles r\u00e9cord que alcanz\u00f3 el sector de viajes y turismo en el \u00faltimo a\u00f1o, as\u00ed como las oportunidades para seguir posicionando a esta industria como un motor econ\u00f3mico y social en M\u00e9xico.<br>\u00a0<br>Durante el desarrollo de FITUR, el WTTC refrend\u00f3 su papel como la voz global del sector privado de la industria de viajes y turismo. La Presidenta y CEO del WTTC tuvo encuentros de primer nivel con autoridades de Egipto, Colombia, Puerto Rico, Bolivia, Per\u00fa, Espa\u00f1a y M\u00e9xico, que en esta ocasi\u00f3n fue pa\u00eds socio en el ferial.<br>\u00a0<br>Adem\u00e1s, sostuvo reuniones con Jes\u00fas Pablo Lemus, Gobernador de Jalisco; Libia Dennise Garc\u00eda, Gobernadora de Guanajuato, y Mara Lezama, Gobernadora de Quintana Roo.<br>\u00a0<br>Desde hace m\u00e1s de tres d\u00e9cadas, el WTTC ha defendido y visibilizado la contribuci\u00f3n econ\u00f3mica y social del sector de viajes y turismo. A trav\u00e9s de investigaciones rigurosas y basadas en datos, el organismo cuantifica el impacto del sector en el PIB, el empleo y el desarrollo social, as\u00ed como en el \u00e1mbito medioambiental, contribuyendo a la formulaci\u00f3n de pol\u00edticas p\u00fablicas, al fortalecimiento de la concienciaci\u00f3n y al impulso de la colaboraci\u00f3n p\u00fablico-privada. (<a href=\"https:\/\/nitu.mx\/index.php\/2026\/01\/20\/gobernadora-de-qroo-tiene-reunion-de-alto-nivel-con-lideresas-de-onu-turismo-y-el-wttc\/\">Gobernadora de QRoo tiene reuni\u00f3n de alto nivel con lideresas de ONU Turismo y el WTTC<\/a>).<\/p>\n","protected":false},"excerpt":{"rendered":"<p>El Consejo Mundial de Viajes y Turismo (WTTC, por sus siglas en ingl\u00e9s), tuvo una intensa participaci\u00f3n durante la Feria Internacional de Turismo (FITUR), que se realiz\u00f3 en la capital espa\u00f1ola entre el 21 y el 25 de enero, que permiti\u00f3 fortalecer el sector y abrir oportunidades de inversi\u00f3n.\u00a0Gloria Guevara Manzo, Presidenta y CEO del [&hellip;]<\/p>\n","protected":false},"author":17,"featured_media":85890,"comment_status":"closed","ping_status":"closed","sticky":false,"template":"","format":"standard","meta":{"footnotes":""},"categories":[24423,12],"tags":[1118,1494,4931],"yoast_head":"<!-- This site is optimized with the Yoast SEO plugin v22.2 - https:\/\/yoast.com\/wordpress\/plugins\/seo\/ -->\n<title>WTTC destaca su activa participaci\u00f3n en FITUR 2026 - Nitu - Noticias de la Industria Turistica<\/title>\n<meta name=\"robots\" content=\"index, follow, max-snippet:-1, max-image-preview:large, max-video-preview:-1\" \/>\n<link rel=\"canonical\" href=\"https:\/\/nitu.mx\/index.php\/2026\/01\/28\/wttc-destaca-su-activa-participacion-en-fitur-2026\/\" \/>\n<meta name=\"twitter:card\" content=\"summary_large_image\" \/>\n<meta name=\"twitter:title\" content=\"WTTC destaca su activa participaci\u00f3n en FITUR 2026 - Nitu - Noticias de la Industria Turistica\" \/>\n<meta name=\"twitter:description\" content=\"El Consejo Mundial de Viajes y Turismo (WTTC, por sus siglas en ingl\u00e9s), tuvo una intensa participaci\u00f3n durante la Feria Internacional de Turismo (FITUR), que se realiz\u00f3 en la capital espa\u00f1ola entre el 21 y el 25 de enero, que permiti\u00f3 fortalecer el sector y abrir oportunidades de inversi\u00f3n.\u00a0Gloria Guevara Manzo, Presidenta y CEO del [&hellip;]\" \/>\n<meta name=\"twitter:image\" content=\"https:\/\/nitu.mx\/wp-content\/uploads\/2026\/01\/WTTC-en-FITUR.jpg\" \/>\n<meta name=\"twitter:creator\" content=\"@NITUmx\" \/>\n<meta name=\"twitter:site\" content=\"@Arturo_Medina_G\" \/>\n<meta name=\"twitter:label1\" content=\"Escrito por\" \/>\n\t<meta name=\"twitter:data1\" content=\"Redacci\u00f3n\" \/>\n\t<meta name=\"twitter:label2\" content=\"Tiempo de lectura\" \/>\n\t<meta name=\"twitter:data2\" content=\"4 minutos\" \/>\n<script type=\"application\/ld+json\" class=\"yoast-schema-graph\">{\"@context\":\"https:\/\/schema.org\",\"@graph\":[{\"@type\":\"Article\",\"@id\":\"https:\/\/nitu.mx\/index.php\/2026\/01\/28\/wttc-destaca-su-activa-participacion-en-fitur-2026\/#article\",\"isPartOf\":{\"@id\":\"https:\/\/nitu.mx\/index.php\/2026\/01\/28\/wttc-destaca-su-activa-participacion-en-fitur-2026\/\"},\"author\":{\"name\":\"Redacci\u00f3n\",\"@id\":\"https:\/\/nitu.mx\/#\/schema\/person\/4a28fe9bd65924f7c90623773daf1b0b\"},\"headline\":\"WTTC destaca su activa participaci\u00f3n en FITUR 2026\",\"datePublished\":\"2026-01-29T02:55:34+00:00\",\"dateModified\":\"2026-01-29T02:56:12+00:00\",\"mainEntityOfPage\":{\"@id\":\"https:\/\/nitu.mx\/index.php\/2026\/01\/28\/wttc-destaca-su-activa-participacion-en-fitur-2026\/\"},\"wordCount\":739,\"publisher\":{\"@id\":\"https:\/\/nitu.mx\/#\/schema\/person\/ae7a53426417292d3dd07b45a33e01bc\"},\"image\":{\"@id\":\"https:\/\/nitu.mx\/index.php\/2026\/01\/28\/wttc-destaca-su-activa-participacion-en-fitur-2026\/#primaryimage\"},\"thumbnailUrl\":\"https:\/\/nitu.mx\/wp-content\/uploads\/2026\/01\/WTTC-en-FITUR.jpg\",\"keywords\":[\"Asetur\",\"Gloria Guevara\",\"WTTC\"],\"articleSection\":[\"FITUR\",\"Marketing\"],\"inLanguage\":\"es-MX\"},{\"@type\":\"WebPage\",\"@id\":\"https:\/\/nitu.mx\/index.php\/2026\/01\/28\/wttc-destaca-su-activa-participacion-en-fitur-2026\/\",\"url\":\"https:\/\/nitu.mx\/index.php\/2026\/01\/28\/wttc-destaca-su-activa-participacion-en-fitur-2026\/\",\"name\":\"WTTC destaca su activa participaci\u00f3n en FITUR 2026 - Nitu - Noticias de la Industria Turistica\",\"isPartOf\":{\"@id\":\"https:\/\/nitu.mx\/#website\"},\"primaryImageOfPage\":{\"@id\":\"https:\/\/nitu.mx\/index.php\/2026\/01\/28\/wttc-destaca-su-activa-participacion-en-fitur-2026\/#primaryimage\"},\"image\":{\"@id\":\"https:\/\/nitu.mx\/index.php\/2026\/01\/28\/wttc-destaca-su-activa-participacion-en-fitur-2026\/#primaryimage\"},\"thumbnailUrl\":\"https:\/\/nitu.mx\/wp-content\/uploads\/2026\/01\/WTTC-en-FITUR.jpg\",\"datePublished\":\"2026-01-29T02:55:34+00:00\",\"dateModified\":\"2026-01-29T02:56:12+00:00\",\"breadcrumb\":{\"@id\":\"https:\/\/nitu.mx\/index.php\/2026\/01\/28\/wttc-destaca-su-activa-participacion-en-fitur-2026\/#breadcrumb\"},\"inLanguage\":\"es-MX\",\"potentialAction\":[{\"@type\":\"ReadAction\",\"target\":[\"https:\/\/nitu.mx\/index.php\/2026\/01\/28\/wttc-destaca-su-activa-participacion-en-fitur-2026\/\"]}]},{\"@type\":\"ImageObject\",\"inLanguage\":\"es-MX\",\"@id\":\"https:\/\/nitu.mx\/index.php\/2026\/01\/28\/wttc-destaca-su-activa-participacion-en-fitur-2026\/#primaryimage\",\"url\":\"https:\/\/nitu.mx\/wp-content\/uploads\/2026\/01\/WTTC-en-FITUR.jpg\",\"contentUrl\":\"https:\/\/nitu.mx\/wp-content\/uploads\/2026\/01\/WTTC-en-FITUR.jpg\",\"width\":1200,\"height\":675,\"caption\":\"WTTC en FITUR\"},{\"@type\":\"BreadcrumbList\",\"@id\":\"https:\/\/nitu.mx\/index.php\/2026\/01\/28\/wttc-destaca-su-activa-participacion-en-fitur-2026\/#breadcrumb\",\"itemListElement\":[{\"@type\":\"ListItem\",\"position\":1,\"name\":\"Inicio\",\"item\":\"https:\/\/nitu.mx\/\"},{\"@type\":\"ListItem\",\"position\":2,\"name\":\"WTTC destaca su activa participaci\u00f3n en FITUR 2026\"}]},{\"@type\":\"WebSite\",\"@id\":\"https:\/\/nitu.mx\/#website\",\"url\":\"https:\/\/nitu.mx\/\",\"name\":\"Nitu - Noticias de la Industria Turistica\",\"description\":\"Noticias de la Industria Turistica\",\"publisher\":{\"@id\":\"https:\/\/nitu.mx\/#\/schema\/person\/ae7a53426417292d3dd07b45a33e01bc\"},\"alternateName\":\"Noticias de la Industria Turistica\",\"potentialAction\":[{\"@type\":\"SearchAction\",\"target\":{\"@type\":\"EntryPoint\",\"urlTemplate\":\"https:\/\/nitu.mx\/?s={search_term_string}\"},\"query-input\":\"required name=search_term_string\"}],\"inLanguage\":\"es-MX\"},{\"@type\":[\"Person\",\"Organization\"],\"@id\":\"https:\/\/nitu.mx\/#\/schema\/person\/ae7a53426417292d3dd07b45a33e01bc\",\"name\":\"Arturo Medina\",\"image\":{\"@type\":\"ImageObject\",\"inLanguage\":\"es-MX\",\"@id\":\"https:\/\/nitu.mx\/#\/schema\/person\/image\/\",\"url\":\"https:\/\/nitu.mx\/wp-content\/uploads\/2024\/04\/4A315622-1904-4D5C-B022-878CDC840E04-90x90-1.jpeg\",\"contentUrl\":\"https:\/\/nitu.mx\/wp-content\/uploads\/2024\/04\/4A315622-1904-4D5C-B022-878CDC840E04-90x90-1.jpeg\",\"width\":90,\"height\":90,\"caption\":\"Arturo Medina\"},\"logo\":{\"@id\":\"https:\/\/nitu.mx\/#\/schema\/person\/image\/\"},\"description\":\"Director NITU.mx, Egresado de la Escuela de Periodismo Carlos Septi\u00e9n Garc\u00eda. Periodista y analista especializado en turismo desde hace 35 a\u00f1os, radicado en Canc\u00fan Q.Roo. arturo@nitu.mx\",\"sameAs\":[\"https:\/\/nitu.mx\",\"https:\/\/www.facebook.com\/NITUmx\/\",\"medinacancun\",\"https:\/\/twitter.com\/@Arturo_Medina_G\"]},{\"@type\":\"Person\",\"@id\":\"https:\/\/nitu.mx\/#\/schema\/person\/4a28fe9bd65924f7c90623773daf1b0b\",\"name\":\"Redacci\u00f3n\",\"image\":{\"@type\":\"ImageObject\",\"inLanguage\":\"es-MX\",\"@id\":\"https:\/\/nitu.mx\/#\/schema\/person\/image\/\",\"url\":\"https:\/\/secure.gravatar.com\/avatar\/5dd011c8ccfc5cd7e4c81e42252aab38?s=96&d=mm&r=g\",\"contentUrl\":\"https:\/\/secure.gravatar.com\/avatar\/5dd011c8ccfc5cd7e4c81e42252aab38?s=96&d=mm&r=g\",\"caption\":\"Redacci\u00f3n\"},\"url\":\"https:\/\/nitu.mx\/index.php\/author\/redaccion\/\"}]}<\/script>\n<!-- \/ Yoast SEO plugin. -->","yoast_head_json":{"title":"WTTC destaca su activa participaci\u00f3n en FITUR 2026 - Nitu - Noticias de la Industria Turistica","robots":{"index":"index","follow":"follow","max-snippet":"max-snippet:-1","max-image-preview":"max-image-preview:large","max-video-preview":"max-video-preview:-1"},"canonical":"https:\/\/nitu.mx\/index.php\/2026\/01\/28\/wttc-destaca-su-activa-participacion-en-fitur-2026\/","twitter_card":"summary_large_image","twitter_title":"WTTC destaca su activa participaci\u00f3n en FITUR 2026 - Nitu - Noticias de la Industria Turistica","twitter_description":"El Consejo Mundial de Viajes y Turismo (WTTC, por sus siglas en ingl\u00e9s), tuvo una intensa participaci\u00f3n durante la Feria Internacional de Turismo (FITUR), que se realiz\u00f3 en la capital espa\u00f1ola entre el 21 y el 25 de enero, que permiti\u00f3 fortalecer el sector y abrir oportunidades de inversi\u00f3n.\u00a0Gloria Guevara Manzo, Presidenta y CEO del [&hellip;]","twitter_image":"https:\/\/nitu.mx\/wp-content\/uploads\/2026\/01\/WTTC-en-FITUR.jpg","twitter_creator":"@NITUmx","twitter_site":"@Arturo_Medina_G","twitter_misc":{"Escrito por":"Redacci\u00f3n","Tiempo de lectura":"4 minutos"},"schema":{"@context":"https:\/\/schema.org","@graph":[{"@type":"Article","@id":"https:\/\/nitu.mx\/index.php\/2026\/01\/28\/wttc-destaca-su-activa-participacion-en-fitur-2026\/#article","isPartOf":{"@id":"https:\/\/nitu.mx\/index.php\/2026\/01\/28\/wttc-destaca-su-activa-participacion-en-fitur-2026\/"},"author":{"name":"Redacci\u00f3n","@id":"https:\/\/nitu.mx\/#\/schema\/person\/4a28fe9bd65924f7c90623773daf1b0b"},"headline":"WTTC destaca su activa participaci\u00f3n en FITUR 2026","datePublished":"2026-01-29T02:55:34+00:00","dateModified":"2026-01-29T02:56:12+00:00","mainEntityOfPage":{"@id":"https:\/\/nitu.mx\/index.php\/2026\/01\/28\/wttc-destaca-su-activa-participacion-en-fitur-2026\/"},"wordCount":739,"publisher":{"@id":"https:\/\/nitu.mx\/#\/schema\/person\/ae7a53426417292d3dd07b45a33e01bc"},"image":{"@id":"https:\/\/nitu.mx\/index.php\/2026\/01\/28\/wttc-destaca-su-activa-participacion-en-fitur-2026\/#primaryimage"},"thumbnailUrl":"https:\/\/nitu.mx\/wp-content\/uploads\/2026\/01\/WTTC-en-FITUR.jpg","keywords":["Asetur","Gloria Guevara","WTTC"],"articleSection":["FITUR","Marketing"],"inLanguage":"es-MX"},{"@type":"WebPage","@id":"https:\/\/nitu.mx\/index.php\/2026\/01\/28\/wttc-destaca-su-activa-participacion-en-fitur-2026\/","url":"https:\/\/nitu.mx\/index.php\/2026\/01\/28\/wttc-destaca-su-activa-participacion-en-fitur-2026\/","name":"WTTC destaca su activa participaci\u00f3n en FITUR 2026 - Nitu - Noticias de la Industria Turistica","isPartOf":{"@id":"https:\/\/nitu.mx\/#website"},"primaryImageOfPage":{"@id":"https:\/\/nitu.mx\/index.php\/2026\/01\/28\/wttc-destaca-su-activa-participacion-en-fitur-2026\/#primaryimage"},"image":{"@id":"https:\/\/nitu.mx\/index.php\/2026\/01\/28\/wttc-destaca-su-activa-participacion-en-fitur-2026\/#primaryimage"},"thumbnailUrl":"https:\/\/nitu.mx\/wp-content\/uploads\/2026\/01\/WTTC-en-FITUR.jpg","datePublished":"2026-01-29T02:55:34+00:00","dateModified":"2026-01-29T02:56:12+00:00","breadcrumb":{"@id":"https:\/\/nitu.mx\/index.php\/2026\/01\/28\/wttc-destaca-su-activa-participacion-en-fitur-2026\/#breadcrumb"},"inLanguage":"es-MX","potentialAction":[{"@type":"ReadAction","target":["https:\/\/nitu.mx\/index.php\/2026\/01\/28\/wttc-destaca-su-activa-participacion-en-fitur-2026\/"]}]},{"@type":"ImageObject","inLanguage":"es-MX","@id":"https:\/\/nitu.mx\/index.php\/2026\/01\/28\/wttc-destaca-su-activa-participacion-en-fitur-2026\/#primaryimage","url":"https:\/\/nitu.mx\/wp-content\/uploads\/2026\/01\/WTTC-en-FITUR.jpg","contentUrl":"https:\/\/nitu.mx\/wp-content\/uploads\/2026\/01\/WTTC-en-FITUR.jpg","width":1200,"height":675,"caption":"WTTC en FITUR"},{"@type":"BreadcrumbList","@id":"https:\/\/nitu.mx\/index.php\/2026\/01\/28\/wttc-destaca-su-activa-participacion-en-fitur-2026\/#breadcrumb","itemListElement":[{"@type":"ListItem","position":1,"name":"Inicio","item":"https:\/\/nitu.mx\/"},{"@type":"ListItem","position":2,"name":"WTTC destaca su activa participaci\u00f3n en FITUR 2026"}]},{"@type":"WebSite","@id":"https:\/\/nitu.mx\/#website","url":"https:\/\/nitu.mx\/","name":"Nitu - Noticias de la Industria Turistica","description":"Noticias de la Industria Turistica","publisher":{"@id":"https:\/\/nitu.mx\/#\/schema\/person\/ae7a53426417292d3dd07b45a33e01bc"},"alternateName":"Noticias de la Industria Turistica","potentialAction":[{"@type":"SearchAction","target":{"@type":"EntryPoint","urlTemplate":"https:\/\/nitu.mx\/?s={search_term_string}"},"query-input":"required name=search_term_string"}],"inLanguage":"es-MX"},{"@type":["Person","Organization"],"@id":"https:\/\/nitu.mx\/#\/schema\/person\/ae7a53426417292d3dd07b45a33e01bc","name":"Arturo Medina","image":{"@type":"ImageObject","inLanguage":"es-MX","@id":"https:\/\/nitu.mx\/#\/schema\/person\/image\/","url":"https:\/\/nitu.mx\/wp-content\/uploads\/2024\/04\/4A315622-1904-4D5C-B022-878CDC840E04-90x90-1.jpeg","contentUrl":"https:\/\/nitu.mx\/wp-content\/uploads\/2024\/04\/4A315622-1904-4D5C-B022-878CDC840E04-90x90-1.jpeg","width":90,"height":90,"caption":"Arturo Medina"},"logo":{"@id":"https:\/\/nitu.mx\/#\/schema\/person\/image\/"},"description":"Director NITU.mx, Egresado de la Escuela de Periodismo Carlos Septi\u00e9n Garc\u00eda. Periodista y analista especializado en turismo desde hace 35 a\u00f1os, radicado en Canc\u00fan Q.Roo. arturo@nitu.mx","sameAs":["https:\/\/nitu.mx","https:\/\/www.facebook.com\/NITUmx\/","medinacancun","https:\/\/twitter.com\/@Arturo_Medina_G"]},{"@type":"Person","@id":"https:\/\/nitu.mx\/#\/schema\/person\/4a28fe9bd65924f7c90623773daf1b0b","name":"Redacci\u00f3n","image":{"@type":"ImageObject","inLanguage":"es-MX","@id":"https:\/\/nitu.mx\/#\/schema\/person\/image\/","url":"https:\/\/secure.gravatar.com\/avatar\/5dd011c8ccfc5cd7e4c81e42252aab38?s=96&d=mm&r=g","contentUrl":"https:\/\/secure.gravatar.com\/avatar\/5dd011c8ccfc5cd7e4c81e42252aab38?s=96&d=mm&r=g","caption":"Redacci\u00f3n"},"url":"https:\/\/nitu.mx\/index.php\/author\/redaccion\/"}]}},"views":346,"_links":{"self":[{"href":"https:\/\/nitu.mx\/index.php\/wp-json\/wp\/v2\/posts\/85888"}],"collection":[{"href":"https:\/\/nitu.mx\/index.php\/wp-json\/wp\/v2\/posts"}],"about":[{"href":"https:\/\/nitu.mx\/index.php\/wp-json\/wp\/v2\/types\/post"}],"author":[{"embeddable":true,"href":"https:\/\/nitu.mx\/index.php\/wp-json\/wp\/v2\/users\/17"}],"replies":[{"embeddable":true,"href":"https:\/\/nitu.mx\/index.php\/wp-json\/wp\/v2\/comments?post=85888"}],"version-history":[{"count":2,"href":"https:\/\/nitu.mx\/index.php\/wp-json\/wp\/v2\/posts\/85888\/revisions"}],"predecessor-version":[{"id":85894,"href":"https:\/\/nitu.mx\/index.php\/wp-json\/wp\/v2\/posts\/85888\/revisions\/85894"}],"wp:featuredmedia":[{"embeddable":true,"href":"https:\/\/nitu.mx\/index.php\/wp-json\/wp\/v2\/media\/85890"}],"wp:attachment":[{"href":"https:\/\/nitu.mx\/index.php\/wp-json\/wp\/v2\/media?parent=85888"}],"wp:term":[{"taxonomy":"category","embeddable":true,"href":"https:\/\/nitu.mx\/index.php\/wp-json\/wp\/v2\/categories?post=85888"},{"taxonomy":"post_tag","embeddable":true,"href":"https:\/\/nitu.mx\/index.php\/wp-json\/wp\/v2\/tags?post=85888"}],"curies":[{"name":"wp","href":"https:\/\/api.w.org\/{rel}","templated":true}]}}