{"id":85881,"date":"2026-01-27T21:30:00","date_gmt":"2026-01-28T03:30:00","guid":{"rendered":"https:\/\/nitu.mx\/?p=85881"},"modified":"2026-01-27T19:34:29","modified_gmt":"2026-01-28T01:34:29","slug":"cnet-reafirmo-su-compromiso-con-el-turismo-mexicano-al-participar-en-fitur-2026","status":"publish","type":"post","link":"https:\/\/nitu.mx\/index.php\/2026\/01\/27\/cnet-reafirmo-su-compromiso-con-el-turismo-mexicano-al-participar-en-fitur-2026\/","title":{"rendered":"CNET reafirm\u00f3 su compromiso con el turismo mexicano al participar en FITUR 2026"},"content":{"rendered":"\n<p>Antonio Cos\u00edo Pando, presidente del Consejo Nacional Empresarial Tur\u00edstico (CNET), encabez\u00f3 una intensa agenda de trabajo en el marco de la Feria Internacional de Turismo (FITUR )2026, con el objetivo de fortalecer la competitividad de M\u00e9xico, atraer mayores inversiones y consolidar al pa\u00eds como una de las cinco potencias tur\u00edsticas a nivel mundial.<\/p>\n\n\n\n<p>A trav\u00e9s de la firma de alianzas estrat\u00e9gicas, la participaci\u00f3n en foros internacionales de alto nivel y reuniones con autoridades clave, el CNET reafirma su compromiso de elevar la calidad y la derrama econ\u00f3mica de la industria en beneficio del desarrollo nacional.<\/p>\n\n\n\n<p>Cos\u00edo Pando represent\u00f3 la visi\u00f3n empresarial de M\u00e9xico en diversos espacios de an\u00e1lisis global, como por ejemplo el Foro organizado por el CNET, BBVA y el BID \u201cTurismo e inversi\u00f3n\u201d, en el que se analiz\u00f3 el contexto de incertidumbre econ\u00f3mica y se plante\u00f3 el objetivo estrat\u00e9gico de que M\u00e9xico pase del sexto al quinto lugar en el ranking mundial de potencias tur\u00edsticas.<\/p>\n\n\n\n<p>Durante este evento, dijo que desde la \u00f3ptica empresarial, el turismo hoy puede reflejar muy r\u00e1pido lo que pasa en la econom\u00eda global. Destac\u00f3 que en Am\u00e9rica Latina y el Caribe ve recuperaci\u00f3n, pero tambi\u00e9n una competencia m\u00e1s sofisticada entre pa\u00edses por atraer mercados de mayor valor.<\/p>\n\n\n\n<p>\u201cHoy la diferencia ya no es solo promoci\u00f3n, es producto, conectividad, experiencia y confianza. Cuando hablamos de turismo como motor de desarrollo, lo p\u00fablico es determinante, como la planeaci\u00f3n, infraestructura habilitante, gobernanza del destino y reglas claras\u201d, se\u00f1al\u00f3 el presidente del CNET.<\/p>\n\n\n\n<p>A\u00f1adi\u00f3 que en el sector privado el reto es convertir oportunidades en proyectos con estructuraci\u00f3n, financiamiento, mitigaci\u00f3n de riesgos e innovaci\u00f3n.<\/p>\n\n\n\n<p>\u201cComo todos sabemos, M\u00e9xico tiene activos extraordinarios, diversidad de destinos, infraestructura hotelera, identidad, conectividad y una marca reconocida. Hoy somos una potencia tur\u00edstica, el pa\u00eds m\u00e1s visitado de Am\u00e9rica Latina y estamos en el top mundial; el objetivo es dar el siguiente paso que es llegar al lugar quinto lugar en llegada de visitantes\u201d, destac\u00f3.<\/p>\n\n\n\n<p>Cos\u00edo Pando mencion\u00f3 que para convertir ese potencial en m\u00e1s valor y m\u00e1s inversi\u00f3n, hay brechas que se tienen que cerrar, ya que lo importante es la derrama econ\u00f3mica que dejan estos turistas, y que lo que gastan d\u00eda a d\u00eda se incremente de una manera significativa.<\/p>\n\n\n<div class=\"wp-block-image\">\n<figure class=\"aligncenter size-large is-resized\"><img decoding=\"async\" loading=\"lazy\" width=\"1024\" height=\"576\" src=\"https:\/\/nitu.mx\/wp-content\/uploads\/2026\/01\/Antonio-Cosio-CNET-FITUR-2026-1024x576.jpg\" alt=\"\" class=\"wp-image-85885\" style=\"aspect-ratio:1.7777777777777777;width:728px;height:auto\" srcset=\"https:\/\/nitu.mx\/wp-content\/uploads\/2026\/01\/Antonio-Cosio-CNET-FITUR-2026-1024x576.jpg 1024w, https:\/\/nitu.mx\/wp-content\/uploads\/2026\/01\/Antonio-Cosio-CNET-FITUR-2026-300x168.jpg 300w, https:\/\/nitu.mx\/wp-content\/uploads\/2026\/01\/Antonio-Cosio-CNET-FITUR-2026-768x432.jpg 768w, https:\/\/nitu.mx\/wp-content\/uploads\/2026\/01\/Antonio-Cosio-CNET-FITUR-2026-990x557.jpg 990w, https:\/\/nitu.mx\/wp-content\/uploads\/2026\/01\/Antonio-Cosio-CNET-FITUR-2026-470x264.jpg 470w, https:\/\/nitu.mx\/wp-content\/uploads\/2026\/01\/Antonio-Cosio-CNET-FITUR-2026-640x360.jpg 640w, https:\/\/nitu.mx\/wp-content\/uploads\/2026\/01\/Antonio-Cosio-CNET-FITUR-2026-215x120.jpg 215w, https:\/\/nitu.mx\/wp-content\/uploads\/2026\/01\/Antonio-Cosio-CNET-FITUR-2026-414x232.jpg 414w, https:\/\/nitu.mx\/wp-content\/uploads\/2026\/01\/Antonio-Cosio-CNET-FITUR-2026.jpg 1200w\" sizes=\"(max-width: 1024px) 100vw, 1024px\" \/><figcaption class=\"wp-element-caption\">Antonio Cos\u00edo<\/figcaption><\/figure><\/div>\n\n\n<p>El Presidente del CNET firm\u00f3 un Convenio Marco de Colaboraci\u00f3n y Acci\u00f3n Conjunta, en el que el CNET, junto con organismos como CANIRAC, COPARMEX, SK\u00c5L M\u00e9xico, Tesoros de M\u00e9xico y AMAV, formalizaron una alianza estrat\u00e9gica sin precedentes.<\/p>\n\n\n\n<p>Este acuerdo tiene como ejes principales unidad del sector empresarial para consolidar una representaci\u00f3n unificada ante mercados nacionales e internacionales; competitividad y profesionalizaci\u00f3n para levar los est\u00e1ndares de hospitalidad y la capacitaci\u00f3n del capital humano; sostenibilidad e imagen para promover pr\u00e1cticas responsables y fortalecer la reputaci\u00f3n de M\u00e9xico como destino seguro y diverso; y agenda p\u00fablica com\u00fan para participar activamente en el dise\u00f1o de pol\u00edticas p\u00fablicas, promoci\u00f3n y gesti\u00f3n de crisis.<\/p>\n\n\n\n<p>Como testigos de honor de este acuerdo participaron la Secretaria de Turismo de M\u00e9xico, Josefina Rodr\u00edguez Zamora, y el Presidente del Consejo Coordinador Empresarial (CCE), Jos\u00e9 Medina Mora Icaza.<\/p>\n\n\n\n<p>As\u00ed mismo, Cos\u00edo Pando firm\u00f3 un Convenio de Colaboraci\u00f3n con la Secretar\u00eda de Turismo de la Ciudad de M\u00e9xico, a cargo de Alejandra Frausto, para impulsar una agenda conjunta que fortalezca la promoci\u00f3n, competitividad y desarrollo tur\u00edstico de la capital del pa\u00eds.<\/p>\n\n\n\n<p>Este acuerdo permitir\u00e1 sumar capacidades del sector p\u00fablico y privado, para atraer m\u00e1s visitantes nacionales e internacionales, aumentar la estad\u00eda y el gasto tur\u00edstico, generar empleo y consolidar a la CDMX como un destino prioritario, diverso e incluyente.<\/p>\n\n\n\n<p>Se trata de una alianza que apuesta por el turismo como motor econ\u00f3mico, social y cultural, con una visi\u00f3n sostenible y de largo plazo.<\/p>\n\n\n\n<p>El presidente del CNET particip\u00f3 en otros eventos, entre los que destacan la Mesa Redonda de la WTTC, en la que sostuvo di\u00e1logos de alto nivel con Shaikha Al Nowais, Secretaria General de la OMT, y representantes de ONU Turismo, para discutir la colaboraci\u00f3n p\u00fablico-privada entre ellos.<\/p>\n\n\n\n<p>Asisti\u00f3 a la presentaci\u00f3n del estudio realizado por la Universidad An\u00e1huac M\u00e9xico, que proyecta el futuro del sector a largo plazo Gran Visi\u00f3n 2050; y estuvo presente en la inauguraci\u00f3n del Pabell\u00f3n de M\u00e9xico, evento que cont\u00f3 con la presencia de los Reyes de Espa\u00f1a, Letizia y Felipe IV, reforzando la relevancia de la marca M\u00e9xico en el mercado europeo.<\/p>\n\n\n\n<p>Cos\u00edo particip\u00f3 en la reuni\u00f3n con el Fondo de Desarrollo de Turismo de Arabia Saudita, para explorar oportunidades de inversi\u00f3n.<\/p>\n\n\n\n<p>El CNET particip\u00f3 tambi\u00e9n en el evento Santander FITUR 2026 \u201cConexiones que inspiran el futuro del turismo\u201d, encuentro de alto nivel que reuni\u00f3 a los principales l\u00edderes del sector tur\u00edstico, empresarios y autoridades.<\/p>\n\n\n\n<p>El objetivo fue construir alianzas estrat\u00e9gicas, impulsar inversiones y trazar nuevas rutas de crecimiento para el turismo. A trav\u00e9s de una agenda de paneles tem\u00e1ticos, se abordaron asuntos clave como el clima de inversi\u00f3n en M\u00e9xico, las alianzas p\u00fablico-privadas, el modelo mexicano de desarrollo tur\u00edstico enfocado en pol\u00edticas p\u00fablicas, infraestructura y sostenibilidad, as\u00ed como el papel del f\u00fatbol como motor tur\u00edstico rumbo a 2026 y la hospitalidad como puente entre M\u00e9xico y Espa\u00f1a, cerrando con una reflexi\u00f3n sobre el inter\u00e9s y la perspectiva del sector espa\u00f1ol en M\u00e9xico. Este evento tuvo a Jos\u00e9 Chapur y Jorge Paoli, miembros del consejo consultivo del CNET como panelistas.<\/p>\n\n\n\n<p>Por su parte, Lourdes Prieto, presidenta ejecutiva del CNET, particip\u00f3 en la reuni\u00f3n Fitur Woman 2026, organizada por Woman Leading Tourism (WLT), y fue nombrada Embajadora Clave para M\u00e9xico del WLT.<\/p>\n\n\n\n<p>Dicho evento -en el que se destac\u00f3 el liderazgo femenino y el empoderamiento econ\u00f3mico-, se centr\u00f3 en la inversi\u00f3n, la igualdad y la visibilidad de las mujeres en la toma de decisiones tur\u00edsticas.<\/p>\n\n\n\n<p>Con estas acciones, el CNET, bajo el liderazgo de Antonio Cos\u00edo Pando, asegura que el sector privado tur\u00edstico trabaje de manera coordinada para enfrentar los desaf\u00edos actuales, potenciar la inversi\u00f3n y maximizar el impacto social del turismo en M\u00e9xico. (<a href=\"https:\/\/nitu.mx\/index.php\/2025\/10\/30\/turismo-en-mexico-resiste-al-entorno-de-incertidumbre-global-cnet\/\">Turismo en M\u00e9xico resiste al entorno de incertidumbre global: CNET<\/a>).<\/p>\n","protected":false},"excerpt":{"rendered":"<p>Antonio Cos\u00edo Pando, presidente del Consejo Nacional Empresarial Tur\u00edstico (CNET), encabez\u00f3 una intensa agenda de trabajo en el marco de la Feria Internacional de Turismo (FITUR )2026, con el objetivo de fortalecer la competitividad de M\u00e9xico, atraer mayores inversiones y consolidar al pa\u00eds como una de las cinco potencias tur\u00edsticas a nivel mundial. A trav\u00e9s [&hellip;]<\/p>\n","protected":false},"author":17,"featured_media":85886,"comment_status":"closed","ping_status":"closed","sticky":false,"template":"","format":"standard","meta":{"footnotes":""},"categories":[24423,12],"tags":[27792,834,27952,24717,4931],"yoast_head":"<!-- This site is optimized with the Yoast SEO plugin v22.2 - https:\/\/yoast.com\/wordpress\/plugins\/seo\/ -->\n<title>CNET reafirm\u00f3 su compromiso con el turismo mexicano al participar en FITUR 2026 - Nitu - Noticias de la Industria Turistica<\/title>\n<meta name=\"robots\" content=\"index, follow, max-snippet:-1, max-image-preview:large, max-video-preview:-1\" \/>\n<link rel=\"canonical\" href=\"https:\/\/nitu.mx\/index.php\/2026\/01\/27\/cnet-reafirmo-su-compromiso-con-el-turismo-mexicano-al-participar-en-fitur-2026\/\" \/>\n<meta name=\"twitter:card\" content=\"summary_large_image\" \/>\n<meta name=\"twitter:title\" content=\"CNET reafirm\u00f3 su compromiso con el turismo mexicano al participar en FITUR 2026 - Nitu - Noticias de la Industria Turistica\" \/>\n<meta name=\"twitter:description\" content=\"Antonio Cos\u00edo Pando, presidente del Consejo Nacional Empresarial Tur\u00edstico (CNET), encabez\u00f3 una intensa agenda de trabajo en el marco de la Feria Internacional de Turismo (FITUR )2026, con el objetivo de fortalecer la competitividad de M\u00e9xico, atraer mayores inversiones y consolidar al pa\u00eds como una de las cinco potencias tur\u00edsticas a nivel mundial. A trav\u00e9s [&hellip;]\" \/>\n<meta name=\"twitter:image\" content=\"https:\/\/nitu.mx\/wp-content\/uploads\/2026\/01\/Antonio-Cosio-en-foro-CNET-BBVA-BID-FITUR.jpg\" \/>\n<meta name=\"twitter:creator\" content=\"@NITUmx\" \/>\n<meta name=\"twitter:site\" content=\"@Arturo_Medina_G\" \/>\n<meta name=\"twitter:label1\" content=\"Escrito por\" \/>\n\t<meta name=\"twitter:data1\" content=\"Redacci\u00f3n\" \/>\n\t<meta name=\"twitter:label2\" content=\"Tiempo de lectura\" \/>\n\t<meta name=\"twitter:data2\" content=\"6 minutos\" \/>\n<script type=\"application\/ld+json\" class=\"yoast-schema-graph\">{\"@context\":\"https:\/\/schema.org\",\"@graph\":[{\"@type\":\"Article\",\"@id\":\"https:\/\/nitu.mx\/index.php\/2026\/01\/27\/cnet-reafirmo-su-compromiso-con-el-turismo-mexicano-al-participar-en-fitur-2026\/#article\",\"isPartOf\":{\"@id\":\"https:\/\/nitu.mx\/index.php\/2026\/01\/27\/cnet-reafirmo-su-compromiso-con-el-turismo-mexicano-al-participar-en-fitur-2026\/\"},\"author\":{\"name\":\"Redacci\u00f3n\",\"@id\":\"https:\/\/nitu.mx\/#\/schema\/person\/4a28fe9bd65924f7c90623773daf1b0b\"},\"headline\":\"CNET reafirm\u00f3 su compromiso con el turismo mexicano al participar en FITUR 2026\",\"datePublished\":\"2026-01-28T03:30:00+00:00\",\"dateModified\":\"2026-01-28T01:34:29+00:00\",\"mainEntityOfPage\":{\"@id\":\"https:\/\/nitu.mx\/index.php\/2026\/01\/27\/cnet-reafirmo-su-compromiso-con-el-turismo-mexicano-al-participar-en-fitur-2026\/\"},\"wordCount\":1124,\"publisher\":{\"@id\":\"https:\/\/nitu.mx\/#\/schema\/person\/ae7a53426417292d3dd07b45a33e01bc\"},\"image\":{\"@id\":\"https:\/\/nitu.mx\/index.php\/2026\/01\/27\/cnet-reafirmo-su-compromiso-con-el-turismo-mexicano-al-participar-en-fitur-2026\/#primaryimage\"},\"thumbnailUrl\":\"https:\/\/nitu.mx\/wp-content\/uploads\/2026\/01\/Antonio-Cosio-en-foro-CNET-BBVA-BID-FITUR.jpg\",\"keywords\":[\"Antonio Cos\u00edo\",\"CNET\",\"Lourdes Prieto\",\"ONU Turismo\",\"WTTC\"],\"articleSection\":[\"FITUR\",\"Marketing\"],\"inLanguage\":\"es-MX\"},{\"@type\":\"WebPage\",\"@id\":\"https:\/\/nitu.mx\/index.php\/2026\/01\/27\/cnet-reafirmo-su-compromiso-con-el-turismo-mexicano-al-participar-en-fitur-2026\/\",\"url\":\"https:\/\/nitu.mx\/index.php\/2026\/01\/27\/cnet-reafirmo-su-compromiso-con-el-turismo-mexicano-al-participar-en-fitur-2026\/\",\"name\":\"CNET reafirm\u00f3 su compromiso con el turismo mexicano al participar en FITUR 2026 - Nitu - Noticias de la Industria Turistica\",\"isPartOf\":{\"@id\":\"https:\/\/nitu.mx\/#website\"},\"primaryImageOfPage\":{\"@id\":\"https:\/\/nitu.mx\/index.php\/2026\/01\/27\/cnet-reafirmo-su-compromiso-con-el-turismo-mexicano-al-participar-en-fitur-2026\/#primaryimage\"},\"image\":{\"@id\":\"https:\/\/nitu.mx\/index.php\/2026\/01\/27\/cnet-reafirmo-su-compromiso-con-el-turismo-mexicano-al-participar-en-fitur-2026\/#primaryimage\"},\"thumbnailUrl\":\"https:\/\/nitu.mx\/wp-content\/uploads\/2026\/01\/Antonio-Cosio-en-foro-CNET-BBVA-BID-FITUR.jpg\",\"datePublished\":\"2026-01-28T03:30:00+00:00\",\"dateModified\":\"2026-01-28T01:34:29+00:00\",\"breadcrumb\":{\"@id\":\"https:\/\/nitu.mx\/index.php\/2026\/01\/27\/cnet-reafirmo-su-compromiso-con-el-turismo-mexicano-al-participar-en-fitur-2026\/#breadcrumb\"},\"inLanguage\":\"es-MX\",\"potentialAction\":[{\"@type\":\"ReadAction\",\"target\":[\"https:\/\/nitu.mx\/index.php\/2026\/01\/27\/cnet-reafirmo-su-compromiso-con-el-turismo-mexicano-al-participar-en-fitur-2026\/\"]}]},{\"@type\":\"ImageObject\",\"inLanguage\":\"es-MX\",\"@id\":\"https:\/\/nitu.mx\/index.php\/2026\/01\/27\/cnet-reafirmo-su-compromiso-con-el-turismo-mexicano-al-participar-en-fitur-2026\/#primaryimage\",\"url\":\"https:\/\/nitu.mx\/wp-content\/uploads\/2026\/01\/Antonio-Cosio-en-foro-CNET-BBVA-BID-FITUR.jpg\",\"contentUrl\":\"https:\/\/nitu.mx\/wp-content\/uploads\/2026\/01\/Antonio-Cosio-en-foro-CNET-BBVA-BID-FITUR.jpg\",\"width\":1200,\"height\":675,\"caption\":\"Antonio Cosi\u0301o en foro CNET-BBVA-BID FITUR\"},{\"@type\":\"BreadcrumbList\",\"@id\":\"https:\/\/nitu.mx\/index.php\/2026\/01\/27\/cnet-reafirmo-su-compromiso-con-el-turismo-mexicano-al-participar-en-fitur-2026\/#breadcrumb\",\"itemListElement\":[{\"@type\":\"ListItem\",\"position\":1,\"name\":\"Inicio\",\"item\":\"https:\/\/nitu.mx\/\"},{\"@type\":\"ListItem\",\"position\":2,\"name\":\"CNET reafirm\u00f3 su compromiso con el turismo mexicano al participar en FITUR 2026\"}]},{\"@type\":\"WebSite\",\"@id\":\"https:\/\/nitu.mx\/#website\",\"url\":\"https:\/\/nitu.mx\/\",\"name\":\"Nitu - Noticias de la Industria Turistica\",\"description\":\"Noticias de la Industria Turistica\",\"publisher\":{\"@id\":\"https:\/\/nitu.mx\/#\/schema\/person\/ae7a53426417292d3dd07b45a33e01bc\"},\"alternateName\":\"Noticias de la Industria Turistica\",\"potentialAction\":[{\"@type\":\"SearchAction\",\"target\":{\"@type\":\"EntryPoint\",\"urlTemplate\":\"https:\/\/nitu.mx\/?s={search_term_string}\"},\"query-input\":\"required name=search_term_string\"}],\"inLanguage\":\"es-MX\"},{\"@type\":[\"Person\",\"Organization\"],\"@id\":\"https:\/\/nitu.mx\/#\/schema\/person\/ae7a53426417292d3dd07b45a33e01bc\",\"name\":\"Arturo Medina\",\"image\":{\"@type\":\"ImageObject\",\"inLanguage\":\"es-MX\",\"@id\":\"https:\/\/nitu.mx\/#\/schema\/person\/image\/\",\"url\":\"https:\/\/nitu.mx\/wp-content\/uploads\/2024\/04\/4A315622-1904-4D5C-B022-878CDC840E04-90x90-1.jpeg\",\"contentUrl\":\"https:\/\/nitu.mx\/wp-content\/uploads\/2024\/04\/4A315622-1904-4D5C-B022-878CDC840E04-90x90-1.jpeg\",\"width\":90,\"height\":90,\"caption\":\"Arturo Medina\"},\"logo\":{\"@id\":\"https:\/\/nitu.mx\/#\/schema\/person\/image\/\"},\"description\":\"Director NITU.mx, Egresado de la Escuela de Periodismo Carlos Septi\u00e9n Garc\u00eda. Periodista y analista especializado en turismo desde hace 35 a\u00f1os, radicado en Canc\u00fan Q.Roo. arturo@nitu.mx\",\"sameAs\":[\"https:\/\/nitu.mx\",\"https:\/\/www.facebook.com\/NITUmx\/\",\"medinacancun\",\"https:\/\/twitter.com\/@Arturo_Medina_G\"]},{\"@type\":\"Person\",\"@id\":\"https:\/\/nitu.mx\/#\/schema\/person\/4a28fe9bd65924f7c90623773daf1b0b\",\"name\":\"Redacci\u00f3n\",\"image\":{\"@type\":\"ImageObject\",\"inLanguage\":\"es-MX\",\"@id\":\"https:\/\/nitu.mx\/#\/schema\/person\/image\/\",\"url\":\"https:\/\/secure.gravatar.com\/avatar\/5dd011c8ccfc5cd7e4c81e42252aab38?s=96&d=mm&r=g\",\"contentUrl\":\"https:\/\/secure.gravatar.com\/avatar\/5dd011c8ccfc5cd7e4c81e42252aab38?s=96&d=mm&r=g\",\"caption\":\"Redacci\u00f3n\"},\"url\":\"https:\/\/nitu.mx\/index.php\/author\/redaccion\/\"}]}<\/script>\n<!-- \/ Yoast SEO plugin. -->","yoast_head_json":{"title":"CNET reafirm\u00f3 su compromiso con el turismo mexicano al participar en FITUR 2026 - Nitu - Noticias de la Industria Turistica","robots":{"index":"index","follow":"follow","max-snippet":"max-snippet:-1","max-image-preview":"max-image-preview:large","max-video-preview":"max-video-preview:-1"},"canonical":"https:\/\/nitu.mx\/index.php\/2026\/01\/27\/cnet-reafirmo-su-compromiso-con-el-turismo-mexicano-al-participar-en-fitur-2026\/","twitter_card":"summary_large_image","twitter_title":"CNET reafirm\u00f3 su compromiso con el turismo mexicano al participar en FITUR 2026 - Nitu - Noticias de la Industria Turistica","twitter_description":"Antonio Cos\u00edo Pando, presidente del Consejo Nacional Empresarial Tur\u00edstico (CNET), encabez\u00f3 una intensa agenda de trabajo en el marco de la Feria Internacional de Turismo (FITUR )2026, con el objetivo de fortalecer la competitividad de M\u00e9xico, atraer mayores inversiones y consolidar al pa\u00eds como una de las cinco potencias tur\u00edsticas a nivel mundial. A trav\u00e9s [&hellip;]","twitter_image":"https:\/\/nitu.mx\/wp-content\/uploads\/2026\/01\/Antonio-Cosio-en-foro-CNET-BBVA-BID-FITUR.jpg","twitter_creator":"@NITUmx","twitter_site":"@Arturo_Medina_G","twitter_misc":{"Escrito por":"Redacci\u00f3n","Tiempo de lectura":"6 minutos"},"schema":{"@context":"https:\/\/schema.org","@graph":[{"@type":"Article","@id":"https:\/\/nitu.mx\/index.php\/2026\/01\/27\/cnet-reafirmo-su-compromiso-con-el-turismo-mexicano-al-participar-en-fitur-2026\/#article","isPartOf":{"@id":"https:\/\/nitu.mx\/index.php\/2026\/01\/27\/cnet-reafirmo-su-compromiso-con-el-turismo-mexicano-al-participar-en-fitur-2026\/"},"author":{"name":"Redacci\u00f3n","@id":"https:\/\/nitu.mx\/#\/schema\/person\/4a28fe9bd65924f7c90623773daf1b0b"},"headline":"CNET reafirm\u00f3 su compromiso con el turismo mexicano al participar en FITUR 2026","datePublished":"2026-01-28T03:30:00+00:00","dateModified":"2026-01-28T01:34:29+00:00","mainEntityOfPage":{"@id":"https:\/\/nitu.mx\/index.php\/2026\/01\/27\/cnet-reafirmo-su-compromiso-con-el-turismo-mexicano-al-participar-en-fitur-2026\/"},"wordCount":1124,"publisher":{"@id":"https:\/\/nitu.mx\/#\/schema\/person\/ae7a53426417292d3dd07b45a33e01bc"},"image":{"@id":"https:\/\/nitu.mx\/index.php\/2026\/01\/27\/cnet-reafirmo-su-compromiso-con-el-turismo-mexicano-al-participar-en-fitur-2026\/#primaryimage"},"thumbnailUrl":"https:\/\/nitu.mx\/wp-content\/uploads\/2026\/01\/Antonio-Cosio-en-foro-CNET-BBVA-BID-FITUR.jpg","keywords":["Antonio Cos\u00edo","CNET","Lourdes Prieto","ONU Turismo","WTTC"],"articleSection":["FITUR","Marketing"],"inLanguage":"es-MX"},{"@type":"WebPage","@id":"https:\/\/nitu.mx\/index.php\/2026\/01\/27\/cnet-reafirmo-su-compromiso-con-el-turismo-mexicano-al-participar-en-fitur-2026\/","url":"https:\/\/nitu.mx\/index.php\/2026\/01\/27\/cnet-reafirmo-su-compromiso-con-el-turismo-mexicano-al-participar-en-fitur-2026\/","name":"CNET reafirm\u00f3 su compromiso con el turismo mexicano al participar en FITUR 2026 - Nitu - Noticias de la Industria Turistica","isPartOf":{"@id":"https:\/\/nitu.mx\/#website"},"primaryImageOfPage":{"@id":"https:\/\/nitu.mx\/index.php\/2026\/01\/27\/cnet-reafirmo-su-compromiso-con-el-turismo-mexicano-al-participar-en-fitur-2026\/#primaryimage"},"image":{"@id":"https:\/\/nitu.mx\/index.php\/2026\/01\/27\/cnet-reafirmo-su-compromiso-con-el-turismo-mexicano-al-participar-en-fitur-2026\/#primaryimage"},"thumbnailUrl":"https:\/\/nitu.mx\/wp-content\/uploads\/2026\/01\/Antonio-Cosio-en-foro-CNET-BBVA-BID-FITUR.jpg","datePublished":"2026-01-28T03:30:00+00:00","dateModified":"2026-01-28T01:34:29+00:00","breadcrumb":{"@id":"https:\/\/nitu.mx\/index.php\/2026\/01\/27\/cnet-reafirmo-su-compromiso-con-el-turismo-mexicano-al-participar-en-fitur-2026\/#breadcrumb"},"inLanguage":"es-MX","potentialAction":[{"@type":"ReadAction","target":["https:\/\/nitu.mx\/index.php\/2026\/01\/27\/cnet-reafirmo-su-compromiso-con-el-turismo-mexicano-al-participar-en-fitur-2026\/"]}]},{"@type":"ImageObject","inLanguage":"es-MX","@id":"https:\/\/nitu.mx\/index.php\/2026\/01\/27\/cnet-reafirmo-su-compromiso-con-el-turismo-mexicano-al-participar-en-fitur-2026\/#primaryimage","url":"https:\/\/nitu.mx\/wp-content\/uploads\/2026\/01\/Antonio-Cosio-en-foro-CNET-BBVA-BID-FITUR.jpg","contentUrl":"https:\/\/nitu.mx\/wp-content\/uploads\/2026\/01\/Antonio-Cosio-en-foro-CNET-BBVA-BID-FITUR.jpg","width":1200,"height":675,"caption":"Antonio Cosi\u0301o en foro CNET-BBVA-BID FITUR"},{"@type":"BreadcrumbList","@id":"https:\/\/nitu.mx\/index.php\/2026\/01\/27\/cnet-reafirmo-su-compromiso-con-el-turismo-mexicano-al-participar-en-fitur-2026\/#breadcrumb","itemListElement":[{"@type":"ListItem","position":1,"name":"Inicio","item":"https:\/\/nitu.mx\/"},{"@type":"ListItem","position":2,"name":"CNET reafirm\u00f3 su compromiso con el turismo mexicano al participar en FITUR 2026"}]},{"@type":"WebSite","@id":"https:\/\/nitu.mx\/#website","url":"https:\/\/nitu.mx\/","name":"Nitu - Noticias de la Industria Turistica","description":"Noticias de la Industria Turistica","publisher":{"@id":"https:\/\/nitu.mx\/#\/schema\/person\/ae7a53426417292d3dd07b45a33e01bc"},"alternateName":"Noticias de la Industria Turistica","potentialAction":[{"@type":"SearchAction","target":{"@type":"EntryPoint","urlTemplate":"https:\/\/nitu.mx\/?s={search_term_string}"},"query-input":"required name=search_term_string"}],"inLanguage":"es-MX"},{"@type":["Person","Organization"],"@id":"https:\/\/nitu.mx\/#\/schema\/person\/ae7a53426417292d3dd07b45a33e01bc","name":"Arturo Medina","image":{"@type":"ImageObject","inLanguage":"es-MX","@id":"https:\/\/nitu.mx\/#\/schema\/person\/image\/","url":"https:\/\/nitu.mx\/wp-content\/uploads\/2024\/04\/4A315622-1904-4D5C-B022-878CDC840E04-90x90-1.jpeg","contentUrl":"https:\/\/nitu.mx\/wp-content\/uploads\/2024\/04\/4A315622-1904-4D5C-B022-878CDC840E04-90x90-1.jpeg","width":90,"height":90,"caption":"Arturo Medina"},"logo":{"@id":"https:\/\/nitu.mx\/#\/schema\/person\/image\/"},"description":"Director NITU.mx, Egresado de la Escuela de Periodismo Carlos Septi\u00e9n Garc\u00eda. Periodista y analista especializado en turismo desde hace 35 a\u00f1os, radicado en Canc\u00fan Q.Roo. arturo@nitu.mx","sameAs":["https:\/\/nitu.mx","https:\/\/www.facebook.com\/NITUmx\/","medinacancun","https:\/\/twitter.com\/@Arturo_Medina_G"]},{"@type":"Person","@id":"https:\/\/nitu.mx\/#\/schema\/person\/4a28fe9bd65924f7c90623773daf1b0b","name":"Redacci\u00f3n","image":{"@type":"ImageObject","inLanguage":"es-MX","@id":"https:\/\/nitu.mx\/#\/schema\/person\/image\/","url":"https:\/\/secure.gravatar.com\/avatar\/5dd011c8ccfc5cd7e4c81e42252aab38?s=96&d=mm&r=g","contentUrl":"https:\/\/secure.gravatar.com\/avatar\/5dd011c8ccfc5cd7e4c81e42252aab38?s=96&d=mm&r=g","caption":"Redacci\u00f3n"},"url":"https:\/\/nitu.mx\/index.php\/author\/redaccion\/"}]}},"views":462,"_links":{"self":[{"href":"https:\/\/nitu.mx\/index.php\/wp-json\/wp\/v2\/posts\/85881"}],"collection":[{"href":"https:\/\/nitu.mx\/index.php\/wp-json\/wp\/v2\/posts"}],"about":[{"href":"https:\/\/nitu.mx\/index.php\/wp-json\/wp\/v2\/types\/post"}],"author":[{"embeddable":true,"href":"https:\/\/nitu.mx\/index.php\/wp-json\/wp\/v2\/users\/17"}],"replies":[{"embeddable":true,"href":"https:\/\/nitu.mx\/index.php\/wp-json\/wp\/v2\/comments?post=85881"}],"version-history":[{"count":2,"href":"https:\/\/nitu.mx\/index.php\/wp-json\/wp\/v2\/posts\/85881\/revisions"}],"predecessor-version":[{"id":85887,"href":"https:\/\/nitu.mx\/index.php\/wp-json\/wp\/v2\/posts\/85881\/revisions\/85887"}],"wp:featuredmedia":[{"embeddable":true,"href":"https:\/\/nitu.mx\/index.php\/wp-json\/wp\/v2\/media\/85886"}],"wp:attachment":[{"href":"https:\/\/nitu.mx\/index.php\/wp-json\/wp\/v2\/media?parent=85881"}],"wp:term":[{"taxonomy":"category","embeddable":true,"href":"https:\/\/nitu.mx\/index.php\/wp-json\/wp\/v2\/categories?post=85881"},{"taxonomy":"post_tag","embeddable":true,"href":"https:\/\/nitu.mx\/index.php\/wp-json\/wp\/v2\/tags?post=85881"}],"curies":[{"name":"wp","href":"https:\/\/api.w.org\/{rel}","templated":true}]}}