{"id":85867,"date":"2026-01-27T20:00:00","date_gmt":"2026-01-28T02:00:00","guid":{"rendered":"https:\/\/nitu.mx\/?p=85867"},"modified":"2026-01-27T19:05:10","modified_gmt":"2026-01-28T01:05:10","slug":"viva-e-iberia-amplian-alianza-y-facilitan-vuelos-entre-mexico-y-europa","status":"publish","type":"post","link":"https:\/\/nitu.mx\/index.php\/2026\/01\/27\/viva-e-iberia-amplian-alianza-y-facilitan-vuelos-entre-mexico-y-europa\/","title":{"rendered":"Viva e Iberia ampl\u00edan alianza y facilitan vuelos entre M\u00e9xico y Europa"},"content":{"rendered":"\n<p>En el marco de su participaci\u00f3n en la Feria Internacional de Turismo (FITUR) en Madrid, directivos de Viva e Iberia se reunieron para refrendar la alianza que comenz\u00f3 hace tres a\u00f1os y medio. Directivos de ambas aerol\u00edneas firmaron un acuerdo para ampliar este c\u00f3digo compartido, facilit\u00e1ndole a los pasajeros adquirir vuelos personalizados, promociones exclusivas y tarifas diferenciadas para volar a trav\u00e9s de toda la red de Grupo Iberia con un boleto de Viva.<\/p>\n\n\n\n<p>\u201cM\u00e9xico es uno de los mercados m\u00e1s importantes para Iberia, ya que transportamos a m\u00e1s de 2,000 personas diariamente entre la Ciudad de M\u00e9xico y Madrid. Esta alianza nos permite facilitar el turismo entre Europa y Am\u00e9rica, al facilitarle a pasajeros de ambos continentes una amplia red de destinos que les permitir\u00e1n ampliar sus opciones para vacacionar y hacer negocios\u201d, coment\u00f3 Mar\u00eda Jes\u00fas L\u00f3pez Solas, directora Comercial, de Desarrollo de Red y Alianzas de Iberia. <\/p>\n\n\n\n<p>Con esta alianza, los pasajeros podr\u00e1n comprar su vuelo desde la p\u00e1gina de Viva para viajar c\u00f3modamente desde el Aeropuerto Internacional de Ciudad de M\u00e9xico (AICM) y desde Monterrey hacia Madrid, desde donde tendr\u00e1n la opci\u00f3n de conectar c\u00f3modamente con m\u00e1s de 40 destinos en Europa entre los que se incluyen los 11 de Espa\u00f1a, Alemania, Reino Unido y adem\u00e1s en Oriente Medio, Doha y Tel Aviv. <\/p>\n\n\n\n<p>Entre las novedades anunciadas est\u00e1 poder acumular Puntos Doters, y pr\u00f3ximamente utilizarlos tambi\u00e9n, en los tramos operados por Iberia. Con estos, los pasajeros podr\u00e1n aprovechar los beneficios que les otorga Doters, el programa de lealtad de Viva que ha alcanzado m\u00e1s de 10 millones de socios. Estos Puntos Doters podr\u00e1n ser intercambiados por servicios adicionales para su vuelo o recompensas con Viva y sus aliados. <\/p>\n\n\n\n<p>\u201cHoy comunicamos un nuevo avance para demostrar nuestro compromiso con Iberia y con la conectividad en M\u00e9xico. Con el fortalecimiento de esta alianza, nuestros pasajeros podr\u00e1n comprar sus boletos en Viva y no solo para volar, conocer y enamorarse de una variedad de ciudades europeas, sino que tambi\u00e9n podr\u00e1n acumular Puntos Doters para m\u00e1s tarde poder viajar a los mejores destinos tur\u00edsticos, playas y ciudades que nuestro pa\u00eds tiene para ofrecer\u201d, agreg\u00f3 Javier Su\u00e1rez, Vicepresidente de Estrategia, Planeaci\u00f3n y Alianzas de Viva. <\/p>\n\n\n\n<p>Los pasajeros de Viva vuelan a bordo de la flota m\u00e1s joven de M\u00e9xico, compuesta por 104 aviones A320 y A321. Adem\u00e1s, disfrutan de los beneficios de la flex-S\u00cd-bilidad, gracias a los 12 superpoderes que la aerol\u00ednea ofrece en su boleto de avi\u00f3n, los cuales lo convierten en el m\u00e1s poderoso de la industria a\u00e9rea mexicana. Con esto, Viva se consolida como la aerol\u00ednea del S\u00cd, dici\u00e9ndole que S\u00cd a los pasajeros que quieren cambiar o corregir el nombre en su boleto, cambiar la ruta, el d\u00eda o el horario de su vuelo, transferir su boleto a otra persona, comprar boletos en vuelos llenos y mucho m\u00e1s.<\/p>\n\n\n\n<p>Adem\u00e1s, este acuerdo incluye el incremento de frecuencias de Iberia a M\u00e9xico a partir del 2 de junio, con la apertura de un vuelo directo entre Madrid y Monterrey que operar\u00e1 con tres frecuencias semanales. Desde esta ciudad, los clientes de Iberia podr\u00e1n conectar con otros 32 nuevos destinos dentro de M\u00e9xico gracias a un nuevo acuerdo interl\u00ednea. Estos destinos se suman a los ya disponibles en conexi\u00f3n desde Ciudad de M\u00e9xico, desde donde Iberia opera actualmente tres vuelos diarios a Madrid. <a href=\"https:\/\/nitu.mx\/index.php\/2026\/01\/13\/viva-transporta-casi-30-millones-de-pasajeros-en-2025\/\">(Viva transporta casi 30 millones de pasajeros en 2025<\/a>).<\/p>\n","protected":false},"excerpt":{"rendered":"<p>En el marco de su participaci\u00f3n en la Feria Internacional de Turismo (FITUR) en Madrid, directivos de Viva e Iberia se reunieron para refrendar la alianza que comenz\u00f3 hace tres a\u00f1os y medio. Directivos de ambas aerol\u00edneas firmaron un acuerdo para ampliar este c\u00f3digo compartido, facilit\u00e1ndole a los pasajeros adquirir vuelos personalizados, promociones exclusivas y [&hellip;]<\/p>\n","protected":false},"author":17,"featured_media":85871,"comment_status":"closed","ping_status":"closed","sticky":false,"template":"","format":"standard","meta":{"footnotes":""},"categories":[29,24423],"tags":[294,3953,1304,27950,126,25339,2628],"yoast_head":"<!-- This site is optimized with the Yoast SEO plugin v22.2 - https:\/\/yoast.com\/wordpress\/plugins\/seo\/ -->\n<title>Viva e Iberia ampl\u00edan alianza y facilitan vuelos entre M\u00e9xico y Europa - Nitu - Noticias de la Industria Turistica<\/title>\n<meta name=\"robots\" content=\"index, follow, max-snippet:-1, max-image-preview:large, max-video-preview:-1\" \/>\n<link rel=\"canonical\" href=\"https:\/\/nitu.mx\/index.php\/2026\/01\/27\/viva-e-iberia-amplian-alianza-y-facilitan-vuelos-entre-mexico-y-europa\/\" \/>\n<meta name=\"twitter:card\" content=\"summary_large_image\" \/>\n<meta name=\"twitter:title\" content=\"Viva e Iberia ampl\u00edan alianza y facilitan vuelos entre M\u00e9xico y Europa - Nitu - Noticias de la Industria Turistica\" \/>\n<meta name=\"twitter:description\" content=\"En el marco de su participaci\u00f3n en la Feria Internacional de Turismo (FITUR) en Madrid, directivos de Viva e Iberia se reunieron para refrendar la alianza que comenz\u00f3 hace tres a\u00f1os y medio. Directivos de ambas aerol\u00edneas firmaron un acuerdo para ampliar este c\u00f3digo compartido, facilit\u00e1ndole a los pasajeros adquirir vuelos personalizados, promociones exclusivas y [&hellip;]\" \/>\n<meta name=\"twitter:image\" content=\"https:\/\/nitu.mx\/wp-content\/uploads\/2026\/01\/Viva-e-Iberia-alianza-FITUR.jpg\" \/>\n<meta name=\"twitter:creator\" content=\"@NITUmx\" \/>\n<meta name=\"twitter:site\" content=\"@Arturo_Medina_G\" \/>\n<meta name=\"twitter:label1\" content=\"Escrito por\" \/>\n\t<meta name=\"twitter:data1\" content=\"Redacci\u00f3n\" \/>\n\t<meta name=\"twitter:label2\" content=\"Tiempo de lectura\" \/>\n\t<meta name=\"twitter:data2\" content=\"3 minutos\" \/>\n<script type=\"application\/ld+json\" class=\"yoast-schema-graph\">{\"@context\":\"https:\/\/schema.org\",\"@graph\":[{\"@type\":\"Article\",\"@id\":\"https:\/\/nitu.mx\/index.php\/2026\/01\/27\/viva-e-iberia-amplian-alianza-y-facilitan-vuelos-entre-mexico-y-europa\/#article\",\"isPartOf\":{\"@id\":\"https:\/\/nitu.mx\/index.php\/2026\/01\/27\/viva-e-iberia-amplian-alianza-y-facilitan-vuelos-entre-mexico-y-europa\/\"},\"author\":{\"name\":\"Redacci\u00f3n\",\"@id\":\"https:\/\/nitu.mx\/#\/schema\/person\/4a28fe9bd65924f7c90623773daf1b0b\"},\"headline\":\"Viva e Iberia ampl\u00edan alianza y facilitan vuelos entre M\u00e9xico y Europa\",\"datePublished\":\"2026-01-28T02:00:00+00:00\",\"dateModified\":\"2026-01-28T01:05:10+00:00\",\"mainEntityOfPage\":{\"@id\":\"https:\/\/nitu.mx\/index.php\/2026\/01\/27\/viva-e-iberia-amplian-alianza-y-facilitan-vuelos-entre-mexico-y-europa\/\"},\"wordCount\":622,\"publisher\":{\"@id\":\"https:\/\/nitu.mx\/#\/schema\/person\/ae7a53426417292d3dd07b45a33e01bc\"},\"image\":{\"@id\":\"https:\/\/nitu.mx\/index.php\/2026\/01\/27\/viva-e-iberia-amplian-alianza-y-facilitan-vuelos-entre-mexico-y-europa\/#primaryimage\"},\"thumbnailUrl\":\"https:\/\/nitu.mx\/wp-content\/uploads\/2026\/01\/Viva-e-Iberia-alianza-FITUR.jpg\",\"keywords\":[\"AICM\",\"conectividad\",\"Iberia\",\"Javier Su\u00e1rez\",\"Madrid\",\"Mar\u00eda Jes\u00fas L\u00f3pez\",\"Viva\"],\"articleSection\":[\"Aerol\u00edneas\",\"FITUR\"],\"inLanguage\":\"es-MX\"},{\"@type\":\"WebPage\",\"@id\":\"https:\/\/nitu.mx\/index.php\/2026\/01\/27\/viva-e-iberia-amplian-alianza-y-facilitan-vuelos-entre-mexico-y-europa\/\",\"url\":\"https:\/\/nitu.mx\/index.php\/2026\/01\/27\/viva-e-iberia-amplian-alianza-y-facilitan-vuelos-entre-mexico-y-europa\/\",\"name\":\"Viva e Iberia ampl\u00edan alianza y facilitan vuelos entre M\u00e9xico y Europa - Nitu - Noticias de la Industria Turistica\",\"isPartOf\":{\"@id\":\"https:\/\/nitu.mx\/#website\"},\"primaryImageOfPage\":{\"@id\":\"https:\/\/nitu.mx\/index.php\/2026\/01\/27\/viva-e-iberia-amplian-alianza-y-facilitan-vuelos-entre-mexico-y-europa\/#primaryimage\"},\"image\":{\"@id\":\"https:\/\/nitu.mx\/index.php\/2026\/01\/27\/viva-e-iberia-amplian-alianza-y-facilitan-vuelos-entre-mexico-y-europa\/#primaryimage\"},\"thumbnailUrl\":\"https:\/\/nitu.mx\/wp-content\/uploads\/2026\/01\/Viva-e-Iberia-alianza-FITUR.jpg\",\"datePublished\":\"2026-01-28T02:00:00+00:00\",\"dateModified\":\"2026-01-28T01:05:10+00:00\",\"breadcrumb\":{\"@id\":\"https:\/\/nitu.mx\/index.php\/2026\/01\/27\/viva-e-iberia-amplian-alianza-y-facilitan-vuelos-entre-mexico-y-europa\/#breadcrumb\"},\"inLanguage\":\"es-MX\",\"potentialAction\":[{\"@type\":\"ReadAction\",\"target\":[\"https:\/\/nitu.mx\/index.php\/2026\/01\/27\/viva-e-iberia-amplian-alianza-y-facilitan-vuelos-entre-mexico-y-europa\/\"]}]},{\"@type\":\"ImageObject\",\"inLanguage\":\"es-MX\",\"@id\":\"https:\/\/nitu.mx\/index.php\/2026\/01\/27\/viva-e-iberia-amplian-alianza-y-facilitan-vuelos-entre-mexico-y-europa\/#primaryimage\",\"url\":\"https:\/\/nitu.mx\/wp-content\/uploads\/2026\/01\/Viva-e-Iberia-alianza-FITUR.jpg\",\"contentUrl\":\"https:\/\/nitu.mx\/wp-content\/uploads\/2026\/01\/Viva-e-Iberia-alianza-FITUR.jpg\",\"width\":1200,\"height\":675,\"caption\":\"Viva e Iberia alianza FITUR\"},{\"@type\":\"BreadcrumbList\",\"@id\":\"https:\/\/nitu.mx\/index.php\/2026\/01\/27\/viva-e-iberia-amplian-alianza-y-facilitan-vuelos-entre-mexico-y-europa\/#breadcrumb\",\"itemListElement\":[{\"@type\":\"ListItem\",\"position\":1,\"name\":\"Inicio\",\"item\":\"https:\/\/nitu.mx\/\"},{\"@type\":\"ListItem\",\"position\":2,\"name\":\"Viva e Iberia ampl\u00edan alianza y facilitan vuelos entre M\u00e9xico y Europa\"}]},{\"@type\":\"WebSite\",\"@id\":\"https:\/\/nitu.mx\/#website\",\"url\":\"https:\/\/nitu.mx\/\",\"name\":\"Nitu - Noticias de la Industria Turistica\",\"description\":\"Noticias de la Industria Turistica\",\"publisher\":{\"@id\":\"https:\/\/nitu.mx\/#\/schema\/person\/ae7a53426417292d3dd07b45a33e01bc\"},\"alternateName\":\"Noticias de la Industria Turistica\",\"potentialAction\":[{\"@type\":\"SearchAction\",\"target\":{\"@type\":\"EntryPoint\",\"urlTemplate\":\"https:\/\/nitu.mx\/?s={search_term_string}\"},\"query-input\":\"required name=search_term_string\"}],\"inLanguage\":\"es-MX\"},{\"@type\":[\"Person\",\"Organization\"],\"@id\":\"https:\/\/nitu.mx\/#\/schema\/person\/ae7a53426417292d3dd07b45a33e01bc\",\"name\":\"Arturo Medina\",\"image\":{\"@type\":\"ImageObject\",\"inLanguage\":\"es-MX\",\"@id\":\"https:\/\/nitu.mx\/#\/schema\/person\/image\/\",\"url\":\"https:\/\/nitu.mx\/wp-content\/uploads\/2024\/04\/4A315622-1904-4D5C-B022-878CDC840E04-90x90-1.jpeg\",\"contentUrl\":\"https:\/\/nitu.mx\/wp-content\/uploads\/2024\/04\/4A315622-1904-4D5C-B022-878CDC840E04-90x90-1.jpeg\",\"width\":90,\"height\":90,\"caption\":\"Arturo Medina\"},\"logo\":{\"@id\":\"https:\/\/nitu.mx\/#\/schema\/person\/image\/\"},\"description\":\"Director NITU.mx, Egresado de la Escuela de Periodismo Carlos Septi\u00e9n Garc\u00eda. Periodista y analista especializado en turismo desde hace 35 a\u00f1os, radicado en Canc\u00fan Q.Roo. arturo@nitu.mx\",\"sameAs\":[\"https:\/\/nitu.mx\",\"https:\/\/www.facebook.com\/NITUmx\/\",\"medinacancun\",\"https:\/\/twitter.com\/@Arturo_Medina_G\"]},{\"@type\":\"Person\",\"@id\":\"https:\/\/nitu.mx\/#\/schema\/person\/4a28fe9bd65924f7c90623773daf1b0b\",\"name\":\"Redacci\u00f3n\",\"image\":{\"@type\":\"ImageObject\",\"inLanguage\":\"es-MX\",\"@id\":\"https:\/\/nitu.mx\/#\/schema\/person\/image\/\",\"url\":\"https:\/\/secure.gravatar.com\/avatar\/5dd011c8ccfc5cd7e4c81e42252aab38?s=96&d=mm&r=g\",\"contentUrl\":\"https:\/\/secure.gravatar.com\/avatar\/5dd011c8ccfc5cd7e4c81e42252aab38?s=96&d=mm&r=g\",\"caption\":\"Redacci\u00f3n\"},\"url\":\"https:\/\/nitu.mx\/index.php\/author\/redaccion\/\"}]}<\/script>\n<!-- \/ Yoast SEO plugin. -->","yoast_head_json":{"title":"Viva e Iberia ampl\u00edan alianza y facilitan vuelos entre M\u00e9xico y Europa - Nitu - Noticias de la Industria Turistica","robots":{"index":"index","follow":"follow","max-snippet":"max-snippet:-1","max-image-preview":"max-image-preview:large","max-video-preview":"max-video-preview:-1"},"canonical":"https:\/\/nitu.mx\/index.php\/2026\/01\/27\/viva-e-iberia-amplian-alianza-y-facilitan-vuelos-entre-mexico-y-europa\/","twitter_card":"summary_large_image","twitter_title":"Viva e Iberia ampl\u00edan alianza y facilitan vuelos entre M\u00e9xico y Europa - Nitu - Noticias de la Industria Turistica","twitter_description":"En el marco de su participaci\u00f3n en la Feria Internacional de Turismo (FITUR) en Madrid, directivos de Viva e Iberia se reunieron para refrendar la alianza que comenz\u00f3 hace tres a\u00f1os y medio. Directivos de ambas aerol\u00edneas firmaron un acuerdo para ampliar este c\u00f3digo compartido, facilit\u00e1ndole a los pasajeros adquirir vuelos personalizados, promociones exclusivas y [&hellip;]","twitter_image":"https:\/\/nitu.mx\/wp-content\/uploads\/2026\/01\/Viva-e-Iberia-alianza-FITUR.jpg","twitter_creator":"@NITUmx","twitter_site":"@Arturo_Medina_G","twitter_misc":{"Escrito por":"Redacci\u00f3n","Tiempo de lectura":"3 minutos"},"schema":{"@context":"https:\/\/schema.org","@graph":[{"@type":"Article","@id":"https:\/\/nitu.mx\/index.php\/2026\/01\/27\/viva-e-iberia-amplian-alianza-y-facilitan-vuelos-entre-mexico-y-europa\/#article","isPartOf":{"@id":"https:\/\/nitu.mx\/index.php\/2026\/01\/27\/viva-e-iberia-amplian-alianza-y-facilitan-vuelos-entre-mexico-y-europa\/"},"author":{"name":"Redacci\u00f3n","@id":"https:\/\/nitu.mx\/#\/schema\/person\/4a28fe9bd65924f7c90623773daf1b0b"},"headline":"Viva e Iberia ampl\u00edan alianza y facilitan vuelos entre M\u00e9xico y Europa","datePublished":"2026-01-28T02:00:00+00:00","dateModified":"2026-01-28T01:05:10+00:00","mainEntityOfPage":{"@id":"https:\/\/nitu.mx\/index.php\/2026\/01\/27\/viva-e-iberia-amplian-alianza-y-facilitan-vuelos-entre-mexico-y-europa\/"},"wordCount":622,"publisher":{"@id":"https:\/\/nitu.mx\/#\/schema\/person\/ae7a53426417292d3dd07b45a33e01bc"},"image":{"@id":"https:\/\/nitu.mx\/index.php\/2026\/01\/27\/viva-e-iberia-amplian-alianza-y-facilitan-vuelos-entre-mexico-y-europa\/#primaryimage"},"thumbnailUrl":"https:\/\/nitu.mx\/wp-content\/uploads\/2026\/01\/Viva-e-Iberia-alianza-FITUR.jpg","keywords":["AICM","conectividad","Iberia","Javier Su\u00e1rez","Madrid","Mar\u00eda Jes\u00fas L\u00f3pez","Viva"],"articleSection":["Aerol\u00edneas","FITUR"],"inLanguage":"es-MX"},{"@type":"WebPage","@id":"https:\/\/nitu.mx\/index.php\/2026\/01\/27\/viva-e-iberia-amplian-alianza-y-facilitan-vuelos-entre-mexico-y-europa\/","url":"https:\/\/nitu.mx\/index.php\/2026\/01\/27\/viva-e-iberia-amplian-alianza-y-facilitan-vuelos-entre-mexico-y-europa\/","name":"Viva e Iberia ampl\u00edan alianza y facilitan vuelos entre M\u00e9xico y Europa - Nitu - Noticias de la Industria Turistica","isPartOf":{"@id":"https:\/\/nitu.mx\/#website"},"primaryImageOfPage":{"@id":"https:\/\/nitu.mx\/index.php\/2026\/01\/27\/viva-e-iberia-amplian-alianza-y-facilitan-vuelos-entre-mexico-y-europa\/#primaryimage"},"image":{"@id":"https:\/\/nitu.mx\/index.php\/2026\/01\/27\/viva-e-iberia-amplian-alianza-y-facilitan-vuelos-entre-mexico-y-europa\/#primaryimage"},"thumbnailUrl":"https:\/\/nitu.mx\/wp-content\/uploads\/2026\/01\/Viva-e-Iberia-alianza-FITUR.jpg","datePublished":"2026-01-28T02:00:00+00:00","dateModified":"2026-01-28T01:05:10+00:00","breadcrumb":{"@id":"https:\/\/nitu.mx\/index.php\/2026\/01\/27\/viva-e-iberia-amplian-alianza-y-facilitan-vuelos-entre-mexico-y-europa\/#breadcrumb"},"inLanguage":"es-MX","potentialAction":[{"@type":"ReadAction","target":["https:\/\/nitu.mx\/index.php\/2026\/01\/27\/viva-e-iberia-amplian-alianza-y-facilitan-vuelos-entre-mexico-y-europa\/"]}]},{"@type":"ImageObject","inLanguage":"es-MX","@id":"https:\/\/nitu.mx\/index.php\/2026\/01\/27\/viva-e-iberia-amplian-alianza-y-facilitan-vuelos-entre-mexico-y-europa\/#primaryimage","url":"https:\/\/nitu.mx\/wp-content\/uploads\/2026\/01\/Viva-e-Iberia-alianza-FITUR.jpg","contentUrl":"https:\/\/nitu.mx\/wp-content\/uploads\/2026\/01\/Viva-e-Iberia-alianza-FITUR.jpg","width":1200,"height":675,"caption":"Viva e Iberia alianza FITUR"},{"@type":"BreadcrumbList","@id":"https:\/\/nitu.mx\/index.php\/2026\/01\/27\/viva-e-iberia-amplian-alianza-y-facilitan-vuelos-entre-mexico-y-europa\/#breadcrumb","itemListElement":[{"@type":"ListItem","position":1,"name":"Inicio","item":"https:\/\/nitu.mx\/"},{"@type":"ListItem","position":2,"name":"Viva e Iberia ampl\u00edan alianza y facilitan vuelos entre M\u00e9xico y Europa"}]},{"@type":"WebSite","@id":"https:\/\/nitu.mx\/#website","url":"https:\/\/nitu.mx\/","name":"Nitu - Noticias de la Industria Turistica","description":"Noticias de la Industria Turistica","publisher":{"@id":"https:\/\/nitu.mx\/#\/schema\/person\/ae7a53426417292d3dd07b45a33e01bc"},"alternateName":"Noticias de la Industria Turistica","potentialAction":[{"@type":"SearchAction","target":{"@type":"EntryPoint","urlTemplate":"https:\/\/nitu.mx\/?s={search_term_string}"},"query-input":"required name=search_term_string"}],"inLanguage":"es-MX"},{"@type":["Person","Organization"],"@id":"https:\/\/nitu.mx\/#\/schema\/person\/ae7a53426417292d3dd07b45a33e01bc","name":"Arturo Medina","image":{"@type":"ImageObject","inLanguage":"es-MX","@id":"https:\/\/nitu.mx\/#\/schema\/person\/image\/","url":"https:\/\/nitu.mx\/wp-content\/uploads\/2024\/04\/4A315622-1904-4D5C-B022-878CDC840E04-90x90-1.jpeg","contentUrl":"https:\/\/nitu.mx\/wp-content\/uploads\/2024\/04\/4A315622-1904-4D5C-B022-878CDC840E04-90x90-1.jpeg","width":90,"height":90,"caption":"Arturo Medina"},"logo":{"@id":"https:\/\/nitu.mx\/#\/schema\/person\/image\/"},"description":"Director NITU.mx, Egresado de la Escuela de Periodismo Carlos Septi\u00e9n Garc\u00eda. Periodista y analista especializado en turismo desde hace 35 a\u00f1os, radicado en Canc\u00fan Q.Roo. arturo@nitu.mx","sameAs":["https:\/\/nitu.mx","https:\/\/www.facebook.com\/NITUmx\/","medinacancun","https:\/\/twitter.com\/@Arturo_Medina_G"]},{"@type":"Person","@id":"https:\/\/nitu.mx\/#\/schema\/person\/4a28fe9bd65924f7c90623773daf1b0b","name":"Redacci\u00f3n","image":{"@type":"ImageObject","inLanguage":"es-MX","@id":"https:\/\/nitu.mx\/#\/schema\/person\/image\/","url":"https:\/\/secure.gravatar.com\/avatar\/5dd011c8ccfc5cd7e4c81e42252aab38?s=96&d=mm&r=g","contentUrl":"https:\/\/secure.gravatar.com\/avatar\/5dd011c8ccfc5cd7e4c81e42252aab38?s=96&d=mm&r=g","caption":"Redacci\u00f3n"},"url":"https:\/\/nitu.mx\/index.php\/author\/redaccion\/"}]}},"views":329,"_links":{"self":[{"href":"https:\/\/nitu.mx\/index.php\/wp-json\/wp\/v2\/posts\/85867"}],"collection":[{"href":"https:\/\/nitu.mx\/index.php\/wp-json\/wp\/v2\/posts"}],"about":[{"href":"https:\/\/nitu.mx\/index.php\/wp-json\/wp\/v2\/types\/post"}],"author":[{"embeddable":true,"href":"https:\/\/nitu.mx\/index.php\/wp-json\/wp\/v2\/users\/17"}],"replies":[{"embeddable":true,"href":"https:\/\/nitu.mx\/index.php\/wp-json\/wp\/v2\/comments?post=85867"}],"version-history":[{"count":3,"href":"https:\/\/nitu.mx\/index.php\/wp-json\/wp\/v2\/posts\/85867\/revisions"}],"predecessor-version":[{"id":85874,"href":"https:\/\/nitu.mx\/index.php\/wp-json\/wp\/v2\/posts\/85867\/revisions\/85874"}],"wp:featuredmedia":[{"embeddable":true,"href":"https:\/\/nitu.mx\/index.php\/wp-json\/wp\/v2\/media\/85871"}],"wp:attachment":[{"href":"https:\/\/nitu.mx\/index.php\/wp-json\/wp\/v2\/media?parent=85867"}],"wp:term":[{"taxonomy":"category","embeddable":true,"href":"https:\/\/nitu.mx\/index.php\/wp-json\/wp\/v2\/categories?post=85867"},{"taxonomy":"post_tag","embeddable":true,"href":"https:\/\/nitu.mx\/index.php\/wp-json\/wp\/v2\/tags?post=85867"}],"curies":[{"name":"wp","href":"https:\/\/api.w.org\/{rel}","templated":true}]}}