{"id":85847,"date":"2026-01-26T21:02:06","date_gmt":"2026-01-27T03:02:06","guid":{"rendered":"https:\/\/nitu.mx\/?p=85847"},"modified":"2026-01-26T21:02:06","modified_gmt":"2026-01-27T03:02:06","slug":"aeromexico-reanudara-servicio-al-aeropuerto-internacional-palmerola-de-tegucigalpa","status":"publish","type":"post","link":"https:\/\/nitu.mx\/index.php\/2026\/01\/26\/aeromexico-reanudara-servicio-al-aeropuerto-internacional-palmerola-de-tegucigalpa\/","title":{"rendered":"Aerom\u00e9xico reanudar\u00e1 servicio al Aeropuerto Internacional Palmerola de Tegucigalpa"},"content":{"rendered":"\n<p>Aerom\u00e9xico anunci\u00f3 la reanudaci\u00f3n del servicio directo entre el Aeropuerto Internacional de la Ciudad de M\u00e9xico (AICM) y el Aeropuerto Internacional Palmerola (XPL), Honduras, la puerta de entrada que da servicio a Tegucigalpa y la regi\u00f3n centro-sur de dicho pa\u00eds. Esta ruta fortalecer\u00e1 la presencia de la aerol\u00ednea en Centroam\u00e9rica y ampliar\u00e1 las opciones de conectividad para los viajeros.<\/p>\n\n\n\n<p>A partir del 19 de marzo de 2026, la ruta operar\u00e1 con cuatro frecuencias semanales en aviones Embraer 190, que cuentan con Clase Premier para mejorar el confort de los pasajeros. Con este lanzamiento, Aerom\u00e9xico se convierte en la \u00fanica aerol\u00ednea que ofrece servicio directo desde M\u00e9xico hacia Tegucigalpa, reforzando su liderazgo en conectividad entre M\u00e9xico y Honduras.<\/p>\n\n\n\n<p>Los vuelos operar\u00e1n de la siguiente manera:<\/p>\n\n\n\n<figure class=\"wp-block-table\"><table><tbody><tr><td><strong>RUTA<\/strong><\/td><td><strong>SALIDA<\/strong><\/td><td><strong>LLEGADA<\/strong><\/td><td><strong>D\u00cdAS<\/strong><\/td><\/tr><tr><td><strong>CIUDAD DE M\u00c9XICO (MEX) \u2013 TEGUCIGALPA (XPL)<\/strong><\/td><td>11:30 h<\/td><td>14:05 h<\/td><td>Lunes, jueves, viernes y domingo<\/td><\/tr><tr><td><strong>TEGUCIGALPA (XPL) \u2013 CIUDAD DE M\u00c9XICO (MEX)<\/strong><\/td><td>15:05 h<\/td><td>17:40 h<\/td><td>Lunes, jueves, viernes y domingo<\/td><\/tr><\/tbody><\/table><\/figure>\n\n\n\n<p>Con la incorporaci\u00f3n de Tegucigalpa, Aerom\u00e9xico ofrecer\u00e1 ocho vuelos semanales al pa\u00eds, a trav\u00e9s de sus operaciones combinadas a esta ciudad y a San Pedro Sula (SAP). Este horario ampliado brinda mayor flexibilidad y m\u00e1s opciones de viaje tanto para pasajeros de placer como de negocios.<\/p>\n\n\n\n<p>Asimismo, la compa\u00f1\u00eda refuerza su presencia en la regi\u00f3n de Centroam\u00e9rica, donde actualmente opera a cinco ciudades adicionales: San Jos\u00e9, Costa Rica; Ciudad de Guatemala, Guatemala; Managua, Nicaragua; Ciudad de Panam\u00e1, Panam\u00e1, y San Salvador, El Salvador. Con el lanzamiento de esta ruta, la aerol\u00ednea ofrecer\u00e1 un total de 53 vuelos semanales a la regi\u00f3n y m\u00e1s de 7,000 asientos por semana en cada tramo.<\/p>\n\n\n\n<p>A trav\u00e9s de su centro de operaciones en el Aeropuerto Internacional de la Ciudad de M\u00e9xico, los clientes que viajen hacia y desde Honduras se beneficiar\u00e1n de una conectividad eficiente hacia la amplia red dom\u00e9stica e internacional de Aerom\u00e9xico, que incluye destinos en M\u00e9xico, Estados Unidos, Canad\u00e1, Europa y Asia.<\/p>\n\n\n\n<p>Los boletos ya est\u00e1n disponibles para su compra a trav\u00e9s de los canales oficiales de Aerom\u00e9xico. (<a href=\"https:\/\/nitu.mx\/index.php\/2025\/12\/11\/aeromexico-fortalece-la-conectividad-internacional-de-nuevo-leon-con-ruta-directa-monterrey-paris\/\">Aerom\u00e9xico fortalece la conectividad internacional de Nuevo Le\u00f3n con ruta directa Monterrey\u2013Par\u00eds<\/a>).<\/p>\n","protected":false},"excerpt":{"rendered":"<p>Aerom\u00e9xico anunci\u00f3 la reanudaci\u00f3n del servicio directo entre el Aeropuerto Internacional de la Ciudad de M\u00e9xico (AICM) y el Aeropuerto Internacional Palmerola (XPL), Honduras, la puerta de entrada que da servicio a Tegucigalpa y la regi\u00f3n centro-sur de dicho pa\u00eds. Esta ruta fortalecer\u00e1 la presencia de la aerol\u00ednea en Centroam\u00e9rica y ampliar\u00e1 las opciones de [&hellip;]<\/p>\n","protected":false},"author":17,"featured_media":81517,"comment_status":"closed","ping_status":"closed","sticky":false,"template":"","format":"standard","meta":{"footnotes":""},"categories":[29],"tags":[30,294,27948,1994,22747],"yoast_head":"<!-- This site is optimized with the Yoast SEO plugin v22.2 - https:\/\/yoast.com\/wordpress\/plugins\/seo\/ -->\n<title>Aerom\u00e9xico reanudar\u00e1 servicio al Aeropuerto Internacional Palmerola de Tegucigalpa - Nitu - Noticias de la Industria Turistica<\/title>\n<meta name=\"robots\" content=\"index, follow, max-snippet:-1, max-image-preview:large, max-video-preview:-1\" \/>\n<link rel=\"canonical\" href=\"https:\/\/nitu.mx\/index.php\/2026\/01\/26\/aeromexico-reanudara-servicio-al-aeropuerto-internacional-palmerola-de-tegucigalpa\/\" \/>\n<meta name=\"twitter:card\" content=\"summary_large_image\" \/>\n<meta name=\"twitter:title\" content=\"Aerom\u00e9xico reanudar\u00e1 servicio al Aeropuerto Internacional Palmerola de Tegucigalpa - Nitu - Noticias de la Industria Turistica\" \/>\n<meta name=\"twitter:description\" content=\"Aerom\u00e9xico anunci\u00f3 la reanudaci\u00f3n del servicio directo entre el Aeropuerto Internacional de la Ciudad de M\u00e9xico (AICM) y el Aeropuerto Internacional Palmerola (XPL), Honduras, la puerta de entrada que da servicio a Tegucigalpa y la regi\u00f3n centro-sur de dicho pa\u00eds. Esta ruta fortalecer\u00e1 la presencia de la aerol\u00ednea en Centroam\u00e9rica y ampliar\u00e1 las opciones de [&hellip;]\" \/>\n<meta name=\"twitter:image\" content=\"https:\/\/nitu.mx\/wp-content\/uploads\/2025\/06\/Aeromexico-Embraer-E190-001.jpg\" \/>\n<meta name=\"twitter:creator\" content=\"@NITUmx\" \/>\n<meta name=\"twitter:site\" content=\"@Arturo_Medina_G\" \/>\n<meta name=\"twitter:label1\" content=\"Escrito por\" \/>\n\t<meta name=\"twitter:data1\" content=\"Redacci\u00f3n\" \/>\n\t<meta name=\"twitter:label2\" content=\"Tiempo de lectura\" \/>\n\t<meta name=\"twitter:data2\" content=\"2 minutos\" \/>\n<script type=\"application\/ld+json\" class=\"yoast-schema-graph\">{\"@context\":\"https:\/\/schema.org\",\"@graph\":[{\"@type\":\"Article\",\"@id\":\"https:\/\/nitu.mx\/index.php\/2026\/01\/26\/aeromexico-reanudara-servicio-al-aeropuerto-internacional-palmerola-de-tegucigalpa\/#article\",\"isPartOf\":{\"@id\":\"https:\/\/nitu.mx\/index.php\/2026\/01\/26\/aeromexico-reanudara-servicio-al-aeropuerto-internacional-palmerola-de-tegucigalpa\/\"},\"author\":{\"name\":\"Redacci\u00f3n\",\"@id\":\"https:\/\/nitu.mx\/#\/schema\/person\/4a28fe9bd65924f7c90623773daf1b0b\"},\"headline\":\"Aerom\u00e9xico reanudar\u00e1 servicio al Aeropuerto Internacional Palmerola de Tegucigalpa\",\"datePublished\":\"2026-01-27T03:02:06+00:00\",\"dateModified\":\"2026-01-27T03:02:06+00:00\",\"mainEntityOfPage\":{\"@id\":\"https:\/\/nitu.mx\/index.php\/2026\/01\/26\/aeromexico-reanudara-servicio-al-aeropuerto-internacional-palmerola-de-tegucigalpa\/\"},\"wordCount\":387,\"publisher\":{\"@id\":\"https:\/\/nitu.mx\/#\/schema\/person\/ae7a53426417292d3dd07b45a33e01bc\"},\"image\":{\"@id\":\"https:\/\/nitu.mx\/index.php\/2026\/01\/26\/aeromexico-reanudara-servicio-al-aeropuerto-internacional-palmerola-de-tegucigalpa\/#primaryimage\"},\"thumbnailUrl\":\"https:\/\/nitu.mx\/wp-content\/uploads\/2025\/06\/Aeromexico-Embraer-E190-001.jpg\",\"keywords\":[\"Aerom\u00e9xico\",\"AICM\",\"Embraer 190\",\"Honduras\",\"Tegucigalpa\"],\"articleSection\":[\"Aerol\u00edneas\"],\"inLanguage\":\"es-MX\"},{\"@type\":\"WebPage\",\"@id\":\"https:\/\/nitu.mx\/index.php\/2026\/01\/26\/aeromexico-reanudara-servicio-al-aeropuerto-internacional-palmerola-de-tegucigalpa\/\",\"url\":\"https:\/\/nitu.mx\/index.php\/2026\/01\/26\/aeromexico-reanudara-servicio-al-aeropuerto-internacional-palmerola-de-tegucigalpa\/\",\"name\":\"Aerom\u00e9xico reanudar\u00e1 servicio al Aeropuerto Internacional Palmerola de Tegucigalpa - Nitu - Noticias de la Industria Turistica\",\"isPartOf\":{\"@id\":\"https:\/\/nitu.mx\/#website\"},\"primaryImageOfPage\":{\"@id\":\"https:\/\/nitu.mx\/index.php\/2026\/01\/26\/aeromexico-reanudara-servicio-al-aeropuerto-internacional-palmerola-de-tegucigalpa\/#primaryimage\"},\"image\":{\"@id\":\"https:\/\/nitu.mx\/index.php\/2026\/01\/26\/aeromexico-reanudara-servicio-al-aeropuerto-internacional-palmerola-de-tegucigalpa\/#primaryimage\"},\"thumbnailUrl\":\"https:\/\/nitu.mx\/wp-content\/uploads\/2025\/06\/Aeromexico-Embraer-E190-001.jpg\",\"datePublished\":\"2026-01-27T03:02:06+00:00\",\"dateModified\":\"2026-01-27T03:02:06+00:00\",\"breadcrumb\":{\"@id\":\"https:\/\/nitu.mx\/index.php\/2026\/01\/26\/aeromexico-reanudara-servicio-al-aeropuerto-internacional-palmerola-de-tegucigalpa\/#breadcrumb\"},\"inLanguage\":\"es-MX\",\"potentialAction\":[{\"@type\":\"ReadAction\",\"target\":[\"https:\/\/nitu.mx\/index.php\/2026\/01\/26\/aeromexico-reanudara-servicio-al-aeropuerto-internacional-palmerola-de-tegucigalpa\/\"]}]},{\"@type\":\"ImageObject\",\"inLanguage\":\"es-MX\",\"@id\":\"https:\/\/nitu.mx\/index.php\/2026\/01\/26\/aeromexico-reanudara-servicio-al-aeropuerto-internacional-palmerola-de-tegucigalpa\/#primaryimage\",\"url\":\"https:\/\/nitu.mx\/wp-content\/uploads\/2025\/06\/Aeromexico-Embraer-E190-001.jpg\",\"contentUrl\":\"https:\/\/nitu.mx\/wp-content\/uploads\/2025\/06\/Aeromexico-Embraer-E190-001.jpg\",\"width\":1200,\"height\":675,\"caption\":\"Aerom\u00e9xico Embraer E190 - 001\"},{\"@type\":\"BreadcrumbList\",\"@id\":\"https:\/\/nitu.mx\/index.php\/2026\/01\/26\/aeromexico-reanudara-servicio-al-aeropuerto-internacional-palmerola-de-tegucigalpa\/#breadcrumb\",\"itemListElement\":[{\"@type\":\"ListItem\",\"position\":1,\"name\":\"Inicio\",\"item\":\"https:\/\/nitu.mx\/\"},{\"@type\":\"ListItem\",\"position\":2,\"name\":\"Aerom\u00e9xico reanudar\u00e1 servicio al Aeropuerto Internacional Palmerola de Tegucigalpa\"}]},{\"@type\":\"WebSite\",\"@id\":\"https:\/\/nitu.mx\/#website\",\"url\":\"https:\/\/nitu.mx\/\",\"name\":\"Nitu - Noticias de la Industria Turistica\",\"description\":\"Noticias de la Industria Turistica\",\"publisher\":{\"@id\":\"https:\/\/nitu.mx\/#\/schema\/person\/ae7a53426417292d3dd07b45a33e01bc\"},\"alternateName\":\"Noticias de la Industria Turistica\",\"potentialAction\":[{\"@type\":\"SearchAction\",\"target\":{\"@type\":\"EntryPoint\",\"urlTemplate\":\"https:\/\/nitu.mx\/?s={search_term_string}\"},\"query-input\":\"required name=search_term_string\"}],\"inLanguage\":\"es-MX\"},{\"@type\":[\"Person\",\"Organization\"],\"@id\":\"https:\/\/nitu.mx\/#\/schema\/person\/ae7a53426417292d3dd07b45a33e01bc\",\"name\":\"Arturo Medina\",\"image\":{\"@type\":\"ImageObject\",\"inLanguage\":\"es-MX\",\"@id\":\"https:\/\/nitu.mx\/#\/schema\/person\/image\/\",\"url\":\"https:\/\/nitu.mx\/wp-content\/uploads\/2024\/04\/4A315622-1904-4D5C-B022-878CDC840E04-90x90-1.jpeg\",\"contentUrl\":\"https:\/\/nitu.mx\/wp-content\/uploads\/2024\/04\/4A315622-1904-4D5C-B022-878CDC840E04-90x90-1.jpeg\",\"width\":90,\"height\":90,\"caption\":\"Arturo Medina\"},\"logo\":{\"@id\":\"https:\/\/nitu.mx\/#\/schema\/person\/image\/\"},\"description\":\"Director NITU.mx, Egresado de la Escuela de Periodismo Carlos Septi\u00e9n Garc\u00eda. Periodista y analista especializado en turismo desde hace 35 a\u00f1os, radicado en Canc\u00fan Q.Roo. arturo@nitu.mx\",\"sameAs\":[\"https:\/\/nitu.mx\",\"https:\/\/www.facebook.com\/NITUmx\/\",\"medinacancun\",\"https:\/\/twitter.com\/@Arturo_Medina_G\"]},{\"@type\":\"Person\",\"@id\":\"https:\/\/nitu.mx\/#\/schema\/person\/4a28fe9bd65924f7c90623773daf1b0b\",\"name\":\"Redacci\u00f3n\",\"image\":{\"@type\":\"ImageObject\",\"inLanguage\":\"es-MX\",\"@id\":\"https:\/\/nitu.mx\/#\/schema\/person\/image\/\",\"url\":\"https:\/\/secure.gravatar.com\/avatar\/5dd011c8ccfc5cd7e4c81e42252aab38?s=96&d=mm&r=g\",\"contentUrl\":\"https:\/\/secure.gravatar.com\/avatar\/5dd011c8ccfc5cd7e4c81e42252aab38?s=96&d=mm&r=g\",\"caption\":\"Redacci\u00f3n\"},\"url\":\"https:\/\/nitu.mx\/index.php\/author\/redaccion\/\"}]}<\/script>\n<!-- \/ Yoast SEO plugin. -->","yoast_head_json":{"title":"Aerom\u00e9xico reanudar\u00e1 servicio al Aeropuerto Internacional Palmerola de Tegucigalpa - Nitu - Noticias de la Industria Turistica","robots":{"index":"index","follow":"follow","max-snippet":"max-snippet:-1","max-image-preview":"max-image-preview:large","max-video-preview":"max-video-preview:-1"},"canonical":"https:\/\/nitu.mx\/index.php\/2026\/01\/26\/aeromexico-reanudara-servicio-al-aeropuerto-internacional-palmerola-de-tegucigalpa\/","twitter_card":"summary_large_image","twitter_title":"Aerom\u00e9xico reanudar\u00e1 servicio al Aeropuerto Internacional Palmerola de Tegucigalpa - Nitu - Noticias de la Industria Turistica","twitter_description":"Aerom\u00e9xico anunci\u00f3 la reanudaci\u00f3n del servicio directo entre el Aeropuerto Internacional de la Ciudad de M\u00e9xico (AICM) y el Aeropuerto Internacional Palmerola (XPL), Honduras, la puerta de entrada que da servicio a Tegucigalpa y la regi\u00f3n centro-sur de dicho pa\u00eds. Esta ruta fortalecer\u00e1 la presencia de la aerol\u00ednea en Centroam\u00e9rica y ampliar\u00e1 las opciones de [&hellip;]","twitter_image":"https:\/\/nitu.mx\/wp-content\/uploads\/2025\/06\/Aeromexico-Embraer-E190-001.jpg","twitter_creator":"@NITUmx","twitter_site":"@Arturo_Medina_G","twitter_misc":{"Escrito por":"Redacci\u00f3n","Tiempo de lectura":"2 minutos"},"schema":{"@context":"https:\/\/schema.org","@graph":[{"@type":"Article","@id":"https:\/\/nitu.mx\/index.php\/2026\/01\/26\/aeromexico-reanudara-servicio-al-aeropuerto-internacional-palmerola-de-tegucigalpa\/#article","isPartOf":{"@id":"https:\/\/nitu.mx\/index.php\/2026\/01\/26\/aeromexico-reanudara-servicio-al-aeropuerto-internacional-palmerola-de-tegucigalpa\/"},"author":{"name":"Redacci\u00f3n","@id":"https:\/\/nitu.mx\/#\/schema\/person\/4a28fe9bd65924f7c90623773daf1b0b"},"headline":"Aerom\u00e9xico reanudar\u00e1 servicio al Aeropuerto Internacional Palmerola de Tegucigalpa","datePublished":"2026-01-27T03:02:06+00:00","dateModified":"2026-01-27T03:02:06+00:00","mainEntityOfPage":{"@id":"https:\/\/nitu.mx\/index.php\/2026\/01\/26\/aeromexico-reanudara-servicio-al-aeropuerto-internacional-palmerola-de-tegucigalpa\/"},"wordCount":387,"publisher":{"@id":"https:\/\/nitu.mx\/#\/schema\/person\/ae7a53426417292d3dd07b45a33e01bc"},"image":{"@id":"https:\/\/nitu.mx\/index.php\/2026\/01\/26\/aeromexico-reanudara-servicio-al-aeropuerto-internacional-palmerola-de-tegucigalpa\/#primaryimage"},"thumbnailUrl":"https:\/\/nitu.mx\/wp-content\/uploads\/2025\/06\/Aeromexico-Embraer-E190-001.jpg","keywords":["Aerom\u00e9xico","AICM","Embraer 190","Honduras","Tegucigalpa"],"articleSection":["Aerol\u00edneas"],"inLanguage":"es-MX"},{"@type":"WebPage","@id":"https:\/\/nitu.mx\/index.php\/2026\/01\/26\/aeromexico-reanudara-servicio-al-aeropuerto-internacional-palmerola-de-tegucigalpa\/","url":"https:\/\/nitu.mx\/index.php\/2026\/01\/26\/aeromexico-reanudara-servicio-al-aeropuerto-internacional-palmerola-de-tegucigalpa\/","name":"Aerom\u00e9xico reanudar\u00e1 servicio al Aeropuerto Internacional Palmerola de Tegucigalpa - Nitu - Noticias de la Industria Turistica","isPartOf":{"@id":"https:\/\/nitu.mx\/#website"},"primaryImageOfPage":{"@id":"https:\/\/nitu.mx\/index.php\/2026\/01\/26\/aeromexico-reanudara-servicio-al-aeropuerto-internacional-palmerola-de-tegucigalpa\/#primaryimage"},"image":{"@id":"https:\/\/nitu.mx\/index.php\/2026\/01\/26\/aeromexico-reanudara-servicio-al-aeropuerto-internacional-palmerola-de-tegucigalpa\/#primaryimage"},"thumbnailUrl":"https:\/\/nitu.mx\/wp-content\/uploads\/2025\/06\/Aeromexico-Embraer-E190-001.jpg","datePublished":"2026-01-27T03:02:06+00:00","dateModified":"2026-01-27T03:02:06+00:00","breadcrumb":{"@id":"https:\/\/nitu.mx\/index.php\/2026\/01\/26\/aeromexico-reanudara-servicio-al-aeropuerto-internacional-palmerola-de-tegucigalpa\/#breadcrumb"},"inLanguage":"es-MX","potentialAction":[{"@type":"ReadAction","target":["https:\/\/nitu.mx\/index.php\/2026\/01\/26\/aeromexico-reanudara-servicio-al-aeropuerto-internacional-palmerola-de-tegucigalpa\/"]}]},{"@type":"ImageObject","inLanguage":"es-MX","@id":"https:\/\/nitu.mx\/index.php\/2026\/01\/26\/aeromexico-reanudara-servicio-al-aeropuerto-internacional-palmerola-de-tegucigalpa\/#primaryimage","url":"https:\/\/nitu.mx\/wp-content\/uploads\/2025\/06\/Aeromexico-Embraer-E190-001.jpg","contentUrl":"https:\/\/nitu.mx\/wp-content\/uploads\/2025\/06\/Aeromexico-Embraer-E190-001.jpg","width":1200,"height":675,"caption":"Aerom\u00e9xico Embraer E190 - 001"},{"@type":"BreadcrumbList","@id":"https:\/\/nitu.mx\/index.php\/2026\/01\/26\/aeromexico-reanudara-servicio-al-aeropuerto-internacional-palmerola-de-tegucigalpa\/#breadcrumb","itemListElement":[{"@type":"ListItem","position":1,"name":"Inicio","item":"https:\/\/nitu.mx\/"},{"@type":"ListItem","position":2,"name":"Aerom\u00e9xico reanudar\u00e1 servicio al Aeropuerto Internacional Palmerola de Tegucigalpa"}]},{"@type":"WebSite","@id":"https:\/\/nitu.mx\/#website","url":"https:\/\/nitu.mx\/","name":"Nitu - Noticias de la Industria Turistica","description":"Noticias de la Industria Turistica","publisher":{"@id":"https:\/\/nitu.mx\/#\/schema\/person\/ae7a53426417292d3dd07b45a33e01bc"},"alternateName":"Noticias de la Industria Turistica","potentialAction":[{"@type":"SearchAction","target":{"@type":"EntryPoint","urlTemplate":"https:\/\/nitu.mx\/?s={search_term_string}"},"query-input":"required name=search_term_string"}],"inLanguage":"es-MX"},{"@type":["Person","Organization"],"@id":"https:\/\/nitu.mx\/#\/schema\/person\/ae7a53426417292d3dd07b45a33e01bc","name":"Arturo Medina","image":{"@type":"ImageObject","inLanguage":"es-MX","@id":"https:\/\/nitu.mx\/#\/schema\/person\/image\/","url":"https:\/\/nitu.mx\/wp-content\/uploads\/2024\/04\/4A315622-1904-4D5C-B022-878CDC840E04-90x90-1.jpeg","contentUrl":"https:\/\/nitu.mx\/wp-content\/uploads\/2024\/04\/4A315622-1904-4D5C-B022-878CDC840E04-90x90-1.jpeg","width":90,"height":90,"caption":"Arturo Medina"},"logo":{"@id":"https:\/\/nitu.mx\/#\/schema\/person\/image\/"},"description":"Director NITU.mx, Egresado de la Escuela de Periodismo Carlos Septi\u00e9n Garc\u00eda. Periodista y analista especializado en turismo desde hace 35 a\u00f1os, radicado en Canc\u00fan Q.Roo. arturo@nitu.mx","sameAs":["https:\/\/nitu.mx","https:\/\/www.facebook.com\/NITUmx\/","medinacancun","https:\/\/twitter.com\/@Arturo_Medina_G"]},{"@type":"Person","@id":"https:\/\/nitu.mx\/#\/schema\/person\/4a28fe9bd65924f7c90623773daf1b0b","name":"Redacci\u00f3n","image":{"@type":"ImageObject","inLanguage":"es-MX","@id":"https:\/\/nitu.mx\/#\/schema\/person\/image\/","url":"https:\/\/secure.gravatar.com\/avatar\/5dd011c8ccfc5cd7e4c81e42252aab38?s=96&d=mm&r=g","contentUrl":"https:\/\/secure.gravatar.com\/avatar\/5dd011c8ccfc5cd7e4c81e42252aab38?s=96&d=mm&r=g","caption":"Redacci\u00f3n"},"url":"https:\/\/nitu.mx\/index.php\/author\/redaccion\/"}]}},"views":292,"_links":{"self":[{"href":"https:\/\/nitu.mx\/index.php\/wp-json\/wp\/v2\/posts\/85847"}],"collection":[{"href":"https:\/\/nitu.mx\/index.php\/wp-json\/wp\/v2\/posts"}],"about":[{"href":"https:\/\/nitu.mx\/index.php\/wp-json\/wp\/v2\/types\/post"}],"author":[{"embeddable":true,"href":"https:\/\/nitu.mx\/index.php\/wp-json\/wp\/v2\/users\/17"}],"replies":[{"embeddable":true,"href":"https:\/\/nitu.mx\/index.php\/wp-json\/wp\/v2\/comments?post=85847"}],"version-history":[{"count":1,"href":"https:\/\/nitu.mx\/index.php\/wp-json\/wp\/v2\/posts\/85847\/revisions"}],"predecessor-version":[{"id":85849,"href":"https:\/\/nitu.mx\/index.php\/wp-json\/wp\/v2\/posts\/85847\/revisions\/85849"}],"wp:featuredmedia":[{"embeddable":true,"href":"https:\/\/nitu.mx\/index.php\/wp-json\/wp\/v2\/media\/81517"}],"wp:attachment":[{"href":"https:\/\/nitu.mx\/index.php\/wp-json\/wp\/v2\/media?parent=85847"}],"wp:term":[{"taxonomy":"category","embeddable":true,"href":"https:\/\/nitu.mx\/index.php\/wp-json\/wp\/v2\/categories?post=85847"},{"taxonomy":"post_tag","embeddable":true,"href":"https:\/\/nitu.mx\/index.php\/wp-json\/wp\/v2\/tags?post=85847"}],"curies":[{"name":"wp","href":"https:\/\/api.w.org\/{rel}","templated":true}]}}