{"id":85839,"date":"2026-01-26T20:55:35","date_gmt":"2026-01-27T02:55:35","guid":{"rendered":"https:\/\/nitu.mx\/?p=85839"},"modified":"2026-01-26T20:55:35","modified_gmt":"2026-01-27T02:55:35","slug":"nayarit-cierra-fitur-2026-con-276-citas-de-negocio-y-resultados-concretos","status":"publish","type":"post","link":"https:\/\/nitu.mx\/index.php\/2026\/01\/26\/nayarit-cierra-fitur-2026-con-276-citas-de-negocio-y-resultados-concretos\/","title":{"rendered":"Nayarit cierra FITUR 2026 con  276 citas de negocio y resultados concretos"},"content":{"rendered":"\n<p>Nayarit concluy\u00f3 su participaci\u00f3n en la Feria Internacional de Turismo (FITUR) 2026 con resultados tangibles en promoci\u00f3n tur\u00edstica, alianzas\u00a0estrat\u00e9gicas,\u00a0posicionamiento\u00a0internacional\u00a0y\u00a0una\u00a0presencia\u00a0cultural\u00a0que\u00a0marc\u00f3\u00a0de\u00a0manera definitiva esta edici\u00f3n de la feria.<\/p>\n\n\n\n<p>La estrategia desplegada por el estado combin\u00f3 gesti\u00f3n comercial, diplomacia tur\u00edstica, participaci\u00f3n en foros de gobernanza internacional y una narrativa cultural s\u00f3lida, en la que el arte wix\u00e1rika se consolid\u00f3 como el principal eje identitario de la participaci\u00f3n\u00a0de\u00a0M\u00e9xico\u00a0en\u00a0FITUR\u00a02026.<\/p>\n\n\n\n<h1 class=\"wp-block-heading\">Resultados en gesti\u00f3n, alianzas y promoci\u00f3n&nbsp;tur\u00edstica<\/h1>\n\n\n\n<p>Como resultado del modelo ampliado de atenci\u00f3n operado por la delegaci\u00f3n de Nayarit, durante FITUR 2026, se desarrollaron 276 citas de negocio y reuniones B2B con operadores tur\u00edsticos, agencias de viajes, mayoristas, aerol\u00edneas, organismos internacionales y aliados estrat\u00e9gicos del&nbsp;sector.<\/p>\n\n\n\n<p>Estas reuniones permitieron dar seguimiento a alianzas vigentes y avanzar en nuevas l\u00edneas de colaboraci\u00f3n, particularmente en materia de conectividad a\u00e9rea, con aerol\u00edneas mexicanas interesadas en el an\u00e1lisis de nuevas futuras conexiones hacia el Aeropuerto Internacional Tepic\u2013Riviera Nayarit, as\u00ed como con grupos hoteleros internacionales para el desarrollo de proyectos tur\u00edsticos con proyecci\u00f3n a 2026.<\/p>\n\n\n\n<p>En este contexto, AVASA present\u00f3 un informe de resultados de la alianza vigente con Nayarit, mientras que el grupo \u00c1voris comparti\u00f3 un balance de resultados de las acciones conjuntas desarrolladas, reafirmando el inter\u00e9s de ambos grupos por continuar fortaleciendo la promoci\u00f3n de los destinos del estado.<\/p>\n\n\n\n<h1 class=\"wp-block-heading\">Participaci\u00f3n en la gobernanza tur\u00edstica&nbsp;global<\/h1>\n\n\n\n<p>Nayarit fortaleci\u00f3 su presencia institucional al participar en la 63\u00aa Reuni\u00f3n de la Junta Directiva de Miembros Afiliados de ONU Turismo, espacio en el que se present\u00f3 el Bar\u00f3metro Tur\u00edstico Global y se analizaron los principales desaf\u00edos del sector a nivel internacional.<\/p>\n\n\n\n<p>En&nbsp;este&nbsp;foro,&nbsp;la&nbsp;representaci\u00f3n&nbsp;de&nbsp;Nayarit&nbsp;aport\u00f3&nbsp;una&nbsp;visi\u00f3n&nbsp;enfocada&nbsp;en&nbsp;los&nbsp;retos&nbsp;diferenciados&nbsp;de Am\u00e9rica Latina y en la importancia de avanzar hacia modelos de desarrollo tur\u00edstico sustentados en la gobernanza, la legalidad, la sostenibilidad y la planeaci\u00f3n de largo plazo.<\/p>\n\n\n\n<h1 class=\"wp-block-heading\">&nbsp;<\/h1>\n\n\n\n<h1 class=\"wp-block-heading\">El arte wix\u00e1rika de Nayarit, protagonista cultural de FITUR&nbsp;2026<\/h1>\n\n\n\n<p>El arte wix\u00e1rika de Nayarit fue la expresi\u00f3n cultural mexicana con mayor visibilidad durante FITUR 2026, acompa\u00f1ando los momentos institucionales, culturales y medi\u00e1ticos m\u00e1s relevantes de la feria, tanto dentro del recinto ferial como en el espacio p\u00fablico de Madrid.<\/p>\n\n\n\n<p>Las artesanas y artesanos wix\u00e1rika Claudia Corona, Gil D\u00edaz y Macario Mat\u00edas impartieron talleres permanentes de artesan\u00eda con chaquira e\u00a0hilo\u00a0wix\u00e1rika,\u00a0permitiendo\u00a0al\u00a0p\u00fablico\u00a0internacional\u00a0interactuar directamente con una cosmovisi\u00f3n viva reconocida como Patrimonio Mundial por la UNESCO. Entre ellos, destac\u00f3 la participaci\u00f3n de un marakame fundador de una comunidad mentora del turismo comunitario en M\u00e9xico.<\/p>\n\n\n\n<p>La develaci\u00f3n de la escultura intervenida del Oso y el Madro\u00f1o en la Puerta del Sol se consolid\u00f3 como la activaci\u00f3n cultural emblem\u00e1tica de FITUR 2026, generando una amplia cobertura medi\u00e1tica con decenas de r\u00e9plicas en medios locales de Espa\u00f1a y nacionales de M\u00e9xico.<\/p>\n\n\n\n<p>Esta proyecci\u00f3n cultural se complement\u00f3 con la participaci\u00f3n de Nayarit en el R\u00e9cord Guinness Bordados 2026 y en el Foro de Turismo Cultural, reforzando la visibilidad internacional del arte wix\u00e1rika como s\u00edmbolo de identidad, innovaci\u00f3n y continuidad cultural.<\/p>\n\n\n\n<h1 class=\"wp-block-heading\">Promoci\u00f3n experiencial, gastronom\u00eda y activaciones&nbsp;urbanas<\/h1>\n\n\n\n<p>El stand de Nayarit se consolid\u00f3 como un espacio de promoci\u00f3n experiencial, con degustaciones gastron\u00f3micas y de mixolog\u00eda a cargo de chefs y especialistas nayaritas, as\u00ed como talleres artesanales y patrimoniales que acercaron al p\u00fablico a los sabores y saberes del estado.<\/p>\n\n\n\n<p>De manera paralela, se desarrollaron talleres de elaboraci\u00f3n de puro artesanal impartidos por el historiador y maestro purero Rodolfo Medina, realizados en un hotel y en restaurantes de Madrid, ampliando la presencia cultural de Nayarit m\u00e1s all\u00e1 del recinto ferial.<\/p>\n\n\n\n<h1 class=\"wp-block-heading\">Eventos emblem\u00e1ticos y diplomacia&nbsp;tur\u00edstica<\/h1>\n\n\n\n<p>Nayarit tuvo presencia destacada en eventos emblem\u00e1ticos como la Fiesta M\u00e9xico y el c\u00f3ctel de bienvenida institucional organizados por la Secretar\u00eda de Turismo del Gobierno de M\u00e9xico, donde el estado proyect\u00f3 su identidad cultural y gastron\u00f3mica ante actores clave del sector.<\/p>\n\n\n\n<p>Asimismo, se realizaron activaciones en tres restaurantes de Madrid, donde el secretario de Turismo del Estado hizo entrega, a nombre del gobernador Miguel \u00c1ngel Navarro Quintero, de reconocimientos a establecimientos que han fungido como embajadores de la cocina mexicana y de Nayarit en Espa\u00f1a.<\/p>\n\n\n\n<h1 class=\"wp-block-heading\">Reconocimientos y proyecci\u00f3n&nbsp;institucional<\/h1>\n\n\n\n<p>En el marco de FITUR 2026, el Estado de Nayarit fue distinguido con la Medalla del Conocimiento Tur\u00edstico Nexotur 2026, reconocimiento que refrenda su posicionamiento institucional en los espacios donde se construye el pensamiento estrat\u00e9gico del turismo a nivel internacional.<\/p>\n\n\n\n<h1 class=\"wp-block-heading\">Balance&nbsp;general<\/h1>\n\n\n\n<p>Con estos resultados, Nayarit consolid\u00f3 su presencia internacional como un destino tur\u00edstico competitivo y como un referente cultural que coloca a las personas y a su patrimonio vivo en el centro del desarrollo. La estrategia impulsada por el gobernador Miguel \u00c1ngel Navarro Quintero permiti\u00f3 que el arte wix\u00e1rika y la identidad nayarita se convirtieran en protagonistas de FITUR\u00a02026. (<a href=\"https:\/\/nitu.mx\/index.php\/2026\/01\/22\/nayarit-proyecta-su-liderazgo-turistico-internacional-en-fitur-2026\/\">Nayarit proyecta su liderazgo tur\u00edstico internacional en FITUR 2026<\/a>).<\/p>\n","protected":false},"excerpt":{"rendered":"<p>Nayarit concluy\u00f3 su participaci\u00f3n en la Feria Internacional de Turismo (FITUR) 2026 con resultados tangibles en promoci\u00f3n tur\u00edstica, alianzas\u00a0estrat\u00e9gicas,\u00a0posicionamiento\u00a0internacional\u00a0y\u00a0una\u00a0presencia\u00a0cultural\u00a0que\u00a0marc\u00f3\u00a0de\u00a0manera definitiva esta edici\u00f3n de la feria. La estrategia desplegada por el estado combin\u00f3 gesti\u00f3n comercial, diplomacia tur\u00edstica, participaci\u00f3n en foros de gobernanza internacional y una narrativa cultural s\u00f3lida, en la que el arte wix\u00e1rika se consolid\u00f3 [&hellip;]<\/p>\n","protected":false},"author":17,"featured_media":85842,"comment_status":"closed","ping_status":"closed","sticky":false,"template":"","format":"standard","meta":{"footnotes":""},"categories":[5,24423],"tags":[19660,26835,23648,1431],"yoast_head":"<!-- This site is optimized with the Yoast SEO plugin v22.2 - https:\/\/yoast.com\/wordpress\/plugins\/seo\/ -->\n<title>Nayarit cierra FITUR 2026 con 276 citas de negocio y resultados concretos - Nitu - Noticias de la Industria Turistica<\/title>\n<meta name=\"robots\" content=\"index, follow, max-snippet:-1, max-image-preview:large, max-video-preview:-1\" \/>\n<link rel=\"canonical\" href=\"https:\/\/nitu.mx\/index.php\/2026\/01\/26\/nayarit-cierra-fitur-2026-con-276-citas-de-negocio-y-resultados-concretos\/\" \/>\n<meta name=\"twitter:card\" content=\"summary_large_image\" \/>\n<meta name=\"twitter:title\" content=\"Nayarit cierra FITUR 2026 con 276 citas de negocio y resultados concretos - Nitu - Noticias de la Industria Turistica\" \/>\n<meta name=\"twitter:description\" content=\"Nayarit concluy\u00f3 su participaci\u00f3n en la Feria Internacional de Turismo (FITUR) 2026 con resultados tangibles en promoci\u00f3n tur\u00edstica, alianzas\u00a0estrat\u00e9gicas,\u00a0posicionamiento\u00a0internacional\u00a0y\u00a0una\u00a0presencia\u00a0cultural\u00a0que\u00a0marc\u00f3\u00a0de\u00a0manera definitiva esta edici\u00f3n de la feria. La estrategia desplegada por el estado combin\u00f3 gesti\u00f3n comercial, diplomacia tur\u00edstica, participaci\u00f3n en foros de gobernanza internacional y una narrativa cultural s\u00f3lida, en la que el arte wix\u00e1rika se consolid\u00f3 [&hellip;]\" \/>\n<meta name=\"twitter:image\" content=\"https:\/\/nitu.mx\/wp-content\/uploads\/2026\/01\/NAYARIT-INAUGURACION-FITUR-7.jpg\" \/>\n<meta name=\"twitter:creator\" content=\"@NITUmx\" \/>\n<meta name=\"twitter:site\" content=\"@Arturo_Medina_G\" \/>\n<meta name=\"twitter:label1\" content=\"Escrito por\" \/>\n\t<meta name=\"twitter:data1\" content=\"Redacci\u00f3n\" \/>\n\t<meta name=\"twitter:label2\" content=\"Tiempo de lectura\" \/>\n\t<meta name=\"twitter:data2\" content=\"5 minutos\" \/>\n<script type=\"application\/ld+json\" class=\"yoast-schema-graph\">{\"@context\":\"https:\/\/schema.org\",\"@graph\":[{\"@type\":\"Article\",\"@id\":\"https:\/\/nitu.mx\/index.php\/2026\/01\/26\/nayarit-cierra-fitur-2026-con-276-citas-de-negocio-y-resultados-concretos\/#article\",\"isPartOf\":{\"@id\":\"https:\/\/nitu.mx\/index.php\/2026\/01\/26\/nayarit-cierra-fitur-2026-con-276-citas-de-negocio-y-resultados-concretos\/\"},\"author\":{\"name\":\"Redacci\u00f3n\",\"@id\":\"https:\/\/nitu.mx\/#\/schema\/person\/4a28fe9bd65924f7c90623773daf1b0b\"},\"headline\":\"Nayarit cierra FITUR 2026 con 276 citas de negocio y resultados concretos\",\"datePublished\":\"2026-01-27T02:55:35+00:00\",\"dateModified\":\"2026-01-27T02:55:35+00:00\",\"mainEntityOfPage\":{\"@id\":\"https:\/\/nitu.mx\/index.php\/2026\/01\/26\/nayarit-cierra-fitur-2026-con-276-citas-de-negocio-y-resultados-concretos\/\"},\"wordCount\":913,\"publisher\":{\"@id\":\"https:\/\/nitu.mx\/#\/schema\/person\/ae7a53426417292d3dd07b45a33e01bc\"},\"image\":{\"@id\":\"https:\/\/nitu.mx\/index.php\/2026\/01\/26\/nayarit-cierra-fitur-2026-con-276-citas-de-negocio-y-resultados-concretos\/#primaryimage\"},\"thumbnailUrl\":\"https:\/\/nitu.mx\/wp-content\/uploads\/2026\/01\/NAYARIT-INAUGURACION-FITUR-7.jpg\",\"keywords\":[\"Alianzas\",\"\u00c1voris\",\"Juan Enrique Su\u00e1rez\",\"Nayarit\"],\"articleSection\":[\"Destinos\",\"FITUR\"],\"inLanguage\":\"es-MX\"},{\"@type\":\"WebPage\",\"@id\":\"https:\/\/nitu.mx\/index.php\/2026\/01\/26\/nayarit-cierra-fitur-2026-con-276-citas-de-negocio-y-resultados-concretos\/\",\"url\":\"https:\/\/nitu.mx\/index.php\/2026\/01\/26\/nayarit-cierra-fitur-2026-con-276-citas-de-negocio-y-resultados-concretos\/\",\"name\":\"Nayarit cierra FITUR 2026 con 276 citas de negocio y resultados concretos - Nitu - Noticias de la Industria Turistica\",\"isPartOf\":{\"@id\":\"https:\/\/nitu.mx\/#website\"},\"primaryImageOfPage\":{\"@id\":\"https:\/\/nitu.mx\/index.php\/2026\/01\/26\/nayarit-cierra-fitur-2026-con-276-citas-de-negocio-y-resultados-concretos\/#primaryimage\"},\"image\":{\"@id\":\"https:\/\/nitu.mx\/index.php\/2026\/01\/26\/nayarit-cierra-fitur-2026-con-276-citas-de-negocio-y-resultados-concretos\/#primaryimage\"},\"thumbnailUrl\":\"https:\/\/nitu.mx\/wp-content\/uploads\/2026\/01\/NAYARIT-INAUGURACION-FITUR-7.jpg\",\"datePublished\":\"2026-01-27T02:55:35+00:00\",\"dateModified\":\"2026-01-27T02:55:35+00:00\",\"breadcrumb\":{\"@id\":\"https:\/\/nitu.mx\/index.php\/2026\/01\/26\/nayarit-cierra-fitur-2026-con-276-citas-de-negocio-y-resultados-concretos\/#breadcrumb\"},\"inLanguage\":\"es-MX\",\"potentialAction\":[{\"@type\":\"ReadAction\",\"target\":[\"https:\/\/nitu.mx\/index.php\/2026\/01\/26\/nayarit-cierra-fitur-2026-con-276-citas-de-negocio-y-resultados-concretos\/\"]}]},{\"@type\":\"ImageObject\",\"inLanguage\":\"es-MX\",\"@id\":\"https:\/\/nitu.mx\/index.php\/2026\/01\/26\/nayarit-cierra-fitur-2026-con-276-citas-de-negocio-y-resultados-concretos\/#primaryimage\",\"url\":\"https:\/\/nitu.mx\/wp-content\/uploads\/2026\/01\/NAYARIT-INAUGURACION-FITUR-7.jpg\",\"contentUrl\":\"https:\/\/nitu.mx\/wp-content\/uploads\/2026\/01\/NAYARIT-INAUGURACION-FITUR-7.jpg\",\"width\":1200,\"height\":675,\"caption\":\"NAYARIT INAUGURACI\u00d3N FITUR 7\"},{\"@type\":\"BreadcrumbList\",\"@id\":\"https:\/\/nitu.mx\/index.php\/2026\/01\/26\/nayarit-cierra-fitur-2026-con-276-citas-de-negocio-y-resultados-concretos\/#breadcrumb\",\"itemListElement\":[{\"@type\":\"ListItem\",\"position\":1,\"name\":\"Inicio\",\"item\":\"https:\/\/nitu.mx\/\"},{\"@type\":\"ListItem\",\"position\":2,\"name\":\"Nayarit cierra FITUR 2026 con 276 citas de negocio y resultados concretos\"}]},{\"@type\":\"WebSite\",\"@id\":\"https:\/\/nitu.mx\/#website\",\"url\":\"https:\/\/nitu.mx\/\",\"name\":\"Nitu - Noticias de la Industria Turistica\",\"description\":\"Noticias de la Industria Turistica\",\"publisher\":{\"@id\":\"https:\/\/nitu.mx\/#\/schema\/person\/ae7a53426417292d3dd07b45a33e01bc\"},\"alternateName\":\"Noticias de la Industria Turistica\",\"potentialAction\":[{\"@type\":\"SearchAction\",\"target\":{\"@type\":\"EntryPoint\",\"urlTemplate\":\"https:\/\/nitu.mx\/?s={search_term_string}\"},\"query-input\":\"required name=search_term_string\"}],\"inLanguage\":\"es-MX\"},{\"@type\":[\"Person\",\"Organization\"],\"@id\":\"https:\/\/nitu.mx\/#\/schema\/person\/ae7a53426417292d3dd07b45a33e01bc\",\"name\":\"Arturo Medina\",\"image\":{\"@type\":\"ImageObject\",\"inLanguage\":\"es-MX\",\"@id\":\"https:\/\/nitu.mx\/#\/schema\/person\/image\/\",\"url\":\"https:\/\/nitu.mx\/wp-content\/uploads\/2024\/04\/4A315622-1904-4D5C-B022-878CDC840E04-90x90-1.jpeg\",\"contentUrl\":\"https:\/\/nitu.mx\/wp-content\/uploads\/2024\/04\/4A315622-1904-4D5C-B022-878CDC840E04-90x90-1.jpeg\",\"width\":90,\"height\":90,\"caption\":\"Arturo Medina\"},\"logo\":{\"@id\":\"https:\/\/nitu.mx\/#\/schema\/person\/image\/\"},\"description\":\"Director NITU.mx, Egresado de la Escuela de Periodismo Carlos Septi\u00e9n Garc\u00eda. Periodista y analista especializado en turismo desde hace 35 a\u00f1os, radicado en Canc\u00fan Q.Roo. arturo@nitu.mx\",\"sameAs\":[\"https:\/\/nitu.mx\",\"https:\/\/www.facebook.com\/NITUmx\/\",\"medinacancun\",\"https:\/\/twitter.com\/@Arturo_Medina_G\"]},{\"@type\":\"Person\",\"@id\":\"https:\/\/nitu.mx\/#\/schema\/person\/4a28fe9bd65924f7c90623773daf1b0b\",\"name\":\"Redacci\u00f3n\",\"image\":{\"@type\":\"ImageObject\",\"inLanguage\":\"es-MX\",\"@id\":\"https:\/\/nitu.mx\/#\/schema\/person\/image\/\",\"url\":\"https:\/\/secure.gravatar.com\/avatar\/5dd011c8ccfc5cd7e4c81e42252aab38?s=96&d=mm&r=g\",\"contentUrl\":\"https:\/\/secure.gravatar.com\/avatar\/5dd011c8ccfc5cd7e4c81e42252aab38?s=96&d=mm&r=g\",\"caption\":\"Redacci\u00f3n\"},\"url\":\"https:\/\/nitu.mx\/index.php\/author\/redaccion\/\"}]}<\/script>\n<!-- \/ Yoast SEO plugin. -->","yoast_head_json":{"title":"Nayarit cierra FITUR 2026 con 276 citas de negocio y resultados concretos - Nitu - Noticias de la Industria Turistica","robots":{"index":"index","follow":"follow","max-snippet":"max-snippet:-1","max-image-preview":"max-image-preview:large","max-video-preview":"max-video-preview:-1"},"canonical":"https:\/\/nitu.mx\/index.php\/2026\/01\/26\/nayarit-cierra-fitur-2026-con-276-citas-de-negocio-y-resultados-concretos\/","twitter_card":"summary_large_image","twitter_title":"Nayarit cierra FITUR 2026 con 276 citas de negocio y resultados concretos - Nitu - Noticias de la Industria Turistica","twitter_description":"Nayarit concluy\u00f3 su participaci\u00f3n en la Feria Internacional de Turismo (FITUR) 2026 con resultados tangibles en promoci\u00f3n tur\u00edstica, alianzas\u00a0estrat\u00e9gicas,\u00a0posicionamiento\u00a0internacional\u00a0y\u00a0una\u00a0presencia\u00a0cultural\u00a0que\u00a0marc\u00f3\u00a0de\u00a0manera definitiva esta edici\u00f3n de la feria. La estrategia desplegada por el estado combin\u00f3 gesti\u00f3n comercial, diplomacia tur\u00edstica, participaci\u00f3n en foros de gobernanza internacional y una narrativa cultural s\u00f3lida, en la que el arte wix\u00e1rika se consolid\u00f3 [&hellip;]","twitter_image":"https:\/\/nitu.mx\/wp-content\/uploads\/2026\/01\/NAYARIT-INAUGURACION-FITUR-7.jpg","twitter_creator":"@NITUmx","twitter_site":"@Arturo_Medina_G","twitter_misc":{"Escrito por":"Redacci\u00f3n","Tiempo de lectura":"5 minutos"},"schema":{"@context":"https:\/\/schema.org","@graph":[{"@type":"Article","@id":"https:\/\/nitu.mx\/index.php\/2026\/01\/26\/nayarit-cierra-fitur-2026-con-276-citas-de-negocio-y-resultados-concretos\/#article","isPartOf":{"@id":"https:\/\/nitu.mx\/index.php\/2026\/01\/26\/nayarit-cierra-fitur-2026-con-276-citas-de-negocio-y-resultados-concretos\/"},"author":{"name":"Redacci\u00f3n","@id":"https:\/\/nitu.mx\/#\/schema\/person\/4a28fe9bd65924f7c90623773daf1b0b"},"headline":"Nayarit cierra FITUR 2026 con 276 citas de negocio y resultados concretos","datePublished":"2026-01-27T02:55:35+00:00","dateModified":"2026-01-27T02:55:35+00:00","mainEntityOfPage":{"@id":"https:\/\/nitu.mx\/index.php\/2026\/01\/26\/nayarit-cierra-fitur-2026-con-276-citas-de-negocio-y-resultados-concretos\/"},"wordCount":913,"publisher":{"@id":"https:\/\/nitu.mx\/#\/schema\/person\/ae7a53426417292d3dd07b45a33e01bc"},"image":{"@id":"https:\/\/nitu.mx\/index.php\/2026\/01\/26\/nayarit-cierra-fitur-2026-con-276-citas-de-negocio-y-resultados-concretos\/#primaryimage"},"thumbnailUrl":"https:\/\/nitu.mx\/wp-content\/uploads\/2026\/01\/NAYARIT-INAUGURACION-FITUR-7.jpg","keywords":["Alianzas","\u00c1voris","Juan Enrique Su\u00e1rez","Nayarit"],"articleSection":["Destinos","FITUR"],"inLanguage":"es-MX"},{"@type":"WebPage","@id":"https:\/\/nitu.mx\/index.php\/2026\/01\/26\/nayarit-cierra-fitur-2026-con-276-citas-de-negocio-y-resultados-concretos\/","url":"https:\/\/nitu.mx\/index.php\/2026\/01\/26\/nayarit-cierra-fitur-2026-con-276-citas-de-negocio-y-resultados-concretos\/","name":"Nayarit cierra FITUR 2026 con 276 citas de negocio y resultados concretos - Nitu - Noticias de la Industria Turistica","isPartOf":{"@id":"https:\/\/nitu.mx\/#website"},"primaryImageOfPage":{"@id":"https:\/\/nitu.mx\/index.php\/2026\/01\/26\/nayarit-cierra-fitur-2026-con-276-citas-de-negocio-y-resultados-concretos\/#primaryimage"},"image":{"@id":"https:\/\/nitu.mx\/index.php\/2026\/01\/26\/nayarit-cierra-fitur-2026-con-276-citas-de-negocio-y-resultados-concretos\/#primaryimage"},"thumbnailUrl":"https:\/\/nitu.mx\/wp-content\/uploads\/2026\/01\/NAYARIT-INAUGURACION-FITUR-7.jpg","datePublished":"2026-01-27T02:55:35+00:00","dateModified":"2026-01-27T02:55:35+00:00","breadcrumb":{"@id":"https:\/\/nitu.mx\/index.php\/2026\/01\/26\/nayarit-cierra-fitur-2026-con-276-citas-de-negocio-y-resultados-concretos\/#breadcrumb"},"inLanguage":"es-MX","potentialAction":[{"@type":"ReadAction","target":["https:\/\/nitu.mx\/index.php\/2026\/01\/26\/nayarit-cierra-fitur-2026-con-276-citas-de-negocio-y-resultados-concretos\/"]}]},{"@type":"ImageObject","inLanguage":"es-MX","@id":"https:\/\/nitu.mx\/index.php\/2026\/01\/26\/nayarit-cierra-fitur-2026-con-276-citas-de-negocio-y-resultados-concretos\/#primaryimage","url":"https:\/\/nitu.mx\/wp-content\/uploads\/2026\/01\/NAYARIT-INAUGURACION-FITUR-7.jpg","contentUrl":"https:\/\/nitu.mx\/wp-content\/uploads\/2026\/01\/NAYARIT-INAUGURACION-FITUR-7.jpg","width":1200,"height":675,"caption":"NAYARIT INAUGURACI\u00d3N FITUR 7"},{"@type":"BreadcrumbList","@id":"https:\/\/nitu.mx\/index.php\/2026\/01\/26\/nayarit-cierra-fitur-2026-con-276-citas-de-negocio-y-resultados-concretos\/#breadcrumb","itemListElement":[{"@type":"ListItem","position":1,"name":"Inicio","item":"https:\/\/nitu.mx\/"},{"@type":"ListItem","position":2,"name":"Nayarit cierra FITUR 2026 con 276 citas de negocio y resultados concretos"}]},{"@type":"WebSite","@id":"https:\/\/nitu.mx\/#website","url":"https:\/\/nitu.mx\/","name":"Nitu - Noticias de la Industria Turistica","description":"Noticias de la Industria Turistica","publisher":{"@id":"https:\/\/nitu.mx\/#\/schema\/person\/ae7a53426417292d3dd07b45a33e01bc"},"alternateName":"Noticias de la Industria Turistica","potentialAction":[{"@type":"SearchAction","target":{"@type":"EntryPoint","urlTemplate":"https:\/\/nitu.mx\/?s={search_term_string}"},"query-input":"required name=search_term_string"}],"inLanguage":"es-MX"},{"@type":["Person","Organization"],"@id":"https:\/\/nitu.mx\/#\/schema\/person\/ae7a53426417292d3dd07b45a33e01bc","name":"Arturo Medina","image":{"@type":"ImageObject","inLanguage":"es-MX","@id":"https:\/\/nitu.mx\/#\/schema\/person\/image\/","url":"https:\/\/nitu.mx\/wp-content\/uploads\/2024\/04\/4A315622-1904-4D5C-B022-878CDC840E04-90x90-1.jpeg","contentUrl":"https:\/\/nitu.mx\/wp-content\/uploads\/2024\/04\/4A315622-1904-4D5C-B022-878CDC840E04-90x90-1.jpeg","width":90,"height":90,"caption":"Arturo Medina"},"logo":{"@id":"https:\/\/nitu.mx\/#\/schema\/person\/image\/"},"description":"Director NITU.mx, Egresado de la Escuela de Periodismo Carlos Septi\u00e9n Garc\u00eda. Periodista y analista especializado en turismo desde hace 35 a\u00f1os, radicado en Canc\u00fan Q.Roo. arturo@nitu.mx","sameAs":["https:\/\/nitu.mx","https:\/\/www.facebook.com\/NITUmx\/","medinacancun","https:\/\/twitter.com\/@Arturo_Medina_G"]},{"@type":"Person","@id":"https:\/\/nitu.mx\/#\/schema\/person\/4a28fe9bd65924f7c90623773daf1b0b","name":"Redacci\u00f3n","image":{"@type":"ImageObject","inLanguage":"es-MX","@id":"https:\/\/nitu.mx\/#\/schema\/person\/image\/","url":"https:\/\/secure.gravatar.com\/avatar\/5dd011c8ccfc5cd7e4c81e42252aab38?s=96&d=mm&r=g","contentUrl":"https:\/\/secure.gravatar.com\/avatar\/5dd011c8ccfc5cd7e4c81e42252aab38?s=96&d=mm&r=g","caption":"Redacci\u00f3n"},"url":"https:\/\/nitu.mx\/index.php\/author\/redaccion\/"}]}},"views":387,"_links":{"self":[{"href":"https:\/\/nitu.mx\/index.php\/wp-json\/wp\/v2\/posts\/85839"}],"collection":[{"href":"https:\/\/nitu.mx\/index.php\/wp-json\/wp\/v2\/posts"}],"about":[{"href":"https:\/\/nitu.mx\/index.php\/wp-json\/wp\/v2\/types\/post"}],"author":[{"embeddable":true,"href":"https:\/\/nitu.mx\/index.php\/wp-json\/wp\/v2\/users\/17"}],"replies":[{"embeddable":true,"href":"https:\/\/nitu.mx\/index.php\/wp-json\/wp\/v2\/comments?post=85839"}],"version-history":[{"count":1,"href":"https:\/\/nitu.mx\/index.php\/wp-json\/wp\/v2\/posts\/85839\/revisions"}],"predecessor-version":[{"id":85841,"href":"https:\/\/nitu.mx\/index.php\/wp-json\/wp\/v2\/posts\/85839\/revisions\/85841"}],"wp:featuredmedia":[{"embeddable":true,"href":"https:\/\/nitu.mx\/index.php\/wp-json\/wp\/v2\/media\/85842"}],"wp:attachment":[{"href":"https:\/\/nitu.mx\/index.php\/wp-json\/wp\/v2\/media?parent=85839"}],"wp:term":[{"taxonomy":"category","embeddable":true,"href":"https:\/\/nitu.mx\/index.php\/wp-json\/wp\/v2\/categories?post=85839"},{"taxonomy":"post_tag","embeddable":true,"href":"https:\/\/nitu.mx\/index.php\/wp-json\/wp\/v2\/tags?post=85839"}],"curies":[{"name":"wp","href":"https:\/\/api.w.org\/{rel}","templated":true}]}}