{"id":85835,"date":"2026-01-26T20:47:19","date_gmt":"2026-01-27T02:47:19","guid":{"rendered":"https:\/\/nitu.mx\/?p=85835"},"modified":"2026-01-26T20:47:20","modified_gmt":"2026-01-27T02:47:20","slug":"michoacan-cierra-exitosamente-su-participacion-en-fitur-con-mas-de-100-citas-de-negocio","status":"publish","type":"post","link":"https:\/\/nitu.mx\/index.php\/2026\/01\/26\/michoacan-cierra-exitosamente-su-participacion-en-fitur-con-mas-de-100-citas-de-negocio\/","title":{"rendered":"Michoac\u00e1n cierra exitosamente su participaci\u00f3n en FITUR con m\u00e1s de 100 citas de negocio"},"content":{"rendered":"\n<p>Durante la 46\u00aa edici\u00f3n de la Feria Internacional de Turismo (FITUR) que se llev\u00f3 a cabo en Madrid, Espa\u00f1a, el estado de Michoac\u00e1n tuvo una exitosa participaci\u00f3n que impulsar\u00e1 la llegada de turistas internacionales a los destinos de la entidad, gracias a diversas acciones emprendidas por la comitiva encabezada por el secretario de Turismo estatal, Roberto Monroy Garc\u00eda, en representaci\u00f3n del gobernador, Alfredo Ram\u00edrez Bedolla.<\/p>\n\n\n\n<p>En el marco de este importante evento tur\u00edstico, en el que M\u00e9xico fue Pa\u00eds Socio, la delegaci\u00f3n michoacana atendi\u00f3 m\u00e1s de 100 citas de negocios con turoperadores y empresarios tur\u00edsticos de Iberoam\u00e9rica, Europa y Asia, ya que en FITUR asisten representantes de 157 pa\u00edses que se re\u00fanen lo que permite tener una cercan\u00eda con otros pa\u00edses; adem\u00e1s es importante destacar que se increment\u00f3 el 11% la participaci\u00f3n en esta feria, respecto a la edici\u00f3n 2025.<\/p>\n\n\n\n<p>\u201cHay inter\u00e9s de turoperadores. Vamos siempre con la Mariposa Monarca, con la Noche de \u00c1nimas, como nuestra fachada, para todo lo que tiene Michoac\u00e1n con estos Patrimonios de la Humanidad, y eso hace que tengan inter\u00e9s porque ya se les dice d\u00f3nde y c\u00f3mo llegar a Michoac\u00e1n\u201d, mencion\u00f3 Monroy Garc\u00eda.<\/p>\n\n\n\n<p>Indic\u00f3 que se llevaron a cabo firmas con empresas como Despegar y con el Corte Ingl\u00e9s, una tienda muy importante con agencia de viajes y l\u00edder con 700 tiendas que representan un amplio volumen de ventas, y permite mantener una campa\u00f1a de promoci\u00f3n permanente. Adem\u00e1s, Michoac\u00e1n tuvo presencia en \u201cVentana M\u00e9xico\u201d, una exhibici\u00f3n artesanal en el Atelier de Viajes, espacio enfocado en viajes de lujo.<\/p>\n\n\n\n<p>El secretario de Turismo de Michoac\u00e1n destac\u00f3 la conectividad existente hacia la entidad, que est\u00e1 pr\u00e1cticamente a una escala de importantes destinos internacionales. Por ejemplo, desde Madrid v\u00eda Canc\u00fan, Ciudad de M\u00e9xico o Monterrey; desde China a trav\u00e9s de Tijuana con la ruta de Beijing, aunado a los vuelos que se anunciaron de la capital espa\u00f1ola a Quer\u00e9taro y al aeropuerto del Baj\u00edo que, por la cercan\u00eda con Michoac\u00e1n, se trabaja en un Convenio para poder traer al turismo que viaje por estas rutas.<\/p>\n\n\n\n<p><strong>\u201cMichoac\u00e1n, el alma de M\u00e9xico\u201d trasciende fronteras<\/strong><\/p>\n\n\n\n<p>FITUR 2026 tambi\u00e9n fue el escenario id\u00f3neo para el lanzamiento de la campa\u00f1a \u201cMichoac\u00e1n, el alma de M\u00e9xico\u201d ante m\u00e1s de 100 representantes del sector tur\u00edstico y medios internacionales, que llegar\u00e1 a varios pa\u00edses en colaboraci\u00f3n con la Secretar\u00eda de Turismo del Gobierno de M\u00e9xico (Sectur) como parte del Estrategia del Plan Michoac\u00e1n por la Paz y la Justicia.<\/p>\n\n\n\n<p>Tambi\u00e9n se dio a conocer el Plan Michoac\u00e1n con los temas de infraestructura y la Gu\u00eda Nacional de Experiencias Comunitarias.<\/p>\n\n\n\n<p><strong>Michoac\u00e1n m\u00e1s all\u00e1 del recinto ferial<\/strong><\/p>\n\n\n\n<p>Michoac\u00e1n tuvo un despliegue importante de presencia en Madrid, m\u00e1s all\u00e1 del recinto ferial IFEMA, sede de FITUR. M\u00e1s de 10 activaciones en espacios p\u00fablicos de Madrid, como la Puerta de Alcal\u00e1, el estadio Santiago Bernab\u00e9u y la Plaza Mayor, as\u00ed como en la Casa de M\u00e9xico y en la Embajada de M\u00e9xico en Espa\u00f1a formaron parte de una agenda intensa cultural.<\/p>\n\n\n\n<p>Entre las activaciones realizadas, destaca la representaci\u00f3n de la Danza de los Viejitos, de Erongar\u00edcaro, Jar\u00e1cuaro, y la Catrina Monarca. As\u00ed mismo, se instal\u00f3 y devel\u00f3 el busto de Jos\u00e9 Mar\u00eda Morelos y Pav\u00f3n que el a\u00f1o pasado entreg\u00f3 el gobernador Alfredo Ram\u00edrez Bedolla a la Embajada de M\u00e9xico en Espa\u00f1a.<\/p>\n\n\n\n<p>La Casa de M\u00e9xico en Espa\u00f1a alberga una pieza \u00fanica del artesano Abd\u00f3n Punzo que muestra la riqueza artesanal de Michoac\u00e1n; Asicotur eval\u00faa poner a la entidad como uno de los Caminos Inici\u00e1ticos a Santiago; y se dio a conocer la K\u2019u\u00ednchekua al mercado europeo.<\/p>\n\n\n\n<p>La gastronom\u00eda michoacana tambi\u00e9n tuvo una relevante presencia en FITUR 2026 al participar en el \u201cReto del Taco\u201d, que reuni\u00f3 a chefs mexicanos y espa\u00f1oles en un intercambio culinario que fortaleci\u00f3 el v\u00ednculo entre ambas naciones. El chef Sergio Olivo, originario de Quiroga, fue el representante en esta actividad, adem\u00e1s se ofrecieron tortas de carnitas a los expertos del turismo de Iberoam\u00e9rica.<\/p>\n\n\n\n<p>Con la participaci\u00f3n de Michoac\u00e1n en FITUR 2026, se potencia la entidad como un destino con una oferta de atractivos hist\u00f3ricos, culturales y naturales para todo tipo de viajeros, as\u00ed como una s\u00f3lida infraestructura tur\u00edstica y conectividad para que disfruten de una estancia excepcional. (<a href=\"https:\/\/nitu.mx\/index.php\/2025\/11\/24\/michoacan-abre-sus-puertas-a-los-santuarios-de-la-mariposa-monarca\/\">Michoac\u00e1n abre sus puertas a los Santuarios de la Mariposa Monarca<\/a>).<\/p>\n","protected":false},"excerpt":{"rendered":"<p>Durante la 46\u00aa edici\u00f3n de la Feria Internacional de Turismo (FITUR) que se llev\u00f3 a cabo en Madrid, Espa\u00f1a, el estado de Michoac\u00e1n tuvo una exitosa participaci\u00f3n que impulsar\u00e1 la llegada de turistas internacionales a los destinos de la entidad, gracias a diversas acciones emprendidas por la comitiva encabezada por el secretario de Turismo estatal, [&hellip;]<\/p>\n","protected":false},"author":17,"featured_media":85838,"comment_status":"closed","ping_status":"closed","sticky":false,"template":"","format":"standard","meta":{"footnotes":""},"categories":[5,24423],"tags":[3953,3431,23529,2765],"yoast_head":"<!-- This site is optimized with the Yoast SEO plugin v22.2 - https:\/\/yoast.com\/wordpress\/plugins\/seo\/ -->\n<title>Michoac\u00e1n cierra exitosamente su participaci\u00f3n en FITUR con m\u00e1s de 100 citas de negocio - Nitu - Noticias de la Industria Turistica<\/title>\n<meta name=\"robots\" content=\"index, follow, max-snippet:-1, max-image-preview:large, max-video-preview:-1\" \/>\n<link rel=\"canonical\" href=\"https:\/\/nitu.mx\/index.php\/2026\/01\/26\/michoacan-cierra-exitosamente-su-participacion-en-fitur-con-mas-de-100-citas-de-negocio\/\" \/>\n<meta name=\"twitter:card\" content=\"summary_large_image\" \/>\n<meta name=\"twitter:title\" content=\"Michoac\u00e1n cierra exitosamente su participaci\u00f3n en FITUR con m\u00e1s de 100 citas de negocio - Nitu - Noticias de la Industria Turistica\" \/>\n<meta name=\"twitter:description\" content=\"Durante la 46\u00aa edici\u00f3n de la Feria Internacional de Turismo (FITUR) que se llev\u00f3 a cabo en Madrid, Espa\u00f1a, el estado de Michoac\u00e1n tuvo una exitosa participaci\u00f3n que impulsar\u00e1 la llegada de turistas internacionales a los destinos de la entidad, gracias a diversas acciones emprendidas por la comitiva encabezada por el secretario de Turismo estatal, [&hellip;]\" \/>\n<meta name=\"twitter:image\" content=\"https:\/\/nitu.mx\/wp-content\/uploads\/2026\/01\/MICHOACAN-EN-FITUR-4.jpg\" \/>\n<meta name=\"twitter:creator\" content=\"@NITUmx\" \/>\n<meta name=\"twitter:site\" content=\"@Arturo_Medina_G\" \/>\n<meta name=\"twitter:label1\" content=\"Escrito por\" \/>\n\t<meta name=\"twitter:data1\" content=\"Redacci\u00f3n\" \/>\n\t<meta name=\"twitter:label2\" content=\"Tiempo de lectura\" \/>\n\t<meta name=\"twitter:data2\" content=\"4 minutos\" \/>\n<script type=\"application\/ld+json\" class=\"yoast-schema-graph\">{\"@context\":\"https:\/\/schema.org\",\"@graph\":[{\"@type\":\"Article\",\"@id\":\"https:\/\/nitu.mx\/index.php\/2026\/01\/26\/michoacan-cierra-exitosamente-su-participacion-en-fitur-con-mas-de-100-citas-de-negocio\/#article\",\"isPartOf\":{\"@id\":\"https:\/\/nitu.mx\/index.php\/2026\/01\/26\/michoacan-cierra-exitosamente-su-participacion-en-fitur-con-mas-de-100-citas-de-negocio\/\"},\"author\":{\"name\":\"Redacci\u00f3n\",\"@id\":\"https:\/\/nitu.mx\/#\/schema\/person\/4a28fe9bd65924f7c90623773daf1b0b\"},\"headline\":\"Michoac\u00e1n cierra exitosamente su participaci\u00f3n en FITUR con m\u00e1s de 100 citas de negocio\",\"datePublished\":\"2026-01-27T02:47:19+00:00\",\"dateModified\":\"2026-01-27T02:47:20+00:00\",\"mainEntityOfPage\":{\"@id\":\"https:\/\/nitu.mx\/index.php\/2026\/01\/26\/michoacan-cierra-exitosamente-su-participacion-en-fitur-con-mas-de-100-citas-de-negocio\/\"},\"wordCount\":814,\"publisher\":{\"@id\":\"https:\/\/nitu.mx\/#\/schema\/person\/ae7a53426417292d3dd07b45a33e01bc\"},\"image\":{\"@id\":\"https:\/\/nitu.mx\/index.php\/2026\/01\/26\/michoacan-cierra-exitosamente-su-participacion-en-fitur-con-mas-de-100-citas-de-negocio\/#primaryimage\"},\"thumbnailUrl\":\"https:\/\/nitu.mx\/wp-content\/uploads\/2026\/01\/MICHOACAN-EN-FITUR-4.jpg\",\"keywords\":[\"conectividad\",\"Michoac\u00e1n\",\"Roberto Monroy\",\"Viajes El Corte Ingl\u00e9s\"],\"articleSection\":[\"Destinos\",\"FITUR\"],\"inLanguage\":\"es-MX\"},{\"@type\":\"WebPage\",\"@id\":\"https:\/\/nitu.mx\/index.php\/2026\/01\/26\/michoacan-cierra-exitosamente-su-participacion-en-fitur-con-mas-de-100-citas-de-negocio\/\",\"url\":\"https:\/\/nitu.mx\/index.php\/2026\/01\/26\/michoacan-cierra-exitosamente-su-participacion-en-fitur-con-mas-de-100-citas-de-negocio\/\",\"name\":\"Michoac\u00e1n cierra exitosamente su participaci\u00f3n en FITUR con m\u00e1s de 100 citas de negocio - Nitu - Noticias de la Industria Turistica\",\"isPartOf\":{\"@id\":\"https:\/\/nitu.mx\/#website\"},\"primaryImageOfPage\":{\"@id\":\"https:\/\/nitu.mx\/index.php\/2026\/01\/26\/michoacan-cierra-exitosamente-su-participacion-en-fitur-con-mas-de-100-citas-de-negocio\/#primaryimage\"},\"image\":{\"@id\":\"https:\/\/nitu.mx\/index.php\/2026\/01\/26\/michoacan-cierra-exitosamente-su-participacion-en-fitur-con-mas-de-100-citas-de-negocio\/#primaryimage\"},\"thumbnailUrl\":\"https:\/\/nitu.mx\/wp-content\/uploads\/2026\/01\/MICHOACAN-EN-FITUR-4.jpg\",\"datePublished\":\"2026-01-27T02:47:19+00:00\",\"dateModified\":\"2026-01-27T02:47:20+00:00\",\"breadcrumb\":{\"@id\":\"https:\/\/nitu.mx\/index.php\/2026\/01\/26\/michoacan-cierra-exitosamente-su-participacion-en-fitur-con-mas-de-100-citas-de-negocio\/#breadcrumb\"},\"inLanguage\":\"es-MX\",\"potentialAction\":[{\"@type\":\"ReadAction\",\"target\":[\"https:\/\/nitu.mx\/index.php\/2026\/01\/26\/michoacan-cierra-exitosamente-su-participacion-en-fitur-con-mas-de-100-citas-de-negocio\/\"]}]},{\"@type\":\"ImageObject\",\"inLanguage\":\"es-MX\",\"@id\":\"https:\/\/nitu.mx\/index.php\/2026\/01\/26\/michoacan-cierra-exitosamente-su-participacion-en-fitur-con-mas-de-100-citas-de-negocio\/#primaryimage\",\"url\":\"https:\/\/nitu.mx\/wp-content\/uploads\/2026\/01\/MICHOACAN-EN-FITUR-4.jpg\",\"contentUrl\":\"https:\/\/nitu.mx\/wp-content\/uploads\/2026\/01\/MICHOACAN-EN-FITUR-4.jpg\",\"width\":1200,\"height\":675,\"caption\":\"MICHOAC\u00c1N EN FITUR 4\"},{\"@type\":\"BreadcrumbList\",\"@id\":\"https:\/\/nitu.mx\/index.php\/2026\/01\/26\/michoacan-cierra-exitosamente-su-participacion-en-fitur-con-mas-de-100-citas-de-negocio\/#breadcrumb\",\"itemListElement\":[{\"@type\":\"ListItem\",\"position\":1,\"name\":\"Inicio\",\"item\":\"https:\/\/nitu.mx\/\"},{\"@type\":\"ListItem\",\"position\":2,\"name\":\"Michoac\u00e1n cierra exitosamente su participaci\u00f3n en FITUR con m\u00e1s de 100 citas de negocio\"}]},{\"@type\":\"WebSite\",\"@id\":\"https:\/\/nitu.mx\/#website\",\"url\":\"https:\/\/nitu.mx\/\",\"name\":\"Nitu - Noticias de la Industria Turistica\",\"description\":\"Noticias de la Industria Turistica\",\"publisher\":{\"@id\":\"https:\/\/nitu.mx\/#\/schema\/person\/ae7a53426417292d3dd07b45a33e01bc\"},\"alternateName\":\"Noticias de la Industria Turistica\",\"potentialAction\":[{\"@type\":\"SearchAction\",\"target\":{\"@type\":\"EntryPoint\",\"urlTemplate\":\"https:\/\/nitu.mx\/?s={search_term_string}\"},\"query-input\":\"required name=search_term_string\"}],\"inLanguage\":\"es-MX\"},{\"@type\":[\"Person\",\"Organization\"],\"@id\":\"https:\/\/nitu.mx\/#\/schema\/person\/ae7a53426417292d3dd07b45a33e01bc\",\"name\":\"Arturo Medina\",\"image\":{\"@type\":\"ImageObject\",\"inLanguage\":\"es-MX\",\"@id\":\"https:\/\/nitu.mx\/#\/schema\/person\/image\/\",\"url\":\"https:\/\/nitu.mx\/wp-content\/uploads\/2024\/04\/4A315622-1904-4D5C-B022-878CDC840E04-90x90-1.jpeg\",\"contentUrl\":\"https:\/\/nitu.mx\/wp-content\/uploads\/2024\/04\/4A315622-1904-4D5C-B022-878CDC840E04-90x90-1.jpeg\",\"width\":90,\"height\":90,\"caption\":\"Arturo Medina\"},\"logo\":{\"@id\":\"https:\/\/nitu.mx\/#\/schema\/person\/image\/\"},\"description\":\"Director NITU.mx, Egresado de la Escuela de Periodismo Carlos Septi\u00e9n Garc\u00eda. Periodista y analista especializado en turismo desde hace 35 a\u00f1os, radicado en Canc\u00fan Q.Roo. arturo@nitu.mx\",\"sameAs\":[\"https:\/\/nitu.mx\",\"https:\/\/www.facebook.com\/NITUmx\/\",\"medinacancun\",\"https:\/\/twitter.com\/@Arturo_Medina_G\"]},{\"@type\":\"Person\",\"@id\":\"https:\/\/nitu.mx\/#\/schema\/person\/4a28fe9bd65924f7c90623773daf1b0b\",\"name\":\"Redacci\u00f3n\",\"image\":{\"@type\":\"ImageObject\",\"inLanguage\":\"es-MX\",\"@id\":\"https:\/\/nitu.mx\/#\/schema\/person\/image\/\",\"url\":\"https:\/\/secure.gravatar.com\/avatar\/5dd011c8ccfc5cd7e4c81e42252aab38?s=96&d=mm&r=g\",\"contentUrl\":\"https:\/\/secure.gravatar.com\/avatar\/5dd011c8ccfc5cd7e4c81e42252aab38?s=96&d=mm&r=g\",\"caption\":\"Redacci\u00f3n\"},\"url\":\"https:\/\/nitu.mx\/index.php\/author\/redaccion\/\"}]}<\/script>\n<!-- \/ Yoast SEO plugin. -->","yoast_head_json":{"title":"Michoac\u00e1n cierra exitosamente su participaci\u00f3n en FITUR con m\u00e1s de 100 citas de negocio - Nitu - Noticias de la Industria Turistica","robots":{"index":"index","follow":"follow","max-snippet":"max-snippet:-1","max-image-preview":"max-image-preview:large","max-video-preview":"max-video-preview:-1"},"canonical":"https:\/\/nitu.mx\/index.php\/2026\/01\/26\/michoacan-cierra-exitosamente-su-participacion-en-fitur-con-mas-de-100-citas-de-negocio\/","twitter_card":"summary_large_image","twitter_title":"Michoac\u00e1n cierra exitosamente su participaci\u00f3n en FITUR con m\u00e1s de 100 citas de negocio - Nitu - Noticias de la Industria Turistica","twitter_description":"Durante la 46\u00aa edici\u00f3n de la Feria Internacional de Turismo (FITUR) que se llev\u00f3 a cabo en Madrid, Espa\u00f1a, el estado de Michoac\u00e1n tuvo una exitosa participaci\u00f3n que impulsar\u00e1 la llegada de turistas internacionales a los destinos de la entidad, gracias a diversas acciones emprendidas por la comitiva encabezada por el secretario de Turismo estatal, [&hellip;]","twitter_image":"https:\/\/nitu.mx\/wp-content\/uploads\/2026\/01\/MICHOACAN-EN-FITUR-4.jpg","twitter_creator":"@NITUmx","twitter_site":"@Arturo_Medina_G","twitter_misc":{"Escrito por":"Redacci\u00f3n","Tiempo de lectura":"4 minutos"},"schema":{"@context":"https:\/\/schema.org","@graph":[{"@type":"Article","@id":"https:\/\/nitu.mx\/index.php\/2026\/01\/26\/michoacan-cierra-exitosamente-su-participacion-en-fitur-con-mas-de-100-citas-de-negocio\/#article","isPartOf":{"@id":"https:\/\/nitu.mx\/index.php\/2026\/01\/26\/michoacan-cierra-exitosamente-su-participacion-en-fitur-con-mas-de-100-citas-de-negocio\/"},"author":{"name":"Redacci\u00f3n","@id":"https:\/\/nitu.mx\/#\/schema\/person\/4a28fe9bd65924f7c90623773daf1b0b"},"headline":"Michoac\u00e1n cierra exitosamente su participaci\u00f3n en FITUR con m\u00e1s de 100 citas de negocio","datePublished":"2026-01-27T02:47:19+00:00","dateModified":"2026-01-27T02:47:20+00:00","mainEntityOfPage":{"@id":"https:\/\/nitu.mx\/index.php\/2026\/01\/26\/michoacan-cierra-exitosamente-su-participacion-en-fitur-con-mas-de-100-citas-de-negocio\/"},"wordCount":814,"publisher":{"@id":"https:\/\/nitu.mx\/#\/schema\/person\/ae7a53426417292d3dd07b45a33e01bc"},"image":{"@id":"https:\/\/nitu.mx\/index.php\/2026\/01\/26\/michoacan-cierra-exitosamente-su-participacion-en-fitur-con-mas-de-100-citas-de-negocio\/#primaryimage"},"thumbnailUrl":"https:\/\/nitu.mx\/wp-content\/uploads\/2026\/01\/MICHOACAN-EN-FITUR-4.jpg","keywords":["conectividad","Michoac\u00e1n","Roberto Monroy","Viajes El Corte Ingl\u00e9s"],"articleSection":["Destinos","FITUR"],"inLanguage":"es-MX"},{"@type":"WebPage","@id":"https:\/\/nitu.mx\/index.php\/2026\/01\/26\/michoacan-cierra-exitosamente-su-participacion-en-fitur-con-mas-de-100-citas-de-negocio\/","url":"https:\/\/nitu.mx\/index.php\/2026\/01\/26\/michoacan-cierra-exitosamente-su-participacion-en-fitur-con-mas-de-100-citas-de-negocio\/","name":"Michoac\u00e1n cierra exitosamente su participaci\u00f3n en FITUR con m\u00e1s de 100 citas de negocio - Nitu - Noticias de la Industria Turistica","isPartOf":{"@id":"https:\/\/nitu.mx\/#website"},"primaryImageOfPage":{"@id":"https:\/\/nitu.mx\/index.php\/2026\/01\/26\/michoacan-cierra-exitosamente-su-participacion-en-fitur-con-mas-de-100-citas-de-negocio\/#primaryimage"},"image":{"@id":"https:\/\/nitu.mx\/index.php\/2026\/01\/26\/michoacan-cierra-exitosamente-su-participacion-en-fitur-con-mas-de-100-citas-de-negocio\/#primaryimage"},"thumbnailUrl":"https:\/\/nitu.mx\/wp-content\/uploads\/2026\/01\/MICHOACAN-EN-FITUR-4.jpg","datePublished":"2026-01-27T02:47:19+00:00","dateModified":"2026-01-27T02:47:20+00:00","breadcrumb":{"@id":"https:\/\/nitu.mx\/index.php\/2026\/01\/26\/michoacan-cierra-exitosamente-su-participacion-en-fitur-con-mas-de-100-citas-de-negocio\/#breadcrumb"},"inLanguage":"es-MX","potentialAction":[{"@type":"ReadAction","target":["https:\/\/nitu.mx\/index.php\/2026\/01\/26\/michoacan-cierra-exitosamente-su-participacion-en-fitur-con-mas-de-100-citas-de-negocio\/"]}]},{"@type":"ImageObject","inLanguage":"es-MX","@id":"https:\/\/nitu.mx\/index.php\/2026\/01\/26\/michoacan-cierra-exitosamente-su-participacion-en-fitur-con-mas-de-100-citas-de-negocio\/#primaryimage","url":"https:\/\/nitu.mx\/wp-content\/uploads\/2026\/01\/MICHOACAN-EN-FITUR-4.jpg","contentUrl":"https:\/\/nitu.mx\/wp-content\/uploads\/2026\/01\/MICHOACAN-EN-FITUR-4.jpg","width":1200,"height":675,"caption":"MICHOAC\u00c1N EN FITUR 4"},{"@type":"BreadcrumbList","@id":"https:\/\/nitu.mx\/index.php\/2026\/01\/26\/michoacan-cierra-exitosamente-su-participacion-en-fitur-con-mas-de-100-citas-de-negocio\/#breadcrumb","itemListElement":[{"@type":"ListItem","position":1,"name":"Inicio","item":"https:\/\/nitu.mx\/"},{"@type":"ListItem","position":2,"name":"Michoac\u00e1n cierra exitosamente su participaci\u00f3n en FITUR con m\u00e1s de 100 citas de negocio"}]},{"@type":"WebSite","@id":"https:\/\/nitu.mx\/#website","url":"https:\/\/nitu.mx\/","name":"Nitu - Noticias de la Industria Turistica","description":"Noticias de la Industria Turistica","publisher":{"@id":"https:\/\/nitu.mx\/#\/schema\/person\/ae7a53426417292d3dd07b45a33e01bc"},"alternateName":"Noticias de la Industria Turistica","potentialAction":[{"@type":"SearchAction","target":{"@type":"EntryPoint","urlTemplate":"https:\/\/nitu.mx\/?s={search_term_string}"},"query-input":"required name=search_term_string"}],"inLanguage":"es-MX"},{"@type":["Person","Organization"],"@id":"https:\/\/nitu.mx\/#\/schema\/person\/ae7a53426417292d3dd07b45a33e01bc","name":"Arturo Medina","image":{"@type":"ImageObject","inLanguage":"es-MX","@id":"https:\/\/nitu.mx\/#\/schema\/person\/image\/","url":"https:\/\/nitu.mx\/wp-content\/uploads\/2024\/04\/4A315622-1904-4D5C-B022-878CDC840E04-90x90-1.jpeg","contentUrl":"https:\/\/nitu.mx\/wp-content\/uploads\/2024\/04\/4A315622-1904-4D5C-B022-878CDC840E04-90x90-1.jpeg","width":90,"height":90,"caption":"Arturo Medina"},"logo":{"@id":"https:\/\/nitu.mx\/#\/schema\/person\/image\/"},"description":"Director NITU.mx, Egresado de la Escuela de Periodismo Carlos Septi\u00e9n Garc\u00eda. Periodista y analista especializado en turismo desde hace 35 a\u00f1os, radicado en Canc\u00fan Q.Roo. arturo@nitu.mx","sameAs":["https:\/\/nitu.mx","https:\/\/www.facebook.com\/NITUmx\/","medinacancun","https:\/\/twitter.com\/@Arturo_Medina_G"]},{"@type":"Person","@id":"https:\/\/nitu.mx\/#\/schema\/person\/4a28fe9bd65924f7c90623773daf1b0b","name":"Redacci\u00f3n","image":{"@type":"ImageObject","inLanguage":"es-MX","@id":"https:\/\/nitu.mx\/#\/schema\/person\/image\/","url":"https:\/\/secure.gravatar.com\/avatar\/5dd011c8ccfc5cd7e4c81e42252aab38?s=96&d=mm&r=g","contentUrl":"https:\/\/secure.gravatar.com\/avatar\/5dd011c8ccfc5cd7e4c81e42252aab38?s=96&d=mm&r=g","caption":"Redacci\u00f3n"},"url":"https:\/\/nitu.mx\/index.php\/author\/redaccion\/"}]}},"views":367,"_links":{"self":[{"href":"https:\/\/nitu.mx\/index.php\/wp-json\/wp\/v2\/posts\/85835"}],"collection":[{"href":"https:\/\/nitu.mx\/index.php\/wp-json\/wp\/v2\/posts"}],"about":[{"href":"https:\/\/nitu.mx\/index.php\/wp-json\/wp\/v2\/types\/post"}],"author":[{"embeddable":true,"href":"https:\/\/nitu.mx\/index.php\/wp-json\/wp\/v2\/users\/17"}],"replies":[{"embeddable":true,"href":"https:\/\/nitu.mx\/index.php\/wp-json\/wp\/v2\/comments?post=85835"}],"version-history":[{"count":1,"href":"https:\/\/nitu.mx\/index.php\/wp-json\/wp\/v2\/posts\/85835\/revisions"}],"predecessor-version":[{"id":85837,"href":"https:\/\/nitu.mx\/index.php\/wp-json\/wp\/v2\/posts\/85835\/revisions\/85837"}],"wp:featuredmedia":[{"embeddable":true,"href":"https:\/\/nitu.mx\/index.php\/wp-json\/wp\/v2\/media\/85838"}],"wp:attachment":[{"href":"https:\/\/nitu.mx\/index.php\/wp-json\/wp\/v2\/media?parent=85835"}],"wp:term":[{"taxonomy":"category","embeddable":true,"href":"https:\/\/nitu.mx\/index.php\/wp-json\/wp\/v2\/categories?post=85835"},{"taxonomy":"post_tag","embeddable":true,"href":"https:\/\/nitu.mx\/index.php\/wp-json\/wp\/v2\/tags?post=85835"}],"curies":[{"name":"wp","href":"https:\/\/api.w.org\/{rel}","templated":true}]}}