{"id":85826,"date":"2026-01-25T22:48:58","date_gmt":"2026-01-26T04:48:58","guid":{"rendered":"https:\/\/nitu.mx\/?p=85826"},"modified":"2026-01-25T22:48:59","modified_gmt":"2026-01-26T04:48:59","slug":"quintana-roo-hace-historia-en-fitur-madrid-y-se-consolida-como-potencia-turistica-mundial","status":"publish","type":"post","link":"https:\/\/nitu.mx\/index.php\/2026\/01\/25\/quintana-roo-hace-historia-en-fitur-madrid-y-se-consolida-como-potencia-turistica-mundial\/","title":{"rendered":"Quintana Roo hace historia en FITUR Madrid y se consolida como potencia tur\u00edstica mundial"},"content":{"rendered":"\n<p>\u201cSin lugar a dudas, esta es la mejor Feria Internacional de Turismo (FITUR) en la historia de Quintana Roo; trabajamos con el objetivo bien claro: que el \u00e9xito del turismo sea con bienestar y prosperidad compartida\u201d, expres\u00f3 la gobernadora Mara Lezama Espinosa al resumir los logros de una apretada y extraordinaria agenda.<\/p>\n\n\n\n<p>Mara Lezama dijo que la participaci\u00f3n de Quintana Roo, el Caribe Mexicano, Capital Mundial de las Vacaciones, en la FITUR 2026 traer\u00e1 como resultado grandes a\u00f1os para las y los quintanarroenses, por el gran trabajo hecho, con visi\u00f3n de futuro.<\/p>\n\n\n\n<p>\u201cLa participaci\u00f3n en la FITUR 2026 marc\u00f3 un precedente hist\u00f3rico, al consolidarse como la mejor edici\u00f3n para Quintana Roo, gracias a una agenda amplia, estrat\u00e9gica y con resultados contundentes en inversi\u00f3n, conectividad, promoci\u00f3n y alianzas internacionales\u201d explic\u00f3 la titular del Ejecutivo.<\/p>\n\n\n\n<p>Durante tres d\u00edas y medio de actividades, equivalentes a 84 horas de trabajo, Quintana Roo anunci\u00f3 una inversi\u00f3n hist\u00f3rica de 250 millones de d\u00f3lares por parte del Grupo Excellence, que construir\u00e1 su sexto hotel en el estado: Finest Puerto Morelos, fortaleciendo la confianza de inversionistas internacionales en el Caribe Mexicano.<\/p>\n\n\n\n<p>En materia de conectividad a\u00e9rea, Mara Lezama destac\u00f3 que Viva Aerob\u00fas retomar\u00e1 el vuelo Acapulco\u2013Canc\u00fan, una ruta clave para la recuperaci\u00f3n tur\u00edstica y econ\u00f3mica, adem\u00e1s de reforzar la red a\u00e9rea de los aeropuertos del estado.<\/p>\n\n\n\n<p>Junto a Encarna Pi\u00f1ero, CEO de Grupo Pi\u00f1ero, la Gobernadora constat\u00f3 la difusi\u00f3n permanente de la nueva campa\u00f1a internacional \u201cEl Caribe Mexicano, la Capital Mundial de las Vacaciones\u201d, que promueve de manera constante los 12 destinos tur\u00edsticos de Quintana Roo en plataformas globales.<\/p>\n\n\n\n<p>Asimismo, se confirm\u00f3 la realizaci\u00f3n del PGA en Tulum Country Club, del 16 al 19 de abril, como parte del Campeonato Latinoamericano de Profesionales.<\/p>\n\n\n\n<p>\u201cY s\u00ed, una nueva campa\u00f1a, porque Quintana Roo lo tiene todo, todas las formas posibles de vacacionar est\u00e1n presentes en nuestros 12 destinos; queremos que el mundo se enamore y regrese una y otra vez a Quintana Roo, queremos que nuestros inversionistas y socios estrat\u00e9gicos conecten, inviertan y crezcan\u201d, puntualiz\u00f3 la titular del Ejecutivo.<\/p>\n\n\n\n<p>Mara Lezama subray\u00f3 que Quintana Roo apuesta con decisi\u00f3n al Mundial de Futbol, donde el Caribe Mexicano ser\u00e1 la puerta de entrada, con conexi\u00f3n directa a las 16 sedes y a m\u00e1s de 120 ciudades del mundo. En ese marco, se sostuvo una reuni\u00f3n estrat\u00e9gica con \u00c1voris, el grupo que comercializa el mayor n\u00famero de paquetes mundialistas en Europa, que env\u00eda m\u00e1s de 200 mil pasajeros al a\u00f1o a Quintana Roo y representa a la Selecci\u00f3n Espa\u00f1ola de Futbol. A ello se sum\u00f3 el trabajo conjunto con World2Meet, World2Fly e Iberostar, socios que trasladan a m\u00e1s de un mill\u00f3n de turistas anuales.<\/p>\n\n\n\n<p>En un hecho sin precedentes, la Gobernadora resalt\u00f3 que en FITUR se democratiz\u00f3 el turismo, al permitir que artesanas y artesanos promovieran y comercializaran directamente seis experiencias de turismo rural y comunitario: Selva y Chicle, Serpientes Colgantes, Recorrido en Tihosuco, Canales de Muyil, Bordados en Xpichil y Milpa Maya.<\/p>\n\n\n\n<p>Ante foros empresariales, tur\u00edsticos, hoteleros y bancarios, como BBVA y Santander, se dej\u00f3 claro que Quintana Roo vive un crecimiento sostenido, s\u00ed, pero con desarrollo sostenible y sustentable, posicion\u00e1ndose como una palanca de inversi\u00f3n rumbo al Mundial, con Base Camps, Fan Zones, acuerdos con touroperadores internacionales y protocolos de seguridad de primer nivel.<\/p>\n\n\n\n<p>Durante la Feria, Mara Lezama celebr\u00f3 el momento hist\u00f3rico que vive el turismo mundial, al felicitar a Shaikha Al Nowais, primera mujer secretaria general de ONU Turismo, y a Gloria Guevara, ratificada al frente del WTTC, destacando el liderazgo femenino en los principales organismos internacionales del sector.<\/p>\n\n\n\n<p>La agenda incluy\u00f3 reuniones clave con Altagracia G\u00f3mez, presidenta del Consejo de Desarrollo Econ\u00f3mico del Gobierno Federal; con Gustavo Viescas, presidente para Latinoam\u00e9rica y el Caribe de Wyndham Hotels &amp; Resorts; y con Inverotel, l\u00edderes del sector tur\u00edstico e inversionistas espa\u00f1oles, dando seguimiento a la cartera de inversiones.<\/p>\n\n\n\n<p>Adem\u00e1s, Quintana Roo fue reconocido por sus avances en ordenamiento y seguridad durante el di\u00e1logo con secretarias y secretarios de Turismo del pa\u00eds.<\/p>\n\n\n\n<p>Con sus 12 destinos tur\u00edsticos, el estado inaugur\u00f3 el Pabell\u00f3n del Caribe Mexicano, integrado por m\u00e1s de 70 expositores, presidentes municipales, representantes hoteleros y artesanas y artesanos, as\u00ed como el Pabell\u00f3n de M\u00e9xico, junto a la secretaria Josefina Rodr\u00edguez y el embajador Quirino Ordaz.<\/p>\n\n\n\n<p>La promoci\u00f3n internacional alcanz\u00f3 cifras r\u00e9cord, con presencia en Puerta del Sol, con un impacto de 6.5 millones de personas, en Plaza Callao, una de las m\u00e1s visitadas de Europa, y en el Aeropuerto Internacional Madrid\u2013Barajas, con m\u00e1s de 6 millones de impactos.<\/p>\n\n\n\n<p>Finalmente, se anunciaron eventos de talla internacional como HYROX Canc\u00fan, el Festival Gastron\u00f3mico del Caribe Mexicano en Cozumel, el Gran Circuito de Pesca del Caribe Mexicano y, por segundo a\u00f1o consecutivo, el Premier Padel Canc\u00fan P2.<\/p>\n\n\n\n<p>\u201cSin lugar a dudas, este ha sido el mejor FITUR en la historia de Quintana Roo, por la agenda intensa, la conectividad, los nuevos acuerdos comerciales, la apuesta por la inversi\u00f3n y la democratizaci\u00f3n del turismo. El objetivo es claro: que el \u00e9xito tur\u00edstico se traduzca en bienestar y prosperidad compartida\u201d, afirm\u00f3 la gobernadora, quien asegur\u00f3 que regresa al estado para seguir trabajando con visi\u00f3n de futuro por el bienestar de la gente. (<a href=\"https:\/\/nitu.mx\/index.php\/2026\/01\/22\/caribe-mexicano-fortalece-la-inversion-conectividad-y-la-actividad-turistica-en-fitur\/\">Caribe Mexicano fortalece la inversi\u00f3n, conectividad y la actividad tur\u00edstica en FITUR<\/a>).<\/p>\n","protected":false},"excerpt":{"rendered":"<p>\u201cSin lugar a dudas, esta es la mejor Feria Internacional de Turismo (FITUR) en la historia de Quintana Roo; trabajamos con el objetivo bien claro: que el \u00e9xito del turismo sea con bienestar y prosperidad compartida\u201d, expres\u00f3 la gobernadora Mara Lezama Espinosa al resumir los logros de una apretada y extraordinaria agenda. Mara Lezama dijo [&hellip;]<\/p>\n","protected":false},"author":17,"featured_media":85829,"comment_status":"closed","ping_status":"closed","sticky":false,"template":"","format":"standard","meta":{"footnotes":""},"categories":[18475,24423],"tags":[26774,27946,24085,260],"yoast_head":"<!-- This site is optimized with the Yoast SEO plugin v22.2 - https:\/\/yoast.com\/wordpress\/plugins\/seo\/ -->\n<title>Quintana Roo hace historia en FITUR Madrid y se consolida como potencia tur\u00edstica mundial - Nitu - Noticias de la Industria Turistica<\/title>\n<meta name=\"robots\" content=\"index, follow, max-snippet:-1, max-image-preview:large, max-video-preview:-1\" \/>\n<link rel=\"canonical\" href=\"https:\/\/nitu.mx\/index.php\/2026\/01\/25\/quintana-roo-hace-historia-en-fitur-madrid-y-se-consolida-como-potencia-turistica-mundial\/\" \/>\n<meta name=\"twitter:card\" content=\"summary_large_image\" \/>\n<meta name=\"twitter:title\" content=\"Quintana Roo hace historia en FITUR Madrid y se consolida como potencia tur\u00edstica mundial - Nitu - Noticias de la Industria Turistica\" \/>\n<meta name=\"twitter:description\" content=\"\u201cSin lugar a dudas, esta es la mejor Feria Internacional de Turismo (FITUR) en la historia de Quintana Roo; trabajamos con el objetivo bien claro: que el \u00e9xito del turismo sea con bienestar y prosperidad compartida\u201d, expres\u00f3 la gobernadora Mara Lezama Espinosa al resumir los logros de una apretada y extraordinaria agenda. Mara Lezama dijo [&hellip;]\" \/>\n<meta name=\"twitter:image\" content=\"https:\/\/nitu.mx\/wp-content\/uploads\/2026\/01\/FITUR-Quintana-Roo-cierre.jpg\" \/>\n<meta name=\"twitter:creator\" content=\"@NITUmx\" \/>\n<meta name=\"twitter:site\" content=\"@Arturo_Medina_G\" \/>\n<meta name=\"twitter:label1\" content=\"Escrito por\" \/>\n\t<meta name=\"twitter:data1\" content=\"Redacci\u00f3n\" \/>\n\t<meta name=\"twitter:label2\" content=\"Tiempo de lectura\" \/>\n\t<meta name=\"twitter:data2\" content=\"5 minutos\" \/>\n<script type=\"application\/ld+json\" class=\"yoast-schema-graph\">{\"@context\":\"https:\/\/schema.org\",\"@graph\":[{\"@type\":\"Article\",\"@id\":\"https:\/\/nitu.mx\/index.php\/2026\/01\/25\/quintana-roo-hace-historia-en-fitur-madrid-y-se-consolida-como-potencia-turistica-mundial\/#article\",\"isPartOf\":{\"@id\":\"https:\/\/nitu.mx\/index.php\/2026\/01\/25\/quintana-roo-hace-historia-en-fitur-madrid-y-se-consolida-como-potencia-turistica-mundial\/\"},\"author\":{\"name\":\"Redacci\u00f3n\",\"@id\":\"https:\/\/nitu.mx\/#\/schema\/person\/4a28fe9bd65924f7c90623773daf1b0b\"},\"headline\":\"Quintana Roo hace historia en FITUR Madrid y se consolida como potencia tur\u00edstica mundial\",\"datePublished\":\"2026-01-26T04:48:58+00:00\",\"dateModified\":\"2026-01-26T04:48:59+00:00\",\"mainEntityOfPage\":{\"@id\":\"https:\/\/nitu.mx\/index.php\/2026\/01\/25\/quintana-roo-hace-historia-en-fitur-madrid-y-se-consolida-como-potencia-turistica-mundial\/\"},\"wordCount\":949,\"publisher\":{\"@id\":\"https:\/\/nitu.mx\/#\/schema\/person\/ae7a53426417292d3dd07b45a33e01bc\"},\"image\":{\"@id\":\"https:\/\/nitu.mx\/index.php\/2026\/01\/25\/quintana-roo-hace-historia-en-fitur-madrid-y-se-consolida-como-potencia-turistica-mundial\/#primaryimage\"},\"thumbnailUrl\":\"https:\/\/nitu.mx\/wp-content\/uploads\/2026\/01\/FITUR-Quintana-Roo-cierre.jpg\",\"keywords\":[\"Altagracia G\u00f3mez\",\"Grupo Excellence\",\"Mara Lezaama\",\"Quintana Roo\"],\"articleSection\":[\"Caribe Mexicano\",\"FITUR\"],\"inLanguage\":\"es-MX\"},{\"@type\":\"WebPage\",\"@id\":\"https:\/\/nitu.mx\/index.php\/2026\/01\/25\/quintana-roo-hace-historia-en-fitur-madrid-y-se-consolida-como-potencia-turistica-mundial\/\",\"url\":\"https:\/\/nitu.mx\/index.php\/2026\/01\/25\/quintana-roo-hace-historia-en-fitur-madrid-y-se-consolida-como-potencia-turistica-mundial\/\",\"name\":\"Quintana Roo hace historia en FITUR Madrid y se consolida como potencia tur\u00edstica mundial - Nitu - Noticias de la Industria Turistica\",\"isPartOf\":{\"@id\":\"https:\/\/nitu.mx\/#website\"},\"primaryImageOfPage\":{\"@id\":\"https:\/\/nitu.mx\/index.php\/2026\/01\/25\/quintana-roo-hace-historia-en-fitur-madrid-y-se-consolida-como-potencia-turistica-mundial\/#primaryimage\"},\"image\":{\"@id\":\"https:\/\/nitu.mx\/index.php\/2026\/01\/25\/quintana-roo-hace-historia-en-fitur-madrid-y-se-consolida-como-potencia-turistica-mundial\/#primaryimage\"},\"thumbnailUrl\":\"https:\/\/nitu.mx\/wp-content\/uploads\/2026\/01\/FITUR-Quintana-Roo-cierre.jpg\",\"datePublished\":\"2026-01-26T04:48:58+00:00\",\"dateModified\":\"2026-01-26T04:48:59+00:00\",\"breadcrumb\":{\"@id\":\"https:\/\/nitu.mx\/index.php\/2026\/01\/25\/quintana-roo-hace-historia-en-fitur-madrid-y-se-consolida-como-potencia-turistica-mundial\/#breadcrumb\"},\"inLanguage\":\"es-MX\",\"potentialAction\":[{\"@type\":\"ReadAction\",\"target\":[\"https:\/\/nitu.mx\/index.php\/2026\/01\/25\/quintana-roo-hace-historia-en-fitur-madrid-y-se-consolida-como-potencia-turistica-mundial\/\"]}]},{\"@type\":\"ImageObject\",\"inLanguage\":\"es-MX\",\"@id\":\"https:\/\/nitu.mx\/index.php\/2026\/01\/25\/quintana-roo-hace-historia-en-fitur-madrid-y-se-consolida-como-potencia-turistica-mundial\/#primaryimage\",\"url\":\"https:\/\/nitu.mx\/wp-content\/uploads\/2026\/01\/FITUR-Quintana-Roo-cierre.jpg\",\"contentUrl\":\"https:\/\/nitu.mx\/wp-content\/uploads\/2026\/01\/FITUR-Quintana-Roo-cierre.jpg\",\"width\":1200,\"height\":675,\"caption\":\"FITUR Quintana Roo cierre\"},{\"@type\":\"BreadcrumbList\",\"@id\":\"https:\/\/nitu.mx\/index.php\/2026\/01\/25\/quintana-roo-hace-historia-en-fitur-madrid-y-se-consolida-como-potencia-turistica-mundial\/#breadcrumb\",\"itemListElement\":[{\"@type\":\"ListItem\",\"position\":1,\"name\":\"Inicio\",\"item\":\"https:\/\/nitu.mx\/\"},{\"@type\":\"ListItem\",\"position\":2,\"name\":\"Quintana Roo hace historia en FITUR Madrid y se consolida como potencia tur\u00edstica mundial\"}]},{\"@type\":\"WebSite\",\"@id\":\"https:\/\/nitu.mx\/#website\",\"url\":\"https:\/\/nitu.mx\/\",\"name\":\"Nitu - Noticias de la Industria Turistica\",\"description\":\"Noticias de la Industria Turistica\",\"publisher\":{\"@id\":\"https:\/\/nitu.mx\/#\/schema\/person\/ae7a53426417292d3dd07b45a33e01bc\"},\"alternateName\":\"Noticias de la Industria Turistica\",\"potentialAction\":[{\"@type\":\"SearchAction\",\"target\":{\"@type\":\"EntryPoint\",\"urlTemplate\":\"https:\/\/nitu.mx\/?s={search_term_string}\"},\"query-input\":\"required name=search_term_string\"}],\"inLanguage\":\"es-MX\"},{\"@type\":[\"Person\",\"Organization\"],\"@id\":\"https:\/\/nitu.mx\/#\/schema\/person\/ae7a53426417292d3dd07b45a33e01bc\",\"name\":\"Arturo Medina\",\"image\":{\"@type\":\"ImageObject\",\"inLanguage\":\"es-MX\",\"@id\":\"https:\/\/nitu.mx\/#\/schema\/person\/image\/\",\"url\":\"https:\/\/nitu.mx\/wp-content\/uploads\/2024\/04\/4A315622-1904-4D5C-B022-878CDC840E04-90x90-1.jpeg\",\"contentUrl\":\"https:\/\/nitu.mx\/wp-content\/uploads\/2024\/04\/4A315622-1904-4D5C-B022-878CDC840E04-90x90-1.jpeg\",\"width\":90,\"height\":90,\"caption\":\"Arturo Medina\"},\"logo\":{\"@id\":\"https:\/\/nitu.mx\/#\/schema\/person\/image\/\"},\"description\":\"Director NITU.mx, Egresado de la Escuela de Periodismo Carlos Septi\u00e9n Garc\u00eda. Periodista y analista especializado en turismo desde hace 35 a\u00f1os, radicado en Canc\u00fan Q.Roo. arturo@nitu.mx\",\"sameAs\":[\"https:\/\/nitu.mx\",\"https:\/\/www.facebook.com\/NITUmx\/\",\"medinacancun\",\"https:\/\/twitter.com\/@Arturo_Medina_G\"]},{\"@type\":\"Person\",\"@id\":\"https:\/\/nitu.mx\/#\/schema\/person\/4a28fe9bd65924f7c90623773daf1b0b\",\"name\":\"Redacci\u00f3n\",\"image\":{\"@type\":\"ImageObject\",\"inLanguage\":\"es-MX\",\"@id\":\"https:\/\/nitu.mx\/#\/schema\/person\/image\/\",\"url\":\"https:\/\/secure.gravatar.com\/avatar\/5dd011c8ccfc5cd7e4c81e42252aab38?s=96&d=mm&r=g\",\"contentUrl\":\"https:\/\/secure.gravatar.com\/avatar\/5dd011c8ccfc5cd7e4c81e42252aab38?s=96&d=mm&r=g\",\"caption\":\"Redacci\u00f3n\"},\"url\":\"https:\/\/nitu.mx\/index.php\/author\/redaccion\/\"}]}<\/script>\n<!-- \/ Yoast SEO plugin. -->","yoast_head_json":{"title":"Quintana Roo hace historia en FITUR Madrid y se consolida como potencia tur\u00edstica mundial - Nitu - Noticias de la Industria Turistica","robots":{"index":"index","follow":"follow","max-snippet":"max-snippet:-1","max-image-preview":"max-image-preview:large","max-video-preview":"max-video-preview:-1"},"canonical":"https:\/\/nitu.mx\/index.php\/2026\/01\/25\/quintana-roo-hace-historia-en-fitur-madrid-y-se-consolida-como-potencia-turistica-mundial\/","twitter_card":"summary_large_image","twitter_title":"Quintana Roo hace historia en FITUR Madrid y se consolida como potencia tur\u00edstica mundial - Nitu - Noticias de la Industria Turistica","twitter_description":"\u201cSin lugar a dudas, esta es la mejor Feria Internacional de Turismo (FITUR) en la historia de Quintana Roo; trabajamos con el objetivo bien claro: que el \u00e9xito del turismo sea con bienestar y prosperidad compartida\u201d, expres\u00f3 la gobernadora Mara Lezama Espinosa al resumir los logros de una apretada y extraordinaria agenda. Mara Lezama dijo [&hellip;]","twitter_image":"https:\/\/nitu.mx\/wp-content\/uploads\/2026\/01\/FITUR-Quintana-Roo-cierre.jpg","twitter_creator":"@NITUmx","twitter_site":"@Arturo_Medina_G","twitter_misc":{"Escrito por":"Redacci\u00f3n","Tiempo de lectura":"5 minutos"},"schema":{"@context":"https:\/\/schema.org","@graph":[{"@type":"Article","@id":"https:\/\/nitu.mx\/index.php\/2026\/01\/25\/quintana-roo-hace-historia-en-fitur-madrid-y-se-consolida-como-potencia-turistica-mundial\/#article","isPartOf":{"@id":"https:\/\/nitu.mx\/index.php\/2026\/01\/25\/quintana-roo-hace-historia-en-fitur-madrid-y-se-consolida-como-potencia-turistica-mundial\/"},"author":{"name":"Redacci\u00f3n","@id":"https:\/\/nitu.mx\/#\/schema\/person\/4a28fe9bd65924f7c90623773daf1b0b"},"headline":"Quintana Roo hace historia en FITUR Madrid y se consolida como potencia tur\u00edstica mundial","datePublished":"2026-01-26T04:48:58+00:00","dateModified":"2026-01-26T04:48:59+00:00","mainEntityOfPage":{"@id":"https:\/\/nitu.mx\/index.php\/2026\/01\/25\/quintana-roo-hace-historia-en-fitur-madrid-y-se-consolida-como-potencia-turistica-mundial\/"},"wordCount":949,"publisher":{"@id":"https:\/\/nitu.mx\/#\/schema\/person\/ae7a53426417292d3dd07b45a33e01bc"},"image":{"@id":"https:\/\/nitu.mx\/index.php\/2026\/01\/25\/quintana-roo-hace-historia-en-fitur-madrid-y-se-consolida-como-potencia-turistica-mundial\/#primaryimage"},"thumbnailUrl":"https:\/\/nitu.mx\/wp-content\/uploads\/2026\/01\/FITUR-Quintana-Roo-cierre.jpg","keywords":["Altagracia G\u00f3mez","Grupo Excellence","Mara Lezaama","Quintana Roo"],"articleSection":["Caribe Mexicano","FITUR"],"inLanguage":"es-MX"},{"@type":"WebPage","@id":"https:\/\/nitu.mx\/index.php\/2026\/01\/25\/quintana-roo-hace-historia-en-fitur-madrid-y-se-consolida-como-potencia-turistica-mundial\/","url":"https:\/\/nitu.mx\/index.php\/2026\/01\/25\/quintana-roo-hace-historia-en-fitur-madrid-y-se-consolida-como-potencia-turistica-mundial\/","name":"Quintana Roo hace historia en FITUR Madrid y se consolida como potencia tur\u00edstica mundial - Nitu - Noticias de la Industria Turistica","isPartOf":{"@id":"https:\/\/nitu.mx\/#website"},"primaryImageOfPage":{"@id":"https:\/\/nitu.mx\/index.php\/2026\/01\/25\/quintana-roo-hace-historia-en-fitur-madrid-y-se-consolida-como-potencia-turistica-mundial\/#primaryimage"},"image":{"@id":"https:\/\/nitu.mx\/index.php\/2026\/01\/25\/quintana-roo-hace-historia-en-fitur-madrid-y-se-consolida-como-potencia-turistica-mundial\/#primaryimage"},"thumbnailUrl":"https:\/\/nitu.mx\/wp-content\/uploads\/2026\/01\/FITUR-Quintana-Roo-cierre.jpg","datePublished":"2026-01-26T04:48:58+00:00","dateModified":"2026-01-26T04:48:59+00:00","breadcrumb":{"@id":"https:\/\/nitu.mx\/index.php\/2026\/01\/25\/quintana-roo-hace-historia-en-fitur-madrid-y-se-consolida-como-potencia-turistica-mundial\/#breadcrumb"},"inLanguage":"es-MX","potentialAction":[{"@type":"ReadAction","target":["https:\/\/nitu.mx\/index.php\/2026\/01\/25\/quintana-roo-hace-historia-en-fitur-madrid-y-se-consolida-como-potencia-turistica-mundial\/"]}]},{"@type":"ImageObject","inLanguage":"es-MX","@id":"https:\/\/nitu.mx\/index.php\/2026\/01\/25\/quintana-roo-hace-historia-en-fitur-madrid-y-se-consolida-como-potencia-turistica-mundial\/#primaryimage","url":"https:\/\/nitu.mx\/wp-content\/uploads\/2026\/01\/FITUR-Quintana-Roo-cierre.jpg","contentUrl":"https:\/\/nitu.mx\/wp-content\/uploads\/2026\/01\/FITUR-Quintana-Roo-cierre.jpg","width":1200,"height":675,"caption":"FITUR Quintana Roo cierre"},{"@type":"BreadcrumbList","@id":"https:\/\/nitu.mx\/index.php\/2026\/01\/25\/quintana-roo-hace-historia-en-fitur-madrid-y-se-consolida-como-potencia-turistica-mundial\/#breadcrumb","itemListElement":[{"@type":"ListItem","position":1,"name":"Inicio","item":"https:\/\/nitu.mx\/"},{"@type":"ListItem","position":2,"name":"Quintana Roo hace historia en FITUR Madrid y se consolida como potencia tur\u00edstica mundial"}]},{"@type":"WebSite","@id":"https:\/\/nitu.mx\/#website","url":"https:\/\/nitu.mx\/","name":"Nitu - Noticias de la Industria Turistica","description":"Noticias de la Industria Turistica","publisher":{"@id":"https:\/\/nitu.mx\/#\/schema\/person\/ae7a53426417292d3dd07b45a33e01bc"},"alternateName":"Noticias de la Industria Turistica","potentialAction":[{"@type":"SearchAction","target":{"@type":"EntryPoint","urlTemplate":"https:\/\/nitu.mx\/?s={search_term_string}"},"query-input":"required name=search_term_string"}],"inLanguage":"es-MX"},{"@type":["Person","Organization"],"@id":"https:\/\/nitu.mx\/#\/schema\/person\/ae7a53426417292d3dd07b45a33e01bc","name":"Arturo Medina","image":{"@type":"ImageObject","inLanguage":"es-MX","@id":"https:\/\/nitu.mx\/#\/schema\/person\/image\/","url":"https:\/\/nitu.mx\/wp-content\/uploads\/2024\/04\/4A315622-1904-4D5C-B022-878CDC840E04-90x90-1.jpeg","contentUrl":"https:\/\/nitu.mx\/wp-content\/uploads\/2024\/04\/4A315622-1904-4D5C-B022-878CDC840E04-90x90-1.jpeg","width":90,"height":90,"caption":"Arturo Medina"},"logo":{"@id":"https:\/\/nitu.mx\/#\/schema\/person\/image\/"},"description":"Director NITU.mx, Egresado de la Escuela de Periodismo Carlos Septi\u00e9n Garc\u00eda. Periodista y analista especializado en turismo desde hace 35 a\u00f1os, radicado en Canc\u00fan Q.Roo. arturo@nitu.mx","sameAs":["https:\/\/nitu.mx","https:\/\/www.facebook.com\/NITUmx\/","medinacancun","https:\/\/twitter.com\/@Arturo_Medina_G"]},{"@type":"Person","@id":"https:\/\/nitu.mx\/#\/schema\/person\/4a28fe9bd65924f7c90623773daf1b0b","name":"Redacci\u00f3n","image":{"@type":"ImageObject","inLanguage":"es-MX","@id":"https:\/\/nitu.mx\/#\/schema\/person\/image\/","url":"https:\/\/secure.gravatar.com\/avatar\/5dd011c8ccfc5cd7e4c81e42252aab38?s=96&d=mm&r=g","contentUrl":"https:\/\/secure.gravatar.com\/avatar\/5dd011c8ccfc5cd7e4c81e42252aab38?s=96&d=mm&r=g","caption":"Redacci\u00f3n"},"url":"https:\/\/nitu.mx\/index.php\/author\/redaccion\/"}]}},"views":281,"_links":{"self":[{"href":"https:\/\/nitu.mx\/index.php\/wp-json\/wp\/v2\/posts\/85826"}],"collection":[{"href":"https:\/\/nitu.mx\/index.php\/wp-json\/wp\/v2\/posts"}],"about":[{"href":"https:\/\/nitu.mx\/index.php\/wp-json\/wp\/v2\/types\/post"}],"author":[{"embeddable":true,"href":"https:\/\/nitu.mx\/index.php\/wp-json\/wp\/v2\/users\/17"}],"replies":[{"embeddable":true,"href":"https:\/\/nitu.mx\/index.php\/wp-json\/wp\/v2\/comments?post=85826"}],"version-history":[{"count":1,"href":"https:\/\/nitu.mx\/index.php\/wp-json\/wp\/v2\/posts\/85826\/revisions"}],"predecessor-version":[{"id":85828,"href":"https:\/\/nitu.mx\/index.php\/wp-json\/wp\/v2\/posts\/85826\/revisions\/85828"}],"wp:featuredmedia":[{"embeddable":true,"href":"https:\/\/nitu.mx\/index.php\/wp-json\/wp\/v2\/media\/85829"}],"wp:attachment":[{"href":"https:\/\/nitu.mx\/index.php\/wp-json\/wp\/v2\/media?parent=85826"}],"wp:term":[{"taxonomy":"category","embeddable":true,"href":"https:\/\/nitu.mx\/index.php\/wp-json\/wp\/v2\/categories?post=85826"},{"taxonomy":"post_tag","embeddable":true,"href":"https:\/\/nitu.mx\/index.php\/wp-json\/wp\/v2\/tags?post=85826"}],"curies":[{"name":"wp","href":"https:\/\/api.w.org\/{rel}","templated":true}]}}