{"id":85816,"date":"2026-01-25T22:40:26","date_gmt":"2026-01-26T04:40:26","guid":{"rendered":"https:\/\/nitu.mx\/?p=85816"},"modified":"2026-01-25T22:40:26","modified_gmt":"2026-01-26T04:40:26","slug":"expomayoristas-y-unav-acuerdan-en-fitur-impulsar-el-turismo-entre-mexico-y-espana","status":"publish","type":"post","link":"https:\/\/nitu.mx\/index.php\/2026\/01\/25\/expomayoristas-y-unav-acuerdan-en-fitur-impulsar-el-turismo-entre-mexico-y-espana\/","title":{"rendered":"ExpoMayoristas y UNAV acuerdan en FITUR impulsar el turismo entre M\u00e9xico y Espa\u00f1a"},"content":{"rendered":"\n<p>En el marco de la Feria Internacional de Turismo (FITUR), la Uni\u00f3n de Agencias de Viajes (UNAV) y Expo Mayoristas firmaron hoy un convenio de colaboraci\u00f3n estrat\u00e9gica que marca un paso relevante en el fortalecimiento del intercambio comercial y tur\u00edstico entre M\u00e9xico y Espa\u00f1a.<\/p>\n\n\n\n<p>Este acuerdo establece las bases para una colaboraci\u00f3n conjunta enfocada en la promoci\u00f3n, difusi\u00f3n y comercializaci\u00f3n de productos tur\u00edsticos, a trav\u00e9s de viajes de familiarizaci\u00f3n, capacitaciones certificadas y programas de formaci\u00f3n con conocimiento especializado de los destinos, dise\u00f1ados para fortalecer las capacidades comerciales de los operadores mayoristas y sus asociados. <\/p>\n\n\n\n<p>La alianza tiene como objetivo incentivar las ventas estrat\u00e9gicas, ampliar el portafolio de productos tur\u00edsticos y generar nuevas oportunidades de negocio, mediante planes desarrollados en coordinaci\u00f3n con empresarios tur\u00edsticos nacionales, promoviendo experiencias mejor estructuradas, competitivas y alineadas a las demandas del mercado internacional.<\/p>\n\n\n\n<p>Asimismo, UNAV y Expo Mayoristas buscan impulsar el desarrollo tur\u00edstico como uno de los principales motores econ\u00f3micos de M\u00e9xico, fomentando la cooperaci\u00f3n internacional, la profesionalizaci\u00f3n del sector y la creaci\u00f3n de sinergias que contribuyan al crecimiento sostenible de la industria tur\u00edstica en ambos pa\u00edses. <\/p>\n\n\n\n<p>La firma de este convenio durante FITUR, uno de los eventos m\u00e1s importantes del turismo a nivel global, refuerza el alcance internacional de esta alianza y consolida el compromiso de ambas organizaciones con la innovaci\u00f3n, el crecimiento y la<br>generaci\u00f3n de valor para sus asociados. (<a href=\"https:\/\/nitu.mx\/index.php\/2025\/12\/14\/expomayoristas-cierra-2025-con-resultados-historicos-y-mas-de-2-mdp-de-derrama\/\">ExpoMayoristas cierra 2025 con resultados hist\u00f3ricos y m\u00e1s de 2 MDP de derrama<\/a>)<\/p>\n","protected":false},"excerpt":{"rendered":"<p>En el marco de la Feria Internacional de Turismo (FITUR), la Uni\u00f3n de Agencias de Viajes (UNAV) y Expo Mayoristas firmaron hoy un convenio de colaboraci\u00f3n estrat\u00e9gica que marca un paso relevante en el fortalecimiento del intercambio comercial y tur\u00edstico entre M\u00e9xico y Espa\u00f1a. Este acuerdo establece las bases para una colaboraci\u00f3n conjunta enfocada en [&hellip;]<\/p>\n","protected":false},"author":17,"featured_media":85821,"comment_status":"closed","ping_status":"closed","sticky":false,"template":"","format":"standard","meta":{"footnotes":""},"categories":[3],"tags":[1360,2703,27947],"yoast_head":"<!-- This site is optimized with the Yoast SEO plugin v22.2 - https:\/\/yoast.com\/wordpress\/plugins\/seo\/ -->\n<title>ExpoMayoristas y UNAV acuerdan en FITUR impulsar el turismo entre M\u00e9xico y Espa\u00f1a - Nitu - Noticias de la Industria Turistica<\/title>\n<meta name=\"robots\" content=\"index, follow, max-snippet:-1, max-image-preview:large, max-video-preview:-1\" \/>\n<link rel=\"canonical\" href=\"https:\/\/nitu.mx\/index.php\/2026\/01\/25\/expomayoristas-y-unav-acuerdan-en-fitur-impulsar-el-turismo-entre-mexico-y-espana\/\" \/>\n<meta name=\"twitter:card\" content=\"summary_large_image\" \/>\n<meta name=\"twitter:title\" content=\"ExpoMayoristas y UNAV acuerdan en FITUR impulsar el turismo entre M\u00e9xico y Espa\u00f1a - Nitu - Noticias de la Industria Turistica\" \/>\n<meta name=\"twitter:description\" content=\"En el marco de la Feria Internacional de Turismo (FITUR), la Uni\u00f3n de Agencias de Viajes (UNAV) y Expo Mayoristas firmaron hoy un convenio de colaboraci\u00f3n estrat\u00e9gica que marca un paso relevante en el fortalecimiento del intercambio comercial y tur\u00edstico entre M\u00e9xico y Espa\u00f1a. Este acuerdo establece las bases para una colaboraci\u00f3n conjunta enfocada en [&hellip;]\" \/>\n<meta name=\"twitter:image\" content=\"https:\/\/nitu.mx\/wp-content\/uploads\/2026\/01\/ExpoMayoristas-Fitur-2026.jpg\" \/>\n<meta name=\"twitter:creator\" content=\"@NITUmx\" \/>\n<meta name=\"twitter:site\" content=\"@Arturo_Medina_G\" \/>\n<meta name=\"twitter:label1\" content=\"Escrito por\" \/>\n\t<meta name=\"twitter:data1\" content=\"Redacci\u00f3n\" \/>\n\t<meta name=\"twitter:label2\" content=\"Tiempo de lectura\" \/>\n\t<meta name=\"twitter:data2\" content=\"1 minuto\" \/>\n<script type=\"application\/ld+json\" class=\"yoast-schema-graph\">{\"@context\":\"https:\/\/schema.org\",\"@graph\":[{\"@type\":\"Article\",\"@id\":\"https:\/\/nitu.mx\/index.php\/2026\/01\/25\/expomayoristas-y-unav-acuerdan-en-fitur-impulsar-el-turismo-entre-mexico-y-espana\/#article\",\"isPartOf\":{\"@id\":\"https:\/\/nitu.mx\/index.php\/2026\/01\/25\/expomayoristas-y-unav-acuerdan-en-fitur-impulsar-el-turismo-entre-mexico-y-espana\/\"},\"author\":{\"name\":\"Redacci\u00f3n\",\"@id\":\"https:\/\/nitu.mx\/#\/schema\/person\/4a28fe9bd65924f7c90623773daf1b0b\"},\"headline\":\"ExpoMayoristas y UNAV acuerdan en FITUR impulsar el turismo entre M\u00e9xico y Espa\u00f1a\",\"datePublished\":\"2026-01-26T04:40:26+00:00\",\"dateModified\":\"2026-01-26T04:40:26+00:00\",\"mainEntityOfPage\":{\"@id\":\"https:\/\/nitu.mx\/index.php\/2026\/01\/25\/expomayoristas-y-unav-acuerdan-en-fitur-impulsar-el-turismo-entre-mexico-y-espana\/\"},\"wordCount\":283,\"publisher\":{\"@id\":\"https:\/\/nitu.mx\/#\/schema\/person\/ae7a53426417292d3dd07b45a33e01bc\"},\"image\":{\"@id\":\"https:\/\/nitu.mx\/index.php\/2026\/01\/25\/expomayoristas-y-unav-acuerdan-en-fitur-impulsar-el-turismo-entre-mexico-y-espana\/#primaryimage\"},\"thumbnailUrl\":\"https:\/\/nitu.mx\/wp-content\/uploads\/2026\/01\/ExpoMayoristas-Fitur-2026.jpg\",\"keywords\":[\"Expomayoristas\",\"FITUR\",\"UNAV\"],\"articleSection\":[\"Agencias de Viajes\"],\"inLanguage\":\"es-MX\"},{\"@type\":\"WebPage\",\"@id\":\"https:\/\/nitu.mx\/index.php\/2026\/01\/25\/expomayoristas-y-unav-acuerdan-en-fitur-impulsar-el-turismo-entre-mexico-y-espana\/\",\"url\":\"https:\/\/nitu.mx\/index.php\/2026\/01\/25\/expomayoristas-y-unav-acuerdan-en-fitur-impulsar-el-turismo-entre-mexico-y-espana\/\",\"name\":\"ExpoMayoristas y UNAV acuerdan en FITUR impulsar el turismo entre M\u00e9xico y Espa\u00f1a - Nitu - Noticias de la Industria Turistica\",\"isPartOf\":{\"@id\":\"https:\/\/nitu.mx\/#website\"},\"primaryImageOfPage\":{\"@id\":\"https:\/\/nitu.mx\/index.php\/2026\/01\/25\/expomayoristas-y-unav-acuerdan-en-fitur-impulsar-el-turismo-entre-mexico-y-espana\/#primaryimage\"},\"image\":{\"@id\":\"https:\/\/nitu.mx\/index.php\/2026\/01\/25\/expomayoristas-y-unav-acuerdan-en-fitur-impulsar-el-turismo-entre-mexico-y-espana\/#primaryimage\"},\"thumbnailUrl\":\"https:\/\/nitu.mx\/wp-content\/uploads\/2026\/01\/ExpoMayoristas-Fitur-2026.jpg\",\"datePublished\":\"2026-01-26T04:40:26+00:00\",\"dateModified\":\"2026-01-26T04:40:26+00:00\",\"breadcrumb\":{\"@id\":\"https:\/\/nitu.mx\/index.php\/2026\/01\/25\/expomayoristas-y-unav-acuerdan-en-fitur-impulsar-el-turismo-entre-mexico-y-espana\/#breadcrumb\"},\"inLanguage\":\"es-MX\",\"potentialAction\":[{\"@type\":\"ReadAction\",\"target\":[\"https:\/\/nitu.mx\/index.php\/2026\/01\/25\/expomayoristas-y-unav-acuerdan-en-fitur-impulsar-el-turismo-entre-mexico-y-espana\/\"]}]},{\"@type\":\"ImageObject\",\"inLanguage\":\"es-MX\",\"@id\":\"https:\/\/nitu.mx\/index.php\/2026\/01\/25\/expomayoristas-y-unav-acuerdan-en-fitur-impulsar-el-turismo-entre-mexico-y-espana\/#primaryimage\",\"url\":\"https:\/\/nitu.mx\/wp-content\/uploads\/2026\/01\/ExpoMayoristas-Fitur-2026.jpg\",\"contentUrl\":\"https:\/\/nitu.mx\/wp-content\/uploads\/2026\/01\/ExpoMayoristas-Fitur-2026.jpg\",\"width\":1200,\"height\":675,\"caption\":\"ExpoMayoristas Fitur 2026\"},{\"@type\":\"BreadcrumbList\",\"@id\":\"https:\/\/nitu.mx\/index.php\/2026\/01\/25\/expomayoristas-y-unav-acuerdan-en-fitur-impulsar-el-turismo-entre-mexico-y-espana\/#breadcrumb\",\"itemListElement\":[{\"@type\":\"ListItem\",\"position\":1,\"name\":\"Inicio\",\"item\":\"https:\/\/nitu.mx\/\"},{\"@type\":\"ListItem\",\"position\":2,\"name\":\"ExpoMayoristas y UNAV acuerdan en FITUR impulsar el turismo entre M\u00e9xico y Espa\u00f1a\"}]},{\"@type\":\"WebSite\",\"@id\":\"https:\/\/nitu.mx\/#website\",\"url\":\"https:\/\/nitu.mx\/\",\"name\":\"Nitu - Noticias de la Industria Turistica\",\"description\":\"Noticias de la Industria Turistica\",\"publisher\":{\"@id\":\"https:\/\/nitu.mx\/#\/schema\/person\/ae7a53426417292d3dd07b45a33e01bc\"},\"alternateName\":\"Noticias de la Industria Turistica\",\"potentialAction\":[{\"@type\":\"SearchAction\",\"target\":{\"@type\":\"EntryPoint\",\"urlTemplate\":\"https:\/\/nitu.mx\/?s={search_term_string}\"},\"query-input\":\"required name=search_term_string\"}],\"inLanguage\":\"es-MX\"},{\"@type\":[\"Person\",\"Organization\"],\"@id\":\"https:\/\/nitu.mx\/#\/schema\/person\/ae7a53426417292d3dd07b45a33e01bc\",\"name\":\"Arturo Medina\",\"image\":{\"@type\":\"ImageObject\",\"inLanguage\":\"es-MX\",\"@id\":\"https:\/\/nitu.mx\/#\/schema\/person\/image\/\",\"url\":\"https:\/\/nitu.mx\/wp-content\/uploads\/2024\/04\/4A315622-1904-4D5C-B022-878CDC840E04-90x90-1.jpeg\",\"contentUrl\":\"https:\/\/nitu.mx\/wp-content\/uploads\/2024\/04\/4A315622-1904-4D5C-B022-878CDC840E04-90x90-1.jpeg\",\"width\":90,\"height\":90,\"caption\":\"Arturo Medina\"},\"logo\":{\"@id\":\"https:\/\/nitu.mx\/#\/schema\/person\/image\/\"},\"description\":\"Director NITU.mx, Egresado de la Escuela de Periodismo Carlos Septi\u00e9n Garc\u00eda. Periodista y analista especializado en turismo desde hace 35 a\u00f1os, radicado en Canc\u00fan Q.Roo. arturo@nitu.mx\",\"sameAs\":[\"https:\/\/nitu.mx\",\"https:\/\/www.facebook.com\/NITUmx\/\",\"medinacancun\",\"https:\/\/twitter.com\/@Arturo_Medina_G\"]},{\"@type\":\"Person\",\"@id\":\"https:\/\/nitu.mx\/#\/schema\/person\/4a28fe9bd65924f7c90623773daf1b0b\",\"name\":\"Redacci\u00f3n\",\"image\":{\"@type\":\"ImageObject\",\"inLanguage\":\"es-MX\",\"@id\":\"https:\/\/nitu.mx\/#\/schema\/person\/image\/\",\"url\":\"https:\/\/secure.gravatar.com\/avatar\/5dd011c8ccfc5cd7e4c81e42252aab38?s=96&d=mm&r=g\",\"contentUrl\":\"https:\/\/secure.gravatar.com\/avatar\/5dd011c8ccfc5cd7e4c81e42252aab38?s=96&d=mm&r=g\",\"caption\":\"Redacci\u00f3n\"},\"url\":\"https:\/\/nitu.mx\/index.php\/author\/redaccion\/\"}]}<\/script>\n<!-- \/ Yoast SEO plugin. -->","yoast_head_json":{"title":"ExpoMayoristas y UNAV acuerdan en FITUR impulsar el turismo entre M\u00e9xico y Espa\u00f1a - Nitu - Noticias de la Industria Turistica","robots":{"index":"index","follow":"follow","max-snippet":"max-snippet:-1","max-image-preview":"max-image-preview:large","max-video-preview":"max-video-preview:-1"},"canonical":"https:\/\/nitu.mx\/index.php\/2026\/01\/25\/expomayoristas-y-unav-acuerdan-en-fitur-impulsar-el-turismo-entre-mexico-y-espana\/","twitter_card":"summary_large_image","twitter_title":"ExpoMayoristas y UNAV acuerdan en FITUR impulsar el turismo entre M\u00e9xico y Espa\u00f1a - Nitu - Noticias de la Industria Turistica","twitter_description":"En el marco de la Feria Internacional de Turismo (FITUR), la Uni\u00f3n de Agencias de Viajes (UNAV) y Expo Mayoristas firmaron hoy un convenio de colaboraci\u00f3n estrat\u00e9gica que marca un paso relevante en el fortalecimiento del intercambio comercial y tur\u00edstico entre M\u00e9xico y Espa\u00f1a. Este acuerdo establece las bases para una colaboraci\u00f3n conjunta enfocada en [&hellip;]","twitter_image":"https:\/\/nitu.mx\/wp-content\/uploads\/2026\/01\/ExpoMayoristas-Fitur-2026.jpg","twitter_creator":"@NITUmx","twitter_site":"@Arturo_Medina_G","twitter_misc":{"Escrito por":"Redacci\u00f3n","Tiempo de lectura":"1 minuto"},"schema":{"@context":"https:\/\/schema.org","@graph":[{"@type":"Article","@id":"https:\/\/nitu.mx\/index.php\/2026\/01\/25\/expomayoristas-y-unav-acuerdan-en-fitur-impulsar-el-turismo-entre-mexico-y-espana\/#article","isPartOf":{"@id":"https:\/\/nitu.mx\/index.php\/2026\/01\/25\/expomayoristas-y-unav-acuerdan-en-fitur-impulsar-el-turismo-entre-mexico-y-espana\/"},"author":{"name":"Redacci\u00f3n","@id":"https:\/\/nitu.mx\/#\/schema\/person\/4a28fe9bd65924f7c90623773daf1b0b"},"headline":"ExpoMayoristas y UNAV acuerdan en FITUR impulsar el turismo entre M\u00e9xico y Espa\u00f1a","datePublished":"2026-01-26T04:40:26+00:00","dateModified":"2026-01-26T04:40:26+00:00","mainEntityOfPage":{"@id":"https:\/\/nitu.mx\/index.php\/2026\/01\/25\/expomayoristas-y-unav-acuerdan-en-fitur-impulsar-el-turismo-entre-mexico-y-espana\/"},"wordCount":283,"publisher":{"@id":"https:\/\/nitu.mx\/#\/schema\/person\/ae7a53426417292d3dd07b45a33e01bc"},"image":{"@id":"https:\/\/nitu.mx\/index.php\/2026\/01\/25\/expomayoristas-y-unav-acuerdan-en-fitur-impulsar-el-turismo-entre-mexico-y-espana\/#primaryimage"},"thumbnailUrl":"https:\/\/nitu.mx\/wp-content\/uploads\/2026\/01\/ExpoMayoristas-Fitur-2026.jpg","keywords":["Expomayoristas","FITUR","UNAV"],"articleSection":["Agencias de Viajes"],"inLanguage":"es-MX"},{"@type":"WebPage","@id":"https:\/\/nitu.mx\/index.php\/2026\/01\/25\/expomayoristas-y-unav-acuerdan-en-fitur-impulsar-el-turismo-entre-mexico-y-espana\/","url":"https:\/\/nitu.mx\/index.php\/2026\/01\/25\/expomayoristas-y-unav-acuerdan-en-fitur-impulsar-el-turismo-entre-mexico-y-espana\/","name":"ExpoMayoristas y UNAV acuerdan en FITUR impulsar el turismo entre M\u00e9xico y Espa\u00f1a - Nitu - Noticias de la Industria Turistica","isPartOf":{"@id":"https:\/\/nitu.mx\/#website"},"primaryImageOfPage":{"@id":"https:\/\/nitu.mx\/index.php\/2026\/01\/25\/expomayoristas-y-unav-acuerdan-en-fitur-impulsar-el-turismo-entre-mexico-y-espana\/#primaryimage"},"image":{"@id":"https:\/\/nitu.mx\/index.php\/2026\/01\/25\/expomayoristas-y-unav-acuerdan-en-fitur-impulsar-el-turismo-entre-mexico-y-espana\/#primaryimage"},"thumbnailUrl":"https:\/\/nitu.mx\/wp-content\/uploads\/2026\/01\/ExpoMayoristas-Fitur-2026.jpg","datePublished":"2026-01-26T04:40:26+00:00","dateModified":"2026-01-26T04:40:26+00:00","breadcrumb":{"@id":"https:\/\/nitu.mx\/index.php\/2026\/01\/25\/expomayoristas-y-unav-acuerdan-en-fitur-impulsar-el-turismo-entre-mexico-y-espana\/#breadcrumb"},"inLanguage":"es-MX","potentialAction":[{"@type":"ReadAction","target":["https:\/\/nitu.mx\/index.php\/2026\/01\/25\/expomayoristas-y-unav-acuerdan-en-fitur-impulsar-el-turismo-entre-mexico-y-espana\/"]}]},{"@type":"ImageObject","inLanguage":"es-MX","@id":"https:\/\/nitu.mx\/index.php\/2026\/01\/25\/expomayoristas-y-unav-acuerdan-en-fitur-impulsar-el-turismo-entre-mexico-y-espana\/#primaryimage","url":"https:\/\/nitu.mx\/wp-content\/uploads\/2026\/01\/ExpoMayoristas-Fitur-2026.jpg","contentUrl":"https:\/\/nitu.mx\/wp-content\/uploads\/2026\/01\/ExpoMayoristas-Fitur-2026.jpg","width":1200,"height":675,"caption":"ExpoMayoristas Fitur 2026"},{"@type":"BreadcrumbList","@id":"https:\/\/nitu.mx\/index.php\/2026\/01\/25\/expomayoristas-y-unav-acuerdan-en-fitur-impulsar-el-turismo-entre-mexico-y-espana\/#breadcrumb","itemListElement":[{"@type":"ListItem","position":1,"name":"Inicio","item":"https:\/\/nitu.mx\/"},{"@type":"ListItem","position":2,"name":"ExpoMayoristas y UNAV acuerdan en FITUR impulsar el turismo entre M\u00e9xico y Espa\u00f1a"}]},{"@type":"WebSite","@id":"https:\/\/nitu.mx\/#website","url":"https:\/\/nitu.mx\/","name":"Nitu - Noticias de la Industria Turistica","description":"Noticias de la Industria Turistica","publisher":{"@id":"https:\/\/nitu.mx\/#\/schema\/person\/ae7a53426417292d3dd07b45a33e01bc"},"alternateName":"Noticias de la Industria Turistica","potentialAction":[{"@type":"SearchAction","target":{"@type":"EntryPoint","urlTemplate":"https:\/\/nitu.mx\/?s={search_term_string}"},"query-input":"required name=search_term_string"}],"inLanguage":"es-MX"},{"@type":["Person","Organization"],"@id":"https:\/\/nitu.mx\/#\/schema\/person\/ae7a53426417292d3dd07b45a33e01bc","name":"Arturo Medina","image":{"@type":"ImageObject","inLanguage":"es-MX","@id":"https:\/\/nitu.mx\/#\/schema\/person\/image\/","url":"https:\/\/nitu.mx\/wp-content\/uploads\/2024\/04\/4A315622-1904-4D5C-B022-878CDC840E04-90x90-1.jpeg","contentUrl":"https:\/\/nitu.mx\/wp-content\/uploads\/2024\/04\/4A315622-1904-4D5C-B022-878CDC840E04-90x90-1.jpeg","width":90,"height":90,"caption":"Arturo Medina"},"logo":{"@id":"https:\/\/nitu.mx\/#\/schema\/person\/image\/"},"description":"Director NITU.mx, Egresado de la Escuela de Periodismo Carlos Septi\u00e9n Garc\u00eda. Periodista y analista especializado en turismo desde hace 35 a\u00f1os, radicado en Canc\u00fan Q.Roo. arturo@nitu.mx","sameAs":["https:\/\/nitu.mx","https:\/\/www.facebook.com\/NITUmx\/","medinacancun","https:\/\/twitter.com\/@Arturo_Medina_G"]},{"@type":"Person","@id":"https:\/\/nitu.mx\/#\/schema\/person\/4a28fe9bd65924f7c90623773daf1b0b","name":"Redacci\u00f3n","image":{"@type":"ImageObject","inLanguage":"es-MX","@id":"https:\/\/nitu.mx\/#\/schema\/person\/image\/","url":"https:\/\/secure.gravatar.com\/avatar\/5dd011c8ccfc5cd7e4c81e42252aab38?s=96&d=mm&r=g","contentUrl":"https:\/\/secure.gravatar.com\/avatar\/5dd011c8ccfc5cd7e4c81e42252aab38?s=96&d=mm&r=g","caption":"Redacci\u00f3n"},"url":"https:\/\/nitu.mx\/index.php\/author\/redaccion\/"}]}},"views":509,"_links":{"self":[{"href":"https:\/\/nitu.mx\/index.php\/wp-json\/wp\/v2\/posts\/85816"}],"collection":[{"href":"https:\/\/nitu.mx\/index.php\/wp-json\/wp\/v2\/posts"}],"about":[{"href":"https:\/\/nitu.mx\/index.php\/wp-json\/wp\/v2\/types\/post"}],"author":[{"embeddable":true,"href":"https:\/\/nitu.mx\/index.php\/wp-json\/wp\/v2\/users\/17"}],"replies":[{"embeddable":true,"href":"https:\/\/nitu.mx\/index.php\/wp-json\/wp\/v2\/comments?post=85816"}],"version-history":[{"count":2,"href":"https:\/\/nitu.mx\/index.php\/wp-json\/wp\/v2\/posts\/85816\/revisions"}],"predecessor-version":[{"id":85820,"href":"https:\/\/nitu.mx\/index.php\/wp-json\/wp\/v2\/posts\/85816\/revisions\/85820"}],"wp:featuredmedia":[{"embeddable":true,"href":"https:\/\/nitu.mx\/index.php\/wp-json\/wp\/v2\/media\/85821"}],"wp:attachment":[{"href":"https:\/\/nitu.mx\/index.php\/wp-json\/wp\/v2\/media?parent=85816"}],"wp:term":[{"taxonomy":"category","embeddable":true,"href":"https:\/\/nitu.mx\/index.php\/wp-json\/wp\/v2\/categories?post=85816"},{"taxonomy":"post_tag","embeddable":true,"href":"https:\/\/nitu.mx\/index.php\/wp-json\/wp\/v2\/tags?post=85816"}],"curies":[{"name":"wp","href":"https:\/\/api.w.org\/{rel}","templated":true}]}}