{"id":85800,"date":"2026-01-22T22:52:47","date_gmt":"2026-01-23T04:52:47","guid":{"rendered":"https:\/\/nitu.mx\/?p=85800"},"modified":"2026-01-22T22:52:47","modified_gmt":"2026-01-23T04:52:47","slug":"caribe-mexicano-fortalece-la-inversion-conectividad-y-la-actividad-turistica-en-fitur","status":"publish","type":"post","link":"https:\/\/nitu.mx\/index.php\/2026\/01\/22\/caribe-mexicano-fortalece-la-inversion-conectividad-y-la-actividad-turistica-en-fitur\/","title":{"rendered":"Caribe Mexicano fortalece la inversi\u00f3n, conectividad y la actividad tur\u00edstica en FITUR"},"content":{"rendered":"\n<p>En el segundo d\u00eda de actividades de FITUR 2026 en Madrid, Espa\u00f1a, la comitiva de Quintana Roo, encabezada por la gobernadora Mara Lezama Espinosa, sostuvo una serie de encuentros con el fin de impulsar las inversiones, la conectividad y la actividad tur\u00edstica en los destinos del Caribe Mexicano.<\/p>\n\n\n\n<p>Lezama Espinosa sostuvo una reuni\u00f3n estrat\u00e9gica con Gustavo Viescas, Presidente de Wyndham Hotels &amp; Resorts, en donde destac\u00f3 el compromiso de la cadena con el destino. Wyndham Hotels &amp; Resorts opera m\u00e1s de 8 mil 300 hoteles en el mundo, y M\u00e9xico ocupa el sexto lugar entre los pa\u00edses con mayor n\u00famero de operaciones de la marca. En este contexto, Quintana Roo se consolida como el estado l\u00edder a nivel nacional, al concentrar 15 hoteles y m\u00e1s de 5 mil llaves, cifra que contin\u00faa en crecimiento.<\/p>\n\n\n\n<p>En materia de conectividad, tras reuni\u00f3n de trabajo con Juan Carlos Zuazua, CEO de Viva , la gobernadora inform\u00f3 la recuperaci\u00f3n del vuelo Canc\u00fan\u2013Acapulco\u2013Canc\u00fan, una ruta ampliamente solicitada que vuelve a conectar a dos destinos emblem\u00e1ticos del pa\u00eds; y confirmaron planes de expansi\u00f3n en los cuatro aeropuertos de Quintana Roo.<\/p>\n\n\n\n<p>Durante una visita al stand de Soltour, en FITUR 2026, Mara Lezama Espinosa y Encarna Pi\u00f1ero, CEO del Grupo Pi\u00f1ero, anunciaron el Tulum Championship, un torneo internacional de golf, en abril pr\u00f3ximo. Adem\u00e1s, del torneo, se tendr\u00e1 un evento con actividades de artesanas y artesanos, artistas pl\u00e1sticos y mucha m\u00fasica para seguir proyectando al mundo la riqueza cultural y art\u00edstica de Quintana Roo. (<a href=\"https:\/\/nitu.mx\/index.php\/2026\/01\/21\/liman-asperesas-quintana-roo-e-inverotel-luego-de-debate-por-visitax\/\">Liman asperesas Quintana Roo e Inverotel luego de debate por Visitax<\/a>).<\/p>\n","protected":false},"excerpt":{"rendered":"<p>En el segundo d\u00eda de actividades de FITUR 2026 en Madrid, Espa\u00f1a, la comitiva de Quintana Roo, encabezada por la gobernadora Mara Lezama Espinosa, sostuvo una serie de encuentros con el fin de impulsar las inversiones, la conectividad y la actividad tur\u00edstica en los destinos del Caribe Mexicano. Lezama Espinosa sostuvo una reuni\u00f3n estrat\u00e9gica con [&hellip;]<\/p>\n","protected":false},"author":17,"featured_media":85805,"comment_status":"closed","ping_status":"closed","sticky":false,"template":"","format":"standard","meta":{"footnotes":""},"categories":[24423],"tags":[18221,5769,14028,260,2628,820],"yoast_head":"<!-- This site is optimized with the Yoast SEO plugin v22.2 - https:\/\/yoast.com\/wordpress\/plugins\/seo\/ -->\n<title>Caribe Mexicano fortalece la inversi\u00f3n, conectividad y la actividad tur\u00edstica en FITUR - Nitu - Noticias de la Industria Turistica<\/title>\n<meta name=\"robots\" content=\"index, follow, max-snippet:-1, max-image-preview:large, max-video-preview:-1\" \/>\n<link rel=\"canonical\" href=\"https:\/\/nitu.mx\/index.php\/2026\/01\/22\/caribe-mexicano-fortalece-la-inversion-conectividad-y-la-actividad-turistica-en-fitur\/\" \/>\n<meta name=\"twitter:card\" content=\"summary_large_image\" \/>\n<meta name=\"twitter:title\" content=\"Caribe Mexicano fortalece la inversi\u00f3n, conectividad y la actividad tur\u00edstica en FITUR - Nitu - Noticias de la Industria Turistica\" \/>\n<meta name=\"twitter:description\" content=\"En el segundo d\u00eda de actividades de FITUR 2026 en Madrid, Espa\u00f1a, la comitiva de Quintana Roo, encabezada por la gobernadora Mara Lezama Espinosa, sostuvo una serie de encuentros con el fin de impulsar las inversiones, la conectividad y la actividad tur\u00edstica en los destinos del Caribe Mexicano. Lezama Espinosa sostuvo una reuni\u00f3n estrat\u00e9gica con [&hellip;]\" \/>\n<meta name=\"twitter:image\" content=\"https:\/\/nitu.mx\/wp-content\/uploads\/2026\/01\/Caribe-mexicano-fitur-2026-dia-2.jpg\" \/>\n<meta name=\"twitter:creator\" content=\"@NITUmx\" \/>\n<meta name=\"twitter:site\" content=\"@Arturo_Medina_G\" \/>\n<meta name=\"twitter:label1\" content=\"Escrito por\" \/>\n\t<meta name=\"twitter:data1\" content=\"Redacci\u00f3n\" \/>\n\t<meta name=\"twitter:label2\" content=\"Tiempo de lectura\" \/>\n\t<meta name=\"twitter:data2\" content=\"1 minuto\" \/>\n<script type=\"application\/ld+json\" class=\"yoast-schema-graph\">{\"@context\":\"https:\/\/schema.org\",\"@graph\":[{\"@type\":\"Article\",\"@id\":\"https:\/\/nitu.mx\/index.php\/2026\/01\/22\/caribe-mexicano-fortalece-la-inversion-conectividad-y-la-actividad-turistica-en-fitur\/#article\",\"isPartOf\":{\"@id\":\"https:\/\/nitu.mx\/index.php\/2026\/01\/22\/caribe-mexicano-fortalece-la-inversion-conectividad-y-la-actividad-turistica-en-fitur\/\"},\"author\":{\"name\":\"Redacci\u00f3n\",\"@id\":\"https:\/\/nitu.mx\/#\/schema\/person\/4a28fe9bd65924f7c90623773daf1b0b\"},\"headline\":\"Caribe Mexicano fortalece la inversi\u00f3n, conectividad y la actividad tur\u00edstica en FITUR\",\"datePublished\":\"2026-01-23T04:52:47+00:00\",\"dateModified\":\"2026-01-23T04:52:47+00:00\",\"mainEntityOfPage\":{\"@id\":\"https:\/\/nitu.mx\/index.php\/2026\/01\/22\/caribe-mexicano-fortalece-la-inversion-conectividad-y-la-actividad-turistica-en-fitur\/\"},\"wordCount\":293,\"publisher\":{\"@id\":\"https:\/\/nitu.mx\/#\/schema\/person\/ae7a53426417292d3dd07b45a33e01bc\"},\"image\":{\"@id\":\"https:\/\/nitu.mx\/index.php\/2026\/01\/22\/caribe-mexicano-fortalece-la-inversion-conectividad-y-la-actividad-turistica-en-fitur\/#primaryimage\"},\"thumbnailUrl\":\"https:\/\/nitu.mx\/wp-content\/uploads\/2026\/01\/Caribe-mexicano-fitur-2026-dia-2.jpg\",\"keywords\":[\"Encarna Pi\u00f1ero\",\"grupo Pi\u00f1ero\",\"Mara Lezama\",\"Quintana Roo\",\"Viva\",\"Wyndham\"],\"articleSection\":[\"FITUR\"],\"inLanguage\":\"es-MX\"},{\"@type\":\"WebPage\",\"@id\":\"https:\/\/nitu.mx\/index.php\/2026\/01\/22\/caribe-mexicano-fortalece-la-inversion-conectividad-y-la-actividad-turistica-en-fitur\/\",\"url\":\"https:\/\/nitu.mx\/index.php\/2026\/01\/22\/caribe-mexicano-fortalece-la-inversion-conectividad-y-la-actividad-turistica-en-fitur\/\",\"name\":\"Caribe Mexicano fortalece la inversi\u00f3n, conectividad y la actividad tur\u00edstica en FITUR - Nitu - Noticias de la Industria Turistica\",\"isPartOf\":{\"@id\":\"https:\/\/nitu.mx\/#website\"},\"primaryImageOfPage\":{\"@id\":\"https:\/\/nitu.mx\/index.php\/2026\/01\/22\/caribe-mexicano-fortalece-la-inversion-conectividad-y-la-actividad-turistica-en-fitur\/#primaryimage\"},\"image\":{\"@id\":\"https:\/\/nitu.mx\/index.php\/2026\/01\/22\/caribe-mexicano-fortalece-la-inversion-conectividad-y-la-actividad-turistica-en-fitur\/#primaryimage\"},\"thumbnailUrl\":\"https:\/\/nitu.mx\/wp-content\/uploads\/2026\/01\/Caribe-mexicano-fitur-2026-dia-2.jpg\",\"datePublished\":\"2026-01-23T04:52:47+00:00\",\"dateModified\":\"2026-01-23T04:52:47+00:00\",\"breadcrumb\":{\"@id\":\"https:\/\/nitu.mx\/index.php\/2026\/01\/22\/caribe-mexicano-fortalece-la-inversion-conectividad-y-la-actividad-turistica-en-fitur\/#breadcrumb\"},\"inLanguage\":\"es-MX\",\"potentialAction\":[{\"@type\":\"ReadAction\",\"target\":[\"https:\/\/nitu.mx\/index.php\/2026\/01\/22\/caribe-mexicano-fortalece-la-inversion-conectividad-y-la-actividad-turistica-en-fitur\/\"]}]},{\"@type\":\"ImageObject\",\"inLanguage\":\"es-MX\",\"@id\":\"https:\/\/nitu.mx\/index.php\/2026\/01\/22\/caribe-mexicano-fortalece-la-inversion-conectividad-y-la-actividad-turistica-en-fitur\/#primaryimage\",\"url\":\"https:\/\/nitu.mx\/wp-content\/uploads\/2026\/01\/Caribe-mexicano-fitur-2026-dia-2.jpg\",\"contentUrl\":\"https:\/\/nitu.mx\/wp-content\/uploads\/2026\/01\/Caribe-mexicano-fitur-2026-dia-2.jpg\",\"width\":1200,\"height\":675,\"caption\":\"Caribe mexicano fitur 2026 d\u00eda 2\"},{\"@type\":\"BreadcrumbList\",\"@id\":\"https:\/\/nitu.mx\/index.php\/2026\/01\/22\/caribe-mexicano-fortalece-la-inversion-conectividad-y-la-actividad-turistica-en-fitur\/#breadcrumb\",\"itemListElement\":[{\"@type\":\"ListItem\",\"position\":1,\"name\":\"Inicio\",\"item\":\"https:\/\/nitu.mx\/\"},{\"@type\":\"ListItem\",\"position\":2,\"name\":\"Caribe Mexicano fortalece la inversi\u00f3n, conectividad y la actividad tur\u00edstica en FITUR\"}]},{\"@type\":\"WebSite\",\"@id\":\"https:\/\/nitu.mx\/#website\",\"url\":\"https:\/\/nitu.mx\/\",\"name\":\"Nitu - Noticias de la Industria Turistica\",\"description\":\"Noticias de la Industria Turistica\",\"publisher\":{\"@id\":\"https:\/\/nitu.mx\/#\/schema\/person\/ae7a53426417292d3dd07b45a33e01bc\"},\"alternateName\":\"Noticias de la Industria Turistica\",\"potentialAction\":[{\"@type\":\"SearchAction\",\"target\":{\"@type\":\"EntryPoint\",\"urlTemplate\":\"https:\/\/nitu.mx\/?s={search_term_string}\"},\"query-input\":\"required name=search_term_string\"}],\"inLanguage\":\"es-MX\"},{\"@type\":[\"Person\",\"Organization\"],\"@id\":\"https:\/\/nitu.mx\/#\/schema\/person\/ae7a53426417292d3dd07b45a33e01bc\",\"name\":\"Arturo Medina\",\"image\":{\"@type\":\"ImageObject\",\"inLanguage\":\"es-MX\",\"@id\":\"https:\/\/nitu.mx\/#\/schema\/person\/image\/\",\"url\":\"https:\/\/nitu.mx\/wp-content\/uploads\/2024\/04\/4A315622-1904-4D5C-B022-878CDC840E04-90x90-1.jpeg\",\"contentUrl\":\"https:\/\/nitu.mx\/wp-content\/uploads\/2024\/04\/4A315622-1904-4D5C-B022-878CDC840E04-90x90-1.jpeg\",\"width\":90,\"height\":90,\"caption\":\"Arturo Medina\"},\"logo\":{\"@id\":\"https:\/\/nitu.mx\/#\/schema\/person\/image\/\"},\"description\":\"Director NITU.mx, Egresado de la Escuela de Periodismo Carlos Septi\u00e9n Garc\u00eda. Periodista y analista especializado en turismo desde hace 35 a\u00f1os, radicado en Canc\u00fan Q.Roo. arturo@nitu.mx\",\"sameAs\":[\"https:\/\/nitu.mx\",\"https:\/\/www.facebook.com\/NITUmx\/\",\"medinacancun\",\"https:\/\/twitter.com\/@Arturo_Medina_G\"]},{\"@type\":\"Person\",\"@id\":\"https:\/\/nitu.mx\/#\/schema\/person\/4a28fe9bd65924f7c90623773daf1b0b\",\"name\":\"Redacci\u00f3n\",\"image\":{\"@type\":\"ImageObject\",\"inLanguage\":\"es-MX\",\"@id\":\"https:\/\/nitu.mx\/#\/schema\/person\/image\/\",\"url\":\"https:\/\/secure.gravatar.com\/avatar\/5dd011c8ccfc5cd7e4c81e42252aab38?s=96&d=mm&r=g\",\"contentUrl\":\"https:\/\/secure.gravatar.com\/avatar\/5dd011c8ccfc5cd7e4c81e42252aab38?s=96&d=mm&r=g\",\"caption\":\"Redacci\u00f3n\"},\"url\":\"https:\/\/nitu.mx\/index.php\/author\/redaccion\/\"}]}<\/script>\n<!-- \/ Yoast SEO plugin. -->","yoast_head_json":{"title":"Caribe Mexicano fortalece la inversi\u00f3n, conectividad y la actividad tur\u00edstica en FITUR - Nitu - Noticias de la Industria Turistica","robots":{"index":"index","follow":"follow","max-snippet":"max-snippet:-1","max-image-preview":"max-image-preview:large","max-video-preview":"max-video-preview:-1"},"canonical":"https:\/\/nitu.mx\/index.php\/2026\/01\/22\/caribe-mexicano-fortalece-la-inversion-conectividad-y-la-actividad-turistica-en-fitur\/","twitter_card":"summary_large_image","twitter_title":"Caribe Mexicano fortalece la inversi\u00f3n, conectividad y la actividad tur\u00edstica en FITUR - Nitu - Noticias de la Industria Turistica","twitter_description":"En el segundo d\u00eda de actividades de FITUR 2026 en Madrid, Espa\u00f1a, la comitiva de Quintana Roo, encabezada por la gobernadora Mara Lezama Espinosa, sostuvo una serie de encuentros con el fin de impulsar las inversiones, la conectividad y la actividad tur\u00edstica en los destinos del Caribe Mexicano. Lezama Espinosa sostuvo una reuni\u00f3n estrat\u00e9gica con [&hellip;]","twitter_image":"https:\/\/nitu.mx\/wp-content\/uploads\/2026\/01\/Caribe-mexicano-fitur-2026-dia-2.jpg","twitter_creator":"@NITUmx","twitter_site":"@Arturo_Medina_G","twitter_misc":{"Escrito por":"Redacci\u00f3n","Tiempo de lectura":"1 minuto"},"schema":{"@context":"https:\/\/schema.org","@graph":[{"@type":"Article","@id":"https:\/\/nitu.mx\/index.php\/2026\/01\/22\/caribe-mexicano-fortalece-la-inversion-conectividad-y-la-actividad-turistica-en-fitur\/#article","isPartOf":{"@id":"https:\/\/nitu.mx\/index.php\/2026\/01\/22\/caribe-mexicano-fortalece-la-inversion-conectividad-y-la-actividad-turistica-en-fitur\/"},"author":{"name":"Redacci\u00f3n","@id":"https:\/\/nitu.mx\/#\/schema\/person\/4a28fe9bd65924f7c90623773daf1b0b"},"headline":"Caribe Mexicano fortalece la inversi\u00f3n, conectividad y la actividad tur\u00edstica en FITUR","datePublished":"2026-01-23T04:52:47+00:00","dateModified":"2026-01-23T04:52:47+00:00","mainEntityOfPage":{"@id":"https:\/\/nitu.mx\/index.php\/2026\/01\/22\/caribe-mexicano-fortalece-la-inversion-conectividad-y-la-actividad-turistica-en-fitur\/"},"wordCount":293,"publisher":{"@id":"https:\/\/nitu.mx\/#\/schema\/person\/ae7a53426417292d3dd07b45a33e01bc"},"image":{"@id":"https:\/\/nitu.mx\/index.php\/2026\/01\/22\/caribe-mexicano-fortalece-la-inversion-conectividad-y-la-actividad-turistica-en-fitur\/#primaryimage"},"thumbnailUrl":"https:\/\/nitu.mx\/wp-content\/uploads\/2026\/01\/Caribe-mexicano-fitur-2026-dia-2.jpg","keywords":["Encarna Pi\u00f1ero","grupo Pi\u00f1ero","Mara Lezama","Quintana Roo","Viva","Wyndham"],"articleSection":["FITUR"],"inLanguage":"es-MX"},{"@type":"WebPage","@id":"https:\/\/nitu.mx\/index.php\/2026\/01\/22\/caribe-mexicano-fortalece-la-inversion-conectividad-y-la-actividad-turistica-en-fitur\/","url":"https:\/\/nitu.mx\/index.php\/2026\/01\/22\/caribe-mexicano-fortalece-la-inversion-conectividad-y-la-actividad-turistica-en-fitur\/","name":"Caribe Mexicano fortalece la inversi\u00f3n, conectividad y la actividad tur\u00edstica en FITUR - Nitu - Noticias de la Industria Turistica","isPartOf":{"@id":"https:\/\/nitu.mx\/#website"},"primaryImageOfPage":{"@id":"https:\/\/nitu.mx\/index.php\/2026\/01\/22\/caribe-mexicano-fortalece-la-inversion-conectividad-y-la-actividad-turistica-en-fitur\/#primaryimage"},"image":{"@id":"https:\/\/nitu.mx\/index.php\/2026\/01\/22\/caribe-mexicano-fortalece-la-inversion-conectividad-y-la-actividad-turistica-en-fitur\/#primaryimage"},"thumbnailUrl":"https:\/\/nitu.mx\/wp-content\/uploads\/2026\/01\/Caribe-mexicano-fitur-2026-dia-2.jpg","datePublished":"2026-01-23T04:52:47+00:00","dateModified":"2026-01-23T04:52:47+00:00","breadcrumb":{"@id":"https:\/\/nitu.mx\/index.php\/2026\/01\/22\/caribe-mexicano-fortalece-la-inversion-conectividad-y-la-actividad-turistica-en-fitur\/#breadcrumb"},"inLanguage":"es-MX","potentialAction":[{"@type":"ReadAction","target":["https:\/\/nitu.mx\/index.php\/2026\/01\/22\/caribe-mexicano-fortalece-la-inversion-conectividad-y-la-actividad-turistica-en-fitur\/"]}]},{"@type":"ImageObject","inLanguage":"es-MX","@id":"https:\/\/nitu.mx\/index.php\/2026\/01\/22\/caribe-mexicano-fortalece-la-inversion-conectividad-y-la-actividad-turistica-en-fitur\/#primaryimage","url":"https:\/\/nitu.mx\/wp-content\/uploads\/2026\/01\/Caribe-mexicano-fitur-2026-dia-2.jpg","contentUrl":"https:\/\/nitu.mx\/wp-content\/uploads\/2026\/01\/Caribe-mexicano-fitur-2026-dia-2.jpg","width":1200,"height":675,"caption":"Caribe mexicano fitur 2026 d\u00eda 2"},{"@type":"BreadcrumbList","@id":"https:\/\/nitu.mx\/index.php\/2026\/01\/22\/caribe-mexicano-fortalece-la-inversion-conectividad-y-la-actividad-turistica-en-fitur\/#breadcrumb","itemListElement":[{"@type":"ListItem","position":1,"name":"Inicio","item":"https:\/\/nitu.mx\/"},{"@type":"ListItem","position":2,"name":"Caribe Mexicano fortalece la inversi\u00f3n, conectividad y la actividad tur\u00edstica en FITUR"}]},{"@type":"WebSite","@id":"https:\/\/nitu.mx\/#website","url":"https:\/\/nitu.mx\/","name":"Nitu - Noticias de la Industria Turistica","description":"Noticias de la Industria Turistica","publisher":{"@id":"https:\/\/nitu.mx\/#\/schema\/person\/ae7a53426417292d3dd07b45a33e01bc"},"alternateName":"Noticias de la Industria Turistica","potentialAction":[{"@type":"SearchAction","target":{"@type":"EntryPoint","urlTemplate":"https:\/\/nitu.mx\/?s={search_term_string}"},"query-input":"required name=search_term_string"}],"inLanguage":"es-MX"},{"@type":["Person","Organization"],"@id":"https:\/\/nitu.mx\/#\/schema\/person\/ae7a53426417292d3dd07b45a33e01bc","name":"Arturo Medina","image":{"@type":"ImageObject","inLanguage":"es-MX","@id":"https:\/\/nitu.mx\/#\/schema\/person\/image\/","url":"https:\/\/nitu.mx\/wp-content\/uploads\/2024\/04\/4A315622-1904-4D5C-B022-878CDC840E04-90x90-1.jpeg","contentUrl":"https:\/\/nitu.mx\/wp-content\/uploads\/2024\/04\/4A315622-1904-4D5C-B022-878CDC840E04-90x90-1.jpeg","width":90,"height":90,"caption":"Arturo Medina"},"logo":{"@id":"https:\/\/nitu.mx\/#\/schema\/person\/image\/"},"description":"Director NITU.mx, Egresado de la Escuela de Periodismo Carlos Septi\u00e9n Garc\u00eda. Periodista y analista especializado en turismo desde hace 35 a\u00f1os, radicado en Canc\u00fan Q.Roo. arturo@nitu.mx","sameAs":["https:\/\/nitu.mx","https:\/\/www.facebook.com\/NITUmx\/","medinacancun","https:\/\/twitter.com\/@Arturo_Medina_G"]},{"@type":"Person","@id":"https:\/\/nitu.mx\/#\/schema\/person\/4a28fe9bd65924f7c90623773daf1b0b","name":"Redacci\u00f3n","image":{"@type":"ImageObject","inLanguage":"es-MX","@id":"https:\/\/nitu.mx\/#\/schema\/person\/image\/","url":"https:\/\/secure.gravatar.com\/avatar\/5dd011c8ccfc5cd7e4c81e42252aab38?s=96&d=mm&r=g","contentUrl":"https:\/\/secure.gravatar.com\/avatar\/5dd011c8ccfc5cd7e4c81e42252aab38?s=96&d=mm&r=g","caption":"Redacci\u00f3n"},"url":"https:\/\/nitu.mx\/index.php\/author\/redaccion\/"}]}},"views":275,"_links":{"self":[{"href":"https:\/\/nitu.mx\/index.php\/wp-json\/wp\/v2\/posts\/85800"}],"collection":[{"href":"https:\/\/nitu.mx\/index.php\/wp-json\/wp\/v2\/posts"}],"about":[{"href":"https:\/\/nitu.mx\/index.php\/wp-json\/wp\/v2\/types\/post"}],"author":[{"embeddable":true,"href":"https:\/\/nitu.mx\/index.php\/wp-json\/wp\/v2\/users\/17"}],"replies":[{"embeddable":true,"href":"https:\/\/nitu.mx\/index.php\/wp-json\/wp\/v2\/comments?post=85800"}],"version-history":[{"count":2,"href":"https:\/\/nitu.mx\/index.php\/wp-json\/wp\/v2\/posts\/85800\/revisions"}],"predecessor-version":[{"id":85804,"href":"https:\/\/nitu.mx\/index.php\/wp-json\/wp\/v2\/posts\/85800\/revisions\/85804"}],"wp:featuredmedia":[{"embeddable":true,"href":"https:\/\/nitu.mx\/index.php\/wp-json\/wp\/v2\/media\/85805"}],"wp:attachment":[{"href":"https:\/\/nitu.mx\/index.php\/wp-json\/wp\/v2\/media?parent=85800"}],"wp:term":[{"taxonomy":"category","embeddable":true,"href":"https:\/\/nitu.mx\/index.php\/wp-json\/wp\/v2\/categories?post=85800"},{"taxonomy":"post_tag","embeddable":true,"href":"https:\/\/nitu.mx\/index.php\/wp-json\/wp\/v2\/tags?post=85800"}],"curies":[{"name":"wp","href":"https:\/\/api.w.org\/{rel}","templated":true}]}}