{"id":85792,"date":"2026-01-22T22:37:27","date_gmt":"2026-01-23T04:37:27","guid":{"rendered":"https:\/\/nitu.mx\/?p=85792"},"modified":"2026-01-22T22:37:28","modified_gmt":"2026-01-23T04:37:28","slug":"los-reyes-de-espana-inauguran-fitur-2026-con-mexico-como-pais-socio","status":"publish","type":"post","link":"https:\/\/nitu.mx\/index.php\/2026\/01\/22\/los-reyes-de-espana-inauguran-fitur-2026-con-mexico-como-pais-socio\/","title":{"rendered":"Los Reyes de Espa\u00f1a inauguran FITUR 2026 con M\u00e9xico como Pa\u00eds Socio"},"content":{"rendered":"\n<p>En un acto que cont\u00f3 con una visita discreta de los Reyes de Espa\u00f1a, Felipe VI y Do\u00f1a Leticia, debido al luto oficial de tres d\u00edas decretado en condolencia con las familias y personas allegadas de los fallecidos en el accidente de tren en Adamuz, C\u00f3rdoba; fue inaugurada formalmente la Feria Internacional de Turismo (FITUR) en Madrid, en donde M\u00e9xico participa como Pa\u00eds Socio.<\/p>\n\n\n\n<p>Una comitiva de representantes de\u00a0Pueblos Originarios,\u00a0de los estados de Campeche, Oaxaca, Nayarit, Guerrero y Chihuahua acompa\u00f1\u00f3 a la secretaria de Turismo federal,\u00a0Josefina Rodr\u00edguez Zamora, de esta manera, se convirtieron en embajadores del turismo comunitario, siendo la primera vez que nuestro pa\u00eds muestra a sus Pueblos Originarios con este nivel de orgullo y protagonismo en la feria tur\u00edstica m\u00e1s influyente del mundo hispano, un hecho que marca un antes y un despu\u00e9s en la proyecci\u00f3n tur\u00edstica, cultural y econ\u00f3mica de la naci\u00f3n.<\/p>\n\n\n\n<h2 class=\"wp-block-heading\">M\u00e9xico impulsa conectividad, promoci\u00f3n y cultura rumbo al Mundial 2026 <\/h2>\n\n\n\n<p>En el segundo d\u00eda de actividades de FITUR, Rodr\u00edguez Zamora, desarroll\u00f3 una intensa agenda de reuniones, encuentros estrat\u00e9gicos y activaciones de promoci\u00f3n. Se\u00f1al\u00f3 que, en un contexto marcado por la pr\u00f3xima Copa Mundial 2026 y el creciente inter\u00e9s del mercado europeo por M\u00e9xico, las actividades de la jornada estuvieron orientadas a fortalecer la conectividad, la inversi\u00f3n, la imagen pa\u00eds y la presencia gastron\u00f3mica y cultural de M\u00e9xico en el exterior.<\/p>\n\n\n\n<p>\u201cM\u00e9xico est\u00e1 viviendo un gran momento tur\u00edstico. Las cifras de llegada internacional, la recuperaci\u00f3n de la conectividad y el inter\u00e9s del mercado europeo confirman que nuestro pa\u00eds est\u00e1 de moda. Nos estamos preparando para dar un salto cualitativo de cara al Mundial, y lo estamos haciendo con inversi\u00f3n, coordinaci\u00f3n y visi\u00f3n internacional\u201d, subray\u00f3.<\/p>\n\n\n\n<h3 class=\"wp-block-heading\"><a><\/a><strong>M\u00e9xico hacia 2026: la conectividad como eje para recibir al mundo<\/strong><\/h3>\n\n\n\n<p>Durante la jornada, Rodr\u00edguez Zamora encabez\u00f3 una reuni\u00f3n bilateral con el CEO del holding tur\u00edstico\u00a0TUI Group,\u00a0Sebastian Ebel, con el prop\u00f3sito de revisar la presencia de la compa\u00f1\u00eda en M\u00e9xico y visualizar nuevas oportunidades de colaboraci\u00f3n.<\/p>\n\n\n\n<p>En el encuentro se abordaron iniciativas en materia de conectividad a\u00e9rea, desarrollo de producto tur\u00edstico, cooperaci\u00f3n a trav\u00e9s de la TUI Care Foundation y la vinculaci\u00f3n con nuevos circuitos tur\u00edsticos asociados al Tren Maya y al Caribe mexicano.<\/p>\n\n\n\n<h3 class=\"wp-block-heading\"><a><\/a><strong>Inversi\u00f3n hotelera y competitividad: encuentro con Inverotel<\/strong><\/h3>\n\n\n\n<p>Como parte de la agenda enfocada en inversi\u00f3n y competitividad, sostuvo una reuni\u00f3n de trabajo con la direcci\u00f3n de&nbsp;<strong>Inverotel<\/strong>, grupo que re\u00fane a las principales cadenas hoteleras de origen espa\u00f1ol con presencia en M\u00e9xico y el Caribe.<\/p>\n\n\n\n<p>En este encuentro participaron la presidenta de Inverotel,\u00a0Encarna Pi\u00f1ero; el vicepresidente,\u00a0Toni Chaves; el embajador de M\u00e9xico en Espa\u00f1a,\u00a0Quirino Ordaz Coppel; y el director general de Fonatur,\u00a0Sebasti\u00e1n Ram\u00edrez Mendoza.<\/p>\n\n\n\n<p>La conversaci\u00f3n se centr\u00f3 en temas como infraestructura federal, procesos migratorios, operaci\u00f3n aeroportuaria, transporte terrestre, seguridad en destinos tur\u00edsticos y fen\u00f3menos naturales como el sargazo en el Caribe mexicano.<\/p>\n\n\n\n<p>La secretaria de Turismo expuso el dinamismo del sector, destacando que las cadenas espa\u00f1olas operan en M\u00e9xico m\u00e1s de 100 hoteles, con 40 mil habitaciones en Quintana Roo y 10 mil en el Pac\u00edfico, incluidos nuevos desarrollos en Costa Mujeres que entraron en operaci\u00f3n a finales de 2025.<\/p>\n\n\n\n<h3 class=\"wp-block-heading\"><a><\/a><strong>Canc\u00fan: puerta de entrada al Mundial<\/strong><\/h3>\n\n\n\n<p>La jornada tambi\u00e9n incluy\u00f3 la presentaci\u00f3n de la Agenda Tur\u00edstica de Canc\u00fan y su papel como una de las principales puertas de entrada al Mundial 2026. Con la presencia de la gobernadora de Quintana Roo,\u00a0Mara Lezama, y de la presidenta municipal de Benito Ju\u00e1rez,\u00a0Ana Paty Peralta de la Pe\u00f1a, se destac\u00f3 el posicionamiento global del destino tras sus recientes reconocimientos internacionales y la presentaci\u00f3n de la marca \u201cAll You Canc\u00fan\u201d.<\/p>\n\n\n\n<p>La secretaria reconoci\u00f3 el liderazgo tur\u00edstico del Caribe Mexicano y afirm\u00f3 que \u201cCanc\u00fan es una referencia mundial por su conectividad a\u00e9rea, su infraestructura hotelera, su capacidad de servicios y la profesionalizaci\u00f3n del sector. En Fitur celebramos que sea uno de los grandes puntos de acceso para los aficionados que viajar\u00e1n a M\u00e9xico en 2026\u201d.<\/p>\n\n\n\n<h3 class=\"wp-block-heading\"><a><\/a><strong>Promoci\u00f3n cultural: la gastronom\u00eda mexicana protagoniza el \u2018Reto del Taco\u2019<\/strong><\/h3>\n\n\n\n<p>Las actividades culturales y gastron\u00f3micas tambi\u00e9n tuvieron un papel destacado con la realizaci\u00f3n del \u201cReto del Taco\u201d, una intervenci\u00f3n culinaria que acerc\u00f3 al p\u00fablico espa\u00f1ol a uno de los \u00edconos m\u00e1s representativos de la cocina mexicana.<\/p>\n\n\n\n<p>En esta actividad participaron\u00a0cocineras tradicionales, chefs mexicanos y especialistas espa\u00f1oles, acompa\u00f1ados por la secretaria Rodr\u00edguez Zamora; la coordinadora del Consejo Asesor de Desarrollo Econ\u00f3mico,\u00a0Altagracia G\u00f3mez Sierra;\u00a0el embajador\u00a0<strong>Quirino <\/strong>Ordaz Coppel; y el presidente de Canirac,\u00a0Ignacio Alarc\u00f3n Rodr\u00edguez.<\/p>\n\n\n\n<p>Al respecto, la secretaria se\u00f1al\u00f3 que \u201cla gastronom\u00eda no es solamente un atractivo tur\u00edstico; es una expresi\u00f3n cultural que cuenta qui\u00e9nes somos. En este taco est\u00e1n nuestro territorio, nuestros ingredientes, nuestras comunidades y nuestra historia\u201d.<\/p>\n\n\n\n<h3 class=\"wp-block-heading\"><a><\/a><strong>Ciudad de M\u00e9xico como Host City: promoci\u00f3n en la Fiesta Mundialista<\/strong><\/h3>\n\n\n\n<p>La secretaria Josefina Rodr\u00edguez tambi\u00e9n acompa\u00f1\u00f3 a su hom\u00f3loga de la Ciudad de M\u00e9xico, Alejandra Frausto, en la \u201cFiesta Mundialista Ciudad de M\u00e9xico\u201d, con la presencia del embajador de M\u00e9xico en Espa\u00f1a,\u00a0Quirino Ordaz Coppel;\u00a0Joaqu\u00edn Balcarcel, como representante de Host City Cdmx; as\u00ed como las secretarias de Turismo de los estados de Jalisco,\u00a0Michelle Fridman, y de Nuevo Le\u00f3n,\u00a0Maricarmen Mart\u00ednez.<\/p>\n\n\n\n<p>En este espacio se presentaron iniciativas culturales y urbanas vinculadas al Mundial, poniendo en valor la amplia oferta de entretenimiento, infraestructura y experiencias que la Ciudad de M\u00e9xico ofrecer\u00e1 a los visitantes internacionales en 2026.<\/p>\n\n\n\n<p>\u201cEl Mundial no ser\u00e1 solamente un evento deportivo; ser\u00e1 una vitrina cultural para M\u00e9xico y una plataforma para que nuestras ciudades reciban a visitantes con una oferta diversa, moderna y vibrante\u201d, concluy\u00f3. (<a href=\"https:\/\/nitu.mx\/index.php\/2026\/01\/21\/fitur-2026-arranca-la-participacion-de-mexico-en-como-pais-socio-con-el-pabellon-mas-grande-de-su-historia\/\">FITUR 2026: Arranca la participaci\u00f3n de M\u00e9xico en como Pa\u00eds Socio con el pabell\u00f3n m\u00e1s grande de su historia<\/a>).<\/p>\n","protected":false},"excerpt":{"rendered":"<p>En un acto que cont\u00f3 con una visita discreta de los Reyes de Espa\u00f1a, Felipe VI y Do\u00f1a Leticia, debido al luto oficial de tres d\u00edas decretado en condolencia con las familias y personas allegadas de los fallecidos en el accidente de tren en Adamuz, C\u00f3rdoba; fue inaugurada formalmente la Feria Internacional de Turismo (FITUR) [&hellip;]<\/p>\n","protected":false},"author":17,"featured_media":85799,"comment_status":"closed","ping_status":"closed","sticky":false,"template":"","format":"standard","meta":{"footnotes":""},"categories":[24423,6],"tags":[43,25659,7162,93],"yoast_head":"<!-- This site is optimized with the Yoast SEO plugin v22.2 - https:\/\/yoast.com\/wordpress\/plugins\/seo\/ -->\n<title>Los Reyes de Espa\u00f1a inauguran FITUR 2026 con M\u00e9xico como Pa\u00eds Socio - Nitu - Noticias de la Industria Turistica<\/title>\n<meta name=\"robots\" content=\"index, follow, max-snippet:-1, max-image-preview:large, max-video-preview:-1\" \/>\n<link rel=\"canonical\" href=\"https:\/\/nitu.mx\/index.php\/2026\/01\/22\/los-reyes-de-espana-inauguran-fitur-2026-con-mexico-como-pais-socio\/\" \/>\n<meta name=\"twitter:card\" content=\"summary_large_image\" \/>\n<meta name=\"twitter:title\" content=\"Los Reyes de Espa\u00f1a inauguran FITUR 2026 con M\u00e9xico como Pa\u00eds Socio - Nitu - Noticias de la Industria Turistica\" \/>\n<meta name=\"twitter:description\" content=\"En un acto que cont\u00f3 con una visita discreta de los Reyes de Espa\u00f1a, Felipe VI y Do\u00f1a Leticia, debido al luto oficial de tres d\u00edas decretado en condolencia con las familias y personas allegadas de los fallecidos en el accidente de tren en Adamuz, C\u00f3rdoba; fue inaugurada formalmente la Feria Internacional de Turismo (FITUR) [&hellip;]\" \/>\n<meta name=\"twitter:image\" content=\"https:\/\/nitu.mx\/wp-content\/uploads\/2026\/01\/Fitur-2026-Mexico-Pais-Socio-Reyes-de-Espana.jpg\" \/>\n<meta name=\"twitter:creator\" content=\"@NITUmx\" \/>\n<meta name=\"twitter:site\" content=\"@Arturo_Medina_G\" \/>\n<meta name=\"twitter:label1\" content=\"Escrito por\" \/>\n\t<meta name=\"twitter:data1\" content=\"Redacci\u00f3n\" \/>\n\t<meta name=\"twitter:label2\" content=\"Tiempo de lectura\" \/>\n\t<meta name=\"twitter:data2\" content=\"5 minutos\" \/>\n<script type=\"application\/ld+json\" class=\"yoast-schema-graph\">{\"@context\":\"https:\/\/schema.org\",\"@graph\":[{\"@type\":\"Article\",\"@id\":\"https:\/\/nitu.mx\/index.php\/2026\/01\/22\/los-reyes-de-espana-inauguran-fitur-2026-con-mexico-como-pais-socio\/#article\",\"isPartOf\":{\"@id\":\"https:\/\/nitu.mx\/index.php\/2026\/01\/22\/los-reyes-de-espana-inauguran-fitur-2026-con-mexico-como-pais-socio\/\"},\"author\":{\"name\":\"Redacci\u00f3n\",\"@id\":\"https:\/\/nitu.mx\/#\/schema\/person\/4a28fe9bd65924f7c90623773daf1b0b\"},\"headline\":\"Los Reyes de Espa\u00f1a inauguran FITUR 2026 con M\u00e9xico como Pa\u00eds Socio\",\"datePublished\":\"2026-01-23T04:37:27+00:00\",\"dateModified\":\"2026-01-23T04:37:28+00:00\",\"mainEntityOfPage\":{\"@id\":\"https:\/\/nitu.mx\/index.php\/2026\/01\/22\/los-reyes-de-espana-inauguran-fitur-2026-con-mexico-como-pais-socio\/\"},\"wordCount\":1066,\"publisher\":{\"@id\":\"https:\/\/nitu.mx\/#\/schema\/person\/ae7a53426417292d3dd07b45a33e01bc\"},\"image\":{\"@id\":\"https:\/\/nitu.mx\/index.php\/2026\/01\/22\/los-reyes-de-espana-inauguran-fitur-2026-con-mexico-como-pais-socio\/#primaryimage\"},\"thumbnailUrl\":\"https:\/\/nitu.mx\/wp-content\/uploads\/2026\/01\/Fitur-2026-Mexico-Pais-Socio-Reyes-de-Espana.jpg\",\"keywords\":[\"Canc\u00fan\",\"Josefina Rodr\u00edguez\",\"Mundial de Futbol\",\"Sectur\"],\"articleSection\":[\"FITUR\",\"M\u00e9xico\"],\"inLanguage\":\"es-MX\"},{\"@type\":\"WebPage\",\"@id\":\"https:\/\/nitu.mx\/index.php\/2026\/01\/22\/los-reyes-de-espana-inauguran-fitur-2026-con-mexico-como-pais-socio\/\",\"url\":\"https:\/\/nitu.mx\/index.php\/2026\/01\/22\/los-reyes-de-espana-inauguran-fitur-2026-con-mexico-como-pais-socio\/\",\"name\":\"Los Reyes de Espa\u00f1a inauguran FITUR 2026 con M\u00e9xico como Pa\u00eds Socio - Nitu - Noticias de la Industria Turistica\",\"isPartOf\":{\"@id\":\"https:\/\/nitu.mx\/#website\"},\"primaryImageOfPage\":{\"@id\":\"https:\/\/nitu.mx\/index.php\/2026\/01\/22\/los-reyes-de-espana-inauguran-fitur-2026-con-mexico-como-pais-socio\/#primaryimage\"},\"image\":{\"@id\":\"https:\/\/nitu.mx\/index.php\/2026\/01\/22\/los-reyes-de-espana-inauguran-fitur-2026-con-mexico-como-pais-socio\/#primaryimage\"},\"thumbnailUrl\":\"https:\/\/nitu.mx\/wp-content\/uploads\/2026\/01\/Fitur-2026-Mexico-Pais-Socio-Reyes-de-Espana.jpg\",\"datePublished\":\"2026-01-23T04:37:27+00:00\",\"dateModified\":\"2026-01-23T04:37:28+00:00\",\"breadcrumb\":{\"@id\":\"https:\/\/nitu.mx\/index.php\/2026\/01\/22\/los-reyes-de-espana-inauguran-fitur-2026-con-mexico-como-pais-socio\/#breadcrumb\"},\"inLanguage\":\"es-MX\",\"potentialAction\":[{\"@type\":\"ReadAction\",\"target\":[\"https:\/\/nitu.mx\/index.php\/2026\/01\/22\/los-reyes-de-espana-inauguran-fitur-2026-con-mexico-como-pais-socio\/\"]}]},{\"@type\":\"ImageObject\",\"inLanguage\":\"es-MX\",\"@id\":\"https:\/\/nitu.mx\/index.php\/2026\/01\/22\/los-reyes-de-espana-inauguran-fitur-2026-con-mexico-como-pais-socio\/#primaryimage\",\"url\":\"https:\/\/nitu.mx\/wp-content\/uploads\/2026\/01\/Fitur-2026-Mexico-Pais-Socio-Reyes-de-Espana.jpg\",\"contentUrl\":\"https:\/\/nitu.mx\/wp-content\/uploads\/2026\/01\/Fitur-2026-Mexico-Pais-Socio-Reyes-de-Espana.jpg\",\"width\":1200,\"height\":675,\"caption\":\"Fitur 2026 M\u00e9xico Pa\u00eds Socio Reyes de Espa\u00f1a\"},{\"@type\":\"BreadcrumbList\",\"@id\":\"https:\/\/nitu.mx\/index.php\/2026\/01\/22\/los-reyes-de-espana-inauguran-fitur-2026-con-mexico-como-pais-socio\/#breadcrumb\",\"itemListElement\":[{\"@type\":\"ListItem\",\"position\":1,\"name\":\"Inicio\",\"item\":\"https:\/\/nitu.mx\/\"},{\"@type\":\"ListItem\",\"position\":2,\"name\":\"Los Reyes de Espa\u00f1a inauguran FITUR 2026 con M\u00e9xico como Pa\u00eds Socio\"}]},{\"@type\":\"WebSite\",\"@id\":\"https:\/\/nitu.mx\/#website\",\"url\":\"https:\/\/nitu.mx\/\",\"name\":\"Nitu - Noticias de la Industria Turistica\",\"description\":\"Noticias de la Industria Turistica\",\"publisher\":{\"@id\":\"https:\/\/nitu.mx\/#\/schema\/person\/ae7a53426417292d3dd07b45a33e01bc\"},\"alternateName\":\"Noticias de la Industria Turistica\",\"potentialAction\":[{\"@type\":\"SearchAction\",\"target\":{\"@type\":\"EntryPoint\",\"urlTemplate\":\"https:\/\/nitu.mx\/?s={search_term_string}\"},\"query-input\":\"required name=search_term_string\"}],\"inLanguage\":\"es-MX\"},{\"@type\":[\"Person\",\"Organization\"],\"@id\":\"https:\/\/nitu.mx\/#\/schema\/person\/ae7a53426417292d3dd07b45a33e01bc\",\"name\":\"Arturo Medina\",\"image\":{\"@type\":\"ImageObject\",\"inLanguage\":\"es-MX\",\"@id\":\"https:\/\/nitu.mx\/#\/schema\/person\/image\/\",\"url\":\"https:\/\/nitu.mx\/wp-content\/uploads\/2024\/04\/4A315622-1904-4D5C-B022-878CDC840E04-90x90-1.jpeg\",\"contentUrl\":\"https:\/\/nitu.mx\/wp-content\/uploads\/2024\/04\/4A315622-1904-4D5C-B022-878CDC840E04-90x90-1.jpeg\",\"width\":90,\"height\":90,\"caption\":\"Arturo Medina\"},\"logo\":{\"@id\":\"https:\/\/nitu.mx\/#\/schema\/person\/image\/\"},\"description\":\"Director NITU.mx, Egresado de la Escuela de Periodismo Carlos Septi\u00e9n Garc\u00eda. Periodista y analista especializado en turismo desde hace 35 a\u00f1os, radicado en Canc\u00fan Q.Roo. arturo@nitu.mx\",\"sameAs\":[\"https:\/\/nitu.mx\",\"https:\/\/www.facebook.com\/NITUmx\/\",\"medinacancun\",\"https:\/\/twitter.com\/@Arturo_Medina_G\"]},{\"@type\":\"Person\",\"@id\":\"https:\/\/nitu.mx\/#\/schema\/person\/4a28fe9bd65924f7c90623773daf1b0b\",\"name\":\"Redacci\u00f3n\",\"image\":{\"@type\":\"ImageObject\",\"inLanguage\":\"es-MX\",\"@id\":\"https:\/\/nitu.mx\/#\/schema\/person\/image\/\",\"url\":\"https:\/\/secure.gravatar.com\/avatar\/5dd011c8ccfc5cd7e4c81e42252aab38?s=96&d=mm&r=g\",\"contentUrl\":\"https:\/\/secure.gravatar.com\/avatar\/5dd011c8ccfc5cd7e4c81e42252aab38?s=96&d=mm&r=g\",\"caption\":\"Redacci\u00f3n\"},\"url\":\"https:\/\/nitu.mx\/index.php\/author\/redaccion\/\"}]}<\/script>\n<!-- \/ Yoast SEO plugin. -->","yoast_head_json":{"title":"Los Reyes de Espa\u00f1a inauguran FITUR 2026 con M\u00e9xico como Pa\u00eds Socio - Nitu - Noticias de la Industria Turistica","robots":{"index":"index","follow":"follow","max-snippet":"max-snippet:-1","max-image-preview":"max-image-preview:large","max-video-preview":"max-video-preview:-1"},"canonical":"https:\/\/nitu.mx\/index.php\/2026\/01\/22\/los-reyes-de-espana-inauguran-fitur-2026-con-mexico-como-pais-socio\/","twitter_card":"summary_large_image","twitter_title":"Los Reyes de Espa\u00f1a inauguran FITUR 2026 con M\u00e9xico como Pa\u00eds Socio - Nitu - Noticias de la Industria Turistica","twitter_description":"En un acto que cont\u00f3 con una visita discreta de los Reyes de Espa\u00f1a, Felipe VI y Do\u00f1a Leticia, debido al luto oficial de tres d\u00edas decretado en condolencia con las familias y personas allegadas de los fallecidos en el accidente de tren en Adamuz, C\u00f3rdoba; fue inaugurada formalmente la Feria Internacional de Turismo (FITUR) [&hellip;]","twitter_image":"https:\/\/nitu.mx\/wp-content\/uploads\/2026\/01\/Fitur-2026-Mexico-Pais-Socio-Reyes-de-Espana.jpg","twitter_creator":"@NITUmx","twitter_site":"@Arturo_Medina_G","twitter_misc":{"Escrito por":"Redacci\u00f3n","Tiempo de lectura":"5 minutos"},"schema":{"@context":"https:\/\/schema.org","@graph":[{"@type":"Article","@id":"https:\/\/nitu.mx\/index.php\/2026\/01\/22\/los-reyes-de-espana-inauguran-fitur-2026-con-mexico-como-pais-socio\/#article","isPartOf":{"@id":"https:\/\/nitu.mx\/index.php\/2026\/01\/22\/los-reyes-de-espana-inauguran-fitur-2026-con-mexico-como-pais-socio\/"},"author":{"name":"Redacci\u00f3n","@id":"https:\/\/nitu.mx\/#\/schema\/person\/4a28fe9bd65924f7c90623773daf1b0b"},"headline":"Los Reyes de Espa\u00f1a inauguran FITUR 2026 con M\u00e9xico como Pa\u00eds Socio","datePublished":"2026-01-23T04:37:27+00:00","dateModified":"2026-01-23T04:37:28+00:00","mainEntityOfPage":{"@id":"https:\/\/nitu.mx\/index.php\/2026\/01\/22\/los-reyes-de-espana-inauguran-fitur-2026-con-mexico-como-pais-socio\/"},"wordCount":1066,"publisher":{"@id":"https:\/\/nitu.mx\/#\/schema\/person\/ae7a53426417292d3dd07b45a33e01bc"},"image":{"@id":"https:\/\/nitu.mx\/index.php\/2026\/01\/22\/los-reyes-de-espana-inauguran-fitur-2026-con-mexico-como-pais-socio\/#primaryimage"},"thumbnailUrl":"https:\/\/nitu.mx\/wp-content\/uploads\/2026\/01\/Fitur-2026-Mexico-Pais-Socio-Reyes-de-Espana.jpg","keywords":["Canc\u00fan","Josefina Rodr\u00edguez","Mundial de Futbol","Sectur"],"articleSection":["FITUR","M\u00e9xico"],"inLanguage":"es-MX"},{"@type":"WebPage","@id":"https:\/\/nitu.mx\/index.php\/2026\/01\/22\/los-reyes-de-espana-inauguran-fitur-2026-con-mexico-como-pais-socio\/","url":"https:\/\/nitu.mx\/index.php\/2026\/01\/22\/los-reyes-de-espana-inauguran-fitur-2026-con-mexico-como-pais-socio\/","name":"Los Reyes de Espa\u00f1a inauguran FITUR 2026 con M\u00e9xico como Pa\u00eds Socio - Nitu - Noticias de la Industria Turistica","isPartOf":{"@id":"https:\/\/nitu.mx\/#website"},"primaryImageOfPage":{"@id":"https:\/\/nitu.mx\/index.php\/2026\/01\/22\/los-reyes-de-espana-inauguran-fitur-2026-con-mexico-como-pais-socio\/#primaryimage"},"image":{"@id":"https:\/\/nitu.mx\/index.php\/2026\/01\/22\/los-reyes-de-espana-inauguran-fitur-2026-con-mexico-como-pais-socio\/#primaryimage"},"thumbnailUrl":"https:\/\/nitu.mx\/wp-content\/uploads\/2026\/01\/Fitur-2026-Mexico-Pais-Socio-Reyes-de-Espana.jpg","datePublished":"2026-01-23T04:37:27+00:00","dateModified":"2026-01-23T04:37:28+00:00","breadcrumb":{"@id":"https:\/\/nitu.mx\/index.php\/2026\/01\/22\/los-reyes-de-espana-inauguran-fitur-2026-con-mexico-como-pais-socio\/#breadcrumb"},"inLanguage":"es-MX","potentialAction":[{"@type":"ReadAction","target":["https:\/\/nitu.mx\/index.php\/2026\/01\/22\/los-reyes-de-espana-inauguran-fitur-2026-con-mexico-como-pais-socio\/"]}]},{"@type":"ImageObject","inLanguage":"es-MX","@id":"https:\/\/nitu.mx\/index.php\/2026\/01\/22\/los-reyes-de-espana-inauguran-fitur-2026-con-mexico-como-pais-socio\/#primaryimage","url":"https:\/\/nitu.mx\/wp-content\/uploads\/2026\/01\/Fitur-2026-Mexico-Pais-Socio-Reyes-de-Espana.jpg","contentUrl":"https:\/\/nitu.mx\/wp-content\/uploads\/2026\/01\/Fitur-2026-Mexico-Pais-Socio-Reyes-de-Espana.jpg","width":1200,"height":675,"caption":"Fitur 2026 M\u00e9xico Pa\u00eds Socio Reyes de Espa\u00f1a"},{"@type":"BreadcrumbList","@id":"https:\/\/nitu.mx\/index.php\/2026\/01\/22\/los-reyes-de-espana-inauguran-fitur-2026-con-mexico-como-pais-socio\/#breadcrumb","itemListElement":[{"@type":"ListItem","position":1,"name":"Inicio","item":"https:\/\/nitu.mx\/"},{"@type":"ListItem","position":2,"name":"Los Reyes de Espa\u00f1a inauguran FITUR 2026 con M\u00e9xico como Pa\u00eds Socio"}]},{"@type":"WebSite","@id":"https:\/\/nitu.mx\/#website","url":"https:\/\/nitu.mx\/","name":"Nitu - Noticias de la Industria Turistica","description":"Noticias de la Industria Turistica","publisher":{"@id":"https:\/\/nitu.mx\/#\/schema\/person\/ae7a53426417292d3dd07b45a33e01bc"},"alternateName":"Noticias de la Industria Turistica","potentialAction":[{"@type":"SearchAction","target":{"@type":"EntryPoint","urlTemplate":"https:\/\/nitu.mx\/?s={search_term_string}"},"query-input":"required name=search_term_string"}],"inLanguage":"es-MX"},{"@type":["Person","Organization"],"@id":"https:\/\/nitu.mx\/#\/schema\/person\/ae7a53426417292d3dd07b45a33e01bc","name":"Arturo Medina","image":{"@type":"ImageObject","inLanguage":"es-MX","@id":"https:\/\/nitu.mx\/#\/schema\/person\/image\/","url":"https:\/\/nitu.mx\/wp-content\/uploads\/2024\/04\/4A315622-1904-4D5C-B022-878CDC840E04-90x90-1.jpeg","contentUrl":"https:\/\/nitu.mx\/wp-content\/uploads\/2024\/04\/4A315622-1904-4D5C-B022-878CDC840E04-90x90-1.jpeg","width":90,"height":90,"caption":"Arturo Medina"},"logo":{"@id":"https:\/\/nitu.mx\/#\/schema\/person\/image\/"},"description":"Director NITU.mx, Egresado de la Escuela de Periodismo Carlos Septi\u00e9n Garc\u00eda. Periodista y analista especializado en turismo desde hace 35 a\u00f1os, radicado en Canc\u00fan Q.Roo. arturo@nitu.mx","sameAs":["https:\/\/nitu.mx","https:\/\/www.facebook.com\/NITUmx\/","medinacancun","https:\/\/twitter.com\/@Arturo_Medina_G"]},{"@type":"Person","@id":"https:\/\/nitu.mx\/#\/schema\/person\/4a28fe9bd65924f7c90623773daf1b0b","name":"Redacci\u00f3n","image":{"@type":"ImageObject","inLanguage":"es-MX","@id":"https:\/\/nitu.mx\/#\/schema\/person\/image\/","url":"https:\/\/secure.gravatar.com\/avatar\/5dd011c8ccfc5cd7e4c81e42252aab38?s=96&d=mm&r=g","contentUrl":"https:\/\/secure.gravatar.com\/avatar\/5dd011c8ccfc5cd7e4c81e42252aab38?s=96&d=mm&r=g","caption":"Redacci\u00f3n"},"url":"https:\/\/nitu.mx\/index.php\/author\/redaccion\/"}]}},"views":507,"_links":{"self":[{"href":"https:\/\/nitu.mx\/index.php\/wp-json\/wp\/v2\/posts\/85792"}],"collection":[{"href":"https:\/\/nitu.mx\/index.php\/wp-json\/wp\/v2\/posts"}],"about":[{"href":"https:\/\/nitu.mx\/index.php\/wp-json\/wp\/v2\/types\/post"}],"author":[{"embeddable":true,"href":"https:\/\/nitu.mx\/index.php\/wp-json\/wp\/v2\/users\/17"}],"replies":[{"embeddable":true,"href":"https:\/\/nitu.mx\/index.php\/wp-json\/wp\/v2\/comments?post=85792"}],"version-history":[{"count":3,"href":"https:\/\/nitu.mx\/index.php\/wp-json\/wp\/v2\/posts\/85792\/revisions"}],"predecessor-version":[{"id":85798,"href":"https:\/\/nitu.mx\/index.php\/wp-json\/wp\/v2\/posts\/85792\/revisions\/85798"}],"wp:featuredmedia":[{"embeddable":true,"href":"https:\/\/nitu.mx\/index.php\/wp-json\/wp\/v2\/media\/85799"}],"wp:attachment":[{"href":"https:\/\/nitu.mx\/index.php\/wp-json\/wp\/v2\/media?parent=85792"}],"wp:term":[{"taxonomy":"category","embeddable":true,"href":"https:\/\/nitu.mx\/index.php\/wp-json\/wp\/v2\/categories?post=85792"},{"taxonomy":"post_tag","embeddable":true,"href":"https:\/\/nitu.mx\/index.php\/wp-json\/wp\/v2\/tags?post=85792"}],"curies":[{"name":"wp","href":"https:\/\/api.w.org\/{rel}","templated":true}]}}