{"id":85785,"date":"2026-01-22T22:20:03","date_gmt":"2026-01-23T04:20:03","guid":{"rendered":"https:\/\/nitu.mx\/?p=85785"},"modified":"2026-01-22T22:20:04","modified_gmt":"2026-01-23T04:20:04","slug":"grupo-solmar-alinea-el-turismo-de-los-cabos-con-la-agenda-2030-de-la-onu","status":"publish","type":"post","link":"https:\/\/nitu.mx\/index.php\/2026\/01\/22\/grupo-solmar-alinea-el-turismo-de-los-cabos-con-la-agenda-2030-de-la-onu\/","title":{"rendered":"Grupo Solmar alinea el turismo de Los Cabos con la Agenda 2030 de la ONU"},"content":{"rendered":"\n<p>En el marco de la Feria Internacional de Turismo (FITUR), que se celebra del 21 al 25 de enero en Madrid, Espa\u00f1a, y tiene a M\u00e9xico como pa\u00eds invitado, Grupo Solmar dio a conocer que inici\u00f3 un diagn\u00f3stico integral de sus operaciones para identificar avances y oportunidades relacionadas con los Objetivos de Desarrollo Sostenible (ODS) de la Agenda 2030 de la Organizaci\u00f3n de las Naciones Unidas (ONU).<\/p>\n\n\n\n<p>El diagn\u00f3stico se divide en tres fases. La primera fue la sensibilizaci\u00f3n de los ODS dentro de toda la estructura de la organizaci\u00f3n, y se llev\u00f3 a cabo durante el \u00faltimo trimestre de 2025. La segunda fase, que inici\u00f3 en enero y contin\u00faa en desarrollo, es una autoevaluaci\u00f3n profunda para sistematizar las acciones que ya se realizan en materia de sostenibilidad e identificar \u00e1reas de oportunidad. <\/p>\n\n\n<div class=\"wp-block-image\">\n<figure class=\"alignright size-large is-resized\"><img decoding=\"async\" loading=\"lazy\" width=\"682\" height=\"1024\" src=\"https:\/\/nitu.mx\/wp-content\/uploads\/2026\/01\/image-1-682x1024.png\" alt=\"\" class=\"wp-image-85789\" style=\"aspect-ratio:0.66640625;width:303px;height:auto\" srcset=\"https:\/\/nitu.mx\/wp-content\/uploads\/2026\/01\/image-1-682x1024.png 682w, https:\/\/nitu.mx\/wp-content\/uploads\/2026\/01\/image-1-200x300.png 200w, https:\/\/nitu.mx\/wp-content\/uploads\/2026\/01\/image-1-768x1152.png 768w, https:\/\/nitu.mx\/wp-content\/uploads\/2026\/01\/image-1.png 853w\" sizes=\"(max-width: 682px) 100vw, 682px\" \/><figcaption class=\"wp-element-caption\">Mauricio Salicrup<\/figcaption><\/figure><\/div>\n\n\n<p>La tercera fase ser\u00e1 el an\u00e1lisis de los datos obtenidos para la elaboraci\u00f3n de una Memoria de Sostenibilidad, que se presentar\u00e1 en el segundo trimestre del a\u00f1o, adem\u00e1s del desarrollo de informes corporativos por cada una de las propiedades de Solmar en Los Cabos, que estar\u00e1n listos hacia el tercer trimestre del 2026.<\/p>\n\n\n\n<p>Tanto la Memoria de Sostenibilidad como los informes corporativos ser\u00e1n vinculantes en la cadena de valor de Solmar, es decir, los proveedores de la organizaci\u00f3n deber\u00e1n cumplir con todos los criterios de sustentabilidad para amplificar el impacto positivo de la Agenda 2030 de la ONU y colocar al ecosistema tur\u00edstico de Los Cabos como un referente nacional e internacional en materia de turismo responsable.<\/p>\n\n\n\n<p>\u201cEsta nueva pr\u00e1ctica de transparencia proactiva ser\u00e1 replicada cada a\u00f1o, con el objetivo de analizar el avance de la regi\u00f3n en general y de nosotros en particular en materia de sostenibilidad. Al ser pioneros en el desarrollo tur\u00edstico de Los Cabos y contar con cuatro propiedades en la regi\u00f3n, creemos que esta iniciativa ser\u00e1 punta de lanza para el turismo responsable en Baja California Sur y el pa\u00eds\u201d, se\u00f1al\u00f3 Mauricio Salicrup, Director de Operaciones de Grupo Solmar.<\/p>\n\n\n\n<p>Adem\u00e1s, apunt\u00f3 Salicrup, \u201cesta iniciativa se alinea con los objetivos de la FITUR, cuyo reto planteado para la edici\u00f3n 2026 pone el acento en c\u00f3mo el turismo puede contribuir a una gesti\u00f3n eficiente y sostenible del agua, de forma que desde Grupo Solmar buscamos alinear el turismo de Los Cabos con el llamado global en materia de turismo sostenible, que se cristaliza en los ODS de la ONU\u201d.<\/p>\n\n\n\n<h2 class=\"wp-block-heading\">Avances en turismo responsable<\/h2>\n\n\n\n<p>Grupo Solmar ha identificado, hasta ahora, que varias de las buenas pr\u00e1cticas que ya se realizan en materia de sostenibilidad se corresponden con por lo menos nueve de los 17 ODS de la Agenda 2030 de la ONU, que van desde la eficiencia energ\u00e9tica hasta la preservaci\u00f3n de los ecosistemas marinos, pasando por una mejor gesti\u00f3n del agua y las alianzas para lograr los objetivos, entre otros.<\/p>\n\n\n\n<p>Por ejemplo, Grupo Solmar cuenta con un Comit\u00e9 Energ\u00e9tico que coordina todos los proyectos en la materia. Uno de los m\u00e1s destacados, en l\u00ednea con el ODS 7 Energ\u00eda asequible y no contaminante, es la instalaci\u00f3n de equipos de eficiencia energ\u00e9tica utilizados para calentar el agua de las habitaciones sin la necesidad de usar gas, lo que ayuda a mitigar la huella de carbono de la organizaci\u00f3n.<\/p>\n\n\n\n<p>Otro caso de \u00e9xito en Solmar es la preservaci\u00f3n de los mantos acu\u00edferos a trav\u00e9s del abastecimiento al 100 % de agua proveniente del mar, que es tratada por equipos de osmosis inversa, proceso por el cual se desaliniza y se eliminan contaminantes espec\u00edficos para hacerla apta para uso y consumo humano. \u201cEn ninguna de nuestras propiedades se consume ning\u00fan litro de agua que no haya sido producido por nuestros propios equipos de osmosis inversa\u201d, destac\u00f3 D\u00edaz.<\/p>\n\n\n\n<p>Asimismo, Grupo Solmar colabora con el gobierno municipal de Los Cabos en favor de una gesti\u00f3n h\u00eddrica m\u00e1s responsable en el destino, mediante el tratamiento de aguas residuales que terminan su ciclo en el riego de \u00e1reas verdes del municipio, lo que reduce el uso de agua potable para este fin y mitiga el estr\u00e9s h\u00eddrico de la regi\u00f3n.<\/p>\n\n\n\n<p>&#8220;La Memoria de Sostenibilidad nos permitir\u00e1 ajustar lo que no funciona y escalar lo que s\u00ed, convirti\u00e9ndose en la columna vertebral de la estrategia ambiental de la organizaci\u00f3n. Ser\u00e1 la hoja de ruta que, con sensibilizaci\u00f3n, m\u00e9tricas rigurosas y alianzas estrat\u00e9gicas, nos permita alinear de forma integral a la organizaci\u00f3n y a Los Cabos con los ODS de la ONU\u201d, cerr\u00f3 Salicrup. (<a href=\"https:\/\/nitu.mx\/index.php\/2025\/12\/03\/fundacion-solmar-recibe-del-cemefi-la-acreditacion-en-institucionalidad-y-transparencia\/\">Fundaci\u00f3n Solmar recibe del CEMEFI la Acreditaci\u00f3n en Institucionalidad y Transparencia<\/a>).<\/p>\n","protected":false},"excerpt":{"rendered":"<p>En el marco de la Feria Internacional de Turismo (FITUR), que se celebra del 21 al 25 de enero en Madrid, Espa\u00f1a, y tiene a M\u00e9xico como pa\u00eds invitado, Grupo Solmar dio a conocer que inici\u00f3 un diagn\u00f3stico integral de sus operaciones para identificar avances y oportunidades relacionadas con los Objetivos de Desarrollo Sostenible (ODS) [&hellip;]<\/p>\n","protected":false},"author":17,"featured_media":85790,"comment_status":"closed","ping_status":"closed","sticky":false,"template":"","format":"standard","meta":{"footnotes":""},"categories":[24423,2],"tags":[4283,130,18323,4818],"yoast_head":"<!-- This site is optimized with the Yoast SEO plugin v22.2 - https:\/\/yoast.com\/wordpress\/plugins\/seo\/ -->\n<title>Grupo Solmar alinea el turismo de Los Cabos con la Agenda 2030 de la ONU - Nitu - Noticias de la Industria Turistica<\/title>\n<meta name=\"robots\" content=\"index, follow, max-snippet:-1, max-image-preview:large, max-video-preview:-1\" \/>\n<link rel=\"canonical\" href=\"https:\/\/nitu.mx\/index.php\/2026\/01\/22\/grupo-solmar-alinea-el-turismo-de-los-cabos-con-la-agenda-2030-de-la-onu\/\" \/>\n<meta name=\"twitter:card\" content=\"summary_large_image\" \/>\n<meta name=\"twitter:title\" content=\"Grupo Solmar alinea el turismo de Los Cabos con la Agenda 2030 de la ONU - Nitu - Noticias de la Industria Turistica\" \/>\n<meta name=\"twitter:description\" content=\"En el marco de la Feria Internacional de Turismo (FITUR), que se celebra del 21 al 25 de enero en Madrid, Espa\u00f1a, y tiene a M\u00e9xico como pa\u00eds invitado, Grupo Solmar dio a conocer que inici\u00f3 un diagn\u00f3stico integral de sus operaciones para identificar avances y oportunidades relacionadas con los Objetivos de Desarrollo Sostenible (ODS) [&hellip;]\" \/>\n<meta name=\"twitter:image\" content=\"https:\/\/nitu.mx\/wp-content\/uploads\/2026\/01\/Grupo-Solmar-ODS-Fitur.jpg\" \/>\n<meta name=\"twitter:creator\" content=\"@NITUmx\" \/>\n<meta name=\"twitter:site\" content=\"@Arturo_Medina_G\" \/>\n<meta name=\"twitter:label1\" content=\"Escrito por\" \/>\n\t<meta name=\"twitter:data1\" content=\"Redacci\u00f3n\" \/>\n\t<meta name=\"twitter:label2\" content=\"Tiempo de lectura\" \/>\n\t<meta name=\"twitter:data2\" content=\"4 minutos\" \/>\n<script type=\"application\/ld+json\" class=\"yoast-schema-graph\">{\"@context\":\"https:\/\/schema.org\",\"@graph\":[{\"@type\":\"Article\",\"@id\":\"https:\/\/nitu.mx\/index.php\/2026\/01\/22\/grupo-solmar-alinea-el-turismo-de-los-cabos-con-la-agenda-2030-de-la-onu\/#article\",\"isPartOf\":{\"@id\":\"https:\/\/nitu.mx\/index.php\/2026\/01\/22\/grupo-solmar-alinea-el-turismo-de-los-cabos-con-la-agenda-2030-de-la-onu\/\"},\"author\":{\"name\":\"Redacci\u00f3n\",\"@id\":\"https:\/\/nitu.mx\/#\/schema\/person\/4a28fe9bd65924f7c90623773daf1b0b\"},\"headline\":\"Grupo Solmar alinea el turismo de Los Cabos con la Agenda 2030 de la ONU\",\"datePublished\":\"2026-01-23T04:20:03+00:00\",\"dateModified\":\"2026-01-23T04:20:04+00:00\",\"mainEntityOfPage\":{\"@id\":\"https:\/\/nitu.mx\/index.php\/2026\/01\/22\/grupo-solmar-alinea-el-turismo-de-los-cabos-con-la-agenda-2030-de-la-onu\/\"},\"wordCount\":807,\"publisher\":{\"@id\":\"https:\/\/nitu.mx\/#\/schema\/person\/ae7a53426417292d3dd07b45a33e01bc\"},\"image\":{\"@id\":\"https:\/\/nitu.mx\/index.php\/2026\/01\/22\/grupo-solmar-alinea-el-turismo-de-los-cabos-con-la-agenda-2030-de-la-onu\/#primaryimage\"},\"thumbnailUrl\":\"https:\/\/nitu.mx\/wp-content\/uploads\/2026\/01\/Grupo-Solmar-ODS-Fitur.jpg\",\"keywords\":[\"Grupo Solmar\",\"Los Cabos\",\"Objetivos de Desarrollo Sostenible (ODS)\",\"ONU\"],\"articleSection\":[\"FITUR\",\"Hoteles\"],\"inLanguage\":\"es-MX\"},{\"@type\":\"WebPage\",\"@id\":\"https:\/\/nitu.mx\/index.php\/2026\/01\/22\/grupo-solmar-alinea-el-turismo-de-los-cabos-con-la-agenda-2030-de-la-onu\/\",\"url\":\"https:\/\/nitu.mx\/index.php\/2026\/01\/22\/grupo-solmar-alinea-el-turismo-de-los-cabos-con-la-agenda-2030-de-la-onu\/\",\"name\":\"Grupo Solmar alinea el turismo de Los Cabos con la Agenda 2030 de la ONU - Nitu - Noticias de la Industria Turistica\",\"isPartOf\":{\"@id\":\"https:\/\/nitu.mx\/#website\"},\"primaryImageOfPage\":{\"@id\":\"https:\/\/nitu.mx\/index.php\/2026\/01\/22\/grupo-solmar-alinea-el-turismo-de-los-cabos-con-la-agenda-2030-de-la-onu\/#primaryimage\"},\"image\":{\"@id\":\"https:\/\/nitu.mx\/index.php\/2026\/01\/22\/grupo-solmar-alinea-el-turismo-de-los-cabos-con-la-agenda-2030-de-la-onu\/#primaryimage\"},\"thumbnailUrl\":\"https:\/\/nitu.mx\/wp-content\/uploads\/2026\/01\/Grupo-Solmar-ODS-Fitur.jpg\",\"datePublished\":\"2026-01-23T04:20:03+00:00\",\"dateModified\":\"2026-01-23T04:20:04+00:00\",\"breadcrumb\":{\"@id\":\"https:\/\/nitu.mx\/index.php\/2026\/01\/22\/grupo-solmar-alinea-el-turismo-de-los-cabos-con-la-agenda-2030-de-la-onu\/#breadcrumb\"},\"inLanguage\":\"es-MX\",\"potentialAction\":[{\"@type\":\"ReadAction\",\"target\":[\"https:\/\/nitu.mx\/index.php\/2026\/01\/22\/grupo-solmar-alinea-el-turismo-de-los-cabos-con-la-agenda-2030-de-la-onu\/\"]}]},{\"@type\":\"ImageObject\",\"inLanguage\":\"es-MX\",\"@id\":\"https:\/\/nitu.mx\/index.php\/2026\/01\/22\/grupo-solmar-alinea-el-turismo-de-los-cabos-con-la-agenda-2030-de-la-onu\/#primaryimage\",\"url\":\"https:\/\/nitu.mx\/wp-content\/uploads\/2026\/01\/Grupo-Solmar-ODS-Fitur.jpg\",\"contentUrl\":\"https:\/\/nitu.mx\/wp-content\/uploads\/2026\/01\/Grupo-Solmar-ODS-Fitur.jpg\",\"width\":1200,\"height\":675,\"caption\":\"Grupo Solmar ODS Fitur\"},{\"@type\":\"BreadcrumbList\",\"@id\":\"https:\/\/nitu.mx\/index.php\/2026\/01\/22\/grupo-solmar-alinea-el-turismo-de-los-cabos-con-la-agenda-2030-de-la-onu\/#breadcrumb\",\"itemListElement\":[{\"@type\":\"ListItem\",\"position\":1,\"name\":\"Inicio\",\"item\":\"https:\/\/nitu.mx\/\"},{\"@type\":\"ListItem\",\"position\":2,\"name\":\"Grupo Solmar alinea el turismo de Los Cabos con la Agenda 2030 de la ONU\"}]},{\"@type\":\"WebSite\",\"@id\":\"https:\/\/nitu.mx\/#website\",\"url\":\"https:\/\/nitu.mx\/\",\"name\":\"Nitu - Noticias de la Industria Turistica\",\"description\":\"Noticias de la Industria Turistica\",\"publisher\":{\"@id\":\"https:\/\/nitu.mx\/#\/schema\/person\/ae7a53426417292d3dd07b45a33e01bc\"},\"alternateName\":\"Noticias de la Industria Turistica\",\"potentialAction\":[{\"@type\":\"SearchAction\",\"target\":{\"@type\":\"EntryPoint\",\"urlTemplate\":\"https:\/\/nitu.mx\/?s={search_term_string}\"},\"query-input\":\"required name=search_term_string\"}],\"inLanguage\":\"es-MX\"},{\"@type\":[\"Person\",\"Organization\"],\"@id\":\"https:\/\/nitu.mx\/#\/schema\/person\/ae7a53426417292d3dd07b45a33e01bc\",\"name\":\"Arturo Medina\",\"image\":{\"@type\":\"ImageObject\",\"inLanguage\":\"es-MX\",\"@id\":\"https:\/\/nitu.mx\/#\/schema\/person\/image\/\",\"url\":\"https:\/\/nitu.mx\/wp-content\/uploads\/2024\/04\/4A315622-1904-4D5C-B022-878CDC840E04-90x90-1.jpeg\",\"contentUrl\":\"https:\/\/nitu.mx\/wp-content\/uploads\/2024\/04\/4A315622-1904-4D5C-B022-878CDC840E04-90x90-1.jpeg\",\"width\":90,\"height\":90,\"caption\":\"Arturo Medina\"},\"logo\":{\"@id\":\"https:\/\/nitu.mx\/#\/schema\/person\/image\/\"},\"description\":\"Director NITU.mx, Egresado de la Escuela de Periodismo Carlos Septi\u00e9n Garc\u00eda. Periodista y analista especializado en turismo desde hace 35 a\u00f1os, radicado en Canc\u00fan Q.Roo. arturo@nitu.mx\",\"sameAs\":[\"https:\/\/nitu.mx\",\"https:\/\/www.facebook.com\/NITUmx\/\",\"medinacancun\",\"https:\/\/twitter.com\/@Arturo_Medina_G\"]},{\"@type\":\"Person\",\"@id\":\"https:\/\/nitu.mx\/#\/schema\/person\/4a28fe9bd65924f7c90623773daf1b0b\",\"name\":\"Redacci\u00f3n\",\"image\":{\"@type\":\"ImageObject\",\"inLanguage\":\"es-MX\",\"@id\":\"https:\/\/nitu.mx\/#\/schema\/person\/image\/\",\"url\":\"https:\/\/secure.gravatar.com\/avatar\/5dd011c8ccfc5cd7e4c81e42252aab38?s=96&d=mm&r=g\",\"contentUrl\":\"https:\/\/secure.gravatar.com\/avatar\/5dd011c8ccfc5cd7e4c81e42252aab38?s=96&d=mm&r=g\",\"caption\":\"Redacci\u00f3n\"},\"url\":\"https:\/\/nitu.mx\/index.php\/author\/redaccion\/\"}]}<\/script>\n<!-- \/ Yoast SEO plugin. -->","yoast_head_json":{"title":"Grupo Solmar alinea el turismo de Los Cabos con la Agenda 2030 de la ONU - Nitu - Noticias de la Industria Turistica","robots":{"index":"index","follow":"follow","max-snippet":"max-snippet:-1","max-image-preview":"max-image-preview:large","max-video-preview":"max-video-preview:-1"},"canonical":"https:\/\/nitu.mx\/index.php\/2026\/01\/22\/grupo-solmar-alinea-el-turismo-de-los-cabos-con-la-agenda-2030-de-la-onu\/","twitter_card":"summary_large_image","twitter_title":"Grupo Solmar alinea el turismo de Los Cabos con la Agenda 2030 de la ONU - Nitu - Noticias de la Industria Turistica","twitter_description":"En el marco de la Feria Internacional de Turismo (FITUR), que se celebra del 21 al 25 de enero en Madrid, Espa\u00f1a, y tiene a M\u00e9xico como pa\u00eds invitado, Grupo Solmar dio a conocer que inici\u00f3 un diagn\u00f3stico integral de sus operaciones para identificar avances y oportunidades relacionadas con los Objetivos de Desarrollo Sostenible (ODS) [&hellip;]","twitter_image":"https:\/\/nitu.mx\/wp-content\/uploads\/2026\/01\/Grupo-Solmar-ODS-Fitur.jpg","twitter_creator":"@NITUmx","twitter_site":"@Arturo_Medina_G","twitter_misc":{"Escrito por":"Redacci\u00f3n","Tiempo de lectura":"4 minutos"},"schema":{"@context":"https:\/\/schema.org","@graph":[{"@type":"Article","@id":"https:\/\/nitu.mx\/index.php\/2026\/01\/22\/grupo-solmar-alinea-el-turismo-de-los-cabos-con-la-agenda-2030-de-la-onu\/#article","isPartOf":{"@id":"https:\/\/nitu.mx\/index.php\/2026\/01\/22\/grupo-solmar-alinea-el-turismo-de-los-cabos-con-la-agenda-2030-de-la-onu\/"},"author":{"name":"Redacci\u00f3n","@id":"https:\/\/nitu.mx\/#\/schema\/person\/4a28fe9bd65924f7c90623773daf1b0b"},"headline":"Grupo Solmar alinea el turismo de Los Cabos con la Agenda 2030 de la ONU","datePublished":"2026-01-23T04:20:03+00:00","dateModified":"2026-01-23T04:20:04+00:00","mainEntityOfPage":{"@id":"https:\/\/nitu.mx\/index.php\/2026\/01\/22\/grupo-solmar-alinea-el-turismo-de-los-cabos-con-la-agenda-2030-de-la-onu\/"},"wordCount":807,"publisher":{"@id":"https:\/\/nitu.mx\/#\/schema\/person\/ae7a53426417292d3dd07b45a33e01bc"},"image":{"@id":"https:\/\/nitu.mx\/index.php\/2026\/01\/22\/grupo-solmar-alinea-el-turismo-de-los-cabos-con-la-agenda-2030-de-la-onu\/#primaryimage"},"thumbnailUrl":"https:\/\/nitu.mx\/wp-content\/uploads\/2026\/01\/Grupo-Solmar-ODS-Fitur.jpg","keywords":["Grupo Solmar","Los Cabos","Objetivos de Desarrollo Sostenible (ODS)","ONU"],"articleSection":["FITUR","Hoteles"],"inLanguage":"es-MX"},{"@type":"WebPage","@id":"https:\/\/nitu.mx\/index.php\/2026\/01\/22\/grupo-solmar-alinea-el-turismo-de-los-cabos-con-la-agenda-2030-de-la-onu\/","url":"https:\/\/nitu.mx\/index.php\/2026\/01\/22\/grupo-solmar-alinea-el-turismo-de-los-cabos-con-la-agenda-2030-de-la-onu\/","name":"Grupo Solmar alinea el turismo de Los Cabos con la Agenda 2030 de la ONU - Nitu - Noticias de la Industria Turistica","isPartOf":{"@id":"https:\/\/nitu.mx\/#website"},"primaryImageOfPage":{"@id":"https:\/\/nitu.mx\/index.php\/2026\/01\/22\/grupo-solmar-alinea-el-turismo-de-los-cabos-con-la-agenda-2030-de-la-onu\/#primaryimage"},"image":{"@id":"https:\/\/nitu.mx\/index.php\/2026\/01\/22\/grupo-solmar-alinea-el-turismo-de-los-cabos-con-la-agenda-2030-de-la-onu\/#primaryimage"},"thumbnailUrl":"https:\/\/nitu.mx\/wp-content\/uploads\/2026\/01\/Grupo-Solmar-ODS-Fitur.jpg","datePublished":"2026-01-23T04:20:03+00:00","dateModified":"2026-01-23T04:20:04+00:00","breadcrumb":{"@id":"https:\/\/nitu.mx\/index.php\/2026\/01\/22\/grupo-solmar-alinea-el-turismo-de-los-cabos-con-la-agenda-2030-de-la-onu\/#breadcrumb"},"inLanguage":"es-MX","potentialAction":[{"@type":"ReadAction","target":["https:\/\/nitu.mx\/index.php\/2026\/01\/22\/grupo-solmar-alinea-el-turismo-de-los-cabos-con-la-agenda-2030-de-la-onu\/"]}]},{"@type":"ImageObject","inLanguage":"es-MX","@id":"https:\/\/nitu.mx\/index.php\/2026\/01\/22\/grupo-solmar-alinea-el-turismo-de-los-cabos-con-la-agenda-2030-de-la-onu\/#primaryimage","url":"https:\/\/nitu.mx\/wp-content\/uploads\/2026\/01\/Grupo-Solmar-ODS-Fitur.jpg","contentUrl":"https:\/\/nitu.mx\/wp-content\/uploads\/2026\/01\/Grupo-Solmar-ODS-Fitur.jpg","width":1200,"height":675,"caption":"Grupo Solmar ODS Fitur"},{"@type":"BreadcrumbList","@id":"https:\/\/nitu.mx\/index.php\/2026\/01\/22\/grupo-solmar-alinea-el-turismo-de-los-cabos-con-la-agenda-2030-de-la-onu\/#breadcrumb","itemListElement":[{"@type":"ListItem","position":1,"name":"Inicio","item":"https:\/\/nitu.mx\/"},{"@type":"ListItem","position":2,"name":"Grupo Solmar alinea el turismo de Los Cabos con la Agenda 2030 de la ONU"}]},{"@type":"WebSite","@id":"https:\/\/nitu.mx\/#website","url":"https:\/\/nitu.mx\/","name":"Nitu - Noticias de la Industria Turistica","description":"Noticias de la Industria Turistica","publisher":{"@id":"https:\/\/nitu.mx\/#\/schema\/person\/ae7a53426417292d3dd07b45a33e01bc"},"alternateName":"Noticias de la Industria Turistica","potentialAction":[{"@type":"SearchAction","target":{"@type":"EntryPoint","urlTemplate":"https:\/\/nitu.mx\/?s={search_term_string}"},"query-input":"required name=search_term_string"}],"inLanguage":"es-MX"},{"@type":["Person","Organization"],"@id":"https:\/\/nitu.mx\/#\/schema\/person\/ae7a53426417292d3dd07b45a33e01bc","name":"Arturo Medina","image":{"@type":"ImageObject","inLanguage":"es-MX","@id":"https:\/\/nitu.mx\/#\/schema\/person\/image\/","url":"https:\/\/nitu.mx\/wp-content\/uploads\/2024\/04\/4A315622-1904-4D5C-B022-878CDC840E04-90x90-1.jpeg","contentUrl":"https:\/\/nitu.mx\/wp-content\/uploads\/2024\/04\/4A315622-1904-4D5C-B022-878CDC840E04-90x90-1.jpeg","width":90,"height":90,"caption":"Arturo Medina"},"logo":{"@id":"https:\/\/nitu.mx\/#\/schema\/person\/image\/"},"description":"Director NITU.mx, Egresado de la Escuela de Periodismo Carlos Septi\u00e9n Garc\u00eda. Periodista y analista especializado en turismo desde hace 35 a\u00f1os, radicado en Canc\u00fan Q.Roo. arturo@nitu.mx","sameAs":["https:\/\/nitu.mx","https:\/\/www.facebook.com\/NITUmx\/","medinacancun","https:\/\/twitter.com\/@Arturo_Medina_G"]},{"@type":"Person","@id":"https:\/\/nitu.mx\/#\/schema\/person\/4a28fe9bd65924f7c90623773daf1b0b","name":"Redacci\u00f3n","image":{"@type":"ImageObject","inLanguage":"es-MX","@id":"https:\/\/nitu.mx\/#\/schema\/person\/image\/","url":"https:\/\/secure.gravatar.com\/avatar\/5dd011c8ccfc5cd7e4c81e42252aab38?s=96&d=mm&r=g","contentUrl":"https:\/\/secure.gravatar.com\/avatar\/5dd011c8ccfc5cd7e4c81e42252aab38?s=96&d=mm&r=g","caption":"Redacci\u00f3n"},"url":"https:\/\/nitu.mx\/index.php\/author\/redaccion\/"}]}},"views":649,"_links":{"self":[{"href":"https:\/\/nitu.mx\/index.php\/wp-json\/wp\/v2\/posts\/85785"}],"collection":[{"href":"https:\/\/nitu.mx\/index.php\/wp-json\/wp\/v2\/posts"}],"about":[{"href":"https:\/\/nitu.mx\/index.php\/wp-json\/wp\/v2\/types\/post"}],"author":[{"embeddable":true,"href":"https:\/\/nitu.mx\/index.php\/wp-json\/wp\/v2\/users\/17"}],"replies":[{"embeddable":true,"href":"https:\/\/nitu.mx\/index.php\/wp-json\/wp\/v2\/comments?post=85785"}],"version-history":[{"count":2,"href":"https:\/\/nitu.mx\/index.php\/wp-json\/wp\/v2\/posts\/85785\/revisions"}],"predecessor-version":[{"id":85791,"href":"https:\/\/nitu.mx\/index.php\/wp-json\/wp\/v2\/posts\/85785\/revisions\/85791"}],"wp:featuredmedia":[{"embeddable":true,"href":"https:\/\/nitu.mx\/index.php\/wp-json\/wp\/v2\/media\/85790"}],"wp:attachment":[{"href":"https:\/\/nitu.mx\/index.php\/wp-json\/wp\/v2\/media?parent=85785"}],"wp:term":[{"taxonomy":"category","embeddable":true,"href":"https:\/\/nitu.mx\/index.php\/wp-json\/wp\/v2\/categories?post=85785"},{"taxonomy":"post_tag","embeddable":true,"href":"https:\/\/nitu.mx\/index.php\/wp-json\/wp\/v2\/tags?post=85785"}],"curies":[{"name":"wp","href":"https:\/\/api.w.org\/{rel}","templated":true}]}}