{"id":85779,"date":"2026-01-22T12:20:43","date_gmt":"2026-01-22T18:20:43","guid":{"rendered":"https:\/\/nitu.mx\/?p=85779"},"modified":"2026-01-22T12:20:44","modified_gmt":"2026-01-22T18:20:44","slug":"los-cabos-impulsa-su-estrategia-de-crecimiento-en-europa-durante-fitur-2026","status":"publish","type":"post","link":"https:\/\/nitu.mx\/index.php\/2026\/01\/22\/los-cabos-impulsa-su-estrategia-de-crecimiento-en-europa-durante-fitur-2026\/","title":{"rendered":"Los Cabos impulsa su estrategia de crecimiento en Europa durante FITUR 2026"},"content":{"rendered":"\n<p>Esta semana dio inicio la agenda de actividades del\u00a0Fideicomiso de Turismo de Los Cabos (FITURCA)\u00a0en el marco de\u00a0FITUR 2026, la Feria Internacional de Turismo m\u00e1s importante de Espa\u00f1a y uno de los principales puntos de encuentro del turismo a nivel global. Desde el pabell\u00f3n de M\u00e9xico, Los Cabos participa activamente en un programa de reuniones enfocadas en fortalecer alianzas comerciales, posicionamiento de marca y generaci\u00f3n de demanda en el mercado europeo.<\/p>\n\n\n\n<p>El equipo de FITURCA llevar\u00e1 a cabo\u00a0m\u00e1s de 90 citas de negocio\u00a0con agencias de viaje, l\u00edneas a\u00e9reas, touroperadores y aliados estrat\u00e9gicos, adem\u00e1s de encuentros con medios de comunicaci\u00f3n. La agenda incluye capacitaciones a agentes de viaje y reuniones con socios comerciales clave del sector como\u00a0United Airlines Espa\u00f1a, Air Canada, Despegar, TUI Spain, Portugal &amp; Americas, El Corte Ingl\u00e9s, W2M, Jumbo Tours, Alpitour, AVASA, entre otros, con el objetivo de presentar la diversidad de experiencias que ofrece Los Cabos, desde escapadas de lujo y bienestar, hasta viajes familiares y de aventura en Baja California Sur. <\/p>\n\n\n<div class=\"wp-block-image\">\n<figure class=\"alignright size-full is-resized\"><img decoding=\"async\" loading=\"lazy\" width=\"403\" height=\"572\" src=\"https:\/\/nitu.mx\/wp-content\/uploads\/2026\/01\/image.png\" alt=\"\" class=\"wp-image-85782\" style=\"aspect-ratio:0.7045454545454546;width:278px;height:auto\" srcset=\"https:\/\/nitu.mx\/wp-content\/uploads\/2026\/01\/image.png 403w, https:\/\/nitu.mx\/wp-content\/uploads\/2026\/01\/image-211x300.png 211w\" sizes=\"(max-width: 403px) 100vw, 403px\" \/><figcaption class=\"wp-element-caption\">Rodrigo Esponda<\/figcaption><\/figure><\/div>\n\n\n<p>\u201cLa participaci\u00f3n de FITURCA en FITUR 2026 responde a una estrategia de\u00a0consolidaci\u00f3n y crecimiento gradual del mercado espa\u00f1ol, que ha mostrado una tendencia positiva. Durante 2025,\u00a0cerca de 2,500 turistas espa\u00f1oles visitaron Los Cabos, en su mayor\u00eda conectando v\u00eda\u00a0Fr\u00e1ncfort a trav\u00e9s del vuelo directo de\u00a0Condor Airlines, lo que posiciona a Alemania como un punto clave de conexi\u00f3n para el mercado europeo hacia el destino\u201d, se\u00f1al\u00f3 Rodrigo Esponda, director general de FITURCA.<\/p>\n\n\n\n<p>Como parte del programa de actividades, FITURCA particip\u00f3 en un evento junto con CATAI \u2014uno de los principales touroperadores de lujo en Espa\u00f1a\u2014 y Aerom\u00e9xico, donde se reunieron m\u00e1s de 50 agentes especializados. En este encuentro se comparti\u00f3 una actualizaci\u00f3n de la oferta tur\u00edstica de Los Cabos y se destac\u00f3 la historia y riqueza cultural de la regi\u00f3n, con el fin de incentivar las ventas entre sus clientes de alto perfil.<\/p>\n\n\n\n<p>FITURCA tambi\u00e9n se ha reunido con medios de comunicaci\u00f3n espa\u00f1oles para compartir las novedades del destino, fortalecer lazos editoriales y generar cobertura que motive a m\u00e1s viajeros a descubrir Los Cabos y sus alrededores.<\/p>\n\n\n\n<p>Durante el fin de semana, FITURCA realizar\u00e1 una activaci\u00f3n en colaboraci\u00f3n con Civitatis, enfocada en educar sobre la oferta tur\u00edstica de Los Cabos, despertar el deseo de viaje y reforzar la presencia del destino ante el p\u00fablico espa\u00f1ol.<\/p>\n\n\n\n<p>Del 21 al 25 de enero en&nbsp;IFEMA Madrid, la delegaci\u00f3n de FITURCA, en conjunto con 12 representantes de la industria hotelera de Los Cabos, continuar\u00e1n impulsando alianzas estrat\u00e9gicas alrededor de la oferta multi-segmento del destino, con \u00e9nfasis en lujo, naturaleza, bienestar, gastronom\u00eda, cultura y aventura.<\/p>\n\n\n\n<p>La participaci\u00f3n en FITUR marca el inicio de la agenda internacional de promoci\u00f3n de\u00a0Los Cabos para 2026, que incluye la presencia en m\u00e1s de\u00a030 ferias y acciones comerciales\u00a0en Europa, Am\u00e9rica Latina y Asia, como parte de una estrategia enfocada en diversificaci\u00f3n de mercados y fortalecimiento del posicionamiento global del destino. (<a href=\"https:\/\/nitu.mx\/index.php\/2026\/01\/07\/los-cabos-promueve-la-temporada-de-avistamiento-de-ballenas\/\">Los Cabos promueve la temporada de avistamiento de ballenas<\/a>).<\/p>\n","protected":false},"excerpt":{"rendered":"<p>Esta semana dio inicio la agenda de actividades del\u00a0Fideicomiso de Turismo de Los Cabos (FITURCA)\u00a0en el marco de\u00a0FITUR 2026, la Feria Internacional de Turismo m\u00e1s importante de Espa\u00f1a y uno de los principales puntos de encuentro del turismo a nivel global. Desde el pabell\u00f3n de M\u00e9xico, Los Cabos participa activamente en un programa de reuniones [&hellip;]<\/p>\n","protected":false},"author":17,"featured_media":81771,"comment_status":"closed","ping_status":"closed","sticky":false,"template":"","format":"standard","meta":{"footnotes":""},"categories":[5,24423],"tags":[1443,130,1028],"yoast_head":"<!-- This site is optimized with the Yoast SEO plugin v22.2 - https:\/\/yoast.com\/wordpress\/plugins\/seo\/ -->\n<title>Los Cabos impulsa su estrategia de crecimiento en Europa durante FITUR 2026 - Nitu - Noticias de la Industria Turistica<\/title>\n<meta name=\"robots\" content=\"index, follow, max-snippet:-1, max-image-preview:large, max-video-preview:-1\" \/>\n<link rel=\"canonical\" href=\"https:\/\/nitu.mx\/index.php\/2026\/01\/22\/los-cabos-impulsa-su-estrategia-de-crecimiento-en-europa-durante-fitur-2026\/\" \/>\n<meta name=\"twitter:card\" content=\"summary_large_image\" \/>\n<meta name=\"twitter:title\" content=\"Los Cabos impulsa su estrategia de crecimiento en Europa durante FITUR 2026 - Nitu - Noticias de la Industria Turistica\" \/>\n<meta name=\"twitter:description\" content=\"Esta semana dio inicio la agenda de actividades del\u00a0Fideicomiso de Turismo de Los Cabos (FITURCA)\u00a0en el marco de\u00a0FITUR 2026, la Feria Internacional de Turismo m\u00e1s importante de Espa\u00f1a y uno de los principales puntos de encuentro del turismo a nivel global. Desde el pabell\u00f3n de M\u00e9xico, Los Cabos participa activamente en un programa de reuniones [&hellip;]\" \/>\n<meta name=\"twitter:image\" content=\"https:\/\/nitu.mx\/wp-content\/uploads\/2025\/06\/Los-Cabos-FITURCA-Wellness-5.jpg\" \/>\n<meta name=\"twitter:creator\" content=\"@NITUmx\" \/>\n<meta name=\"twitter:site\" content=\"@Arturo_Medina_G\" \/>\n<meta name=\"twitter:label1\" content=\"Escrito por\" \/>\n\t<meta name=\"twitter:data1\" content=\"Redacci\u00f3n\" \/>\n\t<meta name=\"twitter:label2\" content=\"Tiempo de lectura\" \/>\n\t<meta name=\"twitter:data2\" content=\"3 minutos\" \/>\n<script type=\"application\/ld+json\" class=\"yoast-schema-graph\">{\"@context\":\"https:\/\/schema.org\",\"@graph\":[{\"@type\":\"Article\",\"@id\":\"https:\/\/nitu.mx\/index.php\/2026\/01\/22\/los-cabos-impulsa-su-estrategia-de-crecimiento-en-europa-durante-fitur-2026\/#article\",\"isPartOf\":{\"@id\":\"https:\/\/nitu.mx\/index.php\/2026\/01\/22\/los-cabos-impulsa-su-estrategia-de-crecimiento-en-europa-durante-fitur-2026\/\"},\"author\":{\"name\":\"Redacci\u00f3n\",\"@id\":\"https:\/\/nitu.mx\/#\/schema\/person\/4a28fe9bd65924f7c90623773daf1b0b\"},\"headline\":\"Los Cabos impulsa su estrategia de crecimiento en Europa durante FITUR 2026\",\"datePublished\":\"2026-01-22T18:20:43+00:00\",\"dateModified\":\"2026-01-22T18:20:44+00:00\",\"mainEntityOfPage\":{\"@id\":\"https:\/\/nitu.mx\/index.php\/2026\/01\/22\/los-cabos-impulsa-su-estrategia-de-crecimiento-en-europa-durante-fitur-2026\/\"},\"wordCount\":547,\"publisher\":{\"@id\":\"https:\/\/nitu.mx\/#\/schema\/person\/ae7a53426417292d3dd07b45a33e01bc\"},\"image\":{\"@id\":\"https:\/\/nitu.mx\/index.php\/2026\/01\/22\/los-cabos-impulsa-su-estrategia-de-crecimiento-en-europa-durante-fitur-2026\/#primaryimage\"},\"thumbnailUrl\":\"https:\/\/nitu.mx\/wp-content\/uploads\/2025\/06\/Los-Cabos-FITURCA-Wellness-5.jpg\",\"keywords\":[\"Fiturca\",\"Los Cabos\",\"Rodrigo Esponda\"],\"articleSection\":[\"Destinos\",\"FITUR\"],\"inLanguage\":\"es-MX\"},{\"@type\":\"WebPage\",\"@id\":\"https:\/\/nitu.mx\/index.php\/2026\/01\/22\/los-cabos-impulsa-su-estrategia-de-crecimiento-en-europa-durante-fitur-2026\/\",\"url\":\"https:\/\/nitu.mx\/index.php\/2026\/01\/22\/los-cabos-impulsa-su-estrategia-de-crecimiento-en-europa-durante-fitur-2026\/\",\"name\":\"Los Cabos impulsa su estrategia de crecimiento en Europa durante FITUR 2026 - Nitu - Noticias de la Industria Turistica\",\"isPartOf\":{\"@id\":\"https:\/\/nitu.mx\/#website\"},\"primaryImageOfPage\":{\"@id\":\"https:\/\/nitu.mx\/index.php\/2026\/01\/22\/los-cabos-impulsa-su-estrategia-de-crecimiento-en-europa-durante-fitur-2026\/#primaryimage\"},\"image\":{\"@id\":\"https:\/\/nitu.mx\/index.php\/2026\/01\/22\/los-cabos-impulsa-su-estrategia-de-crecimiento-en-europa-durante-fitur-2026\/#primaryimage\"},\"thumbnailUrl\":\"https:\/\/nitu.mx\/wp-content\/uploads\/2025\/06\/Los-Cabos-FITURCA-Wellness-5.jpg\",\"datePublished\":\"2026-01-22T18:20:43+00:00\",\"dateModified\":\"2026-01-22T18:20:44+00:00\",\"breadcrumb\":{\"@id\":\"https:\/\/nitu.mx\/index.php\/2026\/01\/22\/los-cabos-impulsa-su-estrategia-de-crecimiento-en-europa-durante-fitur-2026\/#breadcrumb\"},\"inLanguage\":\"es-MX\",\"potentialAction\":[{\"@type\":\"ReadAction\",\"target\":[\"https:\/\/nitu.mx\/index.php\/2026\/01\/22\/los-cabos-impulsa-su-estrategia-de-crecimiento-en-europa-durante-fitur-2026\/\"]}]},{\"@type\":\"ImageObject\",\"inLanguage\":\"es-MX\",\"@id\":\"https:\/\/nitu.mx\/index.php\/2026\/01\/22\/los-cabos-impulsa-su-estrategia-de-crecimiento-en-europa-durante-fitur-2026\/#primaryimage\",\"url\":\"https:\/\/nitu.mx\/wp-content\/uploads\/2025\/06\/Los-Cabos-FITURCA-Wellness-5.jpg\",\"contentUrl\":\"https:\/\/nitu.mx\/wp-content\/uploads\/2025\/06\/Los-Cabos-FITURCA-Wellness-5.jpg\",\"width\":1200,\"height\":675,\"caption\":\"Los Cabos FITURCA Wellness 5\"},{\"@type\":\"BreadcrumbList\",\"@id\":\"https:\/\/nitu.mx\/index.php\/2026\/01\/22\/los-cabos-impulsa-su-estrategia-de-crecimiento-en-europa-durante-fitur-2026\/#breadcrumb\",\"itemListElement\":[{\"@type\":\"ListItem\",\"position\":1,\"name\":\"Inicio\",\"item\":\"https:\/\/nitu.mx\/\"},{\"@type\":\"ListItem\",\"position\":2,\"name\":\"Los Cabos impulsa su estrategia de crecimiento en Europa durante FITUR 2026\"}]},{\"@type\":\"WebSite\",\"@id\":\"https:\/\/nitu.mx\/#website\",\"url\":\"https:\/\/nitu.mx\/\",\"name\":\"Nitu - Noticias de la Industria Turistica\",\"description\":\"Noticias de la Industria Turistica\",\"publisher\":{\"@id\":\"https:\/\/nitu.mx\/#\/schema\/person\/ae7a53426417292d3dd07b45a33e01bc\"},\"alternateName\":\"Noticias de la Industria Turistica\",\"potentialAction\":[{\"@type\":\"SearchAction\",\"target\":{\"@type\":\"EntryPoint\",\"urlTemplate\":\"https:\/\/nitu.mx\/?s={search_term_string}\"},\"query-input\":\"required name=search_term_string\"}],\"inLanguage\":\"es-MX\"},{\"@type\":[\"Person\",\"Organization\"],\"@id\":\"https:\/\/nitu.mx\/#\/schema\/person\/ae7a53426417292d3dd07b45a33e01bc\",\"name\":\"Arturo Medina\",\"image\":{\"@type\":\"ImageObject\",\"inLanguage\":\"es-MX\",\"@id\":\"https:\/\/nitu.mx\/#\/schema\/person\/image\/\",\"url\":\"https:\/\/nitu.mx\/wp-content\/uploads\/2024\/04\/4A315622-1904-4D5C-B022-878CDC840E04-90x90-1.jpeg\",\"contentUrl\":\"https:\/\/nitu.mx\/wp-content\/uploads\/2024\/04\/4A315622-1904-4D5C-B022-878CDC840E04-90x90-1.jpeg\",\"width\":90,\"height\":90,\"caption\":\"Arturo Medina\"},\"logo\":{\"@id\":\"https:\/\/nitu.mx\/#\/schema\/person\/image\/\"},\"description\":\"Director NITU.mx, Egresado de la Escuela de Periodismo Carlos Septi\u00e9n Garc\u00eda. Periodista y analista especializado en turismo desde hace 35 a\u00f1os, radicado en Canc\u00fan Q.Roo. arturo@nitu.mx\",\"sameAs\":[\"https:\/\/nitu.mx\",\"https:\/\/www.facebook.com\/NITUmx\/\",\"medinacancun\",\"https:\/\/twitter.com\/@Arturo_Medina_G\"]},{\"@type\":\"Person\",\"@id\":\"https:\/\/nitu.mx\/#\/schema\/person\/4a28fe9bd65924f7c90623773daf1b0b\",\"name\":\"Redacci\u00f3n\",\"image\":{\"@type\":\"ImageObject\",\"inLanguage\":\"es-MX\",\"@id\":\"https:\/\/nitu.mx\/#\/schema\/person\/image\/\",\"url\":\"https:\/\/secure.gravatar.com\/avatar\/5dd011c8ccfc5cd7e4c81e42252aab38?s=96&d=mm&r=g\",\"contentUrl\":\"https:\/\/secure.gravatar.com\/avatar\/5dd011c8ccfc5cd7e4c81e42252aab38?s=96&d=mm&r=g\",\"caption\":\"Redacci\u00f3n\"},\"url\":\"https:\/\/nitu.mx\/index.php\/author\/redaccion\/\"}]}<\/script>\n<!-- \/ Yoast SEO plugin. -->","yoast_head_json":{"title":"Los Cabos impulsa su estrategia de crecimiento en Europa durante FITUR 2026 - Nitu - Noticias de la Industria Turistica","robots":{"index":"index","follow":"follow","max-snippet":"max-snippet:-1","max-image-preview":"max-image-preview:large","max-video-preview":"max-video-preview:-1"},"canonical":"https:\/\/nitu.mx\/index.php\/2026\/01\/22\/los-cabos-impulsa-su-estrategia-de-crecimiento-en-europa-durante-fitur-2026\/","twitter_card":"summary_large_image","twitter_title":"Los Cabos impulsa su estrategia de crecimiento en Europa durante FITUR 2026 - Nitu - Noticias de la Industria Turistica","twitter_description":"Esta semana dio inicio la agenda de actividades del\u00a0Fideicomiso de Turismo de Los Cabos (FITURCA)\u00a0en el marco de\u00a0FITUR 2026, la Feria Internacional de Turismo m\u00e1s importante de Espa\u00f1a y uno de los principales puntos de encuentro del turismo a nivel global. Desde el pabell\u00f3n de M\u00e9xico, Los Cabos participa activamente en un programa de reuniones [&hellip;]","twitter_image":"https:\/\/nitu.mx\/wp-content\/uploads\/2025\/06\/Los-Cabos-FITURCA-Wellness-5.jpg","twitter_creator":"@NITUmx","twitter_site":"@Arturo_Medina_G","twitter_misc":{"Escrito por":"Redacci\u00f3n","Tiempo de lectura":"3 minutos"},"schema":{"@context":"https:\/\/schema.org","@graph":[{"@type":"Article","@id":"https:\/\/nitu.mx\/index.php\/2026\/01\/22\/los-cabos-impulsa-su-estrategia-de-crecimiento-en-europa-durante-fitur-2026\/#article","isPartOf":{"@id":"https:\/\/nitu.mx\/index.php\/2026\/01\/22\/los-cabos-impulsa-su-estrategia-de-crecimiento-en-europa-durante-fitur-2026\/"},"author":{"name":"Redacci\u00f3n","@id":"https:\/\/nitu.mx\/#\/schema\/person\/4a28fe9bd65924f7c90623773daf1b0b"},"headline":"Los Cabos impulsa su estrategia de crecimiento en Europa durante FITUR 2026","datePublished":"2026-01-22T18:20:43+00:00","dateModified":"2026-01-22T18:20:44+00:00","mainEntityOfPage":{"@id":"https:\/\/nitu.mx\/index.php\/2026\/01\/22\/los-cabos-impulsa-su-estrategia-de-crecimiento-en-europa-durante-fitur-2026\/"},"wordCount":547,"publisher":{"@id":"https:\/\/nitu.mx\/#\/schema\/person\/ae7a53426417292d3dd07b45a33e01bc"},"image":{"@id":"https:\/\/nitu.mx\/index.php\/2026\/01\/22\/los-cabos-impulsa-su-estrategia-de-crecimiento-en-europa-durante-fitur-2026\/#primaryimage"},"thumbnailUrl":"https:\/\/nitu.mx\/wp-content\/uploads\/2025\/06\/Los-Cabos-FITURCA-Wellness-5.jpg","keywords":["Fiturca","Los Cabos","Rodrigo Esponda"],"articleSection":["Destinos","FITUR"],"inLanguage":"es-MX"},{"@type":"WebPage","@id":"https:\/\/nitu.mx\/index.php\/2026\/01\/22\/los-cabos-impulsa-su-estrategia-de-crecimiento-en-europa-durante-fitur-2026\/","url":"https:\/\/nitu.mx\/index.php\/2026\/01\/22\/los-cabos-impulsa-su-estrategia-de-crecimiento-en-europa-durante-fitur-2026\/","name":"Los Cabos impulsa su estrategia de crecimiento en Europa durante FITUR 2026 - Nitu - Noticias de la Industria Turistica","isPartOf":{"@id":"https:\/\/nitu.mx\/#website"},"primaryImageOfPage":{"@id":"https:\/\/nitu.mx\/index.php\/2026\/01\/22\/los-cabos-impulsa-su-estrategia-de-crecimiento-en-europa-durante-fitur-2026\/#primaryimage"},"image":{"@id":"https:\/\/nitu.mx\/index.php\/2026\/01\/22\/los-cabos-impulsa-su-estrategia-de-crecimiento-en-europa-durante-fitur-2026\/#primaryimage"},"thumbnailUrl":"https:\/\/nitu.mx\/wp-content\/uploads\/2025\/06\/Los-Cabos-FITURCA-Wellness-5.jpg","datePublished":"2026-01-22T18:20:43+00:00","dateModified":"2026-01-22T18:20:44+00:00","breadcrumb":{"@id":"https:\/\/nitu.mx\/index.php\/2026\/01\/22\/los-cabos-impulsa-su-estrategia-de-crecimiento-en-europa-durante-fitur-2026\/#breadcrumb"},"inLanguage":"es-MX","potentialAction":[{"@type":"ReadAction","target":["https:\/\/nitu.mx\/index.php\/2026\/01\/22\/los-cabos-impulsa-su-estrategia-de-crecimiento-en-europa-durante-fitur-2026\/"]}]},{"@type":"ImageObject","inLanguage":"es-MX","@id":"https:\/\/nitu.mx\/index.php\/2026\/01\/22\/los-cabos-impulsa-su-estrategia-de-crecimiento-en-europa-durante-fitur-2026\/#primaryimage","url":"https:\/\/nitu.mx\/wp-content\/uploads\/2025\/06\/Los-Cabos-FITURCA-Wellness-5.jpg","contentUrl":"https:\/\/nitu.mx\/wp-content\/uploads\/2025\/06\/Los-Cabos-FITURCA-Wellness-5.jpg","width":1200,"height":675,"caption":"Los Cabos FITURCA Wellness 5"},{"@type":"BreadcrumbList","@id":"https:\/\/nitu.mx\/index.php\/2026\/01\/22\/los-cabos-impulsa-su-estrategia-de-crecimiento-en-europa-durante-fitur-2026\/#breadcrumb","itemListElement":[{"@type":"ListItem","position":1,"name":"Inicio","item":"https:\/\/nitu.mx\/"},{"@type":"ListItem","position":2,"name":"Los Cabos impulsa su estrategia de crecimiento en Europa durante FITUR 2026"}]},{"@type":"WebSite","@id":"https:\/\/nitu.mx\/#website","url":"https:\/\/nitu.mx\/","name":"Nitu - Noticias de la Industria Turistica","description":"Noticias de la Industria Turistica","publisher":{"@id":"https:\/\/nitu.mx\/#\/schema\/person\/ae7a53426417292d3dd07b45a33e01bc"},"alternateName":"Noticias de la Industria Turistica","potentialAction":[{"@type":"SearchAction","target":{"@type":"EntryPoint","urlTemplate":"https:\/\/nitu.mx\/?s={search_term_string}"},"query-input":"required name=search_term_string"}],"inLanguage":"es-MX"},{"@type":["Person","Organization"],"@id":"https:\/\/nitu.mx\/#\/schema\/person\/ae7a53426417292d3dd07b45a33e01bc","name":"Arturo Medina","image":{"@type":"ImageObject","inLanguage":"es-MX","@id":"https:\/\/nitu.mx\/#\/schema\/person\/image\/","url":"https:\/\/nitu.mx\/wp-content\/uploads\/2024\/04\/4A315622-1904-4D5C-B022-878CDC840E04-90x90-1.jpeg","contentUrl":"https:\/\/nitu.mx\/wp-content\/uploads\/2024\/04\/4A315622-1904-4D5C-B022-878CDC840E04-90x90-1.jpeg","width":90,"height":90,"caption":"Arturo Medina"},"logo":{"@id":"https:\/\/nitu.mx\/#\/schema\/person\/image\/"},"description":"Director NITU.mx, Egresado de la Escuela de Periodismo Carlos Septi\u00e9n Garc\u00eda. Periodista y analista especializado en turismo desde hace 35 a\u00f1os, radicado en Canc\u00fan Q.Roo. arturo@nitu.mx","sameAs":["https:\/\/nitu.mx","https:\/\/www.facebook.com\/NITUmx\/","medinacancun","https:\/\/twitter.com\/@Arturo_Medina_G"]},{"@type":"Person","@id":"https:\/\/nitu.mx\/#\/schema\/person\/4a28fe9bd65924f7c90623773daf1b0b","name":"Redacci\u00f3n","image":{"@type":"ImageObject","inLanguage":"es-MX","@id":"https:\/\/nitu.mx\/#\/schema\/person\/image\/","url":"https:\/\/secure.gravatar.com\/avatar\/5dd011c8ccfc5cd7e4c81e42252aab38?s=96&d=mm&r=g","contentUrl":"https:\/\/secure.gravatar.com\/avatar\/5dd011c8ccfc5cd7e4c81e42252aab38?s=96&d=mm&r=g","caption":"Redacci\u00f3n"},"url":"https:\/\/nitu.mx\/index.php\/author\/redaccion\/"}]}},"views":317,"_links":{"self":[{"href":"https:\/\/nitu.mx\/index.php\/wp-json\/wp\/v2\/posts\/85779"}],"collection":[{"href":"https:\/\/nitu.mx\/index.php\/wp-json\/wp\/v2\/posts"}],"about":[{"href":"https:\/\/nitu.mx\/index.php\/wp-json\/wp\/v2\/types\/post"}],"author":[{"embeddable":true,"href":"https:\/\/nitu.mx\/index.php\/wp-json\/wp\/v2\/users\/17"}],"replies":[{"embeddable":true,"href":"https:\/\/nitu.mx\/index.php\/wp-json\/wp\/v2\/comments?post=85779"}],"version-history":[{"count":2,"href":"https:\/\/nitu.mx\/index.php\/wp-json\/wp\/v2\/posts\/85779\/revisions"}],"predecessor-version":[{"id":85784,"href":"https:\/\/nitu.mx\/index.php\/wp-json\/wp\/v2\/posts\/85779\/revisions\/85784"}],"wp:featuredmedia":[{"embeddable":true,"href":"https:\/\/nitu.mx\/index.php\/wp-json\/wp\/v2\/media\/81771"}],"wp:attachment":[{"href":"https:\/\/nitu.mx\/index.php\/wp-json\/wp\/v2\/media?parent=85779"}],"wp:term":[{"taxonomy":"category","embeddable":true,"href":"https:\/\/nitu.mx\/index.php\/wp-json\/wp\/v2\/categories?post=85779"},{"taxonomy":"post_tag","embeddable":true,"href":"https:\/\/nitu.mx\/index.php\/wp-json\/wp\/v2\/tags?post=85779"}],"curies":[{"name":"wp","href":"https:\/\/api.w.org\/{rel}","templated":true}]}}