{"id":85775,"date":"2026-01-22T09:20:32","date_gmt":"2026-01-22T15:20:32","guid":{"rendered":"https:\/\/nitu.mx\/?p=85775"},"modified":"2026-01-22T09:20:33","modified_gmt":"2026-01-22T15:20:33","slug":"nayarit-proyecta-su-liderazgo-turistico-internacional-en-fitur-2026","status":"publish","type":"post","link":"https:\/\/nitu.mx\/index.php\/2026\/01\/22\/nayarit-proyecta-su-liderazgo-turistico-internacional-en-fitur-2026\/","title":{"rendered":"Nayarit proyecta su liderazgo tur\u00edstico internacional en FITUR 2026"},"content":{"rendered":"\n<p>La Feria Internacional de Turismo (FITUR) 2026, uno de los eventos tur\u00edsticos m\u00e1s importantes del mundo que se desarrolla en Madrid, del 21 al 25 de enero, ha sido el escaparate para que el Estado de Nayarit proyecte su liderazgo internacional con una serie de actividades que incluyen desde la participaci\u00f3n en eventos de los organismos m\u00e1s relevantes del turismo a nivel mundial hasta la promoci\u00f3n de su oferta tur\u00edstica, artesanal y cultural en sitios ic\u00f3nicos de la capital espa\u00f1ola.<\/p>\n\n\n\n<p>Previo al inicio oficial de FITUR, el estado de Nayarit, representado por el secretario de Turismo, Juan Enrique Su\u00e1rez del Real Tostado, particip\u00f3 en la 63\u00aa Reuni\u00f3n de la Junta Directiva de Miembros Afiliados de ONU Turismo, en su calidad de Miembro Afiliado del organismo internacional; y en donde se abordaron los principales temas que hoy definen la agenda global del sector tur\u00edstico, entre otros, el repunte de la actividad tur\u00edstica que, de acuerdo con el Bar\u00f3metro Tur\u00edstico Global, ya super\u00f3 los niveles previos a la pandemia.<\/p>\n\n\n\n<p>Del Real Tostado complement\u00f3 con la exposici\u00f3n de un an\u00e1lisis global, se\u00f1alando que los destinos de Am\u00e9rica Latina enfrentan retos diferenciados y espec\u00edficos, asociados a sus condiciones sociales, ambientales y territoriales, los cuales requieren ser analizados con mayor profundidad y atendidos desde una perspectiva regional.<\/p>\n\n\n\n<p>Como parte de la proyecci\u00f3n internacional de Nayarit en eventos de alto nivel, el titular de la Secretar\u00eda de Turismo Estatal particip\u00f3 en la Conferencia Iberoamericana de Ministros y Empresarios de Turismo (CIMET), uno de los foros estrat\u00e9gicos m\u00e1s relevantes del sector que se realiza en el pre\u00e1mbulo de FITUR; en el cual comparti\u00f3 un mensaje alentador para el sector tur\u00edstico mexicano.<\/p>\n\n\n\n<p>Expuso el caso de Nayarit como primer lugar en M\u00e9xico en atracci\u00f3n de inversi\u00f3n tur\u00edstica, resultado de una pol\u00edtica p\u00fablica, encabezada por el gobernador, Miguel \u00c1ngel Navarro Quintero, la cual prioriza la certidumbre jur\u00eddica, la coordinaci\u00f3n interinstitucional y la planeaci\u00f3n de largo plazo, elementos que han permitido al estado consolidarse como un destino confiable y competitivo a nivel nacional e internacional.<\/p>\n\n\n\n<p>La CIMET 2026 reuni\u00f3 a ministros de Turismo de 11 pa\u00edses iberoamericanos, as\u00ed como a empresarios, inversionistas y especialistas del sector, consolid\u00e1ndose como un espacio clave para el di\u00e1logo en torno al sector.<\/p>\n\n\n\n<p>La presencia de Nayarit en este foro representa un logro relevante en t\u00e9rminos de posicionamiento internacional, al situar al estado en un espacio donde se definen tendencias, se fortalecen alianzas estrat\u00e9gicas y se generan oportunidades de cooperaci\u00f3n entre Iberoam\u00e9rica y Europa.<\/p>\n\n\n\n<p>En el marco de FITUR 2026, el Estado de Nayarit tambi\u00e9n fue distinguido con la Medalla del Conocimiento Tur\u00edstico Nexotur 2026, otorgado por el Grupo Editorial Nexotur, y que se concede a trayectorias institucionales y profesionales que han contribuido de manera significativa a la generaci\u00f3n de conocimiento, an\u00e1lisis estrat\u00e9gico y reflexi\u00f3n especializada en torno al turismo.<\/p>\n\n\n\n<p>Al iniciar formalmente las actividades de FITUR, el arte wix\u00e1rika de Nayarit tuvo especial protagonismo en la inauguraci\u00f3n del Pabell\u00f3n de M\u00e9xico, al ocupar un lugar central en la narrativa visual del evento.<\/p>\n\n\n\n<p>Las pantallas laterales que flanquean la gran pantalla \u201cM\u00e9xico\u201d fueron intervenidas con patrones y simbolog\u00edas propias de la iconograf\u00eda wix\u00e1rika, enmarcando el momento del corte de list\u00f3n con una est\u00e9tica que conjug\u00f3 territorio, identidad y memoria cultural.<\/p>\n\n\n\n<p>M\u00e1s all\u00e1 de los eventos oficiales y el recinto ferial de IFEMA Madrid, Nayarit tambi\u00e9n proyecta su riqueza en la Puerta del Sol, coraz\u00f3n simb\u00f3lico de la capital espa\u00f1ola, con la develaci\u00f3n de una pieza art\u00edstica intervenida del Oso y el Madro\u00f1o, elaborada con arte wix\u00e1rika, que dialoga de manera directa con la estatua original, estableciendo adem\u00e1s, un hermanamiento cultural entre ambos s\u00edmbolos y generando un punto de encuentro entre dos territorios con profundas ra\u00edces hist\u00f3ricas y espirituales.<\/p>\n\n\n\n<p>Las acciones emprendidas en torno a FITUR 2026, son fundamentales para proyectar y consolidar el liderazgo de Nayarit en materia tur\u00edstica a nivel internacional, y responde a la estrategia de pol\u00edtica p\u00fablica impulsada por el gobernador Miguel \u00c1ngel Navarro Quintero, orientada a fortalecer la planeaci\u00f3n, la gobernanza y la proyecci\u00f3n internacional del turismo. (<a href=\"https:\/\/nitu.mx\/index.php\/2025\/12\/28\/nayarit-incrementa-la-conectividad-con-eeuu-con-ruta-houston-tepic-riviera-nayarit\/\">Nayarit incrementa la conectividad con EEUU con ruta Houston\u2013Tepic\/Riviera Nayarit<\/a>).<\/p>\n","protected":false},"excerpt":{"rendered":"<p>La Feria Internacional de Turismo (FITUR) 2026, uno de los eventos tur\u00edsticos m\u00e1s importantes del mundo que se desarrolla en Madrid, del 21 al 25 de enero, ha sido el escaparate para que el Estado de Nayarit proyecte su liderazgo internacional con una serie de actividades que incluyen desde la participaci\u00f3n en eventos de los [&hellip;]<\/p>\n","protected":false},"author":17,"featured_media":85778,"comment_status":"closed","ping_status":"closed","sticky":false,"template":"","format":"standard","meta":{"footnotes":""},"categories":[5,24423],"tags":[23648,1431,24717],"yoast_head":"<!-- This site is optimized with the Yoast SEO plugin v22.2 - https:\/\/yoast.com\/wordpress\/plugins\/seo\/ -->\n<title>Nayarit proyecta su liderazgo tur\u00edstico internacional en FITUR 2026 - Nitu - Noticias de la Industria Turistica<\/title>\n<meta name=\"robots\" content=\"index, follow, max-snippet:-1, max-image-preview:large, max-video-preview:-1\" \/>\n<link rel=\"canonical\" href=\"https:\/\/nitu.mx\/index.php\/2026\/01\/22\/nayarit-proyecta-su-liderazgo-turistico-internacional-en-fitur-2026\/\" \/>\n<meta name=\"twitter:card\" content=\"summary_large_image\" \/>\n<meta name=\"twitter:title\" content=\"Nayarit proyecta su liderazgo tur\u00edstico internacional en FITUR 2026 - Nitu - Noticias de la Industria Turistica\" \/>\n<meta name=\"twitter:description\" content=\"La Feria Internacional de Turismo (FITUR) 2026, uno de los eventos tur\u00edsticos m\u00e1s importantes del mundo que se desarrolla en Madrid, del 21 al 25 de enero, ha sido el escaparate para que el Estado de Nayarit proyecte su liderazgo internacional con una serie de actividades que incluyen desde la participaci\u00f3n en eventos de los [&hellip;]\" \/>\n<meta name=\"twitter:image\" content=\"https:\/\/nitu.mx\/wp-content\/uploads\/2026\/01\/Nayarit-en-fitur.jpg\" \/>\n<meta name=\"twitter:creator\" content=\"@NITUmx\" \/>\n<meta name=\"twitter:site\" content=\"@Arturo_Medina_G\" \/>\n<meta name=\"twitter:label1\" content=\"Escrito por\" \/>\n\t<meta name=\"twitter:data1\" content=\"Redacci\u00f3n\" \/>\n\t<meta name=\"twitter:label2\" content=\"Tiempo de lectura\" \/>\n\t<meta name=\"twitter:data2\" content=\"4 minutos\" \/>\n<script type=\"application\/ld+json\" class=\"yoast-schema-graph\">{\"@context\":\"https:\/\/schema.org\",\"@graph\":[{\"@type\":\"Article\",\"@id\":\"https:\/\/nitu.mx\/index.php\/2026\/01\/22\/nayarit-proyecta-su-liderazgo-turistico-internacional-en-fitur-2026\/#article\",\"isPartOf\":{\"@id\":\"https:\/\/nitu.mx\/index.php\/2026\/01\/22\/nayarit-proyecta-su-liderazgo-turistico-internacional-en-fitur-2026\/\"},\"author\":{\"name\":\"Redacci\u00f3n\",\"@id\":\"https:\/\/nitu.mx\/#\/schema\/person\/4a28fe9bd65924f7c90623773daf1b0b\"},\"headline\":\"Nayarit proyecta su liderazgo tur\u00edstico internacional en FITUR 2026\",\"datePublished\":\"2026-01-22T15:20:32+00:00\",\"dateModified\":\"2026-01-22T15:20:33+00:00\",\"mainEntityOfPage\":{\"@id\":\"https:\/\/nitu.mx\/index.php\/2026\/01\/22\/nayarit-proyecta-su-liderazgo-turistico-internacional-en-fitur-2026\/\"},\"wordCount\":753,\"publisher\":{\"@id\":\"https:\/\/nitu.mx\/#\/schema\/person\/ae7a53426417292d3dd07b45a33e01bc\"},\"image\":{\"@id\":\"https:\/\/nitu.mx\/index.php\/2026\/01\/22\/nayarit-proyecta-su-liderazgo-turistico-internacional-en-fitur-2026\/#primaryimage\"},\"thumbnailUrl\":\"https:\/\/nitu.mx\/wp-content\/uploads\/2026\/01\/Nayarit-en-fitur.jpg\",\"keywords\":[\"Juan Enrique Su\u00e1rez\",\"Nayarit\",\"ONU Turismo\"],\"articleSection\":[\"Destinos\",\"FITUR\"],\"inLanguage\":\"es-MX\"},{\"@type\":\"WebPage\",\"@id\":\"https:\/\/nitu.mx\/index.php\/2026\/01\/22\/nayarit-proyecta-su-liderazgo-turistico-internacional-en-fitur-2026\/\",\"url\":\"https:\/\/nitu.mx\/index.php\/2026\/01\/22\/nayarit-proyecta-su-liderazgo-turistico-internacional-en-fitur-2026\/\",\"name\":\"Nayarit proyecta su liderazgo tur\u00edstico internacional en FITUR 2026 - Nitu - Noticias de la Industria Turistica\",\"isPartOf\":{\"@id\":\"https:\/\/nitu.mx\/#website\"},\"primaryImageOfPage\":{\"@id\":\"https:\/\/nitu.mx\/index.php\/2026\/01\/22\/nayarit-proyecta-su-liderazgo-turistico-internacional-en-fitur-2026\/#primaryimage\"},\"image\":{\"@id\":\"https:\/\/nitu.mx\/index.php\/2026\/01\/22\/nayarit-proyecta-su-liderazgo-turistico-internacional-en-fitur-2026\/#primaryimage\"},\"thumbnailUrl\":\"https:\/\/nitu.mx\/wp-content\/uploads\/2026\/01\/Nayarit-en-fitur.jpg\",\"datePublished\":\"2026-01-22T15:20:32+00:00\",\"dateModified\":\"2026-01-22T15:20:33+00:00\",\"breadcrumb\":{\"@id\":\"https:\/\/nitu.mx\/index.php\/2026\/01\/22\/nayarit-proyecta-su-liderazgo-turistico-internacional-en-fitur-2026\/#breadcrumb\"},\"inLanguage\":\"es-MX\",\"potentialAction\":[{\"@type\":\"ReadAction\",\"target\":[\"https:\/\/nitu.mx\/index.php\/2026\/01\/22\/nayarit-proyecta-su-liderazgo-turistico-internacional-en-fitur-2026\/\"]}]},{\"@type\":\"ImageObject\",\"inLanguage\":\"es-MX\",\"@id\":\"https:\/\/nitu.mx\/index.php\/2026\/01\/22\/nayarit-proyecta-su-liderazgo-turistico-internacional-en-fitur-2026\/#primaryimage\",\"url\":\"https:\/\/nitu.mx\/wp-content\/uploads\/2026\/01\/Nayarit-en-fitur.jpg\",\"contentUrl\":\"https:\/\/nitu.mx\/wp-content\/uploads\/2026\/01\/Nayarit-en-fitur.jpg\",\"width\":1200,\"height\":675,\"caption\":\"Nayarit en fitur\"},{\"@type\":\"BreadcrumbList\",\"@id\":\"https:\/\/nitu.mx\/index.php\/2026\/01\/22\/nayarit-proyecta-su-liderazgo-turistico-internacional-en-fitur-2026\/#breadcrumb\",\"itemListElement\":[{\"@type\":\"ListItem\",\"position\":1,\"name\":\"Inicio\",\"item\":\"https:\/\/nitu.mx\/\"},{\"@type\":\"ListItem\",\"position\":2,\"name\":\"Nayarit proyecta su liderazgo tur\u00edstico internacional en FITUR 2026\"}]},{\"@type\":\"WebSite\",\"@id\":\"https:\/\/nitu.mx\/#website\",\"url\":\"https:\/\/nitu.mx\/\",\"name\":\"Nitu - Noticias de la Industria Turistica\",\"description\":\"Noticias de la Industria Turistica\",\"publisher\":{\"@id\":\"https:\/\/nitu.mx\/#\/schema\/person\/ae7a53426417292d3dd07b45a33e01bc\"},\"alternateName\":\"Noticias de la Industria Turistica\",\"potentialAction\":[{\"@type\":\"SearchAction\",\"target\":{\"@type\":\"EntryPoint\",\"urlTemplate\":\"https:\/\/nitu.mx\/?s={search_term_string}\"},\"query-input\":\"required name=search_term_string\"}],\"inLanguage\":\"es-MX\"},{\"@type\":[\"Person\",\"Organization\"],\"@id\":\"https:\/\/nitu.mx\/#\/schema\/person\/ae7a53426417292d3dd07b45a33e01bc\",\"name\":\"Arturo Medina\",\"image\":{\"@type\":\"ImageObject\",\"inLanguage\":\"es-MX\",\"@id\":\"https:\/\/nitu.mx\/#\/schema\/person\/image\/\",\"url\":\"https:\/\/nitu.mx\/wp-content\/uploads\/2024\/04\/4A315622-1904-4D5C-B022-878CDC840E04-90x90-1.jpeg\",\"contentUrl\":\"https:\/\/nitu.mx\/wp-content\/uploads\/2024\/04\/4A315622-1904-4D5C-B022-878CDC840E04-90x90-1.jpeg\",\"width\":90,\"height\":90,\"caption\":\"Arturo Medina\"},\"logo\":{\"@id\":\"https:\/\/nitu.mx\/#\/schema\/person\/image\/\"},\"description\":\"Director NITU.mx, Egresado de la Escuela de Periodismo Carlos Septi\u00e9n Garc\u00eda. Periodista y analista especializado en turismo desde hace 35 a\u00f1os, radicado en Canc\u00fan Q.Roo. arturo@nitu.mx\",\"sameAs\":[\"https:\/\/nitu.mx\",\"https:\/\/www.facebook.com\/NITUmx\/\",\"medinacancun\",\"https:\/\/twitter.com\/@Arturo_Medina_G\"]},{\"@type\":\"Person\",\"@id\":\"https:\/\/nitu.mx\/#\/schema\/person\/4a28fe9bd65924f7c90623773daf1b0b\",\"name\":\"Redacci\u00f3n\",\"image\":{\"@type\":\"ImageObject\",\"inLanguage\":\"es-MX\",\"@id\":\"https:\/\/nitu.mx\/#\/schema\/person\/image\/\",\"url\":\"https:\/\/secure.gravatar.com\/avatar\/5dd011c8ccfc5cd7e4c81e42252aab38?s=96&d=mm&r=g\",\"contentUrl\":\"https:\/\/secure.gravatar.com\/avatar\/5dd011c8ccfc5cd7e4c81e42252aab38?s=96&d=mm&r=g\",\"caption\":\"Redacci\u00f3n\"},\"url\":\"https:\/\/nitu.mx\/index.php\/author\/redaccion\/\"}]}<\/script>\n<!-- \/ Yoast SEO plugin. -->","yoast_head_json":{"title":"Nayarit proyecta su liderazgo tur\u00edstico internacional en FITUR 2026 - Nitu - Noticias de la Industria Turistica","robots":{"index":"index","follow":"follow","max-snippet":"max-snippet:-1","max-image-preview":"max-image-preview:large","max-video-preview":"max-video-preview:-1"},"canonical":"https:\/\/nitu.mx\/index.php\/2026\/01\/22\/nayarit-proyecta-su-liderazgo-turistico-internacional-en-fitur-2026\/","twitter_card":"summary_large_image","twitter_title":"Nayarit proyecta su liderazgo tur\u00edstico internacional en FITUR 2026 - Nitu - Noticias de la Industria Turistica","twitter_description":"La Feria Internacional de Turismo (FITUR) 2026, uno de los eventos tur\u00edsticos m\u00e1s importantes del mundo que se desarrolla en Madrid, del 21 al 25 de enero, ha sido el escaparate para que el Estado de Nayarit proyecte su liderazgo internacional con una serie de actividades que incluyen desde la participaci\u00f3n en eventos de los [&hellip;]","twitter_image":"https:\/\/nitu.mx\/wp-content\/uploads\/2026\/01\/Nayarit-en-fitur.jpg","twitter_creator":"@NITUmx","twitter_site":"@Arturo_Medina_G","twitter_misc":{"Escrito por":"Redacci\u00f3n","Tiempo de lectura":"4 minutos"},"schema":{"@context":"https:\/\/schema.org","@graph":[{"@type":"Article","@id":"https:\/\/nitu.mx\/index.php\/2026\/01\/22\/nayarit-proyecta-su-liderazgo-turistico-internacional-en-fitur-2026\/#article","isPartOf":{"@id":"https:\/\/nitu.mx\/index.php\/2026\/01\/22\/nayarit-proyecta-su-liderazgo-turistico-internacional-en-fitur-2026\/"},"author":{"name":"Redacci\u00f3n","@id":"https:\/\/nitu.mx\/#\/schema\/person\/4a28fe9bd65924f7c90623773daf1b0b"},"headline":"Nayarit proyecta su liderazgo tur\u00edstico internacional en FITUR 2026","datePublished":"2026-01-22T15:20:32+00:00","dateModified":"2026-01-22T15:20:33+00:00","mainEntityOfPage":{"@id":"https:\/\/nitu.mx\/index.php\/2026\/01\/22\/nayarit-proyecta-su-liderazgo-turistico-internacional-en-fitur-2026\/"},"wordCount":753,"publisher":{"@id":"https:\/\/nitu.mx\/#\/schema\/person\/ae7a53426417292d3dd07b45a33e01bc"},"image":{"@id":"https:\/\/nitu.mx\/index.php\/2026\/01\/22\/nayarit-proyecta-su-liderazgo-turistico-internacional-en-fitur-2026\/#primaryimage"},"thumbnailUrl":"https:\/\/nitu.mx\/wp-content\/uploads\/2026\/01\/Nayarit-en-fitur.jpg","keywords":["Juan Enrique Su\u00e1rez","Nayarit","ONU Turismo"],"articleSection":["Destinos","FITUR"],"inLanguage":"es-MX"},{"@type":"WebPage","@id":"https:\/\/nitu.mx\/index.php\/2026\/01\/22\/nayarit-proyecta-su-liderazgo-turistico-internacional-en-fitur-2026\/","url":"https:\/\/nitu.mx\/index.php\/2026\/01\/22\/nayarit-proyecta-su-liderazgo-turistico-internacional-en-fitur-2026\/","name":"Nayarit proyecta su liderazgo tur\u00edstico internacional en FITUR 2026 - Nitu - Noticias de la Industria Turistica","isPartOf":{"@id":"https:\/\/nitu.mx\/#website"},"primaryImageOfPage":{"@id":"https:\/\/nitu.mx\/index.php\/2026\/01\/22\/nayarit-proyecta-su-liderazgo-turistico-internacional-en-fitur-2026\/#primaryimage"},"image":{"@id":"https:\/\/nitu.mx\/index.php\/2026\/01\/22\/nayarit-proyecta-su-liderazgo-turistico-internacional-en-fitur-2026\/#primaryimage"},"thumbnailUrl":"https:\/\/nitu.mx\/wp-content\/uploads\/2026\/01\/Nayarit-en-fitur.jpg","datePublished":"2026-01-22T15:20:32+00:00","dateModified":"2026-01-22T15:20:33+00:00","breadcrumb":{"@id":"https:\/\/nitu.mx\/index.php\/2026\/01\/22\/nayarit-proyecta-su-liderazgo-turistico-internacional-en-fitur-2026\/#breadcrumb"},"inLanguage":"es-MX","potentialAction":[{"@type":"ReadAction","target":["https:\/\/nitu.mx\/index.php\/2026\/01\/22\/nayarit-proyecta-su-liderazgo-turistico-internacional-en-fitur-2026\/"]}]},{"@type":"ImageObject","inLanguage":"es-MX","@id":"https:\/\/nitu.mx\/index.php\/2026\/01\/22\/nayarit-proyecta-su-liderazgo-turistico-internacional-en-fitur-2026\/#primaryimage","url":"https:\/\/nitu.mx\/wp-content\/uploads\/2026\/01\/Nayarit-en-fitur.jpg","contentUrl":"https:\/\/nitu.mx\/wp-content\/uploads\/2026\/01\/Nayarit-en-fitur.jpg","width":1200,"height":675,"caption":"Nayarit en fitur"},{"@type":"BreadcrumbList","@id":"https:\/\/nitu.mx\/index.php\/2026\/01\/22\/nayarit-proyecta-su-liderazgo-turistico-internacional-en-fitur-2026\/#breadcrumb","itemListElement":[{"@type":"ListItem","position":1,"name":"Inicio","item":"https:\/\/nitu.mx\/"},{"@type":"ListItem","position":2,"name":"Nayarit proyecta su liderazgo tur\u00edstico internacional en FITUR 2026"}]},{"@type":"WebSite","@id":"https:\/\/nitu.mx\/#website","url":"https:\/\/nitu.mx\/","name":"Nitu - Noticias de la Industria Turistica","description":"Noticias de la Industria Turistica","publisher":{"@id":"https:\/\/nitu.mx\/#\/schema\/person\/ae7a53426417292d3dd07b45a33e01bc"},"alternateName":"Noticias de la Industria Turistica","potentialAction":[{"@type":"SearchAction","target":{"@type":"EntryPoint","urlTemplate":"https:\/\/nitu.mx\/?s={search_term_string}"},"query-input":"required name=search_term_string"}],"inLanguage":"es-MX"},{"@type":["Person","Organization"],"@id":"https:\/\/nitu.mx\/#\/schema\/person\/ae7a53426417292d3dd07b45a33e01bc","name":"Arturo Medina","image":{"@type":"ImageObject","inLanguage":"es-MX","@id":"https:\/\/nitu.mx\/#\/schema\/person\/image\/","url":"https:\/\/nitu.mx\/wp-content\/uploads\/2024\/04\/4A315622-1904-4D5C-B022-878CDC840E04-90x90-1.jpeg","contentUrl":"https:\/\/nitu.mx\/wp-content\/uploads\/2024\/04\/4A315622-1904-4D5C-B022-878CDC840E04-90x90-1.jpeg","width":90,"height":90,"caption":"Arturo Medina"},"logo":{"@id":"https:\/\/nitu.mx\/#\/schema\/person\/image\/"},"description":"Director NITU.mx, Egresado de la Escuela de Periodismo Carlos Septi\u00e9n Garc\u00eda. Periodista y analista especializado en turismo desde hace 35 a\u00f1os, radicado en Canc\u00fan Q.Roo. arturo@nitu.mx","sameAs":["https:\/\/nitu.mx","https:\/\/www.facebook.com\/NITUmx\/","medinacancun","https:\/\/twitter.com\/@Arturo_Medina_G"]},{"@type":"Person","@id":"https:\/\/nitu.mx\/#\/schema\/person\/4a28fe9bd65924f7c90623773daf1b0b","name":"Redacci\u00f3n","image":{"@type":"ImageObject","inLanguage":"es-MX","@id":"https:\/\/nitu.mx\/#\/schema\/person\/image\/","url":"https:\/\/secure.gravatar.com\/avatar\/5dd011c8ccfc5cd7e4c81e42252aab38?s=96&d=mm&r=g","contentUrl":"https:\/\/secure.gravatar.com\/avatar\/5dd011c8ccfc5cd7e4c81e42252aab38?s=96&d=mm&r=g","caption":"Redacci\u00f3n"},"url":"https:\/\/nitu.mx\/index.php\/author\/redaccion\/"}]}},"views":398,"_links":{"self":[{"href":"https:\/\/nitu.mx\/index.php\/wp-json\/wp\/v2\/posts\/85775"}],"collection":[{"href":"https:\/\/nitu.mx\/index.php\/wp-json\/wp\/v2\/posts"}],"about":[{"href":"https:\/\/nitu.mx\/index.php\/wp-json\/wp\/v2\/types\/post"}],"author":[{"embeddable":true,"href":"https:\/\/nitu.mx\/index.php\/wp-json\/wp\/v2\/users\/17"}],"replies":[{"embeddable":true,"href":"https:\/\/nitu.mx\/index.php\/wp-json\/wp\/v2\/comments?post=85775"}],"version-history":[{"count":1,"href":"https:\/\/nitu.mx\/index.php\/wp-json\/wp\/v2\/posts\/85775\/revisions"}],"predecessor-version":[{"id":85777,"href":"https:\/\/nitu.mx\/index.php\/wp-json\/wp\/v2\/posts\/85775\/revisions\/85777"}],"wp:featuredmedia":[{"embeddable":true,"href":"https:\/\/nitu.mx\/index.php\/wp-json\/wp\/v2\/media\/85778"}],"wp:attachment":[{"href":"https:\/\/nitu.mx\/index.php\/wp-json\/wp\/v2\/media?parent=85775"}],"wp:term":[{"taxonomy":"category","embeddable":true,"href":"https:\/\/nitu.mx\/index.php\/wp-json\/wp\/v2\/categories?post=85775"},{"taxonomy":"post_tag","embeddable":true,"href":"https:\/\/nitu.mx\/index.php\/wp-json\/wp\/v2\/tags?post=85775"}],"curies":[{"name":"wp","href":"https:\/\/api.w.org\/{rel}","templated":true}]}}