{"id":85771,"date":"2026-01-21T22:54:19","date_gmt":"2026-01-22T04:54:19","guid":{"rendered":"https:\/\/nitu.mx\/?p=85771"},"modified":"2026-01-21T22:54:20","modified_gmt":"2026-01-22T04:54:20","slug":"mara-lezama-anuncia-la-construccion-del-sexto-hotel-finest-del-grupo-excellence","status":"publish","type":"post","link":"https:\/\/nitu.mx\/index.php\/2026\/01\/21\/mara-lezama-anuncia-la-construccion-del-sexto-hotel-finest-del-grupo-excellence\/","title":{"rendered":"Mara Lezama anuncia la construcci\u00f3n del sexto hotel Finest del Grupo Excellence"},"content":{"rendered":"\n<p>La gobernadora de Quintana Roo, Mara Lezama Espinosa, dio a conocer la construcci\u00f3n del sexto hotel Finest del Grupo Excellence, con una inversi\u00f3n de m\u00e1s de 250 millones de d\u00f3lares, en el marco de la Feria Internacional de Turismo (FITUR) 2026, lo que permitir\u00e1 que la prosperidad siga llegando a todos los hogares del estado.<\/p>\n\n\n\n<p>Al sostener una reuni\u00f3n con la familia Montaner, accionistas del Grupo Excellence, la titular del Ejecutivo explic\u00f3 que Quintana Roo sigue siendo un im\u00e1n de inversiones, que se traduce en la generaci\u00f3n de empleos y en que la prosperidad sea compartida.<\/p>\n\n\n\n<p>Asimismo, acompa\u00f1ada del secretario de Turismo de Quintana Roo, Bernardo Cueto Riestra, y del titular del Consejo de Promoci\u00f3n Tur\u00edstica de Quintana Roo (CPTQ), Andr\u00e9s Mart\u00ednez Reynoso, dijo que hoy en el estado el Grupo Excellence cuenta con cinco hoteles y agradeci\u00f3 la confianza de seguir invirtiendo en el estado, lo que se traduce en fuentes de empleo para las y los quintanarroenses y para las miles de personas que llegan en busca de trabajo.<\/p>\n\n\n\n<p>\u201cVa otro hotel Finest y estamos seguros de que ser\u00e1 todo un \u00e9xito. Much\u00edsimas gracias por creer en Quintana Roo, por creer en nuestros destinos, por la confianza en esta tierra maravillosa\u201d, dijo la Gobernadora.<\/p>\n\n\n\n<p>La gobernadora Mara Lezama dijo s\u00ed al crecimiento, pero ordenado y sustentable, para que las generaciones de hoy y futuras puedan seguir gozando de las bellezas naturales que tiene Quintana Roo. (<a href=\"https:\/\/nitu.mx\/index.php\/2026\/01\/21\/liman-asperesas-quintana-roo-e-inverotel-luego-de-debate-por-visitax\/\">Liman asperesas Quintana Roo e Inverotel luego de debate por Visitax<\/a>).<\/p>\n","protected":false},"excerpt":{"rendered":"<p>La gobernadora de Quintana Roo, Mara Lezama Espinosa, dio a conocer la construcci\u00f3n del sexto hotel Finest del Grupo Excellence, con una inversi\u00f3n de m\u00e1s de 250 millones de d\u00f3lares, en el marco de la Feria Internacional de Turismo (FITUR) 2026, lo que permitir\u00e1 que la prosperidad siga llegando a todos los hogares del estado. [&hellip;]<\/p>\n","protected":false},"author":17,"featured_media":85774,"comment_status":"closed","ping_status":"closed","sticky":false,"template":"","format":"standard","meta":{"footnotes":""},"categories":[2],"tags":[8145,27945,27946,14028,260,1153],"yoast_head":"<!-- This site is optimized with the Yoast SEO plugin v22.2 - https:\/\/yoast.com\/wordpress\/plugins\/seo\/ -->\n<title>Mara Lezama anuncia la construcci\u00f3n del sexto hotel Finest del Grupo Excellence - Nitu - Noticias de la Industria Turistica<\/title>\n<meta name=\"robots\" content=\"index, follow, max-snippet:-1, max-image-preview:large, max-video-preview:-1\" \/>\n<link rel=\"canonical\" href=\"https:\/\/nitu.mx\/index.php\/2026\/01\/21\/mara-lezama-anuncia-la-construccion-del-sexto-hotel-finest-del-grupo-excellence\/\" \/>\n<meta name=\"twitter:card\" content=\"summary_large_image\" \/>\n<meta name=\"twitter:title\" content=\"Mara Lezama anuncia la construcci\u00f3n del sexto hotel Finest del Grupo Excellence - Nitu - Noticias de la Industria Turistica\" \/>\n<meta name=\"twitter:description\" content=\"La gobernadora de Quintana Roo, Mara Lezama Espinosa, dio a conocer la construcci\u00f3n del sexto hotel Finest del Grupo Excellence, con una inversi\u00f3n de m\u00e1s de 250 millones de d\u00f3lares, en el marco de la Feria Internacional de Turismo (FITUR) 2026, lo que permitir\u00e1 que la prosperidad siga llegando a todos los hogares del estado. [&hellip;]\" \/>\n<meta name=\"twitter:image\" content=\"https:\/\/nitu.mx\/wp-content\/uploads\/2026\/01\/Grupo-Excellence-Finest-anuncio-FITUR-2026.jpg\" \/>\n<meta name=\"twitter:creator\" content=\"@NITUmx\" \/>\n<meta name=\"twitter:site\" content=\"@Arturo_Medina_G\" \/>\n<meta name=\"twitter:label1\" content=\"Escrito por\" \/>\n\t<meta name=\"twitter:data1\" content=\"Redacci\u00f3n\" \/>\n\t<meta name=\"twitter:label2\" content=\"Tiempo de lectura\" \/>\n\t<meta name=\"twitter:data2\" content=\"1 minuto\" \/>\n<script type=\"application\/ld+json\" class=\"yoast-schema-graph\">{\"@context\":\"https:\/\/schema.org\",\"@graph\":[{\"@type\":\"Article\",\"@id\":\"https:\/\/nitu.mx\/index.php\/2026\/01\/21\/mara-lezama-anuncia-la-construccion-del-sexto-hotel-finest-del-grupo-excellence\/#article\",\"isPartOf\":{\"@id\":\"https:\/\/nitu.mx\/index.php\/2026\/01\/21\/mara-lezama-anuncia-la-construccion-del-sexto-hotel-finest-del-grupo-excellence\/\"},\"author\":{\"name\":\"Redacci\u00f3n\",\"@id\":\"https:\/\/nitu.mx\/#\/schema\/person\/4a28fe9bd65924f7c90623773daf1b0b\"},\"headline\":\"Mara Lezama anuncia la construcci\u00f3n del sexto hotel Finest del Grupo Excellence\",\"datePublished\":\"2026-01-22T04:54:19+00:00\",\"dateModified\":\"2026-01-22T04:54:20+00:00\",\"mainEntityOfPage\":{\"@id\":\"https:\/\/nitu.mx\/index.php\/2026\/01\/21\/mara-lezama-anuncia-la-construccion-del-sexto-hotel-finest-del-grupo-excellence\/\"},\"wordCount\":272,\"publisher\":{\"@id\":\"https:\/\/nitu.mx\/#\/schema\/person\/ae7a53426417292d3dd07b45a33e01bc\"},\"image\":{\"@id\":\"https:\/\/nitu.mx\/index.php\/2026\/01\/21\/mara-lezama-anuncia-la-construccion-del-sexto-hotel-finest-del-grupo-excellence\/#primaryimage\"},\"thumbnailUrl\":\"https:\/\/nitu.mx\/wp-content\/uploads\/2026\/01\/Grupo-Excellence-Finest-anuncio-FITUR-2026.jpg\",\"keywords\":[\"CPTQ\",\"Finest\",\"Grupo Excellence\",\"Mara Lezama\",\"Quintana Roo\",\"Sedetur\"],\"articleSection\":[\"Hoteles\"],\"inLanguage\":\"es-MX\"},{\"@type\":\"WebPage\",\"@id\":\"https:\/\/nitu.mx\/index.php\/2026\/01\/21\/mara-lezama-anuncia-la-construccion-del-sexto-hotel-finest-del-grupo-excellence\/\",\"url\":\"https:\/\/nitu.mx\/index.php\/2026\/01\/21\/mara-lezama-anuncia-la-construccion-del-sexto-hotel-finest-del-grupo-excellence\/\",\"name\":\"Mara Lezama anuncia la construcci\u00f3n del sexto hotel Finest del Grupo Excellence - Nitu - Noticias de la Industria Turistica\",\"isPartOf\":{\"@id\":\"https:\/\/nitu.mx\/#website\"},\"primaryImageOfPage\":{\"@id\":\"https:\/\/nitu.mx\/index.php\/2026\/01\/21\/mara-lezama-anuncia-la-construccion-del-sexto-hotel-finest-del-grupo-excellence\/#primaryimage\"},\"image\":{\"@id\":\"https:\/\/nitu.mx\/index.php\/2026\/01\/21\/mara-lezama-anuncia-la-construccion-del-sexto-hotel-finest-del-grupo-excellence\/#primaryimage\"},\"thumbnailUrl\":\"https:\/\/nitu.mx\/wp-content\/uploads\/2026\/01\/Grupo-Excellence-Finest-anuncio-FITUR-2026.jpg\",\"datePublished\":\"2026-01-22T04:54:19+00:00\",\"dateModified\":\"2026-01-22T04:54:20+00:00\",\"breadcrumb\":{\"@id\":\"https:\/\/nitu.mx\/index.php\/2026\/01\/21\/mara-lezama-anuncia-la-construccion-del-sexto-hotel-finest-del-grupo-excellence\/#breadcrumb\"},\"inLanguage\":\"es-MX\",\"potentialAction\":[{\"@type\":\"ReadAction\",\"target\":[\"https:\/\/nitu.mx\/index.php\/2026\/01\/21\/mara-lezama-anuncia-la-construccion-del-sexto-hotel-finest-del-grupo-excellence\/\"]}]},{\"@type\":\"ImageObject\",\"inLanguage\":\"es-MX\",\"@id\":\"https:\/\/nitu.mx\/index.php\/2026\/01\/21\/mara-lezama-anuncia-la-construccion-del-sexto-hotel-finest-del-grupo-excellence\/#primaryimage\",\"url\":\"https:\/\/nitu.mx\/wp-content\/uploads\/2026\/01\/Grupo-Excellence-Finest-anuncio-FITUR-2026.jpg\",\"contentUrl\":\"https:\/\/nitu.mx\/wp-content\/uploads\/2026\/01\/Grupo-Excellence-Finest-anuncio-FITUR-2026.jpg\",\"width\":1200,\"height\":675,\"caption\":\"Grupo Excellence Finest anuncio FITUR 2026\"},{\"@type\":\"BreadcrumbList\",\"@id\":\"https:\/\/nitu.mx\/index.php\/2026\/01\/21\/mara-lezama-anuncia-la-construccion-del-sexto-hotel-finest-del-grupo-excellence\/#breadcrumb\",\"itemListElement\":[{\"@type\":\"ListItem\",\"position\":1,\"name\":\"Inicio\",\"item\":\"https:\/\/nitu.mx\/\"},{\"@type\":\"ListItem\",\"position\":2,\"name\":\"Mara Lezama anuncia la construcci\u00f3n del sexto hotel Finest del Grupo Excellence\"}]},{\"@type\":\"WebSite\",\"@id\":\"https:\/\/nitu.mx\/#website\",\"url\":\"https:\/\/nitu.mx\/\",\"name\":\"Nitu - Noticias de la Industria Turistica\",\"description\":\"Noticias de la Industria Turistica\",\"publisher\":{\"@id\":\"https:\/\/nitu.mx\/#\/schema\/person\/ae7a53426417292d3dd07b45a33e01bc\"},\"alternateName\":\"Noticias de la Industria Turistica\",\"potentialAction\":[{\"@type\":\"SearchAction\",\"target\":{\"@type\":\"EntryPoint\",\"urlTemplate\":\"https:\/\/nitu.mx\/?s={search_term_string}\"},\"query-input\":\"required name=search_term_string\"}],\"inLanguage\":\"es-MX\"},{\"@type\":[\"Person\",\"Organization\"],\"@id\":\"https:\/\/nitu.mx\/#\/schema\/person\/ae7a53426417292d3dd07b45a33e01bc\",\"name\":\"Arturo Medina\",\"image\":{\"@type\":\"ImageObject\",\"inLanguage\":\"es-MX\",\"@id\":\"https:\/\/nitu.mx\/#\/schema\/person\/image\/\",\"url\":\"https:\/\/nitu.mx\/wp-content\/uploads\/2024\/04\/4A315622-1904-4D5C-B022-878CDC840E04-90x90-1.jpeg\",\"contentUrl\":\"https:\/\/nitu.mx\/wp-content\/uploads\/2024\/04\/4A315622-1904-4D5C-B022-878CDC840E04-90x90-1.jpeg\",\"width\":90,\"height\":90,\"caption\":\"Arturo Medina\"},\"logo\":{\"@id\":\"https:\/\/nitu.mx\/#\/schema\/person\/image\/\"},\"description\":\"Director NITU.mx, Egresado de la Escuela de Periodismo Carlos Septi\u00e9n Garc\u00eda. Periodista y analista especializado en turismo desde hace 35 a\u00f1os, radicado en Canc\u00fan Q.Roo. arturo@nitu.mx\",\"sameAs\":[\"https:\/\/nitu.mx\",\"https:\/\/www.facebook.com\/NITUmx\/\",\"medinacancun\",\"https:\/\/twitter.com\/@Arturo_Medina_G\"]},{\"@type\":\"Person\",\"@id\":\"https:\/\/nitu.mx\/#\/schema\/person\/4a28fe9bd65924f7c90623773daf1b0b\",\"name\":\"Redacci\u00f3n\",\"image\":{\"@type\":\"ImageObject\",\"inLanguage\":\"es-MX\",\"@id\":\"https:\/\/nitu.mx\/#\/schema\/person\/image\/\",\"url\":\"https:\/\/secure.gravatar.com\/avatar\/5dd011c8ccfc5cd7e4c81e42252aab38?s=96&d=mm&r=g\",\"contentUrl\":\"https:\/\/secure.gravatar.com\/avatar\/5dd011c8ccfc5cd7e4c81e42252aab38?s=96&d=mm&r=g\",\"caption\":\"Redacci\u00f3n\"},\"url\":\"https:\/\/nitu.mx\/index.php\/author\/redaccion\/\"}]}<\/script>\n<!-- \/ Yoast SEO plugin. -->","yoast_head_json":{"title":"Mara Lezama anuncia la construcci\u00f3n del sexto hotel Finest del Grupo Excellence - Nitu - Noticias de la Industria Turistica","robots":{"index":"index","follow":"follow","max-snippet":"max-snippet:-1","max-image-preview":"max-image-preview:large","max-video-preview":"max-video-preview:-1"},"canonical":"https:\/\/nitu.mx\/index.php\/2026\/01\/21\/mara-lezama-anuncia-la-construccion-del-sexto-hotel-finest-del-grupo-excellence\/","twitter_card":"summary_large_image","twitter_title":"Mara Lezama anuncia la construcci\u00f3n del sexto hotel Finest del Grupo Excellence - Nitu - Noticias de la Industria Turistica","twitter_description":"La gobernadora de Quintana Roo, Mara Lezama Espinosa, dio a conocer la construcci\u00f3n del sexto hotel Finest del Grupo Excellence, con una inversi\u00f3n de m\u00e1s de 250 millones de d\u00f3lares, en el marco de la Feria Internacional de Turismo (FITUR) 2026, lo que permitir\u00e1 que la prosperidad siga llegando a todos los hogares del estado. [&hellip;]","twitter_image":"https:\/\/nitu.mx\/wp-content\/uploads\/2026\/01\/Grupo-Excellence-Finest-anuncio-FITUR-2026.jpg","twitter_creator":"@NITUmx","twitter_site":"@Arturo_Medina_G","twitter_misc":{"Escrito por":"Redacci\u00f3n","Tiempo de lectura":"1 minuto"},"schema":{"@context":"https:\/\/schema.org","@graph":[{"@type":"Article","@id":"https:\/\/nitu.mx\/index.php\/2026\/01\/21\/mara-lezama-anuncia-la-construccion-del-sexto-hotel-finest-del-grupo-excellence\/#article","isPartOf":{"@id":"https:\/\/nitu.mx\/index.php\/2026\/01\/21\/mara-lezama-anuncia-la-construccion-del-sexto-hotel-finest-del-grupo-excellence\/"},"author":{"name":"Redacci\u00f3n","@id":"https:\/\/nitu.mx\/#\/schema\/person\/4a28fe9bd65924f7c90623773daf1b0b"},"headline":"Mara Lezama anuncia la construcci\u00f3n del sexto hotel Finest del Grupo Excellence","datePublished":"2026-01-22T04:54:19+00:00","dateModified":"2026-01-22T04:54:20+00:00","mainEntityOfPage":{"@id":"https:\/\/nitu.mx\/index.php\/2026\/01\/21\/mara-lezama-anuncia-la-construccion-del-sexto-hotel-finest-del-grupo-excellence\/"},"wordCount":272,"publisher":{"@id":"https:\/\/nitu.mx\/#\/schema\/person\/ae7a53426417292d3dd07b45a33e01bc"},"image":{"@id":"https:\/\/nitu.mx\/index.php\/2026\/01\/21\/mara-lezama-anuncia-la-construccion-del-sexto-hotel-finest-del-grupo-excellence\/#primaryimage"},"thumbnailUrl":"https:\/\/nitu.mx\/wp-content\/uploads\/2026\/01\/Grupo-Excellence-Finest-anuncio-FITUR-2026.jpg","keywords":["CPTQ","Finest","Grupo Excellence","Mara Lezama","Quintana Roo","Sedetur"],"articleSection":["Hoteles"],"inLanguage":"es-MX"},{"@type":"WebPage","@id":"https:\/\/nitu.mx\/index.php\/2026\/01\/21\/mara-lezama-anuncia-la-construccion-del-sexto-hotel-finest-del-grupo-excellence\/","url":"https:\/\/nitu.mx\/index.php\/2026\/01\/21\/mara-lezama-anuncia-la-construccion-del-sexto-hotel-finest-del-grupo-excellence\/","name":"Mara Lezama anuncia la construcci\u00f3n del sexto hotel Finest del Grupo Excellence - Nitu - Noticias de la Industria Turistica","isPartOf":{"@id":"https:\/\/nitu.mx\/#website"},"primaryImageOfPage":{"@id":"https:\/\/nitu.mx\/index.php\/2026\/01\/21\/mara-lezama-anuncia-la-construccion-del-sexto-hotel-finest-del-grupo-excellence\/#primaryimage"},"image":{"@id":"https:\/\/nitu.mx\/index.php\/2026\/01\/21\/mara-lezama-anuncia-la-construccion-del-sexto-hotel-finest-del-grupo-excellence\/#primaryimage"},"thumbnailUrl":"https:\/\/nitu.mx\/wp-content\/uploads\/2026\/01\/Grupo-Excellence-Finest-anuncio-FITUR-2026.jpg","datePublished":"2026-01-22T04:54:19+00:00","dateModified":"2026-01-22T04:54:20+00:00","breadcrumb":{"@id":"https:\/\/nitu.mx\/index.php\/2026\/01\/21\/mara-lezama-anuncia-la-construccion-del-sexto-hotel-finest-del-grupo-excellence\/#breadcrumb"},"inLanguage":"es-MX","potentialAction":[{"@type":"ReadAction","target":["https:\/\/nitu.mx\/index.php\/2026\/01\/21\/mara-lezama-anuncia-la-construccion-del-sexto-hotel-finest-del-grupo-excellence\/"]}]},{"@type":"ImageObject","inLanguage":"es-MX","@id":"https:\/\/nitu.mx\/index.php\/2026\/01\/21\/mara-lezama-anuncia-la-construccion-del-sexto-hotel-finest-del-grupo-excellence\/#primaryimage","url":"https:\/\/nitu.mx\/wp-content\/uploads\/2026\/01\/Grupo-Excellence-Finest-anuncio-FITUR-2026.jpg","contentUrl":"https:\/\/nitu.mx\/wp-content\/uploads\/2026\/01\/Grupo-Excellence-Finest-anuncio-FITUR-2026.jpg","width":1200,"height":675,"caption":"Grupo Excellence Finest anuncio FITUR 2026"},{"@type":"BreadcrumbList","@id":"https:\/\/nitu.mx\/index.php\/2026\/01\/21\/mara-lezama-anuncia-la-construccion-del-sexto-hotel-finest-del-grupo-excellence\/#breadcrumb","itemListElement":[{"@type":"ListItem","position":1,"name":"Inicio","item":"https:\/\/nitu.mx\/"},{"@type":"ListItem","position":2,"name":"Mara Lezama anuncia la construcci\u00f3n del sexto hotel Finest del Grupo Excellence"}]},{"@type":"WebSite","@id":"https:\/\/nitu.mx\/#website","url":"https:\/\/nitu.mx\/","name":"Nitu - Noticias de la Industria Turistica","description":"Noticias de la Industria Turistica","publisher":{"@id":"https:\/\/nitu.mx\/#\/schema\/person\/ae7a53426417292d3dd07b45a33e01bc"},"alternateName":"Noticias de la Industria Turistica","potentialAction":[{"@type":"SearchAction","target":{"@type":"EntryPoint","urlTemplate":"https:\/\/nitu.mx\/?s={search_term_string}"},"query-input":"required name=search_term_string"}],"inLanguage":"es-MX"},{"@type":["Person","Organization"],"@id":"https:\/\/nitu.mx\/#\/schema\/person\/ae7a53426417292d3dd07b45a33e01bc","name":"Arturo Medina","image":{"@type":"ImageObject","inLanguage":"es-MX","@id":"https:\/\/nitu.mx\/#\/schema\/person\/image\/","url":"https:\/\/nitu.mx\/wp-content\/uploads\/2024\/04\/4A315622-1904-4D5C-B022-878CDC840E04-90x90-1.jpeg","contentUrl":"https:\/\/nitu.mx\/wp-content\/uploads\/2024\/04\/4A315622-1904-4D5C-B022-878CDC840E04-90x90-1.jpeg","width":90,"height":90,"caption":"Arturo Medina"},"logo":{"@id":"https:\/\/nitu.mx\/#\/schema\/person\/image\/"},"description":"Director NITU.mx, Egresado de la Escuela de Periodismo Carlos Septi\u00e9n Garc\u00eda. Periodista y analista especializado en turismo desde hace 35 a\u00f1os, radicado en Canc\u00fan Q.Roo. arturo@nitu.mx","sameAs":["https:\/\/nitu.mx","https:\/\/www.facebook.com\/NITUmx\/","medinacancun","https:\/\/twitter.com\/@Arturo_Medina_G"]},{"@type":"Person","@id":"https:\/\/nitu.mx\/#\/schema\/person\/4a28fe9bd65924f7c90623773daf1b0b","name":"Redacci\u00f3n","image":{"@type":"ImageObject","inLanguage":"es-MX","@id":"https:\/\/nitu.mx\/#\/schema\/person\/image\/","url":"https:\/\/secure.gravatar.com\/avatar\/5dd011c8ccfc5cd7e4c81e42252aab38?s=96&d=mm&r=g","contentUrl":"https:\/\/secure.gravatar.com\/avatar\/5dd011c8ccfc5cd7e4c81e42252aab38?s=96&d=mm&r=g","caption":"Redacci\u00f3n"},"url":"https:\/\/nitu.mx\/index.php\/author\/redaccion\/"}]}},"views":583,"_links":{"self":[{"href":"https:\/\/nitu.mx\/index.php\/wp-json\/wp\/v2\/posts\/85771"}],"collection":[{"href":"https:\/\/nitu.mx\/index.php\/wp-json\/wp\/v2\/posts"}],"about":[{"href":"https:\/\/nitu.mx\/index.php\/wp-json\/wp\/v2\/types\/post"}],"author":[{"embeddable":true,"href":"https:\/\/nitu.mx\/index.php\/wp-json\/wp\/v2\/users\/17"}],"replies":[{"embeddable":true,"href":"https:\/\/nitu.mx\/index.php\/wp-json\/wp\/v2\/comments?post=85771"}],"version-history":[{"count":1,"href":"https:\/\/nitu.mx\/index.php\/wp-json\/wp\/v2\/posts\/85771\/revisions"}],"predecessor-version":[{"id":85773,"href":"https:\/\/nitu.mx\/index.php\/wp-json\/wp\/v2\/posts\/85771\/revisions\/85773"}],"wp:featuredmedia":[{"embeddable":true,"href":"https:\/\/nitu.mx\/index.php\/wp-json\/wp\/v2\/media\/85774"}],"wp:attachment":[{"href":"https:\/\/nitu.mx\/index.php\/wp-json\/wp\/v2\/media?parent=85771"}],"wp:term":[{"taxonomy":"category","embeddable":true,"href":"https:\/\/nitu.mx\/index.php\/wp-json\/wp\/v2\/categories?post=85771"},{"taxonomy":"post_tag","embeddable":true,"href":"https:\/\/nitu.mx\/index.php\/wp-json\/wp\/v2\/tags?post=85771"}],"curies":[{"name":"wp","href":"https:\/\/api.w.org\/{rel}","templated":true}]}}