{"id":85754,"date":"2026-01-21T22:33:49","date_gmt":"2026-01-22T04:33:49","guid":{"rendered":"https:\/\/nitu.mx\/?p=85754"},"modified":"2026-01-21T22:50:37","modified_gmt":"2026-01-22T04:50:37","slug":"mexico-asume-la-presidencia-pro-tempore-de-la-organizacion-mundo-maya-en-fitur-2026","status":"publish","type":"post","link":"https:\/\/nitu.mx\/index.php\/2026\/01\/21\/mexico-asume-la-presidencia-pro-tempore-de-la-organizacion-mundo-maya-en-fitur-2026\/","title":{"rendered":"M\u00e9xico asume la Presidencia Pro Tempore de la Organizaci\u00f3n Mundo Maya en Fitur 2026"},"content":{"rendered":"\n<p>Como parte de la agenda de trabajo en el marco de la Feria Internacional de Turismo (Fitur) 2026, la secretaria de Turismo del Gobierno de M\u00e9xico, Josefina Rodr\u00edguez Zamora, recibi\u00f3 la Presidencia Pro Tempore de la Organizaci\u00f3n Mundo Maya (OMM) para el periodo 2026\u20132028.<\/p>\n\n\n\n<p>Adem\u00e1s, encabez\u00f3 el anuncio del inicio de la venta digital de boletos del Tren Maya a trav\u00e9s de la plataforma europea l\u00edder FlixBus y dio cuenta de una noticia muy relevante: la puesta en operaci\u00f3n, entre marzo y abril, de nuevas rutas a\u00e9reas estrat\u00e9gicas operadas por Aerom\u00e9xico hacia Europa, que incrementar\u00e1n el flujo tur\u00edstico de cara al Mundial 2026. <\/p>\n\n\n\n<p>\u201cEn M\u00e9xico recibimos esta Presidencia con gratitud y con m\u00e9todo. La regi\u00f3n Mundo Maya no es s\u00f3lo un gran destino, sino una prioridad para el desarrollo regional y la pol\u00edtica tur\u00edstica del pa\u00eds\u201d, declar\u00f3.<\/p>\n\n\n\n<p>En este contexto, la titular de la Secretar\u00eda de Turismo (Sectur) destac\u00f3 que este liderazgo representa una oportunidad estrat\u00e9gica para reforzar la presencia del sureste mexicano en el mercado internacional, con el compromiso de impulsar agendas de cooperaci\u00f3n, sostenibilidad, promoci\u00f3n conjunta y la consolidaci\u00f3n de rutas tur\u00edsticas de alto valor cultural.<\/p>\n\n\n\n<p>La Organizaci\u00f3n Mundo Maya (OMM) es un organismo regional conformado por los cinco pa\u00edses que comparten el legado de la civilizaci\u00f3n maya: Belice, El Salvador, Guatemala, Honduras y M\u00e9xico. Su objetivo principal es impulsar el desarrollo tur\u00edstico regional mediante una visi\u00f3n compartida que articula la riqueza cultural, hist\u00f3rica y natural del Mundo Maya.<\/p>\n\n\n\n<p>Acompa\u00f1ada por la gobernadora de Quintana Roo, Mara Lezama Espinoza, as\u00ed como por las y los secretarios de Turismo de Quintana Roo, Bernardo Cueto Riestra; de Yucat\u00e1n, Dar\u00edo Flota Ocampo; de Chiapas, Mar\u00eda Eugenia Culebro P\u00e9rez; de Tabasco, Katia Ornelas Gil; y de Campeche, Adda Sol\u00eds Peniche, Rodr\u00edguez Zamora subray\u00f3 que esta nueva etapa se enfocar\u00e1 en acciones concretas y medibles, entre ellas la integraci\u00f3n de rutas multinacionales y circuitos complementarios; la definici\u00f3n de est\u00e1ndares comunes de calidad y profesionalizaci\u00f3n; la protecci\u00f3n del patrimonio y el fortalecimiento del turismo responsable; la promoci\u00f3n coordinada sin p\u00e9rdida de identidad; as\u00ed como mejoras en conectividad y log\u00edstica tur\u00edstica.<\/p>\n\n\n\n<p>\u201cLa regi\u00f3n mexicana del Mundo Maya, que abarca Campeche, Chiapas, Quintana Roo, Tabasco y Yucat\u00e1n, est\u00e1 conformada por territorios que resguardan uno de los patrimonios arqueol\u00f3gicos, naturales y culturales m\u00e1s importantes del continente\u201d, afirm\u00f3.<\/p>\n\n\n\n<p>Asimismo, reconoci\u00f3 el compromiso de los pa\u00edses integrantes de la OMM, cuyo trabajo conjunto ha permitido avanzar en el desarrollo de rutas compartidas, estrategias de promoci\u00f3n y acciones para la preservaci\u00f3n del patrimonio com\u00fan.<\/p>\n\n\n\n<p>Inicia venta digital de boletos del Tren Maya en FlixBus<\/p>\n\n\n\n<p>Por otra parte, la titular de Sectur encabez\u00f3 el anuncio del inicio de la venta digital de boletos del Tren Maya a trav\u00e9s de la plataforma europea l\u00edder FlixBus, lo que facilitar\u00e1 la compra desde mercados internacionales, especialmente europeos, y permitir\u00e1 fortalecer la movilidad tur\u00edstica en el sureste, as\u00ed como potenciar a M\u00e9xico como un destino competitivo y accesible.<\/p>\n\n\n\n<p>Durante el anuncio se realiz\u00f3 una demostraci\u00f3n en tiempo real de la compra del primer boleto. En este marco, la secretaria de Turismo se\u00f1al\u00f3 que la competitividad tur\u00edstica hoy se define en el entorno digital: en la claridad de la informaci\u00f3n, la facilidad de compra y la integraci\u00f3n de experiencias completas para las y los viajeros.<\/p>\n\n\n\n<p>A\u00f1adi\u00f3 que el Tren Maya se consolida como un motor de desarrollo regional, conservaci\u00f3n patrimonial y diversificaci\u00f3n de rutas tur\u00edsticas, con mil 554 kil\u00f3metros de recorrido, 34 estaciones y operaci\u00f3n en los cinco estados del Mundo Maya mexicano, al sumar casi dos millones de pasajeros acumulados entre diciembre de 2023 y noviembre de 2025.<\/p>\n\n\n\n<p>Destac\u00f3 tambi\u00e9n que su ecosistema se articula con hoteles, aeropuertos, museos y parques administrados por el Grupo Mundo Maya, lo que fortalece la experiencia integral del visitante y ampl\u00eda la derrama tur\u00edstica en las comunidades.<\/p>\n\n\n\n<p>En este encuentro se cont\u00f3 con la presencia del embajador de M\u00e9xico en Espa\u00f1a, Quirino Ordaz Coppel; del director general del Tren Maya, \u00d3scar David Lozano \u00c1guila; del vicepresidente global de FlixBus, Max Zeumer; y del director general de FlixBus M\u00e9xico, Carlos Maga\u00f1a.<\/p>\n\n\n\n<p>Nuevas rutas de Aerom\u00e9xico hacia Europa<\/p>\n\n\n\n<p>Finalmente, y en representaci\u00f3n de Josefina Rodr\u00edguez Zamora, el titular de la Unidad de Innovaci\u00f3n, Sustentabilidad y Profesionalizaci\u00f3n Tur\u00edstica, Miguel Agui\u00f1iga Rodr\u00edguez, particip\u00f3 en el anuncio de nuevas rutas a\u00e9reas operadas por Aerom\u00e9xico hacia Europa, estrat\u00e9gicas para incrementar el flujo tur\u00edstico de cara al Mundial 2026.<\/p>\n\n\n\n<p>El vicepresidente senior de Ventas Globales de Aerom\u00e9xico, Giancarlo Mulinelli, inform\u00f3 que a partir de marzo se inaugurar\u00e1 la ruta Ciudad de M\u00e9xico\u2013Barcelona, con seis frecuencias semanales, convirtiendo a esa ciudad en el segundo destino de la aerol\u00ednea en Espa\u00f1a y el sexto en Europa.<\/p>\n\n\n\n<p>Asimismo, dio a conocer que en abril iniciar\u00e1 la ruta Monterrey\u2013Par\u00eds, con tres frecuencias semanales, consolidando a Monterrey como una plataforma de vuelos de largo alcance hacia Europa y Asia.<\/p>\n\n\n\n<p>Con estas adiciones y el incremento de rutas existentes, Aerom\u00e9xico alcanzar\u00e1 71 vuelos semanales a Europa durante el verano, lo que representa un incremento del 9 por ciento en operaciones y del 10 por ciento en la oferta de asientos.<\/p>\n\n\n\n<p>\u201cM\u00e9xico llega a Fitur con una pol\u00edtica tur\u00edstica basada en conectividad, innovaci\u00f3n, integraci\u00f3n territorial y cooperaci\u00f3n internacional. El sureste del pa\u00eds se perfila como una regi\u00f3n estrat\u00e9gica para atraer turismo cultural y de naturaleza. La venta digital del Tren Maya nos posiciona en un mercado altamente competitivo, y el fortalecimiento de los vuelos hacia Europa responde a la demanda proyectada para los pr\u00f3ximos a\u00f1os\u201d, declar\u00f3 Rodr\u00edguez Zamora. (<a href=\"https:\/\/nitu.mx\/index.php\/2026\/01\/21\/fitur-2026-arranca-la-participacion-de-mexico-en-como-pais-socio-con-el-pabellon-mas-grande-de-su-historia\/\">FITUR 2026: Arranca la participaci\u00f3n de M\u00e9xico en como Pa\u00eds Socio con el pabell\u00f3n m\u00e1s grande de su historia<\/a>).<\/p>\n","protected":false},"excerpt":{"rendered":"<p>Como parte de la agenda de trabajo en el marco de la Feria Internacional de Turismo (Fitur) 2026, la secretaria de Turismo del Gobierno de M\u00e9xico, Josefina Rodr\u00edguez Zamora, recibi\u00f3 la Presidencia Pro Tempore de la Organizaci\u00f3n Mundo Maya (OMM) para el periodo 2026\u20132028. Adem\u00e1s, encabez\u00f3 el anuncio del inicio de la venta digital de [&hellip;]<\/p>\n","protected":false},"author":17,"featured_media":85769,"comment_status":"closed","ping_status":"closed","sticky":false,"template":"","format":"standard","meta":{"footnotes":""},"categories":[24423],"tags":[25659,14028,2385,93,11427],"yoast_head":"<!-- This site is optimized with the Yoast SEO plugin v22.2 - https:\/\/yoast.com\/wordpress\/plugins\/seo\/ -->\n<title>M\u00e9xico asume la Presidencia Pro Tempore de la Organizaci\u00f3n Mundo Maya en Fitur 2026 - Nitu - Noticias de la Industria Turistica<\/title>\n<meta name=\"robots\" content=\"index, follow, max-snippet:-1, max-image-preview:large, max-video-preview:-1\" \/>\n<link rel=\"canonical\" href=\"https:\/\/nitu.mx\/index.php\/2026\/01\/21\/mexico-asume-la-presidencia-pro-tempore-de-la-organizacion-mundo-maya-en-fitur-2026\/\" \/>\n<meta name=\"twitter:card\" content=\"summary_large_image\" \/>\n<meta name=\"twitter:title\" content=\"M\u00e9xico asume la Presidencia Pro Tempore de la Organizaci\u00f3n Mundo Maya en Fitur 2026 - Nitu - Noticias de la Industria Turistica\" \/>\n<meta name=\"twitter:description\" content=\"Como parte de la agenda de trabajo en el marco de la Feria Internacional de Turismo (Fitur) 2026, la secretaria de Turismo del Gobierno de M\u00e9xico, Josefina Rodr\u00edguez Zamora, recibi\u00f3 la Presidencia Pro Tempore de la Organizaci\u00f3n Mundo Maya (OMM) para el periodo 2026\u20132028. Adem\u00e1s, encabez\u00f3 el anuncio del inicio de la venta digital de [&hellip;]\" \/>\n<meta name=\"twitter:image\" content=\"https:\/\/nitu.mx\/wp-content\/uploads\/2026\/01\/Organizacion-Mundo-Maya-Mexico-asume-presidencia.jpg\" \/>\n<meta name=\"twitter:creator\" content=\"@NITUmx\" \/>\n<meta name=\"twitter:site\" content=\"@Arturo_Medina_G\" \/>\n<meta name=\"twitter:label1\" content=\"Escrito por\" \/>\n\t<meta name=\"twitter:data1\" content=\"Redacci\u00f3n\" \/>\n\t<meta name=\"twitter:label2\" content=\"Tiempo de lectura\" \/>\n\t<meta name=\"twitter:data2\" content=\"5 minutos\" \/>\n<script type=\"application\/ld+json\" class=\"yoast-schema-graph\">{\"@context\":\"https:\/\/schema.org\",\"@graph\":[{\"@type\":\"Article\",\"@id\":\"https:\/\/nitu.mx\/index.php\/2026\/01\/21\/mexico-asume-la-presidencia-pro-tempore-de-la-organizacion-mundo-maya-en-fitur-2026\/#article\",\"isPartOf\":{\"@id\":\"https:\/\/nitu.mx\/index.php\/2026\/01\/21\/mexico-asume-la-presidencia-pro-tempore-de-la-organizacion-mundo-maya-en-fitur-2026\/\"},\"author\":{\"name\":\"Redacci\u00f3n\",\"@id\":\"https:\/\/nitu.mx\/#\/schema\/person\/4a28fe9bd65924f7c90623773daf1b0b\"},\"headline\":\"M\u00e9xico asume la Presidencia Pro Tempore de la Organizaci\u00f3n Mundo Maya en Fitur 2026\",\"datePublished\":\"2026-01-22T04:33:49+00:00\",\"dateModified\":\"2026-01-22T04:50:37+00:00\",\"mainEntityOfPage\":{\"@id\":\"https:\/\/nitu.mx\/index.php\/2026\/01\/21\/mexico-asume-la-presidencia-pro-tempore-de-la-organizacion-mundo-maya-en-fitur-2026\/\"},\"wordCount\":1042,\"publisher\":{\"@id\":\"https:\/\/nitu.mx\/#\/schema\/person\/ae7a53426417292d3dd07b45a33e01bc\"},\"image\":{\"@id\":\"https:\/\/nitu.mx\/index.php\/2026\/01\/21\/mexico-asume-la-presidencia-pro-tempore-de-la-organizacion-mundo-maya-en-fitur-2026\/#primaryimage\"},\"thumbnailUrl\":\"https:\/\/nitu.mx\/wp-content\/uploads\/2026\/01\/Organizacion-Mundo-Maya-Mexico-asume-presidencia.jpg\",\"keywords\":[\"Josefina Rodr\u00edguez\",\"Mara Lezama\",\"Organizaci\u00f3n Mundo Maya\",\"Sectur\",\"Tren Maya\"],\"articleSection\":[\"FITUR\"],\"inLanguage\":\"es-MX\"},{\"@type\":\"WebPage\",\"@id\":\"https:\/\/nitu.mx\/index.php\/2026\/01\/21\/mexico-asume-la-presidencia-pro-tempore-de-la-organizacion-mundo-maya-en-fitur-2026\/\",\"url\":\"https:\/\/nitu.mx\/index.php\/2026\/01\/21\/mexico-asume-la-presidencia-pro-tempore-de-la-organizacion-mundo-maya-en-fitur-2026\/\",\"name\":\"M\u00e9xico asume la Presidencia Pro Tempore de la Organizaci\u00f3n Mundo Maya en Fitur 2026 - Nitu - Noticias de la Industria Turistica\",\"isPartOf\":{\"@id\":\"https:\/\/nitu.mx\/#website\"},\"primaryImageOfPage\":{\"@id\":\"https:\/\/nitu.mx\/index.php\/2026\/01\/21\/mexico-asume-la-presidencia-pro-tempore-de-la-organizacion-mundo-maya-en-fitur-2026\/#primaryimage\"},\"image\":{\"@id\":\"https:\/\/nitu.mx\/index.php\/2026\/01\/21\/mexico-asume-la-presidencia-pro-tempore-de-la-organizacion-mundo-maya-en-fitur-2026\/#primaryimage\"},\"thumbnailUrl\":\"https:\/\/nitu.mx\/wp-content\/uploads\/2026\/01\/Organizacion-Mundo-Maya-Mexico-asume-presidencia.jpg\",\"datePublished\":\"2026-01-22T04:33:49+00:00\",\"dateModified\":\"2026-01-22T04:50:37+00:00\",\"breadcrumb\":{\"@id\":\"https:\/\/nitu.mx\/index.php\/2026\/01\/21\/mexico-asume-la-presidencia-pro-tempore-de-la-organizacion-mundo-maya-en-fitur-2026\/#breadcrumb\"},\"inLanguage\":\"es-MX\",\"potentialAction\":[{\"@type\":\"ReadAction\",\"target\":[\"https:\/\/nitu.mx\/index.php\/2026\/01\/21\/mexico-asume-la-presidencia-pro-tempore-de-la-organizacion-mundo-maya-en-fitur-2026\/\"]}]},{\"@type\":\"ImageObject\",\"inLanguage\":\"es-MX\",\"@id\":\"https:\/\/nitu.mx\/index.php\/2026\/01\/21\/mexico-asume-la-presidencia-pro-tempore-de-la-organizacion-mundo-maya-en-fitur-2026\/#primaryimage\",\"url\":\"https:\/\/nitu.mx\/wp-content\/uploads\/2026\/01\/Organizacion-Mundo-Maya-Mexico-asume-presidencia.jpg\",\"contentUrl\":\"https:\/\/nitu.mx\/wp-content\/uploads\/2026\/01\/Organizacion-Mundo-Maya-Mexico-asume-presidencia.jpg\",\"width\":1200,\"height\":675,\"caption\":\"Organizaci\u00f3n Mundo Maya M\u00e9xico asume presidencia\"},{\"@type\":\"BreadcrumbList\",\"@id\":\"https:\/\/nitu.mx\/index.php\/2026\/01\/21\/mexico-asume-la-presidencia-pro-tempore-de-la-organizacion-mundo-maya-en-fitur-2026\/#breadcrumb\",\"itemListElement\":[{\"@type\":\"ListItem\",\"position\":1,\"name\":\"Inicio\",\"item\":\"https:\/\/nitu.mx\/\"},{\"@type\":\"ListItem\",\"position\":2,\"name\":\"M\u00e9xico asume la Presidencia Pro Tempore de la Organizaci\u00f3n Mundo Maya en Fitur 2026\"}]},{\"@type\":\"WebSite\",\"@id\":\"https:\/\/nitu.mx\/#website\",\"url\":\"https:\/\/nitu.mx\/\",\"name\":\"Nitu - Noticias de la Industria Turistica\",\"description\":\"Noticias de la Industria Turistica\",\"publisher\":{\"@id\":\"https:\/\/nitu.mx\/#\/schema\/person\/ae7a53426417292d3dd07b45a33e01bc\"},\"alternateName\":\"Noticias de la Industria Turistica\",\"potentialAction\":[{\"@type\":\"SearchAction\",\"target\":{\"@type\":\"EntryPoint\",\"urlTemplate\":\"https:\/\/nitu.mx\/?s={search_term_string}\"},\"query-input\":\"required name=search_term_string\"}],\"inLanguage\":\"es-MX\"},{\"@type\":[\"Person\",\"Organization\"],\"@id\":\"https:\/\/nitu.mx\/#\/schema\/person\/ae7a53426417292d3dd07b45a33e01bc\",\"name\":\"Arturo Medina\",\"image\":{\"@type\":\"ImageObject\",\"inLanguage\":\"es-MX\",\"@id\":\"https:\/\/nitu.mx\/#\/schema\/person\/image\/\",\"url\":\"https:\/\/nitu.mx\/wp-content\/uploads\/2024\/04\/4A315622-1904-4D5C-B022-878CDC840E04-90x90-1.jpeg\",\"contentUrl\":\"https:\/\/nitu.mx\/wp-content\/uploads\/2024\/04\/4A315622-1904-4D5C-B022-878CDC840E04-90x90-1.jpeg\",\"width\":90,\"height\":90,\"caption\":\"Arturo Medina\"},\"logo\":{\"@id\":\"https:\/\/nitu.mx\/#\/schema\/person\/image\/\"},\"description\":\"Director NITU.mx, Egresado de la Escuela de Periodismo Carlos Septi\u00e9n Garc\u00eda. Periodista y analista especializado en turismo desde hace 35 a\u00f1os, radicado en Canc\u00fan Q.Roo. arturo@nitu.mx\",\"sameAs\":[\"https:\/\/nitu.mx\",\"https:\/\/www.facebook.com\/NITUmx\/\",\"medinacancun\",\"https:\/\/twitter.com\/@Arturo_Medina_G\"]},{\"@type\":\"Person\",\"@id\":\"https:\/\/nitu.mx\/#\/schema\/person\/4a28fe9bd65924f7c90623773daf1b0b\",\"name\":\"Redacci\u00f3n\",\"image\":{\"@type\":\"ImageObject\",\"inLanguage\":\"es-MX\",\"@id\":\"https:\/\/nitu.mx\/#\/schema\/person\/image\/\",\"url\":\"https:\/\/secure.gravatar.com\/avatar\/5dd011c8ccfc5cd7e4c81e42252aab38?s=96&d=mm&r=g\",\"contentUrl\":\"https:\/\/secure.gravatar.com\/avatar\/5dd011c8ccfc5cd7e4c81e42252aab38?s=96&d=mm&r=g\",\"caption\":\"Redacci\u00f3n\"},\"url\":\"https:\/\/nitu.mx\/index.php\/author\/redaccion\/\"}]}<\/script>\n<!-- \/ Yoast SEO plugin. -->","yoast_head_json":{"title":"M\u00e9xico asume la Presidencia Pro Tempore de la Organizaci\u00f3n Mundo Maya en Fitur 2026 - Nitu - Noticias de la Industria Turistica","robots":{"index":"index","follow":"follow","max-snippet":"max-snippet:-1","max-image-preview":"max-image-preview:large","max-video-preview":"max-video-preview:-1"},"canonical":"https:\/\/nitu.mx\/index.php\/2026\/01\/21\/mexico-asume-la-presidencia-pro-tempore-de-la-organizacion-mundo-maya-en-fitur-2026\/","twitter_card":"summary_large_image","twitter_title":"M\u00e9xico asume la Presidencia Pro Tempore de la Organizaci\u00f3n Mundo Maya en Fitur 2026 - Nitu - Noticias de la Industria Turistica","twitter_description":"Como parte de la agenda de trabajo en el marco de la Feria Internacional de Turismo (Fitur) 2026, la secretaria de Turismo del Gobierno de M\u00e9xico, Josefina Rodr\u00edguez Zamora, recibi\u00f3 la Presidencia Pro Tempore de la Organizaci\u00f3n Mundo Maya (OMM) para el periodo 2026\u20132028. Adem\u00e1s, encabez\u00f3 el anuncio del inicio de la venta digital de [&hellip;]","twitter_image":"https:\/\/nitu.mx\/wp-content\/uploads\/2026\/01\/Organizacion-Mundo-Maya-Mexico-asume-presidencia.jpg","twitter_creator":"@NITUmx","twitter_site":"@Arturo_Medina_G","twitter_misc":{"Escrito por":"Redacci\u00f3n","Tiempo de lectura":"5 minutos"},"schema":{"@context":"https:\/\/schema.org","@graph":[{"@type":"Article","@id":"https:\/\/nitu.mx\/index.php\/2026\/01\/21\/mexico-asume-la-presidencia-pro-tempore-de-la-organizacion-mundo-maya-en-fitur-2026\/#article","isPartOf":{"@id":"https:\/\/nitu.mx\/index.php\/2026\/01\/21\/mexico-asume-la-presidencia-pro-tempore-de-la-organizacion-mundo-maya-en-fitur-2026\/"},"author":{"name":"Redacci\u00f3n","@id":"https:\/\/nitu.mx\/#\/schema\/person\/4a28fe9bd65924f7c90623773daf1b0b"},"headline":"M\u00e9xico asume la Presidencia Pro Tempore de la Organizaci\u00f3n Mundo Maya en Fitur 2026","datePublished":"2026-01-22T04:33:49+00:00","dateModified":"2026-01-22T04:50:37+00:00","mainEntityOfPage":{"@id":"https:\/\/nitu.mx\/index.php\/2026\/01\/21\/mexico-asume-la-presidencia-pro-tempore-de-la-organizacion-mundo-maya-en-fitur-2026\/"},"wordCount":1042,"publisher":{"@id":"https:\/\/nitu.mx\/#\/schema\/person\/ae7a53426417292d3dd07b45a33e01bc"},"image":{"@id":"https:\/\/nitu.mx\/index.php\/2026\/01\/21\/mexico-asume-la-presidencia-pro-tempore-de-la-organizacion-mundo-maya-en-fitur-2026\/#primaryimage"},"thumbnailUrl":"https:\/\/nitu.mx\/wp-content\/uploads\/2026\/01\/Organizacion-Mundo-Maya-Mexico-asume-presidencia.jpg","keywords":["Josefina Rodr\u00edguez","Mara Lezama","Organizaci\u00f3n Mundo Maya","Sectur","Tren Maya"],"articleSection":["FITUR"],"inLanguage":"es-MX"},{"@type":"WebPage","@id":"https:\/\/nitu.mx\/index.php\/2026\/01\/21\/mexico-asume-la-presidencia-pro-tempore-de-la-organizacion-mundo-maya-en-fitur-2026\/","url":"https:\/\/nitu.mx\/index.php\/2026\/01\/21\/mexico-asume-la-presidencia-pro-tempore-de-la-organizacion-mundo-maya-en-fitur-2026\/","name":"M\u00e9xico asume la Presidencia Pro Tempore de la Organizaci\u00f3n Mundo Maya en Fitur 2026 - Nitu - Noticias de la Industria Turistica","isPartOf":{"@id":"https:\/\/nitu.mx\/#website"},"primaryImageOfPage":{"@id":"https:\/\/nitu.mx\/index.php\/2026\/01\/21\/mexico-asume-la-presidencia-pro-tempore-de-la-organizacion-mundo-maya-en-fitur-2026\/#primaryimage"},"image":{"@id":"https:\/\/nitu.mx\/index.php\/2026\/01\/21\/mexico-asume-la-presidencia-pro-tempore-de-la-organizacion-mundo-maya-en-fitur-2026\/#primaryimage"},"thumbnailUrl":"https:\/\/nitu.mx\/wp-content\/uploads\/2026\/01\/Organizacion-Mundo-Maya-Mexico-asume-presidencia.jpg","datePublished":"2026-01-22T04:33:49+00:00","dateModified":"2026-01-22T04:50:37+00:00","breadcrumb":{"@id":"https:\/\/nitu.mx\/index.php\/2026\/01\/21\/mexico-asume-la-presidencia-pro-tempore-de-la-organizacion-mundo-maya-en-fitur-2026\/#breadcrumb"},"inLanguage":"es-MX","potentialAction":[{"@type":"ReadAction","target":["https:\/\/nitu.mx\/index.php\/2026\/01\/21\/mexico-asume-la-presidencia-pro-tempore-de-la-organizacion-mundo-maya-en-fitur-2026\/"]}]},{"@type":"ImageObject","inLanguage":"es-MX","@id":"https:\/\/nitu.mx\/index.php\/2026\/01\/21\/mexico-asume-la-presidencia-pro-tempore-de-la-organizacion-mundo-maya-en-fitur-2026\/#primaryimage","url":"https:\/\/nitu.mx\/wp-content\/uploads\/2026\/01\/Organizacion-Mundo-Maya-Mexico-asume-presidencia.jpg","contentUrl":"https:\/\/nitu.mx\/wp-content\/uploads\/2026\/01\/Organizacion-Mundo-Maya-Mexico-asume-presidencia.jpg","width":1200,"height":675,"caption":"Organizaci\u00f3n Mundo Maya M\u00e9xico asume presidencia"},{"@type":"BreadcrumbList","@id":"https:\/\/nitu.mx\/index.php\/2026\/01\/21\/mexico-asume-la-presidencia-pro-tempore-de-la-organizacion-mundo-maya-en-fitur-2026\/#breadcrumb","itemListElement":[{"@type":"ListItem","position":1,"name":"Inicio","item":"https:\/\/nitu.mx\/"},{"@type":"ListItem","position":2,"name":"M\u00e9xico asume la Presidencia Pro Tempore de la Organizaci\u00f3n Mundo Maya en Fitur 2026"}]},{"@type":"WebSite","@id":"https:\/\/nitu.mx\/#website","url":"https:\/\/nitu.mx\/","name":"Nitu - Noticias de la Industria Turistica","description":"Noticias de la Industria Turistica","publisher":{"@id":"https:\/\/nitu.mx\/#\/schema\/person\/ae7a53426417292d3dd07b45a33e01bc"},"alternateName":"Noticias de la Industria Turistica","potentialAction":[{"@type":"SearchAction","target":{"@type":"EntryPoint","urlTemplate":"https:\/\/nitu.mx\/?s={search_term_string}"},"query-input":"required name=search_term_string"}],"inLanguage":"es-MX"},{"@type":["Person","Organization"],"@id":"https:\/\/nitu.mx\/#\/schema\/person\/ae7a53426417292d3dd07b45a33e01bc","name":"Arturo Medina","image":{"@type":"ImageObject","inLanguage":"es-MX","@id":"https:\/\/nitu.mx\/#\/schema\/person\/image\/","url":"https:\/\/nitu.mx\/wp-content\/uploads\/2024\/04\/4A315622-1904-4D5C-B022-878CDC840E04-90x90-1.jpeg","contentUrl":"https:\/\/nitu.mx\/wp-content\/uploads\/2024\/04\/4A315622-1904-4D5C-B022-878CDC840E04-90x90-1.jpeg","width":90,"height":90,"caption":"Arturo Medina"},"logo":{"@id":"https:\/\/nitu.mx\/#\/schema\/person\/image\/"},"description":"Director NITU.mx, Egresado de la Escuela de Periodismo Carlos Septi\u00e9n Garc\u00eda. Periodista y analista especializado en turismo desde hace 35 a\u00f1os, radicado en Canc\u00fan Q.Roo. arturo@nitu.mx","sameAs":["https:\/\/nitu.mx","https:\/\/www.facebook.com\/NITUmx\/","medinacancun","https:\/\/twitter.com\/@Arturo_Medina_G"]},{"@type":"Person","@id":"https:\/\/nitu.mx\/#\/schema\/person\/4a28fe9bd65924f7c90623773daf1b0b","name":"Redacci\u00f3n","image":{"@type":"ImageObject","inLanguage":"es-MX","@id":"https:\/\/nitu.mx\/#\/schema\/person\/image\/","url":"https:\/\/secure.gravatar.com\/avatar\/5dd011c8ccfc5cd7e4c81e42252aab38?s=96&d=mm&r=g","contentUrl":"https:\/\/secure.gravatar.com\/avatar\/5dd011c8ccfc5cd7e4c81e42252aab38?s=96&d=mm&r=g","caption":"Redacci\u00f3n"},"url":"https:\/\/nitu.mx\/index.php\/author\/redaccion\/"}]}},"views":360,"_links":{"self":[{"href":"https:\/\/nitu.mx\/index.php\/wp-json\/wp\/v2\/posts\/85754"}],"collection":[{"href":"https:\/\/nitu.mx\/index.php\/wp-json\/wp\/v2\/posts"}],"about":[{"href":"https:\/\/nitu.mx\/index.php\/wp-json\/wp\/v2\/types\/post"}],"author":[{"embeddable":true,"href":"https:\/\/nitu.mx\/index.php\/wp-json\/wp\/v2\/users\/17"}],"replies":[{"embeddable":true,"href":"https:\/\/nitu.mx\/index.php\/wp-json\/wp\/v2\/comments?post=85754"}],"version-history":[{"count":4,"href":"https:\/\/nitu.mx\/index.php\/wp-json\/wp\/v2\/posts\/85754\/revisions"}],"predecessor-version":[{"id":85770,"href":"https:\/\/nitu.mx\/index.php\/wp-json\/wp\/v2\/posts\/85754\/revisions\/85770"}],"wp:featuredmedia":[{"embeddable":true,"href":"https:\/\/nitu.mx\/index.php\/wp-json\/wp\/v2\/media\/85769"}],"wp:attachment":[{"href":"https:\/\/nitu.mx\/index.php\/wp-json\/wp\/v2\/media?parent=85754"}],"wp:term":[{"taxonomy":"category","embeddable":true,"href":"https:\/\/nitu.mx\/index.php\/wp-json\/wp\/v2\/categories?post=85754"},{"taxonomy":"post_tag","embeddable":true,"href":"https:\/\/nitu.mx\/index.php\/wp-json\/wp\/v2\/tags?post=85754"}],"curies":[{"name":"wp","href":"https:\/\/api.w.org\/{rel}","templated":true}]}}