{"id":85743,"date":"2026-01-21T21:24:49","date_gmt":"2026-01-22T03:24:49","guid":{"rendered":"https:\/\/nitu.mx\/?p=85743"},"modified":"2026-01-21T21:24:50","modified_gmt":"2026-01-22T03:24:50","slug":"liman-asperesas-quintana-roo-e-inverotel-luego-de-debate-por-visitax","status":"publish","type":"post","link":"https:\/\/nitu.mx\/index.php\/2026\/01\/21\/liman-asperesas-quintana-roo-e-inverotel-luego-de-debate-por-visitax\/","title":{"rendered":"Liman asperesas Quintana Roo e Inverotel luego de debate por Visitax"},"content":{"rendered":"\n<p>Tras una historia reciente marcada por momentos r\u00edspidos en la negociaci\u00f3n sobre el cobro y la aplicaci\u00f3n del <strong>Visitax<\/strong> en Quintana Roo, la relaci\u00f3n ha dado un giro positivo. Los empresarios hoteleros espa\u00f1oles miembros de <strong>INVEROTEL<\/strong> se reunieron con la delegaci\u00f3n quintanarroense en el marco de la Feria Internacional de Turismo (<strong>FITUR<\/strong>) en Madrid, donde dialogaron sobre nuevas estrategias de promoci\u00f3n conjunta de cara a los pr\u00f3ximos meses.<\/p>\n\n\n\n<p>Durante el encuentro, la gobernadora <strong>Mara Lezama<\/strong> reconoci\u00f3 el peso fundamental de la inversi\u00f3n espa\u00f1ola en el desarrollo del Caribe Mexicano, destacando que <strong>una de cada tres habitaciones<\/strong> \u2014de las cerca de 140 mil existentes en el estado\u2014 es propiedad de este grupo empresarial.&#8221;<\/p>\n\n\n\n<p>Encabezados por la CEO de Grupo Pi\u00f1ero y presidenta de INVEROTEL, Encarna Pi\u00f1ero Garc\u00eda, se revisaron las perspectivas de crecimiento y los retos de la infraestructura hotelera desde el enfoque de Grupo Inverotel, con el fin de promover a M\u00e9xico y Quintana Roo como destinos internacionales estrat\u00e9gicos.<\/p>\n\n\n\n<p>Durante esta reuni\u00f3n de trabajo, se analizaron avances mediante la presentaci\u00f3n de proyectos de desarrollo actuales, futuras pol\u00edticas tur\u00edsticas e indicadores de competitividad de los 12 destinos de Quintana Roo, que fortalezcan su posicionamiento en el mercado global.<\/p>\n\n\n\n<p>Entre los temas medulares del encuentro, la gobernadora Mara Lezama expuso los alcances de la nueva campa\u00f1a \u201cCaribe Mexicano. La Capital Mundial de las Vacaciones\u201d, que ofrece una amplia variedad de productos tur\u00edsticos e incorpora el turismo comunitario rural, con historia, cultura y experiencias vivas del pueblo maya.<\/p>\n\n\n\n<p>Asimismo, las oportunidades que representa el Mundial de F\u00fatbol 2026 como palanca de desarrollo inmediato, considerando que Canc\u00fan, aeropuertos y puertos quintanarroenses tienen amplia interconexi\u00f3n con el mundo y las sedes de los encuentros futbol\u00edsticos. Canc\u00fan tiene dos hoteles acreditados como Base Camps; se tendr\u00e1n Fan Zone, espacios para que aficionados y la poblaci\u00f3n disfruten de manera gratuita la proyecci\u00f3n de los partidos del Mundial.<\/p>\n\n\n\n<p>Adem\u00e1s, existen acuerdos con touroperadores internacionales para comercializar paquetes tur\u00edsticos que incluyan avi\u00f3n, hospedaje, boletos del Mundial y traslado a la sede de los partidos, gracias a la conectividad que tiene Quintana Roo. El Aeropuerto Internacional de Canc\u00fan se ha sumado a la estrategia federal de seguridad y se ha lanzado una campa\u00f1a de promoci\u00f3n espec\u00edfica para invitar a los millones de aficionados al Mundial a vivirlo desde el Caribe Mexicano y posicionarnos como puerta de entrada a la contienda futbol\u00edstica.<\/p>\n\n\n\n<p>Por Quintana Roo, acompa\u00f1aron a la gobernadora Mara Lezama el secretario estatal de Turismo, Bernardo Cueto Riestra; el director del CPTQ, Andr\u00e9s Mart\u00ednez Reynoso; el subsecretario de Gesti\u00f3n Tur\u00edstica, Andr\u00e9s Aguilar.<\/p>\n\n\n\n<p>Entre los participantes estuvieron Antonio Hern\u00e1ndez, de H10; Sabina Flux\u00e1, vicepresidenta y CEO de Iberostar; Gabriel Escarrer Jaume y Andr\u00e9 Gerondeau, de Meli\u00e1; Joan Trian Riu, de RIU II SA; Charles Poy, CEO de Princess Hotel AIE; Abel Matutes, presidente, y Jes\u00fas Sobrino, CEO, ambos de Palladium; Antonio Montaner, CEO de Excellence Resorts BV; Santiago Batle, de Grupo Tyche; Salvador y Javier Luque, de CTCottingley-Fuerte Group; F\u00e9lix Navas, de Catalonia; Antonio Horrach, CEO de HM; Alejandro Bataller, CEO de SHA Wellness; Marcos Mari, de INSOTEL; Toni Chaves, gerente de INVEROTEL, y Jos\u00e9 A. Fern\u00e1ndez de Alarc\u00f3n, secretario y jur\u00eddico de INVEROTEL.<\/p>\n","protected":false},"excerpt":{"rendered":"<p>Tras una historia reciente marcada por momentos r\u00edspidos en la negociaci\u00f3n sobre el cobro y la aplicaci\u00f3n del Visitax en Quintana Roo, la relaci\u00f3n ha dado un giro positivo. Los empresarios hoteleros espa\u00f1oles miembros de INVEROTEL se reunieron con la delegaci\u00f3n quintanarroense en el marco de la Feria Internacional de Turismo (FITUR) en Madrid, donde [&hellip;]<\/p>\n","protected":false},"author":17,"featured_media":85746,"comment_status":"closed","ping_status":"closed","sticky":false,"template":"","format":"standard","meta":{"footnotes":""},"categories":[24423],"tags":[18221,2731,14028],"yoast_head":"<!-- This site is optimized with the Yoast SEO plugin v22.2 - https:\/\/yoast.com\/wordpress\/plugins\/seo\/ -->\n<title>Liman asperesas Quintana Roo e Inverotel luego de debate por Visitax - Nitu - Noticias de la Industria Turistica<\/title>\n<meta name=\"robots\" content=\"index, follow, max-snippet:-1, max-image-preview:large, max-video-preview:-1\" \/>\n<link rel=\"canonical\" href=\"https:\/\/nitu.mx\/index.php\/2026\/01\/21\/liman-asperesas-quintana-roo-e-inverotel-luego-de-debate-por-visitax\/\" \/>\n<meta name=\"twitter:card\" content=\"summary_large_image\" \/>\n<meta name=\"twitter:title\" content=\"Liman asperesas Quintana Roo e Inverotel luego de debate por Visitax - Nitu - Noticias de la Industria Turistica\" \/>\n<meta name=\"twitter:description\" content=\"Tras una historia reciente marcada por momentos r\u00edspidos en la negociaci\u00f3n sobre el cobro y la aplicaci\u00f3n del Visitax en Quintana Roo, la relaci\u00f3n ha dado un giro positivo. Los empresarios hoteleros espa\u00f1oles miembros de INVEROTEL se reunieron con la delegaci\u00f3n quintanarroense en el marco de la Feria Internacional de Turismo (FITUR) en Madrid, donde [&hellip;]\" \/>\n<meta name=\"twitter:image\" content=\"https:\/\/nitu.mx\/wp-content\/uploads\/2026\/01\/WhatsApp-Image-2026-01-21-at-18.22.21.jpeg\" \/>\n<meta name=\"twitter:creator\" content=\"@NITUmx\" \/>\n<meta name=\"twitter:site\" content=\"@Arturo_Medina_G\" \/>\n<meta name=\"twitter:label1\" content=\"Escrito por\" \/>\n\t<meta name=\"twitter:data1\" content=\"Redacci\u00f3n\" \/>\n\t<meta name=\"twitter:label2\" content=\"Tiempo de lectura\" \/>\n\t<meta name=\"twitter:data2\" content=\"3 minutos\" \/>\n<script type=\"application\/ld+json\" class=\"yoast-schema-graph\">{\"@context\":\"https:\/\/schema.org\",\"@graph\":[{\"@type\":\"Article\",\"@id\":\"https:\/\/nitu.mx\/index.php\/2026\/01\/21\/liman-asperesas-quintana-roo-e-inverotel-luego-de-debate-por-visitax\/#article\",\"isPartOf\":{\"@id\":\"https:\/\/nitu.mx\/index.php\/2026\/01\/21\/liman-asperesas-quintana-roo-e-inverotel-luego-de-debate-por-visitax\/\"},\"author\":{\"name\":\"Redacci\u00f3n\",\"@id\":\"https:\/\/nitu.mx\/#\/schema\/person\/4a28fe9bd65924f7c90623773daf1b0b\"},\"headline\":\"Liman asperesas Quintana Roo e Inverotel luego de debate por Visitax\",\"datePublished\":\"2026-01-22T03:24:49+00:00\",\"dateModified\":\"2026-01-22T03:24:50+00:00\",\"mainEntityOfPage\":{\"@id\":\"https:\/\/nitu.mx\/index.php\/2026\/01\/21\/liman-asperesas-quintana-roo-e-inverotel-luego-de-debate-por-visitax\/\"},\"wordCount\":580,\"publisher\":{\"@id\":\"https:\/\/nitu.mx\/#\/schema\/person\/ae7a53426417292d3dd07b45a33e01bc\"},\"image\":{\"@id\":\"https:\/\/nitu.mx\/index.php\/2026\/01\/21\/liman-asperesas-quintana-roo-e-inverotel-luego-de-debate-por-visitax\/#primaryimage\"},\"thumbnailUrl\":\"https:\/\/nitu.mx\/wp-content\/uploads\/2026\/01\/WhatsApp-Image-2026-01-21-at-18.22.21.jpeg\",\"keywords\":[\"Encarna Pi\u00f1ero\",\"Feria Internacional de Turismo (Fitur)\",\"Mara Lezama\"],\"articleSection\":[\"FITUR\"],\"inLanguage\":\"es-MX\"},{\"@type\":\"WebPage\",\"@id\":\"https:\/\/nitu.mx\/index.php\/2026\/01\/21\/liman-asperesas-quintana-roo-e-inverotel-luego-de-debate-por-visitax\/\",\"url\":\"https:\/\/nitu.mx\/index.php\/2026\/01\/21\/liman-asperesas-quintana-roo-e-inverotel-luego-de-debate-por-visitax\/\",\"name\":\"Liman asperesas Quintana Roo e Inverotel luego de debate por Visitax - Nitu - Noticias de la Industria Turistica\",\"isPartOf\":{\"@id\":\"https:\/\/nitu.mx\/#website\"},\"primaryImageOfPage\":{\"@id\":\"https:\/\/nitu.mx\/index.php\/2026\/01\/21\/liman-asperesas-quintana-roo-e-inverotel-luego-de-debate-por-visitax\/#primaryimage\"},\"image\":{\"@id\":\"https:\/\/nitu.mx\/index.php\/2026\/01\/21\/liman-asperesas-quintana-roo-e-inverotel-luego-de-debate-por-visitax\/#primaryimage\"},\"thumbnailUrl\":\"https:\/\/nitu.mx\/wp-content\/uploads\/2026\/01\/WhatsApp-Image-2026-01-21-at-18.22.21.jpeg\",\"datePublished\":\"2026-01-22T03:24:49+00:00\",\"dateModified\":\"2026-01-22T03:24:50+00:00\",\"breadcrumb\":{\"@id\":\"https:\/\/nitu.mx\/index.php\/2026\/01\/21\/liman-asperesas-quintana-roo-e-inverotel-luego-de-debate-por-visitax\/#breadcrumb\"},\"inLanguage\":\"es-MX\",\"potentialAction\":[{\"@type\":\"ReadAction\",\"target\":[\"https:\/\/nitu.mx\/index.php\/2026\/01\/21\/liman-asperesas-quintana-roo-e-inverotel-luego-de-debate-por-visitax\/\"]}]},{\"@type\":\"ImageObject\",\"inLanguage\":\"es-MX\",\"@id\":\"https:\/\/nitu.mx\/index.php\/2026\/01\/21\/liman-asperesas-quintana-roo-e-inverotel-luego-de-debate-por-visitax\/#primaryimage\",\"url\":\"https:\/\/nitu.mx\/wp-content\/uploads\/2026\/01\/WhatsApp-Image-2026-01-21-at-18.22.21.jpeg\",\"contentUrl\":\"https:\/\/nitu.mx\/wp-content\/uploads\/2026\/01\/WhatsApp-Image-2026-01-21-at-18.22.21.jpeg\",\"width\":1280,\"height\":854},{\"@type\":\"BreadcrumbList\",\"@id\":\"https:\/\/nitu.mx\/index.php\/2026\/01\/21\/liman-asperesas-quintana-roo-e-inverotel-luego-de-debate-por-visitax\/#breadcrumb\",\"itemListElement\":[{\"@type\":\"ListItem\",\"position\":1,\"name\":\"Inicio\",\"item\":\"https:\/\/nitu.mx\/\"},{\"@type\":\"ListItem\",\"position\":2,\"name\":\"Liman asperesas Quintana Roo e Inverotel luego de debate por Visitax\"}]},{\"@type\":\"WebSite\",\"@id\":\"https:\/\/nitu.mx\/#website\",\"url\":\"https:\/\/nitu.mx\/\",\"name\":\"Nitu - Noticias de la Industria Turistica\",\"description\":\"Noticias de la Industria Turistica\",\"publisher\":{\"@id\":\"https:\/\/nitu.mx\/#\/schema\/person\/ae7a53426417292d3dd07b45a33e01bc\"},\"alternateName\":\"Noticias de la Industria Turistica\",\"potentialAction\":[{\"@type\":\"SearchAction\",\"target\":{\"@type\":\"EntryPoint\",\"urlTemplate\":\"https:\/\/nitu.mx\/?s={search_term_string}\"},\"query-input\":\"required name=search_term_string\"}],\"inLanguage\":\"es-MX\"},{\"@type\":[\"Person\",\"Organization\"],\"@id\":\"https:\/\/nitu.mx\/#\/schema\/person\/ae7a53426417292d3dd07b45a33e01bc\",\"name\":\"Arturo Medina\",\"image\":{\"@type\":\"ImageObject\",\"inLanguage\":\"es-MX\",\"@id\":\"https:\/\/nitu.mx\/#\/schema\/person\/image\/\",\"url\":\"https:\/\/nitu.mx\/wp-content\/uploads\/2024\/04\/4A315622-1904-4D5C-B022-878CDC840E04-90x90-1.jpeg\",\"contentUrl\":\"https:\/\/nitu.mx\/wp-content\/uploads\/2024\/04\/4A315622-1904-4D5C-B022-878CDC840E04-90x90-1.jpeg\",\"width\":90,\"height\":90,\"caption\":\"Arturo Medina\"},\"logo\":{\"@id\":\"https:\/\/nitu.mx\/#\/schema\/person\/image\/\"},\"description\":\"Director NITU.mx, Egresado de la Escuela de Periodismo Carlos Septi\u00e9n Garc\u00eda. Periodista y analista especializado en turismo desde hace 35 a\u00f1os, radicado en Canc\u00fan Q.Roo. arturo@nitu.mx\",\"sameAs\":[\"https:\/\/nitu.mx\",\"https:\/\/www.facebook.com\/NITUmx\/\",\"medinacancun\",\"https:\/\/twitter.com\/@Arturo_Medina_G\"]},{\"@type\":\"Person\",\"@id\":\"https:\/\/nitu.mx\/#\/schema\/person\/4a28fe9bd65924f7c90623773daf1b0b\",\"name\":\"Redacci\u00f3n\",\"image\":{\"@type\":\"ImageObject\",\"inLanguage\":\"es-MX\",\"@id\":\"https:\/\/nitu.mx\/#\/schema\/person\/image\/\",\"url\":\"https:\/\/secure.gravatar.com\/avatar\/5dd011c8ccfc5cd7e4c81e42252aab38?s=96&d=mm&r=g\",\"contentUrl\":\"https:\/\/secure.gravatar.com\/avatar\/5dd011c8ccfc5cd7e4c81e42252aab38?s=96&d=mm&r=g\",\"caption\":\"Redacci\u00f3n\"},\"url\":\"https:\/\/nitu.mx\/index.php\/author\/redaccion\/\"}]}<\/script>\n<!-- \/ Yoast SEO plugin. -->","yoast_head_json":{"title":"Liman asperesas Quintana Roo e Inverotel luego de debate por Visitax - Nitu - Noticias de la Industria Turistica","robots":{"index":"index","follow":"follow","max-snippet":"max-snippet:-1","max-image-preview":"max-image-preview:large","max-video-preview":"max-video-preview:-1"},"canonical":"https:\/\/nitu.mx\/index.php\/2026\/01\/21\/liman-asperesas-quintana-roo-e-inverotel-luego-de-debate-por-visitax\/","twitter_card":"summary_large_image","twitter_title":"Liman asperesas Quintana Roo e Inverotel luego de debate por Visitax - Nitu - Noticias de la Industria Turistica","twitter_description":"Tras una historia reciente marcada por momentos r\u00edspidos en la negociaci\u00f3n sobre el cobro y la aplicaci\u00f3n del Visitax en Quintana Roo, la relaci\u00f3n ha dado un giro positivo. Los empresarios hoteleros espa\u00f1oles miembros de INVEROTEL se reunieron con la delegaci\u00f3n quintanarroense en el marco de la Feria Internacional de Turismo (FITUR) en Madrid, donde [&hellip;]","twitter_image":"https:\/\/nitu.mx\/wp-content\/uploads\/2026\/01\/WhatsApp-Image-2026-01-21-at-18.22.21.jpeg","twitter_creator":"@NITUmx","twitter_site":"@Arturo_Medina_G","twitter_misc":{"Escrito por":"Redacci\u00f3n","Tiempo de lectura":"3 minutos"},"schema":{"@context":"https:\/\/schema.org","@graph":[{"@type":"Article","@id":"https:\/\/nitu.mx\/index.php\/2026\/01\/21\/liman-asperesas-quintana-roo-e-inverotel-luego-de-debate-por-visitax\/#article","isPartOf":{"@id":"https:\/\/nitu.mx\/index.php\/2026\/01\/21\/liman-asperesas-quintana-roo-e-inverotel-luego-de-debate-por-visitax\/"},"author":{"name":"Redacci\u00f3n","@id":"https:\/\/nitu.mx\/#\/schema\/person\/4a28fe9bd65924f7c90623773daf1b0b"},"headline":"Liman asperesas Quintana Roo e Inverotel luego de debate por Visitax","datePublished":"2026-01-22T03:24:49+00:00","dateModified":"2026-01-22T03:24:50+00:00","mainEntityOfPage":{"@id":"https:\/\/nitu.mx\/index.php\/2026\/01\/21\/liman-asperesas-quintana-roo-e-inverotel-luego-de-debate-por-visitax\/"},"wordCount":580,"publisher":{"@id":"https:\/\/nitu.mx\/#\/schema\/person\/ae7a53426417292d3dd07b45a33e01bc"},"image":{"@id":"https:\/\/nitu.mx\/index.php\/2026\/01\/21\/liman-asperesas-quintana-roo-e-inverotel-luego-de-debate-por-visitax\/#primaryimage"},"thumbnailUrl":"https:\/\/nitu.mx\/wp-content\/uploads\/2026\/01\/WhatsApp-Image-2026-01-21-at-18.22.21.jpeg","keywords":["Encarna Pi\u00f1ero","Feria Internacional de Turismo (Fitur)","Mara Lezama"],"articleSection":["FITUR"],"inLanguage":"es-MX"},{"@type":"WebPage","@id":"https:\/\/nitu.mx\/index.php\/2026\/01\/21\/liman-asperesas-quintana-roo-e-inverotel-luego-de-debate-por-visitax\/","url":"https:\/\/nitu.mx\/index.php\/2026\/01\/21\/liman-asperesas-quintana-roo-e-inverotel-luego-de-debate-por-visitax\/","name":"Liman asperesas Quintana Roo e Inverotel luego de debate por Visitax - Nitu - Noticias de la Industria Turistica","isPartOf":{"@id":"https:\/\/nitu.mx\/#website"},"primaryImageOfPage":{"@id":"https:\/\/nitu.mx\/index.php\/2026\/01\/21\/liman-asperesas-quintana-roo-e-inverotel-luego-de-debate-por-visitax\/#primaryimage"},"image":{"@id":"https:\/\/nitu.mx\/index.php\/2026\/01\/21\/liman-asperesas-quintana-roo-e-inverotel-luego-de-debate-por-visitax\/#primaryimage"},"thumbnailUrl":"https:\/\/nitu.mx\/wp-content\/uploads\/2026\/01\/WhatsApp-Image-2026-01-21-at-18.22.21.jpeg","datePublished":"2026-01-22T03:24:49+00:00","dateModified":"2026-01-22T03:24:50+00:00","breadcrumb":{"@id":"https:\/\/nitu.mx\/index.php\/2026\/01\/21\/liman-asperesas-quintana-roo-e-inverotel-luego-de-debate-por-visitax\/#breadcrumb"},"inLanguage":"es-MX","potentialAction":[{"@type":"ReadAction","target":["https:\/\/nitu.mx\/index.php\/2026\/01\/21\/liman-asperesas-quintana-roo-e-inverotel-luego-de-debate-por-visitax\/"]}]},{"@type":"ImageObject","inLanguage":"es-MX","@id":"https:\/\/nitu.mx\/index.php\/2026\/01\/21\/liman-asperesas-quintana-roo-e-inverotel-luego-de-debate-por-visitax\/#primaryimage","url":"https:\/\/nitu.mx\/wp-content\/uploads\/2026\/01\/WhatsApp-Image-2026-01-21-at-18.22.21.jpeg","contentUrl":"https:\/\/nitu.mx\/wp-content\/uploads\/2026\/01\/WhatsApp-Image-2026-01-21-at-18.22.21.jpeg","width":1280,"height":854},{"@type":"BreadcrumbList","@id":"https:\/\/nitu.mx\/index.php\/2026\/01\/21\/liman-asperesas-quintana-roo-e-inverotel-luego-de-debate-por-visitax\/#breadcrumb","itemListElement":[{"@type":"ListItem","position":1,"name":"Inicio","item":"https:\/\/nitu.mx\/"},{"@type":"ListItem","position":2,"name":"Liman asperesas Quintana Roo e Inverotel luego de debate por Visitax"}]},{"@type":"WebSite","@id":"https:\/\/nitu.mx\/#website","url":"https:\/\/nitu.mx\/","name":"Nitu - Noticias de la Industria Turistica","description":"Noticias de la Industria Turistica","publisher":{"@id":"https:\/\/nitu.mx\/#\/schema\/person\/ae7a53426417292d3dd07b45a33e01bc"},"alternateName":"Noticias de la Industria Turistica","potentialAction":[{"@type":"SearchAction","target":{"@type":"EntryPoint","urlTemplate":"https:\/\/nitu.mx\/?s={search_term_string}"},"query-input":"required name=search_term_string"}],"inLanguage":"es-MX"},{"@type":["Person","Organization"],"@id":"https:\/\/nitu.mx\/#\/schema\/person\/ae7a53426417292d3dd07b45a33e01bc","name":"Arturo Medina","image":{"@type":"ImageObject","inLanguage":"es-MX","@id":"https:\/\/nitu.mx\/#\/schema\/person\/image\/","url":"https:\/\/nitu.mx\/wp-content\/uploads\/2024\/04\/4A315622-1904-4D5C-B022-878CDC840E04-90x90-1.jpeg","contentUrl":"https:\/\/nitu.mx\/wp-content\/uploads\/2024\/04\/4A315622-1904-4D5C-B022-878CDC840E04-90x90-1.jpeg","width":90,"height":90,"caption":"Arturo Medina"},"logo":{"@id":"https:\/\/nitu.mx\/#\/schema\/person\/image\/"},"description":"Director NITU.mx, Egresado de la Escuela de Periodismo Carlos Septi\u00e9n Garc\u00eda. Periodista y analista especializado en turismo desde hace 35 a\u00f1os, radicado en Canc\u00fan Q.Roo. arturo@nitu.mx","sameAs":["https:\/\/nitu.mx","https:\/\/www.facebook.com\/NITUmx\/","medinacancun","https:\/\/twitter.com\/@Arturo_Medina_G"]},{"@type":"Person","@id":"https:\/\/nitu.mx\/#\/schema\/person\/4a28fe9bd65924f7c90623773daf1b0b","name":"Redacci\u00f3n","image":{"@type":"ImageObject","inLanguage":"es-MX","@id":"https:\/\/nitu.mx\/#\/schema\/person\/image\/","url":"https:\/\/secure.gravatar.com\/avatar\/5dd011c8ccfc5cd7e4c81e42252aab38?s=96&d=mm&r=g","contentUrl":"https:\/\/secure.gravatar.com\/avatar\/5dd011c8ccfc5cd7e4c81e42252aab38?s=96&d=mm&r=g","caption":"Redacci\u00f3n"},"url":"https:\/\/nitu.mx\/index.php\/author\/redaccion\/"}]}},"views":299,"_links":{"self":[{"href":"https:\/\/nitu.mx\/index.php\/wp-json\/wp\/v2\/posts\/85743"}],"collection":[{"href":"https:\/\/nitu.mx\/index.php\/wp-json\/wp\/v2\/posts"}],"about":[{"href":"https:\/\/nitu.mx\/index.php\/wp-json\/wp\/v2\/types\/post"}],"author":[{"embeddable":true,"href":"https:\/\/nitu.mx\/index.php\/wp-json\/wp\/v2\/users\/17"}],"replies":[{"embeddable":true,"href":"https:\/\/nitu.mx\/index.php\/wp-json\/wp\/v2\/comments?post=85743"}],"version-history":[{"count":2,"href":"https:\/\/nitu.mx\/index.php\/wp-json\/wp\/v2\/posts\/85743\/revisions"}],"predecessor-version":[{"id":85747,"href":"https:\/\/nitu.mx\/index.php\/wp-json\/wp\/v2\/posts\/85743\/revisions\/85747"}],"wp:featuredmedia":[{"embeddable":true,"href":"https:\/\/nitu.mx\/index.php\/wp-json\/wp\/v2\/media\/85746"}],"wp:attachment":[{"href":"https:\/\/nitu.mx\/index.php\/wp-json\/wp\/v2\/media?parent=85743"}],"wp:term":[{"taxonomy":"category","embeddable":true,"href":"https:\/\/nitu.mx\/index.php\/wp-json\/wp\/v2\/categories?post=85743"},{"taxonomy":"post_tag","embeddable":true,"href":"https:\/\/nitu.mx\/index.php\/wp-json\/wp\/v2\/tags?post=85743"}],"curies":[{"name":"wp","href":"https:\/\/api.w.org\/{rel}","templated":true}]}}