{"id":85729,"date":"2026-01-20T22:42:24","date_gmt":"2026-01-21T04:42:24","guid":{"rendered":"https:\/\/nitu.mx\/?p=85729"},"modified":"2026-01-20T22:42:25","modified_gmt":"2026-01-21T04:42:25","slug":"gobernadora-de-qroo-tiene-reunion-de-alto-nivel-con-lideresas-de-onu-turismo-y-el-wttc","status":"publish","type":"post","link":"https:\/\/nitu.mx\/index.php\/2026\/01\/20\/gobernadora-de-qroo-tiene-reunion-de-alto-nivel-con-lideresas-de-onu-turismo-y-el-wttc\/","title":{"rendered":"Gobernadora de QRoo tiene reuni\u00f3n de alto nivel con lideresas de ONU Turismo y el WTTC"},"content":{"rendered":"\n<p>La gobernadora de Quintana Roo, Mara Lezama Espinosa, particip\u00f3, en el marco de la FITUR 2026, en la mesa redonda ejecutiva del Consejo Mundial de Viajes y Turismo (WTTC), organismo del sector privado que representa a la industria tur\u00edstica global, con la presencia de ministros de turismo, l\u00edderes y CEOs m\u00e1s importantes del mundo, que marcan el rumbo del turismo mundial.<\/p>\n\n\n\n<p>Mara Lezama expuso, ante la secretaria general de la ONU Turismo, Shaikha Al Nowais, primera mujer en ocupar el cargo, y con Gloria Guevara, directora del WTTC, lo que desde el gobierno del estado se aplica en materia tur\u00edstica para hacer del Caribe Mexicano la Capital Mundial de las Vacaciones, pero tambi\u00e9n que el \u00e9xito tur\u00edstico se refleje en prosperidad compartida para mujeres y hombres trabajadores de la industria.<\/p>\n\n\n\n<p>La gobernadora de Quintana Roo invit\u00f3 a todas y todos estos hombres y mujeres de negocios a invertir en la entidad. \u201cInviertan en Quintana Roo, donde encontrar\u00e1n un gobierno que los reconoce como la parte fundamental del \u00e9xito y de la prosperidad compartida. Tenemos todas las condiciones para ayudarles y ser un gobierno facilitador y colaborativo con ustedes\u201d, dijo.<\/p>\n\n\n\n<p>Lezama Espinosa posicion\u00f3 las prioridades del estado y las acciones que consolidan su competitividad global, al destacar el papel fundamental de la actividad tur\u00edstica para que el \u00e9xito se transforme en bienestar, desde la transparencia en el manejo de los recursos del pueblo, hasta la corresponsabilidad para la conectividad, sustentabilidad, certeza jur\u00eddica, seguridad y las enormes facilidades para la inversi\u00f3n.<\/p>\n\n\n\n<p>\u201cEn una corresponsabilidad extraordinaria con las y los empresarios; ah\u00ed tenemos fideicomisos de salud, de bienestar, de seguridad, de cruceristas, y est\u00e1n sentados en la mesa en la toma de decisiones del gobierno, y saben exactamente en d\u00f3nde se va el dinero del pueblo y que le pertenece al pueblo\u201d, explic\u00f3 la titular del Ejecutivo.<\/p>\n\n\n\n<p>Ante los l\u00edderes mundiales, Mara Lezama destac\u00f3 la democratizaci\u00f3n del turismo, con la asistencia y participaci\u00f3n en la FITUR de comunidades ind\u00edgenas mayas, seis cooperativas de 17 que tiene Maya Ka\u2019an, con certificaci\u00f3n de la UNESCO, que ofrecen al mundo turismo rural y comunitario, con experiencias extraordinarias para el visitante y con prosperidad que genera bienestar para los pueblos mayas.<\/p>\n\n\n\n<p>En la mesa ejecutiva del WTTC se foment\u00f3 un di\u00e1logo profundo entre l\u00edderes globales de los sectores p\u00fablico y privado para maximizar el impacto econ\u00f3mico y social del turismo, mediante un intercambio interactivo de soluciones colaborativas ante los desaf\u00edos actuales del sector.  (<a href=\"https:\/\/nitu.mx\/index.php\/2026\/01\/19\/caribe-mexicano-la-capital-mundial-de-las-vacaciones-nueva-campana-turistica-es-lanzada-en-madrid\/\">\u201cCaribe Mexicano, la capital mundial de las vacaciones\u201d, nueva campa\u00f1a tur\u00edstica es lanzada en Madrid<\/a>).<\/p>\n\n\n<div class=\"wp-block-image\">\n<figure class=\"aligncenter size-large is-resized\"><img decoding=\"async\" loading=\"lazy\" width=\"1024\" height=\"576\" src=\"https:\/\/nitu.mx\/wp-content\/uploads\/2026\/01\/WTTC-Reunion-FITUR-2026-1024x576.jpg\" alt=\"\" class=\"wp-image-85735\" style=\"aspect-ratio:1.7777777777777777;width:716px;height:auto\" srcset=\"https:\/\/nitu.mx\/wp-content\/uploads\/2026\/01\/WTTC-Reunion-FITUR-2026-1024x576.jpg 1024w, https:\/\/nitu.mx\/wp-content\/uploads\/2026\/01\/WTTC-Reunion-FITUR-2026-300x168.jpg 300w, https:\/\/nitu.mx\/wp-content\/uploads\/2026\/01\/WTTC-Reunion-FITUR-2026-768x432.jpg 768w, https:\/\/nitu.mx\/wp-content\/uploads\/2026\/01\/WTTC-Reunion-FITUR-2026-990x557.jpg 990w, https:\/\/nitu.mx\/wp-content\/uploads\/2026\/01\/WTTC-Reunion-FITUR-2026-470x264.jpg 470w, https:\/\/nitu.mx\/wp-content\/uploads\/2026\/01\/WTTC-Reunion-FITUR-2026-640x360.jpg 640w, https:\/\/nitu.mx\/wp-content\/uploads\/2026\/01\/WTTC-Reunion-FITUR-2026-215x120.jpg 215w, https:\/\/nitu.mx\/wp-content\/uploads\/2026\/01\/WTTC-Reunion-FITUR-2026-414x232.jpg 414w, https:\/\/nitu.mx\/wp-content\/uploads\/2026\/01\/WTTC-Reunion-FITUR-2026.jpg 1200w\" sizes=\"(max-width: 1024px) 100vw, 1024px\" \/><\/figure><\/div>\n\n\n<p>Los l\u00edderes mundiales que escucharon a Mara Lezama y estuvieron en la mesa ejecutiva son Desir\u00e9e Bollier, Chair and Global Chief Merchant The Bicester Collection; Hon. Takeshi Nakano, Vice Commissioner Japan Tourism Agency; Pansy Ho, Group Executive Chairman and Managing; Gabriele Burgio, President &amp; CEO Alpitour World; Gloria Fluxa, Vice Chairman &amp; CEO Iberostar; Hon. William Rodr\u00edguez L\u00f3pez, Minister of Tourism \u2013 Instituto Costarricense de Turismo.<\/p>\n\n\n\n<p>Harris Whitbeck, Ministro de Turismo de Guatemala; Jaume Puig Ribera, GVC Gaesco Gesti\u00f3n; Martin Zanone, Managing Director EUROTUR; Jorge Paoli, CEO Grupo Diestra; Pansy Ho, Group Executive Chairman; Frank R. Rainieri, Founder and Chairman of the Board, Grupo Puntacana; Juan Vela, Vice Chairman de Grupo Velas.<\/p>\n\n\n\n<p>Dillip Rajakarier, CEO Minor Hotel Group; Hamza Farooqui, CEO Millat Group; Ayhan Bektas, Chairman Coral Travel Group; Antonio Cos\u00edo, Presidente CNET; Jos\u00e9 Carlos Azc\u00e1rraga, CEO de Grupo Posadas; Hon. Mateo Juli\u00e1n Estrella Dur\u00e1n, Viceministerio de Turismo de Ecuador; Hon. Teresa Mera G\u00f3mez, Minister of Foreign Trade and Tourism Per\u00fa; Jos\u00e9 Chapur, Honorary President and Founder The Palace Company.<\/p>\n","protected":false},"excerpt":{"rendered":"<p>La gobernadora de Quintana Roo, Mara Lezama Espinosa, particip\u00f3, en el marco de la FITUR 2026, en la mesa redonda ejecutiva del Consejo Mundial de Viajes y Turismo (WTTC), organismo del sector privado que representa a la industria tur\u00edstica global, con la presencia de ministros de turismo, l\u00edderes y CEOs m\u00e1s importantes del mundo, que [&hellip;]<\/p>\n","protected":false},"author":17,"featured_media":85734,"comment_status":"closed","ping_status":"closed","sticky":false,"template":"","format":"standard","meta":{"footnotes":""},"categories":[18475,24423],"tags":[1494,14028,24717,260,27944,4931],"yoast_head":"<!-- This site is optimized with the Yoast SEO plugin v22.2 - https:\/\/yoast.com\/wordpress\/plugins\/seo\/ -->\n<title>Gobernadora de QRoo tiene reuni\u00f3n de alto nivel con lideresas de ONU Turismo y el WTTC - Nitu - Noticias de la Industria Turistica<\/title>\n<meta name=\"robots\" content=\"index, follow, max-snippet:-1, max-image-preview:large, max-video-preview:-1\" \/>\n<link rel=\"canonical\" href=\"https:\/\/nitu.mx\/index.php\/2026\/01\/20\/gobernadora-de-qroo-tiene-reunion-de-alto-nivel-con-lideresas-de-onu-turismo-y-el-wttc\/\" \/>\n<meta name=\"twitter:card\" content=\"summary_large_image\" \/>\n<meta name=\"twitter:title\" content=\"Gobernadora de QRoo tiene reuni\u00f3n de alto nivel con lideresas de ONU Turismo y el WTTC - Nitu - Noticias de la Industria Turistica\" \/>\n<meta name=\"twitter:description\" content=\"La gobernadora de Quintana Roo, Mara Lezama Espinosa, particip\u00f3, en el marco de la FITUR 2026, en la mesa redonda ejecutiva del Consejo Mundial de Viajes y Turismo (WTTC), organismo del sector privado que representa a la industria tur\u00edstica global, con la presencia de ministros de turismo, l\u00edderes y CEOs m\u00e1s importantes del mundo, que [&hellip;]\" \/>\n<meta name=\"twitter:image\" content=\"https:\/\/nitu.mx\/wp-content\/uploads\/2026\/01\/Shaikha-Al-Nowais-Mara-Lezama-Gloria-Guevara.jpg\" \/>\n<meta name=\"twitter:creator\" content=\"@NITUmx\" \/>\n<meta name=\"twitter:site\" content=\"@Arturo_Medina_G\" \/>\n<meta name=\"twitter:label1\" content=\"Escrito por\" \/>\n\t<meta name=\"twitter:data1\" content=\"Redacci\u00f3n\" \/>\n\t<meta name=\"twitter:label2\" content=\"Tiempo de lectura\" \/>\n\t<meta name=\"twitter:data2\" content=\"3 minutos\" \/>\n<script type=\"application\/ld+json\" class=\"yoast-schema-graph\">{\"@context\":\"https:\/\/schema.org\",\"@graph\":[{\"@type\":\"Article\",\"@id\":\"https:\/\/nitu.mx\/index.php\/2026\/01\/20\/gobernadora-de-qroo-tiene-reunion-de-alto-nivel-con-lideresas-de-onu-turismo-y-el-wttc\/#article\",\"isPartOf\":{\"@id\":\"https:\/\/nitu.mx\/index.php\/2026\/01\/20\/gobernadora-de-qroo-tiene-reunion-de-alto-nivel-con-lideresas-de-onu-turismo-y-el-wttc\/\"},\"author\":{\"name\":\"Redacci\u00f3n\",\"@id\":\"https:\/\/nitu.mx\/#\/schema\/person\/4a28fe9bd65924f7c90623773daf1b0b\"},\"headline\":\"Gobernadora de QRoo tiene reuni\u00f3n de alto nivel con lideresas de ONU Turismo y el WTTC\",\"datePublished\":\"2026-01-21T04:42:24+00:00\",\"dateModified\":\"2026-01-21T04:42:25+00:00\",\"mainEntityOfPage\":{\"@id\":\"https:\/\/nitu.mx\/index.php\/2026\/01\/20\/gobernadora-de-qroo-tiene-reunion-de-alto-nivel-con-lideresas-de-onu-turismo-y-el-wttc\/\"},\"wordCount\":640,\"publisher\":{\"@id\":\"https:\/\/nitu.mx\/#\/schema\/person\/ae7a53426417292d3dd07b45a33e01bc\"},\"image\":{\"@id\":\"https:\/\/nitu.mx\/index.php\/2026\/01\/20\/gobernadora-de-qroo-tiene-reunion-de-alto-nivel-con-lideresas-de-onu-turismo-y-el-wttc\/#primaryimage\"},\"thumbnailUrl\":\"https:\/\/nitu.mx\/wp-content\/uploads\/2026\/01\/Shaikha-Al-Nowais-Mara-Lezama-Gloria-Guevara.jpg\",\"keywords\":[\"Gloria Guevara\",\"Mara Lezama\",\"ONU Turismo\",\"Quintana Roo\",\"Shaikha Al Nowais\",\"WTTC\"],\"articleSection\":[\"Caribe Mexicano\",\"FITUR\"],\"inLanguage\":\"es-MX\"},{\"@type\":\"WebPage\",\"@id\":\"https:\/\/nitu.mx\/index.php\/2026\/01\/20\/gobernadora-de-qroo-tiene-reunion-de-alto-nivel-con-lideresas-de-onu-turismo-y-el-wttc\/\",\"url\":\"https:\/\/nitu.mx\/index.php\/2026\/01\/20\/gobernadora-de-qroo-tiene-reunion-de-alto-nivel-con-lideresas-de-onu-turismo-y-el-wttc\/\",\"name\":\"Gobernadora de QRoo tiene reuni\u00f3n de alto nivel con lideresas de ONU Turismo y el WTTC - Nitu - Noticias de la Industria Turistica\",\"isPartOf\":{\"@id\":\"https:\/\/nitu.mx\/#website\"},\"primaryImageOfPage\":{\"@id\":\"https:\/\/nitu.mx\/index.php\/2026\/01\/20\/gobernadora-de-qroo-tiene-reunion-de-alto-nivel-con-lideresas-de-onu-turismo-y-el-wttc\/#primaryimage\"},\"image\":{\"@id\":\"https:\/\/nitu.mx\/index.php\/2026\/01\/20\/gobernadora-de-qroo-tiene-reunion-de-alto-nivel-con-lideresas-de-onu-turismo-y-el-wttc\/#primaryimage\"},\"thumbnailUrl\":\"https:\/\/nitu.mx\/wp-content\/uploads\/2026\/01\/Shaikha-Al-Nowais-Mara-Lezama-Gloria-Guevara.jpg\",\"datePublished\":\"2026-01-21T04:42:24+00:00\",\"dateModified\":\"2026-01-21T04:42:25+00:00\",\"breadcrumb\":{\"@id\":\"https:\/\/nitu.mx\/index.php\/2026\/01\/20\/gobernadora-de-qroo-tiene-reunion-de-alto-nivel-con-lideresas-de-onu-turismo-y-el-wttc\/#breadcrumb\"},\"inLanguage\":\"es-MX\",\"potentialAction\":[{\"@type\":\"ReadAction\",\"target\":[\"https:\/\/nitu.mx\/index.php\/2026\/01\/20\/gobernadora-de-qroo-tiene-reunion-de-alto-nivel-con-lideresas-de-onu-turismo-y-el-wttc\/\"]}]},{\"@type\":\"ImageObject\",\"inLanguage\":\"es-MX\",\"@id\":\"https:\/\/nitu.mx\/index.php\/2026\/01\/20\/gobernadora-de-qroo-tiene-reunion-de-alto-nivel-con-lideresas-de-onu-turismo-y-el-wttc\/#primaryimage\",\"url\":\"https:\/\/nitu.mx\/wp-content\/uploads\/2026\/01\/Shaikha-Al-Nowais-Mara-Lezama-Gloria-Guevara.jpg\",\"contentUrl\":\"https:\/\/nitu.mx\/wp-content\/uploads\/2026\/01\/Shaikha-Al-Nowais-Mara-Lezama-Gloria-Guevara.jpg\",\"width\":1200,\"height\":675,\"caption\":\"Shaikha Al Nowais-Mara Lezama-Gloria Guevara\"},{\"@type\":\"BreadcrumbList\",\"@id\":\"https:\/\/nitu.mx\/index.php\/2026\/01\/20\/gobernadora-de-qroo-tiene-reunion-de-alto-nivel-con-lideresas-de-onu-turismo-y-el-wttc\/#breadcrumb\",\"itemListElement\":[{\"@type\":\"ListItem\",\"position\":1,\"name\":\"Inicio\",\"item\":\"https:\/\/nitu.mx\/\"},{\"@type\":\"ListItem\",\"position\":2,\"name\":\"Gobernadora de QRoo tiene reuni\u00f3n de alto nivel con lideresas de ONU Turismo y el WTTC\"}]},{\"@type\":\"WebSite\",\"@id\":\"https:\/\/nitu.mx\/#website\",\"url\":\"https:\/\/nitu.mx\/\",\"name\":\"Nitu - Noticias de la Industria Turistica\",\"description\":\"Noticias de la Industria Turistica\",\"publisher\":{\"@id\":\"https:\/\/nitu.mx\/#\/schema\/person\/ae7a53426417292d3dd07b45a33e01bc\"},\"alternateName\":\"Noticias de la Industria Turistica\",\"potentialAction\":[{\"@type\":\"SearchAction\",\"target\":{\"@type\":\"EntryPoint\",\"urlTemplate\":\"https:\/\/nitu.mx\/?s={search_term_string}\"},\"query-input\":\"required name=search_term_string\"}],\"inLanguage\":\"es-MX\"},{\"@type\":[\"Person\",\"Organization\"],\"@id\":\"https:\/\/nitu.mx\/#\/schema\/person\/ae7a53426417292d3dd07b45a33e01bc\",\"name\":\"Arturo Medina\",\"image\":{\"@type\":\"ImageObject\",\"inLanguage\":\"es-MX\",\"@id\":\"https:\/\/nitu.mx\/#\/schema\/person\/image\/\",\"url\":\"https:\/\/nitu.mx\/wp-content\/uploads\/2024\/04\/4A315622-1904-4D5C-B022-878CDC840E04-90x90-1.jpeg\",\"contentUrl\":\"https:\/\/nitu.mx\/wp-content\/uploads\/2024\/04\/4A315622-1904-4D5C-B022-878CDC840E04-90x90-1.jpeg\",\"width\":90,\"height\":90,\"caption\":\"Arturo Medina\"},\"logo\":{\"@id\":\"https:\/\/nitu.mx\/#\/schema\/person\/image\/\"},\"description\":\"Director NITU.mx, Egresado de la Escuela de Periodismo Carlos Septi\u00e9n Garc\u00eda. Periodista y analista especializado en turismo desde hace 35 a\u00f1os, radicado en Canc\u00fan Q.Roo. arturo@nitu.mx\",\"sameAs\":[\"https:\/\/nitu.mx\",\"https:\/\/www.facebook.com\/NITUmx\/\",\"medinacancun\",\"https:\/\/twitter.com\/@Arturo_Medina_G\"]},{\"@type\":\"Person\",\"@id\":\"https:\/\/nitu.mx\/#\/schema\/person\/4a28fe9bd65924f7c90623773daf1b0b\",\"name\":\"Redacci\u00f3n\",\"image\":{\"@type\":\"ImageObject\",\"inLanguage\":\"es-MX\",\"@id\":\"https:\/\/nitu.mx\/#\/schema\/person\/image\/\",\"url\":\"https:\/\/secure.gravatar.com\/avatar\/5dd011c8ccfc5cd7e4c81e42252aab38?s=96&d=mm&r=g\",\"contentUrl\":\"https:\/\/secure.gravatar.com\/avatar\/5dd011c8ccfc5cd7e4c81e42252aab38?s=96&d=mm&r=g\",\"caption\":\"Redacci\u00f3n\"},\"url\":\"https:\/\/nitu.mx\/index.php\/author\/redaccion\/\"}]}<\/script>\n<!-- \/ Yoast SEO plugin. -->","yoast_head_json":{"title":"Gobernadora de QRoo tiene reuni\u00f3n de alto nivel con lideresas de ONU Turismo y el WTTC - Nitu - Noticias de la Industria Turistica","robots":{"index":"index","follow":"follow","max-snippet":"max-snippet:-1","max-image-preview":"max-image-preview:large","max-video-preview":"max-video-preview:-1"},"canonical":"https:\/\/nitu.mx\/index.php\/2026\/01\/20\/gobernadora-de-qroo-tiene-reunion-de-alto-nivel-con-lideresas-de-onu-turismo-y-el-wttc\/","twitter_card":"summary_large_image","twitter_title":"Gobernadora de QRoo tiene reuni\u00f3n de alto nivel con lideresas de ONU Turismo y el WTTC - Nitu - Noticias de la Industria Turistica","twitter_description":"La gobernadora de Quintana Roo, Mara Lezama Espinosa, particip\u00f3, en el marco de la FITUR 2026, en la mesa redonda ejecutiva del Consejo Mundial de Viajes y Turismo (WTTC), organismo del sector privado que representa a la industria tur\u00edstica global, con la presencia de ministros de turismo, l\u00edderes y CEOs m\u00e1s importantes del mundo, que [&hellip;]","twitter_image":"https:\/\/nitu.mx\/wp-content\/uploads\/2026\/01\/Shaikha-Al-Nowais-Mara-Lezama-Gloria-Guevara.jpg","twitter_creator":"@NITUmx","twitter_site":"@Arturo_Medina_G","twitter_misc":{"Escrito por":"Redacci\u00f3n","Tiempo de lectura":"3 minutos"},"schema":{"@context":"https:\/\/schema.org","@graph":[{"@type":"Article","@id":"https:\/\/nitu.mx\/index.php\/2026\/01\/20\/gobernadora-de-qroo-tiene-reunion-de-alto-nivel-con-lideresas-de-onu-turismo-y-el-wttc\/#article","isPartOf":{"@id":"https:\/\/nitu.mx\/index.php\/2026\/01\/20\/gobernadora-de-qroo-tiene-reunion-de-alto-nivel-con-lideresas-de-onu-turismo-y-el-wttc\/"},"author":{"name":"Redacci\u00f3n","@id":"https:\/\/nitu.mx\/#\/schema\/person\/4a28fe9bd65924f7c90623773daf1b0b"},"headline":"Gobernadora de QRoo tiene reuni\u00f3n de alto nivel con lideresas de ONU Turismo y el WTTC","datePublished":"2026-01-21T04:42:24+00:00","dateModified":"2026-01-21T04:42:25+00:00","mainEntityOfPage":{"@id":"https:\/\/nitu.mx\/index.php\/2026\/01\/20\/gobernadora-de-qroo-tiene-reunion-de-alto-nivel-con-lideresas-de-onu-turismo-y-el-wttc\/"},"wordCount":640,"publisher":{"@id":"https:\/\/nitu.mx\/#\/schema\/person\/ae7a53426417292d3dd07b45a33e01bc"},"image":{"@id":"https:\/\/nitu.mx\/index.php\/2026\/01\/20\/gobernadora-de-qroo-tiene-reunion-de-alto-nivel-con-lideresas-de-onu-turismo-y-el-wttc\/#primaryimage"},"thumbnailUrl":"https:\/\/nitu.mx\/wp-content\/uploads\/2026\/01\/Shaikha-Al-Nowais-Mara-Lezama-Gloria-Guevara.jpg","keywords":["Gloria Guevara","Mara Lezama","ONU Turismo","Quintana Roo","Shaikha Al Nowais","WTTC"],"articleSection":["Caribe Mexicano","FITUR"],"inLanguage":"es-MX"},{"@type":"WebPage","@id":"https:\/\/nitu.mx\/index.php\/2026\/01\/20\/gobernadora-de-qroo-tiene-reunion-de-alto-nivel-con-lideresas-de-onu-turismo-y-el-wttc\/","url":"https:\/\/nitu.mx\/index.php\/2026\/01\/20\/gobernadora-de-qroo-tiene-reunion-de-alto-nivel-con-lideresas-de-onu-turismo-y-el-wttc\/","name":"Gobernadora de QRoo tiene reuni\u00f3n de alto nivel con lideresas de ONU Turismo y el WTTC - Nitu - Noticias de la Industria Turistica","isPartOf":{"@id":"https:\/\/nitu.mx\/#website"},"primaryImageOfPage":{"@id":"https:\/\/nitu.mx\/index.php\/2026\/01\/20\/gobernadora-de-qroo-tiene-reunion-de-alto-nivel-con-lideresas-de-onu-turismo-y-el-wttc\/#primaryimage"},"image":{"@id":"https:\/\/nitu.mx\/index.php\/2026\/01\/20\/gobernadora-de-qroo-tiene-reunion-de-alto-nivel-con-lideresas-de-onu-turismo-y-el-wttc\/#primaryimage"},"thumbnailUrl":"https:\/\/nitu.mx\/wp-content\/uploads\/2026\/01\/Shaikha-Al-Nowais-Mara-Lezama-Gloria-Guevara.jpg","datePublished":"2026-01-21T04:42:24+00:00","dateModified":"2026-01-21T04:42:25+00:00","breadcrumb":{"@id":"https:\/\/nitu.mx\/index.php\/2026\/01\/20\/gobernadora-de-qroo-tiene-reunion-de-alto-nivel-con-lideresas-de-onu-turismo-y-el-wttc\/#breadcrumb"},"inLanguage":"es-MX","potentialAction":[{"@type":"ReadAction","target":["https:\/\/nitu.mx\/index.php\/2026\/01\/20\/gobernadora-de-qroo-tiene-reunion-de-alto-nivel-con-lideresas-de-onu-turismo-y-el-wttc\/"]}]},{"@type":"ImageObject","inLanguage":"es-MX","@id":"https:\/\/nitu.mx\/index.php\/2026\/01\/20\/gobernadora-de-qroo-tiene-reunion-de-alto-nivel-con-lideresas-de-onu-turismo-y-el-wttc\/#primaryimage","url":"https:\/\/nitu.mx\/wp-content\/uploads\/2026\/01\/Shaikha-Al-Nowais-Mara-Lezama-Gloria-Guevara.jpg","contentUrl":"https:\/\/nitu.mx\/wp-content\/uploads\/2026\/01\/Shaikha-Al-Nowais-Mara-Lezama-Gloria-Guevara.jpg","width":1200,"height":675,"caption":"Shaikha Al Nowais-Mara Lezama-Gloria Guevara"},{"@type":"BreadcrumbList","@id":"https:\/\/nitu.mx\/index.php\/2026\/01\/20\/gobernadora-de-qroo-tiene-reunion-de-alto-nivel-con-lideresas-de-onu-turismo-y-el-wttc\/#breadcrumb","itemListElement":[{"@type":"ListItem","position":1,"name":"Inicio","item":"https:\/\/nitu.mx\/"},{"@type":"ListItem","position":2,"name":"Gobernadora de QRoo tiene reuni\u00f3n de alto nivel con lideresas de ONU Turismo y el WTTC"}]},{"@type":"WebSite","@id":"https:\/\/nitu.mx\/#website","url":"https:\/\/nitu.mx\/","name":"Nitu - Noticias de la Industria Turistica","description":"Noticias de la Industria Turistica","publisher":{"@id":"https:\/\/nitu.mx\/#\/schema\/person\/ae7a53426417292d3dd07b45a33e01bc"},"alternateName":"Noticias de la Industria Turistica","potentialAction":[{"@type":"SearchAction","target":{"@type":"EntryPoint","urlTemplate":"https:\/\/nitu.mx\/?s={search_term_string}"},"query-input":"required name=search_term_string"}],"inLanguage":"es-MX"},{"@type":["Person","Organization"],"@id":"https:\/\/nitu.mx\/#\/schema\/person\/ae7a53426417292d3dd07b45a33e01bc","name":"Arturo Medina","image":{"@type":"ImageObject","inLanguage":"es-MX","@id":"https:\/\/nitu.mx\/#\/schema\/person\/image\/","url":"https:\/\/nitu.mx\/wp-content\/uploads\/2024\/04\/4A315622-1904-4D5C-B022-878CDC840E04-90x90-1.jpeg","contentUrl":"https:\/\/nitu.mx\/wp-content\/uploads\/2024\/04\/4A315622-1904-4D5C-B022-878CDC840E04-90x90-1.jpeg","width":90,"height":90,"caption":"Arturo Medina"},"logo":{"@id":"https:\/\/nitu.mx\/#\/schema\/person\/image\/"},"description":"Director NITU.mx, Egresado de la Escuela de Periodismo Carlos Septi\u00e9n Garc\u00eda. Periodista y analista especializado en turismo desde hace 35 a\u00f1os, radicado en Canc\u00fan Q.Roo. arturo@nitu.mx","sameAs":["https:\/\/nitu.mx","https:\/\/www.facebook.com\/NITUmx\/","medinacancun","https:\/\/twitter.com\/@Arturo_Medina_G"]},{"@type":"Person","@id":"https:\/\/nitu.mx\/#\/schema\/person\/4a28fe9bd65924f7c90623773daf1b0b","name":"Redacci\u00f3n","image":{"@type":"ImageObject","inLanguage":"es-MX","@id":"https:\/\/nitu.mx\/#\/schema\/person\/image\/","url":"https:\/\/secure.gravatar.com\/avatar\/5dd011c8ccfc5cd7e4c81e42252aab38?s=96&d=mm&r=g","contentUrl":"https:\/\/secure.gravatar.com\/avatar\/5dd011c8ccfc5cd7e4c81e42252aab38?s=96&d=mm&r=g","caption":"Redacci\u00f3n"},"url":"https:\/\/nitu.mx\/index.php\/author\/redaccion\/"}]}},"views":344,"_links":{"self":[{"href":"https:\/\/nitu.mx\/index.php\/wp-json\/wp\/v2\/posts\/85729"}],"collection":[{"href":"https:\/\/nitu.mx\/index.php\/wp-json\/wp\/v2\/posts"}],"about":[{"href":"https:\/\/nitu.mx\/index.php\/wp-json\/wp\/v2\/types\/post"}],"author":[{"embeddable":true,"href":"https:\/\/nitu.mx\/index.php\/wp-json\/wp\/v2\/users\/17"}],"replies":[{"embeddable":true,"href":"https:\/\/nitu.mx\/index.php\/wp-json\/wp\/v2\/comments?post=85729"}],"version-history":[{"count":3,"href":"https:\/\/nitu.mx\/index.php\/wp-json\/wp\/v2\/posts\/85729\/revisions"}],"predecessor-version":[{"id":85737,"href":"https:\/\/nitu.mx\/index.php\/wp-json\/wp\/v2\/posts\/85729\/revisions\/85737"}],"wp:featuredmedia":[{"embeddable":true,"href":"https:\/\/nitu.mx\/index.php\/wp-json\/wp\/v2\/media\/85734"}],"wp:attachment":[{"href":"https:\/\/nitu.mx\/index.php\/wp-json\/wp\/v2\/media?parent=85729"}],"wp:term":[{"taxonomy":"category","embeddable":true,"href":"https:\/\/nitu.mx\/index.php\/wp-json\/wp\/v2\/categories?post=85729"},{"taxonomy":"post_tag","embeddable":true,"href":"https:\/\/nitu.mx\/index.php\/wp-json\/wp\/v2\/tags?post=85729"}],"curies":[{"name":"wp","href":"https:\/\/api.w.org\/{rel}","templated":true}]}}