{"id":85726,"date":"2026-01-20T22:48:03","date_gmt":"2026-01-21T04:48:03","guid":{"rendered":"https:\/\/nitu.mx\/?p=85726"},"modified":"2026-01-20T22:48:04","modified_gmt":"2026-01-21T04:48:04","slug":"cancun-acogera-por-1a-vez-la-convencion-bancaria-2026","status":"publish","type":"post","link":"https:\/\/nitu.mx\/index.php\/2026\/01\/20\/cancun-acogera-por-1a-vez-la-convencion-bancaria-2026\/","title":{"rendered":"Canc\u00fan acoger\u00e1 por 1a vez la Convenci\u00f3n Bancaria 2026"},"content":{"rendered":"\n<p>La gobernadora de Quintana Roo, Mara Lezama Espinosa, y Eduardo Osuna Osuna, vicepresidente y director general de BBVA Bancomer M\u00e9xico, confirmaron la Convenci\u00f3n Bancaria 2026, que por primera vez en su historia se celebrar\u00e1 en Canc\u00fan del 18 al 20 de marzo, tras una reuni\u00f3n de trabajo en el marco de la FITUR 2026.<\/p>\n\n\n\n<p>Durante el encuentro se abordaron los avances y requerimientos log\u00edsticos para esta convenci\u00f3n organizada por la Asociaci\u00f3n de Bancos de M\u00e9xico (ABM), programada del 18 al 20 de marzo de 2026 en el Hotel AVA Resorts, evento que reunir\u00e1 a los principales actores del sistema financiero nacional.<\/p>\n\n\n\n<p>\u201cBuenas noticias para Quintana Roo desde Madrid, desde la FITUR: confirmada la Convenci\u00f3n Bancaria 2026 en Canc\u00fan. Hemos hablado de muchas cosas en el tema financiero, en estas oportunidades de inversi\u00f3n estatal, de c\u00f3mo viene el mundial, adem\u00e1s como palanca tambi\u00e9n de inversi\u00f3n, pero algo fundamental que es la convenci\u00f3n bancaria confirmada en el estado de Quintana Roo\u201d, expres\u00f3 la titular del Ejecutivo.<\/p>\n\n\n\n<p>Por su parte, Eduardo Osuna, afirm\u00f3 que adem\u00e1s de la convenci\u00f3n hablaron de las enormes oportunidades que hay de inversi\u00f3n en el estado de Quintana Roo.<\/p>\n\n\n\n<p>Despu\u00e9s de la reuni\u00f3n de trabajo, Mara Lezama y Eduardo Osuna participaron en el Foro Turismo e Inversi\u00f3n, junto con panelistas y empresarios internacionales para seguir atrayendo inversi\u00f3n a M\u00e9xico en la industria tur\u00edstica, y en el que Quintana Roo expuso ventajas del Mundial 2026 como palanca de desarrollo.<\/p>\n\n\n\n<p>BBVA es una de las instituciones financieras m\u00e1s s\u00f3lidas y relevantes del pa\u00eds, con capacidad de influencia, inversi\u00f3n y visi\u00f3n de largo plazo. Para Quintana Roo, su participaci\u00f3n representa confianza institucional, atracci\u00f3n de capital y la posibilidad de evolucionar hacia un ecosistema econ\u00f3mico m\u00e1s robusto, donde el turismo convive con servicios financieros, innovaci\u00f3n y desarrollo empresarial.<\/p>\n\n\n\n<p>La Convenci\u00f3n Bancaria es el evento m\u00e1s relevante del sector financiero nacional. Primera vez que este encuentro se realizar\u00e1 en Canc\u00fan, fuera de sedes tradicionales. (<a href=\"https:\/\/nitu.mx\/index.php\/2026\/01\/20\/gobernadora-de-qroo-tiene-reunion-de-alto-nivel-con-lideresas-de-onu-turismo-y-el-wttc\/\">Gobernadora de QRoo tiene reuni\u00f3n de alto nivel con lideresas de ONU Turismo y el WTTC<\/a>).<\/p>\n","protected":false},"excerpt":{"rendered":"<p>La gobernadora de Quintana Roo, Mara Lezama Espinosa, y Eduardo Osuna Osuna, vicepresidente y director general de BBVA Bancomer M\u00e9xico, confirmaron la Convenci\u00f3n Bancaria 2026, que por primera vez en su historia se celebrar\u00e1 en Canc\u00fan del 18 al 20 de marzo, tras una reuni\u00f3n de trabajo en el marco de la FITUR 2026. Durante [&hellip;]<\/p>\n","protected":false},"author":17,"featured_media":85741,"comment_status":"closed","ping_status":"closed","sticky":false,"template":"","format":"standard","meta":{"footnotes":""},"categories":[18475,24423],"tags":[634,23841,14028,260],"yoast_head":"<!-- This site is optimized with the Yoast SEO plugin v22.2 - https:\/\/yoast.com\/wordpress\/plugins\/seo\/ -->\n<title>Canc\u00fan acoger\u00e1 por 1a vez la Convenci\u00f3n Bancaria 2026 - Nitu - Noticias de la Industria Turistica<\/title>\n<meta name=\"robots\" content=\"index, follow, max-snippet:-1, max-image-preview:large, max-video-preview:-1\" \/>\n<link rel=\"canonical\" href=\"https:\/\/nitu.mx\/index.php\/2026\/01\/20\/cancun-acogera-por-1a-vez-la-convencion-bancaria-2026\/\" \/>\n<meta name=\"twitter:card\" content=\"summary_large_image\" \/>\n<meta name=\"twitter:title\" content=\"Canc\u00fan acoger\u00e1 por 1a vez la Convenci\u00f3n Bancaria 2026 - Nitu - Noticias de la Industria Turistica\" \/>\n<meta name=\"twitter:description\" content=\"La gobernadora de Quintana Roo, Mara Lezama Espinosa, y Eduardo Osuna Osuna, vicepresidente y director general de BBVA Bancomer M\u00e9xico, confirmaron la Convenci\u00f3n Bancaria 2026, que por primera vez en su historia se celebrar\u00e1 en Canc\u00fan del 18 al 20 de marzo, tras una reuni\u00f3n de trabajo en el marco de la FITUR 2026. Durante [&hellip;]\" \/>\n<meta name=\"twitter:image\" content=\"https:\/\/nitu.mx\/wp-content\/uploads\/2026\/01\/FORO-BBVA-Mara-Lezama-FITUR-2026.jpg\" \/>\n<meta name=\"twitter:creator\" content=\"@NITUmx\" \/>\n<meta name=\"twitter:site\" content=\"@Arturo_Medina_G\" \/>\n<meta name=\"twitter:label1\" content=\"Escrito por\" \/>\n\t<meta name=\"twitter:data1\" content=\"Redacci\u00f3n\" \/>\n\t<meta name=\"twitter:label2\" content=\"Tiempo de lectura\" \/>\n\t<meta name=\"twitter:data2\" content=\"2 minutos\" \/>\n<script type=\"application\/ld+json\" class=\"yoast-schema-graph\">{\"@context\":\"https:\/\/schema.org\",\"@graph\":[{\"@type\":\"Article\",\"@id\":\"https:\/\/nitu.mx\/index.php\/2026\/01\/20\/cancun-acogera-por-1a-vez-la-convencion-bancaria-2026\/#article\",\"isPartOf\":{\"@id\":\"https:\/\/nitu.mx\/index.php\/2026\/01\/20\/cancun-acogera-por-1a-vez-la-convencion-bancaria-2026\/\"},\"author\":{\"name\":\"Redacci\u00f3n\",\"@id\":\"https:\/\/nitu.mx\/#\/schema\/person\/4a28fe9bd65924f7c90623773daf1b0b\"},\"headline\":\"Canc\u00fan acoger\u00e1 por 1a vez la Convenci\u00f3n Bancaria 2026\",\"datePublished\":\"2026-01-21T04:48:03+00:00\",\"dateModified\":\"2026-01-21T04:48:04+00:00\",\"mainEntityOfPage\":{\"@id\":\"https:\/\/nitu.mx\/index.php\/2026\/01\/20\/cancun-acogera-por-1a-vez-la-convencion-bancaria-2026\/\"},\"wordCount\":376,\"publisher\":{\"@id\":\"https:\/\/nitu.mx\/#\/schema\/person\/ae7a53426417292d3dd07b45a33e01bc\"},\"image\":{\"@id\":\"https:\/\/nitu.mx\/index.php\/2026\/01\/20\/cancun-acogera-por-1a-vez-la-convencion-bancaria-2026\/#primaryimage\"},\"thumbnailUrl\":\"https:\/\/nitu.mx\/wp-content\/uploads\/2026\/01\/FORO-BBVA-Mara-Lezama-FITUR-2026.jpg\",\"keywords\":[\"BBVA\",\"Convenci\u00f3n Bancaria\",\"Mara Lezama\",\"Quintana Roo\"],\"articleSection\":[\"Caribe Mexicano\",\"FITUR\"],\"inLanguage\":\"es-MX\"},{\"@type\":\"WebPage\",\"@id\":\"https:\/\/nitu.mx\/index.php\/2026\/01\/20\/cancun-acogera-por-1a-vez-la-convencion-bancaria-2026\/\",\"url\":\"https:\/\/nitu.mx\/index.php\/2026\/01\/20\/cancun-acogera-por-1a-vez-la-convencion-bancaria-2026\/\",\"name\":\"Canc\u00fan acoger\u00e1 por 1a vez la Convenci\u00f3n Bancaria 2026 - Nitu - Noticias de la Industria Turistica\",\"isPartOf\":{\"@id\":\"https:\/\/nitu.mx\/#website\"},\"primaryImageOfPage\":{\"@id\":\"https:\/\/nitu.mx\/index.php\/2026\/01\/20\/cancun-acogera-por-1a-vez-la-convencion-bancaria-2026\/#primaryimage\"},\"image\":{\"@id\":\"https:\/\/nitu.mx\/index.php\/2026\/01\/20\/cancun-acogera-por-1a-vez-la-convencion-bancaria-2026\/#primaryimage\"},\"thumbnailUrl\":\"https:\/\/nitu.mx\/wp-content\/uploads\/2026\/01\/FORO-BBVA-Mara-Lezama-FITUR-2026.jpg\",\"datePublished\":\"2026-01-21T04:48:03+00:00\",\"dateModified\":\"2026-01-21T04:48:04+00:00\",\"breadcrumb\":{\"@id\":\"https:\/\/nitu.mx\/index.php\/2026\/01\/20\/cancun-acogera-por-1a-vez-la-convencion-bancaria-2026\/#breadcrumb\"},\"inLanguage\":\"es-MX\",\"potentialAction\":[{\"@type\":\"ReadAction\",\"target\":[\"https:\/\/nitu.mx\/index.php\/2026\/01\/20\/cancun-acogera-por-1a-vez-la-convencion-bancaria-2026\/\"]}]},{\"@type\":\"ImageObject\",\"inLanguage\":\"es-MX\",\"@id\":\"https:\/\/nitu.mx\/index.php\/2026\/01\/20\/cancun-acogera-por-1a-vez-la-convencion-bancaria-2026\/#primaryimage\",\"url\":\"https:\/\/nitu.mx\/wp-content\/uploads\/2026\/01\/FORO-BBVA-Mara-Lezama-FITUR-2026.jpg\",\"contentUrl\":\"https:\/\/nitu.mx\/wp-content\/uploads\/2026\/01\/FORO-BBVA-Mara-Lezama-FITUR-2026.jpg\",\"width\":1200,\"height\":675,\"caption\":\"FORO BBVA Mara Lezama FITUR 2026\"},{\"@type\":\"BreadcrumbList\",\"@id\":\"https:\/\/nitu.mx\/index.php\/2026\/01\/20\/cancun-acogera-por-1a-vez-la-convencion-bancaria-2026\/#breadcrumb\",\"itemListElement\":[{\"@type\":\"ListItem\",\"position\":1,\"name\":\"Inicio\",\"item\":\"https:\/\/nitu.mx\/\"},{\"@type\":\"ListItem\",\"position\":2,\"name\":\"Canc\u00fan acoger\u00e1 por 1a vez la Convenci\u00f3n Bancaria 2026\"}]},{\"@type\":\"WebSite\",\"@id\":\"https:\/\/nitu.mx\/#website\",\"url\":\"https:\/\/nitu.mx\/\",\"name\":\"Nitu - Noticias de la Industria Turistica\",\"description\":\"Noticias de la Industria Turistica\",\"publisher\":{\"@id\":\"https:\/\/nitu.mx\/#\/schema\/person\/ae7a53426417292d3dd07b45a33e01bc\"},\"alternateName\":\"Noticias de la Industria Turistica\",\"potentialAction\":[{\"@type\":\"SearchAction\",\"target\":{\"@type\":\"EntryPoint\",\"urlTemplate\":\"https:\/\/nitu.mx\/?s={search_term_string}\"},\"query-input\":\"required name=search_term_string\"}],\"inLanguage\":\"es-MX\"},{\"@type\":[\"Person\",\"Organization\"],\"@id\":\"https:\/\/nitu.mx\/#\/schema\/person\/ae7a53426417292d3dd07b45a33e01bc\",\"name\":\"Arturo Medina\",\"image\":{\"@type\":\"ImageObject\",\"inLanguage\":\"es-MX\",\"@id\":\"https:\/\/nitu.mx\/#\/schema\/person\/image\/\",\"url\":\"https:\/\/nitu.mx\/wp-content\/uploads\/2024\/04\/4A315622-1904-4D5C-B022-878CDC840E04-90x90-1.jpeg\",\"contentUrl\":\"https:\/\/nitu.mx\/wp-content\/uploads\/2024\/04\/4A315622-1904-4D5C-B022-878CDC840E04-90x90-1.jpeg\",\"width\":90,\"height\":90,\"caption\":\"Arturo Medina\"},\"logo\":{\"@id\":\"https:\/\/nitu.mx\/#\/schema\/person\/image\/\"},\"description\":\"Director NITU.mx, Egresado de la Escuela de Periodismo Carlos Septi\u00e9n Garc\u00eda. Periodista y analista especializado en turismo desde hace 35 a\u00f1os, radicado en Canc\u00fan Q.Roo. arturo@nitu.mx\",\"sameAs\":[\"https:\/\/nitu.mx\",\"https:\/\/www.facebook.com\/NITUmx\/\",\"medinacancun\",\"https:\/\/twitter.com\/@Arturo_Medina_G\"]},{\"@type\":\"Person\",\"@id\":\"https:\/\/nitu.mx\/#\/schema\/person\/4a28fe9bd65924f7c90623773daf1b0b\",\"name\":\"Redacci\u00f3n\",\"image\":{\"@type\":\"ImageObject\",\"inLanguage\":\"es-MX\",\"@id\":\"https:\/\/nitu.mx\/#\/schema\/person\/image\/\",\"url\":\"https:\/\/secure.gravatar.com\/avatar\/5dd011c8ccfc5cd7e4c81e42252aab38?s=96&d=mm&r=g\",\"contentUrl\":\"https:\/\/secure.gravatar.com\/avatar\/5dd011c8ccfc5cd7e4c81e42252aab38?s=96&d=mm&r=g\",\"caption\":\"Redacci\u00f3n\"},\"url\":\"https:\/\/nitu.mx\/index.php\/author\/redaccion\/\"}]}<\/script>\n<!-- \/ Yoast SEO plugin. -->","yoast_head_json":{"title":"Canc\u00fan acoger\u00e1 por 1a vez la Convenci\u00f3n Bancaria 2026 - Nitu - Noticias de la Industria Turistica","robots":{"index":"index","follow":"follow","max-snippet":"max-snippet:-1","max-image-preview":"max-image-preview:large","max-video-preview":"max-video-preview:-1"},"canonical":"https:\/\/nitu.mx\/index.php\/2026\/01\/20\/cancun-acogera-por-1a-vez-la-convencion-bancaria-2026\/","twitter_card":"summary_large_image","twitter_title":"Canc\u00fan acoger\u00e1 por 1a vez la Convenci\u00f3n Bancaria 2026 - Nitu - Noticias de la Industria Turistica","twitter_description":"La gobernadora de Quintana Roo, Mara Lezama Espinosa, y Eduardo Osuna Osuna, vicepresidente y director general de BBVA Bancomer M\u00e9xico, confirmaron la Convenci\u00f3n Bancaria 2026, que por primera vez en su historia se celebrar\u00e1 en Canc\u00fan del 18 al 20 de marzo, tras una reuni\u00f3n de trabajo en el marco de la FITUR 2026. Durante [&hellip;]","twitter_image":"https:\/\/nitu.mx\/wp-content\/uploads\/2026\/01\/FORO-BBVA-Mara-Lezama-FITUR-2026.jpg","twitter_creator":"@NITUmx","twitter_site":"@Arturo_Medina_G","twitter_misc":{"Escrito por":"Redacci\u00f3n","Tiempo de lectura":"2 minutos"},"schema":{"@context":"https:\/\/schema.org","@graph":[{"@type":"Article","@id":"https:\/\/nitu.mx\/index.php\/2026\/01\/20\/cancun-acogera-por-1a-vez-la-convencion-bancaria-2026\/#article","isPartOf":{"@id":"https:\/\/nitu.mx\/index.php\/2026\/01\/20\/cancun-acogera-por-1a-vez-la-convencion-bancaria-2026\/"},"author":{"name":"Redacci\u00f3n","@id":"https:\/\/nitu.mx\/#\/schema\/person\/4a28fe9bd65924f7c90623773daf1b0b"},"headline":"Canc\u00fan acoger\u00e1 por 1a vez la Convenci\u00f3n Bancaria 2026","datePublished":"2026-01-21T04:48:03+00:00","dateModified":"2026-01-21T04:48:04+00:00","mainEntityOfPage":{"@id":"https:\/\/nitu.mx\/index.php\/2026\/01\/20\/cancun-acogera-por-1a-vez-la-convencion-bancaria-2026\/"},"wordCount":376,"publisher":{"@id":"https:\/\/nitu.mx\/#\/schema\/person\/ae7a53426417292d3dd07b45a33e01bc"},"image":{"@id":"https:\/\/nitu.mx\/index.php\/2026\/01\/20\/cancun-acogera-por-1a-vez-la-convencion-bancaria-2026\/#primaryimage"},"thumbnailUrl":"https:\/\/nitu.mx\/wp-content\/uploads\/2026\/01\/FORO-BBVA-Mara-Lezama-FITUR-2026.jpg","keywords":["BBVA","Convenci\u00f3n Bancaria","Mara Lezama","Quintana Roo"],"articleSection":["Caribe Mexicano","FITUR"],"inLanguage":"es-MX"},{"@type":"WebPage","@id":"https:\/\/nitu.mx\/index.php\/2026\/01\/20\/cancun-acogera-por-1a-vez-la-convencion-bancaria-2026\/","url":"https:\/\/nitu.mx\/index.php\/2026\/01\/20\/cancun-acogera-por-1a-vez-la-convencion-bancaria-2026\/","name":"Canc\u00fan acoger\u00e1 por 1a vez la Convenci\u00f3n Bancaria 2026 - Nitu - Noticias de la Industria Turistica","isPartOf":{"@id":"https:\/\/nitu.mx\/#website"},"primaryImageOfPage":{"@id":"https:\/\/nitu.mx\/index.php\/2026\/01\/20\/cancun-acogera-por-1a-vez-la-convencion-bancaria-2026\/#primaryimage"},"image":{"@id":"https:\/\/nitu.mx\/index.php\/2026\/01\/20\/cancun-acogera-por-1a-vez-la-convencion-bancaria-2026\/#primaryimage"},"thumbnailUrl":"https:\/\/nitu.mx\/wp-content\/uploads\/2026\/01\/FORO-BBVA-Mara-Lezama-FITUR-2026.jpg","datePublished":"2026-01-21T04:48:03+00:00","dateModified":"2026-01-21T04:48:04+00:00","breadcrumb":{"@id":"https:\/\/nitu.mx\/index.php\/2026\/01\/20\/cancun-acogera-por-1a-vez-la-convencion-bancaria-2026\/#breadcrumb"},"inLanguage":"es-MX","potentialAction":[{"@type":"ReadAction","target":["https:\/\/nitu.mx\/index.php\/2026\/01\/20\/cancun-acogera-por-1a-vez-la-convencion-bancaria-2026\/"]}]},{"@type":"ImageObject","inLanguage":"es-MX","@id":"https:\/\/nitu.mx\/index.php\/2026\/01\/20\/cancun-acogera-por-1a-vez-la-convencion-bancaria-2026\/#primaryimage","url":"https:\/\/nitu.mx\/wp-content\/uploads\/2026\/01\/FORO-BBVA-Mara-Lezama-FITUR-2026.jpg","contentUrl":"https:\/\/nitu.mx\/wp-content\/uploads\/2026\/01\/FORO-BBVA-Mara-Lezama-FITUR-2026.jpg","width":1200,"height":675,"caption":"FORO BBVA Mara Lezama FITUR 2026"},{"@type":"BreadcrumbList","@id":"https:\/\/nitu.mx\/index.php\/2026\/01\/20\/cancun-acogera-por-1a-vez-la-convencion-bancaria-2026\/#breadcrumb","itemListElement":[{"@type":"ListItem","position":1,"name":"Inicio","item":"https:\/\/nitu.mx\/"},{"@type":"ListItem","position":2,"name":"Canc\u00fan acoger\u00e1 por 1a vez la Convenci\u00f3n Bancaria 2026"}]},{"@type":"WebSite","@id":"https:\/\/nitu.mx\/#website","url":"https:\/\/nitu.mx\/","name":"Nitu - Noticias de la Industria Turistica","description":"Noticias de la Industria Turistica","publisher":{"@id":"https:\/\/nitu.mx\/#\/schema\/person\/ae7a53426417292d3dd07b45a33e01bc"},"alternateName":"Noticias de la Industria Turistica","potentialAction":[{"@type":"SearchAction","target":{"@type":"EntryPoint","urlTemplate":"https:\/\/nitu.mx\/?s={search_term_string}"},"query-input":"required name=search_term_string"}],"inLanguage":"es-MX"},{"@type":["Person","Organization"],"@id":"https:\/\/nitu.mx\/#\/schema\/person\/ae7a53426417292d3dd07b45a33e01bc","name":"Arturo Medina","image":{"@type":"ImageObject","inLanguage":"es-MX","@id":"https:\/\/nitu.mx\/#\/schema\/person\/image\/","url":"https:\/\/nitu.mx\/wp-content\/uploads\/2024\/04\/4A315622-1904-4D5C-B022-878CDC840E04-90x90-1.jpeg","contentUrl":"https:\/\/nitu.mx\/wp-content\/uploads\/2024\/04\/4A315622-1904-4D5C-B022-878CDC840E04-90x90-1.jpeg","width":90,"height":90,"caption":"Arturo Medina"},"logo":{"@id":"https:\/\/nitu.mx\/#\/schema\/person\/image\/"},"description":"Director NITU.mx, Egresado de la Escuela de Periodismo Carlos Septi\u00e9n Garc\u00eda. Periodista y analista especializado en turismo desde hace 35 a\u00f1os, radicado en Canc\u00fan Q.Roo. arturo@nitu.mx","sameAs":["https:\/\/nitu.mx","https:\/\/www.facebook.com\/NITUmx\/","medinacancun","https:\/\/twitter.com\/@Arturo_Medina_G"]},{"@type":"Person","@id":"https:\/\/nitu.mx\/#\/schema\/person\/4a28fe9bd65924f7c90623773daf1b0b","name":"Redacci\u00f3n","image":{"@type":"ImageObject","inLanguage":"es-MX","@id":"https:\/\/nitu.mx\/#\/schema\/person\/image\/","url":"https:\/\/secure.gravatar.com\/avatar\/5dd011c8ccfc5cd7e4c81e42252aab38?s=96&d=mm&r=g","contentUrl":"https:\/\/secure.gravatar.com\/avatar\/5dd011c8ccfc5cd7e4c81e42252aab38?s=96&d=mm&r=g","caption":"Redacci\u00f3n"},"url":"https:\/\/nitu.mx\/index.php\/author\/redaccion\/"}]}},"views":361,"_links":{"self":[{"href":"https:\/\/nitu.mx\/index.php\/wp-json\/wp\/v2\/posts\/85726"}],"collection":[{"href":"https:\/\/nitu.mx\/index.php\/wp-json\/wp\/v2\/posts"}],"about":[{"href":"https:\/\/nitu.mx\/index.php\/wp-json\/wp\/v2\/types\/post"}],"author":[{"embeddable":true,"href":"https:\/\/nitu.mx\/index.php\/wp-json\/wp\/v2\/users\/17"}],"replies":[{"embeddable":true,"href":"https:\/\/nitu.mx\/index.php\/wp-json\/wp\/v2\/comments?post=85726"}],"version-history":[{"count":4,"href":"https:\/\/nitu.mx\/index.php\/wp-json\/wp\/v2\/posts\/85726\/revisions"}],"predecessor-version":[{"id":85742,"href":"https:\/\/nitu.mx\/index.php\/wp-json\/wp\/v2\/posts\/85726\/revisions\/85742"}],"wp:featuredmedia":[{"embeddable":true,"href":"https:\/\/nitu.mx\/index.php\/wp-json\/wp\/v2\/media\/85741"}],"wp:attachment":[{"href":"https:\/\/nitu.mx\/index.php\/wp-json\/wp\/v2\/media?parent=85726"}],"wp:term":[{"taxonomy":"category","embeddable":true,"href":"https:\/\/nitu.mx\/index.php\/wp-json\/wp\/v2\/categories?post=85726"},{"taxonomy":"post_tag","embeddable":true,"href":"https:\/\/nitu.mx\/index.php\/wp-json\/wp\/v2\/tags?post=85726"}],"curies":[{"name":"wp","href":"https:\/\/api.w.org\/{rel}","templated":true}]}}