{"id":85720,"date":"2026-01-20T22:32:48","date_gmt":"2026-01-21T04:32:48","guid":{"rendered":"https:\/\/nitu.mx\/?p=85720"},"modified":"2026-01-20T22:32:49","modified_gmt":"2026-01-21T04:32:49","slug":"sectur-abre-en-madrid-ventana-a-mexico-para-venta-y-exposicion-de-artesanias-y-plataforma-de-promocion","status":"publish","type":"post","link":"https:\/\/nitu.mx\/index.php\/2026\/01\/20\/sectur-abre-en-madrid-ventana-a-mexico-para-venta-y-exposicion-de-artesanias-y-plataforma-de-promocion\/","title":{"rendered":"Sectur abre en Madrid Ventana a M\u00e9xico para venta y exposici\u00f3n de artesan\u00edas y plataforma de promoci\u00f3n"},"content":{"rendered":"\n<p>A un d\u00eda de dar inicio formalmente la Feria Internacional de Turismo 2026 (FITUR), la secretaria de Turismo federal, Josefina Rodr\u00edguez Zamora, y el embajador de M\u00e9xico en Espa\u00f1a, Quirino Ordaz Coppel, encabezaron en Madrid la inauguraci\u00f3n del primer espacio dedicado a la promoci\u00f3n, exposici\u00f3n y comercializaci\u00f3n de artesan\u00edas mexicanas: Ventana a M\u00e9xico.<\/p>\n\n\n\n<p>En este contexto, y con M\u00e9xico como Pa\u00eds Socio, Ventana a M\u00e9xico fue instalado en colaboraci\u00f3n con Viajes El Corte Ingl\u00e9s en la emblem\u00e1tica calle Serrano de Madrid, marcando un precedente en la estrategia de diplomacia tur\u00edstica, cultural y comercial del pa\u00eds.<\/p>\n\n\n\n<p>\u201cVamos a empezar con esta gran ventana de oportunidad para nuestras artesanas y artesanos. Estar hoy en este lugar emblem\u00e1tico de Viajes El Corte Ingl\u00e9s, y el hecho de que puedan subir, ver, preguntar y conocer lo que implica traer sus obras de arte a Europa, y estar hoy en Espa\u00f1a, les cambia la vida entera. Eso es el turismo, eso hacemos todos los estados. Del 20 al 22, de 10 de la ma\u00f1ana a 7 de la noche, podr\u00e1n venir a adquirir piezas \u00fanicas y hermosas de todo M\u00e9xico\u201d, declar\u00f3.<\/p>\n\n\n\n<p>La titular de la Secretar\u00eda de Turismo (Sectur) subray\u00f3 la importancia de crear plataformas de visibilidad y acceso internacional para las y los artesanos mexicanos, quienes, por primera vez, no s\u00f3lo exhibir\u00e1n, sino tambi\u00e9n comercializar\u00e1n directamente sus productos.<\/p>\n\n\n\n<p>Refiri\u00f3 que la artesan\u00eda mexicana constituye una de las expresiones culturales m\u00e1s profundas del pa\u00eds, toda vez que en cada pieza convergen identidad, t\u00e9cnica ancestral, simbolismo y saber comunitario.<\/p>\n\n\n\n<p>Destac\u00f3 que este patrimonio vivo aporta un valor excepcional a la promoci\u00f3n tur\u00edstica, al convertirse en un puente aut\u00e9ntico hacia las ra\u00edces y la diversidad de M\u00e9xico. Su presencia en mercados internacionales fortalece la imagen del pa\u00eds, enriquece la experiencia del visitante y genera oportunidades productivas para miles de familias artesanas, consolidando al turismo como un generador de Prosperidad Compartida.<\/p>\n\n\n\n<p>Como parte de las actividades previas al corte de list\u00f3n de Fitur 2026, y acompa\u00f1ada por el director general del Fondo Nacional de Fomento al Turismo (Fonatur), Sebasti\u00e1n Ram\u00edrez Mendoza; gobernadoras y gobernadores, as\u00ed como secretarias y secretarios de Turismo, Rodr\u00edguez Zamora particip\u00f3 en el Foro Turismo e Inversi\u00f3n, organizado por BBVA en el Palacio del Marqu\u00e9s de Salamanca, donde present\u00f3 perspectivas del turismo mexicano y oportunidades de inversi\u00f3n.<\/p>\n\n\n\n<p>Durante su intervenci\u00f3n, se destac\u00f3 el desempe\u00f1o del sector, con crecimientos acumulados en la llegada de turistas y visitantes internacionales, cifras hist\u00f3ricas en derrama econ\u00f3mica, as\u00ed como una cartera de inversi\u00f3n tur\u00edstica privada superior a 36 mil millones de d\u00f3lares, integrada por m\u00e1s de 700 proyectos a nivel nacional, lo que posiciona al turismo como una palanca estrat\u00e9gica de desarrollo para 2026.<\/p>\n\n\n\n<p>\u201cHoy vamos por m\u00e1s. No s\u00f3lo queremos m\u00e1s turistas: queremos m\u00e1s inversi\u00f3n, m\u00e1s gasto, mayor conectividad y un sector fortalecido. Este foro nos permitir\u00e1 compartir la visi\u00f3n que tiene la Secretar\u00eda de Turismo en un Gobierno de M\u00e9xico que apuesta por el turismo como generador de derrama econ\u00f3mica, con una palabra clave: prosperidad compartida\u201d, declar\u00f3.<\/p>\n\n\n\n<p>Sostuvo una reuni\u00f3n bilateral con el ministro de Industria y Turismo del Reino de Espa\u00f1a, Jordi Hereu Boher, en la que se acordaron acciones estrat\u00e9gicas en cuatro ejes fundamentales: la coordinaci\u00f3n rumbo al Consejo Ejecutivo de ONU Turismo, la participaci\u00f3n de M\u00e9xico como Pa\u00eds Invitado en FITUR 2026, el fortalecimiento de los flujos tur\u00edsticos entre ambos pa\u00edses y la identificaci\u00f3n de nuevas oportunidades de desarrollo a partir de la Estrategia Espa\u00f1a Turismo 2030.<\/p>\n\n\n\n<p>Este di\u00e1logo de alto nivel refrenda la voluntad de M\u00e9xico y Espa\u00f1a de consolidar al turismo como un motor de desarrollo econ\u00f3mico, intercambio cultural y proyecci\u00f3n internacional, as\u00ed como de profundizar una relaci\u00f3n hist\u00f3rica basada en la cooperaci\u00f3n y la visi\u00f3n compartida de un turismo m\u00e1s sostenible, competitivo e innovador.<\/p>\n\n\n\n<p>Finalmente, la secretaria de Turismo particip\u00f3 en el corte de list\u00f3n de la obra El Oso y El Madro\u00f1o, del artista C\u00e9sar Menchaca, instalada en la Puerta del Sol, donde refrend\u00f3 el compromiso de M\u00e9xico con la comunidad art\u00edstica y con iniciativas que fortalecen la presencia cultural del pa\u00eds en uno de los espacios m\u00e1s emblem\u00e1ticos de Madrid. (<a href=\"https:\/\/nitu.mx\/index.php\/2026\/01\/13\/mexico-brillara-en-fitur-2026-como-pais-socio-ante-mas-de-250-mil-asistentes\/\">M\u00e9xico brillar\u00e1 en FITUR 2026 como Pa\u00eds Socio ante m\u00e1s de 250 mil asistentes<\/a>).<\/p>\n","protected":false},"excerpt":{"rendered":"<p>A un d\u00eda de dar inicio formalmente la Feria Internacional de Turismo 2026 (FITUR), la secretaria de Turismo federal, Josefina Rodr\u00edguez Zamora, y el embajador de M\u00e9xico en Espa\u00f1a, Quirino Ordaz Coppel, encabezaron en Madrid la inauguraci\u00f3n del primer espacio dedicado a la promoci\u00f3n, exposici\u00f3n y comercializaci\u00f3n de artesan\u00edas mexicanas: Ventana a M\u00e9xico. En este [&hellip;]<\/p>\n","protected":false},"author":17,"featured_media":85722,"comment_status":"closed","ping_status":"closed","sticky":false,"template":"","format":"standard","meta":{"footnotes":""},"categories":[24423,6],"tags":[1213,25659,126,6764,93],"yoast_head":"<!-- This site is optimized with the Yoast SEO plugin v22.2 - https:\/\/yoast.com\/wordpress\/plugins\/seo\/ -->\n<title>Sectur abre en Madrid Ventana a M\u00e9xico para venta y exposici\u00f3n de artesan\u00edas y plataforma de promoci\u00f3n - Nitu - Noticias de la Industria Turistica<\/title>\n<meta name=\"robots\" content=\"index, follow, max-snippet:-1, max-image-preview:large, max-video-preview:-1\" \/>\n<link rel=\"canonical\" href=\"https:\/\/nitu.mx\/index.php\/2026\/01\/20\/sectur-abre-en-madrid-ventana-a-mexico-para-venta-y-exposicion-de-artesanias-y-plataforma-de-promocion\/\" \/>\n<meta name=\"twitter:card\" content=\"summary_large_image\" \/>\n<meta name=\"twitter:title\" content=\"Sectur abre en Madrid Ventana a M\u00e9xico para venta y exposici\u00f3n de artesan\u00edas y plataforma de promoci\u00f3n - Nitu - Noticias de la Industria Turistica\" \/>\n<meta name=\"twitter:description\" content=\"A un d\u00eda de dar inicio formalmente la Feria Internacional de Turismo 2026 (FITUR), la secretaria de Turismo federal, Josefina Rodr\u00edguez Zamora, y el embajador de M\u00e9xico en Espa\u00f1a, Quirino Ordaz Coppel, encabezaron en Madrid la inauguraci\u00f3n del primer espacio dedicado a la promoci\u00f3n, exposici\u00f3n y comercializaci\u00f3n de artesan\u00edas mexicanas: Ventana a M\u00e9xico. En este [&hellip;]\" \/>\n<meta name=\"twitter:image\" content=\"https:\/\/nitu.mx\/wp-content\/uploads\/2026\/01\/Ventana-a-Mexico-FITUR-2026.jpg\" \/>\n<meta name=\"twitter:creator\" content=\"@NITUmx\" \/>\n<meta name=\"twitter:site\" content=\"@Arturo_Medina_G\" \/>\n<meta name=\"twitter:label1\" content=\"Escrito por\" \/>\n\t<meta name=\"twitter:data1\" content=\"Redacci\u00f3n\" \/>\n\t<meta name=\"twitter:label2\" content=\"Tiempo de lectura\" \/>\n\t<meta name=\"twitter:data2\" content=\"4 minutos\" \/>\n<script type=\"application\/ld+json\" class=\"yoast-schema-graph\">{\"@context\":\"https:\/\/schema.org\",\"@graph\":[{\"@type\":\"Article\",\"@id\":\"https:\/\/nitu.mx\/index.php\/2026\/01\/20\/sectur-abre-en-madrid-ventana-a-mexico-para-venta-y-exposicion-de-artesanias-y-plataforma-de-promocion\/#article\",\"isPartOf\":{\"@id\":\"https:\/\/nitu.mx\/index.php\/2026\/01\/20\/sectur-abre-en-madrid-ventana-a-mexico-para-venta-y-exposicion-de-artesanias-y-plataforma-de-promocion\/\"},\"author\":{\"name\":\"Redacci\u00f3n\",\"@id\":\"https:\/\/nitu.mx\/#\/schema\/person\/4a28fe9bd65924f7c90623773daf1b0b\"},\"headline\":\"Sectur abre en Madrid Ventana a M\u00e9xico para venta y exposici\u00f3n de artesan\u00edas y plataforma de promoci\u00f3n\",\"datePublished\":\"2026-01-21T04:32:48+00:00\",\"dateModified\":\"2026-01-21T04:32:49+00:00\",\"mainEntityOfPage\":{\"@id\":\"https:\/\/nitu.mx\/index.php\/2026\/01\/20\/sectur-abre-en-madrid-ventana-a-mexico-para-venta-y-exposicion-de-artesanias-y-plataforma-de-promocion\/\"},\"wordCount\":800,\"publisher\":{\"@id\":\"https:\/\/nitu.mx\/#\/schema\/person\/ae7a53426417292d3dd07b45a33e01bc\"},\"image\":{\"@id\":\"https:\/\/nitu.mx\/index.php\/2026\/01\/20\/sectur-abre-en-madrid-ventana-a-mexico-para-venta-y-exposicion-de-artesanias-y-plataforma-de-promocion\/#primaryimage\"},\"thumbnailUrl\":\"https:\/\/nitu.mx\/wp-content\/uploads\/2026\/01\/Ventana-a-Mexico-FITUR-2026.jpg\",\"keywords\":[\"Espa\u00f1a\",\"Josefina Rodr\u00edguez\",\"Madrid\",\"promoci\u00f3n\",\"Sectur\"],\"articleSection\":[\"FITUR\",\"M\u00e9xico\"],\"inLanguage\":\"es-MX\"},{\"@type\":\"WebPage\",\"@id\":\"https:\/\/nitu.mx\/index.php\/2026\/01\/20\/sectur-abre-en-madrid-ventana-a-mexico-para-venta-y-exposicion-de-artesanias-y-plataforma-de-promocion\/\",\"url\":\"https:\/\/nitu.mx\/index.php\/2026\/01\/20\/sectur-abre-en-madrid-ventana-a-mexico-para-venta-y-exposicion-de-artesanias-y-plataforma-de-promocion\/\",\"name\":\"Sectur abre en Madrid Ventana a M\u00e9xico para venta y exposici\u00f3n de artesan\u00edas y plataforma de promoci\u00f3n - Nitu - Noticias de la Industria Turistica\",\"isPartOf\":{\"@id\":\"https:\/\/nitu.mx\/#website\"},\"primaryImageOfPage\":{\"@id\":\"https:\/\/nitu.mx\/index.php\/2026\/01\/20\/sectur-abre-en-madrid-ventana-a-mexico-para-venta-y-exposicion-de-artesanias-y-plataforma-de-promocion\/#primaryimage\"},\"image\":{\"@id\":\"https:\/\/nitu.mx\/index.php\/2026\/01\/20\/sectur-abre-en-madrid-ventana-a-mexico-para-venta-y-exposicion-de-artesanias-y-plataforma-de-promocion\/#primaryimage\"},\"thumbnailUrl\":\"https:\/\/nitu.mx\/wp-content\/uploads\/2026\/01\/Ventana-a-Mexico-FITUR-2026.jpg\",\"datePublished\":\"2026-01-21T04:32:48+00:00\",\"dateModified\":\"2026-01-21T04:32:49+00:00\",\"breadcrumb\":{\"@id\":\"https:\/\/nitu.mx\/index.php\/2026\/01\/20\/sectur-abre-en-madrid-ventana-a-mexico-para-venta-y-exposicion-de-artesanias-y-plataforma-de-promocion\/#breadcrumb\"},\"inLanguage\":\"es-MX\",\"potentialAction\":[{\"@type\":\"ReadAction\",\"target\":[\"https:\/\/nitu.mx\/index.php\/2026\/01\/20\/sectur-abre-en-madrid-ventana-a-mexico-para-venta-y-exposicion-de-artesanias-y-plataforma-de-promocion\/\"]}]},{\"@type\":\"ImageObject\",\"inLanguage\":\"es-MX\",\"@id\":\"https:\/\/nitu.mx\/index.php\/2026\/01\/20\/sectur-abre-en-madrid-ventana-a-mexico-para-venta-y-exposicion-de-artesanias-y-plataforma-de-promocion\/#primaryimage\",\"url\":\"https:\/\/nitu.mx\/wp-content\/uploads\/2026\/01\/Ventana-a-Mexico-FITUR-2026.jpg\",\"contentUrl\":\"https:\/\/nitu.mx\/wp-content\/uploads\/2026\/01\/Ventana-a-Mexico-FITUR-2026.jpg\",\"width\":1200,\"height\":675,\"caption\":\"Ventana a M\u00e9xico FITUR 2026\"},{\"@type\":\"BreadcrumbList\",\"@id\":\"https:\/\/nitu.mx\/index.php\/2026\/01\/20\/sectur-abre-en-madrid-ventana-a-mexico-para-venta-y-exposicion-de-artesanias-y-plataforma-de-promocion\/#breadcrumb\",\"itemListElement\":[{\"@type\":\"ListItem\",\"position\":1,\"name\":\"Inicio\",\"item\":\"https:\/\/nitu.mx\/\"},{\"@type\":\"ListItem\",\"position\":2,\"name\":\"Sectur abre en Madrid Ventana a M\u00e9xico para venta y exposici\u00f3n de artesan\u00edas y plataforma de promoci\u00f3n\"}]},{\"@type\":\"WebSite\",\"@id\":\"https:\/\/nitu.mx\/#website\",\"url\":\"https:\/\/nitu.mx\/\",\"name\":\"Nitu - Noticias de la Industria Turistica\",\"description\":\"Noticias de la Industria Turistica\",\"publisher\":{\"@id\":\"https:\/\/nitu.mx\/#\/schema\/person\/ae7a53426417292d3dd07b45a33e01bc\"},\"alternateName\":\"Noticias de la Industria Turistica\",\"potentialAction\":[{\"@type\":\"SearchAction\",\"target\":{\"@type\":\"EntryPoint\",\"urlTemplate\":\"https:\/\/nitu.mx\/?s={search_term_string}\"},\"query-input\":\"required name=search_term_string\"}],\"inLanguage\":\"es-MX\"},{\"@type\":[\"Person\",\"Organization\"],\"@id\":\"https:\/\/nitu.mx\/#\/schema\/person\/ae7a53426417292d3dd07b45a33e01bc\",\"name\":\"Arturo Medina\",\"image\":{\"@type\":\"ImageObject\",\"inLanguage\":\"es-MX\",\"@id\":\"https:\/\/nitu.mx\/#\/schema\/person\/image\/\",\"url\":\"https:\/\/nitu.mx\/wp-content\/uploads\/2024\/04\/4A315622-1904-4D5C-B022-878CDC840E04-90x90-1.jpeg\",\"contentUrl\":\"https:\/\/nitu.mx\/wp-content\/uploads\/2024\/04\/4A315622-1904-4D5C-B022-878CDC840E04-90x90-1.jpeg\",\"width\":90,\"height\":90,\"caption\":\"Arturo Medina\"},\"logo\":{\"@id\":\"https:\/\/nitu.mx\/#\/schema\/person\/image\/\"},\"description\":\"Director NITU.mx, Egresado de la Escuela de Periodismo Carlos Septi\u00e9n Garc\u00eda. Periodista y analista especializado en turismo desde hace 35 a\u00f1os, radicado en Canc\u00fan Q.Roo. arturo@nitu.mx\",\"sameAs\":[\"https:\/\/nitu.mx\",\"https:\/\/www.facebook.com\/NITUmx\/\",\"medinacancun\",\"https:\/\/twitter.com\/@Arturo_Medina_G\"]},{\"@type\":\"Person\",\"@id\":\"https:\/\/nitu.mx\/#\/schema\/person\/4a28fe9bd65924f7c90623773daf1b0b\",\"name\":\"Redacci\u00f3n\",\"image\":{\"@type\":\"ImageObject\",\"inLanguage\":\"es-MX\",\"@id\":\"https:\/\/nitu.mx\/#\/schema\/person\/image\/\",\"url\":\"https:\/\/secure.gravatar.com\/avatar\/5dd011c8ccfc5cd7e4c81e42252aab38?s=96&d=mm&r=g\",\"contentUrl\":\"https:\/\/secure.gravatar.com\/avatar\/5dd011c8ccfc5cd7e4c81e42252aab38?s=96&d=mm&r=g\",\"caption\":\"Redacci\u00f3n\"},\"url\":\"https:\/\/nitu.mx\/index.php\/author\/redaccion\/\"}]}<\/script>\n<!-- \/ Yoast SEO plugin. -->","yoast_head_json":{"title":"Sectur abre en Madrid Ventana a M\u00e9xico para venta y exposici\u00f3n de artesan\u00edas y plataforma de promoci\u00f3n - Nitu - Noticias de la Industria Turistica","robots":{"index":"index","follow":"follow","max-snippet":"max-snippet:-1","max-image-preview":"max-image-preview:large","max-video-preview":"max-video-preview:-1"},"canonical":"https:\/\/nitu.mx\/index.php\/2026\/01\/20\/sectur-abre-en-madrid-ventana-a-mexico-para-venta-y-exposicion-de-artesanias-y-plataforma-de-promocion\/","twitter_card":"summary_large_image","twitter_title":"Sectur abre en Madrid Ventana a M\u00e9xico para venta y exposici\u00f3n de artesan\u00edas y plataforma de promoci\u00f3n - Nitu - Noticias de la Industria Turistica","twitter_description":"A un d\u00eda de dar inicio formalmente la Feria Internacional de Turismo 2026 (FITUR), la secretaria de Turismo federal, Josefina Rodr\u00edguez Zamora, y el embajador de M\u00e9xico en Espa\u00f1a, Quirino Ordaz Coppel, encabezaron en Madrid la inauguraci\u00f3n del primer espacio dedicado a la promoci\u00f3n, exposici\u00f3n y comercializaci\u00f3n de artesan\u00edas mexicanas: Ventana a M\u00e9xico. En este [&hellip;]","twitter_image":"https:\/\/nitu.mx\/wp-content\/uploads\/2026\/01\/Ventana-a-Mexico-FITUR-2026.jpg","twitter_creator":"@NITUmx","twitter_site":"@Arturo_Medina_G","twitter_misc":{"Escrito por":"Redacci\u00f3n","Tiempo de lectura":"4 minutos"},"schema":{"@context":"https:\/\/schema.org","@graph":[{"@type":"Article","@id":"https:\/\/nitu.mx\/index.php\/2026\/01\/20\/sectur-abre-en-madrid-ventana-a-mexico-para-venta-y-exposicion-de-artesanias-y-plataforma-de-promocion\/#article","isPartOf":{"@id":"https:\/\/nitu.mx\/index.php\/2026\/01\/20\/sectur-abre-en-madrid-ventana-a-mexico-para-venta-y-exposicion-de-artesanias-y-plataforma-de-promocion\/"},"author":{"name":"Redacci\u00f3n","@id":"https:\/\/nitu.mx\/#\/schema\/person\/4a28fe9bd65924f7c90623773daf1b0b"},"headline":"Sectur abre en Madrid Ventana a M\u00e9xico para venta y exposici\u00f3n de artesan\u00edas y plataforma de promoci\u00f3n","datePublished":"2026-01-21T04:32:48+00:00","dateModified":"2026-01-21T04:32:49+00:00","mainEntityOfPage":{"@id":"https:\/\/nitu.mx\/index.php\/2026\/01\/20\/sectur-abre-en-madrid-ventana-a-mexico-para-venta-y-exposicion-de-artesanias-y-plataforma-de-promocion\/"},"wordCount":800,"publisher":{"@id":"https:\/\/nitu.mx\/#\/schema\/person\/ae7a53426417292d3dd07b45a33e01bc"},"image":{"@id":"https:\/\/nitu.mx\/index.php\/2026\/01\/20\/sectur-abre-en-madrid-ventana-a-mexico-para-venta-y-exposicion-de-artesanias-y-plataforma-de-promocion\/#primaryimage"},"thumbnailUrl":"https:\/\/nitu.mx\/wp-content\/uploads\/2026\/01\/Ventana-a-Mexico-FITUR-2026.jpg","keywords":["Espa\u00f1a","Josefina Rodr\u00edguez","Madrid","promoci\u00f3n","Sectur"],"articleSection":["FITUR","M\u00e9xico"],"inLanguage":"es-MX"},{"@type":"WebPage","@id":"https:\/\/nitu.mx\/index.php\/2026\/01\/20\/sectur-abre-en-madrid-ventana-a-mexico-para-venta-y-exposicion-de-artesanias-y-plataforma-de-promocion\/","url":"https:\/\/nitu.mx\/index.php\/2026\/01\/20\/sectur-abre-en-madrid-ventana-a-mexico-para-venta-y-exposicion-de-artesanias-y-plataforma-de-promocion\/","name":"Sectur abre en Madrid Ventana a M\u00e9xico para venta y exposici\u00f3n de artesan\u00edas y plataforma de promoci\u00f3n - Nitu - Noticias de la Industria Turistica","isPartOf":{"@id":"https:\/\/nitu.mx\/#website"},"primaryImageOfPage":{"@id":"https:\/\/nitu.mx\/index.php\/2026\/01\/20\/sectur-abre-en-madrid-ventana-a-mexico-para-venta-y-exposicion-de-artesanias-y-plataforma-de-promocion\/#primaryimage"},"image":{"@id":"https:\/\/nitu.mx\/index.php\/2026\/01\/20\/sectur-abre-en-madrid-ventana-a-mexico-para-venta-y-exposicion-de-artesanias-y-plataforma-de-promocion\/#primaryimage"},"thumbnailUrl":"https:\/\/nitu.mx\/wp-content\/uploads\/2026\/01\/Ventana-a-Mexico-FITUR-2026.jpg","datePublished":"2026-01-21T04:32:48+00:00","dateModified":"2026-01-21T04:32:49+00:00","breadcrumb":{"@id":"https:\/\/nitu.mx\/index.php\/2026\/01\/20\/sectur-abre-en-madrid-ventana-a-mexico-para-venta-y-exposicion-de-artesanias-y-plataforma-de-promocion\/#breadcrumb"},"inLanguage":"es-MX","potentialAction":[{"@type":"ReadAction","target":["https:\/\/nitu.mx\/index.php\/2026\/01\/20\/sectur-abre-en-madrid-ventana-a-mexico-para-venta-y-exposicion-de-artesanias-y-plataforma-de-promocion\/"]}]},{"@type":"ImageObject","inLanguage":"es-MX","@id":"https:\/\/nitu.mx\/index.php\/2026\/01\/20\/sectur-abre-en-madrid-ventana-a-mexico-para-venta-y-exposicion-de-artesanias-y-plataforma-de-promocion\/#primaryimage","url":"https:\/\/nitu.mx\/wp-content\/uploads\/2026\/01\/Ventana-a-Mexico-FITUR-2026.jpg","contentUrl":"https:\/\/nitu.mx\/wp-content\/uploads\/2026\/01\/Ventana-a-Mexico-FITUR-2026.jpg","width":1200,"height":675,"caption":"Ventana a M\u00e9xico FITUR 2026"},{"@type":"BreadcrumbList","@id":"https:\/\/nitu.mx\/index.php\/2026\/01\/20\/sectur-abre-en-madrid-ventana-a-mexico-para-venta-y-exposicion-de-artesanias-y-plataforma-de-promocion\/#breadcrumb","itemListElement":[{"@type":"ListItem","position":1,"name":"Inicio","item":"https:\/\/nitu.mx\/"},{"@type":"ListItem","position":2,"name":"Sectur abre en Madrid Ventana a M\u00e9xico para venta y exposici\u00f3n de artesan\u00edas y plataforma de promoci\u00f3n"}]},{"@type":"WebSite","@id":"https:\/\/nitu.mx\/#website","url":"https:\/\/nitu.mx\/","name":"Nitu - Noticias de la Industria Turistica","description":"Noticias de la Industria Turistica","publisher":{"@id":"https:\/\/nitu.mx\/#\/schema\/person\/ae7a53426417292d3dd07b45a33e01bc"},"alternateName":"Noticias de la Industria Turistica","potentialAction":[{"@type":"SearchAction","target":{"@type":"EntryPoint","urlTemplate":"https:\/\/nitu.mx\/?s={search_term_string}"},"query-input":"required name=search_term_string"}],"inLanguage":"es-MX"},{"@type":["Person","Organization"],"@id":"https:\/\/nitu.mx\/#\/schema\/person\/ae7a53426417292d3dd07b45a33e01bc","name":"Arturo Medina","image":{"@type":"ImageObject","inLanguage":"es-MX","@id":"https:\/\/nitu.mx\/#\/schema\/person\/image\/","url":"https:\/\/nitu.mx\/wp-content\/uploads\/2024\/04\/4A315622-1904-4D5C-B022-878CDC840E04-90x90-1.jpeg","contentUrl":"https:\/\/nitu.mx\/wp-content\/uploads\/2024\/04\/4A315622-1904-4D5C-B022-878CDC840E04-90x90-1.jpeg","width":90,"height":90,"caption":"Arturo Medina"},"logo":{"@id":"https:\/\/nitu.mx\/#\/schema\/person\/image\/"},"description":"Director NITU.mx, Egresado de la Escuela de Periodismo Carlos Septi\u00e9n Garc\u00eda. Periodista y analista especializado en turismo desde hace 35 a\u00f1os, radicado en Canc\u00fan Q.Roo. arturo@nitu.mx","sameAs":["https:\/\/nitu.mx","https:\/\/www.facebook.com\/NITUmx\/","medinacancun","https:\/\/twitter.com\/@Arturo_Medina_G"]},{"@type":"Person","@id":"https:\/\/nitu.mx\/#\/schema\/person\/4a28fe9bd65924f7c90623773daf1b0b","name":"Redacci\u00f3n","image":{"@type":"ImageObject","inLanguage":"es-MX","@id":"https:\/\/nitu.mx\/#\/schema\/person\/image\/","url":"https:\/\/secure.gravatar.com\/avatar\/5dd011c8ccfc5cd7e4c81e42252aab38?s=96&d=mm&r=g","contentUrl":"https:\/\/secure.gravatar.com\/avatar\/5dd011c8ccfc5cd7e4c81e42252aab38?s=96&d=mm&r=g","caption":"Redacci\u00f3n"},"url":"https:\/\/nitu.mx\/index.php\/author\/redaccion\/"}]}},"views":336,"_links":{"self":[{"href":"https:\/\/nitu.mx\/index.php\/wp-json\/wp\/v2\/posts\/85720"}],"collection":[{"href":"https:\/\/nitu.mx\/index.php\/wp-json\/wp\/v2\/posts"}],"about":[{"href":"https:\/\/nitu.mx\/index.php\/wp-json\/wp\/v2\/types\/post"}],"author":[{"embeddable":true,"href":"https:\/\/nitu.mx\/index.php\/wp-json\/wp\/v2\/users\/17"}],"replies":[{"embeddable":true,"href":"https:\/\/nitu.mx\/index.php\/wp-json\/wp\/v2\/comments?post=85720"}],"version-history":[{"count":2,"href":"https:\/\/nitu.mx\/index.php\/wp-json\/wp\/v2\/posts\/85720\/revisions"}],"predecessor-version":[{"id":85725,"href":"https:\/\/nitu.mx\/index.php\/wp-json\/wp\/v2\/posts\/85720\/revisions\/85725"}],"wp:featuredmedia":[{"embeddable":true,"href":"https:\/\/nitu.mx\/index.php\/wp-json\/wp\/v2\/media\/85722"}],"wp:attachment":[{"href":"https:\/\/nitu.mx\/index.php\/wp-json\/wp\/v2\/media?parent=85720"}],"wp:term":[{"taxonomy":"category","embeddable":true,"href":"https:\/\/nitu.mx\/index.php\/wp-json\/wp\/v2\/categories?post=85720"},{"taxonomy":"post_tag","embeddable":true,"href":"https:\/\/nitu.mx\/index.php\/wp-json\/wp\/v2\/tags?post=85720"}],"curies":[{"name":"wp","href":"https:\/\/api.w.org\/{rel}","templated":true}]}}