{"id":85712,"date":"2026-01-20T22:06:34","date_gmt":"2026-01-21T04:06:34","guid":{"rendered":"https:\/\/nitu.mx\/?p=85712"},"modified":"2026-01-20T22:06:35","modified_gmt":"2026-01-21T04:06:35","slug":"guanajuato-lanza-su-nueva-marca-turistica-en-el-marco-de-fitur","status":"publish","type":"post","link":"https:\/\/nitu.mx\/index.php\/2026\/01\/20\/guanajuato-lanza-su-nueva-marca-turistica-en-el-marco-de-fitur\/","title":{"rendered":"Guanajuato lanza su nueva marca tur\u00edstica en el marco de FITUR"},"content":{"rendered":"\n<p>La Gobernadora de Guanajuato, Libia Dennise Garc\u00eda Mu\u00f1oz Ledo, inici\u00f3 una intensa gira de trabajo en Madrid, con la cual se abre una agenda internacional en materia cultural, tur\u00edstica y de relaciones institucionales que promueve a Guanajuato en Espa\u00f1a.<\/p>\n\n\n\n<p>\u201cHemos venido desde M\u00e9xico con el coraz\u00f3n abierto, llenos de historia, de sabores, de tradiciones, de arte, de risas y de esa calidez humana que nos caracteriza. Hoy hemos venido a traerles una invitaci\u00f3n a recorrer los caminos de Guanajuato, un Estado donde cada ruta, cada pueblo, cada plaza y cada rostro cuentan algo que merece ser compartido con el mundo\u201d.<\/p>\n\n\n\n<p>\u201cPorque en Guanajuato los caminos no solo llevan a destinos: llevan a experiencias. Y eso es justamente lo que queremos celebrar el d\u00eda de hoy\u201d, expres\u00f3 la Gobernadora Libia Dennise durante el lanzamiento internacional de la nueva marca tur\u00edstica de Guanajuato, dentro de la Feria Internacional de Turismo (FITUR) 2026.<\/p>\n\n\n\n<p>Este lanzamiento se realiz\u00f3 de manera simult\u00e1nea en tres sedes: el Palacio de Neptuno en Madrid, Espa\u00f1a; la Explanada del Monumento a la Madre, en Ciudad de M\u00e9xico; y el Arco de la Calzada, en Le\u00f3n, Guanajuato.<\/p>\n\n\n\n<p>\u201cGuanajuato es el puente que une culturas, generaciones, emociones y visi\u00f3n de futuro. Guanajuato es un estado que se siente en el coraz\u00f3n y eso s\u00f3lo puede entenderlo quien ha caminado por ah\u00ed, quien ha conversado con su gente y quien se ha dejado sorprender por su autenticidad\u201d, dijo la gobernadora.<\/p>\n\n\n\n<p>La Nueva Marca Tur\u00edstica del Estado de Guanajuato surge como una evoluci\u00f3n estrat\u00e9gica. Reconoce que la historia de M\u00e9xico comenz\u00f3 con un camino, pero entiende que hoy los viajeros buscan algo m\u00e1s que destinos: buscan experiencias, emociones y relatos propios.<\/p>\n\n\n\n<p>Bajo esta visi\u00f3n, la marca funciona como un sistema integral de identidad y posicionamiento que articula el patrimonio hist\u00f3rico del estado, la diversidad de su oferta tur\u00edstica actual y la participaci\u00f3n de su gente como protagonista del turismo.<\/p>\n\n\n\n<p>Esta nueva narrativa posiciona a Guanajuato como un destino multifac\u00e9tico y contempor\u00e1neo, donde conviven cultura y patrimonio vivo, la gastronom\u00eda con identidad, el romance, la aventura y la naturaleza, el enoturismo, el turismo de bienestar y el turismo de negocios, entendiendo la historia como punto de partida.<\/p>\n\n\n\n<p>La presentaci\u00f3n en Madrid fortalece el posicionamiento de Guanajuato en mercados internacionales, particularmente en Espa\u00f1a, el segundo mercado emisor de turistas hacia la entidad, con m\u00e1s de 201 mil visitantes y una derrama econ\u00f3mica superior a 475 millones de pesos en 2024.<\/p>\n\n\n\n<p>\u201cVenimos a decirles que Guanajuato est\u00e1 listo para recibirlos, para sorprenderlos, para caminar juntos hacia nuevas experiencias. Hoy les entregamos esta marca que hemos construido con dedicaci\u00f3n, con creatividad, con sensibilidad y con much\u00edsimo amor\u201d, expres\u00f3 la Mandataria Estatal. (<a href=\"https:\/\/nitu.mx\/index.php\/2026\/01\/08\/aniversario-450-de-leon-llega-a-billete-conmemorativo-de-la-loteria-nacional\/\">Aniversario 450 de Le\u00f3n llega a billete conmemorativo de la Loter\u00eda Nacional<\/a>).<\/p>\n\n\n\n<p><strong>Gobernadora arranca gira por Madrid honrando a Jos\u00e9 Alfredo Jim\u00e9nez<\/strong><\/p>\n\n\n\n<p>\u201cDicen que la m\u00fasica es la distancia m\u00e1s corta entre dos corazones y esa distancia entre M\u00e9xico y Espa\u00f1a desaparece gracias a nuestras canciones\u201d dijo la gobernadora al encabezar la ceremonia por el Centenario del Natalicio de Jos\u00e9 Alfredo Jim\u00e9nez, \u201cEl Rey\u201d, en el Jard\u00edn Superior de la Residencia Oficial de la Embajada de M\u00e9xico en Espa\u00f1a.\u00a0<\/p>\n\n\n\n<p>Este homenaje marca el inicio formal de los festejos por los 100 a\u00f1os del nacimiento de uno de los compositores m\u00e1s queridos de M\u00e9xico y reconoce la huella cultural de un hombre cuya m\u00fasica ha traspasado fronteras, generaciones y circunstancias de vida.<\/p>\n\n\n\n<p>Jos\u00e9 Alfredo Jim\u00e9nez, nacido en Dolores Hidalgo, Guanajuato, el 19 de enero de 1926, es un s\u00edmbolo de la m\u00fasica ranchera y una voz que ha acompa\u00f1ado el sentir de millones de corazones en el mundo.<\/p>\n\n\n\n<p>Esta ceremonia se llev\u00f3 a cabo en la Embajada de M\u00e9xico en Espa\u00f1a, en donde estuvo presente el Embajador Quirino Ordaz Coppel; Guadalupe Robles Le\u00f3n, secretaria de Turismo e Identidad; Paola Jim\u00e9nez G\u00e1lvez, hija de Jos\u00e9 Alfredo Jim\u00e9nez y familiares de El Rey.<\/p>\n\n\n\n<p>Los festejos invitan a conocerlo, celebrarlo y compartirlo con el coraz\u00f3n, como \u00e9l mismo lo hizo con cada letra y melod\u00eda que escribi\u00f3, como aquella donde tambi\u00e9n invita a recorrer \u201clos Caminos de Guanajuato\u201d y que hoy son parte de la tradici\u00f3n popular. <\/p>\n","protected":false},"excerpt":{"rendered":"<p>La Gobernadora de Guanajuato, Libia Dennise Garc\u00eda Mu\u00f1oz Ledo, inici\u00f3 una intensa gira de trabajo en Madrid, con la cual se abre una agenda internacional en materia cultural, tur\u00edstica y de relaciones institucionales que promueve a Guanajuato en Espa\u00f1a. \u201cHemos venido desde M\u00e9xico con el coraz\u00f3n abierto, llenos de historia, de sabores, de tradiciones, de [&hellip;]<\/p>\n","protected":false},"author":17,"featured_media":85715,"comment_status":"closed","ping_status":"closed","sticky":false,"template":"","format":"standard","meta":{"footnotes":""},"categories":[5,24423],"tags":[511,26576,7676,93],"yoast_head":"<!-- This site is optimized with the Yoast SEO plugin v22.2 - https:\/\/yoast.com\/wordpress\/plugins\/seo\/ -->\n<title>Guanajuato lanza su nueva marca tur\u00edstica en el marco de FITUR - Nitu - Noticias de la Industria Turistica<\/title>\n<meta name=\"robots\" content=\"index, follow, max-snippet:-1, max-image-preview:large, max-video-preview:-1\" \/>\n<link rel=\"canonical\" href=\"https:\/\/nitu.mx\/index.php\/2026\/01\/20\/guanajuato-lanza-su-nueva-marca-turistica-en-el-marco-de-fitur\/\" \/>\n<meta name=\"twitter:card\" content=\"summary_large_image\" \/>\n<meta name=\"twitter:title\" content=\"Guanajuato lanza su nueva marca tur\u00edstica en el marco de FITUR - Nitu - Noticias de la Industria Turistica\" \/>\n<meta name=\"twitter:description\" content=\"La Gobernadora de Guanajuato, Libia Dennise Garc\u00eda Mu\u00f1oz Ledo, inici\u00f3 una intensa gira de trabajo en Madrid, con la cual se abre una agenda internacional en materia cultural, tur\u00edstica y de relaciones institucionales que promueve a Guanajuato en Espa\u00f1a. \u201cHemos venido desde M\u00e9xico con el coraz\u00f3n abierto, llenos de historia, de sabores, de tradiciones, de [&hellip;]\" \/>\n<meta name=\"twitter:image\" content=\"https:\/\/nitu.mx\/wp-content\/uploads\/2026\/01\/Presentacion-Marca-Guanajuato-Madrid-1.jpg\" \/>\n<meta name=\"twitter:creator\" content=\"@NITUmx\" \/>\n<meta name=\"twitter:site\" content=\"@Arturo_Medina_G\" \/>\n<meta name=\"twitter:label1\" content=\"Escrito por\" \/>\n\t<meta name=\"twitter:data1\" content=\"Redacci\u00f3n\" \/>\n\t<meta name=\"twitter:label2\" content=\"Tiempo de lectura\" \/>\n\t<meta name=\"twitter:data2\" content=\"4 minutos\" \/>\n<script type=\"application\/ld+json\" class=\"yoast-schema-graph\">{\"@context\":\"https:\/\/schema.org\",\"@graph\":[{\"@type\":\"Article\",\"@id\":\"https:\/\/nitu.mx\/index.php\/2026\/01\/20\/guanajuato-lanza-su-nueva-marca-turistica-en-el-marco-de-fitur\/#article\",\"isPartOf\":{\"@id\":\"https:\/\/nitu.mx\/index.php\/2026\/01\/20\/guanajuato-lanza-su-nueva-marca-turistica-en-el-marco-de-fitur\/\"},\"author\":{\"name\":\"Redacci\u00f3n\",\"@id\":\"https:\/\/nitu.mx\/#\/schema\/person\/4a28fe9bd65924f7c90623773daf1b0b\"},\"headline\":\"Guanajuato lanza su nueva marca tur\u00edstica en el marco de FITUR\",\"datePublished\":\"2026-01-21T04:06:34+00:00\",\"dateModified\":\"2026-01-21T04:06:35+00:00\",\"mainEntityOfPage\":{\"@id\":\"https:\/\/nitu.mx\/index.php\/2026\/01\/20\/guanajuato-lanza-su-nueva-marca-turistica-en-el-marco-de-fitur\/\"},\"wordCount\":754,\"publisher\":{\"@id\":\"https:\/\/nitu.mx\/#\/schema\/person\/ae7a53426417292d3dd07b45a33e01bc\"},\"image\":{\"@id\":\"https:\/\/nitu.mx\/index.php\/2026\/01\/20\/guanajuato-lanza-su-nueva-marca-turistica-en-el-marco-de-fitur\/#primaryimage\"},\"thumbnailUrl\":\"https:\/\/nitu.mx\/wp-content\/uploads\/2026\/01\/Presentacion-Marca-Guanajuato-Madrid-1.jpg\",\"keywords\":[\"Guanajuato\",\"Libia Garc\u00eda\",\"marca tur\u00edstica\",\"Sectur\"],\"articleSection\":[\"Destinos\",\"FITUR\"],\"inLanguage\":\"es-MX\"},{\"@type\":\"WebPage\",\"@id\":\"https:\/\/nitu.mx\/index.php\/2026\/01\/20\/guanajuato-lanza-su-nueva-marca-turistica-en-el-marco-de-fitur\/\",\"url\":\"https:\/\/nitu.mx\/index.php\/2026\/01\/20\/guanajuato-lanza-su-nueva-marca-turistica-en-el-marco-de-fitur\/\",\"name\":\"Guanajuato lanza su nueva marca tur\u00edstica en el marco de FITUR - Nitu - Noticias de la Industria Turistica\",\"isPartOf\":{\"@id\":\"https:\/\/nitu.mx\/#website\"},\"primaryImageOfPage\":{\"@id\":\"https:\/\/nitu.mx\/index.php\/2026\/01\/20\/guanajuato-lanza-su-nueva-marca-turistica-en-el-marco-de-fitur\/#primaryimage\"},\"image\":{\"@id\":\"https:\/\/nitu.mx\/index.php\/2026\/01\/20\/guanajuato-lanza-su-nueva-marca-turistica-en-el-marco-de-fitur\/#primaryimage\"},\"thumbnailUrl\":\"https:\/\/nitu.mx\/wp-content\/uploads\/2026\/01\/Presentacion-Marca-Guanajuato-Madrid-1.jpg\",\"datePublished\":\"2026-01-21T04:06:34+00:00\",\"dateModified\":\"2026-01-21T04:06:35+00:00\",\"breadcrumb\":{\"@id\":\"https:\/\/nitu.mx\/index.php\/2026\/01\/20\/guanajuato-lanza-su-nueva-marca-turistica-en-el-marco-de-fitur\/#breadcrumb\"},\"inLanguage\":\"es-MX\",\"potentialAction\":[{\"@type\":\"ReadAction\",\"target\":[\"https:\/\/nitu.mx\/index.php\/2026\/01\/20\/guanajuato-lanza-su-nueva-marca-turistica-en-el-marco-de-fitur\/\"]}]},{\"@type\":\"ImageObject\",\"inLanguage\":\"es-MX\",\"@id\":\"https:\/\/nitu.mx\/index.php\/2026\/01\/20\/guanajuato-lanza-su-nueva-marca-turistica-en-el-marco-de-fitur\/#primaryimage\",\"url\":\"https:\/\/nitu.mx\/wp-content\/uploads\/2026\/01\/Presentacion-Marca-Guanajuato-Madrid-1.jpg\",\"contentUrl\":\"https:\/\/nitu.mx\/wp-content\/uploads\/2026\/01\/Presentacion-Marca-Guanajuato-Madrid-1.jpg\",\"width\":1200,\"height\":675,\"caption\":\"Presentacion-Marca-Guanajuato-Madrid-1\"},{\"@type\":\"BreadcrumbList\",\"@id\":\"https:\/\/nitu.mx\/index.php\/2026\/01\/20\/guanajuato-lanza-su-nueva-marca-turistica-en-el-marco-de-fitur\/#breadcrumb\",\"itemListElement\":[{\"@type\":\"ListItem\",\"position\":1,\"name\":\"Inicio\",\"item\":\"https:\/\/nitu.mx\/\"},{\"@type\":\"ListItem\",\"position\":2,\"name\":\"Guanajuato lanza su nueva marca tur\u00edstica en el marco de FITUR\"}]},{\"@type\":\"WebSite\",\"@id\":\"https:\/\/nitu.mx\/#website\",\"url\":\"https:\/\/nitu.mx\/\",\"name\":\"Nitu - Noticias de la Industria Turistica\",\"description\":\"Noticias de la Industria Turistica\",\"publisher\":{\"@id\":\"https:\/\/nitu.mx\/#\/schema\/person\/ae7a53426417292d3dd07b45a33e01bc\"},\"alternateName\":\"Noticias de la Industria Turistica\",\"potentialAction\":[{\"@type\":\"SearchAction\",\"target\":{\"@type\":\"EntryPoint\",\"urlTemplate\":\"https:\/\/nitu.mx\/?s={search_term_string}\"},\"query-input\":\"required name=search_term_string\"}],\"inLanguage\":\"es-MX\"},{\"@type\":[\"Person\",\"Organization\"],\"@id\":\"https:\/\/nitu.mx\/#\/schema\/person\/ae7a53426417292d3dd07b45a33e01bc\",\"name\":\"Arturo Medina\",\"image\":{\"@type\":\"ImageObject\",\"inLanguage\":\"es-MX\",\"@id\":\"https:\/\/nitu.mx\/#\/schema\/person\/image\/\",\"url\":\"https:\/\/nitu.mx\/wp-content\/uploads\/2024\/04\/4A315622-1904-4D5C-B022-878CDC840E04-90x90-1.jpeg\",\"contentUrl\":\"https:\/\/nitu.mx\/wp-content\/uploads\/2024\/04\/4A315622-1904-4D5C-B022-878CDC840E04-90x90-1.jpeg\",\"width\":90,\"height\":90,\"caption\":\"Arturo Medina\"},\"logo\":{\"@id\":\"https:\/\/nitu.mx\/#\/schema\/person\/image\/\"},\"description\":\"Director NITU.mx, Egresado de la Escuela de Periodismo Carlos Septi\u00e9n Garc\u00eda. Periodista y analista especializado en turismo desde hace 35 a\u00f1os, radicado en Canc\u00fan Q.Roo. arturo@nitu.mx\",\"sameAs\":[\"https:\/\/nitu.mx\",\"https:\/\/www.facebook.com\/NITUmx\/\",\"medinacancun\",\"https:\/\/twitter.com\/@Arturo_Medina_G\"]},{\"@type\":\"Person\",\"@id\":\"https:\/\/nitu.mx\/#\/schema\/person\/4a28fe9bd65924f7c90623773daf1b0b\",\"name\":\"Redacci\u00f3n\",\"image\":{\"@type\":\"ImageObject\",\"inLanguage\":\"es-MX\",\"@id\":\"https:\/\/nitu.mx\/#\/schema\/person\/image\/\",\"url\":\"https:\/\/secure.gravatar.com\/avatar\/5dd011c8ccfc5cd7e4c81e42252aab38?s=96&d=mm&r=g\",\"contentUrl\":\"https:\/\/secure.gravatar.com\/avatar\/5dd011c8ccfc5cd7e4c81e42252aab38?s=96&d=mm&r=g\",\"caption\":\"Redacci\u00f3n\"},\"url\":\"https:\/\/nitu.mx\/index.php\/author\/redaccion\/\"}]}<\/script>\n<!-- \/ Yoast SEO plugin. -->","yoast_head_json":{"title":"Guanajuato lanza su nueva marca tur\u00edstica en el marco de FITUR - Nitu - Noticias de la Industria Turistica","robots":{"index":"index","follow":"follow","max-snippet":"max-snippet:-1","max-image-preview":"max-image-preview:large","max-video-preview":"max-video-preview:-1"},"canonical":"https:\/\/nitu.mx\/index.php\/2026\/01\/20\/guanajuato-lanza-su-nueva-marca-turistica-en-el-marco-de-fitur\/","twitter_card":"summary_large_image","twitter_title":"Guanajuato lanza su nueva marca tur\u00edstica en el marco de FITUR - Nitu - Noticias de la Industria Turistica","twitter_description":"La Gobernadora de Guanajuato, Libia Dennise Garc\u00eda Mu\u00f1oz Ledo, inici\u00f3 una intensa gira de trabajo en Madrid, con la cual se abre una agenda internacional en materia cultural, tur\u00edstica y de relaciones institucionales que promueve a Guanajuato en Espa\u00f1a. \u201cHemos venido desde M\u00e9xico con el coraz\u00f3n abierto, llenos de historia, de sabores, de tradiciones, de [&hellip;]","twitter_image":"https:\/\/nitu.mx\/wp-content\/uploads\/2026\/01\/Presentacion-Marca-Guanajuato-Madrid-1.jpg","twitter_creator":"@NITUmx","twitter_site":"@Arturo_Medina_G","twitter_misc":{"Escrito por":"Redacci\u00f3n","Tiempo de lectura":"4 minutos"},"schema":{"@context":"https:\/\/schema.org","@graph":[{"@type":"Article","@id":"https:\/\/nitu.mx\/index.php\/2026\/01\/20\/guanajuato-lanza-su-nueva-marca-turistica-en-el-marco-de-fitur\/#article","isPartOf":{"@id":"https:\/\/nitu.mx\/index.php\/2026\/01\/20\/guanajuato-lanza-su-nueva-marca-turistica-en-el-marco-de-fitur\/"},"author":{"name":"Redacci\u00f3n","@id":"https:\/\/nitu.mx\/#\/schema\/person\/4a28fe9bd65924f7c90623773daf1b0b"},"headline":"Guanajuato lanza su nueva marca tur\u00edstica en el marco de FITUR","datePublished":"2026-01-21T04:06:34+00:00","dateModified":"2026-01-21T04:06:35+00:00","mainEntityOfPage":{"@id":"https:\/\/nitu.mx\/index.php\/2026\/01\/20\/guanajuato-lanza-su-nueva-marca-turistica-en-el-marco-de-fitur\/"},"wordCount":754,"publisher":{"@id":"https:\/\/nitu.mx\/#\/schema\/person\/ae7a53426417292d3dd07b45a33e01bc"},"image":{"@id":"https:\/\/nitu.mx\/index.php\/2026\/01\/20\/guanajuato-lanza-su-nueva-marca-turistica-en-el-marco-de-fitur\/#primaryimage"},"thumbnailUrl":"https:\/\/nitu.mx\/wp-content\/uploads\/2026\/01\/Presentacion-Marca-Guanajuato-Madrid-1.jpg","keywords":["Guanajuato","Libia Garc\u00eda","marca tur\u00edstica","Sectur"],"articleSection":["Destinos","FITUR"],"inLanguage":"es-MX"},{"@type":"WebPage","@id":"https:\/\/nitu.mx\/index.php\/2026\/01\/20\/guanajuato-lanza-su-nueva-marca-turistica-en-el-marco-de-fitur\/","url":"https:\/\/nitu.mx\/index.php\/2026\/01\/20\/guanajuato-lanza-su-nueva-marca-turistica-en-el-marco-de-fitur\/","name":"Guanajuato lanza su nueva marca tur\u00edstica en el marco de FITUR - Nitu - Noticias de la Industria Turistica","isPartOf":{"@id":"https:\/\/nitu.mx\/#website"},"primaryImageOfPage":{"@id":"https:\/\/nitu.mx\/index.php\/2026\/01\/20\/guanajuato-lanza-su-nueva-marca-turistica-en-el-marco-de-fitur\/#primaryimage"},"image":{"@id":"https:\/\/nitu.mx\/index.php\/2026\/01\/20\/guanajuato-lanza-su-nueva-marca-turistica-en-el-marco-de-fitur\/#primaryimage"},"thumbnailUrl":"https:\/\/nitu.mx\/wp-content\/uploads\/2026\/01\/Presentacion-Marca-Guanajuato-Madrid-1.jpg","datePublished":"2026-01-21T04:06:34+00:00","dateModified":"2026-01-21T04:06:35+00:00","breadcrumb":{"@id":"https:\/\/nitu.mx\/index.php\/2026\/01\/20\/guanajuato-lanza-su-nueva-marca-turistica-en-el-marco-de-fitur\/#breadcrumb"},"inLanguage":"es-MX","potentialAction":[{"@type":"ReadAction","target":["https:\/\/nitu.mx\/index.php\/2026\/01\/20\/guanajuato-lanza-su-nueva-marca-turistica-en-el-marco-de-fitur\/"]}]},{"@type":"ImageObject","inLanguage":"es-MX","@id":"https:\/\/nitu.mx\/index.php\/2026\/01\/20\/guanajuato-lanza-su-nueva-marca-turistica-en-el-marco-de-fitur\/#primaryimage","url":"https:\/\/nitu.mx\/wp-content\/uploads\/2026\/01\/Presentacion-Marca-Guanajuato-Madrid-1.jpg","contentUrl":"https:\/\/nitu.mx\/wp-content\/uploads\/2026\/01\/Presentacion-Marca-Guanajuato-Madrid-1.jpg","width":1200,"height":675,"caption":"Presentacion-Marca-Guanajuato-Madrid-1"},{"@type":"BreadcrumbList","@id":"https:\/\/nitu.mx\/index.php\/2026\/01\/20\/guanajuato-lanza-su-nueva-marca-turistica-en-el-marco-de-fitur\/#breadcrumb","itemListElement":[{"@type":"ListItem","position":1,"name":"Inicio","item":"https:\/\/nitu.mx\/"},{"@type":"ListItem","position":2,"name":"Guanajuato lanza su nueva marca tur\u00edstica en el marco de FITUR"}]},{"@type":"WebSite","@id":"https:\/\/nitu.mx\/#website","url":"https:\/\/nitu.mx\/","name":"Nitu - Noticias de la Industria Turistica","description":"Noticias de la Industria Turistica","publisher":{"@id":"https:\/\/nitu.mx\/#\/schema\/person\/ae7a53426417292d3dd07b45a33e01bc"},"alternateName":"Noticias de la Industria Turistica","potentialAction":[{"@type":"SearchAction","target":{"@type":"EntryPoint","urlTemplate":"https:\/\/nitu.mx\/?s={search_term_string}"},"query-input":"required name=search_term_string"}],"inLanguage":"es-MX"},{"@type":["Person","Organization"],"@id":"https:\/\/nitu.mx\/#\/schema\/person\/ae7a53426417292d3dd07b45a33e01bc","name":"Arturo Medina","image":{"@type":"ImageObject","inLanguage":"es-MX","@id":"https:\/\/nitu.mx\/#\/schema\/person\/image\/","url":"https:\/\/nitu.mx\/wp-content\/uploads\/2024\/04\/4A315622-1904-4D5C-B022-878CDC840E04-90x90-1.jpeg","contentUrl":"https:\/\/nitu.mx\/wp-content\/uploads\/2024\/04\/4A315622-1904-4D5C-B022-878CDC840E04-90x90-1.jpeg","width":90,"height":90,"caption":"Arturo Medina"},"logo":{"@id":"https:\/\/nitu.mx\/#\/schema\/person\/image\/"},"description":"Director NITU.mx, Egresado de la Escuela de Periodismo Carlos Septi\u00e9n Garc\u00eda. Periodista y analista especializado en turismo desde hace 35 a\u00f1os, radicado en Canc\u00fan Q.Roo. arturo@nitu.mx","sameAs":["https:\/\/nitu.mx","https:\/\/www.facebook.com\/NITUmx\/","medinacancun","https:\/\/twitter.com\/@Arturo_Medina_G"]},{"@type":"Person","@id":"https:\/\/nitu.mx\/#\/schema\/person\/4a28fe9bd65924f7c90623773daf1b0b","name":"Redacci\u00f3n","image":{"@type":"ImageObject","inLanguage":"es-MX","@id":"https:\/\/nitu.mx\/#\/schema\/person\/image\/","url":"https:\/\/secure.gravatar.com\/avatar\/5dd011c8ccfc5cd7e4c81e42252aab38?s=96&d=mm&r=g","contentUrl":"https:\/\/secure.gravatar.com\/avatar\/5dd011c8ccfc5cd7e4c81e42252aab38?s=96&d=mm&r=g","caption":"Redacci\u00f3n"},"url":"https:\/\/nitu.mx\/index.php\/author\/redaccion\/"}]}},"views":289,"_links":{"self":[{"href":"https:\/\/nitu.mx\/index.php\/wp-json\/wp\/v2\/posts\/85712"}],"collection":[{"href":"https:\/\/nitu.mx\/index.php\/wp-json\/wp\/v2\/posts"}],"about":[{"href":"https:\/\/nitu.mx\/index.php\/wp-json\/wp\/v2\/types\/post"}],"author":[{"embeddable":true,"href":"https:\/\/nitu.mx\/index.php\/wp-json\/wp\/v2\/users\/17"}],"replies":[{"embeddable":true,"href":"https:\/\/nitu.mx\/index.php\/wp-json\/wp\/v2\/comments?post=85712"}],"version-history":[{"count":1,"href":"https:\/\/nitu.mx\/index.php\/wp-json\/wp\/v2\/posts\/85712\/revisions"}],"predecessor-version":[{"id":85714,"href":"https:\/\/nitu.mx\/index.php\/wp-json\/wp\/v2\/posts\/85712\/revisions\/85714"}],"wp:featuredmedia":[{"embeddable":true,"href":"https:\/\/nitu.mx\/index.php\/wp-json\/wp\/v2\/media\/85715"}],"wp:attachment":[{"href":"https:\/\/nitu.mx\/index.php\/wp-json\/wp\/v2\/media?parent=85712"}],"wp:term":[{"taxonomy":"category","embeddable":true,"href":"https:\/\/nitu.mx\/index.php\/wp-json\/wp\/v2\/categories?post=85712"},{"taxonomy":"post_tag","embeddable":true,"href":"https:\/\/nitu.mx\/index.php\/wp-json\/wp\/v2\/tags?post=85712"}],"curies":[{"name":"wp","href":"https:\/\/api.w.org\/{rel}","templated":true}]}}