{"id":85705,"date":"2026-01-19T23:03:53","date_gmt":"2026-01-20T05:03:53","guid":{"rendered":"https:\/\/nitu.mx\/?p=85705"},"modified":"2026-01-19T23:03:54","modified_gmt":"2026-01-20T05:03:54","slug":"caribe-mexicano-la-capital-mundial-de-las-vacaciones-nueva-campana-turistica-es-lanzada-en-madrid","status":"publish","type":"post","link":"https:\/\/nitu.mx\/index.php\/2026\/01\/19\/caribe-mexicano-la-capital-mundial-de-las-vacaciones-nueva-campana-turistica-es-lanzada-en-madrid\/","title":{"rendered":"\u201cCaribe Mexicano, la capital mundial de las vacaciones\u201d, nueva campa\u00f1a tur\u00edstica es lanzada en Madrid"},"content":{"rendered":"\n<p>En el marco de la Feria Internacional de Turismo (FITUR) 2026, en Madrid, Espa\u00f1a, la delegaci\u00f3n de Quintana Roo, encabezada por la gobernadora de Quintana Roo, Mara Lezama, present\u00f3 la nueva campa\u00f1a de promoci\u00f3n tur\u00edstica \u201cCaribe Mexicano, la capital mundial de las vacaciones\u201d, con el objetivo de consolidar su liderazgo como el principal destino de M\u00e9xico y el Caribe, fortalecer su proyecci\u00f3n internacional y detonar nuevas oportunidades de inversi\u00f3n y alianzas estrat\u00e9gicas con mercados clave de Europa y el mundo.<\/p>\n\n\n\n<p>Durante la presentaci\u00f3n, el director del Consejo de Promoci\u00f3n Tur\u00edstica de Quintana Roo (CPTQ) Andr\u00e9s Mart\u00ednez Reynoso, destac\u00f3 que Quintana Roo, en la Nueva Era del Caribe Mexicano avanza con paso firme hacia una nueva etapa de consolidaci\u00f3n internacional, alineada a los grandes eventos globales, entre ellos el Mundial de F\u00fatbol 2026, para el cual el estado se encuentra preparado en t\u00e9rminos de infraestructura, conectividad a\u00e9rea, servicios tur\u00edsticos y capacidad organizativa.<\/p>\n\n\n\n<p>En esta presentaci\u00f3n se destac\u00f3 que, por primera vez una campa\u00f1a de este tipo y nivel tendr\u00e1 una canci\u00f3n, al tiempo que se puntualizaron cinco l\u00edneas: destino l\u00edder internacional, 12 destinos interconectados, nueva infraestructura, nueva arquitectura de marcas y un nuevo modelo de gobernanza.<\/p>\n\n\n\n<p>En la presentaci\u00f3n, Lezama Espinosa cit\u00f3 destinos como Canc\u00fan, Costa Mujeres, Puerto Morelos, la Riviera Maya, Tulum, Costa Maya, Bacalar, Mahahual, Cozumel, Chetumal la capital.<\/p>\n\n\n\n<p>\u201cEste lanzamiento lo hacemos en el trabajo, con mucha gente detr\u00e1s, con la confianza de poder seguir lanzando este mensaje tan potente y tan importante que es el Caribe Mexicano para el resto del mundo. Trabajaremos en distintas aplicaciones\u201d expres\u00f3 la gobernadora al anunciar una sorpresa: la campa\u00f1a con una canci\u00f3n.<\/p>\n\n\n\n<p>\u201cEsto nunca se ha hecho, porque hemos elaborado campa\u00f1as para radio, televisi\u00f3n, revista, prensa, pero no hab\u00edamos hecho una canci\u00f3n. Entonces esta es una sorpresa. Espero que les guste\u201d, enfatiz\u00f3 la titular del Ejecutivo.<\/p>\n\n\n\n<p>En la presentaci\u00f3n de la campa\u00f1a, el secretario de Turismo estatal, Bernardo Cueto, a\u00f1adi\u00f3 que la nueva campa\u00f1a busca incrementar el posicionamiento internacional de Quintana Roo como destino estrat\u00e9gico rumbo a 2026, fortalecer la marca destino en mercados europeos prioritarios y generar alianzas con tour operadores, aerol\u00edneas, inversionistas y organismos internacionales, impulsando la llegada de nuevas inversiones tur\u00edsticas enfocadas en infraestructura, sostenibilidad y experiencias de alto valor.<\/p>\n\n\n\n<p>\u201cMe da mucho orgullo saber que en FITUR estamos democratizando el turismo, que venimos no nada m\u00e1s a reunirnos, que es maravilloso, con las y los empresarios, que son parte fundamental y con quien tenemos una gran sinergia, con los grandes touroperadores, con las l\u00edneas a\u00e9reas, con los aeropuertos, pero tambi\u00e9n decirle al mundo que somos cultura, que somos historia, que tenemos que ense\u00f1arles c\u00f3mo se hace esta miel melipona o c\u00f3mo son estos senderos, o c\u00f3mo puede una cocinera tradicional a trav\u00e9s de oficios milenarios\u201d, agreg\u00f3 la gobernadora Mara Lezama. (<a href=\"https:\/\/nitu.mx\/index.php\/2026\/01\/19\/promocionan-turismo-comunitario-de-maya-kaan-en-europa-de-la-mano-de-avoris-b-travel\/\">Promocionan turismo comunitario de Maya Ka\u2019an en Europa de la mano de \u00c1voris B Travel<\/a>).<\/p>\n","protected":false},"excerpt":{"rendered":"<p>En el marco de la Feria Internacional de Turismo (FITUR) 2026, en Madrid, Espa\u00f1a, la delegaci\u00f3n de Quintana Roo, encabezada por la gobernadora de Quintana Roo, Mara Lezama, present\u00f3 la nueva campa\u00f1a de promoci\u00f3n tur\u00edstica \u201cCaribe Mexicano, la capital mundial de las vacaciones\u201d, con el objetivo de consolidar su liderazgo como el principal destino de [&hellip;]<\/p>\n","protected":false},"author":17,"featured_media":85710,"comment_status":"closed","ping_status":"closed","sticky":false,"template":"","format":"standard","meta":{"footnotes":""},"categories":[18475,24423],"tags":[6579,8145,14028,260,1153],"yoast_head":"<!-- This site is optimized with the Yoast SEO plugin v22.2 - https:\/\/yoast.com\/wordpress\/plugins\/seo\/ -->\n<title>\u201cCaribe Mexicano, la capital mundial de las vacaciones\u201d, nueva campa\u00f1a tur\u00edstica es lanzada en Madrid - Nitu - Noticias de la Industria Turistica<\/title>\n<meta name=\"robots\" content=\"index, follow, max-snippet:-1, max-image-preview:large, max-video-preview:-1\" \/>\n<link rel=\"canonical\" href=\"https:\/\/nitu.mx\/index.php\/2026\/01\/19\/caribe-mexicano-la-capital-mundial-de-las-vacaciones-nueva-campana-turistica-es-lanzada-en-madrid\/\" \/>\n<meta name=\"twitter:card\" content=\"summary_large_image\" \/>\n<meta name=\"twitter:title\" content=\"\u201cCaribe Mexicano, la capital mundial de las vacaciones\u201d, nueva campa\u00f1a tur\u00edstica es lanzada en Madrid - Nitu - Noticias de la Industria Turistica\" \/>\n<meta name=\"twitter:description\" content=\"En el marco de la Feria Internacional de Turismo (FITUR) 2026, en Madrid, Espa\u00f1a, la delegaci\u00f3n de Quintana Roo, encabezada por la gobernadora de Quintana Roo, Mara Lezama, present\u00f3 la nueva campa\u00f1a de promoci\u00f3n tur\u00edstica \u201cCaribe Mexicano, la capital mundial de las vacaciones\u201d, con el objetivo de consolidar su liderazgo como el principal destino de [&hellip;]\" \/>\n<meta name=\"twitter:image\" content=\"https:\/\/nitu.mx\/wp-content\/uploads\/2026\/01\/Caribe-mexicano-capital-mundial-de-las-vacaciones-campana.jpg\" \/>\n<meta name=\"twitter:creator\" content=\"@NITUmx\" \/>\n<meta name=\"twitter:site\" content=\"@Arturo_Medina_G\" \/>\n<meta name=\"twitter:label1\" content=\"Escrito por\" \/>\n\t<meta name=\"twitter:data1\" content=\"Redacci\u00f3n\" \/>\n\t<meta name=\"twitter:label2\" content=\"Tiempo de lectura\" \/>\n\t<meta name=\"twitter:data2\" content=\"3 minutos\" \/>\n<script type=\"application\/ld+json\" class=\"yoast-schema-graph\">{\"@context\":\"https:\/\/schema.org\",\"@graph\":[{\"@type\":\"Article\",\"@id\":\"https:\/\/nitu.mx\/index.php\/2026\/01\/19\/caribe-mexicano-la-capital-mundial-de-las-vacaciones-nueva-campana-turistica-es-lanzada-en-madrid\/#article\",\"isPartOf\":{\"@id\":\"https:\/\/nitu.mx\/index.php\/2026\/01\/19\/caribe-mexicano-la-capital-mundial-de-las-vacaciones-nueva-campana-turistica-es-lanzada-en-madrid\/\"},\"author\":{\"name\":\"Redacci\u00f3n\",\"@id\":\"https:\/\/nitu.mx\/#\/schema\/person\/4a28fe9bd65924f7c90623773daf1b0b\"},\"headline\":\"\u201cCaribe Mexicano, la capital mundial de las vacaciones\u201d, nueva campa\u00f1a tur\u00edstica es lanzada en Madrid\",\"datePublished\":\"2026-01-20T05:03:53+00:00\",\"dateModified\":\"2026-01-20T05:03:54+00:00\",\"mainEntityOfPage\":{\"@id\":\"https:\/\/nitu.mx\/index.php\/2026\/01\/19\/caribe-mexicano-la-capital-mundial-de-las-vacaciones-nueva-campana-turistica-es-lanzada-en-madrid\/\"},\"wordCount\":541,\"publisher\":{\"@id\":\"https:\/\/nitu.mx\/#\/schema\/person\/ae7a53426417292d3dd07b45a33e01bc\"},\"image\":{\"@id\":\"https:\/\/nitu.mx\/index.php\/2026\/01\/19\/caribe-mexicano-la-capital-mundial-de-las-vacaciones-nueva-campana-turistica-es-lanzada-en-madrid\/#primaryimage\"},\"thumbnailUrl\":\"https:\/\/nitu.mx\/wp-content\/uploads\/2026\/01\/Caribe-mexicano-capital-mundial-de-las-vacaciones-campana.jpg\",\"keywords\":[\"campa\u00f1a\",\"CPTQ\",\"Mara Lezama\",\"Quintana Roo\",\"Sedetur\"],\"articleSection\":[\"Caribe Mexicano\",\"FITUR\"],\"inLanguage\":\"es-MX\"},{\"@type\":\"WebPage\",\"@id\":\"https:\/\/nitu.mx\/index.php\/2026\/01\/19\/caribe-mexicano-la-capital-mundial-de-las-vacaciones-nueva-campana-turistica-es-lanzada-en-madrid\/\",\"url\":\"https:\/\/nitu.mx\/index.php\/2026\/01\/19\/caribe-mexicano-la-capital-mundial-de-las-vacaciones-nueva-campana-turistica-es-lanzada-en-madrid\/\",\"name\":\"\u201cCaribe Mexicano, la capital mundial de las vacaciones\u201d, nueva campa\u00f1a tur\u00edstica es lanzada en Madrid - Nitu - Noticias de la Industria Turistica\",\"isPartOf\":{\"@id\":\"https:\/\/nitu.mx\/#website\"},\"primaryImageOfPage\":{\"@id\":\"https:\/\/nitu.mx\/index.php\/2026\/01\/19\/caribe-mexicano-la-capital-mundial-de-las-vacaciones-nueva-campana-turistica-es-lanzada-en-madrid\/#primaryimage\"},\"image\":{\"@id\":\"https:\/\/nitu.mx\/index.php\/2026\/01\/19\/caribe-mexicano-la-capital-mundial-de-las-vacaciones-nueva-campana-turistica-es-lanzada-en-madrid\/#primaryimage\"},\"thumbnailUrl\":\"https:\/\/nitu.mx\/wp-content\/uploads\/2026\/01\/Caribe-mexicano-capital-mundial-de-las-vacaciones-campana.jpg\",\"datePublished\":\"2026-01-20T05:03:53+00:00\",\"dateModified\":\"2026-01-20T05:03:54+00:00\",\"breadcrumb\":{\"@id\":\"https:\/\/nitu.mx\/index.php\/2026\/01\/19\/caribe-mexicano-la-capital-mundial-de-las-vacaciones-nueva-campana-turistica-es-lanzada-en-madrid\/#breadcrumb\"},\"inLanguage\":\"es-MX\",\"potentialAction\":[{\"@type\":\"ReadAction\",\"target\":[\"https:\/\/nitu.mx\/index.php\/2026\/01\/19\/caribe-mexicano-la-capital-mundial-de-las-vacaciones-nueva-campana-turistica-es-lanzada-en-madrid\/\"]}]},{\"@type\":\"ImageObject\",\"inLanguage\":\"es-MX\",\"@id\":\"https:\/\/nitu.mx\/index.php\/2026\/01\/19\/caribe-mexicano-la-capital-mundial-de-las-vacaciones-nueva-campana-turistica-es-lanzada-en-madrid\/#primaryimage\",\"url\":\"https:\/\/nitu.mx\/wp-content\/uploads\/2026\/01\/Caribe-mexicano-capital-mundial-de-las-vacaciones-campana.jpg\",\"contentUrl\":\"https:\/\/nitu.mx\/wp-content\/uploads\/2026\/01\/Caribe-mexicano-capital-mundial-de-las-vacaciones-campana.jpg\",\"width\":1200,\"height\":675,\"caption\":\"Caribe mexicano capital mundial de las vacaciones campa\u00f1a\"},{\"@type\":\"BreadcrumbList\",\"@id\":\"https:\/\/nitu.mx\/index.php\/2026\/01\/19\/caribe-mexicano-la-capital-mundial-de-las-vacaciones-nueva-campana-turistica-es-lanzada-en-madrid\/#breadcrumb\",\"itemListElement\":[{\"@type\":\"ListItem\",\"position\":1,\"name\":\"Inicio\",\"item\":\"https:\/\/nitu.mx\/\"},{\"@type\":\"ListItem\",\"position\":2,\"name\":\"\u201cCaribe Mexicano, la capital mundial de las vacaciones\u201d, nueva campa\u00f1a tur\u00edstica es lanzada en Madrid\"}]},{\"@type\":\"WebSite\",\"@id\":\"https:\/\/nitu.mx\/#website\",\"url\":\"https:\/\/nitu.mx\/\",\"name\":\"Nitu - Noticias de la Industria Turistica\",\"description\":\"Noticias de la Industria Turistica\",\"publisher\":{\"@id\":\"https:\/\/nitu.mx\/#\/schema\/person\/ae7a53426417292d3dd07b45a33e01bc\"},\"alternateName\":\"Noticias de la Industria Turistica\",\"potentialAction\":[{\"@type\":\"SearchAction\",\"target\":{\"@type\":\"EntryPoint\",\"urlTemplate\":\"https:\/\/nitu.mx\/?s={search_term_string}\"},\"query-input\":\"required name=search_term_string\"}],\"inLanguage\":\"es-MX\"},{\"@type\":[\"Person\",\"Organization\"],\"@id\":\"https:\/\/nitu.mx\/#\/schema\/person\/ae7a53426417292d3dd07b45a33e01bc\",\"name\":\"Arturo Medina\",\"image\":{\"@type\":\"ImageObject\",\"inLanguage\":\"es-MX\",\"@id\":\"https:\/\/nitu.mx\/#\/schema\/person\/image\/\",\"url\":\"https:\/\/nitu.mx\/wp-content\/uploads\/2024\/04\/4A315622-1904-4D5C-B022-878CDC840E04-90x90-1.jpeg\",\"contentUrl\":\"https:\/\/nitu.mx\/wp-content\/uploads\/2024\/04\/4A315622-1904-4D5C-B022-878CDC840E04-90x90-1.jpeg\",\"width\":90,\"height\":90,\"caption\":\"Arturo Medina\"},\"logo\":{\"@id\":\"https:\/\/nitu.mx\/#\/schema\/person\/image\/\"},\"description\":\"Director NITU.mx, Egresado de la Escuela de Periodismo Carlos Septi\u00e9n Garc\u00eda. Periodista y analista especializado en turismo desde hace 35 a\u00f1os, radicado en Canc\u00fan Q.Roo. arturo@nitu.mx\",\"sameAs\":[\"https:\/\/nitu.mx\",\"https:\/\/www.facebook.com\/NITUmx\/\",\"medinacancun\",\"https:\/\/twitter.com\/@Arturo_Medina_G\"]},{\"@type\":\"Person\",\"@id\":\"https:\/\/nitu.mx\/#\/schema\/person\/4a28fe9bd65924f7c90623773daf1b0b\",\"name\":\"Redacci\u00f3n\",\"image\":{\"@type\":\"ImageObject\",\"inLanguage\":\"es-MX\",\"@id\":\"https:\/\/nitu.mx\/#\/schema\/person\/image\/\",\"url\":\"https:\/\/secure.gravatar.com\/avatar\/5dd011c8ccfc5cd7e4c81e42252aab38?s=96&d=mm&r=g\",\"contentUrl\":\"https:\/\/secure.gravatar.com\/avatar\/5dd011c8ccfc5cd7e4c81e42252aab38?s=96&d=mm&r=g\",\"caption\":\"Redacci\u00f3n\"},\"url\":\"https:\/\/nitu.mx\/index.php\/author\/redaccion\/\"}]}<\/script>\n<!-- \/ Yoast SEO plugin. -->","yoast_head_json":{"title":"\u201cCaribe Mexicano, la capital mundial de las vacaciones\u201d, nueva campa\u00f1a tur\u00edstica es lanzada en Madrid - Nitu - Noticias de la Industria Turistica","robots":{"index":"index","follow":"follow","max-snippet":"max-snippet:-1","max-image-preview":"max-image-preview:large","max-video-preview":"max-video-preview:-1"},"canonical":"https:\/\/nitu.mx\/index.php\/2026\/01\/19\/caribe-mexicano-la-capital-mundial-de-las-vacaciones-nueva-campana-turistica-es-lanzada-en-madrid\/","twitter_card":"summary_large_image","twitter_title":"\u201cCaribe Mexicano, la capital mundial de las vacaciones\u201d, nueva campa\u00f1a tur\u00edstica es lanzada en Madrid - Nitu - Noticias de la Industria Turistica","twitter_description":"En el marco de la Feria Internacional de Turismo (FITUR) 2026, en Madrid, Espa\u00f1a, la delegaci\u00f3n de Quintana Roo, encabezada por la gobernadora de Quintana Roo, Mara Lezama, present\u00f3 la nueva campa\u00f1a de promoci\u00f3n tur\u00edstica \u201cCaribe Mexicano, la capital mundial de las vacaciones\u201d, con el objetivo de consolidar su liderazgo como el principal destino de [&hellip;]","twitter_image":"https:\/\/nitu.mx\/wp-content\/uploads\/2026\/01\/Caribe-mexicano-capital-mundial-de-las-vacaciones-campana.jpg","twitter_creator":"@NITUmx","twitter_site":"@Arturo_Medina_G","twitter_misc":{"Escrito por":"Redacci\u00f3n","Tiempo de lectura":"3 minutos"},"schema":{"@context":"https:\/\/schema.org","@graph":[{"@type":"Article","@id":"https:\/\/nitu.mx\/index.php\/2026\/01\/19\/caribe-mexicano-la-capital-mundial-de-las-vacaciones-nueva-campana-turistica-es-lanzada-en-madrid\/#article","isPartOf":{"@id":"https:\/\/nitu.mx\/index.php\/2026\/01\/19\/caribe-mexicano-la-capital-mundial-de-las-vacaciones-nueva-campana-turistica-es-lanzada-en-madrid\/"},"author":{"name":"Redacci\u00f3n","@id":"https:\/\/nitu.mx\/#\/schema\/person\/4a28fe9bd65924f7c90623773daf1b0b"},"headline":"\u201cCaribe Mexicano, la capital mundial de las vacaciones\u201d, nueva campa\u00f1a tur\u00edstica es lanzada en Madrid","datePublished":"2026-01-20T05:03:53+00:00","dateModified":"2026-01-20T05:03:54+00:00","mainEntityOfPage":{"@id":"https:\/\/nitu.mx\/index.php\/2026\/01\/19\/caribe-mexicano-la-capital-mundial-de-las-vacaciones-nueva-campana-turistica-es-lanzada-en-madrid\/"},"wordCount":541,"publisher":{"@id":"https:\/\/nitu.mx\/#\/schema\/person\/ae7a53426417292d3dd07b45a33e01bc"},"image":{"@id":"https:\/\/nitu.mx\/index.php\/2026\/01\/19\/caribe-mexicano-la-capital-mundial-de-las-vacaciones-nueva-campana-turistica-es-lanzada-en-madrid\/#primaryimage"},"thumbnailUrl":"https:\/\/nitu.mx\/wp-content\/uploads\/2026\/01\/Caribe-mexicano-capital-mundial-de-las-vacaciones-campana.jpg","keywords":["campa\u00f1a","CPTQ","Mara Lezama","Quintana Roo","Sedetur"],"articleSection":["Caribe Mexicano","FITUR"],"inLanguage":"es-MX"},{"@type":"WebPage","@id":"https:\/\/nitu.mx\/index.php\/2026\/01\/19\/caribe-mexicano-la-capital-mundial-de-las-vacaciones-nueva-campana-turistica-es-lanzada-en-madrid\/","url":"https:\/\/nitu.mx\/index.php\/2026\/01\/19\/caribe-mexicano-la-capital-mundial-de-las-vacaciones-nueva-campana-turistica-es-lanzada-en-madrid\/","name":"\u201cCaribe Mexicano, la capital mundial de las vacaciones\u201d, nueva campa\u00f1a tur\u00edstica es lanzada en Madrid - Nitu - Noticias de la Industria Turistica","isPartOf":{"@id":"https:\/\/nitu.mx\/#website"},"primaryImageOfPage":{"@id":"https:\/\/nitu.mx\/index.php\/2026\/01\/19\/caribe-mexicano-la-capital-mundial-de-las-vacaciones-nueva-campana-turistica-es-lanzada-en-madrid\/#primaryimage"},"image":{"@id":"https:\/\/nitu.mx\/index.php\/2026\/01\/19\/caribe-mexicano-la-capital-mundial-de-las-vacaciones-nueva-campana-turistica-es-lanzada-en-madrid\/#primaryimage"},"thumbnailUrl":"https:\/\/nitu.mx\/wp-content\/uploads\/2026\/01\/Caribe-mexicano-capital-mundial-de-las-vacaciones-campana.jpg","datePublished":"2026-01-20T05:03:53+00:00","dateModified":"2026-01-20T05:03:54+00:00","breadcrumb":{"@id":"https:\/\/nitu.mx\/index.php\/2026\/01\/19\/caribe-mexicano-la-capital-mundial-de-las-vacaciones-nueva-campana-turistica-es-lanzada-en-madrid\/#breadcrumb"},"inLanguage":"es-MX","potentialAction":[{"@type":"ReadAction","target":["https:\/\/nitu.mx\/index.php\/2026\/01\/19\/caribe-mexicano-la-capital-mundial-de-las-vacaciones-nueva-campana-turistica-es-lanzada-en-madrid\/"]}]},{"@type":"ImageObject","inLanguage":"es-MX","@id":"https:\/\/nitu.mx\/index.php\/2026\/01\/19\/caribe-mexicano-la-capital-mundial-de-las-vacaciones-nueva-campana-turistica-es-lanzada-en-madrid\/#primaryimage","url":"https:\/\/nitu.mx\/wp-content\/uploads\/2026\/01\/Caribe-mexicano-capital-mundial-de-las-vacaciones-campana.jpg","contentUrl":"https:\/\/nitu.mx\/wp-content\/uploads\/2026\/01\/Caribe-mexicano-capital-mundial-de-las-vacaciones-campana.jpg","width":1200,"height":675,"caption":"Caribe mexicano capital mundial de las vacaciones campa\u00f1a"},{"@type":"BreadcrumbList","@id":"https:\/\/nitu.mx\/index.php\/2026\/01\/19\/caribe-mexicano-la-capital-mundial-de-las-vacaciones-nueva-campana-turistica-es-lanzada-en-madrid\/#breadcrumb","itemListElement":[{"@type":"ListItem","position":1,"name":"Inicio","item":"https:\/\/nitu.mx\/"},{"@type":"ListItem","position":2,"name":"\u201cCaribe Mexicano, la capital mundial de las vacaciones\u201d, nueva campa\u00f1a tur\u00edstica es lanzada en Madrid"}]},{"@type":"WebSite","@id":"https:\/\/nitu.mx\/#website","url":"https:\/\/nitu.mx\/","name":"Nitu - Noticias de la Industria Turistica","description":"Noticias de la Industria Turistica","publisher":{"@id":"https:\/\/nitu.mx\/#\/schema\/person\/ae7a53426417292d3dd07b45a33e01bc"},"alternateName":"Noticias de la Industria Turistica","potentialAction":[{"@type":"SearchAction","target":{"@type":"EntryPoint","urlTemplate":"https:\/\/nitu.mx\/?s={search_term_string}"},"query-input":"required name=search_term_string"}],"inLanguage":"es-MX"},{"@type":["Person","Organization"],"@id":"https:\/\/nitu.mx\/#\/schema\/person\/ae7a53426417292d3dd07b45a33e01bc","name":"Arturo Medina","image":{"@type":"ImageObject","inLanguage":"es-MX","@id":"https:\/\/nitu.mx\/#\/schema\/person\/image\/","url":"https:\/\/nitu.mx\/wp-content\/uploads\/2024\/04\/4A315622-1904-4D5C-B022-878CDC840E04-90x90-1.jpeg","contentUrl":"https:\/\/nitu.mx\/wp-content\/uploads\/2024\/04\/4A315622-1904-4D5C-B022-878CDC840E04-90x90-1.jpeg","width":90,"height":90,"caption":"Arturo Medina"},"logo":{"@id":"https:\/\/nitu.mx\/#\/schema\/person\/image\/"},"description":"Director NITU.mx, Egresado de la Escuela de Periodismo Carlos Septi\u00e9n Garc\u00eda. Periodista y analista especializado en turismo desde hace 35 a\u00f1os, radicado en Canc\u00fan Q.Roo. arturo@nitu.mx","sameAs":["https:\/\/nitu.mx","https:\/\/www.facebook.com\/NITUmx\/","medinacancun","https:\/\/twitter.com\/@Arturo_Medina_G"]},{"@type":"Person","@id":"https:\/\/nitu.mx\/#\/schema\/person\/4a28fe9bd65924f7c90623773daf1b0b","name":"Redacci\u00f3n","image":{"@type":"ImageObject","inLanguage":"es-MX","@id":"https:\/\/nitu.mx\/#\/schema\/person\/image\/","url":"https:\/\/secure.gravatar.com\/avatar\/5dd011c8ccfc5cd7e4c81e42252aab38?s=96&d=mm&r=g","contentUrl":"https:\/\/secure.gravatar.com\/avatar\/5dd011c8ccfc5cd7e4c81e42252aab38?s=96&d=mm&r=g","caption":"Redacci\u00f3n"},"url":"https:\/\/nitu.mx\/index.php\/author\/redaccion\/"}]}},"views":367,"_links":{"self":[{"href":"https:\/\/nitu.mx\/index.php\/wp-json\/wp\/v2\/posts\/85705"}],"collection":[{"href":"https:\/\/nitu.mx\/index.php\/wp-json\/wp\/v2\/posts"}],"about":[{"href":"https:\/\/nitu.mx\/index.php\/wp-json\/wp\/v2\/types\/post"}],"author":[{"embeddable":true,"href":"https:\/\/nitu.mx\/index.php\/wp-json\/wp\/v2\/users\/17"}],"replies":[{"embeddable":true,"href":"https:\/\/nitu.mx\/index.php\/wp-json\/wp\/v2\/comments?post=85705"}],"version-history":[{"count":2,"href":"https:\/\/nitu.mx\/index.php\/wp-json\/wp\/v2\/posts\/85705\/revisions"}],"predecessor-version":[{"id":85709,"href":"https:\/\/nitu.mx\/index.php\/wp-json\/wp\/v2\/posts\/85705\/revisions\/85709"}],"wp:featuredmedia":[{"embeddable":true,"href":"https:\/\/nitu.mx\/index.php\/wp-json\/wp\/v2\/media\/85710"}],"wp:attachment":[{"href":"https:\/\/nitu.mx\/index.php\/wp-json\/wp\/v2\/media?parent=85705"}],"wp:term":[{"taxonomy":"category","embeddable":true,"href":"https:\/\/nitu.mx\/index.php\/wp-json\/wp\/v2\/categories?post=85705"},{"taxonomy":"post_tag","embeddable":true,"href":"https:\/\/nitu.mx\/index.php\/wp-json\/wp\/v2\/tags?post=85705"}],"curies":[{"name":"wp","href":"https:\/\/api.w.org\/{rel}","templated":true}]}}