{"id":85699,"date":"2026-01-19T22:46:43","date_gmt":"2026-01-20T04:46:43","guid":{"rendered":"https:\/\/nitu.mx\/?p=85699"},"modified":"2026-01-19T22:46:44","modified_gmt":"2026-01-20T04:46:44","slug":"promocionan-turismo-comunitario-de-maya-kaan-en-europa-de-la-mano-de-avoris-b-travel","status":"publish","type":"post","link":"https:\/\/nitu.mx\/index.php\/2026\/01\/19\/promocionan-turismo-comunitario-de-maya-kaan-en-europa-de-la-mano-de-avoris-b-travel\/","title":{"rendered":"Promocionan turismo comunitario de Maya Ka\u2019an en Europa de la mano de \u00c1voris B Travel"},"content":{"rendered":"\n<p>En el marco de la Feria Internacional de Turismo (FITUR) 2026 y durante su visita a la agencia B Travel del grupo \u00c1voris B Travel, la gobernadora de Quintana Roo, Mara Lezama Espinosa, anunci\u00f3 una alianza hist\u00f3rica para la promoci\u00f3n internacional de las experiencias tur\u00edsticas de Maya Ka\u2019an, enfocadas en el turismo rural, comunitario y sustentable del Mundo Maya, que representa la democratizaci\u00f3n del turismo con prosperidad compartida.<\/p>\n\n\n\n<p>La titular del Ejecutivo destac\u00f3 que es un hecho hist\u00f3rico la promoci\u00f3n y comercializaci\u00f3n de productos del turismo comunitario, con los protagonistas de las historias, como son las artesanas, cocineras tradicionales, productoras y productores.<\/p>\n\n\n\n<p>La gobernadora destac\u00f3 que, por primera vez, estas vivencias, que incluyen avistamiento de aves, senderismo, cocineras tradicionales, apicultura y producci\u00f3n de miel, entre muchas m\u00e1s, ser\u00e1n promocionadas por un operador de alcance europeo, bajo criterios de sustentabilidad, identidad y autenticidad. \u201cNo es un show; son productos con sentido, que cumplen estrictos criterios y que cuentas con su registro estatal de turismo\u201d, subray\u00f3.<\/p>\n\n\n\n<p>Este evento fue encabezado por la gobernadora Mara Lezama Espinosa y el presidente y CEO de \u00c1voris Corporaci\u00f3n Empresarial, Vicente David Fenollar Molina, integrantes de la delegaci\u00f3n quintanarroense y ejecutivos de la firma empresarial, durante una visita a una de sus oficinas, sobre el Paseo de la Castellana, en el coraz\u00f3n de Madrid.<\/p>\n\n\n\n<p>Mara Lezama enfatiz\u00f3 que el reconocimiento de la UNESCO a estas experiencias representa un sello de calidad y autenticidad que genera confianza entre los principales tour operadores internacionales, permitiendo distinguirlas en el mercado global. <\/p>\n\n\n\n<p>En ese marco, inform\u00f3 que se elabor\u00f3 un cat\u00e1logo en coordinaci\u00f3n con la UNESCO, que organiza las experiencias en cuatro rutas interestatales vinculadas a las estaciones del Tren Maya: Ruta Puuc (Campeche\u2013Yucat\u00e1n), Guerra de Castas (Yucat\u00e1n\u2013Quintana Roo), Arqueolog\u00eda del Sur (Quintana Roo\u2013Campeche) y Sierra Maya (Chiapas\u2013Tabasco).<\/p>\n\n\n\n<p>Detall\u00f3 que Maya Ka\u2019an cuenta con 90 experiencias integradas en la Ruta de la Guerra de Castas, desarrolladas por 17 cooperativas, de las cuales seis est\u00e1n reconocidas por la UNESCO y ser\u00e1n las primeras en esta alianza con \u00c1voris. Entre ellas destacan las Cuevas de las Serpientes Colgantes en Kantem\u00f3; el sendero Yumkax en Chunhuhub; el taller de bordado artesanal en Xpichil; el nado en los canales de la laguna Chunyaxch\u00e9 en Muyil; el recorrido hist\u00f3rico por Tihosuco y la experiencia culinaria comunitaria de la Milpa Maya, Ko\u2019ox Ich Kool.<\/p>\n\n\n\n<p>Finalmente, la gobernadora se\u00f1al\u00f3 que empresas de turismo comunitario participar\u00e1n en FITUR, como parte de una estrategia que busca democratizar el turismo, integrando tanto a grandes cadenas hoteleras como a peque\u00f1as iniciativas rurales y comunitarias, para que el desarrollo tur\u00edstico genere bienestar real en las comunidades mayas.<\/p>\n\n\n\n<p>Bajo el mensaje \u201cEl Caribe Mexicano y Maya Ka\u2019an m\u00e1s presentes que nunca en Madrid, Espa\u00f1a\u201d, la promoci\u00f3n trasciende los esquemas tradicionales para subrayar un modelo tur\u00edstico donde cada viajero contribuye activamente al desarrollo del Mundo Maya.<\/p>\n\n\n\n<p>Maya Ka\u2019an es un destino tur\u00edstico comunitario que abarca 3 municipios en el coraz\u00f3n de la zona Maya de Quintana Roo: Felipe Carrillo Puerto, Jos\u00e9 Mar\u00eda Morelos y Tulum, donde parte significativa de su poblaci\u00f3n es ind\u00edgena maya parlante. El pol\u00edgono comprende una superficie de 909 mil 644 hect\u00e1reas destinadas al desarrollo del turismo rural y comunitario e integra 76 comunidades de la zona Maya, beneficiando a m\u00e1s de 100,00 habitantes.<\/p>\n\n\n\n<p>\u00c1voris B Travel es uno de los principales grupos de viajes en Espa\u00f1a y Europa.<\/p>\n\n\n\n<p>Con esta alianza estrat\u00e9gica, Quintana Roo y \u00c1voris B Travel consolidan al Caribe Mexicano y a Maya Ka\u2019an como un modelo internacional de turismo comunitario y sustentable, donde la promoci\u00f3n tur\u00edstica se convierte tambi\u00e9n en una herramienta de desarrollo social y preservaci\u00f3n cultural. (<a href=\"https:\/\/nitu.mx\/index.php\/2025\/05\/01\/mara-lezama-presenta-el-modelo-de-turismo-comunitario-maya-kaan-ante-lideres-en-el-tianguis-turistico-2025\/\">Mara Lezama presenta el modelo de turismo comunitario Maya Ka\u2019an ante l\u00edderes en el Tianguis Tur\u00edstico 2025<\/a>).<\/p>\n","protected":false},"excerpt":{"rendered":"<p>En el marco de la Feria Internacional de Turismo (FITUR) 2026 y durante su visita a la agencia B Travel del grupo \u00c1voris B Travel, la gobernadora de Quintana Roo, Mara Lezama Espinosa, anunci\u00f3 una alianza hist\u00f3rica para la promoci\u00f3n internacional de las experiencias tur\u00edsticas de Maya Ka\u2019an, enfocadas en el turismo rural, comunitario y [&hellip;]<\/p>\n","protected":false},"author":17,"featured_media":85703,"comment_status":"closed","ping_status":"closed","sticky":false,"template":"","format":"standard","meta":{"footnotes":""},"categories":[18475,24423],"tags":[26835,14028,260,15096],"yoast_head":"<!-- This site is optimized with the Yoast SEO plugin v22.2 - https:\/\/yoast.com\/wordpress\/plugins\/seo\/ -->\n<title>Promocionan turismo comunitario de Maya Ka\u2019an en Europa de la mano de \u00c1voris B Travel - Nitu - Noticias de la Industria Turistica<\/title>\n<meta name=\"robots\" content=\"index, follow, max-snippet:-1, max-image-preview:large, max-video-preview:-1\" \/>\n<link rel=\"canonical\" href=\"https:\/\/nitu.mx\/index.php\/2026\/01\/19\/promocionan-turismo-comunitario-de-maya-kaan-en-europa-de-la-mano-de-avoris-b-travel\/\" \/>\n<meta name=\"twitter:card\" content=\"summary_large_image\" \/>\n<meta name=\"twitter:title\" content=\"Promocionan turismo comunitario de Maya Ka\u2019an en Europa de la mano de \u00c1voris B Travel - Nitu - Noticias de la Industria Turistica\" \/>\n<meta name=\"twitter:description\" content=\"En el marco de la Feria Internacional de Turismo (FITUR) 2026 y durante su visita a la agencia B Travel del grupo \u00c1voris B Travel, la gobernadora de Quintana Roo, Mara Lezama Espinosa, anunci\u00f3 una alianza hist\u00f3rica para la promoci\u00f3n internacional de las experiencias tur\u00edsticas de Maya Ka\u2019an, enfocadas en el turismo rural, comunitario y [&hellip;]\" \/>\n<meta name=\"twitter:image\" content=\"https:\/\/nitu.mx\/wp-content\/uploads\/2026\/01\/Maya-Kaan-Avoris-Fitur-2026.jpg\" \/>\n<meta name=\"twitter:creator\" content=\"@NITUmx\" \/>\n<meta name=\"twitter:site\" content=\"@Arturo_Medina_G\" \/>\n<meta name=\"twitter:label1\" content=\"Escrito por\" \/>\n\t<meta name=\"twitter:data1\" content=\"Redacci\u00f3n\" \/>\n\t<meta name=\"twitter:label2\" content=\"Tiempo de lectura\" \/>\n\t<meta name=\"twitter:data2\" content=\"3 minutos\" \/>\n<script type=\"application\/ld+json\" class=\"yoast-schema-graph\">{\"@context\":\"https:\/\/schema.org\",\"@graph\":[{\"@type\":\"Article\",\"@id\":\"https:\/\/nitu.mx\/index.php\/2026\/01\/19\/promocionan-turismo-comunitario-de-maya-kaan-en-europa-de-la-mano-de-avoris-b-travel\/#article\",\"isPartOf\":{\"@id\":\"https:\/\/nitu.mx\/index.php\/2026\/01\/19\/promocionan-turismo-comunitario-de-maya-kaan-en-europa-de-la-mano-de-avoris-b-travel\/\"},\"author\":{\"name\":\"Redacci\u00f3n\",\"@id\":\"https:\/\/nitu.mx\/#\/schema\/person\/4a28fe9bd65924f7c90623773daf1b0b\"},\"headline\":\"Promocionan turismo comunitario de Maya Ka\u2019an en Europa de la mano de \u00c1voris B Travel\",\"datePublished\":\"2026-01-20T04:46:43+00:00\",\"dateModified\":\"2026-01-20T04:46:44+00:00\",\"mainEntityOfPage\":{\"@id\":\"https:\/\/nitu.mx\/index.php\/2026\/01\/19\/promocionan-turismo-comunitario-de-maya-kaan-en-europa-de-la-mano-de-avoris-b-travel\/\"},\"wordCount\":680,\"publisher\":{\"@id\":\"https:\/\/nitu.mx\/#\/schema\/person\/ae7a53426417292d3dd07b45a33e01bc\"},\"image\":{\"@id\":\"https:\/\/nitu.mx\/index.php\/2026\/01\/19\/promocionan-turismo-comunitario-de-maya-kaan-en-europa-de-la-mano-de-avoris-b-travel\/#primaryimage\"},\"thumbnailUrl\":\"https:\/\/nitu.mx\/wp-content\/uploads\/2026\/01\/Maya-Kaan-Avoris-Fitur-2026.jpg\",\"keywords\":[\"\u00c1voris\",\"Mara Lezama\",\"Quintana Roo\",\"turismo comunitario\"],\"articleSection\":[\"Caribe Mexicano\",\"FITUR\"],\"inLanguage\":\"es-MX\"},{\"@type\":\"WebPage\",\"@id\":\"https:\/\/nitu.mx\/index.php\/2026\/01\/19\/promocionan-turismo-comunitario-de-maya-kaan-en-europa-de-la-mano-de-avoris-b-travel\/\",\"url\":\"https:\/\/nitu.mx\/index.php\/2026\/01\/19\/promocionan-turismo-comunitario-de-maya-kaan-en-europa-de-la-mano-de-avoris-b-travel\/\",\"name\":\"Promocionan turismo comunitario de Maya Ka\u2019an en Europa de la mano de \u00c1voris B Travel - Nitu - Noticias de la Industria Turistica\",\"isPartOf\":{\"@id\":\"https:\/\/nitu.mx\/#website\"},\"primaryImageOfPage\":{\"@id\":\"https:\/\/nitu.mx\/index.php\/2026\/01\/19\/promocionan-turismo-comunitario-de-maya-kaan-en-europa-de-la-mano-de-avoris-b-travel\/#primaryimage\"},\"image\":{\"@id\":\"https:\/\/nitu.mx\/index.php\/2026\/01\/19\/promocionan-turismo-comunitario-de-maya-kaan-en-europa-de-la-mano-de-avoris-b-travel\/#primaryimage\"},\"thumbnailUrl\":\"https:\/\/nitu.mx\/wp-content\/uploads\/2026\/01\/Maya-Kaan-Avoris-Fitur-2026.jpg\",\"datePublished\":\"2026-01-20T04:46:43+00:00\",\"dateModified\":\"2026-01-20T04:46:44+00:00\",\"breadcrumb\":{\"@id\":\"https:\/\/nitu.mx\/index.php\/2026\/01\/19\/promocionan-turismo-comunitario-de-maya-kaan-en-europa-de-la-mano-de-avoris-b-travel\/#breadcrumb\"},\"inLanguage\":\"es-MX\",\"potentialAction\":[{\"@type\":\"ReadAction\",\"target\":[\"https:\/\/nitu.mx\/index.php\/2026\/01\/19\/promocionan-turismo-comunitario-de-maya-kaan-en-europa-de-la-mano-de-avoris-b-travel\/\"]}]},{\"@type\":\"ImageObject\",\"inLanguage\":\"es-MX\",\"@id\":\"https:\/\/nitu.mx\/index.php\/2026\/01\/19\/promocionan-turismo-comunitario-de-maya-kaan-en-europa-de-la-mano-de-avoris-b-travel\/#primaryimage\",\"url\":\"https:\/\/nitu.mx\/wp-content\/uploads\/2026\/01\/Maya-Kaan-Avoris-Fitur-2026.jpg\",\"contentUrl\":\"https:\/\/nitu.mx\/wp-content\/uploads\/2026\/01\/Maya-Kaan-Avoris-Fitur-2026.jpg\",\"width\":1200,\"height\":675,\"caption\":\"Maya Ka'an \u00c1voris Fitur 2026\"},{\"@type\":\"BreadcrumbList\",\"@id\":\"https:\/\/nitu.mx\/index.php\/2026\/01\/19\/promocionan-turismo-comunitario-de-maya-kaan-en-europa-de-la-mano-de-avoris-b-travel\/#breadcrumb\",\"itemListElement\":[{\"@type\":\"ListItem\",\"position\":1,\"name\":\"Inicio\",\"item\":\"https:\/\/nitu.mx\/\"},{\"@type\":\"ListItem\",\"position\":2,\"name\":\"Promocionan turismo comunitario de Maya Ka\u2019an en Europa de la mano de \u00c1voris B Travel\"}]},{\"@type\":\"WebSite\",\"@id\":\"https:\/\/nitu.mx\/#website\",\"url\":\"https:\/\/nitu.mx\/\",\"name\":\"Nitu - Noticias de la Industria Turistica\",\"description\":\"Noticias de la Industria Turistica\",\"publisher\":{\"@id\":\"https:\/\/nitu.mx\/#\/schema\/person\/ae7a53426417292d3dd07b45a33e01bc\"},\"alternateName\":\"Noticias de la Industria Turistica\",\"potentialAction\":[{\"@type\":\"SearchAction\",\"target\":{\"@type\":\"EntryPoint\",\"urlTemplate\":\"https:\/\/nitu.mx\/?s={search_term_string}\"},\"query-input\":\"required name=search_term_string\"}],\"inLanguage\":\"es-MX\"},{\"@type\":[\"Person\",\"Organization\"],\"@id\":\"https:\/\/nitu.mx\/#\/schema\/person\/ae7a53426417292d3dd07b45a33e01bc\",\"name\":\"Arturo Medina\",\"image\":{\"@type\":\"ImageObject\",\"inLanguage\":\"es-MX\",\"@id\":\"https:\/\/nitu.mx\/#\/schema\/person\/image\/\",\"url\":\"https:\/\/nitu.mx\/wp-content\/uploads\/2024\/04\/4A315622-1904-4D5C-B022-878CDC840E04-90x90-1.jpeg\",\"contentUrl\":\"https:\/\/nitu.mx\/wp-content\/uploads\/2024\/04\/4A315622-1904-4D5C-B022-878CDC840E04-90x90-1.jpeg\",\"width\":90,\"height\":90,\"caption\":\"Arturo Medina\"},\"logo\":{\"@id\":\"https:\/\/nitu.mx\/#\/schema\/person\/image\/\"},\"description\":\"Director NITU.mx, Egresado de la Escuela de Periodismo Carlos Septi\u00e9n Garc\u00eda. Periodista y analista especializado en turismo desde hace 35 a\u00f1os, radicado en Canc\u00fan Q.Roo. arturo@nitu.mx\",\"sameAs\":[\"https:\/\/nitu.mx\",\"https:\/\/www.facebook.com\/NITUmx\/\",\"medinacancun\",\"https:\/\/twitter.com\/@Arturo_Medina_G\"]},{\"@type\":\"Person\",\"@id\":\"https:\/\/nitu.mx\/#\/schema\/person\/4a28fe9bd65924f7c90623773daf1b0b\",\"name\":\"Redacci\u00f3n\",\"image\":{\"@type\":\"ImageObject\",\"inLanguage\":\"es-MX\",\"@id\":\"https:\/\/nitu.mx\/#\/schema\/person\/image\/\",\"url\":\"https:\/\/secure.gravatar.com\/avatar\/5dd011c8ccfc5cd7e4c81e42252aab38?s=96&d=mm&r=g\",\"contentUrl\":\"https:\/\/secure.gravatar.com\/avatar\/5dd011c8ccfc5cd7e4c81e42252aab38?s=96&d=mm&r=g\",\"caption\":\"Redacci\u00f3n\"},\"url\":\"https:\/\/nitu.mx\/index.php\/author\/redaccion\/\"}]}<\/script>\n<!-- \/ Yoast SEO plugin. -->","yoast_head_json":{"title":"Promocionan turismo comunitario de Maya Ka\u2019an en Europa de la mano de \u00c1voris B Travel - Nitu - Noticias de la Industria Turistica","robots":{"index":"index","follow":"follow","max-snippet":"max-snippet:-1","max-image-preview":"max-image-preview:large","max-video-preview":"max-video-preview:-1"},"canonical":"https:\/\/nitu.mx\/index.php\/2026\/01\/19\/promocionan-turismo-comunitario-de-maya-kaan-en-europa-de-la-mano-de-avoris-b-travel\/","twitter_card":"summary_large_image","twitter_title":"Promocionan turismo comunitario de Maya Ka\u2019an en Europa de la mano de \u00c1voris B Travel - Nitu - Noticias de la Industria Turistica","twitter_description":"En el marco de la Feria Internacional de Turismo (FITUR) 2026 y durante su visita a la agencia B Travel del grupo \u00c1voris B Travel, la gobernadora de Quintana Roo, Mara Lezama Espinosa, anunci\u00f3 una alianza hist\u00f3rica para la promoci\u00f3n internacional de las experiencias tur\u00edsticas de Maya Ka\u2019an, enfocadas en el turismo rural, comunitario y [&hellip;]","twitter_image":"https:\/\/nitu.mx\/wp-content\/uploads\/2026\/01\/Maya-Kaan-Avoris-Fitur-2026.jpg","twitter_creator":"@NITUmx","twitter_site":"@Arturo_Medina_G","twitter_misc":{"Escrito por":"Redacci\u00f3n","Tiempo de lectura":"3 minutos"},"schema":{"@context":"https:\/\/schema.org","@graph":[{"@type":"Article","@id":"https:\/\/nitu.mx\/index.php\/2026\/01\/19\/promocionan-turismo-comunitario-de-maya-kaan-en-europa-de-la-mano-de-avoris-b-travel\/#article","isPartOf":{"@id":"https:\/\/nitu.mx\/index.php\/2026\/01\/19\/promocionan-turismo-comunitario-de-maya-kaan-en-europa-de-la-mano-de-avoris-b-travel\/"},"author":{"name":"Redacci\u00f3n","@id":"https:\/\/nitu.mx\/#\/schema\/person\/4a28fe9bd65924f7c90623773daf1b0b"},"headline":"Promocionan turismo comunitario de Maya Ka\u2019an en Europa de la mano de \u00c1voris B Travel","datePublished":"2026-01-20T04:46:43+00:00","dateModified":"2026-01-20T04:46:44+00:00","mainEntityOfPage":{"@id":"https:\/\/nitu.mx\/index.php\/2026\/01\/19\/promocionan-turismo-comunitario-de-maya-kaan-en-europa-de-la-mano-de-avoris-b-travel\/"},"wordCount":680,"publisher":{"@id":"https:\/\/nitu.mx\/#\/schema\/person\/ae7a53426417292d3dd07b45a33e01bc"},"image":{"@id":"https:\/\/nitu.mx\/index.php\/2026\/01\/19\/promocionan-turismo-comunitario-de-maya-kaan-en-europa-de-la-mano-de-avoris-b-travel\/#primaryimage"},"thumbnailUrl":"https:\/\/nitu.mx\/wp-content\/uploads\/2026\/01\/Maya-Kaan-Avoris-Fitur-2026.jpg","keywords":["\u00c1voris","Mara Lezama","Quintana Roo","turismo comunitario"],"articleSection":["Caribe Mexicano","FITUR"],"inLanguage":"es-MX"},{"@type":"WebPage","@id":"https:\/\/nitu.mx\/index.php\/2026\/01\/19\/promocionan-turismo-comunitario-de-maya-kaan-en-europa-de-la-mano-de-avoris-b-travel\/","url":"https:\/\/nitu.mx\/index.php\/2026\/01\/19\/promocionan-turismo-comunitario-de-maya-kaan-en-europa-de-la-mano-de-avoris-b-travel\/","name":"Promocionan turismo comunitario de Maya Ka\u2019an en Europa de la mano de \u00c1voris B Travel - Nitu - Noticias de la Industria Turistica","isPartOf":{"@id":"https:\/\/nitu.mx\/#website"},"primaryImageOfPage":{"@id":"https:\/\/nitu.mx\/index.php\/2026\/01\/19\/promocionan-turismo-comunitario-de-maya-kaan-en-europa-de-la-mano-de-avoris-b-travel\/#primaryimage"},"image":{"@id":"https:\/\/nitu.mx\/index.php\/2026\/01\/19\/promocionan-turismo-comunitario-de-maya-kaan-en-europa-de-la-mano-de-avoris-b-travel\/#primaryimage"},"thumbnailUrl":"https:\/\/nitu.mx\/wp-content\/uploads\/2026\/01\/Maya-Kaan-Avoris-Fitur-2026.jpg","datePublished":"2026-01-20T04:46:43+00:00","dateModified":"2026-01-20T04:46:44+00:00","breadcrumb":{"@id":"https:\/\/nitu.mx\/index.php\/2026\/01\/19\/promocionan-turismo-comunitario-de-maya-kaan-en-europa-de-la-mano-de-avoris-b-travel\/#breadcrumb"},"inLanguage":"es-MX","potentialAction":[{"@type":"ReadAction","target":["https:\/\/nitu.mx\/index.php\/2026\/01\/19\/promocionan-turismo-comunitario-de-maya-kaan-en-europa-de-la-mano-de-avoris-b-travel\/"]}]},{"@type":"ImageObject","inLanguage":"es-MX","@id":"https:\/\/nitu.mx\/index.php\/2026\/01\/19\/promocionan-turismo-comunitario-de-maya-kaan-en-europa-de-la-mano-de-avoris-b-travel\/#primaryimage","url":"https:\/\/nitu.mx\/wp-content\/uploads\/2026\/01\/Maya-Kaan-Avoris-Fitur-2026.jpg","contentUrl":"https:\/\/nitu.mx\/wp-content\/uploads\/2026\/01\/Maya-Kaan-Avoris-Fitur-2026.jpg","width":1200,"height":675,"caption":"Maya Ka'an \u00c1voris Fitur 2026"},{"@type":"BreadcrumbList","@id":"https:\/\/nitu.mx\/index.php\/2026\/01\/19\/promocionan-turismo-comunitario-de-maya-kaan-en-europa-de-la-mano-de-avoris-b-travel\/#breadcrumb","itemListElement":[{"@type":"ListItem","position":1,"name":"Inicio","item":"https:\/\/nitu.mx\/"},{"@type":"ListItem","position":2,"name":"Promocionan turismo comunitario de Maya Ka\u2019an en Europa de la mano de \u00c1voris B Travel"}]},{"@type":"WebSite","@id":"https:\/\/nitu.mx\/#website","url":"https:\/\/nitu.mx\/","name":"Nitu - Noticias de la Industria Turistica","description":"Noticias de la Industria Turistica","publisher":{"@id":"https:\/\/nitu.mx\/#\/schema\/person\/ae7a53426417292d3dd07b45a33e01bc"},"alternateName":"Noticias de la Industria Turistica","potentialAction":[{"@type":"SearchAction","target":{"@type":"EntryPoint","urlTemplate":"https:\/\/nitu.mx\/?s={search_term_string}"},"query-input":"required name=search_term_string"}],"inLanguage":"es-MX"},{"@type":["Person","Organization"],"@id":"https:\/\/nitu.mx\/#\/schema\/person\/ae7a53426417292d3dd07b45a33e01bc","name":"Arturo Medina","image":{"@type":"ImageObject","inLanguage":"es-MX","@id":"https:\/\/nitu.mx\/#\/schema\/person\/image\/","url":"https:\/\/nitu.mx\/wp-content\/uploads\/2024\/04\/4A315622-1904-4D5C-B022-878CDC840E04-90x90-1.jpeg","contentUrl":"https:\/\/nitu.mx\/wp-content\/uploads\/2024\/04\/4A315622-1904-4D5C-B022-878CDC840E04-90x90-1.jpeg","width":90,"height":90,"caption":"Arturo Medina"},"logo":{"@id":"https:\/\/nitu.mx\/#\/schema\/person\/image\/"},"description":"Director NITU.mx, Egresado de la Escuela de Periodismo Carlos Septi\u00e9n Garc\u00eda. Periodista y analista especializado en turismo desde hace 35 a\u00f1os, radicado en Canc\u00fan Q.Roo. arturo@nitu.mx","sameAs":["https:\/\/nitu.mx","https:\/\/www.facebook.com\/NITUmx\/","medinacancun","https:\/\/twitter.com\/@Arturo_Medina_G"]},{"@type":"Person","@id":"https:\/\/nitu.mx\/#\/schema\/person\/4a28fe9bd65924f7c90623773daf1b0b","name":"Redacci\u00f3n","image":{"@type":"ImageObject","inLanguage":"es-MX","@id":"https:\/\/nitu.mx\/#\/schema\/person\/image\/","url":"https:\/\/secure.gravatar.com\/avatar\/5dd011c8ccfc5cd7e4c81e42252aab38?s=96&d=mm&r=g","contentUrl":"https:\/\/secure.gravatar.com\/avatar\/5dd011c8ccfc5cd7e4c81e42252aab38?s=96&d=mm&r=g","caption":"Redacci\u00f3n"},"url":"https:\/\/nitu.mx\/index.php\/author\/redaccion\/"}]}},"views":338,"_links":{"self":[{"href":"https:\/\/nitu.mx\/index.php\/wp-json\/wp\/v2\/posts\/85699"}],"collection":[{"href":"https:\/\/nitu.mx\/index.php\/wp-json\/wp\/v2\/posts"}],"about":[{"href":"https:\/\/nitu.mx\/index.php\/wp-json\/wp\/v2\/types\/post"}],"author":[{"embeddable":true,"href":"https:\/\/nitu.mx\/index.php\/wp-json\/wp\/v2\/users\/17"}],"replies":[{"embeddable":true,"href":"https:\/\/nitu.mx\/index.php\/wp-json\/wp\/v2\/comments?post=85699"}],"version-history":[{"count":2,"href":"https:\/\/nitu.mx\/index.php\/wp-json\/wp\/v2\/posts\/85699\/revisions"}],"predecessor-version":[{"id":85704,"href":"https:\/\/nitu.mx\/index.php\/wp-json\/wp\/v2\/posts\/85699\/revisions\/85704"}],"wp:featuredmedia":[{"embeddable":true,"href":"https:\/\/nitu.mx\/index.php\/wp-json\/wp\/v2\/media\/85703"}],"wp:attachment":[{"href":"https:\/\/nitu.mx\/index.php\/wp-json\/wp\/v2\/media?parent=85699"}],"wp:term":[{"taxonomy":"category","embeddable":true,"href":"https:\/\/nitu.mx\/index.php\/wp-json\/wp\/v2\/categories?post=85699"},{"taxonomy":"post_tag","embeddable":true,"href":"https:\/\/nitu.mx\/index.php\/wp-json\/wp\/v2\/tags?post=85699"}],"curies":[{"name":"wp","href":"https:\/\/api.w.org\/{rel}","templated":true}]}}