{"id":85688,"date":"2026-01-19T22:13:14","date_gmt":"2026-01-20T04:13:14","guid":{"rendered":"https:\/\/nitu.mx\/?p=85688"},"modified":"2026-01-19T22:13:15","modified_gmt":"2026-01-20T04:13:15","slug":"gloria-guevara-retoma-oficialmente-la-presidencia-y-direccion-del-wttc","status":"publish","type":"post","link":"https:\/\/nitu.mx\/index.php\/2026\/01\/19\/gloria-guevara-retoma-oficialmente-la-presidencia-y-direccion-del-wttc\/","title":{"rendered":"Gloria Guevara retoma oficialmente la presidencia y direcci\u00f3n del WTTC"},"content":{"rendered":"\n<p>El Consejo Mundial de Viajes y Turismo (WTTC, por sus siglas en ingl\u00e9s), organismo l\u00edder del sector privado de la industria tur\u00edstica a nivel global, anunci\u00f3 el nombramiento de\u00a0Gloria Guevara como su nueva\u00a0presidenta y CEO.<\/p>\n\n\n\n<p>Guevara regresa al cargo que desempe\u00f1\u00f3 exitosamente entre 2017 y 2021, con m\u00e1s de tres d\u00e9cadas de experiencia en los m\u00e1s altos niveles del sector p\u00fablico y privado. Su liderazgo se ha distinguido por una visi\u00f3n estrat\u00e9gica, una capacidad probada para generar consensos y un enfoque colaborativo que ha sido clave para enfrentar los grandes retos de la industria a nivel internacional.<\/p>\n\n\n\n<p>A lo largo de su trayectoria ha ocupado posiciones de alto nivel, entre ellas Secretaria de Turismo de M\u00e9xico, Asesora Especial del Ministro de Turismo de Arabia Saudita, Asesora Especial en Asuntos Gubernamentales en la Escuela de Salud P\u00fablica Harvard TH Chan, y consejera en empresas globales como AMEX Global Business Travel, HSBC M\u00e9xico, Playa Hotels &amp; Resorts y Palace Company. <\/p>\n\n\n\n<p>Ha sido reconocida por diversos medios internacionales como una de las figuras m\u00e1s influyentes del turismo global y ha sido ampliamente valorada por su liderazgo en la gesti\u00f3n de crisis, particularmente durante la recuperaci\u00f3n del sector tras la pandemia de Covid-19.<\/p>\n\n\n\n<p>Su nombramiento marca una nueva etapa para el WTTC, enfocada en fortalecer su relevancia global, ampliar los servicios a sus miembros y reforzar su papel como principal organismo de representaci\u00f3n del sector privado de viajes y turismo. El Consejo agrupa a m\u00e1s de 200 l\u00edderes empresariales de la industria a nivel mundial, con presencia en todos los segmentos clave, desde hoteler\u00eda y aviaci\u00f3n hasta cruceros, salud y tecnolog\u00eda.<\/p>\n\n\n\n<p>\u201cMe siento honrada de regresar al WTTC en un momento clave para el sector. Mi prioridad ser\u00e1 impulsar la inversi\u00f3n, el crecimiento y la creaci\u00f3n de empleo; fortalecer un WTTC m\u00e1s representativo a nivel global; profundizar el v\u00ednculo con nuestros miembros; y continuar ofreciendo estudios de investigaci\u00f3n, representaci\u00f3n y servicios de clase mundial para la industria de viajes y turismo\u201d, se\u00f1al\u00f3 Gloria Guevara.<\/p>\n\n\n\n<p>Por su parte,\u00a0Manfredi Lefebvre, presidente del Consejo de Administraci\u00f3n\u00a0del WTTC\u00a0indic\u00f3 que: \u201cEl liderazgo y la experiencia de Gloria son exactamente lo que el WTTC necesita para esta nueva etapa. Su regreso nos permitir\u00e1 fortalecer nuestro equipo, ampliar nuestra membres\u00eda y reforzar nuestra labor de representaci\u00f3n global con una energ\u00eda renovada\u201d.<\/p>\n\n\n\n<p>Bajo su liderazgo, el WTTC continuar\u00e1 impulsando una agenda global enfocada en el crecimiento sostenible del turismo, la atracci\u00f3n de inversi\u00f3n, el desarrollo del talento y la colaboraci\u00f3n entre los sectores p\u00fablico y privado, consolidando su papel como una de las voces m\u00e1s influyentes de la industria a nivel mundial. (<a href=\"https:\/\/nitu.mx\/index.php\/2025\/12\/18\/espana-gana-la-sede-oficial-del-wttc-a-emiratos-arabes-francia-italia-y-suiza\/\">Espa\u00f1a gana la sede oficial del WTTC a Emiratos \u00c1rabes, Francia, Italia y Suiza<\/a>).<\/p>\n","protected":false},"excerpt":{"rendered":"<p>El Consejo Mundial de Viajes y Turismo (WTTC, por sus siglas en ingl\u00e9s), organismo l\u00edder del sector privado de la industria tur\u00edstica a nivel global, anunci\u00f3 el nombramiento de\u00a0Gloria Guevara como su nueva\u00a0presidenta y CEO. Guevara regresa al cargo que desempe\u00f1\u00f3 exitosamente entre 2017 y 2021, con m\u00e1s de tres d\u00e9cadas de experiencia en los [&hellip;]<\/p>\n","protected":false},"author":17,"featured_media":35829,"comment_status":"closed","ping_status":"closed","sticky":false,"template":"","format":"standard","meta":{"footnotes":""},"categories":[12],"tags":[1494,27786,4931],"yoast_head":"<!-- This site is optimized with the Yoast SEO plugin v22.2 - https:\/\/yoast.com\/wordpress\/plugins\/seo\/ -->\n<title>Gloria Guevara retoma oficialmente la presidencia y direcci\u00f3n del WTTC - Nitu - Noticias de la Industria Turistica<\/title>\n<meta name=\"robots\" content=\"index, follow, max-snippet:-1, max-image-preview:large, max-video-preview:-1\" \/>\n<link rel=\"canonical\" href=\"https:\/\/nitu.mx\/index.php\/2026\/01\/19\/gloria-guevara-retoma-oficialmente-la-presidencia-y-direccion-del-wttc\/\" \/>\n<meta name=\"twitter:card\" content=\"summary_large_image\" \/>\n<meta name=\"twitter:title\" content=\"Gloria Guevara retoma oficialmente la presidencia y direcci\u00f3n del WTTC - Nitu - Noticias de la Industria Turistica\" \/>\n<meta name=\"twitter:description\" content=\"El Consejo Mundial de Viajes y Turismo (WTTC, por sus siglas en ingl\u00e9s), organismo l\u00edder del sector privado de la industria tur\u00edstica a nivel global, anunci\u00f3 el nombramiento de\u00a0Gloria Guevara como su nueva\u00a0presidenta y CEO. Guevara regresa al cargo que desempe\u00f1\u00f3 exitosamente entre 2017 y 2021, con m\u00e1s de tres d\u00e9cadas de experiencia en los [&hellip;]\" \/>\n<meta name=\"twitter:image\" content=\"https:\/\/nitu.mx\/wp-content\/uploads\/2019\/09\/WTTC-GLORIA-GUEVARA.jpg\" \/>\n<meta name=\"twitter:creator\" content=\"@NITUmx\" \/>\n<meta name=\"twitter:site\" content=\"@Arturo_Medina_G\" \/>\n<meta name=\"twitter:label1\" content=\"Escrito por\" \/>\n\t<meta name=\"twitter:data1\" content=\"Redacci\u00f3n\" \/>\n\t<meta name=\"twitter:label2\" content=\"Tiempo de lectura\" \/>\n\t<meta name=\"twitter:data2\" content=\"2 minutos\" \/>\n<script type=\"application\/ld+json\" class=\"yoast-schema-graph\">{\"@context\":\"https:\/\/schema.org\",\"@graph\":[{\"@type\":\"Article\",\"@id\":\"https:\/\/nitu.mx\/index.php\/2026\/01\/19\/gloria-guevara-retoma-oficialmente-la-presidencia-y-direccion-del-wttc\/#article\",\"isPartOf\":{\"@id\":\"https:\/\/nitu.mx\/index.php\/2026\/01\/19\/gloria-guevara-retoma-oficialmente-la-presidencia-y-direccion-del-wttc\/\"},\"author\":{\"name\":\"Redacci\u00f3n\",\"@id\":\"https:\/\/nitu.mx\/#\/schema\/person\/4a28fe9bd65924f7c90623773daf1b0b\"},\"headline\":\"Gloria Guevara retoma oficialmente la presidencia y direcci\u00f3n del WTTC\",\"datePublished\":\"2026-01-20T04:13:14+00:00\",\"dateModified\":\"2026-01-20T04:13:15+00:00\",\"mainEntityOfPage\":{\"@id\":\"https:\/\/nitu.mx\/index.php\/2026\/01\/19\/gloria-guevara-retoma-oficialmente-la-presidencia-y-direccion-del-wttc\/\"},\"wordCount\":495,\"publisher\":{\"@id\":\"https:\/\/nitu.mx\/#\/schema\/person\/ae7a53426417292d3dd07b45a33e01bc\"},\"image\":{\"@id\":\"https:\/\/nitu.mx\/index.php\/2026\/01\/19\/gloria-guevara-retoma-oficialmente-la-presidencia-y-direccion-del-wttc\/#primaryimage\"},\"thumbnailUrl\":\"https:\/\/nitu.mx\/wp-content\/uploads\/2019\/09\/WTTC-GLORIA-GUEVARA.jpg\",\"keywords\":[\"Gloria Guevara\",\"Manfredi Lefebvre\",\"WTTC\"],\"articleSection\":[\"Marketing\"],\"inLanguage\":\"es-MX\"},{\"@type\":\"WebPage\",\"@id\":\"https:\/\/nitu.mx\/index.php\/2026\/01\/19\/gloria-guevara-retoma-oficialmente-la-presidencia-y-direccion-del-wttc\/\",\"url\":\"https:\/\/nitu.mx\/index.php\/2026\/01\/19\/gloria-guevara-retoma-oficialmente-la-presidencia-y-direccion-del-wttc\/\",\"name\":\"Gloria Guevara retoma oficialmente la presidencia y direcci\u00f3n del WTTC - Nitu - Noticias de la Industria Turistica\",\"isPartOf\":{\"@id\":\"https:\/\/nitu.mx\/#website\"},\"primaryImageOfPage\":{\"@id\":\"https:\/\/nitu.mx\/index.php\/2026\/01\/19\/gloria-guevara-retoma-oficialmente-la-presidencia-y-direccion-del-wttc\/#primaryimage\"},\"image\":{\"@id\":\"https:\/\/nitu.mx\/index.php\/2026\/01\/19\/gloria-guevara-retoma-oficialmente-la-presidencia-y-direccion-del-wttc\/#primaryimage\"},\"thumbnailUrl\":\"https:\/\/nitu.mx\/wp-content\/uploads\/2019\/09\/WTTC-GLORIA-GUEVARA.jpg\",\"datePublished\":\"2026-01-20T04:13:14+00:00\",\"dateModified\":\"2026-01-20T04:13:15+00:00\",\"breadcrumb\":{\"@id\":\"https:\/\/nitu.mx\/index.php\/2026\/01\/19\/gloria-guevara-retoma-oficialmente-la-presidencia-y-direccion-del-wttc\/#breadcrumb\"},\"inLanguage\":\"es-MX\",\"potentialAction\":[{\"@type\":\"ReadAction\",\"target\":[\"https:\/\/nitu.mx\/index.php\/2026\/01\/19\/gloria-guevara-retoma-oficialmente-la-presidencia-y-direccion-del-wttc\/\"]}]},{\"@type\":\"ImageObject\",\"inLanguage\":\"es-MX\",\"@id\":\"https:\/\/nitu.mx\/index.php\/2026\/01\/19\/gloria-guevara-retoma-oficialmente-la-presidencia-y-direccion-del-wttc\/#primaryimage\",\"url\":\"https:\/\/nitu.mx\/wp-content\/uploads\/2019\/09\/WTTC-GLORIA-GUEVARA.jpg\",\"contentUrl\":\"https:\/\/nitu.mx\/wp-content\/uploads\/2019\/09\/WTTC-GLORIA-GUEVARA.jpg\",\"width\":850,\"height\":480,\"caption\":\"WTTC GLORIA GUEVARA\"},{\"@type\":\"BreadcrumbList\",\"@id\":\"https:\/\/nitu.mx\/index.php\/2026\/01\/19\/gloria-guevara-retoma-oficialmente-la-presidencia-y-direccion-del-wttc\/#breadcrumb\",\"itemListElement\":[{\"@type\":\"ListItem\",\"position\":1,\"name\":\"Inicio\",\"item\":\"https:\/\/nitu.mx\/\"},{\"@type\":\"ListItem\",\"position\":2,\"name\":\"Gloria Guevara retoma oficialmente la presidencia y direcci\u00f3n del WTTC\"}]},{\"@type\":\"WebSite\",\"@id\":\"https:\/\/nitu.mx\/#website\",\"url\":\"https:\/\/nitu.mx\/\",\"name\":\"Nitu - Noticias de la Industria Turistica\",\"description\":\"Noticias de la Industria Turistica\",\"publisher\":{\"@id\":\"https:\/\/nitu.mx\/#\/schema\/person\/ae7a53426417292d3dd07b45a33e01bc\"},\"alternateName\":\"Noticias de la Industria Turistica\",\"potentialAction\":[{\"@type\":\"SearchAction\",\"target\":{\"@type\":\"EntryPoint\",\"urlTemplate\":\"https:\/\/nitu.mx\/?s={search_term_string}\"},\"query-input\":\"required name=search_term_string\"}],\"inLanguage\":\"es-MX\"},{\"@type\":[\"Person\",\"Organization\"],\"@id\":\"https:\/\/nitu.mx\/#\/schema\/person\/ae7a53426417292d3dd07b45a33e01bc\",\"name\":\"Arturo Medina\",\"image\":{\"@type\":\"ImageObject\",\"inLanguage\":\"es-MX\",\"@id\":\"https:\/\/nitu.mx\/#\/schema\/person\/image\/\",\"url\":\"https:\/\/nitu.mx\/wp-content\/uploads\/2024\/04\/4A315622-1904-4D5C-B022-878CDC840E04-90x90-1.jpeg\",\"contentUrl\":\"https:\/\/nitu.mx\/wp-content\/uploads\/2024\/04\/4A315622-1904-4D5C-B022-878CDC840E04-90x90-1.jpeg\",\"width\":90,\"height\":90,\"caption\":\"Arturo Medina\"},\"logo\":{\"@id\":\"https:\/\/nitu.mx\/#\/schema\/person\/image\/\"},\"description\":\"Director NITU.mx, Egresado de la Escuela de Periodismo Carlos Septi\u00e9n Garc\u00eda. Periodista y analista especializado en turismo desde hace 35 a\u00f1os, radicado en Canc\u00fan Q.Roo. arturo@nitu.mx\",\"sameAs\":[\"https:\/\/nitu.mx\",\"https:\/\/www.facebook.com\/NITUmx\/\",\"medinacancun\",\"https:\/\/twitter.com\/@Arturo_Medina_G\"]},{\"@type\":\"Person\",\"@id\":\"https:\/\/nitu.mx\/#\/schema\/person\/4a28fe9bd65924f7c90623773daf1b0b\",\"name\":\"Redacci\u00f3n\",\"image\":{\"@type\":\"ImageObject\",\"inLanguage\":\"es-MX\",\"@id\":\"https:\/\/nitu.mx\/#\/schema\/person\/image\/\",\"url\":\"https:\/\/secure.gravatar.com\/avatar\/5dd011c8ccfc5cd7e4c81e42252aab38?s=96&d=mm&r=g\",\"contentUrl\":\"https:\/\/secure.gravatar.com\/avatar\/5dd011c8ccfc5cd7e4c81e42252aab38?s=96&d=mm&r=g\",\"caption\":\"Redacci\u00f3n\"},\"url\":\"https:\/\/nitu.mx\/index.php\/author\/redaccion\/\"}]}<\/script>\n<!-- \/ Yoast SEO plugin. -->","yoast_head_json":{"title":"Gloria Guevara retoma oficialmente la presidencia y direcci\u00f3n del WTTC - Nitu - Noticias de la Industria Turistica","robots":{"index":"index","follow":"follow","max-snippet":"max-snippet:-1","max-image-preview":"max-image-preview:large","max-video-preview":"max-video-preview:-1"},"canonical":"https:\/\/nitu.mx\/index.php\/2026\/01\/19\/gloria-guevara-retoma-oficialmente-la-presidencia-y-direccion-del-wttc\/","twitter_card":"summary_large_image","twitter_title":"Gloria Guevara retoma oficialmente la presidencia y direcci\u00f3n del WTTC - Nitu - Noticias de la Industria Turistica","twitter_description":"El Consejo Mundial de Viajes y Turismo (WTTC, por sus siglas en ingl\u00e9s), organismo l\u00edder del sector privado de la industria tur\u00edstica a nivel global, anunci\u00f3 el nombramiento de\u00a0Gloria Guevara como su nueva\u00a0presidenta y CEO. Guevara regresa al cargo que desempe\u00f1\u00f3 exitosamente entre 2017 y 2021, con m\u00e1s de tres d\u00e9cadas de experiencia en los [&hellip;]","twitter_image":"https:\/\/nitu.mx\/wp-content\/uploads\/2019\/09\/WTTC-GLORIA-GUEVARA.jpg","twitter_creator":"@NITUmx","twitter_site":"@Arturo_Medina_G","twitter_misc":{"Escrito por":"Redacci\u00f3n","Tiempo de lectura":"2 minutos"},"schema":{"@context":"https:\/\/schema.org","@graph":[{"@type":"Article","@id":"https:\/\/nitu.mx\/index.php\/2026\/01\/19\/gloria-guevara-retoma-oficialmente-la-presidencia-y-direccion-del-wttc\/#article","isPartOf":{"@id":"https:\/\/nitu.mx\/index.php\/2026\/01\/19\/gloria-guevara-retoma-oficialmente-la-presidencia-y-direccion-del-wttc\/"},"author":{"name":"Redacci\u00f3n","@id":"https:\/\/nitu.mx\/#\/schema\/person\/4a28fe9bd65924f7c90623773daf1b0b"},"headline":"Gloria Guevara retoma oficialmente la presidencia y direcci\u00f3n del WTTC","datePublished":"2026-01-20T04:13:14+00:00","dateModified":"2026-01-20T04:13:15+00:00","mainEntityOfPage":{"@id":"https:\/\/nitu.mx\/index.php\/2026\/01\/19\/gloria-guevara-retoma-oficialmente-la-presidencia-y-direccion-del-wttc\/"},"wordCount":495,"publisher":{"@id":"https:\/\/nitu.mx\/#\/schema\/person\/ae7a53426417292d3dd07b45a33e01bc"},"image":{"@id":"https:\/\/nitu.mx\/index.php\/2026\/01\/19\/gloria-guevara-retoma-oficialmente-la-presidencia-y-direccion-del-wttc\/#primaryimage"},"thumbnailUrl":"https:\/\/nitu.mx\/wp-content\/uploads\/2019\/09\/WTTC-GLORIA-GUEVARA.jpg","keywords":["Gloria Guevara","Manfredi Lefebvre","WTTC"],"articleSection":["Marketing"],"inLanguage":"es-MX"},{"@type":"WebPage","@id":"https:\/\/nitu.mx\/index.php\/2026\/01\/19\/gloria-guevara-retoma-oficialmente-la-presidencia-y-direccion-del-wttc\/","url":"https:\/\/nitu.mx\/index.php\/2026\/01\/19\/gloria-guevara-retoma-oficialmente-la-presidencia-y-direccion-del-wttc\/","name":"Gloria Guevara retoma oficialmente la presidencia y direcci\u00f3n del WTTC - Nitu - Noticias de la Industria Turistica","isPartOf":{"@id":"https:\/\/nitu.mx\/#website"},"primaryImageOfPage":{"@id":"https:\/\/nitu.mx\/index.php\/2026\/01\/19\/gloria-guevara-retoma-oficialmente-la-presidencia-y-direccion-del-wttc\/#primaryimage"},"image":{"@id":"https:\/\/nitu.mx\/index.php\/2026\/01\/19\/gloria-guevara-retoma-oficialmente-la-presidencia-y-direccion-del-wttc\/#primaryimage"},"thumbnailUrl":"https:\/\/nitu.mx\/wp-content\/uploads\/2019\/09\/WTTC-GLORIA-GUEVARA.jpg","datePublished":"2026-01-20T04:13:14+00:00","dateModified":"2026-01-20T04:13:15+00:00","breadcrumb":{"@id":"https:\/\/nitu.mx\/index.php\/2026\/01\/19\/gloria-guevara-retoma-oficialmente-la-presidencia-y-direccion-del-wttc\/#breadcrumb"},"inLanguage":"es-MX","potentialAction":[{"@type":"ReadAction","target":["https:\/\/nitu.mx\/index.php\/2026\/01\/19\/gloria-guevara-retoma-oficialmente-la-presidencia-y-direccion-del-wttc\/"]}]},{"@type":"ImageObject","inLanguage":"es-MX","@id":"https:\/\/nitu.mx\/index.php\/2026\/01\/19\/gloria-guevara-retoma-oficialmente-la-presidencia-y-direccion-del-wttc\/#primaryimage","url":"https:\/\/nitu.mx\/wp-content\/uploads\/2019\/09\/WTTC-GLORIA-GUEVARA.jpg","contentUrl":"https:\/\/nitu.mx\/wp-content\/uploads\/2019\/09\/WTTC-GLORIA-GUEVARA.jpg","width":850,"height":480,"caption":"WTTC GLORIA GUEVARA"},{"@type":"BreadcrumbList","@id":"https:\/\/nitu.mx\/index.php\/2026\/01\/19\/gloria-guevara-retoma-oficialmente-la-presidencia-y-direccion-del-wttc\/#breadcrumb","itemListElement":[{"@type":"ListItem","position":1,"name":"Inicio","item":"https:\/\/nitu.mx\/"},{"@type":"ListItem","position":2,"name":"Gloria Guevara retoma oficialmente la presidencia y direcci\u00f3n del WTTC"}]},{"@type":"WebSite","@id":"https:\/\/nitu.mx\/#website","url":"https:\/\/nitu.mx\/","name":"Nitu - Noticias de la Industria Turistica","description":"Noticias de la Industria Turistica","publisher":{"@id":"https:\/\/nitu.mx\/#\/schema\/person\/ae7a53426417292d3dd07b45a33e01bc"},"alternateName":"Noticias de la Industria Turistica","potentialAction":[{"@type":"SearchAction","target":{"@type":"EntryPoint","urlTemplate":"https:\/\/nitu.mx\/?s={search_term_string}"},"query-input":"required name=search_term_string"}],"inLanguage":"es-MX"},{"@type":["Person","Organization"],"@id":"https:\/\/nitu.mx\/#\/schema\/person\/ae7a53426417292d3dd07b45a33e01bc","name":"Arturo Medina","image":{"@type":"ImageObject","inLanguage":"es-MX","@id":"https:\/\/nitu.mx\/#\/schema\/person\/image\/","url":"https:\/\/nitu.mx\/wp-content\/uploads\/2024\/04\/4A315622-1904-4D5C-B022-878CDC840E04-90x90-1.jpeg","contentUrl":"https:\/\/nitu.mx\/wp-content\/uploads\/2024\/04\/4A315622-1904-4D5C-B022-878CDC840E04-90x90-1.jpeg","width":90,"height":90,"caption":"Arturo Medina"},"logo":{"@id":"https:\/\/nitu.mx\/#\/schema\/person\/image\/"},"description":"Director NITU.mx, Egresado de la Escuela de Periodismo Carlos Septi\u00e9n Garc\u00eda. Periodista y analista especializado en turismo desde hace 35 a\u00f1os, radicado en Canc\u00fan Q.Roo. arturo@nitu.mx","sameAs":["https:\/\/nitu.mx","https:\/\/www.facebook.com\/NITUmx\/","medinacancun","https:\/\/twitter.com\/@Arturo_Medina_G"]},{"@type":"Person","@id":"https:\/\/nitu.mx\/#\/schema\/person\/4a28fe9bd65924f7c90623773daf1b0b","name":"Redacci\u00f3n","image":{"@type":"ImageObject","inLanguage":"es-MX","@id":"https:\/\/nitu.mx\/#\/schema\/person\/image\/","url":"https:\/\/secure.gravatar.com\/avatar\/5dd011c8ccfc5cd7e4c81e42252aab38?s=96&d=mm&r=g","contentUrl":"https:\/\/secure.gravatar.com\/avatar\/5dd011c8ccfc5cd7e4c81e42252aab38?s=96&d=mm&r=g","caption":"Redacci\u00f3n"},"url":"https:\/\/nitu.mx\/index.php\/author\/redaccion\/"}]}},"views":497,"_links":{"self":[{"href":"https:\/\/nitu.mx\/index.php\/wp-json\/wp\/v2\/posts\/85688"}],"collection":[{"href":"https:\/\/nitu.mx\/index.php\/wp-json\/wp\/v2\/posts"}],"about":[{"href":"https:\/\/nitu.mx\/index.php\/wp-json\/wp\/v2\/types\/post"}],"author":[{"embeddable":true,"href":"https:\/\/nitu.mx\/index.php\/wp-json\/wp\/v2\/users\/17"}],"replies":[{"embeddable":true,"href":"https:\/\/nitu.mx\/index.php\/wp-json\/wp\/v2\/comments?post=85688"}],"version-history":[{"count":2,"href":"https:\/\/nitu.mx\/index.php\/wp-json\/wp\/v2\/posts\/85688\/revisions"}],"predecessor-version":[{"id":85692,"href":"https:\/\/nitu.mx\/index.php\/wp-json\/wp\/v2\/posts\/85688\/revisions\/85692"}],"wp:featuredmedia":[{"embeddable":true,"href":"https:\/\/nitu.mx\/index.php\/wp-json\/wp\/v2\/media\/35829"}],"wp:attachment":[{"href":"https:\/\/nitu.mx\/index.php\/wp-json\/wp\/v2\/media?parent=85688"}],"wp:term":[{"taxonomy":"category","embeddable":true,"href":"https:\/\/nitu.mx\/index.php\/wp-json\/wp\/v2\/categories?post=85688"},{"taxonomy":"post_tag","embeddable":true,"href":"https:\/\/nitu.mx\/index.php\/wp-json\/wp\/v2\/tags?post=85688"}],"curies":[{"name":"wp","href":"https:\/\/api.w.org\/{rel}","templated":true}]}}