{"id":85684,"date":"2026-01-19T20:07:16","date_gmt":"2026-01-20T02:07:16","guid":{"rendered":"https:\/\/nitu.mx\/?p=85684"},"modified":"2026-01-19T20:07:17","modified_gmt":"2026-01-20T02:07:17","slug":"asetur-fortalece-la-agenda-nacional-de-turismo-desde-fitur-2026","status":"publish","type":"post","link":"https:\/\/nitu.mx\/index.php\/2026\/01\/19\/asetur-fortalece-la-agenda-nacional-de-turismo-desde-fitur-2026\/","title":{"rendered":"ASETUR fortalece la agenda nacional de turismo desde FITUR 2026"},"content":{"rendered":"\n<p>En el marco de la Feria Internacional de Turismo (FITUR) 2026, las Secretarias y los Secretarios de Turismo de M\u00e9xico celebraron una reuni\u00f3n de trabajo con el objetivo de fortalecer la coordinaci\u00f3n nacional del sector, alinear estrategias de promoci\u00f3n, sostenibilidad y financiamiento, y consolidar al turismo como una prioridad estrat\u00e9gica para el desarrollo econ\u00f3mico y social del pa\u00eds, bajo el lema de ASETUR:&nbsp;<em>Hagamos del turismo una prioridad para M\u00e9xico<\/em>.<\/p>\n\n\n\n<p>La reuni\u00f3n fue encabezada por Bernardo Cueto Riestra, secretario de Turismo de Quintana Roo y presidente de ASETUR, quien dio la bienvenida a las y los titulares estatales, destacando la importancia de construir una agenda com\u00fan que permita potenciar la competitividad de los destinos tur\u00edsticos de M\u00e9xico en los mercados internacionales, con una visi\u00f3n de largo plazo, colaboraci\u00f3n y corresponsabilidad.<\/p>\n\n\n\n<p>Durante la sesi\u00f3n, se cont\u00f3 con la participaci\u00f3n de Gloria Guevara Manzo, presidenta y directora ejecutiva del Consejo Mundial de Viajes y Turismo (WTTC, por sus siglas en ingl\u00e9s), quien comparti\u00f3 una visi\u00f3n global sobre los retos y oportunidades del turismo a nivel internacional, as\u00ed como la relevancia de M\u00e9xico como una de las principales potencias tur\u00edsticas del mundo.<\/p>\n\n\n\n<p>Asimismo, representantes del sector empresarial nacional presentaron propuestas orientadas al fortalecimiento de la industria tur\u00edstica, entre ellos Antonio Cos\u00edo Pando, presidente del Consejo Nacional Empresarial Tur\u00edstico (CNET), y Jorge Paoli D\u00edaz, presidente de la Asociaci\u00f3n Nacional de Cadenas Hoteleras (ANCH), quienes coincidieron en la necesidad de mantener una estrecha colaboraci\u00f3n p\u00fablico-privada para impulsar la inversi\u00f3n, la conectividad y la competitividad de los destinos.<\/p>\n\n\n\n<p>En materia de financiamiento, BBVA M\u00e9xico y Banco Santander M\u00e9xico presentaron iniciativas estrat\u00e9gicas para el impulso al sector tur\u00edstico, enfocadas en el desarrollo de proyectos, el acompa\u00f1amiento a empresas del sector y el fortalecimiento de las econom\u00edas locales, reconociendo al turismo como un eje clave para el crecimiento del pa\u00eds.<\/p>\n\n\n\n<p>Uno de los momentos centrales de la reuni\u00f3n fue la presentaci\u00f3n de la Gu\u00eda de Buenas Pr\u00e1cticas de las 32 entidades federativas, a cargo de la Comisi\u00f3n de Sustentabilidad de ASETUR, coordinada por Maricarmen Mart\u00ednez Villarreal, secretaria de Turismo de Nuevo Le\u00f3n, con el objetivo de homologar criterios y promover un turismo m\u00e1s sostenible, responsable e incluyente en todo el territorio nacional.<\/p>\n\n\n\n<p>El encuentro incluy\u00f3 un di\u00e1logo un interactivo entre las Secretarias y los Secretarios de Turismo de M\u00e9xico, touroperadores, inversionistas e invitados especiales, orientado a generar alianzas, compartir experiencias y fortalecer la presencia de los destinos mexicanos en los mercados internacionales.<\/p>\n\n\n\n<p>La reuni\u00f3n fue clausurada por la gobernadora de Quintana Roo, Mara Lezama Espinosa, presidenta de la Comisi\u00f3n de Turismo de la CONAGO, quien reafirm\u00f3 el compromiso de los gobiernos estatales de seguir trabajando de manera coordinada para que el turismo contin\u00fae siendo una herramienta de bienestar social, prosperidad compartida y desarrollo sostenible para las comunidades.<\/p>\n\n\n\n<p>Con este encuentro, ASETUR refrenda su papel como espacio de coordinaci\u00f3n estrat\u00e9gica nacional y su compromiso de seguir impulsando acciones concretas para hacer del turismo una prioridad para M\u00e9xico. (<a href=\"https:\/\/nitu.mx\/index.php\/2025\/12\/15\/asetur-confirma-estar-lista-para-la-participacion-de-mexico-en-las-ferias-internacionales-de-2026\/\">ASETUR confirma estar lista para la participaci\u00f3n de M\u00e9xico en las ferias internacionales de 2026<\/a>).<\/p>\n","protected":false},"excerpt":{"rendered":"<p>En el marco de la Feria Internacional de Turismo (FITUR) 2026, las Secretarias y los Secretarios de Turismo de M\u00e9xico celebraron una reuni\u00f3n de trabajo con el objetivo de fortalecer la coordinaci\u00f3n nacional del sector, alinear estrategias de promoci\u00f3n, sostenibilidad y financiamiento, y consolidar al turismo como una prioridad estrat\u00e9gica para el desarrollo econ\u00f3mico y [&hellip;]<\/p>\n","protected":false},"author":17,"featured_media":85686,"comment_status":"closed","ping_status":"closed","sticky":false,"template":"","format":"standard","meta":{"footnotes":""},"categories":[24423],"tags":[1928,1118,634,13931,834,1494,14028,4931],"yoast_head":"<!-- This site is optimized with the Yoast SEO plugin v22.2 - https:\/\/yoast.com\/wordpress\/plugins\/seo\/ -->\n<title>ASETUR fortalece la agenda nacional de turismo desde FITUR 2026 - Nitu - Noticias de la Industria Turistica<\/title>\n<meta name=\"robots\" content=\"index, follow, max-snippet:-1, max-image-preview:large, max-video-preview:-1\" \/>\n<link rel=\"canonical\" href=\"https:\/\/nitu.mx\/index.php\/2026\/01\/19\/asetur-fortalece-la-agenda-nacional-de-turismo-desde-fitur-2026\/\" \/>\n<meta name=\"twitter:card\" content=\"summary_large_image\" \/>\n<meta name=\"twitter:title\" content=\"ASETUR fortalece la agenda nacional de turismo desde FITUR 2026 - Nitu - Noticias de la Industria Turistica\" \/>\n<meta name=\"twitter:description\" content=\"En el marco de la Feria Internacional de Turismo (FITUR) 2026, las Secretarias y los Secretarios de Turismo de M\u00e9xico celebraron una reuni\u00f3n de trabajo con el objetivo de fortalecer la coordinaci\u00f3n nacional del sector, alinear estrategias de promoci\u00f3n, sostenibilidad y financiamiento, y consolidar al turismo como una prioridad estrat\u00e9gica para el desarrollo econ\u00f3mico y [&hellip;]\" \/>\n<meta name=\"twitter:image\" content=\"https:\/\/nitu.mx\/wp-content\/uploads\/2026\/01\/Asetur-reunion-FITUR.jpg\" \/>\n<meta name=\"twitter:creator\" content=\"@NITUmx\" \/>\n<meta name=\"twitter:site\" content=\"@Arturo_Medina_G\" \/>\n<meta name=\"twitter:label1\" content=\"Escrito por\" \/>\n\t<meta name=\"twitter:data1\" content=\"Redacci\u00f3n\" \/>\n\t<meta name=\"twitter:label2\" content=\"Tiempo de lectura\" \/>\n\t<meta name=\"twitter:data2\" content=\"3 minutos\" \/>\n<script type=\"application\/ld+json\" class=\"yoast-schema-graph\">{\"@context\":\"https:\/\/schema.org\",\"@graph\":[{\"@type\":\"Article\",\"@id\":\"https:\/\/nitu.mx\/index.php\/2026\/01\/19\/asetur-fortalece-la-agenda-nacional-de-turismo-desde-fitur-2026\/#article\",\"isPartOf\":{\"@id\":\"https:\/\/nitu.mx\/index.php\/2026\/01\/19\/asetur-fortalece-la-agenda-nacional-de-turismo-desde-fitur-2026\/\"},\"author\":{\"name\":\"Redacci\u00f3n\",\"@id\":\"https:\/\/nitu.mx\/#\/schema\/person\/4a28fe9bd65924f7c90623773daf1b0b\"},\"headline\":\"ASETUR fortalece la agenda nacional de turismo desde FITUR 2026\",\"datePublished\":\"2026-01-20T02:07:16+00:00\",\"dateModified\":\"2026-01-20T02:07:17+00:00\",\"mainEntityOfPage\":{\"@id\":\"https:\/\/nitu.mx\/index.php\/2026\/01\/19\/asetur-fortalece-la-agenda-nacional-de-turismo-desde-fitur-2026\/\"},\"wordCount\":563,\"publisher\":{\"@id\":\"https:\/\/nitu.mx\/#\/schema\/person\/ae7a53426417292d3dd07b45a33e01bc\"},\"image\":{\"@id\":\"https:\/\/nitu.mx\/index.php\/2026\/01\/19\/asetur-fortalece-la-agenda-nacional-de-turismo-desde-fitur-2026\/#primaryimage\"},\"thumbnailUrl\":\"https:\/\/nitu.mx\/wp-content\/uploads\/2026\/01\/Asetur-reunion-FITUR.jpg\",\"keywords\":[\"ANCH\",\"Asetur\",\"BBVA\",\"Bernardo Cueto\",\"CNET\",\"Gloria Guevara\",\"Mara Lezama\",\"WTTC\"],\"articleSection\":[\"FITUR\"],\"inLanguage\":\"es-MX\"},{\"@type\":\"WebPage\",\"@id\":\"https:\/\/nitu.mx\/index.php\/2026\/01\/19\/asetur-fortalece-la-agenda-nacional-de-turismo-desde-fitur-2026\/\",\"url\":\"https:\/\/nitu.mx\/index.php\/2026\/01\/19\/asetur-fortalece-la-agenda-nacional-de-turismo-desde-fitur-2026\/\",\"name\":\"ASETUR fortalece la agenda nacional de turismo desde FITUR 2026 - Nitu - Noticias de la Industria Turistica\",\"isPartOf\":{\"@id\":\"https:\/\/nitu.mx\/#website\"},\"primaryImageOfPage\":{\"@id\":\"https:\/\/nitu.mx\/index.php\/2026\/01\/19\/asetur-fortalece-la-agenda-nacional-de-turismo-desde-fitur-2026\/#primaryimage\"},\"image\":{\"@id\":\"https:\/\/nitu.mx\/index.php\/2026\/01\/19\/asetur-fortalece-la-agenda-nacional-de-turismo-desde-fitur-2026\/#primaryimage\"},\"thumbnailUrl\":\"https:\/\/nitu.mx\/wp-content\/uploads\/2026\/01\/Asetur-reunion-FITUR.jpg\",\"datePublished\":\"2026-01-20T02:07:16+00:00\",\"dateModified\":\"2026-01-20T02:07:17+00:00\",\"breadcrumb\":{\"@id\":\"https:\/\/nitu.mx\/index.php\/2026\/01\/19\/asetur-fortalece-la-agenda-nacional-de-turismo-desde-fitur-2026\/#breadcrumb\"},\"inLanguage\":\"es-MX\",\"potentialAction\":[{\"@type\":\"ReadAction\",\"target\":[\"https:\/\/nitu.mx\/index.php\/2026\/01\/19\/asetur-fortalece-la-agenda-nacional-de-turismo-desde-fitur-2026\/\"]}]},{\"@type\":\"ImageObject\",\"inLanguage\":\"es-MX\",\"@id\":\"https:\/\/nitu.mx\/index.php\/2026\/01\/19\/asetur-fortalece-la-agenda-nacional-de-turismo-desde-fitur-2026\/#primaryimage\",\"url\":\"https:\/\/nitu.mx\/wp-content\/uploads\/2026\/01\/Asetur-reunion-FITUR.jpg\",\"contentUrl\":\"https:\/\/nitu.mx\/wp-content\/uploads\/2026\/01\/Asetur-reunion-FITUR.jpg\",\"width\":1200,\"height\":675,\"caption\":\"Asetur reuni\u00f3n FITUR\"},{\"@type\":\"BreadcrumbList\",\"@id\":\"https:\/\/nitu.mx\/index.php\/2026\/01\/19\/asetur-fortalece-la-agenda-nacional-de-turismo-desde-fitur-2026\/#breadcrumb\",\"itemListElement\":[{\"@type\":\"ListItem\",\"position\":1,\"name\":\"Inicio\",\"item\":\"https:\/\/nitu.mx\/\"},{\"@type\":\"ListItem\",\"position\":2,\"name\":\"ASETUR fortalece la agenda nacional de turismo desde FITUR 2026\"}]},{\"@type\":\"WebSite\",\"@id\":\"https:\/\/nitu.mx\/#website\",\"url\":\"https:\/\/nitu.mx\/\",\"name\":\"Nitu - Noticias de la Industria Turistica\",\"description\":\"Noticias de la Industria Turistica\",\"publisher\":{\"@id\":\"https:\/\/nitu.mx\/#\/schema\/person\/ae7a53426417292d3dd07b45a33e01bc\"},\"alternateName\":\"Noticias de la Industria Turistica\",\"potentialAction\":[{\"@type\":\"SearchAction\",\"target\":{\"@type\":\"EntryPoint\",\"urlTemplate\":\"https:\/\/nitu.mx\/?s={search_term_string}\"},\"query-input\":\"required name=search_term_string\"}],\"inLanguage\":\"es-MX\"},{\"@type\":[\"Person\",\"Organization\"],\"@id\":\"https:\/\/nitu.mx\/#\/schema\/person\/ae7a53426417292d3dd07b45a33e01bc\",\"name\":\"Arturo Medina\",\"image\":{\"@type\":\"ImageObject\",\"inLanguage\":\"es-MX\",\"@id\":\"https:\/\/nitu.mx\/#\/schema\/person\/image\/\",\"url\":\"https:\/\/nitu.mx\/wp-content\/uploads\/2024\/04\/4A315622-1904-4D5C-B022-878CDC840E04-90x90-1.jpeg\",\"contentUrl\":\"https:\/\/nitu.mx\/wp-content\/uploads\/2024\/04\/4A315622-1904-4D5C-B022-878CDC840E04-90x90-1.jpeg\",\"width\":90,\"height\":90,\"caption\":\"Arturo Medina\"},\"logo\":{\"@id\":\"https:\/\/nitu.mx\/#\/schema\/person\/image\/\"},\"description\":\"Director NITU.mx, Egresado de la Escuela de Periodismo Carlos Septi\u00e9n Garc\u00eda. Periodista y analista especializado en turismo desde hace 35 a\u00f1os, radicado en Canc\u00fan Q.Roo. arturo@nitu.mx\",\"sameAs\":[\"https:\/\/nitu.mx\",\"https:\/\/www.facebook.com\/NITUmx\/\",\"medinacancun\",\"https:\/\/twitter.com\/@Arturo_Medina_G\"]},{\"@type\":\"Person\",\"@id\":\"https:\/\/nitu.mx\/#\/schema\/person\/4a28fe9bd65924f7c90623773daf1b0b\",\"name\":\"Redacci\u00f3n\",\"image\":{\"@type\":\"ImageObject\",\"inLanguage\":\"es-MX\",\"@id\":\"https:\/\/nitu.mx\/#\/schema\/person\/image\/\",\"url\":\"https:\/\/secure.gravatar.com\/avatar\/5dd011c8ccfc5cd7e4c81e42252aab38?s=96&d=mm&r=g\",\"contentUrl\":\"https:\/\/secure.gravatar.com\/avatar\/5dd011c8ccfc5cd7e4c81e42252aab38?s=96&d=mm&r=g\",\"caption\":\"Redacci\u00f3n\"},\"url\":\"https:\/\/nitu.mx\/index.php\/author\/redaccion\/\"}]}<\/script>\n<!-- \/ Yoast SEO plugin. -->","yoast_head_json":{"title":"ASETUR fortalece la agenda nacional de turismo desde FITUR 2026 - Nitu - Noticias de la Industria Turistica","robots":{"index":"index","follow":"follow","max-snippet":"max-snippet:-1","max-image-preview":"max-image-preview:large","max-video-preview":"max-video-preview:-1"},"canonical":"https:\/\/nitu.mx\/index.php\/2026\/01\/19\/asetur-fortalece-la-agenda-nacional-de-turismo-desde-fitur-2026\/","twitter_card":"summary_large_image","twitter_title":"ASETUR fortalece la agenda nacional de turismo desde FITUR 2026 - Nitu - Noticias de la Industria Turistica","twitter_description":"En el marco de la Feria Internacional de Turismo (FITUR) 2026, las Secretarias y los Secretarios de Turismo de M\u00e9xico celebraron una reuni\u00f3n de trabajo con el objetivo de fortalecer la coordinaci\u00f3n nacional del sector, alinear estrategias de promoci\u00f3n, sostenibilidad y financiamiento, y consolidar al turismo como una prioridad estrat\u00e9gica para el desarrollo econ\u00f3mico y [&hellip;]","twitter_image":"https:\/\/nitu.mx\/wp-content\/uploads\/2026\/01\/Asetur-reunion-FITUR.jpg","twitter_creator":"@NITUmx","twitter_site":"@Arturo_Medina_G","twitter_misc":{"Escrito por":"Redacci\u00f3n","Tiempo de lectura":"3 minutos"},"schema":{"@context":"https:\/\/schema.org","@graph":[{"@type":"Article","@id":"https:\/\/nitu.mx\/index.php\/2026\/01\/19\/asetur-fortalece-la-agenda-nacional-de-turismo-desde-fitur-2026\/#article","isPartOf":{"@id":"https:\/\/nitu.mx\/index.php\/2026\/01\/19\/asetur-fortalece-la-agenda-nacional-de-turismo-desde-fitur-2026\/"},"author":{"name":"Redacci\u00f3n","@id":"https:\/\/nitu.mx\/#\/schema\/person\/4a28fe9bd65924f7c90623773daf1b0b"},"headline":"ASETUR fortalece la agenda nacional de turismo desde FITUR 2026","datePublished":"2026-01-20T02:07:16+00:00","dateModified":"2026-01-20T02:07:17+00:00","mainEntityOfPage":{"@id":"https:\/\/nitu.mx\/index.php\/2026\/01\/19\/asetur-fortalece-la-agenda-nacional-de-turismo-desde-fitur-2026\/"},"wordCount":563,"publisher":{"@id":"https:\/\/nitu.mx\/#\/schema\/person\/ae7a53426417292d3dd07b45a33e01bc"},"image":{"@id":"https:\/\/nitu.mx\/index.php\/2026\/01\/19\/asetur-fortalece-la-agenda-nacional-de-turismo-desde-fitur-2026\/#primaryimage"},"thumbnailUrl":"https:\/\/nitu.mx\/wp-content\/uploads\/2026\/01\/Asetur-reunion-FITUR.jpg","keywords":["ANCH","Asetur","BBVA","Bernardo Cueto","CNET","Gloria Guevara","Mara Lezama","WTTC"],"articleSection":["FITUR"],"inLanguage":"es-MX"},{"@type":"WebPage","@id":"https:\/\/nitu.mx\/index.php\/2026\/01\/19\/asetur-fortalece-la-agenda-nacional-de-turismo-desde-fitur-2026\/","url":"https:\/\/nitu.mx\/index.php\/2026\/01\/19\/asetur-fortalece-la-agenda-nacional-de-turismo-desde-fitur-2026\/","name":"ASETUR fortalece la agenda nacional de turismo desde FITUR 2026 - Nitu - Noticias de la Industria Turistica","isPartOf":{"@id":"https:\/\/nitu.mx\/#website"},"primaryImageOfPage":{"@id":"https:\/\/nitu.mx\/index.php\/2026\/01\/19\/asetur-fortalece-la-agenda-nacional-de-turismo-desde-fitur-2026\/#primaryimage"},"image":{"@id":"https:\/\/nitu.mx\/index.php\/2026\/01\/19\/asetur-fortalece-la-agenda-nacional-de-turismo-desde-fitur-2026\/#primaryimage"},"thumbnailUrl":"https:\/\/nitu.mx\/wp-content\/uploads\/2026\/01\/Asetur-reunion-FITUR.jpg","datePublished":"2026-01-20T02:07:16+00:00","dateModified":"2026-01-20T02:07:17+00:00","breadcrumb":{"@id":"https:\/\/nitu.mx\/index.php\/2026\/01\/19\/asetur-fortalece-la-agenda-nacional-de-turismo-desde-fitur-2026\/#breadcrumb"},"inLanguage":"es-MX","potentialAction":[{"@type":"ReadAction","target":["https:\/\/nitu.mx\/index.php\/2026\/01\/19\/asetur-fortalece-la-agenda-nacional-de-turismo-desde-fitur-2026\/"]}]},{"@type":"ImageObject","inLanguage":"es-MX","@id":"https:\/\/nitu.mx\/index.php\/2026\/01\/19\/asetur-fortalece-la-agenda-nacional-de-turismo-desde-fitur-2026\/#primaryimage","url":"https:\/\/nitu.mx\/wp-content\/uploads\/2026\/01\/Asetur-reunion-FITUR.jpg","contentUrl":"https:\/\/nitu.mx\/wp-content\/uploads\/2026\/01\/Asetur-reunion-FITUR.jpg","width":1200,"height":675,"caption":"Asetur reuni\u00f3n FITUR"},{"@type":"BreadcrumbList","@id":"https:\/\/nitu.mx\/index.php\/2026\/01\/19\/asetur-fortalece-la-agenda-nacional-de-turismo-desde-fitur-2026\/#breadcrumb","itemListElement":[{"@type":"ListItem","position":1,"name":"Inicio","item":"https:\/\/nitu.mx\/"},{"@type":"ListItem","position":2,"name":"ASETUR fortalece la agenda nacional de turismo desde FITUR 2026"}]},{"@type":"WebSite","@id":"https:\/\/nitu.mx\/#website","url":"https:\/\/nitu.mx\/","name":"Nitu - Noticias de la Industria Turistica","description":"Noticias de la Industria Turistica","publisher":{"@id":"https:\/\/nitu.mx\/#\/schema\/person\/ae7a53426417292d3dd07b45a33e01bc"},"alternateName":"Noticias de la Industria Turistica","potentialAction":[{"@type":"SearchAction","target":{"@type":"EntryPoint","urlTemplate":"https:\/\/nitu.mx\/?s={search_term_string}"},"query-input":"required name=search_term_string"}],"inLanguage":"es-MX"},{"@type":["Person","Organization"],"@id":"https:\/\/nitu.mx\/#\/schema\/person\/ae7a53426417292d3dd07b45a33e01bc","name":"Arturo Medina","image":{"@type":"ImageObject","inLanguage":"es-MX","@id":"https:\/\/nitu.mx\/#\/schema\/person\/image\/","url":"https:\/\/nitu.mx\/wp-content\/uploads\/2024\/04\/4A315622-1904-4D5C-B022-878CDC840E04-90x90-1.jpeg","contentUrl":"https:\/\/nitu.mx\/wp-content\/uploads\/2024\/04\/4A315622-1904-4D5C-B022-878CDC840E04-90x90-1.jpeg","width":90,"height":90,"caption":"Arturo Medina"},"logo":{"@id":"https:\/\/nitu.mx\/#\/schema\/person\/image\/"},"description":"Director NITU.mx, Egresado de la Escuela de Periodismo Carlos Septi\u00e9n Garc\u00eda. Periodista y analista especializado en turismo desde hace 35 a\u00f1os, radicado en Canc\u00fan Q.Roo. arturo@nitu.mx","sameAs":["https:\/\/nitu.mx","https:\/\/www.facebook.com\/NITUmx\/","medinacancun","https:\/\/twitter.com\/@Arturo_Medina_G"]},{"@type":"Person","@id":"https:\/\/nitu.mx\/#\/schema\/person\/4a28fe9bd65924f7c90623773daf1b0b","name":"Redacci\u00f3n","image":{"@type":"ImageObject","inLanguage":"es-MX","@id":"https:\/\/nitu.mx\/#\/schema\/person\/image\/","url":"https:\/\/secure.gravatar.com\/avatar\/5dd011c8ccfc5cd7e4c81e42252aab38?s=96&d=mm&r=g","contentUrl":"https:\/\/secure.gravatar.com\/avatar\/5dd011c8ccfc5cd7e4c81e42252aab38?s=96&d=mm&r=g","caption":"Redacci\u00f3n"},"url":"https:\/\/nitu.mx\/index.php\/author\/redaccion\/"}]}},"views":378,"_links":{"self":[{"href":"https:\/\/nitu.mx\/index.php\/wp-json\/wp\/v2\/posts\/85684"}],"collection":[{"href":"https:\/\/nitu.mx\/index.php\/wp-json\/wp\/v2\/posts"}],"about":[{"href":"https:\/\/nitu.mx\/index.php\/wp-json\/wp\/v2\/types\/post"}],"author":[{"embeddable":true,"href":"https:\/\/nitu.mx\/index.php\/wp-json\/wp\/v2\/users\/17"}],"replies":[{"embeddable":true,"href":"https:\/\/nitu.mx\/index.php\/wp-json\/wp\/v2\/comments?post=85684"}],"version-history":[{"count":1,"href":"https:\/\/nitu.mx\/index.php\/wp-json\/wp\/v2\/posts\/85684\/revisions"}],"predecessor-version":[{"id":85687,"href":"https:\/\/nitu.mx\/index.php\/wp-json\/wp\/v2\/posts\/85684\/revisions\/85687"}],"wp:featuredmedia":[{"embeddable":true,"href":"https:\/\/nitu.mx\/index.php\/wp-json\/wp\/v2\/media\/85686"}],"wp:attachment":[{"href":"https:\/\/nitu.mx\/index.php\/wp-json\/wp\/v2\/media?parent=85684"}],"wp:term":[{"taxonomy":"category","embeddable":true,"href":"https:\/\/nitu.mx\/index.php\/wp-json\/wp\/v2\/categories?post=85684"},{"taxonomy":"post_tag","embeddable":true,"href":"https:\/\/nitu.mx\/index.php\/wp-json\/wp\/v2\/tags?post=85684"}],"curies":[{"name":"wp","href":"https:\/\/api.w.org\/{rel}","templated":true}]}}