{"id":85678,"date":"2026-01-18T22:07:17","date_gmt":"2026-01-19T04:07:17","guid":{"rendered":"https:\/\/nitu.mx\/?p=85678"},"modified":"2026-01-18T22:07:18","modified_gmt":"2026-01-19T04:07:18","slug":"mara-lezama-encabeza-reunion-de-trabajo-para-evaluar-avances-del-tulum-air-show-2026","status":"publish","type":"post","link":"https:\/\/nitu.mx\/index.php\/2026\/01\/18\/mara-lezama-encabeza-reunion-de-trabajo-para-evaluar-avances-del-tulum-air-show-2026\/","title":{"rendered":"Mara Lezama encabeza reuni\u00f3n de trabajo para evaluar avances del \u201cTulum Air Show 2026\u201d"},"content":{"rendered":"\n<p>La gobernadora de Quintana Roo, Mara Lezama Espinosa, encabez\u00f3 una reuni\u00f3n de trabajo con representantes de la Fuerza A\u00e9rea Mexicana y directivos del Comit\u00e9 de la Feria Aeroespacial M\u00e9xico (FAMEX) para evaluar los avances del \u201cTulum Air Show 2026\u201d.<\/p>\n\n\n\n<p>La titular del Ejecutivo agradeci\u00f3 la suma de esfuerzos interinstitucionales para la realizaci\u00f3n de este importante evento aeroespacial, que se llevar\u00e1 a cabo del 23 al 26 de abril de este a\u00f1o en el Aeropuerto Internacional de Tulum \u201cFelipe Carrillo Puerto\u201d.<\/p>\n\n\n\n<p>Durante el encuentro se revisaron los avances generales del proyecto, as\u00ed como informaci\u00f3n estrat\u00e9gica relacionada con la log\u00edstica, la organizaci\u00f3n y los componentes que integrar\u00e1n el espect\u00e1culo, el cual contar\u00e1 con exhibiciones aeron\u00e1uticas y actividades complementarias de alto nivel.<\/p>\n\n\n\n<p>Lezama Espinosa destac\u00f3 que este tipo de eventos consolidan a Tulum y a Quintana Roo como destinos capaces de albergar espect\u00e1culos de talla internacional, al tiempo que generan prosperidad compartida para las y los quintanarroenses, como se establece en el Nuevo Acuerdo por el Bienestar y Desarrollo.<\/p>\n\n\n\n<p>\u201cCuando llegan eventos de este nivel, llega tambi\u00e9n la derrama econ\u00f3mica, el turismo, el empleo y el bienestar para nuestras comunidades\u201d, subray\u00f3.<\/p>\n\n\n\n<p>En su intervenci\u00f3n, el General de Grupo Piloto Aviador de Estado Mayor, Disraeli G\u00f3mez Herrera, Director de FAMEX, recalc\u00f3 que todos los preparativos para este evento marchan en tiempo y forma para el disfrute del p\u00fablico, del 23 al 26 de abril pr\u00f3ximo.<\/p>\n\n\n\n<p>Asimismo, se destac\u00f3 que el evento contar\u00e1 con actividades in\u00e9ditas en el pa\u00eds, al integrar exhibiciones especializadas y espect\u00e1culos complementarios que permitir\u00e1n posicionar a Quintana Roo como un destino estrat\u00e9gico para este tipo de encuentros de gran formato y proyecci\u00f3n internacional.<\/p>\n\n\n\n<p>Se inform\u00f3 que, como parte del programa, se realizar\u00e1 una carrera denominada \u201cHonor y Motor\u201d, concebida para reconocer el trabajo de la Fuerza A\u00e9rea Mexicana, con acceso gratuito para familias militares y poblaci\u00f3n local.<\/p>\n\n\n\n<p>En la reuni\u00f3n participaron el General DEM, Jos\u00e9 Francisco Ter\u00e1n Valle, Comandante de la D\u00e9cima Regi\u00f3n Militar; el General Fidel Mondrag\u00f3n Rivero, Comandante de la 34\u00aa Zona Militar en Quintana Roo; el Teniente Coronel Blas Tepalcapa N\u00fa\u00f1ez, Subjefe de Operaciones; la secretaria de Gobierno, Cristina Torres G\u00f3mez; el secretario de Turismo en el estado, Bernardo Cueto Riestra; el secretario de Salud, Flavio Carlos Rosado; el titular de IMOVEQROO, Rafael Hern\u00e1ndez Kotasek.<\/p>\n\n\n\n<p>Adem\u00e1s, el director de COEPROC, Guillermo N\u00fa\u00f1ez Leal; el subsecretario de Comunicaci\u00f3n y Promoci\u00f3n Tur\u00edstica, Pablo Casas G\u00f3mez; la directora de Turismo municipal de Tulum, Carla Patricia Andrade; la gerente del FBO, Tayatzi Paniagua Castro; el asesor y colaborador de FAMEX, Oscar Mora, as\u00ed como mandos responsables de las \u00e1reas de log\u00edstica, operaciones, mantenimiento, publicidad y meteorolog\u00eda, y autoridades militares de la regi\u00f3n. (<a href=\"https:\/\/nitu.mx\/index.php\/2025\/11\/19\/tulum-air-show-2026-toma-vuelo-avanzan-preparativos-rumbo-al-magno-espectaculo-aereo\/\">Tulum Air Show 2026 toma vuelo, avanzan preparativos rumbo al magno espect\u00e1culo a\u00e9reo<\/a>).<\/p>\n","protected":false},"excerpt":{"rendered":"<p>La gobernadora de Quintana Roo, Mara Lezama Espinosa, encabez\u00f3 una reuni\u00f3n de trabajo con representantes de la Fuerza A\u00e9rea Mexicana y directivos del Comit\u00e9 de la Feria Aeroespacial M\u00e9xico (FAMEX) para evaluar los avances del \u201cTulum Air Show 2026\u201d. La titular del Ejecutivo agradeci\u00f3 la suma de esfuerzos interinstitucionales para la realizaci\u00f3n de este importante [&hellip;]<\/p>\n","protected":false},"author":17,"featured_media":85682,"comment_status":"closed","ping_status":"closed","sticky":false,"template":"","format":"standard","meta":{"footnotes":""},"categories":[18475],"tags":[13931,14028,390,27824],"yoast_head":"<!-- This site is optimized with the Yoast SEO plugin v22.2 - https:\/\/yoast.com\/wordpress\/plugins\/seo\/ -->\n<title>Mara Lezama encabeza reuni\u00f3n de trabajo para evaluar avances del \u201cTulum Air Show 2026\u201d - Nitu - Noticias de la Industria Turistica<\/title>\n<meta name=\"robots\" content=\"index, follow, max-snippet:-1, max-image-preview:large, max-video-preview:-1\" \/>\n<link rel=\"canonical\" href=\"https:\/\/nitu.mx\/index.php\/2026\/01\/18\/mara-lezama-encabeza-reunion-de-trabajo-para-evaluar-avances-del-tulum-air-show-2026\/\" \/>\n<meta name=\"twitter:card\" content=\"summary_large_image\" \/>\n<meta name=\"twitter:title\" content=\"Mara Lezama encabeza reuni\u00f3n de trabajo para evaluar avances del \u201cTulum Air Show 2026\u201d - Nitu - Noticias de la Industria Turistica\" \/>\n<meta name=\"twitter:description\" content=\"La gobernadora de Quintana Roo, Mara Lezama Espinosa, encabez\u00f3 una reuni\u00f3n de trabajo con representantes de la Fuerza A\u00e9rea Mexicana y directivos del Comit\u00e9 de la Feria Aeroespacial M\u00e9xico (FAMEX) para evaluar los avances del \u201cTulum Air Show 2026\u201d. La titular del Ejecutivo agradeci\u00f3 la suma de esfuerzos interinstitucionales para la realizaci\u00f3n de este importante [&hellip;]\" \/>\n<meta name=\"twitter:image\" content=\"https:\/\/nitu.mx\/wp-content\/uploads\/2026\/01\/TULUM-AIR-SHOW-AVANCES.jpg\" \/>\n<meta name=\"twitter:creator\" content=\"@NITUmx\" \/>\n<meta name=\"twitter:site\" content=\"@Arturo_Medina_G\" \/>\n<meta name=\"twitter:label1\" content=\"Escrito por\" \/>\n\t<meta name=\"twitter:data1\" content=\"Redacci\u00f3n\" \/>\n\t<meta name=\"twitter:label2\" content=\"Tiempo de lectura\" \/>\n\t<meta name=\"twitter:data2\" content=\"2 minutos\" \/>\n<script type=\"application\/ld+json\" class=\"yoast-schema-graph\">{\"@context\":\"https:\/\/schema.org\",\"@graph\":[{\"@type\":\"Article\",\"@id\":\"https:\/\/nitu.mx\/index.php\/2026\/01\/18\/mara-lezama-encabeza-reunion-de-trabajo-para-evaluar-avances-del-tulum-air-show-2026\/#article\",\"isPartOf\":{\"@id\":\"https:\/\/nitu.mx\/index.php\/2026\/01\/18\/mara-lezama-encabeza-reunion-de-trabajo-para-evaluar-avances-del-tulum-air-show-2026\/\"},\"author\":{\"name\":\"Redacci\u00f3n\",\"@id\":\"https:\/\/nitu.mx\/#\/schema\/person\/4a28fe9bd65924f7c90623773daf1b0b\"},\"headline\":\"Mara Lezama encabeza reuni\u00f3n de trabajo para evaluar avances del \u201cTulum Air Show 2026\u201d\",\"datePublished\":\"2026-01-19T04:07:17+00:00\",\"dateModified\":\"2026-01-19T04:07:18+00:00\",\"mainEntityOfPage\":{\"@id\":\"https:\/\/nitu.mx\/index.php\/2026\/01\/18\/mara-lezama-encabeza-reunion-de-trabajo-para-evaluar-avances-del-tulum-air-show-2026\/\"},\"wordCount\":506,\"publisher\":{\"@id\":\"https:\/\/nitu.mx\/#\/schema\/person\/ae7a53426417292d3dd07b45a33e01bc\"},\"image\":{\"@id\":\"https:\/\/nitu.mx\/index.php\/2026\/01\/18\/mara-lezama-encabeza-reunion-de-trabajo-para-evaluar-avances-del-tulum-air-show-2026\/#primaryimage\"},\"thumbnailUrl\":\"https:\/\/nitu.mx\/wp-content\/uploads\/2026\/01\/TULUM-AIR-SHOW-AVANCES.jpg\",\"keywords\":[\"Bernardo Cueto\",\"Mara Lezama\",\"Tulum\",\"Tulum Air Show\"],\"articleSection\":[\"Caribe Mexicano\"],\"inLanguage\":\"es-MX\"},{\"@type\":\"WebPage\",\"@id\":\"https:\/\/nitu.mx\/index.php\/2026\/01\/18\/mara-lezama-encabeza-reunion-de-trabajo-para-evaluar-avances-del-tulum-air-show-2026\/\",\"url\":\"https:\/\/nitu.mx\/index.php\/2026\/01\/18\/mara-lezama-encabeza-reunion-de-trabajo-para-evaluar-avances-del-tulum-air-show-2026\/\",\"name\":\"Mara Lezama encabeza reuni\u00f3n de trabajo para evaluar avances del \u201cTulum Air Show 2026\u201d - Nitu - Noticias de la Industria Turistica\",\"isPartOf\":{\"@id\":\"https:\/\/nitu.mx\/#website\"},\"primaryImageOfPage\":{\"@id\":\"https:\/\/nitu.mx\/index.php\/2026\/01\/18\/mara-lezama-encabeza-reunion-de-trabajo-para-evaluar-avances-del-tulum-air-show-2026\/#primaryimage\"},\"image\":{\"@id\":\"https:\/\/nitu.mx\/index.php\/2026\/01\/18\/mara-lezama-encabeza-reunion-de-trabajo-para-evaluar-avances-del-tulum-air-show-2026\/#primaryimage\"},\"thumbnailUrl\":\"https:\/\/nitu.mx\/wp-content\/uploads\/2026\/01\/TULUM-AIR-SHOW-AVANCES.jpg\",\"datePublished\":\"2026-01-19T04:07:17+00:00\",\"dateModified\":\"2026-01-19T04:07:18+00:00\",\"breadcrumb\":{\"@id\":\"https:\/\/nitu.mx\/index.php\/2026\/01\/18\/mara-lezama-encabeza-reunion-de-trabajo-para-evaluar-avances-del-tulum-air-show-2026\/#breadcrumb\"},\"inLanguage\":\"es-MX\",\"potentialAction\":[{\"@type\":\"ReadAction\",\"target\":[\"https:\/\/nitu.mx\/index.php\/2026\/01\/18\/mara-lezama-encabeza-reunion-de-trabajo-para-evaluar-avances-del-tulum-air-show-2026\/\"]}]},{\"@type\":\"ImageObject\",\"inLanguage\":\"es-MX\",\"@id\":\"https:\/\/nitu.mx\/index.php\/2026\/01\/18\/mara-lezama-encabeza-reunion-de-trabajo-para-evaluar-avances-del-tulum-air-show-2026\/#primaryimage\",\"url\":\"https:\/\/nitu.mx\/wp-content\/uploads\/2026\/01\/TULUM-AIR-SHOW-AVANCES.jpg\",\"contentUrl\":\"https:\/\/nitu.mx\/wp-content\/uploads\/2026\/01\/TULUM-AIR-SHOW-AVANCES.jpg\",\"width\":1200,\"height\":675,\"caption\":\"TULUM AIR SHOW AVANCES\"},{\"@type\":\"BreadcrumbList\",\"@id\":\"https:\/\/nitu.mx\/index.php\/2026\/01\/18\/mara-lezama-encabeza-reunion-de-trabajo-para-evaluar-avances-del-tulum-air-show-2026\/#breadcrumb\",\"itemListElement\":[{\"@type\":\"ListItem\",\"position\":1,\"name\":\"Inicio\",\"item\":\"https:\/\/nitu.mx\/\"},{\"@type\":\"ListItem\",\"position\":2,\"name\":\"Mara Lezama encabeza reuni\u00f3n de trabajo para evaluar avances del \u201cTulum Air Show 2026\u201d\"}]},{\"@type\":\"WebSite\",\"@id\":\"https:\/\/nitu.mx\/#website\",\"url\":\"https:\/\/nitu.mx\/\",\"name\":\"Nitu - Noticias de la Industria Turistica\",\"description\":\"Noticias de la Industria Turistica\",\"publisher\":{\"@id\":\"https:\/\/nitu.mx\/#\/schema\/person\/ae7a53426417292d3dd07b45a33e01bc\"},\"alternateName\":\"Noticias de la Industria Turistica\",\"potentialAction\":[{\"@type\":\"SearchAction\",\"target\":{\"@type\":\"EntryPoint\",\"urlTemplate\":\"https:\/\/nitu.mx\/?s={search_term_string}\"},\"query-input\":\"required name=search_term_string\"}],\"inLanguage\":\"es-MX\"},{\"@type\":[\"Person\",\"Organization\"],\"@id\":\"https:\/\/nitu.mx\/#\/schema\/person\/ae7a53426417292d3dd07b45a33e01bc\",\"name\":\"Arturo Medina\",\"image\":{\"@type\":\"ImageObject\",\"inLanguage\":\"es-MX\",\"@id\":\"https:\/\/nitu.mx\/#\/schema\/person\/image\/\",\"url\":\"https:\/\/nitu.mx\/wp-content\/uploads\/2024\/04\/4A315622-1904-4D5C-B022-878CDC840E04-90x90-1.jpeg\",\"contentUrl\":\"https:\/\/nitu.mx\/wp-content\/uploads\/2024\/04\/4A315622-1904-4D5C-B022-878CDC840E04-90x90-1.jpeg\",\"width\":90,\"height\":90,\"caption\":\"Arturo Medina\"},\"logo\":{\"@id\":\"https:\/\/nitu.mx\/#\/schema\/person\/image\/\"},\"description\":\"Director NITU.mx, Egresado de la Escuela de Periodismo Carlos Septi\u00e9n Garc\u00eda. Periodista y analista especializado en turismo desde hace 35 a\u00f1os, radicado en Canc\u00fan Q.Roo. arturo@nitu.mx\",\"sameAs\":[\"https:\/\/nitu.mx\",\"https:\/\/www.facebook.com\/NITUmx\/\",\"medinacancun\",\"https:\/\/twitter.com\/@Arturo_Medina_G\"]},{\"@type\":\"Person\",\"@id\":\"https:\/\/nitu.mx\/#\/schema\/person\/4a28fe9bd65924f7c90623773daf1b0b\",\"name\":\"Redacci\u00f3n\",\"image\":{\"@type\":\"ImageObject\",\"inLanguage\":\"es-MX\",\"@id\":\"https:\/\/nitu.mx\/#\/schema\/person\/image\/\",\"url\":\"https:\/\/secure.gravatar.com\/avatar\/5dd011c8ccfc5cd7e4c81e42252aab38?s=96&d=mm&r=g\",\"contentUrl\":\"https:\/\/secure.gravatar.com\/avatar\/5dd011c8ccfc5cd7e4c81e42252aab38?s=96&d=mm&r=g\",\"caption\":\"Redacci\u00f3n\"},\"url\":\"https:\/\/nitu.mx\/index.php\/author\/redaccion\/\"}]}<\/script>\n<!-- \/ Yoast SEO plugin. -->","yoast_head_json":{"title":"Mara Lezama encabeza reuni\u00f3n de trabajo para evaluar avances del \u201cTulum Air Show 2026\u201d - Nitu - Noticias de la Industria Turistica","robots":{"index":"index","follow":"follow","max-snippet":"max-snippet:-1","max-image-preview":"max-image-preview:large","max-video-preview":"max-video-preview:-1"},"canonical":"https:\/\/nitu.mx\/index.php\/2026\/01\/18\/mara-lezama-encabeza-reunion-de-trabajo-para-evaluar-avances-del-tulum-air-show-2026\/","twitter_card":"summary_large_image","twitter_title":"Mara Lezama encabeza reuni\u00f3n de trabajo para evaluar avances del \u201cTulum Air Show 2026\u201d - Nitu - Noticias de la Industria Turistica","twitter_description":"La gobernadora de Quintana Roo, Mara Lezama Espinosa, encabez\u00f3 una reuni\u00f3n de trabajo con representantes de la Fuerza A\u00e9rea Mexicana y directivos del Comit\u00e9 de la Feria Aeroespacial M\u00e9xico (FAMEX) para evaluar los avances del \u201cTulum Air Show 2026\u201d. La titular del Ejecutivo agradeci\u00f3 la suma de esfuerzos interinstitucionales para la realizaci\u00f3n de este importante [&hellip;]","twitter_image":"https:\/\/nitu.mx\/wp-content\/uploads\/2026\/01\/TULUM-AIR-SHOW-AVANCES.jpg","twitter_creator":"@NITUmx","twitter_site":"@Arturo_Medina_G","twitter_misc":{"Escrito por":"Redacci\u00f3n","Tiempo de lectura":"2 minutos"},"schema":{"@context":"https:\/\/schema.org","@graph":[{"@type":"Article","@id":"https:\/\/nitu.mx\/index.php\/2026\/01\/18\/mara-lezama-encabeza-reunion-de-trabajo-para-evaluar-avances-del-tulum-air-show-2026\/#article","isPartOf":{"@id":"https:\/\/nitu.mx\/index.php\/2026\/01\/18\/mara-lezama-encabeza-reunion-de-trabajo-para-evaluar-avances-del-tulum-air-show-2026\/"},"author":{"name":"Redacci\u00f3n","@id":"https:\/\/nitu.mx\/#\/schema\/person\/4a28fe9bd65924f7c90623773daf1b0b"},"headline":"Mara Lezama encabeza reuni\u00f3n de trabajo para evaluar avances del \u201cTulum Air Show 2026\u201d","datePublished":"2026-01-19T04:07:17+00:00","dateModified":"2026-01-19T04:07:18+00:00","mainEntityOfPage":{"@id":"https:\/\/nitu.mx\/index.php\/2026\/01\/18\/mara-lezama-encabeza-reunion-de-trabajo-para-evaluar-avances-del-tulum-air-show-2026\/"},"wordCount":506,"publisher":{"@id":"https:\/\/nitu.mx\/#\/schema\/person\/ae7a53426417292d3dd07b45a33e01bc"},"image":{"@id":"https:\/\/nitu.mx\/index.php\/2026\/01\/18\/mara-lezama-encabeza-reunion-de-trabajo-para-evaluar-avances-del-tulum-air-show-2026\/#primaryimage"},"thumbnailUrl":"https:\/\/nitu.mx\/wp-content\/uploads\/2026\/01\/TULUM-AIR-SHOW-AVANCES.jpg","keywords":["Bernardo Cueto","Mara Lezama","Tulum","Tulum Air Show"],"articleSection":["Caribe Mexicano"],"inLanguage":"es-MX"},{"@type":"WebPage","@id":"https:\/\/nitu.mx\/index.php\/2026\/01\/18\/mara-lezama-encabeza-reunion-de-trabajo-para-evaluar-avances-del-tulum-air-show-2026\/","url":"https:\/\/nitu.mx\/index.php\/2026\/01\/18\/mara-lezama-encabeza-reunion-de-trabajo-para-evaluar-avances-del-tulum-air-show-2026\/","name":"Mara Lezama encabeza reuni\u00f3n de trabajo para evaluar avances del \u201cTulum Air Show 2026\u201d - Nitu - Noticias de la Industria Turistica","isPartOf":{"@id":"https:\/\/nitu.mx\/#website"},"primaryImageOfPage":{"@id":"https:\/\/nitu.mx\/index.php\/2026\/01\/18\/mara-lezama-encabeza-reunion-de-trabajo-para-evaluar-avances-del-tulum-air-show-2026\/#primaryimage"},"image":{"@id":"https:\/\/nitu.mx\/index.php\/2026\/01\/18\/mara-lezama-encabeza-reunion-de-trabajo-para-evaluar-avances-del-tulum-air-show-2026\/#primaryimage"},"thumbnailUrl":"https:\/\/nitu.mx\/wp-content\/uploads\/2026\/01\/TULUM-AIR-SHOW-AVANCES.jpg","datePublished":"2026-01-19T04:07:17+00:00","dateModified":"2026-01-19T04:07:18+00:00","breadcrumb":{"@id":"https:\/\/nitu.mx\/index.php\/2026\/01\/18\/mara-lezama-encabeza-reunion-de-trabajo-para-evaluar-avances-del-tulum-air-show-2026\/#breadcrumb"},"inLanguage":"es-MX","potentialAction":[{"@type":"ReadAction","target":["https:\/\/nitu.mx\/index.php\/2026\/01\/18\/mara-lezama-encabeza-reunion-de-trabajo-para-evaluar-avances-del-tulum-air-show-2026\/"]}]},{"@type":"ImageObject","inLanguage":"es-MX","@id":"https:\/\/nitu.mx\/index.php\/2026\/01\/18\/mara-lezama-encabeza-reunion-de-trabajo-para-evaluar-avances-del-tulum-air-show-2026\/#primaryimage","url":"https:\/\/nitu.mx\/wp-content\/uploads\/2026\/01\/TULUM-AIR-SHOW-AVANCES.jpg","contentUrl":"https:\/\/nitu.mx\/wp-content\/uploads\/2026\/01\/TULUM-AIR-SHOW-AVANCES.jpg","width":1200,"height":675,"caption":"TULUM AIR SHOW AVANCES"},{"@type":"BreadcrumbList","@id":"https:\/\/nitu.mx\/index.php\/2026\/01\/18\/mara-lezama-encabeza-reunion-de-trabajo-para-evaluar-avances-del-tulum-air-show-2026\/#breadcrumb","itemListElement":[{"@type":"ListItem","position":1,"name":"Inicio","item":"https:\/\/nitu.mx\/"},{"@type":"ListItem","position":2,"name":"Mara Lezama encabeza reuni\u00f3n de trabajo para evaluar avances del \u201cTulum Air Show 2026\u201d"}]},{"@type":"WebSite","@id":"https:\/\/nitu.mx\/#website","url":"https:\/\/nitu.mx\/","name":"Nitu - Noticias de la Industria Turistica","description":"Noticias de la Industria Turistica","publisher":{"@id":"https:\/\/nitu.mx\/#\/schema\/person\/ae7a53426417292d3dd07b45a33e01bc"},"alternateName":"Noticias de la Industria Turistica","potentialAction":[{"@type":"SearchAction","target":{"@type":"EntryPoint","urlTemplate":"https:\/\/nitu.mx\/?s={search_term_string}"},"query-input":"required name=search_term_string"}],"inLanguage":"es-MX"},{"@type":["Person","Organization"],"@id":"https:\/\/nitu.mx\/#\/schema\/person\/ae7a53426417292d3dd07b45a33e01bc","name":"Arturo Medina","image":{"@type":"ImageObject","inLanguage":"es-MX","@id":"https:\/\/nitu.mx\/#\/schema\/person\/image\/","url":"https:\/\/nitu.mx\/wp-content\/uploads\/2024\/04\/4A315622-1904-4D5C-B022-878CDC840E04-90x90-1.jpeg","contentUrl":"https:\/\/nitu.mx\/wp-content\/uploads\/2024\/04\/4A315622-1904-4D5C-B022-878CDC840E04-90x90-1.jpeg","width":90,"height":90,"caption":"Arturo Medina"},"logo":{"@id":"https:\/\/nitu.mx\/#\/schema\/person\/image\/"},"description":"Director NITU.mx, Egresado de la Escuela de Periodismo Carlos Septi\u00e9n Garc\u00eda. Periodista y analista especializado en turismo desde hace 35 a\u00f1os, radicado en Canc\u00fan Q.Roo. arturo@nitu.mx","sameAs":["https:\/\/nitu.mx","https:\/\/www.facebook.com\/NITUmx\/","medinacancun","https:\/\/twitter.com\/@Arturo_Medina_G"]},{"@type":"Person","@id":"https:\/\/nitu.mx\/#\/schema\/person\/4a28fe9bd65924f7c90623773daf1b0b","name":"Redacci\u00f3n","image":{"@type":"ImageObject","inLanguage":"es-MX","@id":"https:\/\/nitu.mx\/#\/schema\/person\/image\/","url":"https:\/\/secure.gravatar.com\/avatar\/5dd011c8ccfc5cd7e4c81e42252aab38?s=96&d=mm&r=g","contentUrl":"https:\/\/secure.gravatar.com\/avatar\/5dd011c8ccfc5cd7e4c81e42252aab38?s=96&d=mm&r=g","caption":"Redacci\u00f3n"},"url":"https:\/\/nitu.mx\/index.php\/author\/redaccion\/"}]}},"views":315,"_links":{"self":[{"href":"https:\/\/nitu.mx\/index.php\/wp-json\/wp\/v2\/posts\/85678"}],"collection":[{"href":"https:\/\/nitu.mx\/index.php\/wp-json\/wp\/v2\/posts"}],"about":[{"href":"https:\/\/nitu.mx\/index.php\/wp-json\/wp\/v2\/types\/post"}],"author":[{"embeddable":true,"href":"https:\/\/nitu.mx\/index.php\/wp-json\/wp\/v2\/users\/17"}],"replies":[{"embeddable":true,"href":"https:\/\/nitu.mx\/index.php\/wp-json\/wp\/v2\/comments?post=85678"}],"version-history":[{"count":1,"href":"https:\/\/nitu.mx\/index.php\/wp-json\/wp\/v2\/posts\/85678\/revisions"}],"predecessor-version":[{"id":85683,"href":"https:\/\/nitu.mx\/index.php\/wp-json\/wp\/v2\/posts\/85678\/revisions\/85683"}],"wp:featuredmedia":[{"embeddable":true,"href":"https:\/\/nitu.mx\/index.php\/wp-json\/wp\/v2\/media\/85682"}],"wp:attachment":[{"href":"https:\/\/nitu.mx\/index.php\/wp-json\/wp\/v2\/media?parent=85678"}],"wp:term":[{"taxonomy":"category","embeddable":true,"href":"https:\/\/nitu.mx\/index.php\/wp-json\/wp\/v2\/categories?post=85678"},{"taxonomy":"post_tag","embeddable":true,"href":"https:\/\/nitu.mx\/index.php\/wp-json\/wp\/v2\/tags?post=85678"}],"curies":[{"name":"wp","href":"https:\/\/api.w.org\/{rel}","templated":true}]}}