{"id":85664,"date":"2026-01-18T21:51:05","date_gmt":"2026-01-19T03:51:05","guid":{"rendered":"https:\/\/nitu.mx\/?p=85664"},"modified":"2026-01-18T21:51:06","modified_gmt":"2026-01-19T03:51:06","slug":"fernando-femania-asegura-transformacion-del-mice-al-asumir-la-presidencia-de-pcma-mexico-chapter","status":"publish","type":"post","link":"https:\/\/nitu.mx\/index.php\/2026\/01\/18\/fernando-femania-asegura-transformacion-del-mice-al-asumir-la-presidencia-de-pcma-mexico-chapter\/","title":{"rendered":"Fernando Feman\u00eda asegura transformaci\u00f3n del MICE al asumir la presidencia de PCMA M\u00e9xico Chapter"},"content":{"rendered":"\n<p>En un contexto de desaceleraci\u00f3n econ\u00f3mica global y de creciente necesidad de profesionalizaci\u00f3n del talento, PCMA M\u00e9xico Chapter llev\u00f3 a cabo la toma de protesta de su Mesa Directiva para el periodo 2026-2028, encabezada por Fernando Faman\u00eda Gast\u00e9lum. La ceremonia fue presidida por Luis D\u00edaz, presidente del Consejo Mexicano de la Industria de Reuniones (COMIR), as\u00ed como con diversos representamntes de varias asociaciones, recintos, hoteles, DMCs, agencias de eventos, destinos entre otros.<\/p>\n\n\n\n<p>Durante el evento, el cap\u00edtulo present\u00f3 su plan de trabajo orientado a fortalecer la competitividad de la industria de reuniones en M\u00e9xico, sector que actualmente representa el 1.83% del PIB Nacional, a trav\u00e9s de alianzas institucionales estrat\u00e9gicas, educaci\u00f3n ejecutiva, networking especializado e inteligencia de mercado para el sector MICE.<\/p>\n\n\n\n<p>Al asumir formalmente la presidencia de PCMA M\u00e9xico Chapter, Fernando Faman\u00eda Gast\u00e9lum present\u00f3 los cuatro pilares que guiar\u00e1n su gesti\u00f3n:<\/p>\n\n\n\n<ol type=\"1\">\n<li>Apertura y Cobertura<\/li>\n\n\n\n<li>Educaci\u00f3n + Networking<\/li>\n\n\n\n<li>Inclusi\u00f3n<\/li>\n\n\n\n<li>Sostenibilidad<\/li>\n<\/ol>\n\n\n\n<p>En el pilar de Apertura y Cobertura, PCMA M\u00e9xico Chapter buscar\u00e1 fortalecer su presencia a nivel nacional, ampliando su alcance a toda la Rep\u00fablica Mexicana. Adem\u00e1s, trabajar\u00e1 en la construcci\u00f3n de alianzas con otras asociaciones e industrias m\u00e1s all\u00e1 del \u00e1mbito MICE, con el objetivo de detonar nuevas oportunidades de colaboraci\u00f3n y fortalecer el impacto del cap\u00edtulo en sectores estrat\u00e9gicos.<\/p>\n\n\n\n<p>El eje de Educaci\u00f3n + Networking, impulsar\u00e1 programas de formaci\u00f3n ejecutiva y contenidos especializados desarrollados con aliados estrat\u00e9gicos, as\u00ed como una mayor vinculaci\u00f3n con la red global de PCMA, conectando tendencias internacionales con las necesidades locales del mercado mexicano.<\/p>\n\n\n\n<p>En el pilar de Inclusi\u00f3n, PCMA M\u00e9xico promover\u00e1 programas orientados a la empleabilidad incluyente, la generaci\u00f3n de talento diverso, el impulso de oportunidades para grupos subrepresentados y la documentaci\u00f3n de mejores pr\u00e1cticas en la industria.<\/p>\n\n\n\n<p>Por su parte, el pilar de Sostenibilidad priorizar\u00e1 la adopci\u00f3n de mejores pr\u00e1cticas y est\u00e1ndares globales, el desarrollo de una Gu\u00eda de Eventos Sostenibles y la difusi\u00f3n de casos de \u00e9xito que promuevan un crecimiento responsable en toda la cadena de valor.<\/p>\n\n\n\n<p>\u201cLa gesti\u00f3n de David Hidalgo ha sido un ejemplo de liderazgo con prop\u00f3sito, fortaleciendo la presencia de PCMA en M\u00e9xico y dejando un impacto que trasciende su periodo. M\u00e9xico ocupa un rol estrat\u00e9gico dentro de la comunidad global, y su trabajo ha contribuido significativamente a consolidarlo. Con la llegada de Fernando Faman\u00eda, inicia una etapa que da continuidad a este camino, incorporando una visi\u00f3n fresca y un compromiso claro por impulsar la profesionalizaci\u00f3n, la innovaci\u00f3n y la colaboraci\u00f3n en nuestra industria. Tengo plena confianza en que esta nueva gesti\u00f3n fortalecer\u00e1 a\u00fan m\u00e1s a PCMA M\u00e9xico y aportar\u00e1 valor a toda la regi\u00f3n\u201d, se\u00f1al\u00f3 Lucio Vaquero, director regional de PCMA Am\u00e9ricas Latam.<\/p>\n\n\n\n<p>Por su parte, Fernando Faman\u00eda destac\u00f3: \u201cNuestro compromiso es firme y contundente:\u00a0ampliaremos la presencia del cap\u00edtulo en todo el pa\u00eds, generaremos un valor significativo y sostenible para nuestros miembros y consolidaremos un sector m\u00e1s inclusivo, innovador y preparado para el futuro. PCMA es, sin duda, una asociaci\u00f3n s\u00f3lida y visionaria; y con el Board que hoy presentamos, estamos listos para dejar un legado trascendental que impulse la evoluci\u00f3n de la industria de reuniones en M\u00e9xico\u201d.<\/p>\n\n\n\n<p>David Hidalgo, Immediate Past President, comparti\u00f3: \u201cLiderar PCMA M\u00e9xico ha sido una experiencia profundamente transformadora. Aprendimos que la industria crece cuando se comparte, cuando se escucha y cuando se construye en comunidad. Gracias al Board, a nuestros aliados, a PCMA Global y, sobre todo, a los socios, por su confianza, energ\u00eda y respaldo constante. Hoy cierro este ciclo con orgullo y con la tranquilidad de haber puesto a la comunidad en el centro. Le doy la bienvenida a la nueva Mesa Directiva, encabezada por Fernando Famania, con la certeza de que este siguiente cap\u00edtulo llevar\u00e1 a PCMA M\u00e9xico a\u00fan m\u00e1s lejos\u201d.<\/p>\n\n\n\n<p>En l\u00ednea con esta evoluci\u00f3n, PCMA Global present\u00f3 recientemente su nueva identidad de marca durante el Convening Leaders 2026 (CL26) en Filadelfia, con un enfoque renovado en innovaci\u00f3n, comunidad global y desarrollo profesional. Esta actualizaci\u00f3n guiar\u00e1 la direcci\u00f3n estrat\u00e9gica del cap\u00edtulo M\u00e9xico durante este nuevo periodo.<\/p>\n\n\n<div class=\"wp-block-image\">\n<figure class=\"aligncenter size-large is-resized\"><img decoding=\"async\" loading=\"lazy\" width=\"1024\" height=\"576\" src=\"https:\/\/nitu.mx\/wp-content\/uploads\/2026\/01\/PCMA-NUEVA-MESA-DIRECTIVA-2026-1024x576.jpg\" alt=\"PCMA NUEVA MESA DIRECTIVA 2026\" class=\"wp-image-85655\" style=\"aspect-ratio:1.7777777777777777;width:804px;height:auto\" srcset=\"https:\/\/nitu.mx\/wp-content\/uploads\/2026\/01\/PCMA-NUEVA-MESA-DIRECTIVA-2026-1024x576.jpg 1024w, https:\/\/nitu.mx\/wp-content\/uploads\/2026\/01\/PCMA-NUEVA-MESA-DIRECTIVA-2026-300x168.jpg 300w, https:\/\/nitu.mx\/wp-content\/uploads\/2026\/01\/PCMA-NUEVA-MESA-DIRECTIVA-2026-768x432.jpg 768w, https:\/\/nitu.mx\/wp-content\/uploads\/2026\/01\/PCMA-NUEVA-MESA-DIRECTIVA-2026-990x557.jpg 990w, https:\/\/nitu.mx\/wp-content\/uploads\/2026\/01\/PCMA-NUEVA-MESA-DIRECTIVA-2026-470x264.jpg 470w, https:\/\/nitu.mx\/wp-content\/uploads\/2026\/01\/PCMA-NUEVA-MESA-DIRECTIVA-2026-640x360.jpg 640w, https:\/\/nitu.mx\/wp-content\/uploads\/2026\/01\/PCMA-NUEVA-MESA-DIRECTIVA-2026-215x120.jpg 215w, https:\/\/nitu.mx\/wp-content\/uploads\/2026\/01\/PCMA-NUEVA-MESA-DIRECTIVA-2026-414x232.jpg 414w, https:\/\/nitu.mx\/wp-content\/uploads\/2026\/01\/PCMA-NUEVA-MESA-DIRECTIVA-2026.jpg 1200w\" sizes=\"(max-width: 1024px) 100vw, 1024px\" \/><\/figure><\/div>\n\n\n<p><strong>La Mesa Directiva 2026\u20132028 estar\u00e1 integrada por:<\/strong><\/p>\n\n\n\n<p>President: Fernando Faman\u00eda<\/p>\n\n\n\n<p>Immediate Past President: David Hidalgo<\/p>\n\n\n\n<p>Treasurer: Ivonne Toquero<\/p>\n\n\n\n<p>Secretary: Stephanie Haza<\/p>\n\n\n\n<p>VP Social Sustainability: Francisco Cachafeiro<\/p>\n\n\n\n<p>VP Events: Adriana Huerta<\/p>\n\n\n\n<p>VP Young Professional: Eduardo Yarto<\/p>\n\n\n\n<p>VP Institutional Relations: Paulina Aguilar<\/p>\n\n\n\n<p>VP Marketing &amp; Communications: Rosa Mar\u00eda Pe\u00f1a<\/p>\n\n\n\n<p>VP Sponsorships: Laura Bassan<\/p>\n\n\n\n<p>VP Business Development: Daniela Caballero<\/p>\n\n\n\n<p>VP Education: Jos\u00e9 Bisteni<\/p>\n\n\n\n<p>Administration: Vanesa Salazar<\/p>\n\n\n\n<p>Esta toma de protesta no es solo un acto protocolario; es el comienzo de una nueva historia.\u00a0Marca el inicio de una etapa que honra lo construido, fortalece lo alcanzado y abre camino a un crecimiento que abraza el futuro con esperanza, unidad y determinaci\u00f3n. En PCMA M\u00e9xico Chapter, hoy renovamos el compromiso de avanzar juntos, de crecer juntos y de transformar juntos nuestra industria. (<a href=\"https:\/\/nitu.mx\/index.php\/2025\/10\/19\/fernando-famania-es-electo-para-presidir-pcma-mexico-chapter\/\">Fernando Faman\u00eda es electo para presidir PCMA M\u00e9xico Chapter<\/a>).<\/p>\n","protected":false},"excerpt":{"rendered":"<p>En un contexto de desaceleraci\u00f3n econ\u00f3mica global y de creciente necesidad de profesionalizaci\u00f3n del talento, PCMA M\u00e9xico Chapter llev\u00f3 a cabo la toma de protesta de su Mesa Directiva para el periodo 2026-2028, encabezada por Fernando Faman\u00eda Gast\u00e9lum. La ceremonia fue presidida por Luis D\u00edaz, presidente del Consejo Mexicano de la Industria de Reuniones (COMIR), [&hellip;]<\/p>\n","protected":false},"author":18,"featured_media":85653,"comment_status":"closed","ping_status":"closed","sticky":false,"template":"","format":"standard","meta":{"footnotes":""},"categories":[12],"tags":[11724,27940,970,10772,27767],"yoast_head":"<!-- This site is optimized with the Yoast SEO plugin v22.2 - https:\/\/yoast.com\/wordpress\/plugins\/seo\/ -->\n<title>Fernando Feman\u00eda asegura transformaci\u00f3n del MICE al asumir la presidencia de PCMA M\u00e9xico Chapter - Nitu - Noticias de la Industria Turistica<\/title>\n<meta name=\"robots\" content=\"index, follow, max-snippet:-1, max-image-preview:large, max-video-preview:-1\" \/>\n<link rel=\"canonical\" href=\"https:\/\/nitu.mx\/index.php\/2026\/01\/18\/fernando-femania-asegura-transformacion-del-mice-al-asumir-la-presidencia-de-pcma-mexico-chapter\/\" \/>\n<meta name=\"twitter:card\" content=\"summary_large_image\" \/>\n<meta name=\"twitter:title\" content=\"Fernando Feman\u00eda asegura transformaci\u00f3n del MICE al asumir la presidencia de PCMA M\u00e9xico Chapter - Nitu - Noticias de la Industria Turistica\" \/>\n<meta name=\"twitter:description\" content=\"En un contexto de desaceleraci\u00f3n econ\u00f3mica global y de creciente necesidad de profesionalizaci\u00f3n del talento, PCMA M\u00e9xico Chapter llev\u00f3 a cabo la toma de protesta de su Mesa Directiva para el periodo 2026-2028, encabezada por Fernando Faman\u00eda Gast\u00e9lum. La ceremonia fue presidida por Luis D\u00edaz, presidente del Consejo Mexicano de la Industria de Reuniones (COMIR), [&hellip;]\" \/>\n<meta name=\"twitter:image\" content=\"https:\/\/nitu.mx\/wp-content\/uploads\/2026\/01\/PCMA-TOMA-DE-PROTESTA-2026.jpg\" \/>\n<meta name=\"twitter:creator\" content=\"@NITUmx\" \/>\n<meta name=\"twitter:site\" content=\"@Arturo_Medina_G\" \/>\n<meta name=\"twitter:label1\" content=\"Escrito por\" \/>\n\t<meta name=\"twitter:data1\" content=\"Guadalupe Sixto\" \/>\n\t<meta name=\"twitter:label2\" content=\"Tiempo de lectura\" \/>\n\t<meta name=\"twitter:data2\" content=\"4 minutos\" \/>\n<script type=\"application\/ld+json\" class=\"yoast-schema-graph\">{\"@context\":\"https:\/\/schema.org\",\"@graph\":[{\"@type\":\"Article\",\"@id\":\"https:\/\/nitu.mx\/index.php\/2026\/01\/18\/fernando-femania-asegura-transformacion-del-mice-al-asumir-la-presidencia-de-pcma-mexico-chapter\/#article\",\"isPartOf\":{\"@id\":\"https:\/\/nitu.mx\/index.php\/2026\/01\/18\/fernando-femania-asegura-transformacion-del-mice-al-asumir-la-presidencia-de-pcma-mexico-chapter\/\"},\"author\":{\"name\":\"Guadalupe Sixto\",\"@id\":\"https:\/\/nitu.mx\/#\/schema\/person\/3df3082b5e46037e3f13614d28ee0b77\"},\"headline\":\"Fernando Feman\u00eda asegura transformaci\u00f3n del MICE al asumir la presidencia de PCMA M\u00e9xico Chapter\",\"datePublished\":\"2026-01-19T03:51:05+00:00\",\"dateModified\":\"2026-01-19T03:51:06+00:00\",\"mainEntityOfPage\":{\"@id\":\"https:\/\/nitu.mx\/index.php\/2026\/01\/18\/fernando-femania-asegura-transformacion-del-mice-al-asumir-la-presidencia-de-pcma-mexico-chapter\/\"},\"wordCount\":895,\"publisher\":{\"@id\":\"https:\/\/nitu.mx\/#\/schema\/person\/ae7a53426417292d3dd07b45a33e01bc\"},\"image\":{\"@id\":\"https:\/\/nitu.mx\/index.php\/2026\/01\/18\/fernando-femania-asegura-transformacion-del-mice-al-asumir-la-presidencia-de-pcma-mexico-chapter\/#primaryimage\"},\"thumbnailUrl\":\"https:\/\/nitu.mx\/wp-content\/uploads\/2026\/01\/PCMA-TOMA-DE-PROTESTA-2026.jpg\",\"keywords\":[\"Comir\",\"Fernando Feman\u00eda\",\"MICE\",\"PCMA\",\"PCMA M\u00e9xico Chapter\"],\"articleSection\":[\"Marketing\"],\"inLanguage\":\"es-MX\"},{\"@type\":\"WebPage\",\"@id\":\"https:\/\/nitu.mx\/index.php\/2026\/01\/18\/fernando-femania-asegura-transformacion-del-mice-al-asumir-la-presidencia-de-pcma-mexico-chapter\/\",\"url\":\"https:\/\/nitu.mx\/index.php\/2026\/01\/18\/fernando-femania-asegura-transformacion-del-mice-al-asumir-la-presidencia-de-pcma-mexico-chapter\/\",\"name\":\"Fernando Feman\u00eda asegura transformaci\u00f3n del MICE al asumir la presidencia de PCMA M\u00e9xico Chapter - Nitu - Noticias de la Industria Turistica\",\"isPartOf\":{\"@id\":\"https:\/\/nitu.mx\/#website\"},\"primaryImageOfPage\":{\"@id\":\"https:\/\/nitu.mx\/index.php\/2026\/01\/18\/fernando-femania-asegura-transformacion-del-mice-al-asumir-la-presidencia-de-pcma-mexico-chapter\/#primaryimage\"},\"image\":{\"@id\":\"https:\/\/nitu.mx\/index.php\/2026\/01\/18\/fernando-femania-asegura-transformacion-del-mice-al-asumir-la-presidencia-de-pcma-mexico-chapter\/#primaryimage\"},\"thumbnailUrl\":\"https:\/\/nitu.mx\/wp-content\/uploads\/2026\/01\/PCMA-TOMA-DE-PROTESTA-2026.jpg\",\"datePublished\":\"2026-01-19T03:51:05+00:00\",\"dateModified\":\"2026-01-19T03:51:06+00:00\",\"breadcrumb\":{\"@id\":\"https:\/\/nitu.mx\/index.php\/2026\/01\/18\/fernando-femania-asegura-transformacion-del-mice-al-asumir-la-presidencia-de-pcma-mexico-chapter\/#breadcrumb\"},\"inLanguage\":\"es-MX\",\"potentialAction\":[{\"@type\":\"ReadAction\",\"target\":[\"https:\/\/nitu.mx\/index.php\/2026\/01\/18\/fernando-femania-asegura-transformacion-del-mice-al-asumir-la-presidencia-de-pcma-mexico-chapter\/\"]}]},{\"@type\":\"ImageObject\",\"inLanguage\":\"es-MX\",\"@id\":\"https:\/\/nitu.mx\/index.php\/2026\/01\/18\/fernando-femania-asegura-transformacion-del-mice-al-asumir-la-presidencia-de-pcma-mexico-chapter\/#primaryimage\",\"url\":\"https:\/\/nitu.mx\/wp-content\/uploads\/2026\/01\/PCMA-TOMA-DE-PROTESTA-2026.jpg\",\"contentUrl\":\"https:\/\/nitu.mx\/wp-content\/uploads\/2026\/01\/PCMA-TOMA-DE-PROTESTA-2026.jpg\",\"width\":1200,\"height\":675,\"caption\":\"PCMA TOMA DE PROTESTA 2026\"},{\"@type\":\"BreadcrumbList\",\"@id\":\"https:\/\/nitu.mx\/index.php\/2026\/01\/18\/fernando-femania-asegura-transformacion-del-mice-al-asumir-la-presidencia-de-pcma-mexico-chapter\/#breadcrumb\",\"itemListElement\":[{\"@type\":\"ListItem\",\"position\":1,\"name\":\"Inicio\",\"item\":\"https:\/\/nitu.mx\/\"},{\"@type\":\"ListItem\",\"position\":2,\"name\":\"Fernando Feman\u00eda asegura transformaci\u00f3n del MICE al asumir la presidencia de PCMA M\u00e9xico Chapter\"}]},{\"@type\":\"WebSite\",\"@id\":\"https:\/\/nitu.mx\/#website\",\"url\":\"https:\/\/nitu.mx\/\",\"name\":\"Nitu - Noticias de la Industria Turistica\",\"description\":\"Noticias de la Industria Turistica\",\"publisher\":{\"@id\":\"https:\/\/nitu.mx\/#\/schema\/person\/ae7a53426417292d3dd07b45a33e01bc\"},\"alternateName\":\"Noticias de la Industria Turistica\",\"potentialAction\":[{\"@type\":\"SearchAction\",\"target\":{\"@type\":\"EntryPoint\",\"urlTemplate\":\"https:\/\/nitu.mx\/?s={search_term_string}\"},\"query-input\":\"required name=search_term_string\"}],\"inLanguage\":\"es-MX\"},{\"@type\":[\"Person\",\"Organization\"],\"@id\":\"https:\/\/nitu.mx\/#\/schema\/person\/ae7a53426417292d3dd07b45a33e01bc\",\"name\":\"Arturo Medina\",\"image\":{\"@type\":\"ImageObject\",\"inLanguage\":\"es-MX\",\"@id\":\"https:\/\/nitu.mx\/#\/schema\/person\/image\/\",\"url\":\"https:\/\/nitu.mx\/wp-content\/uploads\/2024\/04\/4A315622-1904-4D5C-B022-878CDC840E04-90x90-1.jpeg\",\"contentUrl\":\"https:\/\/nitu.mx\/wp-content\/uploads\/2024\/04\/4A315622-1904-4D5C-B022-878CDC840E04-90x90-1.jpeg\",\"width\":90,\"height\":90,\"caption\":\"Arturo Medina\"},\"logo\":{\"@id\":\"https:\/\/nitu.mx\/#\/schema\/person\/image\/\"},\"description\":\"Director NITU.mx, Egresado de la Escuela de Periodismo Carlos Septi\u00e9n Garc\u00eda. Periodista y analista especializado en turismo desde hace 35 a\u00f1os, radicado en Canc\u00fan Q.Roo. arturo@nitu.mx\",\"sameAs\":[\"https:\/\/nitu.mx\",\"https:\/\/www.facebook.com\/NITUmx\/\",\"medinacancun\",\"https:\/\/twitter.com\/@Arturo_Medina_G\"]},{\"@type\":\"Person\",\"@id\":\"https:\/\/nitu.mx\/#\/schema\/person\/3df3082b5e46037e3f13614d28ee0b77\",\"name\":\"Guadalupe Sixto\",\"image\":{\"@type\":\"ImageObject\",\"inLanguage\":\"es-MX\",\"@id\":\"https:\/\/nitu.mx\/#\/schema\/person\/image\/\",\"url\":\"https:\/\/secure.gravatar.com\/avatar\/13914e1b0e1919e91f9539de4dc584c4?s=96&d=mm&r=g\",\"contentUrl\":\"https:\/\/secure.gravatar.com\/avatar\/13914e1b0e1919e91f9539de4dc584c4?s=96&d=mm&r=g\",\"caption\":\"Guadalupe Sixto\"},\"url\":\"https:\/\/nitu.mx\/index.php\/author\/gsixto\/\"}]}<\/script>\n<!-- \/ Yoast SEO plugin. -->","yoast_head_json":{"title":"Fernando Feman\u00eda asegura transformaci\u00f3n del MICE al asumir la presidencia de PCMA M\u00e9xico Chapter - Nitu - Noticias de la Industria Turistica","robots":{"index":"index","follow":"follow","max-snippet":"max-snippet:-1","max-image-preview":"max-image-preview:large","max-video-preview":"max-video-preview:-1"},"canonical":"https:\/\/nitu.mx\/index.php\/2026\/01\/18\/fernando-femania-asegura-transformacion-del-mice-al-asumir-la-presidencia-de-pcma-mexico-chapter\/","twitter_card":"summary_large_image","twitter_title":"Fernando Feman\u00eda asegura transformaci\u00f3n del MICE al asumir la presidencia de PCMA M\u00e9xico Chapter - Nitu - Noticias de la Industria Turistica","twitter_description":"En un contexto de desaceleraci\u00f3n econ\u00f3mica global y de creciente necesidad de profesionalizaci\u00f3n del talento, PCMA M\u00e9xico Chapter llev\u00f3 a cabo la toma de protesta de su Mesa Directiva para el periodo 2026-2028, encabezada por Fernando Faman\u00eda Gast\u00e9lum. La ceremonia fue presidida por Luis D\u00edaz, presidente del Consejo Mexicano de la Industria de Reuniones (COMIR), [&hellip;]","twitter_image":"https:\/\/nitu.mx\/wp-content\/uploads\/2026\/01\/PCMA-TOMA-DE-PROTESTA-2026.jpg","twitter_creator":"@NITUmx","twitter_site":"@Arturo_Medina_G","twitter_misc":{"Escrito por":"Guadalupe Sixto","Tiempo de lectura":"4 minutos"},"schema":{"@context":"https:\/\/schema.org","@graph":[{"@type":"Article","@id":"https:\/\/nitu.mx\/index.php\/2026\/01\/18\/fernando-femania-asegura-transformacion-del-mice-al-asumir-la-presidencia-de-pcma-mexico-chapter\/#article","isPartOf":{"@id":"https:\/\/nitu.mx\/index.php\/2026\/01\/18\/fernando-femania-asegura-transformacion-del-mice-al-asumir-la-presidencia-de-pcma-mexico-chapter\/"},"author":{"name":"Guadalupe Sixto","@id":"https:\/\/nitu.mx\/#\/schema\/person\/3df3082b5e46037e3f13614d28ee0b77"},"headline":"Fernando Feman\u00eda asegura transformaci\u00f3n del MICE al asumir la presidencia de PCMA M\u00e9xico Chapter","datePublished":"2026-01-19T03:51:05+00:00","dateModified":"2026-01-19T03:51:06+00:00","mainEntityOfPage":{"@id":"https:\/\/nitu.mx\/index.php\/2026\/01\/18\/fernando-femania-asegura-transformacion-del-mice-al-asumir-la-presidencia-de-pcma-mexico-chapter\/"},"wordCount":895,"publisher":{"@id":"https:\/\/nitu.mx\/#\/schema\/person\/ae7a53426417292d3dd07b45a33e01bc"},"image":{"@id":"https:\/\/nitu.mx\/index.php\/2026\/01\/18\/fernando-femania-asegura-transformacion-del-mice-al-asumir-la-presidencia-de-pcma-mexico-chapter\/#primaryimage"},"thumbnailUrl":"https:\/\/nitu.mx\/wp-content\/uploads\/2026\/01\/PCMA-TOMA-DE-PROTESTA-2026.jpg","keywords":["Comir","Fernando Feman\u00eda","MICE","PCMA","PCMA M\u00e9xico Chapter"],"articleSection":["Marketing"],"inLanguage":"es-MX"},{"@type":"WebPage","@id":"https:\/\/nitu.mx\/index.php\/2026\/01\/18\/fernando-femania-asegura-transformacion-del-mice-al-asumir-la-presidencia-de-pcma-mexico-chapter\/","url":"https:\/\/nitu.mx\/index.php\/2026\/01\/18\/fernando-femania-asegura-transformacion-del-mice-al-asumir-la-presidencia-de-pcma-mexico-chapter\/","name":"Fernando Feman\u00eda asegura transformaci\u00f3n del MICE al asumir la presidencia de PCMA M\u00e9xico Chapter - Nitu - Noticias de la Industria Turistica","isPartOf":{"@id":"https:\/\/nitu.mx\/#website"},"primaryImageOfPage":{"@id":"https:\/\/nitu.mx\/index.php\/2026\/01\/18\/fernando-femania-asegura-transformacion-del-mice-al-asumir-la-presidencia-de-pcma-mexico-chapter\/#primaryimage"},"image":{"@id":"https:\/\/nitu.mx\/index.php\/2026\/01\/18\/fernando-femania-asegura-transformacion-del-mice-al-asumir-la-presidencia-de-pcma-mexico-chapter\/#primaryimage"},"thumbnailUrl":"https:\/\/nitu.mx\/wp-content\/uploads\/2026\/01\/PCMA-TOMA-DE-PROTESTA-2026.jpg","datePublished":"2026-01-19T03:51:05+00:00","dateModified":"2026-01-19T03:51:06+00:00","breadcrumb":{"@id":"https:\/\/nitu.mx\/index.php\/2026\/01\/18\/fernando-femania-asegura-transformacion-del-mice-al-asumir-la-presidencia-de-pcma-mexico-chapter\/#breadcrumb"},"inLanguage":"es-MX","potentialAction":[{"@type":"ReadAction","target":["https:\/\/nitu.mx\/index.php\/2026\/01\/18\/fernando-femania-asegura-transformacion-del-mice-al-asumir-la-presidencia-de-pcma-mexico-chapter\/"]}]},{"@type":"ImageObject","inLanguage":"es-MX","@id":"https:\/\/nitu.mx\/index.php\/2026\/01\/18\/fernando-femania-asegura-transformacion-del-mice-al-asumir-la-presidencia-de-pcma-mexico-chapter\/#primaryimage","url":"https:\/\/nitu.mx\/wp-content\/uploads\/2026\/01\/PCMA-TOMA-DE-PROTESTA-2026.jpg","contentUrl":"https:\/\/nitu.mx\/wp-content\/uploads\/2026\/01\/PCMA-TOMA-DE-PROTESTA-2026.jpg","width":1200,"height":675,"caption":"PCMA TOMA DE PROTESTA 2026"},{"@type":"BreadcrumbList","@id":"https:\/\/nitu.mx\/index.php\/2026\/01\/18\/fernando-femania-asegura-transformacion-del-mice-al-asumir-la-presidencia-de-pcma-mexico-chapter\/#breadcrumb","itemListElement":[{"@type":"ListItem","position":1,"name":"Inicio","item":"https:\/\/nitu.mx\/"},{"@type":"ListItem","position":2,"name":"Fernando Feman\u00eda asegura transformaci\u00f3n del MICE al asumir la presidencia de PCMA M\u00e9xico Chapter"}]},{"@type":"WebSite","@id":"https:\/\/nitu.mx\/#website","url":"https:\/\/nitu.mx\/","name":"Nitu - Noticias de la Industria Turistica","description":"Noticias de la Industria Turistica","publisher":{"@id":"https:\/\/nitu.mx\/#\/schema\/person\/ae7a53426417292d3dd07b45a33e01bc"},"alternateName":"Noticias de la Industria Turistica","potentialAction":[{"@type":"SearchAction","target":{"@type":"EntryPoint","urlTemplate":"https:\/\/nitu.mx\/?s={search_term_string}"},"query-input":"required name=search_term_string"}],"inLanguage":"es-MX"},{"@type":["Person","Organization"],"@id":"https:\/\/nitu.mx\/#\/schema\/person\/ae7a53426417292d3dd07b45a33e01bc","name":"Arturo Medina","image":{"@type":"ImageObject","inLanguage":"es-MX","@id":"https:\/\/nitu.mx\/#\/schema\/person\/image\/","url":"https:\/\/nitu.mx\/wp-content\/uploads\/2024\/04\/4A315622-1904-4D5C-B022-878CDC840E04-90x90-1.jpeg","contentUrl":"https:\/\/nitu.mx\/wp-content\/uploads\/2024\/04\/4A315622-1904-4D5C-B022-878CDC840E04-90x90-1.jpeg","width":90,"height":90,"caption":"Arturo Medina"},"logo":{"@id":"https:\/\/nitu.mx\/#\/schema\/person\/image\/"},"description":"Director NITU.mx, Egresado de la Escuela de Periodismo Carlos Septi\u00e9n Garc\u00eda. Periodista y analista especializado en turismo desde hace 35 a\u00f1os, radicado en Canc\u00fan Q.Roo. arturo@nitu.mx","sameAs":["https:\/\/nitu.mx","https:\/\/www.facebook.com\/NITUmx\/","medinacancun","https:\/\/twitter.com\/@Arturo_Medina_G"]},{"@type":"Person","@id":"https:\/\/nitu.mx\/#\/schema\/person\/3df3082b5e46037e3f13614d28ee0b77","name":"Guadalupe Sixto","image":{"@type":"ImageObject","inLanguage":"es-MX","@id":"https:\/\/nitu.mx\/#\/schema\/person\/image\/","url":"https:\/\/secure.gravatar.com\/avatar\/13914e1b0e1919e91f9539de4dc584c4?s=96&d=mm&r=g","contentUrl":"https:\/\/secure.gravatar.com\/avatar\/13914e1b0e1919e91f9539de4dc584c4?s=96&d=mm&r=g","caption":"Guadalupe Sixto"},"url":"https:\/\/nitu.mx\/index.php\/author\/gsixto\/"}]}},"views":283,"_links":{"self":[{"href":"https:\/\/nitu.mx\/index.php\/wp-json\/wp\/v2\/posts\/85664"}],"collection":[{"href":"https:\/\/nitu.mx\/index.php\/wp-json\/wp\/v2\/posts"}],"about":[{"href":"https:\/\/nitu.mx\/index.php\/wp-json\/wp\/v2\/types\/post"}],"author":[{"embeddable":true,"href":"https:\/\/nitu.mx\/index.php\/wp-json\/wp\/v2\/users\/18"}],"replies":[{"embeddable":true,"href":"https:\/\/nitu.mx\/index.php\/wp-json\/wp\/v2\/comments?post=85664"}],"version-history":[{"count":2,"href":"https:\/\/nitu.mx\/index.php\/wp-json\/wp\/v2\/posts\/85664\/revisions"}],"predecessor-version":[{"id":85667,"href":"https:\/\/nitu.mx\/index.php\/wp-json\/wp\/v2\/posts\/85664\/revisions\/85667"}],"wp:featuredmedia":[{"embeddable":true,"href":"https:\/\/nitu.mx\/index.php\/wp-json\/wp\/v2\/media\/85653"}],"wp:attachment":[{"href":"https:\/\/nitu.mx\/index.php\/wp-json\/wp\/v2\/media?parent=85664"}],"wp:term":[{"taxonomy":"category","embeddable":true,"href":"https:\/\/nitu.mx\/index.php\/wp-json\/wp\/v2\/categories?post=85664"},{"taxonomy":"post_tag","embeddable":true,"href":"https:\/\/nitu.mx\/index.php\/wp-json\/wp\/v2\/tags?post=85664"}],"curies":[{"name":"wp","href":"https:\/\/api.w.org\/{rel}","templated":true}]}}