{"id":85632,"date":"2026-01-15T18:00:00","date_gmt":"2026-01-16T00:00:00","guid":{"rendered":"https:\/\/nitu.mx\/?p=85632"},"modified":"2026-01-15T17:01:41","modified_gmt":"2026-01-15T23:01:41","slug":"concanaco-servytur-impulsara-a-empresas-y-negocios-familiares-en-fitur-2026","status":"publish","type":"post","link":"https:\/\/nitu.mx\/index.php\/2026\/01\/15\/concanaco-servytur-impulsara-a-empresas-y-negocios-familiares-en-fitur-2026\/","title":{"rendered":"Concanaco Servytur impulsar\u00e1 a empresas y negocios familiares en FITUR 2026"},"content":{"rendered":"\n<p>La Confederaci\u00f3n de C\u00e1maras Nacionales de Comercio, Servicios y Turismo (CONCANACO SERVYTUR) present\u00f3 su Plan de Trabajo 2026, aprobado recientemente por su Asamblea, y dio a conocer su agenda de participaci\u00f3n en FITUR 2026 (Madrid, del 21 al 25 de enero), con un mensaje central: unidad con resultados, responsabilidad y representatividad.<\/p>\n\n\n\n<p>\u201cVamos con nuestros recursos propios, con delegaciones t\u00e9cnicas y reducidas, sin ostentaci\u00f3n, y con una agenda robusta que haremos p\u00fablica para rendir cuentas y concentrarnos en lo esencial\u201d, se\u00f1al\u00f3 el Octavio de la Torre, presidente de CONCANACO SERVYTUR.<\/p>\n\n\n\n<p>La Confederaci\u00f3n inform\u00f3 que acudir\u00e1 con una comitiva empresarial y una agenda de actividades enfocadas a:<\/p>\n\n\n\n<ul>\n<li>Atraer proyectos concretos que generen oportunidades reales para empresas y negocios familiares,<\/li>\n\n\n\n<li>Promover experiencias tur\u00edsticas y la oferta nacional y<\/li>\n\n\n\n<li>Abrir espacios de negocio e inversi\u00f3n con aliados internacionales.<\/li>\n<\/ul>\n\n\n\n<p>La organizaci\u00f3n reiter\u00f3 su respaldo institucional a la estrategia tur\u00edstica nacional y su disposici\u00f3n a construir cooperaci\u00f3n con respeto a la soberan\u00eda y el marco legal.<\/p>\n\n\n\n<h2 class=\"wp-block-heading\">Plan de Trabajo 2026 de Concanaco Servytur <\/h2>\n\n\n\n<p>De la Torre subray\u00f3 que, ante un contexto internacional de tensiones y declaraciones recientes desde Estados Unidos sobre cooperaci\u00f3n en seguridad y el futuro del T-MEC, \u201cno es momento de mezquindades ni de buscar injerencias extranjeras; es momento de unidad, di\u00e1logo firme y patriotismo inteligente\u201d, para defender con una sola voz las cadenas de valor, cadenas productivas y de suministro, as\u00ed como la inversi\u00f3n y el empleo.<\/p>\n\n\n\n<p>De la Torre destac\u00f3 que el Plan de Trabajo 2026 parte de un diagn\u00f3stico realista y de la necesidad de facilitar la formalidad, elevar la productividad y fortalecer el mercado interno, a trav\u00e9s de ejes operativos y mesas de trabajo con seguimiento.<\/p>\n\n\n\n<p>\u201cCada se\u00f1alamiento debe venir acompa\u00f1ado de una propuesta. Lo m\u00e1s f\u00e1cil es criticar; lo dif\u00edcil es corregir y resolver. Nuestra responsabilidad es proponer y comprometernos con resultados&#8221;, agreg\u00f3.<\/p>\n\n\n\n<p>El Plan se estructura en cinco ejes y l\u00edneas transversales:<\/p>\n\n\n\n<ul>\n<li>Eje 1 | Crecimiento real: impulso directo a ventas reales, formalidad y productividad, con activaciones nacionales como El Buen Fin, La Gran Escapada, Ferias de Regreso a Clases, La Gran Remodelaci\u00f3n y la consolidaci\u00f3n de Viernes Muy Mexicano como movimiento mensual para democratizar oportunidades y activar el consumo local.<\/li>\n\n\n\n<li>Eje 2 | Mercado global: fortalecimiento de capacidades t\u00e9cnicas para que comercio, servicios y turismo tengan mayor peso en la revisi\u00f3n del T-MEC y en la agenda internacional, con portafolios, misiones, ferias y plataformas de enlace empresarial.<\/li>\n\n\n\n<li>Eje 3 | Turismo local: convertir el turismo nacional en pol\u00edtica de desarrollo regional mediante rutas, experiencias, digitalizaci\u00f3n del peque\u00f1o prestador y vinculaci\u00f3n con estrategias de promoci\u00f3n y temporada baja.<\/li>\n\n\n\n<li>Eje 4 | PyMEs y negocios familiares: \u201cPrimero las empresas familiares\u201d, con capacitaci\u00f3n, acompa\u00f1amiento, simplificaci\u00f3n regulatoria y acceso a financiamiento; se destac\u00f3 el crecimiento de Nido Empresarial como una ruta para formar nuevos emprendedores y fortalecer la continuidad de los negocios familiares.<\/li>\n\n\n\n<li>Eje 5 | Econom\u00eda digital: adopci\u00f3n de pagos digitales con costos accesibles, conectividad, academia digital y una agenda regulatoria clara y proporcional, para elevar productividad e inclusi\u00f3n econ\u00f3mica.<\/li>\n<\/ul>\n\n\n\n<p>Asimismo, se informaron l\u00edneas transversales prioritarias:<\/p>\n\n\n\n<ul>\n<li>Seguridad: actualizaci\u00f3n del Observatorio de incidencias y acciones para combatir la extorsi\u00f3n con coordinaci\u00f3n territorial y seguimiento a armonizaciones normativas.<\/li>\n\n\n\n<li>Sustentabilidad: certificaci\u00f3n voluntaria y capacitaci\u00f3n en econom\u00eda circular, gesti\u00f3n de residuos, eficiencia energ\u00e9tica y financiamiento verde.<\/li>\n\n\n\n<li>Fortalecimiento institucional: mayor presencia territorial, mesas t\u00e9cnicas y representaci\u00f3n formal en \u00f3rganos consultivos que impactan directamente al sector.<\/li>\n<\/ul>\n\n\n\n<p>Durante el balance institucional, se destac\u00f3 que el Plan fue aprobado en una asamblea con alta participaci\u00f3n; adem\u00e1s, se inform\u00f3 que se avalaron por unanimidad los dict\u00e1menes y acuerdos estatutarios correspondientes. Se resalt\u00f3 la integraci\u00f3n directiva con alta participaci\u00f3n de mujeres empresarias y la presencia de representantes del Gobierno Federal y actores institucionales en el encuentro.<\/p>\n\n\n\n<p>CONCANACO SERVYTUR reafirm\u00f3 que 2026 ser\u00e1 un a\u00f1o de unidad, trabajo y prop\u00f3sito, con un enfoque prioritario: proteger la econom\u00eda real \u2014la del mostrador, la cortina que se levanta cada ma\u00f1ana y el empleo que sostienen las empresas familiares\u2014 y proyectar a M\u00e9xico con responsabilidad dentro y fuera del pa\u00eds. (<a href=\"https:\/\/nitu.mx\/index.php\/2025\/09\/03\/concanaco-y-airbnb-refuerzan-alianza-rumbo-al-mundial-de-futbol-2026\/\">Concanaco y Airbnb refuerzan alianza rumbo al Mundial de Futbol 2026<\/a>).<\/p>\n","protected":false},"excerpt":{"rendered":"<p>La Confederaci\u00f3n de C\u00e1maras Nacionales de Comercio, Servicios y Turismo (CONCANACO SERVYTUR) present\u00f3 su Plan de Trabajo 2026, aprobado recientemente por su Asamblea, y dio a conocer su agenda de participaci\u00f3n en FITUR 2026 (Madrid, del 21 al 25 de enero), con un mensaje central: unidad con resultados, responsabilidad y representatividad. \u201cVamos con nuestros recursos [&hellip;]<\/p>\n","protected":false},"author":17,"featured_media":85638,"comment_status":"closed","ping_status":"closed","sticky":false,"template":"","format":"standard","meta":{"footnotes":""},"categories":[24423,12],"tags":[1607,2703,24780],"yoast_head":"<!-- This site is optimized with the Yoast SEO plugin v22.2 - https:\/\/yoast.com\/wordpress\/plugins\/seo\/ -->\n<title>Concanaco Servytur impulsar\u00e1 a empresas y negocios familiares en FITUR 2026 - Nitu - Noticias de la Industria Turistica<\/title>\n<meta name=\"robots\" content=\"index, follow, max-snippet:-1, max-image-preview:large, max-video-preview:-1\" \/>\n<link rel=\"canonical\" href=\"https:\/\/nitu.mx\/index.php\/2026\/01\/15\/concanaco-servytur-impulsara-a-empresas-y-negocios-familiares-en-fitur-2026\/\" \/>\n<meta name=\"twitter:card\" content=\"summary_large_image\" \/>\n<meta name=\"twitter:title\" content=\"Concanaco Servytur impulsar\u00e1 a empresas y negocios familiares en FITUR 2026 - Nitu - Noticias de la Industria Turistica\" \/>\n<meta name=\"twitter:description\" content=\"La Confederaci\u00f3n de C\u00e1maras Nacionales de Comercio, Servicios y Turismo (CONCANACO SERVYTUR) present\u00f3 su Plan de Trabajo 2026, aprobado recientemente por su Asamblea, y dio a conocer su agenda de participaci\u00f3n en FITUR 2026 (Madrid, del 21 al 25 de enero), con un mensaje central: unidad con resultados, responsabilidad y representatividad. \u201cVamos con nuestros recursos [&hellip;]\" \/>\n<meta name=\"twitter:image\" content=\"https:\/\/nitu.mx\/wp-content\/uploads\/2026\/01\/Concanaco-Servytur-FITUR-2026-conferencia-previa.jpg\" \/>\n<meta name=\"twitter:creator\" content=\"@NITUmx\" \/>\n<meta name=\"twitter:site\" content=\"@Arturo_Medina_G\" \/>\n<meta name=\"twitter:label1\" content=\"Escrito por\" \/>\n\t<meta name=\"twitter:data1\" content=\"Redacci\u00f3n\" \/>\n\t<meta name=\"twitter:label2\" content=\"Tiempo de lectura\" \/>\n\t<meta name=\"twitter:data2\" content=\"4 minutos\" \/>\n<script type=\"application\/ld+json\" class=\"yoast-schema-graph\">{\"@context\":\"https:\/\/schema.org\",\"@graph\":[{\"@type\":\"Article\",\"@id\":\"https:\/\/nitu.mx\/index.php\/2026\/01\/15\/concanaco-servytur-impulsara-a-empresas-y-negocios-familiares-en-fitur-2026\/#article\",\"isPartOf\":{\"@id\":\"https:\/\/nitu.mx\/index.php\/2026\/01\/15\/concanaco-servytur-impulsara-a-empresas-y-negocios-familiares-en-fitur-2026\/\"},\"author\":{\"name\":\"Redacci\u00f3n\",\"@id\":\"https:\/\/nitu.mx\/#\/schema\/person\/4a28fe9bd65924f7c90623773daf1b0b\"},\"headline\":\"Concanaco Servytur impulsar\u00e1 a empresas y negocios familiares en FITUR 2026\",\"datePublished\":\"2026-01-16T00:00:00+00:00\",\"dateModified\":\"2026-01-15T23:01:41+00:00\",\"mainEntityOfPage\":{\"@id\":\"https:\/\/nitu.mx\/index.php\/2026\/01\/15\/concanaco-servytur-impulsara-a-empresas-y-negocios-familiares-en-fitur-2026\/\"},\"wordCount\":733,\"publisher\":{\"@id\":\"https:\/\/nitu.mx\/#\/schema\/person\/ae7a53426417292d3dd07b45a33e01bc\"},\"image\":{\"@id\":\"https:\/\/nitu.mx\/index.php\/2026\/01\/15\/concanaco-servytur-impulsara-a-empresas-y-negocios-familiares-en-fitur-2026\/#primaryimage\"},\"thumbnailUrl\":\"https:\/\/nitu.mx\/wp-content\/uploads\/2026\/01\/Concanaco-Servytur-FITUR-2026-conferencia-previa.jpg\",\"keywords\":[\"Concanaco Servytur\",\"FITUR\",\"Octavio de la Torre\"],\"articleSection\":[\"FITUR\",\"Marketing\"],\"inLanguage\":\"es-MX\"},{\"@type\":\"WebPage\",\"@id\":\"https:\/\/nitu.mx\/index.php\/2026\/01\/15\/concanaco-servytur-impulsara-a-empresas-y-negocios-familiares-en-fitur-2026\/\",\"url\":\"https:\/\/nitu.mx\/index.php\/2026\/01\/15\/concanaco-servytur-impulsara-a-empresas-y-negocios-familiares-en-fitur-2026\/\",\"name\":\"Concanaco Servytur impulsar\u00e1 a empresas y negocios familiares en FITUR 2026 - Nitu - Noticias de la Industria Turistica\",\"isPartOf\":{\"@id\":\"https:\/\/nitu.mx\/#website\"},\"primaryImageOfPage\":{\"@id\":\"https:\/\/nitu.mx\/index.php\/2026\/01\/15\/concanaco-servytur-impulsara-a-empresas-y-negocios-familiares-en-fitur-2026\/#primaryimage\"},\"image\":{\"@id\":\"https:\/\/nitu.mx\/index.php\/2026\/01\/15\/concanaco-servytur-impulsara-a-empresas-y-negocios-familiares-en-fitur-2026\/#primaryimage\"},\"thumbnailUrl\":\"https:\/\/nitu.mx\/wp-content\/uploads\/2026\/01\/Concanaco-Servytur-FITUR-2026-conferencia-previa.jpg\",\"datePublished\":\"2026-01-16T00:00:00+00:00\",\"dateModified\":\"2026-01-15T23:01:41+00:00\",\"breadcrumb\":{\"@id\":\"https:\/\/nitu.mx\/index.php\/2026\/01\/15\/concanaco-servytur-impulsara-a-empresas-y-negocios-familiares-en-fitur-2026\/#breadcrumb\"},\"inLanguage\":\"es-MX\",\"potentialAction\":[{\"@type\":\"ReadAction\",\"target\":[\"https:\/\/nitu.mx\/index.php\/2026\/01\/15\/concanaco-servytur-impulsara-a-empresas-y-negocios-familiares-en-fitur-2026\/\"]}]},{\"@type\":\"ImageObject\",\"inLanguage\":\"es-MX\",\"@id\":\"https:\/\/nitu.mx\/index.php\/2026\/01\/15\/concanaco-servytur-impulsara-a-empresas-y-negocios-familiares-en-fitur-2026\/#primaryimage\",\"url\":\"https:\/\/nitu.mx\/wp-content\/uploads\/2026\/01\/Concanaco-Servytur-FITUR-2026-conferencia-previa.jpg\",\"contentUrl\":\"https:\/\/nitu.mx\/wp-content\/uploads\/2026\/01\/Concanaco-Servytur-FITUR-2026-conferencia-previa.jpg\",\"width\":1200,\"height\":675,\"caption\":\"Concanaco Servytur FITUR 2026 conferencia previa\"},{\"@type\":\"BreadcrumbList\",\"@id\":\"https:\/\/nitu.mx\/index.php\/2026\/01\/15\/concanaco-servytur-impulsara-a-empresas-y-negocios-familiares-en-fitur-2026\/#breadcrumb\",\"itemListElement\":[{\"@type\":\"ListItem\",\"position\":1,\"name\":\"Inicio\",\"item\":\"https:\/\/nitu.mx\/\"},{\"@type\":\"ListItem\",\"position\":2,\"name\":\"Concanaco Servytur impulsar\u00e1 a empresas y negocios familiares en FITUR 2026\"}]},{\"@type\":\"WebSite\",\"@id\":\"https:\/\/nitu.mx\/#website\",\"url\":\"https:\/\/nitu.mx\/\",\"name\":\"Nitu - Noticias de la Industria Turistica\",\"description\":\"Noticias de la Industria Turistica\",\"publisher\":{\"@id\":\"https:\/\/nitu.mx\/#\/schema\/person\/ae7a53426417292d3dd07b45a33e01bc\"},\"alternateName\":\"Noticias de la Industria Turistica\",\"potentialAction\":[{\"@type\":\"SearchAction\",\"target\":{\"@type\":\"EntryPoint\",\"urlTemplate\":\"https:\/\/nitu.mx\/?s={search_term_string}\"},\"query-input\":\"required name=search_term_string\"}],\"inLanguage\":\"es-MX\"},{\"@type\":[\"Person\",\"Organization\"],\"@id\":\"https:\/\/nitu.mx\/#\/schema\/person\/ae7a53426417292d3dd07b45a33e01bc\",\"name\":\"Arturo Medina\",\"image\":{\"@type\":\"ImageObject\",\"inLanguage\":\"es-MX\",\"@id\":\"https:\/\/nitu.mx\/#\/schema\/person\/image\/\",\"url\":\"https:\/\/nitu.mx\/wp-content\/uploads\/2024\/04\/4A315622-1904-4D5C-B022-878CDC840E04-90x90-1.jpeg\",\"contentUrl\":\"https:\/\/nitu.mx\/wp-content\/uploads\/2024\/04\/4A315622-1904-4D5C-B022-878CDC840E04-90x90-1.jpeg\",\"width\":90,\"height\":90,\"caption\":\"Arturo Medina\"},\"logo\":{\"@id\":\"https:\/\/nitu.mx\/#\/schema\/person\/image\/\"},\"description\":\"Director NITU.mx, Egresado de la Escuela de Periodismo Carlos Septi\u00e9n Garc\u00eda. Periodista y analista especializado en turismo desde hace 35 a\u00f1os, radicado en Canc\u00fan Q.Roo. arturo@nitu.mx\",\"sameAs\":[\"https:\/\/nitu.mx\",\"https:\/\/www.facebook.com\/NITUmx\/\",\"medinacancun\",\"https:\/\/twitter.com\/@Arturo_Medina_G\"]},{\"@type\":\"Person\",\"@id\":\"https:\/\/nitu.mx\/#\/schema\/person\/4a28fe9bd65924f7c90623773daf1b0b\",\"name\":\"Redacci\u00f3n\",\"image\":{\"@type\":\"ImageObject\",\"inLanguage\":\"es-MX\",\"@id\":\"https:\/\/nitu.mx\/#\/schema\/person\/image\/\",\"url\":\"https:\/\/secure.gravatar.com\/avatar\/5dd011c8ccfc5cd7e4c81e42252aab38?s=96&d=mm&r=g\",\"contentUrl\":\"https:\/\/secure.gravatar.com\/avatar\/5dd011c8ccfc5cd7e4c81e42252aab38?s=96&d=mm&r=g\",\"caption\":\"Redacci\u00f3n\"},\"url\":\"https:\/\/nitu.mx\/index.php\/author\/redaccion\/\"}]}<\/script>\n<!-- \/ Yoast SEO plugin. -->","yoast_head_json":{"title":"Concanaco Servytur impulsar\u00e1 a empresas y negocios familiares en FITUR 2026 - Nitu - Noticias de la Industria Turistica","robots":{"index":"index","follow":"follow","max-snippet":"max-snippet:-1","max-image-preview":"max-image-preview:large","max-video-preview":"max-video-preview:-1"},"canonical":"https:\/\/nitu.mx\/index.php\/2026\/01\/15\/concanaco-servytur-impulsara-a-empresas-y-negocios-familiares-en-fitur-2026\/","twitter_card":"summary_large_image","twitter_title":"Concanaco Servytur impulsar\u00e1 a empresas y negocios familiares en FITUR 2026 - Nitu - Noticias de la Industria Turistica","twitter_description":"La Confederaci\u00f3n de C\u00e1maras Nacionales de Comercio, Servicios y Turismo (CONCANACO SERVYTUR) present\u00f3 su Plan de Trabajo 2026, aprobado recientemente por su Asamblea, y dio a conocer su agenda de participaci\u00f3n en FITUR 2026 (Madrid, del 21 al 25 de enero), con un mensaje central: unidad con resultados, responsabilidad y representatividad. \u201cVamos con nuestros recursos [&hellip;]","twitter_image":"https:\/\/nitu.mx\/wp-content\/uploads\/2026\/01\/Concanaco-Servytur-FITUR-2026-conferencia-previa.jpg","twitter_creator":"@NITUmx","twitter_site":"@Arturo_Medina_G","twitter_misc":{"Escrito por":"Redacci\u00f3n","Tiempo de lectura":"4 minutos"},"schema":{"@context":"https:\/\/schema.org","@graph":[{"@type":"Article","@id":"https:\/\/nitu.mx\/index.php\/2026\/01\/15\/concanaco-servytur-impulsara-a-empresas-y-negocios-familiares-en-fitur-2026\/#article","isPartOf":{"@id":"https:\/\/nitu.mx\/index.php\/2026\/01\/15\/concanaco-servytur-impulsara-a-empresas-y-negocios-familiares-en-fitur-2026\/"},"author":{"name":"Redacci\u00f3n","@id":"https:\/\/nitu.mx\/#\/schema\/person\/4a28fe9bd65924f7c90623773daf1b0b"},"headline":"Concanaco Servytur impulsar\u00e1 a empresas y negocios familiares en FITUR 2026","datePublished":"2026-01-16T00:00:00+00:00","dateModified":"2026-01-15T23:01:41+00:00","mainEntityOfPage":{"@id":"https:\/\/nitu.mx\/index.php\/2026\/01\/15\/concanaco-servytur-impulsara-a-empresas-y-negocios-familiares-en-fitur-2026\/"},"wordCount":733,"publisher":{"@id":"https:\/\/nitu.mx\/#\/schema\/person\/ae7a53426417292d3dd07b45a33e01bc"},"image":{"@id":"https:\/\/nitu.mx\/index.php\/2026\/01\/15\/concanaco-servytur-impulsara-a-empresas-y-negocios-familiares-en-fitur-2026\/#primaryimage"},"thumbnailUrl":"https:\/\/nitu.mx\/wp-content\/uploads\/2026\/01\/Concanaco-Servytur-FITUR-2026-conferencia-previa.jpg","keywords":["Concanaco Servytur","FITUR","Octavio de la Torre"],"articleSection":["FITUR","Marketing"],"inLanguage":"es-MX"},{"@type":"WebPage","@id":"https:\/\/nitu.mx\/index.php\/2026\/01\/15\/concanaco-servytur-impulsara-a-empresas-y-negocios-familiares-en-fitur-2026\/","url":"https:\/\/nitu.mx\/index.php\/2026\/01\/15\/concanaco-servytur-impulsara-a-empresas-y-negocios-familiares-en-fitur-2026\/","name":"Concanaco Servytur impulsar\u00e1 a empresas y negocios familiares en FITUR 2026 - Nitu - Noticias de la Industria Turistica","isPartOf":{"@id":"https:\/\/nitu.mx\/#website"},"primaryImageOfPage":{"@id":"https:\/\/nitu.mx\/index.php\/2026\/01\/15\/concanaco-servytur-impulsara-a-empresas-y-negocios-familiares-en-fitur-2026\/#primaryimage"},"image":{"@id":"https:\/\/nitu.mx\/index.php\/2026\/01\/15\/concanaco-servytur-impulsara-a-empresas-y-negocios-familiares-en-fitur-2026\/#primaryimage"},"thumbnailUrl":"https:\/\/nitu.mx\/wp-content\/uploads\/2026\/01\/Concanaco-Servytur-FITUR-2026-conferencia-previa.jpg","datePublished":"2026-01-16T00:00:00+00:00","dateModified":"2026-01-15T23:01:41+00:00","breadcrumb":{"@id":"https:\/\/nitu.mx\/index.php\/2026\/01\/15\/concanaco-servytur-impulsara-a-empresas-y-negocios-familiares-en-fitur-2026\/#breadcrumb"},"inLanguage":"es-MX","potentialAction":[{"@type":"ReadAction","target":["https:\/\/nitu.mx\/index.php\/2026\/01\/15\/concanaco-servytur-impulsara-a-empresas-y-negocios-familiares-en-fitur-2026\/"]}]},{"@type":"ImageObject","inLanguage":"es-MX","@id":"https:\/\/nitu.mx\/index.php\/2026\/01\/15\/concanaco-servytur-impulsara-a-empresas-y-negocios-familiares-en-fitur-2026\/#primaryimage","url":"https:\/\/nitu.mx\/wp-content\/uploads\/2026\/01\/Concanaco-Servytur-FITUR-2026-conferencia-previa.jpg","contentUrl":"https:\/\/nitu.mx\/wp-content\/uploads\/2026\/01\/Concanaco-Servytur-FITUR-2026-conferencia-previa.jpg","width":1200,"height":675,"caption":"Concanaco Servytur FITUR 2026 conferencia previa"},{"@type":"BreadcrumbList","@id":"https:\/\/nitu.mx\/index.php\/2026\/01\/15\/concanaco-servytur-impulsara-a-empresas-y-negocios-familiares-en-fitur-2026\/#breadcrumb","itemListElement":[{"@type":"ListItem","position":1,"name":"Inicio","item":"https:\/\/nitu.mx\/"},{"@type":"ListItem","position":2,"name":"Concanaco Servytur impulsar\u00e1 a empresas y negocios familiares en FITUR 2026"}]},{"@type":"WebSite","@id":"https:\/\/nitu.mx\/#website","url":"https:\/\/nitu.mx\/","name":"Nitu - Noticias de la Industria Turistica","description":"Noticias de la Industria Turistica","publisher":{"@id":"https:\/\/nitu.mx\/#\/schema\/person\/ae7a53426417292d3dd07b45a33e01bc"},"alternateName":"Noticias de la Industria Turistica","potentialAction":[{"@type":"SearchAction","target":{"@type":"EntryPoint","urlTemplate":"https:\/\/nitu.mx\/?s={search_term_string}"},"query-input":"required name=search_term_string"}],"inLanguage":"es-MX"},{"@type":["Person","Organization"],"@id":"https:\/\/nitu.mx\/#\/schema\/person\/ae7a53426417292d3dd07b45a33e01bc","name":"Arturo Medina","image":{"@type":"ImageObject","inLanguage":"es-MX","@id":"https:\/\/nitu.mx\/#\/schema\/person\/image\/","url":"https:\/\/nitu.mx\/wp-content\/uploads\/2024\/04\/4A315622-1904-4D5C-B022-878CDC840E04-90x90-1.jpeg","contentUrl":"https:\/\/nitu.mx\/wp-content\/uploads\/2024\/04\/4A315622-1904-4D5C-B022-878CDC840E04-90x90-1.jpeg","width":90,"height":90,"caption":"Arturo Medina"},"logo":{"@id":"https:\/\/nitu.mx\/#\/schema\/person\/image\/"},"description":"Director NITU.mx, Egresado de la Escuela de Periodismo Carlos Septi\u00e9n Garc\u00eda. Periodista y analista especializado en turismo desde hace 35 a\u00f1os, radicado en Canc\u00fan Q.Roo. arturo@nitu.mx","sameAs":["https:\/\/nitu.mx","https:\/\/www.facebook.com\/NITUmx\/","medinacancun","https:\/\/twitter.com\/@Arturo_Medina_G"]},{"@type":"Person","@id":"https:\/\/nitu.mx\/#\/schema\/person\/4a28fe9bd65924f7c90623773daf1b0b","name":"Redacci\u00f3n","image":{"@type":"ImageObject","inLanguage":"es-MX","@id":"https:\/\/nitu.mx\/#\/schema\/person\/image\/","url":"https:\/\/secure.gravatar.com\/avatar\/5dd011c8ccfc5cd7e4c81e42252aab38?s=96&d=mm&r=g","contentUrl":"https:\/\/secure.gravatar.com\/avatar\/5dd011c8ccfc5cd7e4c81e42252aab38?s=96&d=mm&r=g","caption":"Redacci\u00f3n"},"url":"https:\/\/nitu.mx\/index.php\/author\/redaccion\/"}]}},"views":322,"_links":{"self":[{"href":"https:\/\/nitu.mx\/index.php\/wp-json\/wp\/v2\/posts\/85632"}],"collection":[{"href":"https:\/\/nitu.mx\/index.php\/wp-json\/wp\/v2\/posts"}],"about":[{"href":"https:\/\/nitu.mx\/index.php\/wp-json\/wp\/v2\/types\/post"}],"author":[{"embeddable":true,"href":"https:\/\/nitu.mx\/index.php\/wp-json\/wp\/v2\/users\/17"}],"replies":[{"embeddable":true,"href":"https:\/\/nitu.mx\/index.php\/wp-json\/wp\/v2\/comments?post=85632"}],"version-history":[{"count":3,"href":"https:\/\/nitu.mx\/index.php\/wp-json\/wp\/v2\/posts\/85632\/revisions"}],"predecessor-version":[{"id":85639,"href":"https:\/\/nitu.mx\/index.php\/wp-json\/wp\/v2\/posts\/85632\/revisions\/85639"}],"wp:featuredmedia":[{"embeddable":true,"href":"https:\/\/nitu.mx\/index.php\/wp-json\/wp\/v2\/media\/85638"}],"wp:attachment":[{"href":"https:\/\/nitu.mx\/index.php\/wp-json\/wp\/v2\/media?parent=85632"}],"wp:term":[{"taxonomy":"category","embeddable":true,"href":"https:\/\/nitu.mx\/index.php\/wp-json\/wp\/v2\/categories?post=85632"},{"taxonomy":"post_tag","embeddable":true,"href":"https:\/\/nitu.mx\/index.php\/wp-json\/wp\/v2\/tags?post=85632"}],"curies":[{"name":"wp","href":"https:\/\/api.w.org\/{rel}","templated":true}]}}