{"id":85626,"date":"2026-01-15T16:33:30","date_gmt":"2026-01-15T22:33:30","guid":{"rendered":"https:\/\/nitu.mx\/?p=85626"},"modified":"2026-01-15T16:33:31","modified_gmt":"2026-01-15T22:33:31","slug":"pricetravel-holding-va-por-mas-alianzas-y-su-expansion-internacional-en-fitur-2026","status":"publish","type":"post","link":"https:\/\/nitu.mx\/index.php\/2026\/01\/15\/pricetravel-holding-va-por-mas-alianzas-y-su-expansion-internacional-en-fitur-2026\/","title":{"rendered":"PriceTravel Holding va por m\u00e1s alianzas y su expansi\u00f3n internacional en FITUR 2026"},"content":{"rendered":"\n<p>PriceTravel Holding participar\u00e1 en la Feria Internacional de Turismo (FITUR) 2026, que se celebrar\u00e1 del 21 al 25 de enero en Madrid, con una agenda centrada en el fortalecimiento de alianzas estrat\u00e9gicas y la generaci\u00f3n de nuevas oportunidades de negocio en mercados internacionales.<\/p>\n\n\n\n<p>La presencia de la compa\u00f1\u00eda tendr\u00e1 lugar en el marco de la 46\u00aa edici\u00f3n de FITUR, uno de los principales encuentros globales del sector tur\u00edstico, que reunir\u00e1 a m\u00e1s de 250,000 profesionales de m\u00e1s de 150 pa\u00edses, seg\u00fan datos de la organizaci\u00f3n.<\/p>\n\n\n\n<p>Durante la feria, PriceTravel Holding contar\u00e1 con la participaci\u00f3n de m\u00e1s de 10 ejecutivos de sus distintas unidades de negocio, quienes mantendr\u00e1n m\u00e1s de 300 reuniones de trabajo con representantes de cadenas hoteleras, hoteles independientes, aerol\u00edneas, agencias de viajes, mayoristas y oficinas de turismo. <\/p>\n\n\n\n<p>La agenda incluir\u00e1 encuentros con organismos de promoci\u00f3n de destinos europeos, con especial foco en Espa\u00f1a, as\u00ed como reuniones orientadas a la contrataci\u00f3n hotelera y al fortalecimiento de su ecosistema de distribuci\u00f3n B2B wholesale.<\/p>\n\n\n\n<p>La participaci\u00f3n en FITUR se produce tras un 2025 de crecimiento sostenido para el grupo, impulsado por la expansi\u00f3n de su presencia internacional y el fortalecimiento de su propuesta de valor.<\/p>\n\n\n\n<p>De forma paralela, PriceTravel Holding avanz\u00f3 en el desarrollo de su infraestructura tecnol\u00f3gica y en la ampliaci\u00f3n de su portafolio de producto mediante acuerdos con actores relevantes del sector tur\u00edstico, con el objetivo de mejorar la eficiencia en la distribuci\u00f3n y la experiencia de compra.<\/p>\n\n\n\n<p>\u201cFITUR es un espacio clave para fortalecer relaciones comerciales y avanzar en nuestra estrategia de crecimiento internacional\u201d, se\u00f1al\u00f3 Rafael Durand, COO de PriceTravel Holding. \u201cNuestra prioridad es la evoluci\u00f3n continua de la estrategia de distribuci\u00f3n del grupo, mediante inversi\u00f3n sostenida en tecnolog\u00eda, con el objetivo de ofrecer soluciones robustas y alineadas con las necesidades del mercado global\u201d.<\/p>\n\n\n\n<p>Con m\u00e1s de 25 a\u00f1os de trayectoria, PriceTravel Holding opera un modelo de distribuci\u00f3n completo, que integra canales B2C, B2B retail con m\u00e1s de 28,000 agentes de viajes vendiendo, canal B2B wholesale y canal B2B2C con m\u00e1s de 300 empresas afiliadas. Actualmente, el grupo comercializa m\u00e1s de 500,000 productos tur\u00edsticos y distribuye su oferta en m\u00e1s de 190 mercados de origen, y con fuerte presencia en Latinoam\u00e9rica, el Caribe, Estados Unidos y Europa.<\/p>\n\n\n\n<p>Con su participaci\u00f3n en FITUR 2026, PriceTravel Holding da continuidad a su estrategia de desarrollo y fortalecimiento de sus capacidades de distribuci\u00f3n, mediante la inversi\u00f3n en tecnolog\u00eda y automatizaci\u00f3n, orientada a la creaci\u00f3n de soluciones escalables y eficientes para los distintos actores de la industria tur\u00edstica en los mercados donde opera. (<a href=\"https:\/\/nitu.mx\/index.php\/2025\/12\/16\/pricetravel-holding-ofrece-beneficios-a-clientes-de-banbajio\/\">PriceTravel Holding ofrece beneficios a clientes de BanBaj\u00edo<\/a>).<\/p>\n","protected":false},"excerpt":{"rendered":"<p>PriceTravel Holding participar\u00e1 en la Feria Internacional de Turismo (FITUR) 2026, que se celebrar\u00e1 del 21 al 25 de enero en Madrid, con una agenda centrada en el fortalecimiento de alianzas estrat\u00e9gicas y la generaci\u00f3n de nuevas oportunidades de negocio en mercados internacionales. La presencia de la compa\u00f1\u00eda tendr\u00e1 lugar en el marco de la [&hellip;]<\/p>\n","protected":false},"author":17,"featured_media":85630,"comment_status":"closed","ping_status":"closed","sticky":false,"template":"","format":"standard","meta":{"footnotes":""},"categories":[3],"tags":[1213,2703,2840,3088],"yoast_head":"<!-- This site is optimized with the Yoast SEO plugin v22.2 - https:\/\/yoast.com\/wordpress\/plugins\/seo\/ -->\n<title>PriceTravel Holding va por m\u00e1s alianzas y su expansi\u00f3n internacional en FITUR 2026 - Nitu - Noticias de la Industria Turistica<\/title>\n<meta name=\"robots\" content=\"index, follow, max-snippet:-1, max-image-preview:large, max-video-preview:-1\" \/>\n<link rel=\"canonical\" href=\"https:\/\/nitu.mx\/index.php\/2026\/01\/15\/pricetravel-holding-va-por-mas-alianzas-y-su-expansion-internacional-en-fitur-2026\/\" \/>\n<meta name=\"twitter:card\" content=\"summary_large_image\" \/>\n<meta name=\"twitter:title\" content=\"PriceTravel Holding va por m\u00e1s alianzas y su expansi\u00f3n internacional en FITUR 2026 - Nitu - Noticias de la Industria Turistica\" \/>\n<meta name=\"twitter:description\" content=\"PriceTravel Holding participar\u00e1 en la Feria Internacional de Turismo (FITUR) 2026, que se celebrar\u00e1 del 21 al 25 de enero en Madrid, con una agenda centrada en el fortalecimiento de alianzas estrat\u00e9gicas y la generaci\u00f3n de nuevas oportunidades de negocio en mercados internacionales. La presencia de la compa\u00f1\u00eda tendr\u00e1 lugar en el marco de la [&hellip;]\" \/>\n<meta name=\"twitter:image\" content=\"https:\/\/nitu.mx\/wp-content\/uploads\/2026\/01\/PriceTravel-Holding-FITUR-2026.jpg\" \/>\n<meta name=\"twitter:creator\" content=\"@NITUmx\" \/>\n<meta name=\"twitter:site\" content=\"@Arturo_Medina_G\" \/>\n<meta name=\"twitter:label1\" content=\"Escrito por\" \/>\n\t<meta name=\"twitter:data1\" content=\"Redacci\u00f3n\" \/>\n\t<meta name=\"twitter:label2\" content=\"Tiempo de lectura\" \/>\n\t<meta name=\"twitter:data2\" content=\"2 minutos\" \/>\n<script type=\"application\/ld+json\" class=\"yoast-schema-graph\">{\"@context\":\"https:\/\/schema.org\",\"@graph\":[{\"@type\":\"Article\",\"@id\":\"https:\/\/nitu.mx\/index.php\/2026\/01\/15\/pricetravel-holding-va-por-mas-alianzas-y-su-expansion-internacional-en-fitur-2026\/#article\",\"isPartOf\":{\"@id\":\"https:\/\/nitu.mx\/index.php\/2026\/01\/15\/pricetravel-holding-va-por-mas-alianzas-y-su-expansion-internacional-en-fitur-2026\/\"},\"author\":{\"name\":\"Redacci\u00f3n\",\"@id\":\"https:\/\/nitu.mx\/#\/schema\/person\/4a28fe9bd65924f7c90623773daf1b0b\"},\"headline\":\"PriceTravel Holding va por m\u00e1s alianzas y su expansi\u00f3n internacional en FITUR 2026\",\"datePublished\":\"2026-01-15T22:33:30+00:00\",\"dateModified\":\"2026-01-15T22:33:31+00:00\",\"mainEntityOfPage\":{\"@id\":\"https:\/\/nitu.mx\/index.php\/2026\/01\/15\/pricetravel-holding-va-por-mas-alianzas-y-su-expansion-internacional-en-fitur-2026\/\"},\"wordCount\":480,\"publisher\":{\"@id\":\"https:\/\/nitu.mx\/#\/schema\/person\/ae7a53426417292d3dd07b45a33e01bc\"},\"image\":{\"@id\":\"https:\/\/nitu.mx\/index.php\/2026\/01\/15\/pricetravel-holding-va-por-mas-alianzas-y-su-expansion-internacional-en-fitur-2026\/#primaryimage\"},\"thumbnailUrl\":\"https:\/\/nitu.mx\/wp-content\/uploads\/2026\/01\/PriceTravel-Holding-FITUR-2026.jpg\",\"keywords\":[\"Espa\u00f1a\",\"FITUR\",\"PriceTravel Holding\",\"Rafael Durand\"],\"articleSection\":[\"Agencias de Viajes\"],\"inLanguage\":\"es-MX\"},{\"@type\":\"WebPage\",\"@id\":\"https:\/\/nitu.mx\/index.php\/2026\/01\/15\/pricetravel-holding-va-por-mas-alianzas-y-su-expansion-internacional-en-fitur-2026\/\",\"url\":\"https:\/\/nitu.mx\/index.php\/2026\/01\/15\/pricetravel-holding-va-por-mas-alianzas-y-su-expansion-internacional-en-fitur-2026\/\",\"name\":\"PriceTravel Holding va por m\u00e1s alianzas y su expansi\u00f3n internacional en FITUR 2026 - Nitu - Noticias de la Industria Turistica\",\"isPartOf\":{\"@id\":\"https:\/\/nitu.mx\/#website\"},\"primaryImageOfPage\":{\"@id\":\"https:\/\/nitu.mx\/index.php\/2026\/01\/15\/pricetravel-holding-va-por-mas-alianzas-y-su-expansion-internacional-en-fitur-2026\/#primaryimage\"},\"image\":{\"@id\":\"https:\/\/nitu.mx\/index.php\/2026\/01\/15\/pricetravel-holding-va-por-mas-alianzas-y-su-expansion-internacional-en-fitur-2026\/#primaryimage\"},\"thumbnailUrl\":\"https:\/\/nitu.mx\/wp-content\/uploads\/2026\/01\/PriceTravel-Holding-FITUR-2026.jpg\",\"datePublished\":\"2026-01-15T22:33:30+00:00\",\"dateModified\":\"2026-01-15T22:33:31+00:00\",\"breadcrumb\":{\"@id\":\"https:\/\/nitu.mx\/index.php\/2026\/01\/15\/pricetravel-holding-va-por-mas-alianzas-y-su-expansion-internacional-en-fitur-2026\/#breadcrumb\"},\"inLanguage\":\"es-MX\",\"potentialAction\":[{\"@type\":\"ReadAction\",\"target\":[\"https:\/\/nitu.mx\/index.php\/2026\/01\/15\/pricetravel-holding-va-por-mas-alianzas-y-su-expansion-internacional-en-fitur-2026\/\"]}]},{\"@type\":\"ImageObject\",\"inLanguage\":\"es-MX\",\"@id\":\"https:\/\/nitu.mx\/index.php\/2026\/01\/15\/pricetravel-holding-va-por-mas-alianzas-y-su-expansion-internacional-en-fitur-2026\/#primaryimage\",\"url\":\"https:\/\/nitu.mx\/wp-content\/uploads\/2026\/01\/PriceTravel-Holding-FITUR-2026.jpg\",\"contentUrl\":\"https:\/\/nitu.mx\/wp-content\/uploads\/2026\/01\/PriceTravel-Holding-FITUR-2026.jpg\",\"width\":1200,\"height\":675,\"caption\":\"PriceTravel Holding FITUR 2026\"},{\"@type\":\"BreadcrumbList\",\"@id\":\"https:\/\/nitu.mx\/index.php\/2026\/01\/15\/pricetravel-holding-va-por-mas-alianzas-y-su-expansion-internacional-en-fitur-2026\/#breadcrumb\",\"itemListElement\":[{\"@type\":\"ListItem\",\"position\":1,\"name\":\"Inicio\",\"item\":\"https:\/\/nitu.mx\/\"},{\"@type\":\"ListItem\",\"position\":2,\"name\":\"PriceTravel Holding va por m\u00e1s alianzas y su expansi\u00f3n internacional en FITUR 2026\"}]},{\"@type\":\"WebSite\",\"@id\":\"https:\/\/nitu.mx\/#website\",\"url\":\"https:\/\/nitu.mx\/\",\"name\":\"Nitu - Noticias de la Industria Turistica\",\"description\":\"Noticias de la Industria Turistica\",\"publisher\":{\"@id\":\"https:\/\/nitu.mx\/#\/schema\/person\/ae7a53426417292d3dd07b45a33e01bc\"},\"alternateName\":\"Noticias de la Industria Turistica\",\"potentialAction\":[{\"@type\":\"SearchAction\",\"target\":{\"@type\":\"EntryPoint\",\"urlTemplate\":\"https:\/\/nitu.mx\/?s={search_term_string}\"},\"query-input\":\"required name=search_term_string\"}],\"inLanguage\":\"es-MX\"},{\"@type\":[\"Person\",\"Organization\"],\"@id\":\"https:\/\/nitu.mx\/#\/schema\/person\/ae7a53426417292d3dd07b45a33e01bc\",\"name\":\"Arturo Medina\",\"image\":{\"@type\":\"ImageObject\",\"inLanguage\":\"es-MX\",\"@id\":\"https:\/\/nitu.mx\/#\/schema\/person\/image\/\",\"url\":\"https:\/\/nitu.mx\/wp-content\/uploads\/2024\/04\/4A315622-1904-4D5C-B022-878CDC840E04-90x90-1.jpeg\",\"contentUrl\":\"https:\/\/nitu.mx\/wp-content\/uploads\/2024\/04\/4A315622-1904-4D5C-B022-878CDC840E04-90x90-1.jpeg\",\"width\":90,\"height\":90,\"caption\":\"Arturo Medina\"},\"logo\":{\"@id\":\"https:\/\/nitu.mx\/#\/schema\/person\/image\/\"},\"description\":\"Director NITU.mx, Egresado de la Escuela de Periodismo Carlos Septi\u00e9n Garc\u00eda. Periodista y analista especializado en turismo desde hace 35 a\u00f1os, radicado en Canc\u00fan Q.Roo. arturo@nitu.mx\",\"sameAs\":[\"https:\/\/nitu.mx\",\"https:\/\/www.facebook.com\/NITUmx\/\",\"medinacancun\",\"https:\/\/twitter.com\/@Arturo_Medina_G\"]},{\"@type\":\"Person\",\"@id\":\"https:\/\/nitu.mx\/#\/schema\/person\/4a28fe9bd65924f7c90623773daf1b0b\",\"name\":\"Redacci\u00f3n\",\"image\":{\"@type\":\"ImageObject\",\"inLanguage\":\"es-MX\",\"@id\":\"https:\/\/nitu.mx\/#\/schema\/person\/image\/\",\"url\":\"https:\/\/secure.gravatar.com\/avatar\/5dd011c8ccfc5cd7e4c81e42252aab38?s=96&d=mm&r=g\",\"contentUrl\":\"https:\/\/secure.gravatar.com\/avatar\/5dd011c8ccfc5cd7e4c81e42252aab38?s=96&d=mm&r=g\",\"caption\":\"Redacci\u00f3n\"},\"url\":\"https:\/\/nitu.mx\/index.php\/author\/redaccion\/\"}]}<\/script>\n<!-- \/ Yoast SEO plugin. -->","yoast_head_json":{"title":"PriceTravel Holding va por m\u00e1s alianzas y su expansi\u00f3n internacional en FITUR 2026 - Nitu - Noticias de la Industria Turistica","robots":{"index":"index","follow":"follow","max-snippet":"max-snippet:-1","max-image-preview":"max-image-preview:large","max-video-preview":"max-video-preview:-1"},"canonical":"https:\/\/nitu.mx\/index.php\/2026\/01\/15\/pricetravel-holding-va-por-mas-alianzas-y-su-expansion-internacional-en-fitur-2026\/","twitter_card":"summary_large_image","twitter_title":"PriceTravel Holding va por m\u00e1s alianzas y su expansi\u00f3n internacional en FITUR 2026 - Nitu - Noticias de la Industria Turistica","twitter_description":"PriceTravel Holding participar\u00e1 en la Feria Internacional de Turismo (FITUR) 2026, que se celebrar\u00e1 del 21 al 25 de enero en Madrid, con una agenda centrada en el fortalecimiento de alianzas estrat\u00e9gicas y la generaci\u00f3n de nuevas oportunidades de negocio en mercados internacionales. La presencia de la compa\u00f1\u00eda tendr\u00e1 lugar en el marco de la [&hellip;]","twitter_image":"https:\/\/nitu.mx\/wp-content\/uploads\/2026\/01\/PriceTravel-Holding-FITUR-2026.jpg","twitter_creator":"@NITUmx","twitter_site":"@Arturo_Medina_G","twitter_misc":{"Escrito por":"Redacci\u00f3n","Tiempo de lectura":"2 minutos"},"schema":{"@context":"https:\/\/schema.org","@graph":[{"@type":"Article","@id":"https:\/\/nitu.mx\/index.php\/2026\/01\/15\/pricetravel-holding-va-por-mas-alianzas-y-su-expansion-internacional-en-fitur-2026\/#article","isPartOf":{"@id":"https:\/\/nitu.mx\/index.php\/2026\/01\/15\/pricetravel-holding-va-por-mas-alianzas-y-su-expansion-internacional-en-fitur-2026\/"},"author":{"name":"Redacci\u00f3n","@id":"https:\/\/nitu.mx\/#\/schema\/person\/4a28fe9bd65924f7c90623773daf1b0b"},"headline":"PriceTravel Holding va por m\u00e1s alianzas y su expansi\u00f3n internacional en FITUR 2026","datePublished":"2026-01-15T22:33:30+00:00","dateModified":"2026-01-15T22:33:31+00:00","mainEntityOfPage":{"@id":"https:\/\/nitu.mx\/index.php\/2026\/01\/15\/pricetravel-holding-va-por-mas-alianzas-y-su-expansion-internacional-en-fitur-2026\/"},"wordCount":480,"publisher":{"@id":"https:\/\/nitu.mx\/#\/schema\/person\/ae7a53426417292d3dd07b45a33e01bc"},"image":{"@id":"https:\/\/nitu.mx\/index.php\/2026\/01\/15\/pricetravel-holding-va-por-mas-alianzas-y-su-expansion-internacional-en-fitur-2026\/#primaryimage"},"thumbnailUrl":"https:\/\/nitu.mx\/wp-content\/uploads\/2026\/01\/PriceTravel-Holding-FITUR-2026.jpg","keywords":["Espa\u00f1a","FITUR","PriceTravel Holding","Rafael Durand"],"articleSection":["Agencias de Viajes"],"inLanguage":"es-MX"},{"@type":"WebPage","@id":"https:\/\/nitu.mx\/index.php\/2026\/01\/15\/pricetravel-holding-va-por-mas-alianzas-y-su-expansion-internacional-en-fitur-2026\/","url":"https:\/\/nitu.mx\/index.php\/2026\/01\/15\/pricetravel-holding-va-por-mas-alianzas-y-su-expansion-internacional-en-fitur-2026\/","name":"PriceTravel Holding va por m\u00e1s alianzas y su expansi\u00f3n internacional en FITUR 2026 - Nitu - Noticias de la Industria Turistica","isPartOf":{"@id":"https:\/\/nitu.mx\/#website"},"primaryImageOfPage":{"@id":"https:\/\/nitu.mx\/index.php\/2026\/01\/15\/pricetravel-holding-va-por-mas-alianzas-y-su-expansion-internacional-en-fitur-2026\/#primaryimage"},"image":{"@id":"https:\/\/nitu.mx\/index.php\/2026\/01\/15\/pricetravel-holding-va-por-mas-alianzas-y-su-expansion-internacional-en-fitur-2026\/#primaryimage"},"thumbnailUrl":"https:\/\/nitu.mx\/wp-content\/uploads\/2026\/01\/PriceTravel-Holding-FITUR-2026.jpg","datePublished":"2026-01-15T22:33:30+00:00","dateModified":"2026-01-15T22:33:31+00:00","breadcrumb":{"@id":"https:\/\/nitu.mx\/index.php\/2026\/01\/15\/pricetravel-holding-va-por-mas-alianzas-y-su-expansion-internacional-en-fitur-2026\/#breadcrumb"},"inLanguage":"es-MX","potentialAction":[{"@type":"ReadAction","target":["https:\/\/nitu.mx\/index.php\/2026\/01\/15\/pricetravel-holding-va-por-mas-alianzas-y-su-expansion-internacional-en-fitur-2026\/"]}]},{"@type":"ImageObject","inLanguage":"es-MX","@id":"https:\/\/nitu.mx\/index.php\/2026\/01\/15\/pricetravel-holding-va-por-mas-alianzas-y-su-expansion-internacional-en-fitur-2026\/#primaryimage","url":"https:\/\/nitu.mx\/wp-content\/uploads\/2026\/01\/PriceTravel-Holding-FITUR-2026.jpg","contentUrl":"https:\/\/nitu.mx\/wp-content\/uploads\/2026\/01\/PriceTravel-Holding-FITUR-2026.jpg","width":1200,"height":675,"caption":"PriceTravel Holding FITUR 2026"},{"@type":"BreadcrumbList","@id":"https:\/\/nitu.mx\/index.php\/2026\/01\/15\/pricetravel-holding-va-por-mas-alianzas-y-su-expansion-internacional-en-fitur-2026\/#breadcrumb","itemListElement":[{"@type":"ListItem","position":1,"name":"Inicio","item":"https:\/\/nitu.mx\/"},{"@type":"ListItem","position":2,"name":"PriceTravel Holding va por m\u00e1s alianzas y su expansi\u00f3n internacional en FITUR 2026"}]},{"@type":"WebSite","@id":"https:\/\/nitu.mx\/#website","url":"https:\/\/nitu.mx\/","name":"Nitu - Noticias de la Industria Turistica","description":"Noticias de la Industria Turistica","publisher":{"@id":"https:\/\/nitu.mx\/#\/schema\/person\/ae7a53426417292d3dd07b45a33e01bc"},"alternateName":"Noticias de la Industria Turistica","potentialAction":[{"@type":"SearchAction","target":{"@type":"EntryPoint","urlTemplate":"https:\/\/nitu.mx\/?s={search_term_string}"},"query-input":"required name=search_term_string"}],"inLanguage":"es-MX"},{"@type":["Person","Organization"],"@id":"https:\/\/nitu.mx\/#\/schema\/person\/ae7a53426417292d3dd07b45a33e01bc","name":"Arturo Medina","image":{"@type":"ImageObject","inLanguage":"es-MX","@id":"https:\/\/nitu.mx\/#\/schema\/person\/image\/","url":"https:\/\/nitu.mx\/wp-content\/uploads\/2024\/04\/4A315622-1904-4D5C-B022-878CDC840E04-90x90-1.jpeg","contentUrl":"https:\/\/nitu.mx\/wp-content\/uploads\/2024\/04\/4A315622-1904-4D5C-B022-878CDC840E04-90x90-1.jpeg","width":90,"height":90,"caption":"Arturo Medina"},"logo":{"@id":"https:\/\/nitu.mx\/#\/schema\/person\/image\/"},"description":"Director NITU.mx, Egresado de la Escuela de Periodismo Carlos Septi\u00e9n Garc\u00eda. Periodista y analista especializado en turismo desde hace 35 a\u00f1os, radicado en Canc\u00fan Q.Roo. arturo@nitu.mx","sameAs":["https:\/\/nitu.mx","https:\/\/www.facebook.com\/NITUmx\/","medinacancun","https:\/\/twitter.com\/@Arturo_Medina_G"]},{"@type":"Person","@id":"https:\/\/nitu.mx\/#\/schema\/person\/4a28fe9bd65924f7c90623773daf1b0b","name":"Redacci\u00f3n","image":{"@type":"ImageObject","inLanguage":"es-MX","@id":"https:\/\/nitu.mx\/#\/schema\/person\/image\/","url":"https:\/\/secure.gravatar.com\/avatar\/5dd011c8ccfc5cd7e4c81e42252aab38?s=96&d=mm&r=g","contentUrl":"https:\/\/secure.gravatar.com\/avatar\/5dd011c8ccfc5cd7e4c81e42252aab38?s=96&d=mm&r=g","caption":"Redacci\u00f3n"},"url":"https:\/\/nitu.mx\/index.php\/author\/redaccion\/"}]}},"views":731,"_links":{"self":[{"href":"https:\/\/nitu.mx\/index.php\/wp-json\/wp\/v2\/posts\/85626"}],"collection":[{"href":"https:\/\/nitu.mx\/index.php\/wp-json\/wp\/v2\/posts"}],"about":[{"href":"https:\/\/nitu.mx\/index.php\/wp-json\/wp\/v2\/types\/post"}],"author":[{"embeddable":true,"href":"https:\/\/nitu.mx\/index.php\/wp-json\/wp\/v2\/users\/17"}],"replies":[{"embeddable":true,"href":"https:\/\/nitu.mx\/index.php\/wp-json\/wp\/v2\/comments?post=85626"}],"version-history":[{"count":2,"href":"https:\/\/nitu.mx\/index.php\/wp-json\/wp\/v2\/posts\/85626\/revisions"}],"predecessor-version":[{"id":85631,"href":"https:\/\/nitu.mx\/index.php\/wp-json\/wp\/v2\/posts\/85626\/revisions\/85631"}],"wp:featuredmedia":[{"embeddable":true,"href":"https:\/\/nitu.mx\/index.php\/wp-json\/wp\/v2\/media\/85630"}],"wp:attachment":[{"href":"https:\/\/nitu.mx\/index.php\/wp-json\/wp\/v2\/media?parent=85626"}],"wp:term":[{"taxonomy":"category","embeddable":true,"href":"https:\/\/nitu.mx\/index.php\/wp-json\/wp\/v2\/categories?post=85626"},{"taxonomy":"post_tag","embeddable":true,"href":"https:\/\/nitu.mx\/index.php\/wp-json\/wp\/v2\/tags?post=85626"}],"curies":[{"name":"wp","href":"https:\/\/api.w.org\/{rel}","templated":true}]}}