{"id":85610,"date":"2026-01-14T22:25:51","date_gmt":"2026-01-15T04:25:51","guid":{"rendered":"https:\/\/nitu.mx\/?p=85610"},"modified":"2026-01-14T22:25:52","modified_gmt":"2026-01-15T04:25:52","slug":"wyndham-desplegara-una-intensa-agenda-institucional-y-de-negocios-durante-fitur-2026","status":"publish","type":"post","link":"https:\/\/nitu.mx\/index.php\/2026\/01\/14\/wyndham-desplegara-una-intensa-agenda-institucional-y-de-negocios-durante-fitur-2026\/","title":{"rendered":"Wyndham desplegar\u00e1 una intensa agenda institucional y de negocios durante FITUR 2026"},"content":{"rendered":"\n<p>Wyndham Hotels &amp; Resorts, la compa\u00f1\u00eda de franquicias hoteleras m\u00e1s grande del mundo, participar\u00e1 activamente en la pr\u00f3xima edici\u00f3n de la Feria Internacional de Turismo (FITUR), que se llevar\u00e1 a cabo en Madrid, Espa\u00f1a, con una intensa agenda de reuniones estrat\u00e9gicas y presencia institucional.<\/p>\n\n\n\n<p>Durante el encuentro, directivos de la compa\u00f1\u00eda mantendr\u00e1n reuniones de trabajo con empresarios, secretarios de Turismo y gobernadores de distintas comunidades y mercados, con el objetivo de impulsar el desarrollo hotelero, promover la inversi\u00f3n y fortalecer la visibilidad de los destinos de Latinoam\u00e9rica y el Caribe en los mercados internacionales. <\/p>\n\n\n\n<p>La agenda incluir\u00e1 tambi\u00e9n la participaci\u00f3n de Wyndham Hotels &amp; Resorts en espacios institucionales y de networking clave para la industria, entre ellos una reuni\u00f3n con la Uni\u00f3n de Secretarios de Turismo de M\u00e9xico (ASETUR), en coordinaci\u00f3n con la Asociaci\u00f3n Nacional de Cadenas Hoteleras de M\u00e9xico (ANCH).<\/p>\n\n\n\n<p>Adem\u00e1s, Wyndham Hotels &amp; Resorts LATAMC formar\u00e1 parte del Foro anual de Exceltur, un encuentro de alto nivel que agrupa a las principales empresas del sector tur\u00edstico espa\u00f1ol como cadenas hoteleras, aerol\u00edneas, grupos tur\u00edsticos, OTAs, entre otros. (<a href=\"https:\/\/nitu.mx\/index.php\/2026\/01\/04\/wyndham-hotels-resorts-latamc-se-prepara-para-su-participacion-en-fitur-2026\/\">Wyndham Hotels &amp; Resorts LATAMC se prepara para su participaci\u00f3n en FITUR 2026<\/a>).<\/p>\n\n\n\n<p>Los ejecutivos de la compa\u00f1\u00eda tambi\u00e9n asistir\u00e1n a la recepci\u00f3n organizada por el Consejo Mundial de Viajes y Turismo (WTTC), entidad que representa al sector privado de la industria tur\u00edstica a nivel global. Por otra parte, Wyndham tendr\u00e1 participaci\u00f3n activa en paneles y foros que abordan temas clave para la evoluci\u00f3n del sector. <\/p>\n\n\n\n<p>Entre ellos, la mesa de debate \u201cMenos artificio, m\u00e1s autenticidad: la nueva cara del lujo\u201d, en la que Gustavo Viescas, presidente de Wyndham Hotels &amp; Resorts para Am\u00e9rica Latina y el Caribe, compartir\u00e1 escenario con destacados l\u00edderes de la industria hotelera.<\/p>\n\n\n\n<p>Adicionalmente, durante el Foro FITUR WOMAN, organizado por FITUR y Women Leading Tourism (WLT), Jimena Faena, VP, Marketing, Brand Operations &amp; Revenue Management de la compa\u00f1\u00eda para Latinoam\u00e9rica y el Caribe, participar\u00e1 en el bloque de debate \u201cDesaf\u00edos y barreras: c\u00f3mo el sector puede acelerar la agenda\u201d.<\/p>\n\n\n\n<p>Wyndham Hotels &amp; Resorts contar\u00e1 con presencia institucional en el stand 10A12, donde estar\u00e1 acompa\u00f1ado por representantes de distintos hoteles de su red, entre ellos: Grupo Costa del Sol (Per\u00fa), Wyndham Grand Canc\u00fan All Inclusive Resort &amp; Villas, Viva Resorts by Wyndham, Wyndham Grand Rio Mar Rainforest Beach &amp; Golf Resort y Wyndham Palmas Beach &amp; Golf Boutique Resort (Puerto Rico), Gran Hotel Europa Santo Domingo Trademark Collection by Wyndham, Dolce by Wyndham Versalles, TRYP by Wyndham y Wingate by Wyndham de Punta Cana, as\u00ed como los resorts All Inclusive de Decameron Hotels &amp; Resorts que forman parte de Ramada by Wyndham y Trademark Collection by Wyndham, entre otros.<\/p>\n\n\n\n<p>De esta manera, Wyndham Hotels &amp; Resorts reafirma su compromiso con sus franquiciatarios y con el desarrollo del turismo en Latinoam\u00e9rica y el Caribe, al fortalecer relaciones de alto valor con actores clave de la industria global de viajes y turismo. <\/p>\n\n\n\n<p>Esta agenda de trabajo impulsa nuevas oportunidades de desarrollo y networking estrat\u00e9gico, y consolida su presencia activa en los principales espacios de di\u00e1logo y toma de decisiones del sector tur\u00edstico global. <\/p>\n","protected":false},"excerpt":{"rendered":"<p>Wyndham Hotels &amp; Resorts, la compa\u00f1\u00eda de franquicias hoteleras m\u00e1s grande del mundo, participar\u00e1 activamente en la pr\u00f3xima edici\u00f3n de la Feria Internacional de Turismo (FITUR), que se llevar\u00e1 a cabo en Madrid, Espa\u00f1a, con una intensa agenda de reuniones estrat\u00e9gicas y presencia institucional. Durante el encuentro, directivos de la compa\u00f1\u00eda mantendr\u00e1n reuniones de trabajo [&hellip;]<\/p>\n","protected":false},"author":17,"featured_media":85612,"comment_status":"closed","ping_status":"closed","sticky":false,"template":"","format":"standard","meta":{"footnotes":""},"categories":[24423,2],"tags":[1928,1118,2703,4931,10533],"yoast_head":"<!-- This site is optimized with the Yoast SEO plugin v22.2 - https:\/\/yoast.com\/wordpress\/plugins\/seo\/ -->\n<title>Wyndham desplegar\u00e1 una intensa agenda institucional y de negocios durante FITUR 2026 - Nitu - Noticias de la Industria Turistica<\/title>\n<meta name=\"robots\" content=\"index, follow, max-snippet:-1, max-image-preview:large, max-video-preview:-1\" \/>\n<link rel=\"canonical\" href=\"https:\/\/nitu.mx\/index.php\/2026\/01\/14\/wyndham-desplegara-una-intensa-agenda-institucional-y-de-negocios-durante-fitur-2026\/\" \/>\n<meta name=\"twitter:card\" content=\"summary_large_image\" \/>\n<meta name=\"twitter:title\" content=\"Wyndham desplegar\u00e1 una intensa agenda institucional y de negocios durante FITUR 2026 - Nitu - Noticias de la Industria Turistica\" \/>\n<meta name=\"twitter:description\" content=\"Wyndham Hotels &amp; Resorts, la compa\u00f1\u00eda de franquicias hoteleras m\u00e1s grande del mundo, participar\u00e1 activamente en la pr\u00f3xima edici\u00f3n de la Feria Internacional de Turismo (FITUR), que se llevar\u00e1 a cabo en Madrid, Espa\u00f1a, con una intensa agenda de reuniones estrat\u00e9gicas y presencia institucional. Durante el encuentro, directivos de la compa\u00f1\u00eda mantendr\u00e1n reuniones de trabajo [&hellip;]\" \/>\n<meta name=\"twitter:image\" content=\"https:\/\/nitu.mx\/wp-content\/uploads\/2026\/01\/Grand-Decameron-Cornwall-Beach-A-Trademark-All-Inclusive-Wyndham.jpg\" \/>\n<meta name=\"twitter:creator\" content=\"@NITUmx\" \/>\n<meta name=\"twitter:site\" content=\"@Arturo_Medina_G\" \/>\n<meta name=\"twitter:label1\" content=\"Escrito por\" \/>\n\t<meta name=\"twitter:data1\" content=\"Redacci\u00f3n\" \/>\n\t<meta name=\"twitter:label2\" content=\"Tiempo de lectura\" \/>\n\t<meta name=\"twitter:data2\" content=\"3 minutos\" \/>\n<script type=\"application\/ld+json\" class=\"yoast-schema-graph\">{\"@context\":\"https:\/\/schema.org\",\"@graph\":[{\"@type\":\"Article\",\"@id\":\"https:\/\/nitu.mx\/index.php\/2026\/01\/14\/wyndham-desplegara-una-intensa-agenda-institucional-y-de-negocios-durante-fitur-2026\/#article\",\"isPartOf\":{\"@id\":\"https:\/\/nitu.mx\/index.php\/2026\/01\/14\/wyndham-desplegara-una-intensa-agenda-institucional-y-de-negocios-durante-fitur-2026\/\"},\"author\":{\"name\":\"Redacci\u00f3n\",\"@id\":\"https:\/\/nitu.mx\/#\/schema\/person\/4a28fe9bd65924f7c90623773daf1b0b\"},\"headline\":\"Wyndham desplegar\u00e1 una intensa agenda institucional y de negocios durante FITUR 2026\",\"datePublished\":\"2026-01-15T04:25:51+00:00\",\"dateModified\":\"2026-01-15T04:25:52+00:00\",\"mainEntityOfPage\":{\"@id\":\"https:\/\/nitu.mx\/index.php\/2026\/01\/14\/wyndham-desplegara-una-intensa-agenda-institucional-y-de-negocios-durante-fitur-2026\/\"},\"wordCount\":567,\"publisher\":{\"@id\":\"https:\/\/nitu.mx\/#\/schema\/person\/ae7a53426417292d3dd07b45a33e01bc\"},\"image\":{\"@id\":\"https:\/\/nitu.mx\/index.php\/2026\/01\/14\/wyndham-desplegara-una-intensa-agenda-institucional-y-de-negocios-durante-fitur-2026\/#primaryimage\"},\"thumbnailUrl\":\"https:\/\/nitu.mx\/wp-content\/uploads\/2026\/01\/Grand-Decameron-Cornwall-Beach-A-Trademark-All-Inclusive-Wyndham.jpg\",\"keywords\":[\"ANCH\",\"Asetur\",\"FITUR\",\"WTTC\",\"Wyndham Hotels &amp; Resorts\"],\"articleSection\":[\"FITUR\",\"Hoteles\"],\"inLanguage\":\"es-MX\"},{\"@type\":\"WebPage\",\"@id\":\"https:\/\/nitu.mx\/index.php\/2026\/01\/14\/wyndham-desplegara-una-intensa-agenda-institucional-y-de-negocios-durante-fitur-2026\/\",\"url\":\"https:\/\/nitu.mx\/index.php\/2026\/01\/14\/wyndham-desplegara-una-intensa-agenda-institucional-y-de-negocios-durante-fitur-2026\/\",\"name\":\"Wyndham desplegar\u00e1 una intensa agenda institucional y de negocios durante FITUR 2026 - Nitu - Noticias de la Industria Turistica\",\"isPartOf\":{\"@id\":\"https:\/\/nitu.mx\/#website\"},\"primaryImageOfPage\":{\"@id\":\"https:\/\/nitu.mx\/index.php\/2026\/01\/14\/wyndham-desplegara-una-intensa-agenda-institucional-y-de-negocios-durante-fitur-2026\/#primaryimage\"},\"image\":{\"@id\":\"https:\/\/nitu.mx\/index.php\/2026\/01\/14\/wyndham-desplegara-una-intensa-agenda-institucional-y-de-negocios-durante-fitur-2026\/#primaryimage\"},\"thumbnailUrl\":\"https:\/\/nitu.mx\/wp-content\/uploads\/2026\/01\/Grand-Decameron-Cornwall-Beach-A-Trademark-All-Inclusive-Wyndham.jpg\",\"datePublished\":\"2026-01-15T04:25:51+00:00\",\"dateModified\":\"2026-01-15T04:25:52+00:00\",\"breadcrumb\":{\"@id\":\"https:\/\/nitu.mx\/index.php\/2026\/01\/14\/wyndham-desplegara-una-intensa-agenda-institucional-y-de-negocios-durante-fitur-2026\/#breadcrumb\"},\"inLanguage\":\"es-MX\",\"potentialAction\":[{\"@type\":\"ReadAction\",\"target\":[\"https:\/\/nitu.mx\/index.php\/2026\/01\/14\/wyndham-desplegara-una-intensa-agenda-institucional-y-de-negocios-durante-fitur-2026\/\"]}]},{\"@type\":\"ImageObject\",\"inLanguage\":\"es-MX\",\"@id\":\"https:\/\/nitu.mx\/index.php\/2026\/01\/14\/wyndham-desplegara-una-intensa-agenda-institucional-y-de-negocios-durante-fitur-2026\/#primaryimage\",\"url\":\"https:\/\/nitu.mx\/wp-content\/uploads\/2026\/01\/Grand-Decameron-Cornwall-Beach-A-Trademark-All-Inclusive-Wyndham.jpg\",\"contentUrl\":\"https:\/\/nitu.mx\/wp-content\/uploads\/2026\/01\/Grand-Decameron-Cornwall-Beach-A-Trademark-All-Inclusive-Wyndham.jpg\",\"width\":1200,\"height\":675,\"caption\":\"Grand Decameron Cornwall Beach A Trademark All Inclusive Wyndham\"},{\"@type\":\"BreadcrumbList\",\"@id\":\"https:\/\/nitu.mx\/index.php\/2026\/01\/14\/wyndham-desplegara-una-intensa-agenda-institucional-y-de-negocios-durante-fitur-2026\/#breadcrumb\",\"itemListElement\":[{\"@type\":\"ListItem\",\"position\":1,\"name\":\"Inicio\",\"item\":\"https:\/\/nitu.mx\/\"},{\"@type\":\"ListItem\",\"position\":2,\"name\":\"Wyndham desplegar\u00e1 una intensa agenda institucional y de negocios durante FITUR 2026\"}]},{\"@type\":\"WebSite\",\"@id\":\"https:\/\/nitu.mx\/#website\",\"url\":\"https:\/\/nitu.mx\/\",\"name\":\"Nitu - Noticias de la Industria Turistica\",\"description\":\"Noticias de la Industria Turistica\",\"publisher\":{\"@id\":\"https:\/\/nitu.mx\/#\/schema\/person\/ae7a53426417292d3dd07b45a33e01bc\"},\"alternateName\":\"Noticias de la Industria Turistica\",\"potentialAction\":[{\"@type\":\"SearchAction\",\"target\":{\"@type\":\"EntryPoint\",\"urlTemplate\":\"https:\/\/nitu.mx\/?s={search_term_string}\"},\"query-input\":\"required name=search_term_string\"}],\"inLanguage\":\"es-MX\"},{\"@type\":[\"Person\",\"Organization\"],\"@id\":\"https:\/\/nitu.mx\/#\/schema\/person\/ae7a53426417292d3dd07b45a33e01bc\",\"name\":\"Arturo Medina\",\"image\":{\"@type\":\"ImageObject\",\"inLanguage\":\"es-MX\",\"@id\":\"https:\/\/nitu.mx\/#\/schema\/person\/image\/\",\"url\":\"https:\/\/nitu.mx\/wp-content\/uploads\/2024\/04\/4A315622-1904-4D5C-B022-878CDC840E04-90x90-1.jpeg\",\"contentUrl\":\"https:\/\/nitu.mx\/wp-content\/uploads\/2024\/04\/4A315622-1904-4D5C-B022-878CDC840E04-90x90-1.jpeg\",\"width\":90,\"height\":90,\"caption\":\"Arturo Medina\"},\"logo\":{\"@id\":\"https:\/\/nitu.mx\/#\/schema\/person\/image\/\"},\"description\":\"Director NITU.mx, Egresado de la Escuela de Periodismo Carlos Septi\u00e9n Garc\u00eda. Periodista y analista especializado en turismo desde hace 35 a\u00f1os, radicado en Canc\u00fan Q.Roo. arturo@nitu.mx\",\"sameAs\":[\"https:\/\/nitu.mx\",\"https:\/\/www.facebook.com\/NITUmx\/\",\"medinacancun\",\"https:\/\/twitter.com\/@Arturo_Medina_G\"]},{\"@type\":\"Person\",\"@id\":\"https:\/\/nitu.mx\/#\/schema\/person\/4a28fe9bd65924f7c90623773daf1b0b\",\"name\":\"Redacci\u00f3n\",\"image\":{\"@type\":\"ImageObject\",\"inLanguage\":\"es-MX\",\"@id\":\"https:\/\/nitu.mx\/#\/schema\/person\/image\/\",\"url\":\"https:\/\/secure.gravatar.com\/avatar\/5dd011c8ccfc5cd7e4c81e42252aab38?s=96&d=mm&r=g\",\"contentUrl\":\"https:\/\/secure.gravatar.com\/avatar\/5dd011c8ccfc5cd7e4c81e42252aab38?s=96&d=mm&r=g\",\"caption\":\"Redacci\u00f3n\"},\"url\":\"https:\/\/nitu.mx\/index.php\/author\/redaccion\/\"}]}<\/script>\n<!-- \/ Yoast SEO plugin. -->","yoast_head_json":{"title":"Wyndham desplegar\u00e1 una intensa agenda institucional y de negocios durante FITUR 2026 - Nitu - Noticias de la Industria Turistica","robots":{"index":"index","follow":"follow","max-snippet":"max-snippet:-1","max-image-preview":"max-image-preview:large","max-video-preview":"max-video-preview:-1"},"canonical":"https:\/\/nitu.mx\/index.php\/2026\/01\/14\/wyndham-desplegara-una-intensa-agenda-institucional-y-de-negocios-durante-fitur-2026\/","twitter_card":"summary_large_image","twitter_title":"Wyndham desplegar\u00e1 una intensa agenda institucional y de negocios durante FITUR 2026 - Nitu - Noticias de la Industria Turistica","twitter_description":"Wyndham Hotels &amp; Resorts, la compa\u00f1\u00eda de franquicias hoteleras m\u00e1s grande del mundo, participar\u00e1 activamente en la pr\u00f3xima edici\u00f3n de la Feria Internacional de Turismo (FITUR), que se llevar\u00e1 a cabo en Madrid, Espa\u00f1a, con una intensa agenda de reuniones estrat\u00e9gicas y presencia institucional. Durante el encuentro, directivos de la compa\u00f1\u00eda mantendr\u00e1n reuniones de trabajo [&hellip;]","twitter_image":"https:\/\/nitu.mx\/wp-content\/uploads\/2026\/01\/Grand-Decameron-Cornwall-Beach-A-Trademark-All-Inclusive-Wyndham.jpg","twitter_creator":"@NITUmx","twitter_site":"@Arturo_Medina_G","twitter_misc":{"Escrito por":"Redacci\u00f3n","Tiempo de lectura":"3 minutos"},"schema":{"@context":"https:\/\/schema.org","@graph":[{"@type":"Article","@id":"https:\/\/nitu.mx\/index.php\/2026\/01\/14\/wyndham-desplegara-una-intensa-agenda-institucional-y-de-negocios-durante-fitur-2026\/#article","isPartOf":{"@id":"https:\/\/nitu.mx\/index.php\/2026\/01\/14\/wyndham-desplegara-una-intensa-agenda-institucional-y-de-negocios-durante-fitur-2026\/"},"author":{"name":"Redacci\u00f3n","@id":"https:\/\/nitu.mx\/#\/schema\/person\/4a28fe9bd65924f7c90623773daf1b0b"},"headline":"Wyndham desplegar\u00e1 una intensa agenda institucional y de negocios durante FITUR 2026","datePublished":"2026-01-15T04:25:51+00:00","dateModified":"2026-01-15T04:25:52+00:00","mainEntityOfPage":{"@id":"https:\/\/nitu.mx\/index.php\/2026\/01\/14\/wyndham-desplegara-una-intensa-agenda-institucional-y-de-negocios-durante-fitur-2026\/"},"wordCount":567,"publisher":{"@id":"https:\/\/nitu.mx\/#\/schema\/person\/ae7a53426417292d3dd07b45a33e01bc"},"image":{"@id":"https:\/\/nitu.mx\/index.php\/2026\/01\/14\/wyndham-desplegara-una-intensa-agenda-institucional-y-de-negocios-durante-fitur-2026\/#primaryimage"},"thumbnailUrl":"https:\/\/nitu.mx\/wp-content\/uploads\/2026\/01\/Grand-Decameron-Cornwall-Beach-A-Trademark-All-Inclusive-Wyndham.jpg","keywords":["ANCH","Asetur","FITUR","WTTC","Wyndham Hotels &amp; Resorts"],"articleSection":["FITUR","Hoteles"],"inLanguage":"es-MX"},{"@type":"WebPage","@id":"https:\/\/nitu.mx\/index.php\/2026\/01\/14\/wyndham-desplegara-una-intensa-agenda-institucional-y-de-negocios-durante-fitur-2026\/","url":"https:\/\/nitu.mx\/index.php\/2026\/01\/14\/wyndham-desplegara-una-intensa-agenda-institucional-y-de-negocios-durante-fitur-2026\/","name":"Wyndham desplegar\u00e1 una intensa agenda institucional y de negocios durante FITUR 2026 - Nitu - Noticias de la Industria Turistica","isPartOf":{"@id":"https:\/\/nitu.mx\/#website"},"primaryImageOfPage":{"@id":"https:\/\/nitu.mx\/index.php\/2026\/01\/14\/wyndham-desplegara-una-intensa-agenda-institucional-y-de-negocios-durante-fitur-2026\/#primaryimage"},"image":{"@id":"https:\/\/nitu.mx\/index.php\/2026\/01\/14\/wyndham-desplegara-una-intensa-agenda-institucional-y-de-negocios-durante-fitur-2026\/#primaryimage"},"thumbnailUrl":"https:\/\/nitu.mx\/wp-content\/uploads\/2026\/01\/Grand-Decameron-Cornwall-Beach-A-Trademark-All-Inclusive-Wyndham.jpg","datePublished":"2026-01-15T04:25:51+00:00","dateModified":"2026-01-15T04:25:52+00:00","breadcrumb":{"@id":"https:\/\/nitu.mx\/index.php\/2026\/01\/14\/wyndham-desplegara-una-intensa-agenda-institucional-y-de-negocios-durante-fitur-2026\/#breadcrumb"},"inLanguage":"es-MX","potentialAction":[{"@type":"ReadAction","target":["https:\/\/nitu.mx\/index.php\/2026\/01\/14\/wyndham-desplegara-una-intensa-agenda-institucional-y-de-negocios-durante-fitur-2026\/"]}]},{"@type":"ImageObject","inLanguage":"es-MX","@id":"https:\/\/nitu.mx\/index.php\/2026\/01\/14\/wyndham-desplegara-una-intensa-agenda-institucional-y-de-negocios-durante-fitur-2026\/#primaryimage","url":"https:\/\/nitu.mx\/wp-content\/uploads\/2026\/01\/Grand-Decameron-Cornwall-Beach-A-Trademark-All-Inclusive-Wyndham.jpg","contentUrl":"https:\/\/nitu.mx\/wp-content\/uploads\/2026\/01\/Grand-Decameron-Cornwall-Beach-A-Trademark-All-Inclusive-Wyndham.jpg","width":1200,"height":675,"caption":"Grand Decameron Cornwall Beach A Trademark All Inclusive Wyndham"},{"@type":"BreadcrumbList","@id":"https:\/\/nitu.mx\/index.php\/2026\/01\/14\/wyndham-desplegara-una-intensa-agenda-institucional-y-de-negocios-durante-fitur-2026\/#breadcrumb","itemListElement":[{"@type":"ListItem","position":1,"name":"Inicio","item":"https:\/\/nitu.mx\/"},{"@type":"ListItem","position":2,"name":"Wyndham desplegar\u00e1 una intensa agenda institucional y de negocios durante FITUR 2026"}]},{"@type":"WebSite","@id":"https:\/\/nitu.mx\/#website","url":"https:\/\/nitu.mx\/","name":"Nitu - Noticias de la Industria Turistica","description":"Noticias de la Industria Turistica","publisher":{"@id":"https:\/\/nitu.mx\/#\/schema\/person\/ae7a53426417292d3dd07b45a33e01bc"},"alternateName":"Noticias de la Industria Turistica","potentialAction":[{"@type":"SearchAction","target":{"@type":"EntryPoint","urlTemplate":"https:\/\/nitu.mx\/?s={search_term_string}"},"query-input":"required name=search_term_string"}],"inLanguage":"es-MX"},{"@type":["Person","Organization"],"@id":"https:\/\/nitu.mx\/#\/schema\/person\/ae7a53426417292d3dd07b45a33e01bc","name":"Arturo Medina","image":{"@type":"ImageObject","inLanguage":"es-MX","@id":"https:\/\/nitu.mx\/#\/schema\/person\/image\/","url":"https:\/\/nitu.mx\/wp-content\/uploads\/2024\/04\/4A315622-1904-4D5C-B022-878CDC840E04-90x90-1.jpeg","contentUrl":"https:\/\/nitu.mx\/wp-content\/uploads\/2024\/04\/4A315622-1904-4D5C-B022-878CDC840E04-90x90-1.jpeg","width":90,"height":90,"caption":"Arturo Medina"},"logo":{"@id":"https:\/\/nitu.mx\/#\/schema\/person\/image\/"},"description":"Director NITU.mx, Egresado de la Escuela de Periodismo Carlos Septi\u00e9n Garc\u00eda. Periodista y analista especializado en turismo desde hace 35 a\u00f1os, radicado en Canc\u00fan Q.Roo. arturo@nitu.mx","sameAs":["https:\/\/nitu.mx","https:\/\/www.facebook.com\/NITUmx\/","medinacancun","https:\/\/twitter.com\/@Arturo_Medina_G"]},{"@type":"Person","@id":"https:\/\/nitu.mx\/#\/schema\/person\/4a28fe9bd65924f7c90623773daf1b0b","name":"Redacci\u00f3n","image":{"@type":"ImageObject","inLanguage":"es-MX","@id":"https:\/\/nitu.mx\/#\/schema\/person\/image\/","url":"https:\/\/secure.gravatar.com\/avatar\/5dd011c8ccfc5cd7e4c81e42252aab38?s=96&d=mm&r=g","contentUrl":"https:\/\/secure.gravatar.com\/avatar\/5dd011c8ccfc5cd7e4c81e42252aab38?s=96&d=mm&r=g","caption":"Redacci\u00f3n"},"url":"https:\/\/nitu.mx\/index.php\/author\/redaccion\/"}]}},"views":528,"_links":{"self":[{"href":"https:\/\/nitu.mx\/index.php\/wp-json\/wp\/v2\/posts\/85610"}],"collection":[{"href":"https:\/\/nitu.mx\/index.php\/wp-json\/wp\/v2\/posts"}],"about":[{"href":"https:\/\/nitu.mx\/index.php\/wp-json\/wp\/v2\/types\/post"}],"author":[{"embeddable":true,"href":"https:\/\/nitu.mx\/index.php\/wp-json\/wp\/v2\/users\/17"}],"replies":[{"embeddable":true,"href":"https:\/\/nitu.mx\/index.php\/wp-json\/wp\/v2\/comments?post=85610"}],"version-history":[{"count":1,"href":"https:\/\/nitu.mx\/index.php\/wp-json\/wp\/v2\/posts\/85610\/revisions"}],"predecessor-version":[{"id":85613,"href":"https:\/\/nitu.mx\/index.php\/wp-json\/wp\/v2\/posts\/85610\/revisions\/85613"}],"wp:featuredmedia":[{"embeddable":true,"href":"https:\/\/nitu.mx\/index.php\/wp-json\/wp\/v2\/media\/85612"}],"wp:attachment":[{"href":"https:\/\/nitu.mx\/index.php\/wp-json\/wp\/v2\/media?parent=85610"}],"wp:term":[{"taxonomy":"category","embeddable":true,"href":"https:\/\/nitu.mx\/index.php\/wp-json\/wp\/v2\/categories?post=85610"},{"taxonomy":"post_tag","embeddable":true,"href":"https:\/\/nitu.mx\/index.php\/wp-json\/wp\/v2\/tags?post=85610"}],"curies":[{"name":"wp","href":"https:\/\/api.w.org\/{rel}","templated":true}]}}