{"id":85591,"date":"2026-01-13T22:50:30","date_gmt":"2026-01-14T04:50:30","guid":{"rendered":"https:\/\/nitu.mx\/?p=85591"},"modified":"2026-01-13T22:50:31","modified_gmt":"2026-01-14T04:50:31","slug":"mexico-brillara-en-fitur-2026-como-pais-socio-ante-mas-de-250-mil-asistentes","status":"publish","type":"post","link":"https:\/\/nitu.mx\/index.php\/2026\/01\/13\/mexico-brillara-en-fitur-2026-como-pais-socio-ante-mas-de-250-mil-asistentes\/","title":{"rendered":"M\u00e9xico brillar\u00e1 en FITUR 2026 como Pa\u00eds Socio ante m\u00e1s de 250 mil asistentes"},"content":{"rendered":"\n<p><div tabindex=\"0\">Madrid vuelve a situarse en el epicentro del turismo mundial con la celebraci\u00f3n de la Feria Internacional del Turismo (FITUR), organizada por IFEMA MADRID del 21 al 25 de enero de 2026. En su 46\u00aa edici\u00f3n, FITUR se consolida como la plataforma global del sector y se define por su apuesta por el conocimiento y el fortalecimiento de su dimensi\u00f3n internacional.<\/div><\/p>\n\n\n\n<p>Entre las novedades de 2026 destaca la participaci\u00f3n de M\u00e9xico como Pa\u00eds Socio, que realizar\u00e1 un espectacular despliegue en la Feria en un contexto de crecimiento tur\u00edstico en el pa\u00eds, del 13.9% de enero a septiembre de 2025, seg\u00fan datos de Sectur, y con el objetivo de escalar del sexto al quinto pa\u00eds m\u00e1s visitado del mundo.<\/p>\n\n\n\n<p>Miguel Agu\u00ed\u00f1iga Rodr\u00edguez, titular de la Unidad de Innovaci\u00f3n, Sustentabilidad y Profesionalizaci\u00f3n Tur\u00edstica de la Secretar\u00eda de Turismo de M\u00e9xico, ha puesto el acento en que \u201cesta delegaci\u00f3n de m\u00e1s de 800 mexicanos no es solo un n\u00famero r\u00e9cord; es el reflejo del alma unida de M\u00e9xico, que llega a Madrid para mostrar al mundo su inmensa riqueza y su inigualable potencial tur\u00edstico\u201d.<\/p>\n\n\n\n<p>La destacada acogida del sector a FITUR 2026 apunta a una elevada afluencia de visitantes, con previsiones que superan los 250,000 profesionales y viajeros. Esta previsi\u00f3n, junto con los datos de participaci\u00f3n de empresas y destinos, son reflejo del dinamismo que FITUR causa en la regi\u00f3n de Madrid, con un impacto econ\u00f3mico que, en la edici\u00f3n anterior, alcanz\u00f3 los 487 millones de euros.<\/p>\n\n\n\n<p>FITUR 2026 contar\u00e1 9 pabellones, 10.000 empresas representadas de 161 pa\u00edses, 111 de ellos con representaci\u00f3n oficial -10 m\u00e1s que en la pasada edici\u00f3n- y 967 expositores titulares.<\/p>\n\n\n\n<p>Se incorporan 18 pa\u00edses a FITUR 2026, procedentes sobre todo de \u00c1frica y Asia-Pac\u00edfico, regiones que, seg\u00fan ONU Turismo, lideraron el crecimiento mundial con +10% y +8% en llegadas, respectivamente, e incrementos en FITUR del 34% y 22% de superficie expositiva. Entre los nuevos destinos participantes, se encuentran Abu Dabi, Dub\u00e1i, Zanz\u00edbar y regiones de Alemania y Reino Unido, entre otros.<\/p>\n\n\n\n<p>Jos\u00e9 Vicente de los Mozos, presidente del Comit\u00e9 Ejecutivo de IFEMA MADRID, ha afirmado que \u201cestas cifras reafirman el papel de FITUR como el punto de encuentro de referencia del mercado global del turismo, reflejando la fortaleza y madurez de una industria en expansi\u00f3n. Madrid vuelve a ser el epicentro del di\u00e1logo global del turismo, proyectando la capacidad de Espa\u00f1a para liderar la atracci\u00f3n de viajeros y para generar tendencias y oportunidades que impulsan el turismo del futuro a escala mundial\u201d.<\/p>\n\n\n\n<p>Los datos de FITUR 2026 confirman el excelente momento del sector tur\u00edstico. \u201cCon M\u00e9xico como Pa\u00eds Invitado y Espa\u00f1a como anfitri\u00f3n y sede de ONU Turismo, FITUR se consolida como un punto de encuentro internacional para definir el rumbo del turismo en una etapa de crecimiento sostenido. Los m\u00e1s de 1.100 millones de viajes registrados hasta septiembre y el aumento del 5\u202f% en llegadas durante 2025 reflejan la solidez de un sector llamado a generar empleo, impulsar la innovaci\u00f3n y contribuir de manera directa al bienestar social y al desarrollo sostenible de las comunidades\u201d, ha destacado la secretaria general de ONU Turismo, Shaikha Al Nowais.<\/p>\n\n\n\n<p>Por su parte, y en clave Espa\u00f1a, la secretaria de Estado de Turismo, Rosario S\u00e1nchez, ha puesto de relieve que \u201cesta edici\u00f3n de FITUR es el mejor escaparate para que Espa\u00f1a muestre su liderazgo internacional en turismo, que no se sostiene \u00fanicamente en su gran n\u00famero de visitantes y su gran atractivo cultural y natural, sino tambi\u00e9n por la gran capacidad de gesti\u00f3n e innovaci\u00f3n de su sector tur\u00edstico. Espa\u00f1a est\u00e1 impulsando un proceso de transformaci\u00f3n global hacia un modelo tur\u00edstico que asegure su futuro a trav\u00e9s de la sostenibilidad econ\u00f3mica, social y ambiental, para mantenerse as\u00ed como un motor de desarrollo econ\u00f3mico responsable y redistributivo, que siga generando oportunidades y bienestar a la sociedad y a la ciudadan\u00eda\u201d.<\/p>\n\n\n\n<p>El Pabell\u00f3n del Conocimiento, FITUR Experience y MICE Summit, novedades clave<br>En este contexto de fortaleza de la industria, FITUR 2026 anuncia grandes novedades con la vocaci\u00f3n de que no solo sea la mayor feria del turismo por participantes y visitantes, sino que sea el gran foro mundial donde se debate el futuro del sector.<\/p>\n\n\n\n<p>As\u00ed, se inaugura el Pabell\u00f3n del Conocimiento, ubicado en el Pabell\u00f3n 12 y abierto las jornadas profesionales \u2014de mi\u00e9rcoles a viernes\u2014. Un espacio concebido como centro estrat\u00e9gico del conocimiento tur\u00edstico, con 8 auditorios, 10 programas de conferencias, m\u00e1s de 200 sesiones y m\u00e1s de 250 ponentes de primer nivel.<\/p>\n\n\n\n<p>Adem\u00e1s, el Pabell\u00f3n del Conocimiento acoger\u00e1 m\u00e1s novedades clave de la 46\u00aa edici\u00f3n: la nueva secci\u00f3n FITUR Experience, que pondr\u00e1 el foco en c\u00f3mo el turismo de experiencias se ha consolidado como una de las din\u00e1micas m\u00e1s transformadoras del sector; y la I Cumbre Internacional de Comunicaci\u00f3n y Turismo, que abordar\u00e1 los retos de la comunicaci\u00f3n tur\u00edstica junto a expertos en verificaci\u00f3n informativa y l\u00edderes del sector p\u00fablico y privado. Destaca asimismo en este Pabell\u00f3n el \u00e1rea de Travel Technology, que duplica su superficie y re\u00fane a m\u00e1s de 190 empresas l\u00edderes en la digitalizaci\u00f3n de toda la cadena de valor de la industria tur\u00edstica.<\/p>\n\n\n\n<p>En este sentido, Marco Sansavini, presidente del Comit\u00e9 Organizador de FITUR e Iberia, ha destacado que \u201cFITUR no es \u00fanicamente una feria. FITUR es, desde hace d\u00e9cadas, la gran plataforma global de negocio del sector tur\u00edstico, el lugar donde se generan oportunidades, se fortalecen lazos estrat\u00e9gicos y se definen las prioridades de una industria clave para el desarrollo econ\u00f3mico y social de Espa\u00f1a, y de todos los pa\u00edses que participan\u201d.<\/p>\n\n\n\n<p>La Comunidad de Madrid se presenta como un \u201caliado s\u00f3lido\u201d para el sector tur\u00edstico en la 46\u00aa edici\u00f3n de FITUR. As\u00ed lo ha manifestado hoy el consejero de Cultura, Turismo y Deporte, Mariano de Paco, que ha puesto de manifiesto que el Gobierno regional \u201ccree en el sector tur\u00edstico, lo respalda con pol\u00edticas p\u00fablicas y entiende que, cuando funciona, toda la regi\u00f3n gana\u201d. <\/p>\n\n\n\n<p>Por ello, \u201ccontin\u00faa trabajando con una estrategia que act\u00faa como hoja de ruta que ofrece seguridad, estabilidad y visi\u00f3n a largo plazo para el sector y llega a FITUR 2026 con una situaci\u00f3n de r\u00e9cord hist\u00f3rico al alcanzar ya el 8,7% del PIB regional con impacto fiscal que alcanza casi 10.000 millones de euros en ingresos fiscales, una cifra que constituye un pilar fundamental para la financiaci\u00f3n de los servicios p\u00fablicos de la regi\u00f3n\u201d.<\/p>\n\n\n\n<p>La concejal delegada de Turismo del Ayuntamiento de Madrid, Almudena Ma\u00edllo, ha destacado que &#8220;con esta nueva edici\u00f3n, FITUR abre un 2026 muy apasionante para el turismo de Madrid. &#8220;FITUR consolida a la ciudad como la capital del turismo, en la que se piensa y se dise\u00f1a el futuro del sector de una manera responsable\u201d. En este sentido, Ma\u00edllo ha subrayado que \u201cla incorporaci\u00f3n del nuevo Pabell\u00f3n del Conocimiento refuerza el liderazgo de Madrid como centro de las tendencias, la innovaci\u00f3n y la inteligencia en destino\u201d.<\/p>\n\n\n\n<p>Sostenibilidad y diversificaci\u00f3n en las once secciones de FITUR 2026<br>Un a\u00f1o m\u00e1s, FITUR 2026 volver\u00e1 a conectar a la industria tur\u00edstica con otras actividades, as\u00ed como a abordar los retos sectoriales en sus 11 secciones<\/p>\n\n\n\n<ul>\n<li>FITUR 4all, en el pabell\u00f3n 10.<\/li>\n\n\n\n<li>FITUR Cruises, en el pabell\u00f3n 4.<\/li>\n\n\n\n<li>FITUR Experience, en el pabell\u00f3n 12.<\/li>\n\n\n\n<li>FITUR Know-How &amp; Export, en el pabell\u00f3n 12.<\/li>\n\n\n\n<li>FITUR LGTB+, en el pabell\u00f3n 9.<\/li>\n\n\n\n<li>FITUR Lingua, en el pabell\u00f3n 10.<\/li>\n\n\n\n<li>FITUR Screen, en el pabell\u00f3n 10.<\/li>\n\n\n\n<li>FITUR Sports, en el pabell\u00f3n 12.<\/li>\n\n\n\n<li>FITUR Talent, en el pabell\u00f3n 12.<\/li>\n\n\n\n<li>FITUR TechY, en el pabell\u00f3n 12.<\/li>\n\n\n\n<li>FITUR Woman, en el pabell\u00f3n 10.<\/li>\n\n\n\n<li>Observatorio de Sostenibilidad, FITURNEXT, en el pabell\u00f3n 12.<\/li>\n<\/ul>\n\n\n\n<p>Fast track sureste y acceso en transporte p\u00fablico<br>FITUR 2026 habilita un fast track por la entrada Sureste, entre el Pabell\u00f3n 4 y el Pabell\u00f3n del Conocimiento, con el objetivo de facilitar el acceso de expositores y visitantes profesionales.<\/p>\n\n\n\n<p>Se recomienda la asistencia mediante transporte p\u00fablico, preferiblemente en Metro de Madrid que refuerza casi un 70% el servicio de la L\u00ednea 8, con el objetivo de evitar atascos. En estos meses, IFEMA MADRID est\u00e1 llevando a cabo obras de mejora y adecuaci\u00f3n en su Recinto Ferial, lo que compromete un 30% de las plazas de aparcamiento disponibles.<\/p>\n\n\n\n<p>Durante el fin de semana, el s\u00e1bado 24 y domingo 25, FITUR se convertir\u00e1 en la gran fiesta del turismo para el viajero final, con una completa agenda de actividades, catas, talleres y concursos organizadas por los expositores y permitiendo acceder de forma directa a la informaci\u00f3n de los destinos.<\/p>\n\n\n\n<p>Entre todo el despliegue, el visitante no puede perderse la r\u00e9plica del Gran Museo Egipcio recientemente inaugurado en el Cairo que va a realizar Turismo de Egipto, as\u00ed como la Quedada de Viajeros de Minube o los free tour por FITUR de la mano de Civitatis.<\/p>\n\n\n\n<p>Finalmente, cabe destacar el patrocinio de Puerto Rico de la red WiFi gratuita de FITUR.<\/p>\n\n\n\n<p>Tambi\u00e9n en el \u00e1mbito de la conectividad, eSimFLAG, el servicio de eSIM internacional Telef\u00f3nica, ser\u00e1 uno de los grandes facilitadores de la experiencia FITUR. Gracias a esta soluci\u00f3n, los visitantes que viajen a Madrid podr\u00e1n disfrutar de 3 d\u00edas gratuitos de datos ilimitados en Espa\u00f1a, disponibles hasta el 25 de enero, garantizando conectividad total y sin l\u00edmites desde el momento de su llegada a la ciudad sin necesidad de tarjetas f\u00edsicas. (<a href=\"https:\/\/nitu.mx\/index.php\/2025\/09\/24\/concluye-secretaria-de-turismo-gira-de-promocion-y-sesiones-preparatorias-para-fitur-2026\/\">Concluye secretaria de Turismo gira de promoci\u00f3n y sesiones preparatorias para Fitur 2026<\/a>).<\/p>\n","protected":false},"excerpt":{"rendered":"<p>Madrid vuelve a situarse en el epicentro del turismo mundial con la celebraci\u00f3n de la Feria Internacional del Turismo (FITUR), organizada por IFEMA MADRID del 21 al 25 de enero de 2026. En su 46\u00aa edici\u00f3n, FITUR se consolida como la plataforma global del sector y se define por su apuesta por el conocimiento y [&hellip;]<\/p>\n","protected":false},"author":17,"featured_media":85600,"comment_status":"closed","ping_status":"closed","sticky":false,"template":"","format":"standard","meta":{"footnotes":""},"categories":[24423],"tags":[7621,126,25137,24717,93,27460],"yoast_head":"<!-- This site is optimized with the Yoast SEO plugin v22.2 - https:\/\/yoast.com\/wordpress\/plugins\/seo\/ -->\n<title>M\u00e9xico brillar\u00e1 en FITUR 2026 como Pa\u00eds Socio ante m\u00e1s de 250 mil asistentes - Nitu - Noticias de la Industria Turistica<\/title>\n<meta name=\"robots\" content=\"index, follow, max-snippet:-1, max-image-preview:large, max-video-preview:-1\" \/>\n<link rel=\"canonical\" href=\"https:\/\/nitu.mx\/index.php\/2026\/01\/13\/mexico-brillara-en-fitur-2026-como-pais-socio-ante-mas-de-250-mil-asistentes\/\" \/>\n<meta name=\"twitter:card\" content=\"summary_large_image\" \/>\n<meta name=\"twitter:title\" content=\"M\u00e9xico brillar\u00e1 en FITUR 2026 como Pa\u00eds Socio ante m\u00e1s de 250 mil asistentes - Nitu - Noticias de la Industria Turistica\" \/>\n<meta name=\"twitter:description\" content=\"Madrid vuelve a situarse en el epicentro del turismo mundial con la celebraci\u00f3n de la Feria Internacional del Turismo (FITUR), organizada por IFEMA MADRID del 21 al 25 de enero de 2026. En su 46\u00aa edici\u00f3n, FITUR se consolida como la plataforma global del sector y se define por su apuesta por el conocimiento y [&hellip;]\" \/>\n<meta name=\"twitter:image\" content=\"https:\/\/nitu.mx\/wp-content\/uploads\/2026\/01\/Fitur-2026-anuncio-previo-Mexico-Pais-Socio.jpg\" \/>\n<meta name=\"twitter:creator\" content=\"@NITUmx\" \/>\n<meta name=\"twitter:site\" content=\"@Arturo_Medina_G\" \/>\n<meta name=\"twitter:label1\" content=\"Escrito por\" \/>\n\t<meta name=\"twitter:data1\" content=\"Redacci\u00f3n\" \/>\n\t<meta name=\"twitter:label2\" content=\"Tiempo de lectura\" \/>\n\t<meta name=\"twitter:data2\" content=\"8 minutos\" \/>\n<script type=\"application\/ld+json\" class=\"yoast-schema-graph\">{\"@context\":\"https:\/\/schema.org\",\"@graph\":[{\"@type\":\"Article\",\"@id\":\"https:\/\/nitu.mx\/index.php\/2026\/01\/13\/mexico-brillara-en-fitur-2026-como-pais-socio-ante-mas-de-250-mil-asistentes\/#article\",\"isPartOf\":{\"@id\":\"https:\/\/nitu.mx\/index.php\/2026\/01\/13\/mexico-brillara-en-fitur-2026-como-pais-socio-ante-mas-de-250-mil-asistentes\/\"},\"author\":{\"name\":\"Redacci\u00f3n\",\"@id\":\"https:\/\/nitu.mx\/#\/schema\/person\/4a28fe9bd65924f7c90623773daf1b0b\"},\"headline\":\"M\u00e9xico brillar\u00e1 en FITUR 2026 como Pa\u00eds Socio ante m\u00e1s de 250 mil asistentes\",\"datePublished\":\"2026-01-14T04:50:30+00:00\",\"dateModified\":\"2026-01-14T04:50:31+00:00\",\"mainEntityOfPage\":{\"@id\":\"https:\/\/nitu.mx\/index.php\/2026\/01\/13\/mexico-brillara-en-fitur-2026-como-pais-socio-ante-mas-de-250-mil-asistentes\/\"},\"wordCount\":1649,\"publisher\":{\"@id\":\"https:\/\/nitu.mx\/#\/schema\/person\/ae7a53426417292d3dd07b45a33e01bc\"},\"image\":{\"@id\":\"https:\/\/nitu.mx\/index.php\/2026\/01\/13\/mexico-brillara-en-fitur-2026-como-pais-socio-ante-mas-de-250-mil-asistentes\/#primaryimage\"},\"thumbnailUrl\":\"https:\/\/nitu.mx\/wp-content\/uploads\/2026\/01\/Fitur-2026-anuncio-previo-Mexico-Pais-Socio.jpg\",\"keywords\":[\"Ifema\",\"Madrid\",\"Miguel Agu\u00ed\u00f1iga\",\"ONU Turismo\",\"Sectur\",\"Shaikha Nasser Al Nowais\"],\"articleSection\":[\"FITUR\"],\"inLanguage\":\"es-MX\"},{\"@type\":\"WebPage\",\"@id\":\"https:\/\/nitu.mx\/index.php\/2026\/01\/13\/mexico-brillara-en-fitur-2026-como-pais-socio-ante-mas-de-250-mil-asistentes\/\",\"url\":\"https:\/\/nitu.mx\/index.php\/2026\/01\/13\/mexico-brillara-en-fitur-2026-como-pais-socio-ante-mas-de-250-mil-asistentes\/\",\"name\":\"M\u00e9xico brillar\u00e1 en FITUR 2026 como Pa\u00eds Socio ante m\u00e1s de 250 mil asistentes - Nitu - Noticias de la Industria Turistica\",\"isPartOf\":{\"@id\":\"https:\/\/nitu.mx\/#website\"},\"primaryImageOfPage\":{\"@id\":\"https:\/\/nitu.mx\/index.php\/2026\/01\/13\/mexico-brillara-en-fitur-2026-como-pais-socio-ante-mas-de-250-mil-asistentes\/#primaryimage\"},\"image\":{\"@id\":\"https:\/\/nitu.mx\/index.php\/2026\/01\/13\/mexico-brillara-en-fitur-2026-como-pais-socio-ante-mas-de-250-mil-asistentes\/#primaryimage\"},\"thumbnailUrl\":\"https:\/\/nitu.mx\/wp-content\/uploads\/2026\/01\/Fitur-2026-anuncio-previo-Mexico-Pais-Socio.jpg\",\"datePublished\":\"2026-01-14T04:50:30+00:00\",\"dateModified\":\"2026-01-14T04:50:31+00:00\",\"breadcrumb\":{\"@id\":\"https:\/\/nitu.mx\/index.php\/2026\/01\/13\/mexico-brillara-en-fitur-2026-como-pais-socio-ante-mas-de-250-mil-asistentes\/#breadcrumb\"},\"inLanguage\":\"es-MX\",\"potentialAction\":[{\"@type\":\"ReadAction\",\"target\":[\"https:\/\/nitu.mx\/index.php\/2026\/01\/13\/mexico-brillara-en-fitur-2026-como-pais-socio-ante-mas-de-250-mil-asistentes\/\"]}]},{\"@type\":\"ImageObject\",\"inLanguage\":\"es-MX\",\"@id\":\"https:\/\/nitu.mx\/index.php\/2026\/01\/13\/mexico-brillara-en-fitur-2026-como-pais-socio-ante-mas-de-250-mil-asistentes\/#primaryimage\",\"url\":\"https:\/\/nitu.mx\/wp-content\/uploads\/2026\/01\/Fitur-2026-anuncio-previo-Mexico-Pais-Socio.jpg\",\"contentUrl\":\"https:\/\/nitu.mx\/wp-content\/uploads\/2026\/01\/Fitur-2026-anuncio-previo-Mexico-Pais-Socio.jpg\",\"width\":1200,\"height\":675,\"caption\":\"Fitur 2026 anuncio previo M\u00e9xico Pa\u00eds Socio\"},{\"@type\":\"BreadcrumbList\",\"@id\":\"https:\/\/nitu.mx\/index.php\/2026\/01\/13\/mexico-brillara-en-fitur-2026-como-pais-socio-ante-mas-de-250-mil-asistentes\/#breadcrumb\",\"itemListElement\":[{\"@type\":\"ListItem\",\"position\":1,\"name\":\"Inicio\",\"item\":\"https:\/\/nitu.mx\/\"},{\"@type\":\"ListItem\",\"position\":2,\"name\":\"M\u00e9xico brillar\u00e1 en FITUR 2026 como Pa\u00eds Socio ante m\u00e1s de 250 mil asistentes\"}]},{\"@type\":\"WebSite\",\"@id\":\"https:\/\/nitu.mx\/#website\",\"url\":\"https:\/\/nitu.mx\/\",\"name\":\"Nitu - Noticias de la Industria Turistica\",\"description\":\"Noticias de la Industria Turistica\",\"publisher\":{\"@id\":\"https:\/\/nitu.mx\/#\/schema\/person\/ae7a53426417292d3dd07b45a33e01bc\"},\"alternateName\":\"Noticias de la Industria Turistica\",\"potentialAction\":[{\"@type\":\"SearchAction\",\"target\":{\"@type\":\"EntryPoint\",\"urlTemplate\":\"https:\/\/nitu.mx\/?s={search_term_string}\"},\"query-input\":\"required name=search_term_string\"}],\"inLanguage\":\"es-MX\"},{\"@type\":[\"Person\",\"Organization\"],\"@id\":\"https:\/\/nitu.mx\/#\/schema\/person\/ae7a53426417292d3dd07b45a33e01bc\",\"name\":\"Arturo Medina\",\"image\":{\"@type\":\"ImageObject\",\"inLanguage\":\"es-MX\",\"@id\":\"https:\/\/nitu.mx\/#\/schema\/person\/image\/\",\"url\":\"https:\/\/nitu.mx\/wp-content\/uploads\/2024\/04\/4A315622-1904-4D5C-B022-878CDC840E04-90x90-1.jpeg\",\"contentUrl\":\"https:\/\/nitu.mx\/wp-content\/uploads\/2024\/04\/4A315622-1904-4D5C-B022-878CDC840E04-90x90-1.jpeg\",\"width\":90,\"height\":90,\"caption\":\"Arturo Medina\"},\"logo\":{\"@id\":\"https:\/\/nitu.mx\/#\/schema\/person\/image\/\"},\"description\":\"Director NITU.mx, Egresado de la Escuela de Periodismo Carlos Septi\u00e9n Garc\u00eda. Periodista y analista especializado en turismo desde hace 35 a\u00f1os, radicado en Canc\u00fan Q.Roo. arturo@nitu.mx\",\"sameAs\":[\"https:\/\/nitu.mx\",\"https:\/\/www.facebook.com\/NITUmx\/\",\"medinacancun\",\"https:\/\/twitter.com\/@Arturo_Medina_G\"]},{\"@type\":\"Person\",\"@id\":\"https:\/\/nitu.mx\/#\/schema\/person\/4a28fe9bd65924f7c90623773daf1b0b\",\"name\":\"Redacci\u00f3n\",\"image\":{\"@type\":\"ImageObject\",\"inLanguage\":\"es-MX\",\"@id\":\"https:\/\/nitu.mx\/#\/schema\/person\/image\/\",\"url\":\"https:\/\/secure.gravatar.com\/avatar\/5dd011c8ccfc5cd7e4c81e42252aab38?s=96&d=mm&r=g\",\"contentUrl\":\"https:\/\/secure.gravatar.com\/avatar\/5dd011c8ccfc5cd7e4c81e42252aab38?s=96&d=mm&r=g\",\"caption\":\"Redacci\u00f3n\"},\"url\":\"https:\/\/nitu.mx\/index.php\/author\/redaccion\/\"}]}<\/script>\n<!-- \/ Yoast SEO plugin. -->","yoast_head_json":{"title":"M\u00e9xico brillar\u00e1 en FITUR 2026 como Pa\u00eds Socio ante m\u00e1s de 250 mil asistentes - Nitu - Noticias de la Industria Turistica","robots":{"index":"index","follow":"follow","max-snippet":"max-snippet:-1","max-image-preview":"max-image-preview:large","max-video-preview":"max-video-preview:-1"},"canonical":"https:\/\/nitu.mx\/index.php\/2026\/01\/13\/mexico-brillara-en-fitur-2026-como-pais-socio-ante-mas-de-250-mil-asistentes\/","twitter_card":"summary_large_image","twitter_title":"M\u00e9xico brillar\u00e1 en FITUR 2026 como Pa\u00eds Socio ante m\u00e1s de 250 mil asistentes - Nitu - Noticias de la Industria Turistica","twitter_description":"Madrid vuelve a situarse en el epicentro del turismo mundial con la celebraci\u00f3n de la Feria Internacional del Turismo (FITUR), organizada por IFEMA MADRID del 21 al 25 de enero de 2026. En su 46\u00aa edici\u00f3n, FITUR se consolida como la plataforma global del sector y se define por su apuesta por el conocimiento y [&hellip;]","twitter_image":"https:\/\/nitu.mx\/wp-content\/uploads\/2026\/01\/Fitur-2026-anuncio-previo-Mexico-Pais-Socio.jpg","twitter_creator":"@NITUmx","twitter_site":"@Arturo_Medina_G","twitter_misc":{"Escrito por":"Redacci\u00f3n","Tiempo de lectura":"8 minutos"},"schema":{"@context":"https:\/\/schema.org","@graph":[{"@type":"Article","@id":"https:\/\/nitu.mx\/index.php\/2026\/01\/13\/mexico-brillara-en-fitur-2026-como-pais-socio-ante-mas-de-250-mil-asistentes\/#article","isPartOf":{"@id":"https:\/\/nitu.mx\/index.php\/2026\/01\/13\/mexico-brillara-en-fitur-2026-como-pais-socio-ante-mas-de-250-mil-asistentes\/"},"author":{"name":"Redacci\u00f3n","@id":"https:\/\/nitu.mx\/#\/schema\/person\/4a28fe9bd65924f7c90623773daf1b0b"},"headline":"M\u00e9xico brillar\u00e1 en FITUR 2026 como Pa\u00eds Socio ante m\u00e1s de 250 mil asistentes","datePublished":"2026-01-14T04:50:30+00:00","dateModified":"2026-01-14T04:50:31+00:00","mainEntityOfPage":{"@id":"https:\/\/nitu.mx\/index.php\/2026\/01\/13\/mexico-brillara-en-fitur-2026-como-pais-socio-ante-mas-de-250-mil-asistentes\/"},"wordCount":1649,"publisher":{"@id":"https:\/\/nitu.mx\/#\/schema\/person\/ae7a53426417292d3dd07b45a33e01bc"},"image":{"@id":"https:\/\/nitu.mx\/index.php\/2026\/01\/13\/mexico-brillara-en-fitur-2026-como-pais-socio-ante-mas-de-250-mil-asistentes\/#primaryimage"},"thumbnailUrl":"https:\/\/nitu.mx\/wp-content\/uploads\/2026\/01\/Fitur-2026-anuncio-previo-Mexico-Pais-Socio.jpg","keywords":["Ifema","Madrid","Miguel Agu\u00ed\u00f1iga","ONU Turismo","Sectur","Shaikha Nasser Al Nowais"],"articleSection":["FITUR"],"inLanguage":"es-MX"},{"@type":"WebPage","@id":"https:\/\/nitu.mx\/index.php\/2026\/01\/13\/mexico-brillara-en-fitur-2026-como-pais-socio-ante-mas-de-250-mil-asistentes\/","url":"https:\/\/nitu.mx\/index.php\/2026\/01\/13\/mexico-brillara-en-fitur-2026-como-pais-socio-ante-mas-de-250-mil-asistentes\/","name":"M\u00e9xico brillar\u00e1 en FITUR 2026 como Pa\u00eds Socio ante m\u00e1s de 250 mil asistentes - Nitu - Noticias de la Industria Turistica","isPartOf":{"@id":"https:\/\/nitu.mx\/#website"},"primaryImageOfPage":{"@id":"https:\/\/nitu.mx\/index.php\/2026\/01\/13\/mexico-brillara-en-fitur-2026-como-pais-socio-ante-mas-de-250-mil-asistentes\/#primaryimage"},"image":{"@id":"https:\/\/nitu.mx\/index.php\/2026\/01\/13\/mexico-brillara-en-fitur-2026-como-pais-socio-ante-mas-de-250-mil-asistentes\/#primaryimage"},"thumbnailUrl":"https:\/\/nitu.mx\/wp-content\/uploads\/2026\/01\/Fitur-2026-anuncio-previo-Mexico-Pais-Socio.jpg","datePublished":"2026-01-14T04:50:30+00:00","dateModified":"2026-01-14T04:50:31+00:00","breadcrumb":{"@id":"https:\/\/nitu.mx\/index.php\/2026\/01\/13\/mexico-brillara-en-fitur-2026-como-pais-socio-ante-mas-de-250-mil-asistentes\/#breadcrumb"},"inLanguage":"es-MX","potentialAction":[{"@type":"ReadAction","target":["https:\/\/nitu.mx\/index.php\/2026\/01\/13\/mexico-brillara-en-fitur-2026-como-pais-socio-ante-mas-de-250-mil-asistentes\/"]}]},{"@type":"ImageObject","inLanguage":"es-MX","@id":"https:\/\/nitu.mx\/index.php\/2026\/01\/13\/mexico-brillara-en-fitur-2026-como-pais-socio-ante-mas-de-250-mil-asistentes\/#primaryimage","url":"https:\/\/nitu.mx\/wp-content\/uploads\/2026\/01\/Fitur-2026-anuncio-previo-Mexico-Pais-Socio.jpg","contentUrl":"https:\/\/nitu.mx\/wp-content\/uploads\/2026\/01\/Fitur-2026-anuncio-previo-Mexico-Pais-Socio.jpg","width":1200,"height":675,"caption":"Fitur 2026 anuncio previo M\u00e9xico Pa\u00eds Socio"},{"@type":"BreadcrumbList","@id":"https:\/\/nitu.mx\/index.php\/2026\/01\/13\/mexico-brillara-en-fitur-2026-como-pais-socio-ante-mas-de-250-mil-asistentes\/#breadcrumb","itemListElement":[{"@type":"ListItem","position":1,"name":"Inicio","item":"https:\/\/nitu.mx\/"},{"@type":"ListItem","position":2,"name":"M\u00e9xico brillar\u00e1 en FITUR 2026 como Pa\u00eds Socio ante m\u00e1s de 250 mil asistentes"}]},{"@type":"WebSite","@id":"https:\/\/nitu.mx\/#website","url":"https:\/\/nitu.mx\/","name":"Nitu - Noticias de la Industria Turistica","description":"Noticias de la Industria Turistica","publisher":{"@id":"https:\/\/nitu.mx\/#\/schema\/person\/ae7a53426417292d3dd07b45a33e01bc"},"alternateName":"Noticias de la Industria Turistica","potentialAction":[{"@type":"SearchAction","target":{"@type":"EntryPoint","urlTemplate":"https:\/\/nitu.mx\/?s={search_term_string}"},"query-input":"required name=search_term_string"}],"inLanguage":"es-MX"},{"@type":["Person","Organization"],"@id":"https:\/\/nitu.mx\/#\/schema\/person\/ae7a53426417292d3dd07b45a33e01bc","name":"Arturo Medina","image":{"@type":"ImageObject","inLanguage":"es-MX","@id":"https:\/\/nitu.mx\/#\/schema\/person\/image\/","url":"https:\/\/nitu.mx\/wp-content\/uploads\/2024\/04\/4A315622-1904-4D5C-B022-878CDC840E04-90x90-1.jpeg","contentUrl":"https:\/\/nitu.mx\/wp-content\/uploads\/2024\/04\/4A315622-1904-4D5C-B022-878CDC840E04-90x90-1.jpeg","width":90,"height":90,"caption":"Arturo Medina"},"logo":{"@id":"https:\/\/nitu.mx\/#\/schema\/person\/image\/"},"description":"Director NITU.mx, Egresado de la Escuela de Periodismo Carlos Septi\u00e9n Garc\u00eda. Periodista y analista especializado en turismo desde hace 35 a\u00f1os, radicado en Canc\u00fan Q.Roo. arturo@nitu.mx","sameAs":["https:\/\/nitu.mx","https:\/\/www.facebook.com\/NITUmx\/","medinacancun","https:\/\/twitter.com\/@Arturo_Medina_G"]},{"@type":"Person","@id":"https:\/\/nitu.mx\/#\/schema\/person\/4a28fe9bd65924f7c90623773daf1b0b","name":"Redacci\u00f3n","image":{"@type":"ImageObject","inLanguage":"es-MX","@id":"https:\/\/nitu.mx\/#\/schema\/person\/image\/","url":"https:\/\/secure.gravatar.com\/avatar\/5dd011c8ccfc5cd7e4c81e42252aab38?s=96&d=mm&r=g","contentUrl":"https:\/\/secure.gravatar.com\/avatar\/5dd011c8ccfc5cd7e4c81e42252aab38?s=96&d=mm&r=g","caption":"Redacci\u00f3n"},"url":"https:\/\/nitu.mx\/index.php\/author\/redaccion\/"}]}},"views":550,"_links":{"self":[{"href":"https:\/\/nitu.mx\/index.php\/wp-json\/wp\/v2\/posts\/85591"}],"collection":[{"href":"https:\/\/nitu.mx\/index.php\/wp-json\/wp\/v2\/posts"}],"about":[{"href":"https:\/\/nitu.mx\/index.php\/wp-json\/wp\/v2\/types\/post"}],"author":[{"embeddable":true,"href":"https:\/\/nitu.mx\/index.php\/wp-json\/wp\/v2\/users\/17"}],"replies":[{"embeddable":true,"href":"https:\/\/nitu.mx\/index.php\/wp-json\/wp\/v2\/comments?post=85591"}],"version-history":[{"count":2,"href":"https:\/\/nitu.mx\/index.php\/wp-json\/wp\/v2\/posts\/85591\/revisions"}],"predecessor-version":[{"id":85599,"href":"https:\/\/nitu.mx\/index.php\/wp-json\/wp\/v2\/posts\/85591\/revisions\/85599"}],"wp:featuredmedia":[{"embeddable":true,"href":"https:\/\/nitu.mx\/index.php\/wp-json\/wp\/v2\/media\/85600"}],"wp:attachment":[{"href":"https:\/\/nitu.mx\/index.php\/wp-json\/wp\/v2\/media?parent=85591"}],"wp:term":[{"taxonomy":"category","embeddable":true,"href":"https:\/\/nitu.mx\/index.php\/wp-json\/wp\/v2\/categories?post=85591"},{"taxonomy":"post_tag","embeddable":true,"href":"https:\/\/nitu.mx\/index.php\/wp-json\/wp\/v2\/tags?post=85591"}],"curies":[{"name":"wp","href":"https:\/\/api.w.org\/{rel}","templated":true}]}}