{"id":8559,"date":"2017-04-09T23:00:47","date_gmt":"2017-04-10T04:00:47","guid":{"rendered":"http:\/\/www.dev.nitu.mx\/?p=8559"},"modified":"2017-04-10T00:12:22","modified_gmt":"2017-04-10T05:12:22","slug":"industria-de-reuniones-se-congrego-para-analizar-el-sector","status":"publish","type":"post","link":"https:\/\/nitu.mx\/index.php\/2017\/04\/09\/industria-de-reuniones-se-congrego-para-analizar-el-sector\/","title":{"rendered":"Impulsan el programa \u201cembajadores\u201d dentro del sector de reuniones"},"content":{"rendered":"<p>Los profesionales en la industria de reuniones celebraron el D\u00eda Global de la Industria de Reuniones, analizando algunos temas clave para esta actividad.<\/p>\n<p>Roberto Ibarra, presidente del Consejo Mexicano de la Industria de Reuniones, ha impulsado algunos temas que son clave para el futuro inmediato.<\/p>\n<p>Entre ellos, la conformaci\u00f3n del Comit\u00e9 de Postulaciones que, con el apoyo del Consejo de Promoci\u00f3n Tur\u00edstica de M\u00e9xico (CPTM) que dirige Lourdes Berho, ya est\u00e1 saliendo a atraer m\u00e1s congresos en los mercados internacionales.<\/p>\n<p>Mientras que Eduardo Cha\u00edllo, el especialista m\u00e1s reconocido en este tema, est\u00e1 impulsando un programa de \u201cembajadores\u201d dentro de sectores clave, altamente rentables, se\u00f1ala Dinero en Imagen.<\/p>\n<p>De acuerdo con los especialistas, este nicho podr\u00eda verse beneficiado en nuestro pa\u00eds adem\u00e1s, por las pol\u00edticas del presidente de Estados Unidos, como se se\u00f1al\u00f3 en <em><strong>NITU.mx<\/strong><\/em>. (<a title=\"Turismo de reuniones beneficiado con acciones de Trump: Fernando Compe\u00e1n\" href=\"http:\/\/www.dev.nitu.mx\/index.php\/2017\/03\/22\/turismo-de-reuniones-beneficiado-con-acciones-de-trump-fernando-compean\/\" rel=\"bookmark\">Turismo de reuniones beneficiado con acciones de Trump: Fernando Compe\u00e1n<\/a>).<\/p>\n","protected":false},"excerpt":{"rendered":"<p>Los profesionales en la industria de reuniones celebraron el D\u00eda Global de la Industria de Reuniones, analizando algunos temas clave para esta actividad. Roberto Ibarra, presidente del Consejo Mexicano de la Industria de Reuniones, ha impulsado algunos temas que son clave para el futuro inmediato. Entre ellos, la conformaci\u00f3n del Comit\u00e9 de Postulaciones que, con [&hellip;]<\/p>\n","protected":false},"author":17,"featured_media":8582,"comment_status":"open","ping_status":"open","sticky":false,"template":"","format":"standard","meta":{"footnotes":""},"categories":[12,6],"tags":[1110,3810,1412,3809,710],"yoast_head":"<!-- This site is optimized with the Yoast SEO plugin v22.2 - https:\/\/yoast.com\/wordpress\/plugins\/seo\/ -->\n<title>Impulsan el programa \u201cembajadores\u201d dentro del sector de reuniones - Nitu - Noticias de la Industria Turistica<\/title>\n<meta name=\"description\" content=\"Este 6 de abril fue el D\u00eda Global de la Industria de Reuniones, y los profesionales de este sector se reunieron para analizar algunos temas del segmento.\" \/>\n<meta name=\"robots\" content=\"index, follow, max-snippet:-1, max-image-preview:large, max-video-preview:-1\" \/>\n<link rel=\"canonical\" href=\"https:\/\/nitu.mx\/index.php\/2017\/04\/09\/industria-de-reuniones-se-congrego-para-analizar-el-sector\/\" \/>\n<meta name=\"twitter:card\" content=\"summary_large_image\" \/>\n<meta name=\"twitter:title\" content=\"Impulsan el programa \u201cembajadores\u201d dentro del sector de reuniones - Nitu - Noticias de la Industria Turistica\" \/>\n<meta name=\"twitter:description\" content=\"Este 6 de abril fue el D\u00eda Global de la Industria de Reuniones, y los profesionales de este sector se reunieron para analizar algunos temas del segmento.\" \/>\n<meta name=\"twitter:image\" content=\"https:\/\/nitu.mx\/wp-content\/uploads\/2017\/04\/turismo-de-reuniones.jpg\" \/>\n<meta name=\"twitter:creator\" content=\"@NITUmx\" \/>\n<meta name=\"twitter:site\" content=\"@Arturo_Medina_G\" \/>\n<meta name=\"twitter:label1\" content=\"Escrito por\" \/>\n\t<meta name=\"twitter:data1\" content=\"Redacci\u00f3n\" \/>\n\t<meta name=\"twitter:label2\" content=\"Tiempo de lectura\" \/>\n\t<meta name=\"twitter:data2\" content=\"1 minuto\" \/>\n<script type=\"application\/ld+json\" class=\"yoast-schema-graph\">{\"@context\":\"https:\/\/schema.org\",\"@graph\":[{\"@type\":\"Article\",\"@id\":\"https:\/\/nitu.mx\/index.php\/2017\/04\/09\/industria-de-reuniones-se-congrego-para-analizar-el-sector\/#article\",\"isPartOf\":{\"@id\":\"https:\/\/nitu.mx\/index.php\/2017\/04\/09\/industria-de-reuniones-se-congrego-para-analizar-el-sector\/\"},\"author\":{\"name\":\"Redacci\u00f3n\",\"@id\":\"https:\/\/nitu.mx\/#\/schema\/person\/4a28fe9bd65924f7c90623773daf1b0b\"},\"headline\":\"Impulsan el programa \u201cembajadores\u201d dentro del sector de reuniones\",\"datePublished\":\"2017-04-10T04:00:47+00:00\",\"dateModified\":\"2017-04-10T05:12:22+00:00\",\"mainEntityOfPage\":{\"@id\":\"https:\/\/nitu.mx\/index.php\/2017\/04\/09\/industria-de-reuniones-se-congrego-para-analizar-el-sector\/\"},\"wordCount\":169,\"commentCount\":0,\"publisher\":{\"@id\":\"https:\/\/nitu.mx\/#\/schema\/person\/ae7a53426417292d3dd07b45a33e01bc\"},\"image\":{\"@id\":\"https:\/\/nitu.mx\/index.php\/2017\/04\/09\/industria-de-reuniones-se-congrego-para-analizar-el-sector\/#primaryimage\"},\"thumbnailUrl\":\"https:\/\/nitu.mx\/wp-content\/uploads\/2017\/04\/turismo-de-reuniones.jpg\",\"keywords\":[\"Consejo de Promoci\u00f3n Tur\u00edstica de M\u00e9xico (CPTM)\",\"Consejo Mexicano de la Industria de Reuniones\",\"Eduardo Cha\u00edllo\",\"Roberto Ibarra\",\"Turismo de reuniones\"],\"articleSection\":[\"Marketing\",\"M\u00e9xico\"],\"inLanguage\":\"es-MX\",\"potentialAction\":[{\"@type\":\"CommentAction\",\"name\":\"Comment\",\"target\":[\"https:\/\/nitu.mx\/index.php\/2017\/04\/09\/industria-de-reuniones-se-congrego-para-analizar-el-sector\/#respond\"]}]},{\"@type\":\"WebPage\",\"@id\":\"https:\/\/nitu.mx\/index.php\/2017\/04\/09\/industria-de-reuniones-se-congrego-para-analizar-el-sector\/\",\"url\":\"https:\/\/nitu.mx\/index.php\/2017\/04\/09\/industria-de-reuniones-se-congrego-para-analizar-el-sector\/\",\"name\":\"Impulsan el programa \u201cembajadores\u201d dentro del sector de reuniones - Nitu - Noticias de la Industria Turistica\",\"isPartOf\":{\"@id\":\"https:\/\/nitu.mx\/#website\"},\"primaryImageOfPage\":{\"@id\":\"https:\/\/nitu.mx\/index.php\/2017\/04\/09\/industria-de-reuniones-se-congrego-para-analizar-el-sector\/#primaryimage\"},\"image\":{\"@id\":\"https:\/\/nitu.mx\/index.php\/2017\/04\/09\/industria-de-reuniones-se-congrego-para-analizar-el-sector\/#primaryimage\"},\"thumbnailUrl\":\"https:\/\/nitu.mx\/wp-content\/uploads\/2017\/04\/turismo-de-reuniones.jpg\",\"datePublished\":\"2017-04-10T04:00:47+00:00\",\"dateModified\":\"2017-04-10T05:12:22+00:00\",\"description\":\"Este 6 de abril fue el D\u00eda Global de la Industria de Reuniones, y los profesionales de este sector se reunieron para analizar algunos temas del segmento.\",\"breadcrumb\":{\"@id\":\"https:\/\/nitu.mx\/index.php\/2017\/04\/09\/industria-de-reuniones-se-congrego-para-analizar-el-sector\/#breadcrumb\"},\"inLanguage\":\"es-MX\",\"potentialAction\":[{\"@type\":\"ReadAction\",\"target\":[\"https:\/\/nitu.mx\/index.php\/2017\/04\/09\/industria-de-reuniones-se-congrego-para-analizar-el-sector\/\"]}]},{\"@type\":\"ImageObject\",\"inLanguage\":\"es-MX\",\"@id\":\"https:\/\/nitu.mx\/index.php\/2017\/04\/09\/industria-de-reuniones-se-congrego-para-analizar-el-sector\/#primaryimage\",\"url\":\"https:\/\/nitu.mx\/wp-content\/uploads\/2017\/04\/turismo-de-reuniones.jpg\",\"contentUrl\":\"https:\/\/nitu.mx\/wp-content\/uploads\/2017\/04\/turismo-de-reuniones.jpg\",\"width\":850,\"height\":480,\"caption\":\"Industria de reuniones\"},{\"@type\":\"BreadcrumbList\",\"@id\":\"https:\/\/nitu.mx\/index.php\/2017\/04\/09\/industria-de-reuniones-se-congrego-para-analizar-el-sector\/#breadcrumb\",\"itemListElement\":[{\"@type\":\"ListItem\",\"position\":1,\"name\":\"Inicio\",\"item\":\"https:\/\/nitu.mx\/\"},{\"@type\":\"ListItem\",\"position\":2,\"name\":\"Impulsan el programa \u201cembajadores\u201d dentro del sector de reuniones\"}]},{\"@type\":\"WebSite\",\"@id\":\"https:\/\/nitu.mx\/#website\",\"url\":\"https:\/\/nitu.mx\/\",\"name\":\"Nitu - Noticias de la Industria Turistica\",\"description\":\"Noticias de la Industria Turistica\",\"publisher\":{\"@id\":\"https:\/\/nitu.mx\/#\/schema\/person\/ae7a53426417292d3dd07b45a33e01bc\"},\"alternateName\":\"Noticias de la Industria Turistica\",\"potentialAction\":[{\"@type\":\"SearchAction\",\"target\":{\"@type\":\"EntryPoint\",\"urlTemplate\":\"https:\/\/nitu.mx\/?s={search_term_string}\"},\"query-input\":\"required name=search_term_string\"}],\"inLanguage\":\"es-MX\"},{\"@type\":[\"Person\",\"Organization\"],\"@id\":\"https:\/\/nitu.mx\/#\/schema\/person\/ae7a53426417292d3dd07b45a33e01bc\",\"name\":\"Arturo Medina\",\"image\":{\"@type\":\"ImageObject\",\"inLanguage\":\"es-MX\",\"@id\":\"https:\/\/nitu.mx\/#\/schema\/person\/image\/\",\"url\":\"https:\/\/nitu.mx\/wp-content\/uploads\/2024\/04\/4A315622-1904-4D5C-B022-878CDC840E04-90x90-1.jpeg\",\"contentUrl\":\"https:\/\/nitu.mx\/wp-content\/uploads\/2024\/04\/4A315622-1904-4D5C-B022-878CDC840E04-90x90-1.jpeg\",\"width\":90,\"height\":90,\"caption\":\"Arturo Medina\"},\"logo\":{\"@id\":\"https:\/\/nitu.mx\/#\/schema\/person\/image\/\"},\"description\":\"Director NITU.mx, Egresado de la Escuela de Periodismo Carlos Septi\u00e9n Garc\u00eda. Periodista y analista especializado en turismo desde hace 35 a\u00f1os, radicado en Canc\u00fan Q.Roo. arturo@nitu.mx\",\"sameAs\":[\"https:\/\/nitu.mx\",\"https:\/\/www.facebook.com\/NITUmx\/\",\"medinacancun\",\"https:\/\/twitter.com\/@Arturo_Medina_G\"]},{\"@type\":\"Person\",\"@id\":\"https:\/\/nitu.mx\/#\/schema\/person\/4a28fe9bd65924f7c90623773daf1b0b\",\"name\":\"Redacci\u00f3n\",\"image\":{\"@type\":\"ImageObject\",\"inLanguage\":\"es-MX\",\"@id\":\"https:\/\/nitu.mx\/#\/schema\/person\/image\/\",\"url\":\"https:\/\/secure.gravatar.com\/avatar\/5dd011c8ccfc5cd7e4c81e42252aab38?s=96&d=mm&r=g\",\"contentUrl\":\"https:\/\/secure.gravatar.com\/avatar\/5dd011c8ccfc5cd7e4c81e42252aab38?s=96&d=mm&r=g\",\"caption\":\"Redacci\u00f3n\"},\"url\":\"https:\/\/nitu.mx\/index.php\/author\/redaccion\/\"}]}<\/script>\n<!-- \/ Yoast SEO plugin. -->","yoast_head_json":{"title":"Impulsan el programa \u201cembajadores\u201d dentro del sector de reuniones - Nitu - Noticias de la Industria Turistica","description":"Este 6 de abril fue el D\u00eda Global de la Industria de Reuniones, y los profesionales de este sector se reunieron para analizar algunos temas del segmento.","robots":{"index":"index","follow":"follow","max-snippet":"max-snippet:-1","max-image-preview":"max-image-preview:large","max-video-preview":"max-video-preview:-1"},"canonical":"https:\/\/nitu.mx\/index.php\/2017\/04\/09\/industria-de-reuniones-se-congrego-para-analizar-el-sector\/","twitter_card":"summary_large_image","twitter_title":"Impulsan el programa \u201cembajadores\u201d dentro del sector de reuniones - Nitu - Noticias de la Industria Turistica","twitter_description":"Este 6 de abril fue el D\u00eda Global de la Industria de Reuniones, y los profesionales de este sector se reunieron para analizar algunos temas del segmento.","twitter_image":"https:\/\/nitu.mx\/wp-content\/uploads\/2017\/04\/turismo-de-reuniones.jpg","twitter_creator":"@NITUmx","twitter_site":"@Arturo_Medina_G","twitter_misc":{"Escrito por":"Redacci\u00f3n","Tiempo de lectura":"1 minuto"},"schema":{"@context":"https:\/\/schema.org","@graph":[{"@type":"Article","@id":"https:\/\/nitu.mx\/index.php\/2017\/04\/09\/industria-de-reuniones-se-congrego-para-analizar-el-sector\/#article","isPartOf":{"@id":"https:\/\/nitu.mx\/index.php\/2017\/04\/09\/industria-de-reuniones-se-congrego-para-analizar-el-sector\/"},"author":{"name":"Redacci\u00f3n","@id":"https:\/\/nitu.mx\/#\/schema\/person\/4a28fe9bd65924f7c90623773daf1b0b"},"headline":"Impulsan el programa \u201cembajadores\u201d dentro del sector de reuniones","datePublished":"2017-04-10T04:00:47+00:00","dateModified":"2017-04-10T05:12:22+00:00","mainEntityOfPage":{"@id":"https:\/\/nitu.mx\/index.php\/2017\/04\/09\/industria-de-reuniones-se-congrego-para-analizar-el-sector\/"},"wordCount":169,"commentCount":0,"publisher":{"@id":"https:\/\/nitu.mx\/#\/schema\/person\/ae7a53426417292d3dd07b45a33e01bc"},"image":{"@id":"https:\/\/nitu.mx\/index.php\/2017\/04\/09\/industria-de-reuniones-se-congrego-para-analizar-el-sector\/#primaryimage"},"thumbnailUrl":"https:\/\/nitu.mx\/wp-content\/uploads\/2017\/04\/turismo-de-reuniones.jpg","keywords":["Consejo de Promoci\u00f3n Tur\u00edstica de M\u00e9xico (CPTM)","Consejo Mexicano de la Industria de Reuniones","Eduardo Cha\u00edllo","Roberto Ibarra","Turismo de reuniones"],"articleSection":["Marketing","M\u00e9xico"],"inLanguage":"es-MX","potentialAction":[{"@type":"CommentAction","name":"Comment","target":["https:\/\/nitu.mx\/index.php\/2017\/04\/09\/industria-de-reuniones-se-congrego-para-analizar-el-sector\/#respond"]}]},{"@type":"WebPage","@id":"https:\/\/nitu.mx\/index.php\/2017\/04\/09\/industria-de-reuniones-se-congrego-para-analizar-el-sector\/","url":"https:\/\/nitu.mx\/index.php\/2017\/04\/09\/industria-de-reuniones-se-congrego-para-analizar-el-sector\/","name":"Impulsan el programa \u201cembajadores\u201d dentro del sector de reuniones - Nitu - Noticias de la Industria Turistica","isPartOf":{"@id":"https:\/\/nitu.mx\/#website"},"primaryImageOfPage":{"@id":"https:\/\/nitu.mx\/index.php\/2017\/04\/09\/industria-de-reuniones-se-congrego-para-analizar-el-sector\/#primaryimage"},"image":{"@id":"https:\/\/nitu.mx\/index.php\/2017\/04\/09\/industria-de-reuniones-se-congrego-para-analizar-el-sector\/#primaryimage"},"thumbnailUrl":"https:\/\/nitu.mx\/wp-content\/uploads\/2017\/04\/turismo-de-reuniones.jpg","datePublished":"2017-04-10T04:00:47+00:00","dateModified":"2017-04-10T05:12:22+00:00","description":"Este 6 de abril fue el D\u00eda Global de la Industria de Reuniones, y los profesionales de este sector se reunieron para analizar algunos temas del segmento.","breadcrumb":{"@id":"https:\/\/nitu.mx\/index.php\/2017\/04\/09\/industria-de-reuniones-se-congrego-para-analizar-el-sector\/#breadcrumb"},"inLanguage":"es-MX","potentialAction":[{"@type":"ReadAction","target":["https:\/\/nitu.mx\/index.php\/2017\/04\/09\/industria-de-reuniones-se-congrego-para-analizar-el-sector\/"]}]},{"@type":"ImageObject","inLanguage":"es-MX","@id":"https:\/\/nitu.mx\/index.php\/2017\/04\/09\/industria-de-reuniones-se-congrego-para-analizar-el-sector\/#primaryimage","url":"https:\/\/nitu.mx\/wp-content\/uploads\/2017\/04\/turismo-de-reuniones.jpg","contentUrl":"https:\/\/nitu.mx\/wp-content\/uploads\/2017\/04\/turismo-de-reuniones.jpg","width":850,"height":480,"caption":"Industria de reuniones"},{"@type":"BreadcrumbList","@id":"https:\/\/nitu.mx\/index.php\/2017\/04\/09\/industria-de-reuniones-se-congrego-para-analizar-el-sector\/#breadcrumb","itemListElement":[{"@type":"ListItem","position":1,"name":"Inicio","item":"https:\/\/nitu.mx\/"},{"@type":"ListItem","position":2,"name":"Impulsan el programa \u201cembajadores\u201d dentro del sector de reuniones"}]},{"@type":"WebSite","@id":"https:\/\/nitu.mx\/#website","url":"https:\/\/nitu.mx\/","name":"Nitu - Noticias de la Industria Turistica","description":"Noticias de la Industria Turistica","publisher":{"@id":"https:\/\/nitu.mx\/#\/schema\/person\/ae7a53426417292d3dd07b45a33e01bc"},"alternateName":"Noticias de la Industria Turistica","potentialAction":[{"@type":"SearchAction","target":{"@type":"EntryPoint","urlTemplate":"https:\/\/nitu.mx\/?s={search_term_string}"},"query-input":"required name=search_term_string"}],"inLanguage":"es-MX"},{"@type":["Person","Organization"],"@id":"https:\/\/nitu.mx\/#\/schema\/person\/ae7a53426417292d3dd07b45a33e01bc","name":"Arturo Medina","image":{"@type":"ImageObject","inLanguage":"es-MX","@id":"https:\/\/nitu.mx\/#\/schema\/person\/image\/","url":"https:\/\/nitu.mx\/wp-content\/uploads\/2024\/04\/4A315622-1904-4D5C-B022-878CDC840E04-90x90-1.jpeg","contentUrl":"https:\/\/nitu.mx\/wp-content\/uploads\/2024\/04\/4A315622-1904-4D5C-B022-878CDC840E04-90x90-1.jpeg","width":90,"height":90,"caption":"Arturo Medina"},"logo":{"@id":"https:\/\/nitu.mx\/#\/schema\/person\/image\/"},"description":"Director NITU.mx, Egresado de la Escuela de Periodismo Carlos Septi\u00e9n Garc\u00eda. Periodista y analista especializado en turismo desde hace 35 a\u00f1os, radicado en Canc\u00fan Q.Roo. arturo@nitu.mx","sameAs":["https:\/\/nitu.mx","https:\/\/www.facebook.com\/NITUmx\/","medinacancun","https:\/\/twitter.com\/@Arturo_Medina_G"]},{"@type":"Person","@id":"https:\/\/nitu.mx\/#\/schema\/person\/4a28fe9bd65924f7c90623773daf1b0b","name":"Redacci\u00f3n","image":{"@type":"ImageObject","inLanguage":"es-MX","@id":"https:\/\/nitu.mx\/#\/schema\/person\/image\/","url":"https:\/\/secure.gravatar.com\/avatar\/5dd011c8ccfc5cd7e4c81e42252aab38?s=96&d=mm&r=g","contentUrl":"https:\/\/secure.gravatar.com\/avatar\/5dd011c8ccfc5cd7e4c81e42252aab38?s=96&d=mm&r=g","caption":"Redacci\u00f3n"},"url":"https:\/\/nitu.mx\/index.php\/author\/redaccion\/"}]}},"views":247,"_links":{"self":[{"href":"https:\/\/nitu.mx\/index.php\/wp-json\/wp\/v2\/posts\/8559"}],"collection":[{"href":"https:\/\/nitu.mx\/index.php\/wp-json\/wp\/v2\/posts"}],"about":[{"href":"https:\/\/nitu.mx\/index.php\/wp-json\/wp\/v2\/types\/post"}],"author":[{"embeddable":true,"href":"https:\/\/nitu.mx\/index.php\/wp-json\/wp\/v2\/users\/17"}],"replies":[{"embeddable":true,"href":"https:\/\/nitu.mx\/index.php\/wp-json\/wp\/v2\/comments?post=8559"}],"version-history":[{"count":5,"href":"https:\/\/nitu.mx\/index.php\/wp-json\/wp\/v2\/posts\/8559\/revisions"}],"predecessor-version":[{"id":8595,"href":"https:\/\/nitu.mx\/index.php\/wp-json\/wp\/v2\/posts\/8559\/revisions\/8595"}],"wp:featuredmedia":[{"embeddable":true,"href":"https:\/\/nitu.mx\/index.php\/wp-json\/wp\/v2\/media\/8582"}],"wp:attachment":[{"href":"https:\/\/nitu.mx\/index.php\/wp-json\/wp\/v2\/media?parent=8559"}],"wp:term":[{"taxonomy":"category","embeddable":true,"href":"https:\/\/nitu.mx\/index.php\/wp-json\/wp\/v2\/categories?post=8559"},{"taxonomy":"post_tag","embeddable":true,"href":"https:\/\/nitu.mx\/index.php\/wp-json\/wp\/v2\/tags?post=8559"}],"curies":[{"name":"wp","href":"https:\/\/api.w.org\/{rel}","templated":true}]}}