{"id":85588,"date":"2026-01-13T22:24:10","date_gmt":"2026-01-14T04:24:10","guid":{"rendered":"https:\/\/nitu.mx\/?p=85588"},"modified":"2026-01-13T22:24:11","modified_gmt":"2026-01-14T04:24:11","slug":"viva-transporta-casi-30-millones-de-pasajeros-en-2025","status":"publish","type":"post","link":"https:\/\/nitu.mx\/index.php\/2026\/01\/13\/viva-transporta-casi-30-millones-de-pasajeros-en-2025\/","title":{"rendered":"Viva transporta casi 30 millones de pasajeros en 2025"},"content":{"rendered":"\n<p>Al anunciar sus resultados preliminares de tr\u00e1fico, Viva anunci\u00f3 que en 2025 transport\u00f3 29 millones 957 mil pasajeros, esto es 8.2% m\u00e1s que lo registrado en 2024, cuando alcanz\u00f3 27 millones 695 mil viajeros. El mercado internacional fue el que mostr\u00f3 el mayor repunte con 11.4% m\u00e1s pasajeros, lo que significan 3 millones 243 mil pasajeros; en tanto, en el mercado nacional moviliz\u00f3 26 millones 714 mil clientes, cifra 78% superior a los transportados en 2024.<\/p>\n\n\n\n<p>La aerol\u00ednea de bajo costo inform\u00f3 que en diciembre, el tr\u00e1fico de pasajeros increment\u00f3 4.3% comparado con diciembre de 2024, alcanzando 2.7 millones de pasajeros.<\/p>\n\n\n\n<p>Viva aument\u00f3 su capacidad total en asientos por milla disponibles (ASMs) en un 5.8% con respecto a diciembre de 2024, reflejando un incremento de 5.2% en la capacidad dom\u00e9stica y de 8.0% en la capacidad internacional. <\/p>\n\n\n\n<p>El factor de ocupaci\u00f3n se situ\u00f3 en 82.8% en comparaci\u00f3n con el 87.1% en 2024, derivado de factores de ocupaci\u00f3n de 84.9% y 75.4% en el mercado nacional e internacional, respectivamente.<\/p>\n\n\n\n<p>\u201cEl volumen de pasajeros de diciembre increment\u00f3 4.3%, impulsado por la demanda estacional. Nuestro factor de ocupaci\u00f3n del 82.8% reflej\u00f3 disrupciones clim\u00e1ticas en Tijuana y la reubicaci\u00f3n de capacidad internacional desde el nuevo aeropuerto de la Ciudad de M\u00e9xico (AIFA)&#8221;, mencion\u00f3 Juan Carlos Zuazua, Director General de Viva.<\/p>\n\n\n\n<p>&#8220;A lo largo del a\u00f1o, gestionamos un entorno de industria complejo con disciplina y resiliencia, superando las presiones de las revisiones de motores Pratt &amp; Whitney y un entorno macroecon\u00f3mico retador. A pesar de estos retos, concluimos el a\u00f1o alcanzando la mayor cifra de pasajeros en nuestra historia con cerca de 30 millones&#8221;, concluy\u00f3. <a href=\"https:\/\/nitu.mx\/index.php\/2025\/12\/15\/viva-fortalece-la-conectividad-de-nuevo-leon-con-la-ruta-monterrey-nueva-york\/\">(Viva fortalece la conectividad de Nuevo Le\u00f3n con la ruta Monterrey-Nueva York<\/a>).<\/p>\n","protected":false},"excerpt":{"rendered":"<p>Al anunciar sus resultados preliminares de tr\u00e1fico, Viva anunci\u00f3 que en 2025 transport\u00f3 29 millones 957 mil pasajeros, esto es 8.2% m\u00e1s que lo registrado en 2024, cuando alcanz\u00f3 27 millones 695 mil viajeros. El mercado internacional fue el que mostr\u00f3 el mayor repunte con 11.4% m\u00e1s pasajeros, lo que significan 3 millones 243 mil [&hellip;]<\/p>\n","protected":false},"author":17,"featured_media":77631,"comment_status":"closed","ping_status":"closed","sticky":false,"template":"","format":"standard","meta":{"footnotes":""},"categories":[29],"tags":[295,5024,2628],"yoast_head":"<!-- This site is optimized with the Yoast SEO plugin v22.2 - https:\/\/yoast.com\/wordpress\/plugins\/seo\/ -->\n<title>Viva transporta casi 30 millones de pasajeros en 2025 - Nitu - Noticias de la Industria Turistica<\/title>\n<meta name=\"robots\" content=\"index, follow, max-snippet:-1, max-image-preview:large, max-video-preview:-1\" \/>\n<link rel=\"canonical\" href=\"https:\/\/nitu.mx\/index.php\/2026\/01\/13\/viva-transporta-casi-30-millones-de-pasajeros-en-2025\/\" \/>\n<meta name=\"twitter:card\" content=\"summary_large_image\" \/>\n<meta name=\"twitter:title\" content=\"Viva transporta casi 30 millones de pasajeros en 2025 - Nitu - Noticias de la Industria Turistica\" \/>\n<meta name=\"twitter:description\" content=\"Al anunciar sus resultados preliminares de tr\u00e1fico, Viva anunci\u00f3 que en 2025 transport\u00f3 29 millones 957 mil pasajeros, esto es 8.2% m\u00e1s que lo registrado en 2024, cuando alcanz\u00f3 27 millones 695 mil viajeros. El mercado internacional fue el que mostr\u00f3 el mayor repunte con 11.4% m\u00e1s pasajeros, lo que significan 3 millones 243 mil [&hellip;]\" \/>\n<meta name=\"twitter:image\" content=\"https:\/\/nitu.mx\/wp-content\/uploads\/2024\/12\/Viva-Avion.jpg\" \/>\n<meta name=\"twitter:creator\" content=\"@NITUmx\" \/>\n<meta name=\"twitter:site\" content=\"@Arturo_Medina_G\" \/>\n<meta name=\"twitter:label1\" content=\"Escrito por\" \/>\n\t<meta name=\"twitter:data1\" content=\"Redacci\u00f3n\" \/>\n\t<meta name=\"twitter:label2\" content=\"Tiempo de lectura\" \/>\n\t<meta name=\"twitter:data2\" content=\"1 minuto\" \/>\n<script type=\"application\/ld+json\" class=\"yoast-schema-graph\">{\"@context\":\"https:\/\/schema.org\",\"@graph\":[{\"@type\":\"Article\",\"@id\":\"https:\/\/nitu.mx\/index.php\/2026\/01\/13\/viva-transporta-casi-30-millones-de-pasajeros-en-2025\/#article\",\"isPartOf\":{\"@id\":\"https:\/\/nitu.mx\/index.php\/2026\/01\/13\/viva-transporta-casi-30-millones-de-pasajeros-en-2025\/\"},\"author\":{\"name\":\"Redacci\u00f3n\",\"@id\":\"https:\/\/nitu.mx\/#\/schema\/person\/4a28fe9bd65924f7c90623773daf1b0b\"},\"headline\":\"Viva transporta casi 30 millones de pasajeros en 2025\",\"datePublished\":\"2026-01-14T04:24:10+00:00\",\"dateModified\":\"2026-01-14T04:24:11+00:00\",\"mainEntityOfPage\":{\"@id\":\"https:\/\/nitu.mx\/index.php\/2026\/01\/13\/viva-transporta-casi-30-millones-de-pasajeros-en-2025\/\"},\"wordCount\":277,\"publisher\":{\"@id\":\"https:\/\/nitu.mx\/#\/schema\/person\/ae7a53426417292d3dd07b45a33e01bc\"},\"image\":{\"@id\":\"https:\/\/nitu.mx\/index.php\/2026\/01\/13\/viva-transporta-casi-30-millones-de-pasajeros-en-2025\/#primaryimage\"},\"thumbnailUrl\":\"https:\/\/nitu.mx\/wp-content\/uploads\/2024\/12\/Viva-Avion.jpg\",\"keywords\":[\"Juan Carlos Zuazua\",\"tr\u00e1fico de pasajeros\",\"Viva\"],\"articleSection\":[\"Aerol\u00edneas\"],\"inLanguage\":\"es-MX\"},{\"@type\":\"WebPage\",\"@id\":\"https:\/\/nitu.mx\/index.php\/2026\/01\/13\/viva-transporta-casi-30-millones-de-pasajeros-en-2025\/\",\"url\":\"https:\/\/nitu.mx\/index.php\/2026\/01\/13\/viva-transporta-casi-30-millones-de-pasajeros-en-2025\/\",\"name\":\"Viva transporta casi 30 millones de pasajeros en 2025 - Nitu - Noticias de la Industria Turistica\",\"isPartOf\":{\"@id\":\"https:\/\/nitu.mx\/#website\"},\"primaryImageOfPage\":{\"@id\":\"https:\/\/nitu.mx\/index.php\/2026\/01\/13\/viva-transporta-casi-30-millones-de-pasajeros-en-2025\/#primaryimage\"},\"image\":{\"@id\":\"https:\/\/nitu.mx\/index.php\/2026\/01\/13\/viva-transporta-casi-30-millones-de-pasajeros-en-2025\/#primaryimage\"},\"thumbnailUrl\":\"https:\/\/nitu.mx\/wp-content\/uploads\/2024\/12\/Viva-Avion.jpg\",\"datePublished\":\"2026-01-14T04:24:10+00:00\",\"dateModified\":\"2026-01-14T04:24:11+00:00\",\"breadcrumb\":{\"@id\":\"https:\/\/nitu.mx\/index.php\/2026\/01\/13\/viva-transporta-casi-30-millones-de-pasajeros-en-2025\/#breadcrumb\"},\"inLanguage\":\"es-MX\",\"potentialAction\":[{\"@type\":\"ReadAction\",\"target\":[\"https:\/\/nitu.mx\/index.php\/2026\/01\/13\/viva-transporta-casi-30-millones-de-pasajeros-en-2025\/\"]}]},{\"@type\":\"ImageObject\",\"inLanguage\":\"es-MX\",\"@id\":\"https:\/\/nitu.mx\/index.php\/2026\/01\/13\/viva-transporta-casi-30-millones-de-pasajeros-en-2025\/#primaryimage\",\"url\":\"https:\/\/nitu.mx\/wp-content\/uploads\/2024\/12\/Viva-Avion.jpg\",\"contentUrl\":\"https:\/\/nitu.mx\/wp-content\/uploads\/2024\/12\/Viva-Avion.jpg\",\"width\":1200,\"height\":675,\"caption\":\"Viva Avi\u00f3n\"},{\"@type\":\"BreadcrumbList\",\"@id\":\"https:\/\/nitu.mx\/index.php\/2026\/01\/13\/viva-transporta-casi-30-millones-de-pasajeros-en-2025\/#breadcrumb\",\"itemListElement\":[{\"@type\":\"ListItem\",\"position\":1,\"name\":\"Inicio\",\"item\":\"https:\/\/nitu.mx\/\"},{\"@type\":\"ListItem\",\"position\":2,\"name\":\"Viva transporta casi 30 millones de pasajeros en 2025\"}]},{\"@type\":\"WebSite\",\"@id\":\"https:\/\/nitu.mx\/#website\",\"url\":\"https:\/\/nitu.mx\/\",\"name\":\"Nitu - Noticias de la Industria Turistica\",\"description\":\"Noticias de la Industria Turistica\",\"publisher\":{\"@id\":\"https:\/\/nitu.mx\/#\/schema\/person\/ae7a53426417292d3dd07b45a33e01bc\"},\"alternateName\":\"Noticias de la Industria Turistica\",\"potentialAction\":[{\"@type\":\"SearchAction\",\"target\":{\"@type\":\"EntryPoint\",\"urlTemplate\":\"https:\/\/nitu.mx\/?s={search_term_string}\"},\"query-input\":\"required name=search_term_string\"}],\"inLanguage\":\"es-MX\"},{\"@type\":[\"Person\",\"Organization\"],\"@id\":\"https:\/\/nitu.mx\/#\/schema\/person\/ae7a53426417292d3dd07b45a33e01bc\",\"name\":\"Arturo Medina\",\"image\":{\"@type\":\"ImageObject\",\"inLanguage\":\"es-MX\",\"@id\":\"https:\/\/nitu.mx\/#\/schema\/person\/image\/\",\"url\":\"https:\/\/nitu.mx\/wp-content\/uploads\/2024\/04\/4A315622-1904-4D5C-B022-878CDC840E04-90x90-1.jpeg\",\"contentUrl\":\"https:\/\/nitu.mx\/wp-content\/uploads\/2024\/04\/4A315622-1904-4D5C-B022-878CDC840E04-90x90-1.jpeg\",\"width\":90,\"height\":90,\"caption\":\"Arturo Medina\"},\"logo\":{\"@id\":\"https:\/\/nitu.mx\/#\/schema\/person\/image\/\"},\"description\":\"Director NITU.mx, Egresado de la Escuela de Periodismo Carlos Septi\u00e9n Garc\u00eda. Periodista y analista especializado en turismo desde hace 35 a\u00f1os, radicado en Canc\u00fan Q.Roo. arturo@nitu.mx\",\"sameAs\":[\"https:\/\/nitu.mx\",\"https:\/\/www.facebook.com\/NITUmx\/\",\"medinacancun\",\"https:\/\/twitter.com\/@Arturo_Medina_G\"]},{\"@type\":\"Person\",\"@id\":\"https:\/\/nitu.mx\/#\/schema\/person\/4a28fe9bd65924f7c90623773daf1b0b\",\"name\":\"Redacci\u00f3n\",\"image\":{\"@type\":\"ImageObject\",\"inLanguage\":\"es-MX\",\"@id\":\"https:\/\/nitu.mx\/#\/schema\/person\/image\/\",\"url\":\"https:\/\/secure.gravatar.com\/avatar\/5dd011c8ccfc5cd7e4c81e42252aab38?s=96&d=mm&r=g\",\"contentUrl\":\"https:\/\/secure.gravatar.com\/avatar\/5dd011c8ccfc5cd7e4c81e42252aab38?s=96&d=mm&r=g\",\"caption\":\"Redacci\u00f3n\"},\"url\":\"https:\/\/nitu.mx\/index.php\/author\/redaccion\/\"}]}<\/script>\n<!-- \/ Yoast SEO plugin. -->","yoast_head_json":{"title":"Viva transporta casi 30 millones de pasajeros en 2025 - Nitu - Noticias de la Industria Turistica","robots":{"index":"index","follow":"follow","max-snippet":"max-snippet:-1","max-image-preview":"max-image-preview:large","max-video-preview":"max-video-preview:-1"},"canonical":"https:\/\/nitu.mx\/index.php\/2026\/01\/13\/viva-transporta-casi-30-millones-de-pasajeros-en-2025\/","twitter_card":"summary_large_image","twitter_title":"Viva transporta casi 30 millones de pasajeros en 2025 - Nitu - Noticias de la Industria Turistica","twitter_description":"Al anunciar sus resultados preliminares de tr\u00e1fico, Viva anunci\u00f3 que en 2025 transport\u00f3 29 millones 957 mil pasajeros, esto es 8.2% m\u00e1s que lo registrado en 2024, cuando alcanz\u00f3 27 millones 695 mil viajeros. El mercado internacional fue el que mostr\u00f3 el mayor repunte con 11.4% m\u00e1s pasajeros, lo que significan 3 millones 243 mil [&hellip;]","twitter_image":"https:\/\/nitu.mx\/wp-content\/uploads\/2024\/12\/Viva-Avion.jpg","twitter_creator":"@NITUmx","twitter_site":"@Arturo_Medina_G","twitter_misc":{"Escrito por":"Redacci\u00f3n","Tiempo de lectura":"1 minuto"},"schema":{"@context":"https:\/\/schema.org","@graph":[{"@type":"Article","@id":"https:\/\/nitu.mx\/index.php\/2026\/01\/13\/viva-transporta-casi-30-millones-de-pasajeros-en-2025\/#article","isPartOf":{"@id":"https:\/\/nitu.mx\/index.php\/2026\/01\/13\/viva-transporta-casi-30-millones-de-pasajeros-en-2025\/"},"author":{"name":"Redacci\u00f3n","@id":"https:\/\/nitu.mx\/#\/schema\/person\/4a28fe9bd65924f7c90623773daf1b0b"},"headline":"Viva transporta casi 30 millones de pasajeros en 2025","datePublished":"2026-01-14T04:24:10+00:00","dateModified":"2026-01-14T04:24:11+00:00","mainEntityOfPage":{"@id":"https:\/\/nitu.mx\/index.php\/2026\/01\/13\/viva-transporta-casi-30-millones-de-pasajeros-en-2025\/"},"wordCount":277,"publisher":{"@id":"https:\/\/nitu.mx\/#\/schema\/person\/ae7a53426417292d3dd07b45a33e01bc"},"image":{"@id":"https:\/\/nitu.mx\/index.php\/2026\/01\/13\/viva-transporta-casi-30-millones-de-pasajeros-en-2025\/#primaryimage"},"thumbnailUrl":"https:\/\/nitu.mx\/wp-content\/uploads\/2024\/12\/Viva-Avion.jpg","keywords":["Juan Carlos Zuazua","tr\u00e1fico de pasajeros","Viva"],"articleSection":["Aerol\u00edneas"],"inLanguage":"es-MX"},{"@type":"WebPage","@id":"https:\/\/nitu.mx\/index.php\/2026\/01\/13\/viva-transporta-casi-30-millones-de-pasajeros-en-2025\/","url":"https:\/\/nitu.mx\/index.php\/2026\/01\/13\/viva-transporta-casi-30-millones-de-pasajeros-en-2025\/","name":"Viva transporta casi 30 millones de pasajeros en 2025 - Nitu - Noticias de la Industria Turistica","isPartOf":{"@id":"https:\/\/nitu.mx\/#website"},"primaryImageOfPage":{"@id":"https:\/\/nitu.mx\/index.php\/2026\/01\/13\/viva-transporta-casi-30-millones-de-pasajeros-en-2025\/#primaryimage"},"image":{"@id":"https:\/\/nitu.mx\/index.php\/2026\/01\/13\/viva-transporta-casi-30-millones-de-pasajeros-en-2025\/#primaryimage"},"thumbnailUrl":"https:\/\/nitu.mx\/wp-content\/uploads\/2024\/12\/Viva-Avion.jpg","datePublished":"2026-01-14T04:24:10+00:00","dateModified":"2026-01-14T04:24:11+00:00","breadcrumb":{"@id":"https:\/\/nitu.mx\/index.php\/2026\/01\/13\/viva-transporta-casi-30-millones-de-pasajeros-en-2025\/#breadcrumb"},"inLanguage":"es-MX","potentialAction":[{"@type":"ReadAction","target":["https:\/\/nitu.mx\/index.php\/2026\/01\/13\/viva-transporta-casi-30-millones-de-pasajeros-en-2025\/"]}]},{"@type":"ImageObject","inLanguage":"es-MX","@id":"https:\/\/nitu.mx\/index.php\/2026\/01\/13\/viva-transporta-casi-30-millones-de-pasajeros-en-2025\/#primaryimage","url":"https:\/\/nitu.mx\/wp-content\/uploads\/2024\/12\/Viva-Avion.jpg","contentUrl":"https:\/\/nitu.mx\/wp-content\/uploads\/2024\/12\/Viva-Avion.jpg","width":1200,"height":675,"caption":"Viva Avi\u00f3n"},{"@type":"BreadcrumbList","@id":"https:\/\/nitu.mx\/index.php\/2026\/01\/13\/viva-transporta-casi-30-millones-de-pasajeros-en-2025\/#breadcrumb","itemListElement":[{"@type":"ListItem","position":1,"name":"Inicio","item":"https:\/\/nitu.mx\/"},{"@type":"ListItem","position":2,"name":"Viva transporta casi 30 millones de pasajeros en 2025"}]},{"@type":"WebSite","@id":"https:\/\/nitu.mx\/#website","url":"https:\/\/nitu.mx\/","name":"Nitu - Noticias de la Industria Turistica","description":"Noticias de la Industria Turistica","publisher":{"@id":"https:\/\/nitu.mx\/#\/schema\/person\/ae7a53426417292d3dd07b45a33e01bc"},"alternateName":"Noticias de la Industria Turistica","potentialAction":[{"@type":"SearchAction","target":{"@type":"EntryPoint","urlTemplate":"https:\/\/nitu.mx\/?s={search_term_string}"},"query-input":"required name=search_term_string"}],"inLanguage":"es-MX"},{"@type":["Person","Organization"],"@id":"https:\/\/nitu.mx\/#\/schema\/person\/ae7a53426417292d3dd07b45a33e01bc","name":"Arturo Medina","image":{"@type":"ImageObject","inLanguage":"es-MX","@id":"https:\/\/nitu.mx\/#\/schema\/person\/image\/","url":"https:\/\/nitu.mx\/wp-content\/uploads\/2024\/04\/4A315622-1904-4D5C-B022-878CDC840E04-90x90-1.jpeg","contentUrl":"https:\/\/nitu.mx\/wp-content\/uploads\/2024\/04\/4A315622-1904-4D5C-B022-878CDC840E04-90x90-1.jpeg","width":90,"height":90,"caption":"Arturo Medina"},"logo":{"@id":"https:\/\/nitu.mx\/#\/schema\/person\/image\/"},"description":"Director NITU.mx, Egresado de la Escuela de Periodismo Carlos Septi\u00e9n Garc\u00eda. Periodista y analista especializado en turismo desde hace 35 a\u00f1os, radicado en Canc\u00fan Q.Roo. arturo@nitu.mx","sameAs":["https:\/\/nitu.mx","https:\/\/www.facebook.com\/NITUmx\/","medinacancun","https:\/\/twitter.com\/@Arturo_Medina_G"]},{"@type":"Person","@id":"https:\/\/nitu.mx\/#\/schema\/person\/4a28fe9bd65924f7c90623773daf1b0b","name":"Redacci\u00f3n","image":{"@type":"ImageObject","inLanguage":"es-MX","@id":"https:\/\/nitu.mx\/#\/schema\/person\/image\/","url":"https:\/\/secure.gravatar.com\/avatar\/5dd011c8ccfc5cd7e4c81e42252aab38?s=96&d=mm&r=g","contentUrl":"https:\/\/secure.gravatar.com\/avatar\/5dd011c8ccfc5cd7e4c81e42252aab38?s=96&d=mm&r=g","caption":"Redacci\u00f3n"},"url":"https:\/\/nitu.mx\/index.php\/author\/redaccion\/"}]}},"views":320,"_links":{"self":[{"href":"https:\/\/nitu.mx\/index.php\/wp-json\/wp\/v2\/posts\/85588"}],"collection":[{"href":"https:\/\/nitu.mx\/index.php\/wp-json\/wp\/v2\/posts"}],"about":[{"href":"https:\/\/nitu.mx\/index.php\/wp-json\/wp\/v2\/types\/post"}],"author":[{"embeddable":true,"href":"https:\/\/nitu.mx\/index.php\/wp-json\/wp\/v2\/users\/17"}],"replies":[{"embeddable":true,"href":"https:\/\/nitu.mx\/index.php\/wp-json\/wp\/v2\/comments?post=85588"}],"version-history":[{"count":1,"href":"https:\/\/nitu.mx\/index.php\/wp-json\/wp\/v2\/posts\/85588\/revisions"}],"predecessor-version":[{"id":85590,"href":"https:\/\/nitu.mx\/index.php\/wp-json\/wp\/v2\/posts\/85588\/revisions\/85590"}],"wp:featuredmedia":[{"embeddable":true,"href":"https:\/\/nitu.mx\/index.php\/wp-json\/wp\/v2\/media\/77631"}],"wp:attachment":[{"href":"https:\/\/nitu.mx\/index.php\/wp-json\/wp\/v2\/media?parent=85588"}],"wp:term":[{"taxonomy":"category","embeddable":true,"href":"https:\/\/nitu.mx\/index.php\/wp-json\/wp\/v2\/categories?post=85588"},{"taxonomy":"post_tag","embeddable":true,"href":"https:\/\/nitu.mx\/index.php\/wp-json\/wp\/v2\/tags?post=85588"}],"curies":[{"name":"wp","href":"https:\/\/api.w.org\/{rel}","templated":true}]}}