{"id":85577,"date":"2026-01-13T22:42:13","date_gmt":"2026-01-14T04:42:13","guid":{"rendered":"https:\/\/nitu.mx\/?p=85577"},"modified":"2026-01-13T22:43:59","modified_gmt":"2026-01-14T04:43:59","slug":"claudia-gonzalez-asume-la-presidencia-nacional-de-afeet-2026","status":"publish","type":"post","link":"https:\/\/nitu.mx\/index.php\/2026\/01\/13\/claudia-gonzalez-asume-la-presidencia-nacional-de-afeet-2026\/","title":{"rendered":"Claudia Gonz\u00e1lez asume la Presidencia Nacional de AFEET 2026"},"content":{"rendered":"\n<p>La Asociaci\u00f3n Femenil de Ejecutivas de Empresas Tur\u00edsticas (AFEET) Nacional llev\u00f3 a cabo la ceremonia de Toma de Protesta de su Mesa Directiva 2026, en la que Claudia Esther Gonz\u00e1lez V\u00e1zquez asumi\u00f3 oficialmente la Presidencia Nacional, marcando el inicio de una nueva etapa de fortalecimiento, uni\u00f3n y crecimiento para la asociaci\u00f3n.<\/p>\n\n\n\n<p>Durante el evento, que reuni\u00f3 a l\u00edderes del sector tur\u00edstico, autoridades, representantes empresariales, asociaciones hermanas, patrocinadores y medios de comunicaci\u00f3n, AFEET reafirm\u00f3 su papel como una de las organizaciones m\u00e1s influyentes del turismo en M\u00e9xico, integrada por m\u00e1s de 400 asociadas y 11 filiales a nivel nacional, y con m\u00e1s de 55 a\u00f1os de trayectoria.<\/p>\n\n\n\n<p>En el marco de este encuentro, Minor Hotels Europe &amp; Americas particip\u00f3 en el desayuno con motivo del Cambio de Mesa Directiva de la Asociaci\u00f3n Femenil de Ejecutivas de Empresas Tur\u00edsticas de la Rep\u00fablica Mexicana, A.C. (AFEET) para el per\u00edodo 2026, reafirmando su compromiso con el fortalecimiento del sector tur\u00edstico y el impulso al liderazgo femenino dentro de la industria. La presencia de la compa\u00f1\u00eda en este tipo de encuentros subraya la importancia de generar espacios de di\u00e1logo, colaboraci\u00f3n y networking entre los principales actores del turismo en M\u00e9xico.<\/p>\n\n\n\n<p>En su mensaje inaugural, Claudia Gonz\u00e1lez destac\u00f3 el valor de AFEET como una red s\u00f3lida de mujeres l\u00edderes y subray\u00f3 su compromiso con el desarrollo profesional y empresarial de las asociadas.<\/p>\n\n\n\n<p>\u201cAFEET es mucho m\u00e1s que una asociaci\u00f3n. Es una red s\u00f3lida de mujeres l\u00edderes, emprendedoras y profesionales comprometidas con la transformaci\u00f3n del sector tur\u00edstico en M\u00e9xico. Aqu\u00ed nos apoyamos, crecemos y demostramos que el liderazgo femenino es una fuerza real, estrat\u00e9gica y necesaria para nuestra industria\u201d, se\u00f1al\u00f3.<\/p>\n\n\n\n<p>La Presidenta Nacional 2026 present\u00f3 los cuatro ejes estrat\u00e9gicos que guiar\u00e1n su gesti\u00f3n:<br>1. Continuidad y fortalecimiento de las iniciativas existentes, dando seguimiento y evoluci\u00f3n a los proyectos impulsados por la administraci\u00f3n anterior, encabezada por Magdalena Sald\u00edvar.<br>2. Escucha activa y cercan\u00eda con las asociadas, promoviendo espacios de di\u00e1logo, participaci\u00f3n y retroalimentaci\u00f3n.<br>3. Integraci\u00f3n y fortalecimiento de las filiales, consolidando una red nacional cohesionada y colaborativa.<br>4. Impulso al networking y al desarrollo empresarial, posicionando a AFEET como una plataforma real de oportunidades, alianzas y crecimiento profesional.<\/p>\n\n\n\n<p>Asimismo, Claudia Gonz\u00e1lez reafirm\u00f3 la relevancia de los eventos insignia de la asociaci\u00f3n como el Congreso Internacional AFEET, Expo AFEET, Carrera AFEET y el Women\u2019s Tourism Summit, los cuales continuar\u00e1n siendo pilares de visibilidad, conexi\u00f3n y posicionamiento para las asociadas y para la industria.<\/p>\n\n\n\n<p>\u201cQuiero que AFEET siga siendo un referente de profesionalismo, uni\u00f3n, confianza y calidad humana. Que m\u00e1s mujeres del sector tur\u00edstico se acerquen porque aqu\u00ed se crece, aqu\u00ed se aprende y aqu\u00ed se construyen oportunidades\u201d, enfatiz\u00f3.<\/p>\n\n\n\n<p>Por su parte, la presidenta saliente, Magdalena Sald\u00edvar, reiter\u00f3 que seguir\u00e1 apoyando a la asociaci\u00f3n. &#8220;Hoy entrego esta responsabilidad con absoluta tranquilidad, porque s\u00e9 que AFEET queda en manos de una gran profesional: Claudia Gonz\u00e1lez, quien contar\u00e1 conmigo no solo como asesora, sino como aliada, como compa\u00f1era de trabajo y como parte de esta gran red que es AFEET&#8221;.<\/p>\n\n\n<div class=\"wp-block-image\">\n<figure class=\"aligncenter size-large is-resized\"><img decoding=\"async\" loading=\"lazy\" width=\"1024\" height=\"576\" src=\"https:\/\/nitu.mx\/wp-content\/uploads\/2026\/01\/AFEET-Claudia-Gonzalez-Toma-de-protesta-1024x576.jpg\" alt=\"\" class=\"wp-image-85595\" style=\"aspect-ratio:1.7777777777777777;width:737px;height:auto\" srcset=\"https:\/\/nitu.mx\/wp-content\/uploads\/2026\/01\/AFEET-Claudia-Gonzalez-Toma-de-protesta-1024x576.jpg 1024w, https:\/\/nitu.mx\/wp-content\/uploads\/2026\/01\/AFEET-Claudia-Gonzalez-Toma-de-protesta-300x168.jpg 300w, https:\/\/nitu.mx\/wp-content\/uploads\/2026\/01\/AFEET-Claudia-Gonzalez-Toma-de-protesta-768x432.jpg 768w, https:\/\/nitu.mx\/wp-content\/uploads\/2026\/01\/AFEET-Claudia-Gonzalez-Toma-de-protesta-990x557.jpg 990w, https:\/\/nitu.mx\/wp-content\/uploads\/2026\/01\/AFEET-Claudia-Gonzalez-Toma-de-protesta-470x264.jpg 470w, https:\/\/nitu.mx\/wp-content\/uploads\/2026\/01\/AFEET-Claudia-Gonzalez-Toma-de-protesta-640x360.jpg 640w, https:\/\/nitu.mx\/wp-content\/uploads\/2026\/01\/AFEET-Claudia-Gonzalez-Toma-de-protesta-215x120.jpg 215w, https:\/\/nitu.mx\/wp-content\/uploads\/2026\/01\/AFEET-Claudia-Gonzalez-Toma-de-protesta-414x232.jpg 414w, https:\/\/nitu.mx\/wp-content\/uploads\/2026\/01\/AFEET-Claudia-Gonzalez-Toma-de-protesta.jpg 1200w\" sizes=\"(max-width: 1024px) 100vw, 1024px\" \/><figcaption class=\"wp-element-caption\">Claudia Gonz\u00e1lez<\/figcaption><\/figure><\/div>\n\n\n<p>La Toma de Protesta de la Mesa Directiva 2026 fue realizada por Giancarlo Mulinelli, Senior Vice President Global Sales de Aerom\u00e9xico, quien destac\u00f3 la relevancia del liderazgo femenino y el papel estrat\u00e9gico de AFEET en el desarrollo del turismo.<\/p>\n\n\n\n<p>Con este acto, AFEET Nacional inicia una nueva etapa, reafirmando su misi\u00f3n de fortalecer la voz de las mujeres en el turismo, impulsar la profesionalizaci\u00f3n del sector y generar redes de colaboraci\u00f3n que contribuyan al desarrollo econ\u00f3mico y social de M\u00e9xico. (<a href=\"https:\/\/nitu.mx\/index.php\/2025\/11\/19\/afeet-celebra-su-55-aniversario-como-lider-en-el-impulso-al-talento-femenino-en-el-turismo\/\">AFEET celebra su 55 aniversario como l\u00edder en el impulso al talento femenino en el turismo<\/a>).<\/p>\n\n\n\n<p>La Mesa Directiva de AFEET para el periodo 2026 queda integrada de la siguiente manera:<\/p>\n\n\n\n<ul>\n<li>1\u00aa vicepresidenta- Judith Palleiro<\/li>\n\n\n\n<li>2\u00aa vicepresidenta- Alicia Noguez<\/li>\n\n\n\n<li>Tesorera- Marcela Carmona<\/li>\n\n\n\n<li>Secretaria-Ximena Palomino<\/li>\n\n\n\n<li>Asesora- Mar\u00eda Magdalena Sald\u00edvar<\/li>\n\n\n\n<li>Comisi\u00f3n de Nuevas Asociadas y Nuevas Filiales- Arlina Zurita<\/li>\n\n\n\n<li>Comisi\u00f3n de Mercadotecnia, Expos, Networking, y Redes Sociales- Roc\u00edo Mej\u00eda y Carmen Morgana V\u00e1zquez<\/li>\n\n\n\n<li>Comisi\u00f3n de Capacitaci\u00f3n- Teresa Sol\u00eds, Luz Mar\u00eda Moyano y Perla Flores<\/li>\n\n\n\n<li>Comisi\u00f3n de Sustentabilidad y Responsabilidad Social-  Ana Laura Acevedo<\/li>\n\n\n\n<li>Comisi\u00f3n de Cultura- Rebeca C\u00e1rdenas<\/li>\n\n\n\n<li>Comisi\u00f3n de Patrocinios- Karin Baldamus <\/li>\n\n\n\n<li>Comisi\u00f3n de Comunicaci\u00f3n y Relaciones P\u00fablicas- Magdalena Bermea<\/li>\n\n\n\n<li>Comisi\u00f3n de Protocolo y Vinculaci\u00f3n con Instituciones Gubernamentales y Organismos del Sector- Yarla Covarrubias<\/li>\n\n\n\n<li>Comisi\u00f3n de AP JC- Sylvia Esquivel<\/li>\n\n\n\n<li>Comit\u00e9 de Hacienda- Mar\u00eda Elena Jean<\/li>\n\n\n\n<li>Comit\u00e9 de Honor y Justicia- Carmen Torreblanca, Cecilia Beltr\u00e1n y Yarla Covarrubias<\/li>\n<\/ul>\n","protected":false},"excerpt":{"rendered":"<p>La Asociaci\u00f3n Femenil de Ejecutivas de Empresas Tur\u00edsticas (AFEET) Nacional llev\u00f3 a cabo la ceremonia de Toma de Protesta de su Mesa Directiva 2026, en la que Claudia Esther Gonz\u00e1lez V\u00e1zquez asumi\u00f3 oficialmente la Presidencia Nacional, marcando el inicio de una nueva etapa de fortalecimiento, uni\u00f3n y crecimiento para la asociaci\u00f3n. Durante el evento, que [&hellip;]<\/p>\n","protected":false},"author":18,"featured_media":85594,"comment_status":"closed","ping_status":"closed","sticky":false,"template":"","format":"standard","meta":{"footnotes":""},"categories":[3],"tags":[30,2078,27810,23106],"yoast_head":"<!-- This site is optimized with the Yoast SEO plugin v22.2 - https:\/\/yoast.com\/wordpress\/plugins\/seo\/ -->\n<title>Claudia Gonz\u00e1lez asume la Presidencia Nacional de AFEET 2026 - Nitu - Noticias de la Industria Turistica<\/title>\n<meta name=\"robots\" content=\"index, follow, max-snippet:-1, max-image-preview:large, max-video-preview:-1\" \/>\n<link rel=\"canonical\" href=\"https:\/\/nitu.mx\/index.php\/2026\/01\/13\/claudia-gonzalez-asume-la-presidencia-nacional-de-afeet-2026\/\" \/>\n<meta name=\"twitter:card\" content=\"summary_large_image\" \/>\n<meta name=\"twitter:title\" content=\"Claudia Gonz\u00e1lez asume la Presidencia Nacional de AFEET 2026 - Nitu - Noticias de la Industria Turistica\" \/>\n<meta name=\"twitter:description\" content=\"La Asociaci\u00f3n Femenil de Ejecutivas de Empresas Tur\u00edsticas (AFEET) Nacional llev\u00f3 a cabo la ceremonia de Toma de Protesta de su Mesa Directiva 2026, en la que Claudia Esther Gonz\u00e1lez V\u00e1zquez asumi\u00f3 oficialmente la Presidencia Nacional, marcando el inicio de una nueva etapa de fortalecimiento, uni\u00f3n y crecimiento para la asociaci\u00f3n. Durante el evento, que [&hellip;]\" \/>\n<meta name=\"twitter:image\" content=\"https:\/\/nitu.mx\/wp-content\/uploads\/2026\/01\/AFEET-Toma-de-protesta-2026.jpg\" \/>\n<meta name=\"twitter:creator\" content=\"@NITUmx\" \/>\n<meta name=\"twitter:site\" content=\"@Arturo_Medina_G\" \/>\n<meta name=\"twitter:label1\" content=\"Escrito por\" \/>\n\t<meta name=\"twitter:data1\" content=\"Guadalupe Sixto\" \/>\n\t<meta name=\"twitter:label2\" content=\"Tiempo de lectura\" \/>\n\t<meta name=\"twitter:data2\" content=\"4 minutos\" \/>\n<script type=\"application\/ld+json\" class=\"yoast-schema-graph\">{\"@context\":\"https:\/\/schema.org\",\"@graph\":[{\"@type\":\"Article\",\"@id\":\"https:\/\/nitu.mx\/index.php\/2026\/01\/13\/claudia-gonzalez-asume-la-presidencia-nacional-de-afeet-2026\/#article\",\"isPartOf\":{\"@id\":\"https:\/\/nitu.mx\/index.php\/2026\/01\/13\/claudia-gonzalez-asume-la-presidencia-nacional-de-afeet-2026\/\"},\"author\":{\"name\":\"Guadalupe Sixto\",\"@id\":\"https:\/\/nitu.mx\/#\/schema\/person\/3df3082b5e46037e3f13614d28ee0b77\"},\"headline\":\"Claudia Gonz\u00e1lez asume la Presidencia Nacional de AFEET 2026\",\"datePublished\":\"2026-01-14T04:42:13+00:00\",\"dateModified\":\"2026-01-14T04:43:59+00:00\",\"mainEntityOfPage\":{\"@id\":\"https:\/\/nitu.mx\/index.php\/2026\/01\/13\/claudia-gonzalez-asume-la-presidencia-nacional-de-afeet-2026\/\"},\"wordCount\":812,\"publisher\":{\"@id\":\"https:\/\/nitu.mx\/#\/schema\/person\/ae7a53426417292d3dd07b45a33e01bc\"},\"image\":{\"@id\":\"https:\/\/nitu.mx\/index.php\/2026\/01\/13\/claudia-gonzalez-asume-la-presidencia-nacional-de-afeet-2026\/#primaryimage\"},\"thumbnailUrl\":\"https:\/\/nitu.mx\/wp-content\/uploads\/2026\/01\/AFEET-Toma-de-protesta-2026.jpg\",\"keywords\":[\"Aerom\u00e9xico\",\"AFEET\",\"Claudia Gonz\u00e1lez\",\"Minor Hotels\"],\"articleSection\":[\"Agencias de Viajes\"],\"inLanguage\":\"es-MX\"},{\"@type\":\"WebPage\",\"@id\":\"https:\/\/nitu.mx\/index.php\/2026\/01\/13\/claudia-gonzalez-asume-la-presidencia-nacional-de-afeet-2026\/\",\"url\":\"https:\/\/nitu.mx\/index.php\/2026\/01\/13\/claudia-gonzalez-asume-la-presidencia-nacional-de-afeet-2026\/\",\"name\":\"Claudia Gonz\u00e1lez asume la Presidencia Nacional de AFEET 2026 - Nitu - Noticias de la Industria Turistica\",\"isPartOf\":{\"@id\":\"https:\/\/nitu.mx\/#website\"},\"primaryImageOfPage\":{\"@id\":\"https:\/\/nitu.mx\/index.php\/2026\/01\/13\/claudia-gonzalez-asume-la-presidencia-nacional-de-afeet-2026\/#primaryimage\"},\"image\":{\"@id\":\"https:\/\/nitu.mx\/index.php\/2026\/01\/13\/claudia-gonzalez-asume-la-presidencia-nacional-de-afeet-2026\/#primaryimage\"},\"thumbnailUrl\":\"https:\/\/nitu.mx\/wp-content\/uploads\/2026\/01\/AFEET-Toma-de-protesta-2026.jpg\",\"datePublished\":\"2026-01-14T04:42:13+00:00\",\"dateModified\":\"2026-01-14T04:43:59+00:00\",\"breadcrumb\":{\"@id\":\"https:\/\/nitu.mx\/index.php\/2026\/01\/13\/claudia-gonzalez-asume-la-presidencia-nacional-de-afeet-2026\/#breadcrumb\"},\"inLanguage\":\"es-MX\",\"potentialAction\":[{\"@type\":\"ReadAction\",\"target\":[\"https:\/\/nitu.mx\/index.php\/2026\/01\/13\/claudia-gonzalez-asume-la-presidencia-nacional-de-afeet-2026\/\"]}]},{\"@type\":\"ImageObject\",\"inLanguage\":\"es-MX\",\"@id\":\"https:\/\/nitu.mx\/index.php\/2026\/01\/13\/claudia-gonzalez-asume-la-presidencia-nacional-de-afeet-2026\/#primaryimage\",\"url\":\"https:\/\/nitu.mx\/wp-content\/uploads\/2026\/01\/AFEET-Toma-de-protesta-2026.jpg\",\"contentUrl\":\"https:\/\/nitu.mx\/wp-content\/uploads\/2026\/01\/AFEET-Toma-de-protesta-2026.jpg\",\"width\":1200,\"height\":675,\"caption\":\"AFEET Toma de protesta 2026\"},{\"@type\":\"BreadcrumbList\",\"@id\":\"https:\/\/nitu.mx\/index.php\/2026\/01\/13\/claudia-gonzalez-asume-la-presidencia-nacional-de-afeet-2026\/#breadcrumb\",\"itemListElement\":[{\"@type\":\"ListItem\",\"position\":1,\"name\":\"Inicio\",\"item\":\"https:\/\/nitu.mx\/\"},{\"@type\":\"ListItem\",\"position\":2,\"name\":\"Claudia Gonz\u00e1lez asume la Presidencia Nacional de AFEET 2026\"}]},{\"@type\":\"WebSite\",\"@id\":\"https:\/\/nitu.mx\/#website\",\"url\":\"https:\/\/nitu.mx\/\",\"name\":\"Nitu - Noticias de la Industria Turistica\",\"description\":\"Noticias de la Industria Turistica\",\"publisher\":{\"@id\":\"https:\/\/nitu.mx\/#\/schema\/person\/ae7a53426417292d3dd07b45a33e01bc\"},\"alternateName\":\"Noticias de la Industria Turistica\",\"potentialAction\":[{\"@type\":\"SearchAction\",\"target\":{\"@type\":\"EntryPoint\",\"urlTemplate\":\"https:\/\/nitu.mx\/?s={search_term_string}\"},\"query-input\":\"required name=search_term_string\"}],\"inLanguage\":\"es-MX\"},{\"@type\":[\"Person\",\"Organization\"],\"@id\":\"https:\/\/nitu.mx\/#\/schema\/person\/ae7a53426417292d3dd07b45a33e01bc\",\"name\":\"Arturo Medina\",\"image\":{\"@type\":\"ImageObject\",\"inLanguage\":\"es-MX\",\"@id\":\"https:\/\/nitu.mx\/#\/schema\/person\/image\/\",\"url\":\"https:\/\/nitu.mx\/wp-content\/uploads\/2024\/04\/4A315622-1904-4D5C-B022-878CDC840E04-90x90-1.jpeg\",\"contentUrl\":\"https:\/\/nitu.mx\/wp-content\/uploads\/2024\/04\/4A315622-1904-4D5C-B022-878CDC840E04-90x90-1.jpeg\",\"width\":90,\"height\":90,\"caption\":\"Arturo Medina\"},\"logo\":{\"@id\":\"https:\/\/nitu.mx\/#\/schema\/person\/image\/\"},\"description\":\"Director NITU.mx, Egresado de la Escuela de Periodismo Carlos Septi\u00e9n Garc\u00eda. Periodista y analista especializado en turismo desde hace 35 a\u00f1os, radicado en Canc\u00fan Q.Roo. arturo@nitu.mx\",\"sameAs\":[\"https:\/\/nitu.mx\",\"https:\/\/www.facebook.com\/NITUmx\/\",\"medinacancun\",\"https:\/\/twitter.com\/@Arturo_Medina_G\"]},{\"@type\":\"Person\",\"@id\":\"https:\/\/nitu.mx\/#\/schema\/person\/3df3082b5e46037e3f13614d28ee0b77\",\"name\":\"Guadalupe Sixto\",\"image\":{\"@type\":\"ImageObject\",\"inLanguage\":\"es-MX\",\"@id\":\"https:\/\/nitu.mx\/#\/schema\/person\/image\/\",\"url\":\"https:\/\/secure.gravatar.com\/avatar\/13914e1b0e1919e91f9539de4dc584c4?s=96&d=mm&r=g\",\"contentUrl\":\"https:\/\/secure.gravatar.com\/avatar\/13914e1b0e1919e91f9539de4dc584c4?s=96&d=mm&r=g\",\"caption\":\"Guadalupe Sixto\"},\"url\":\"https:\/\/nitu.mx\/index.php\/author\/gsixto\/\"}]}<\/script>\n<!-- \/ Yoast SEO plugin. -->","yoast_head_json":{"title":"Claudia Gonz\u00e1lez asume la Presidencia Nacional de AFEET 2026 - Nitu - Noticias de la Industria Turistica","robots":{"index":"index","follow":"follow","max-snippet":"max-snippet:-1","max-image-preview":"max-image-preview:large","max-video-preview":"max-video-preview:-1"},"canonical":"https:\/\/nitu.mx\/index.php\/2026\/01\/13\/claudia-gonzalez-asume-la-presidencia-nacional-de-afeet-2026\/","twitter_card":"summary_large_image","twitter_title":"Claudia Gonz\u00e1lez asume la Presidencia Nacional de AFEET 2026 - Nitu - Noticias de la Industria Turistica","twitter_description":"La Asociaci\u00f3n Femenil de Ejecutivas de Empresas Tur\u00edsticas (AFEET) Nacional llev\u00f3 a cabo la ceremonia de Toma de Protesta de su Mesa Directiva 2026, en la que Claudia Esther Gonz\u00e1lez V\u00e1zquez asumi\u00f3 oficialmente la Presidencia Nacional, marcando el inicio de una nueva etapa de fortalecimiento, uni\u00f3n y crecimiento para la asociaci\u00f3n. Durante el evento, que [&hellip;]","twitter_image":"https:\/\/nitu.mx\/wp-content\/uploads\/2026\/01\/AFEET-Toma-de-protesta-2026.jpg","twitter_creator":"@NITUmx","twitter_site":"@Arturo_Medina_G","twitter_misc":{"Escrito por":"Guadalupe Sixto","Tiempo de lectura":"4 minutos"},"schema":{"@context":"https:\/\/schema.org","@graph":[{"@type":"Article","@id":"https:\/\/nitu.mx\/index.php\/2026\/01\/13\/claudia-gonzalez-asume-la-presidencia-nacional-de-afeet-2026\/#article","isPartOf":{"@id":"https:\/\/nitu.mx\/index.php\/2026\/01\/13\/claudia-gonzalez-asume-la-presidencia-nacional-de-afeet-2026\/"},"author":{"name":"Guadalupe Sixto","@id":"https:\/\/nitu.mx\/#\/schema\/person\/3df3082b5e46037e3f13614d28ee0b77"},"headline":"Claudia Gonz\u00e1lez asume la Presidencia Nacional de AFEET 2026","datePublished":"2026-01-14T04:42:13+00:00","dateModified":"2026-01-14T04:43:59+00:00","mainEntityOfPage":{"@id":"https:\/\/nitu.mx\/index.php\/2026\/01\/13\/claudia-gonzalez-asume-la-presidencia-nacional-de-afeet-2026\/"},"wordCount":812,"publisher":{"@id":"https:\/\/nitu.mx\/#\/schema\/person\/ae7a53426417292d3dd07b45a33e01bc"},"image":{"@id":"https:\/\/nitu.mx\/index.php\/2026\/01\/13\/claudia-gonzalez-asume-la-presidencia-nacional-de-afeet-2026\/#primaryimage"},"thumbnailUrl":"https:\/\/nitu.mx\/wp-content\/uploads\/2026\/01\/AFEET-Toma-de-protesta-2026.jpg","keywords":["Aerom\u00e9xico","AFEET","Claudia Gonz\u00e1lez","Minor Hotels"],"articleSection":["Agencias de Viajes"],"inLanguage":"es-MX"},{"@type":"WebPage","@id":"https:\/\/nitu.mx\/index.php\/2026\/01\/13\/claudia-gonzalez-asume-la-presidencia-nacional-de-afeet-2026\/","url":"https:\/\/nitu.mx\/index.php\/2026\/01\/13\/claudia-gonzalez-asume-la-presidencia-nacional-de-afeet-2026\/","name":"Claudia Gonz\u00e1lez asume la Presidencia Nacional de AFEET 2026 - Nitu - Noticias de la Industria Turistica","isPartOf":{"@id":"https:\/\/nitu.mx\/#website"},"primaryImageOfPage":{"@id":"https:\/\/nitu.mx\/index.php\/2026\/01\/13\/claudia-gonzalez-asume-la-presidencia-nacional-de-afeet-2026\/#primaryimage"},"image":{"@id":"https:\/\/nitu.mx\/index.php\/2026\/01\/13\/claudia-gonzalez-asume-la-presidencia-nacional-de-afeet-2026\/#primaryimage"},"thumbnailUrl":"https:\/\/nitu.mx\/wp-content\/uploads\/2026\/01\/AFEET-Toma-de-protesta-2026.jpg","datePublished":"2026-01-14T04:42:13+00:00","dateModified":"2026-01-14T04:43:59+00:00","breadcrumb":{"@id":"https:\/\/nitu.mx\/index.php\/2026\/01\/13\/claudia-gonzalez-asume-la-presidencia-nacional-de-afeet-2026\/#breadcrumb"},"inLanguage":"es-MX","potentialAction":[{"@type":"ReadAction","target":["https:\/\/nitu.mx\/index.php\/2026\/01\/13\/claudia-gonzalez-asume-la-presidencia-nacional-de-afeet-2026\/"]}]},{"@type":"ImageObject","inLanguage":"es-MX","@id":"https:\/\/nitu.mx\/index.php\/2026\/01\/13\/claudia-gonzalez-asume-la-presidencia-nacional-de-afeet-2026\/#primaryimage","url":"https:\/\/nitu.mx\/wp-content\/uploads\/2026\/01\/AFEET-Toma-de-protesta-2026.jpg","contentUrl":"https:\/\/nitu.mx\/wp-content\/uploads\/2026\/01\/AFEET-Toma-de-protesta-2026.jpg","width":1200,"height":675,"caption":"AFEET Toma de protesta 2026"},{"@type":"BreadcrumbList","@id":"https:\/\/nitu.mx\/index.php\/2026\/01\/13\/claudia-gonzalez-asume-la-presidencia-nacional-de-afeet-2026\/#breadcrumb","itemListElement":[{"@type":"ListItem","position":1,"name":"Inicio","item":"https:\/\/nitu.mx\/"},{"@type":"ListItem","position":2,"name":"Claudia Gonz\u00e1lez asume la Presidencia Nacional de AFEET 2026"}]},{"@type":"WebSite","@id":"https:\/\/nitu.mx\/#website","url":"https:\/\/nitu.mx\/","name":"Nitu - Noticias de la Industria Turistica","description":"Noticias de la Industria Turistica","publisher":{"@id":"https:\/\/nitu.mx\/#\/schema\/person\/ae7a53426417292d3dd07b45a33e01bc"},"alternateName":"Noticias de la Industria Turistica","potentialAction":[{"@type":"SearchAction","target":{"@type":"EntryPoint","urlTemplate":"https:\/\/nitu.mx\/?s={search_term_string}"},"query-input":"required name=search_term_string"}],"inLanguage":"es-MX"},{"@type":["Person","Organization"],"@id":"https:\/\/nitu.mx\/#\/schema\/person\/ae7a53426417292d3dd07b45a33e01bc","name":"Arturo Medina","image":{"@type":"ImageObject","inLanguage":"es-MX","@id":"https:\/\/nitu.mx\/#\/schema\/person\/image\/","url":"https:\/\/nitu.mx\/wp-content\/uploads\/2024\/04\/4A315622-1904-4D5C-B022-878CDC840E04-90x90-1.jpeg","contentUrl":"https:\/\/nitu.mx\/wp-content\/uploads\/2024\/04\/4A315622-1904-4D5C-B022-878CDC840E04-90x90-1.jpeg","width":90,"height":90,"caption":"Arturo Medina"},"logo":{"@id":"https:\/\/nitu.mx\/#\/schema\/person\/image\/"},"description":"Director NITU.mx, Egresado de la Escuela de Periodismo Carlos Septi\u00e9n Garc\u00eda. Periodista y analista especializado en turismo desde hace 35 a\u00f1os, radicado en Canc\u00fan Q.Roo. arturo@nitu.mx","sameAs":["https:\/\/nitu.mx","https:\/\/www.facebook.com\/NITUmx\/","medinacancun","https:\/\/twitter.com\/@Arturo_Medina_G"]},{"@type":"Person","@id":"https:\/\/nitu.mx\/#\/schema\/person\/3df3082b5e46037e3f13614d28ee0b77","name":"Guadalupe Sixto","image":{"@type":"ImageObject","inLanguage":"es-MX","@id":"https:\/\/nitu.mx\/#\/schema\/person\/image\/","url":"https:\/\/secure.gravatar.com\/avatar\/13914e1b0e1919e91f9539de4dc584c4?s=96&d=mm&r=g","contentUrl":"https:\/\/secure.gravatar.com\/avatar\/13914e1b0e1919e91f9539de4dc584c4?s=96&d=mm&r=g","caption":"Guadalupe Sixto"},"url":"https:\/\/nitu.mx\/index.php\/author\/gsixto\/"}]}},"views":644,"_links":{"self":[{"href":"https:\/\/nitu.mx\/index.php\/wp-json\/wp\/v2\/posts\/85577"}],"collection":[{"href":"https:\/\/nitu.mx\/index.php\/wp-json\/wp\/v2\/posts"}],"about":[{"href":"https:\/\/nitu.mx\/index.php\/wp-json\/wp\/v2\/types\/post"}],"author":[{"embeddable":true,"href":"https:\/\/nitu.mx\/index.php\/wp-json\/wp\/v2\/users\/18"}],"replies":[{"embeddable":true,"href":"https:\/\/nitu.mx\/index.php\/wp-json\/wp\/v2\/comments?post=85577"}],"version-history":[{"count":6,"href":"https:\/\/nitu.mx\/index.php\/wp-json\/wp\/v2\/posts\/85577\/revisions"}],"predecessor-version":[{"id":85597,"href":"https:\/\/nitu.mx\/index.php\/wp-json\/wp\/v2\/posts\/85577\/revisions\/85597"}],"wp:featuredmedia":[{"embeddable":true,"href":"https:\/\/nitu.mx\/index.php\/wp-json\/wp\/v2\/media\/85594"}],"wp:attachment":[{"href":"https:\/\/nitu.mx\/index.php\/wp-json\/wp\/v2\/media?parent=85577"}],"wp:term":[{"taxonomy":"category","embeddable":true,"href":"https:\/\/nitu.mx\/index.php\/wp-json\/wp\/v2\/categories?post=85577"},{"taxonomy":"post_tag","embeddable":true,"href":"https:\/\/nitu.mx\/index.php\/wp-json\/wp\/v2\/tags?post=85577"}],"curies":[{"name":"wp","href":"https:\/\/api.w.org\/{rel}","templated":true}]}}