{"id":8557,"date":"2017-04-09T21:50:45","date_gmt":"2017-04-10T02:50:45","guid":{"rendered":"http:\/\/www.dev.nitu.mx\/?p=8557"},"modified":"2017-04-10T00:12:31","modified_gmt":"2017-04-10T05:12:31","slug":"mexico-el-mas-competitivo-en-turismo-en-america-latina","status":"publish","type":"post","link":"https:\/\/nitu.mx\/index.php\/2017\/04\/09\/mexico-el-mas-competitivo-en-turismo-en-america-latina\/","title":{"rendered":"M\u00e9xico, el m\u00e1s competitivo en turismo en Am\u00e9rica Latina"},"content":{"rendered":"<p>El turismo en M\u00e9xico vuelve a brillar. Durante el 2015 ocup\u00f3 el sitio 22 en el \u00cdndice de Competitividad de Viajes y Turismo, elaborado por el Foro Econ\u00f3mico Mundial (WEF, por sus sigla en ingl\u00e9s) entre 136 pa\u00edses, el mejor desde el 2009, cuando inici\u00f3 su publicaci\u00f3n.<\/p>\n<p>Sin embargo, se advirti\u00f3 la necesidad de concentrarse en mejorar en temas de sostenibilidad ambiental (lugar 116), seguridad y protecci\u00f3n (lugar 113) y de ambiente de negocios (lugar 96), los que tuvieron la peor evaluaci\u00f3n, como requisitos para seguir escalando posiciones.<\/p>\n<p>Durante la actual administraci\u00f3n, el sector avanz\u00f3 22 posiciones (en el 2013 ocup\u00f3 el lugar 44 y repunt\u00f3 la p\u00e9rdida de un sitio del reporte previo, del 2011).<\/p>\n<p>\u201cHemos desarrollado mucho el turismo en nuestro pa\u00eds, pero todav\u00eda hay mucho por cubrir, como estimular regiones y seguir impulsando la conectividad a\u00e9rea\u201d, declar\u00f3 el secretario de Turismo, Enrique de la Madrid, en Buenos Aires, Argentina, donde se present\u00f3 el nuevo \u00edndice.<\/p>\n<p>Adem\u00e1s, entre las primeras 25 naciones con mejor competitividad (liderados por Espa\u00f1a, Francia y Alemania, Jap\u00f3n y Reino Unido), M\u00e9xico se ubic\u00f3 entre las tres que m\u00e1s posiciones subieron, junto con Jap\u00f3n y Corea del Sur, respecto del \u00edndice del 2015: ocho, cinco y 10, respectivamente.<\/p>\n<p>En lo que toca a Am\u00e9rica Latina (AL), nuestro pa\u00eds se coloc\u00f3 como el m\u00e1s competitivo en viajes y turismo, superando a Brasil (posici\u00f3n 26), Panam\u00e1 (35), Costa Rica (38), Chile (48) y Argentina (50), entre otros.<\/p>\n<p>El reporte incluye 90 indicadores englobados en 14 pilares, de los cuales los mejor evaluados fueron: recursos naturales (lugar dos), recursos culturales y viajes de negocios (lugar 10) y priorizaci\u00f3n de viajes y turismo (lugar 30).<\/p>\n<p>Como recomendaci\u00f3n a M\u00e9xico, el WEF refiri\u00f3: el nuevo desaf\u00edo ser\u00e1 crecer y preservar el medio ambiente en los destinos m\u00e1s famosos y ya maduros (como Canc\u00fan), a la par de aumentar su propuesta de valor con precios competitivos, informa El Economista.<\/p>\n<p>Un mejor futuro: De la Madrid<\/p>\n<p>Enrique de la Madrid manifest\u00f3 la oportunidad de mejorar al sector que representa el \u00edndice, y lo calific\u00f3 como \u201cinstrumento positivo y \u00fatil\u201d que permite apreciar las \u00e1reas de oportunidad.<\/p>\n<p>Dijo no estar de acuerdo en la posici\u00f3n otorgada en el pilar de sostenibilidad ambiental, porque no refleja con claridad el trabajo realizado recientemente, como ser anfitri\u00f3n de la Conferencia de las Naciones Unidas sobre Biodiversidad en Canc\u00fan el a\u00f1o pasado, donde se anunci\u00f3 que ya son 91 millones las hect\u00e1reas de zonas protegidas, por ejemplo.<\/p>\n<p>\u201cSabemos que el pr\u00f3ximo reporte tendremos una mejor posici\u00f3n. Por lo pronto, estamos trabajando en 44 agendas de competitividad de destinos tur\u00edsticos de nuestro pa\u00eds. La idea es hacer b\u00e1sicamente lo que ustedes hacen con el \u00edndice, y prestar atenci\u00f3n a los problemas que debemos ir resolviendo para mejorar la competitividad y la productividad\u201d, expuso el funcionario a Peter Vanham, gerente senior de Medios del WEF, en el panel de presentaci\u00f3n del \u00edndice.<\/p>\n<p>Para mejorar la productividad, reconoci\u00f3 que hacen falta recursos econ\u00f3micos para financiar nuevos complejos hoteleros, marinas, villas y, en general, infraestructura tur\u00edstica, aun con los \u201cgrandes esfuerzos\u201d que se han hecho de colaboraci\u00f3n con el sistema financiero, por lo que invit\u00f3 al sector privado a invertir y aprovechar a plenitud \u201cla hospitalidad que caracteriza a los mexicanos\u201d.<\/p>\n<p>El secretario de Turismo ha representado a nuestro pa\u00eds, en importantes foros mundiales, como se ha dado seguimiento en<em><strong> NITU.mx<\/strong><\/em>.\u00a0(<a title=\"De la Madrid representar\u00e1 a M\u00e9xico en Davos\" href=\"http:\/\/www.dev.nitu.mx\/index.php\/2017\/01\/12\/de-la-madrid-representara-a-mexico-en-davos\/\" rel=\"bookmark\">De la Madrid representar\u00e1 a M\u00e9xico en Davos<\/a>).<\/p>\n","protected":false},"excerpt":{"rendered":"<p>El turismo en M\u00e9xico vuelve a brillar. Durante el 2015 ocup\u00f3 el sitio 22 en el \u00cdndice de Competitividad de Viajes y Turismo, elaborado por el Foro Econ\u00f3mico Mundial (WEF, por sus sigla en ingl\u00e9s) entre 136 pa\u00edses, el mejor desde el 2009, cuando inici\u00f3 su publicaci\u00f3n. Sin embargo, se advirti\u00f3 la necesidad de concentrarse [&hellip;]<\/p>\n","protected":false},"author":17,"featured_media":8566,"comment_status":"open","ping_status":"open","sticky":false,"template":"","format":"standard","meta":{"footnotes":""},"categories":[374,6],"tags":[95,3806,68,175,3807],"yoast_head":"<!-- This site is optimized with the Yoast SEO plugin v22.2 - https:\/\/yoast.com\/wordpress\/plugins\/seo\/ -->\n<title>M\u00e9xico, el m\u00e1s competitivo en turismo en Am\u00e9rica Latina - Nitu - Noticias de la Industria Turistica<\/title>\n<meta name=\"description\" content=\"Durante el 2015, M\u00e9xico ocup\u00f3 el sitio 22 en el \u00cdndice de Competitividad de Viajes y Turismo, elaborado por el Foro Econ\u00f3mico Mundial\" \/>\n<meta name=\"robots\" content=\"index, follow, max-snippet:-1, max-image-preview:large, max-video-preview:-1\" \/>\n<link rel=\"canonical\" href=\"https:\/\/nitu.mx\/index.php\/2017\/04\/09\/mexico-el-mas-competitivo-en-turismo-en-america-latina\/\" \/>\n<meta name=\"twitter:card\" content=\"summary_large_image\" \/>\n<meta name=\"twitter:title\" content=\"M\u00e9xico, el m\u00e1s competitivo en turismo en Am\u00e9rica Latina - Nitu - Noticias de la Industria Turistica\" \/>\n<meta name=\"twitter:description\" content=\"Durante el 2015, M\u00e9xico ocup\u00f3 el sitio 22 en el \u00cdndice de Competitividad de Viajes y Turismo, elaborado por el Foro Econ\u00f3mico Mundial\" \/>\n<meta name=\"twitter:image\" content=\"https:\/\/nitu.mx\/wp-content\/uploads\/2017\/04\/WEF04.jpg\" \/>\n<meta name=\"twitter:creator\" content=\"@NITUmx\" \/>\n<meta name=\"twitter:site\" content=\"@Arturo_Medina_G\" \/>\n<meta name=\"twitter:label1\" content=\"Escrito por\" \/>\n\t<meta name=\"twitter:data1\" content=\"Redacci\u00f3n\" \/>\n\t<meta name=\"twitter:label2\" content=\"Tiempo de lectura\" \/>\n\t<meta name=\"twitter:data2\" content=\"3 minutos\" \/>\n<script type=\"application\/ld+json\" class=\"yoast-schema-graph\">{\"@context\":\"https:\/\/schema.org\",\"@graph\":[{\"@type\":\"Article\",\"@id\":\"https:\/\/nitu.mx\/index.php\/2017\/04\/09\/mexico-el-mas-competitivo-en-turismo-en-america-latina\/#article\",\"isPartOf\":{\"@id\":\"https:\/\/nitu.mx\/index.php\/2017\/04\/09\/mexico-el-mas-competitivo-en-turismo-en-america-latina\/\"},\"author\":{\"name\":\"Redacci\u00f3n\",\"@id\":\"https:\/\/nitu.mx\/#\/schema\/person\/4a28fe9bd65924f7c90623773daf1b0b\"},\"headline\":\"M\u00e9xico, el m\u00e1s competitivo en turismo en Am\u00e9rica Latina\",\"datePublished\":\"2017-04-10T02:50:45+00:00\",\"dateModified\":\"2017-04-10T05:12:31+00:00\",\"mainEntityOfPage\":{\"@id\":\"https:\/\/nitu.mx\/index.php\/2017\/04\/09\/mexico-el-mas-competitivo-en-turismo-en-america-latina\/\"},\"wordCount\":602,\"commentCount\":0,\"publisher\":{\"@id\":\"https:\/\/nitu.mx\/#\/schema\/person\/ae7a53426417292d3dd07b45a33e01bc\"},\"image\":{\"@id\":\"https:\/\/nitu.mx\/index.php\/2017\/04\/09\/mexico-el-mas-competitivo-en-turismo-en-america-latina\/#primaryimage\"},\"thumbnailUrl\":\"https:\/\/nitu.mx\/wp-content\/uploads\/2017\/04\/WEF04.jpg\",\"keywords\":[\"Enrique de la Madrid Cordero\",\"Foro Econ\u00f3mico Mundial\",\"M\u00e9xico\",\"Secretario de Turismo\",\"Sector turismo\"],\"articleSection\":[\"Internacional\",\"M\u00e9xico\"],\"inLanguage\":\"es-MX\",\"potentialAction\":[{\"@type\":\"CommentAction\",\"name\":\"Comment\",\"target\":[\"https:\/\/nitu.mx\/index.php\/2017\/04\/09\/mexico-el-mas-competitivo-en-turismo-en-america-latina\/#respond\"]}]},{\"@type\":\"WebPage\",\"@id\":\"https:\/\/nitu.mx\/index.php\/2017\/04\/09\/mexico-el-mas-competitivo-en-turismo-en-america-latina\/\",\"url\":\"https:\/\/nitu.mx\/index.php\/2017\/04\/09\/mexico-el-mas-competitivo-en-turismo-en-america-latina\/\",\"name\":\"M\u00e9xico, el m\u00e1s competitivo en turismo en Am\u00e9rica Latina - Nitu - Noticias de la Industria Turistica\",\"isPartOf\":{\"@id\":\"https:\/\/nitu.mx\/#website\"},\"primaryImageOfPage\":{\"@id\":\"https:\/\/nitu.mx\/index.php\/2017\/04\/09\/mexico-el-mas-competitivo-en-turismo-en-america-latina\/#primaryimage\"},\"image\":{\"@id\":\"https:\/\/nitu.mx\/index.php\/2017\/04\/09\/mexico-el-mas-competitivo-en-turismo-en-america-latina\/#primaryimage\"},\"thumbnailUrl\":\"https:\/\/nitu.mx\/wp-content\/uploads\/2017\/04\/WEF04.jpg\",\"datePublished\":\"2017-04-10T02:50:45+00:00\",\"dateModified\":\"2017-04-10T05:12:31+00:00\",\"description\":\"Durante el 2015, M\u00e9xico ocup\u00f3 el sitio 22 en el \u00cdndice de Competitividad de Viajes y Turismo, elaborado por el Foro Econ\u00f3mico Mundial\",\"breadcrumb\":{\"@id\":\"https:\/\/nitu.mx\/index.php\/2017\/04\/09\/mexico-el-mas-competitivo-en-turismo-en-america-latina\/#breadcrumb\"},\"inLanguage\":\"es-MX\",\"potentialAction\":[{\"@type\":\"ReadAction\",\"target\":[\"https:\/\/nitu.mx\/index.php\/2017\/04\/09\/mexico-el-mas-competitivo-en-turismo-en-america-latina\/\"]}]},{\"@type\":\"ImageObject\",\"inLanguage\":\"es-MX\",\"@id\":\"https:\/\/nitu.mx\/index.php\/2017\/04\/09\/mexico-el-mas-competitivo-en-turismo-en-america-latina\/#primaryimage\",\"url\":\"https:\/\/nitu.mx\/wp-content\/uploads\/2017\/04\/WEF04.jpg\",\"contentUrl\":\"https:\/\/nitu.mx\/wp-content\/uploads\/2017\/04\/WEF04.jpg\",\"width\":850,\"height\":480,\"caption\":\"competitividad\"},{\"@type\":\"BreadcrumbList\",\"@id\":\"https:\/\/nitu.mx\/index.php\/2017\/04\/09\/mexico-el-mas-competitivo-en-turismo-en-america-latina\/#breadcrumb\",\"itemListElement\":[{\"@type\":\"ListItem\",\"position\":1,\"name\":\"Inicio\",\"item\":\"https:\/\/nitu.mx\/\"},{\"@type\":\"ListItem\",\"position\":2,\"name\":\"M\u00e9xico, el m\u00e1s competitivo en turismo en Am\u00e9rica Latina\"}]},{\"@type\":\"WebSite\",\"@id\":\"https:\/\/nitu.mx\/#website\",\"url\":\"https:\/\/nitu.mx\/\",\"name\":\"Nitu - Noticias de la Industria Turistica\",\"description\":\"Noticias de la Industria Turistica\",\"publisher\":{\"@id\":\"https:\/\/nitu.mx\/#\/schema\/person\/ae7a53426417292d3dd07b45a33e01bc\"},\"alternateName\":\"Noticias de la Industria Turistica\",\"potentialAction\":[{\"@type\":\"SearchAction\",\"target\":{\"@type\":\"EntryPoint\",\"urlTemplate\":\"https:\/\/nitu.mx\/?s={search_term_string}\"},\"query-input\":\"required name=search_term_string\"}],\"inLanguage\":\"es-MX\"},{\"@type\":[\"Person\",\"Organization\"],\"@id\":\"https:\/\/nitu.mx\/#\/schema\/person\/ae7a53426417292d3dd07b45a33e01bc\",\"name\":\"Arturo Medina\",\"image\":{\"@type\":\"ImageObject\",\"inLanguage\":\"es-MX\",\"@id\":\"https:\/\/nitu.mx\/#\/schema\/person\/image\/\",\"url\":\"https:\/\/nitu.mx\/wp-content\/uploads\/2024\/04\/4A315622-1904-4D5C-B022-878CDC840E04-90x90-1.jpeg\",\"contentUrl\":\"https:\/\/nitu.mx\/wp-content\/uploads\/2024\/04\/4A315622-1904-4D5C-B022-878CDC840E04-90x90-1.jpeg\",\"width\":90,\"height\":90,\"caption\":\"Arturo Medina\"},\"logo\":{\"@id\":\"https:\/\/nitu.mx\/#\/schema\/person\/image\/\"},\"description\":\"Director NITU.mx, Egresado de la Escuela de Periodismo Carlos Septi\u00e9n Garc\u00eda. Periodista y analista especializado en turismo desde hace 35 a\u00f1os, radicado en Canc\u00fan Q.Roo. arturo@nitu.mx\",\"sameAs\":[\"https:\/\/nitu.mx\",\"https:\/\/www.facebook.com\/NITUmx\/\",\"medinacancun\",\"https:\/\/twitter.com\/@Arturo_Medina_G\"]},{\"@type\":\"Person\",\"@id\":\"https:\/\/nitu.mx\/#\/schema\/person\/4a28fe9bd65924f7c90623773daf1b0b\",\"name\":\"Redacci\u00f3n\",\"image\":{\"@type\":\"ImageObject\",\"inLanguage\":\"es-MX\",\"@id\":\"https:\/\/nitu.mx\/#\/schema\/person\/image\/\",\"url\":\"https:\/\/secure.gravatar.com\/avatar\/5dd011c8ccfc5cd7e4c81e42252aab38?s=96&d=mm&r=g\",\"contentUrl\":\"https:\/\/secure.gravatar.com\/avatar\/5dd011c8ccfc5cd7e4c81e42252aab38?s=96&d=mm&r=g\",\"caption\":\"Redacci\u00f3n\"},\"url\":\"https:\/\/nitu.mx\/index.php\/author\/redaccion\/\"}]}<\/script>\n<!-- \/ Yoast SEO plugin. -->","yoast_head_json":{"title":"M\u00e9xico, el m\u00e1s competitivo en turismo en Am\u00e9rica Latina - Nitu - Noticias de la Industria Turistica","description":"Durante el 2015, M\u00e9xico ocup\u00f3 el sitio 22 en el \u00cdndice de Competitividad de Viajes y Turismo, elaborado por el Foro Econ\u00f3mico Mundial","robots":{"index":"index","follow":"follow","max-snippet":"max-snippet:-1","max-image-preview":"max-image-preview:large","max-video-preview":"max-video-preview:-1"},"canonical":"https:\/\/nitu.mx\/index.php\/2017\/04\/09\/mexico-el-mas-competitivo-en-turismo-en-america-latina\/","twitter_card":"summary_large_image","twitter_title":"M\u00e9xico, el m\u00e1s competitivo en turismo en Am\u00e9rica Latina - Nitu - Noticias de la Industria Turistica","twitter_description":"Durante el 2015, M\u00e9xico ocup\u00f3 el sitio 22 en el \u00cdndice de Competitividad de Viajes y Turismo, elaborado por el Foro Econ\u00f3mico Mundial","twitter_image":"https:\/\/nitu.mx\/wp-content\/uploads\/2017\/04\/WEF04.jpg","twitter_creator":"@NITUmx","twitter_site":"@Arturo_Medina_G","twitter_misc":{"Escrito por":"Redacci\u00f3n","Tiempo de lectura":"3 minutos"},"schema":{"@context":"https:\/\/schema.org","@graph":[{"@type":"Article","@id":"https:\/\/nitu.mx\/index.php\/2017\/04\/09\/mexico-el-mas-competitivo-en-turismo-en-america-latina\/#article","isPartOf":{"@id":"https:\/\/nitu.mx\/index.php\/2017\/04\/09\/mexico-el-mas-competitivo-en-turismo-en-america-latina\/"},"author":{"name":"Redacci\u00f3n","@id":"https:\/\/nitu.mx\/#\/schema\/person\/4a28fe9bd65924f7c90623773daf1b0b"},"headline":"M\u00e9xico, el m\u00e1s competitivo en turismo en Am\u00e9rica Latina","datePublished":"2017-04-10T02:50:45+00:00","dateModified":"2017-04-10T05:12:31+00:00","mainEntityOfPage":{"@id":"https:\/\/nitu.mx\/index.php\/2017\/04\/09\/mexico-el-mas-competitivo-en-turismo-en-america-latina\/"},"wordCount":602,"commentCount":0,"publisher":{"@id":"https:\/\/nitu.mx\/#\/schema\/person\/ae7a53426417292d3dd07b45a33e01bc"},"image":{"@id":"https:\/\/nitu.mx\/index.php\/2017\/04\/09\/mexico-el-mas-competitivo-en-turismo-en-america-latina\/#primaryimage"},"thumbnailUrl":"https:\/\/nitu.mx\/wp-content\/uploads\/2017\/04\/WEF04.jpg","keywords":["Enrique de la Madrid Cordero","Foro Econ\u00f3mico Mundial","M\u00e9xico","Secretario de Turismo","Sector turismo"],"articleSection":["Internacional","M\u00e9xico"],"inLanguage":"es-MX","potentialAction":[{"@type":"CommentAction","name":"Comment","target":["https:\/\/nitu.mx\/index.php\/2017\/04\/09\/mexico-el-mas-competitivo-en-turismo-en-america-latina\/#respond"]}]},{"@type":"WebPage","@id":"https:\/\/nitu.mx\/index.php\/2017\/04\/09\/mexico-el-mas-competitivo-en-turismo-en-america-latina\/","url":"https:\/\/nitu.mx\/index.php\/2017\/04\/09\/mexico-el-mas-competitivo-en-turismo-en-america-latina\/","name":"M\u00e9xico, el m\u00e1s competitivo en turismo en Am\u00e9rica Latina - Nitu - Noticias de la Industria Turistica","isPartOf":{"@id":"https:\/\/nitu.mx\/#website"},"primaryImageOfPage":{"@id":"https:\/\/nitu.mx\/index.php\/2017\/04\/09\/mexico-el-mas-competitivo-en-turismo-en-america-latina\/#primaryimage"},"image":{"@id":"https:\/\/nitu.mx\/index.php\/2017\/04\/09\/mexico-el-mas-competitivo-en-turismo-en-america-latina\/#primaryimage"},"thumbnailUrl":"https:\/\/nitu.mx\/wp-content\/uploads\/2017\/04\/WEF04.jpg","datePublished":"2017-04-10T02:50:45+00:00","dateModified":"2017-04-10T05:12:31+00:00","description":"Durante el 2015, M\u00e9xico ocup\u00f3 el sitio 22 en el \u00cdndice de Competitividad de Viajes y Turismo, elaborado por el Foro Econ\u00f3mico Mundial","breadcrumb":{"@id":"https:\/\/nitu.mx\/index.php\/2017\/04\/09\/mexico-el-mas-competitivo-en-turismo-en-america-latina\/#breadcrumb"},"inLanguage":"es-MX","potentialAction":[{"@type":"ReadAction","target":["https:\/\/nitu.mx\/index.php\/2017\/04\/09\/mexico-el-mas-competitivo-en-turismo-en-america-latina\/"]}]},{"@type":"ImageObject","inLanguage":"es-MX","@id":"https:\/\/nitu.mx\/index.php\/2017\/04\/09\/mexico-el-mas-competitivo-en-turismo-en-america-latina\/#primaryimage","url":"https:\/\/nitu.mx\/wp-content\/uploads\/2017\/04\/WEF04.jpg","contentUrl":"https:\/\/nitu.mx\/wp-content\/uploads\/2017\/04\/WEF04.jpg","width":850,"height":480,"caption":"competitividad"},{"@type":"BreadcrumbList","@id":"https:\/\/nitu.mx\/index.php\/2017\/04\/09\/mexico-el-mas-competitivo-en-turismo-en-america-latina\/#breadcrumb","itemListElement":[{"@type":"ListItem","position":1,"name":"Inicio","item":"https:\/\/nitu.mx\/"},{"@type":"ListItem","position":2,"name":"M\u00e9xico, el m\u00e1s competitivo en turismo en Am\u00e9rica Latina"}]},{"@type":"WebSite","@id":"https:\/\/nitu.mx\/#website","url":"https:\/\/nitu.mx\/","name":"Nitu - Noticias de la Industria Turistica","description":"Noticias de la Industria Turistica","publisher":{"@id":"https:\/\/nitu.mx\/#\/schema\/person\/ae7a53426417292d3dd07b45a33e01bc"},"alternateName":"Noticias de la Industria Turistica","potentialAction":[{"@type":"SearchAction","target":{"@type":"EntryPoint","urlTemplate":"https:\/\/nitu.mx\/?s={search_term_string}"},"query-input":"required name=search_term_string"}],"inLanguage":"es-MX"},{"@type":["Person","Organization"],"@id":"https:\/\/nitu.mx\/#\/schema\/person\/ae7a53426417292d3dd07b45a33e01bc","name":"Arturo Medina","image":{"@type":"ImageObject","inLanguage":"es-MX","@id":"https:\/\/nitu.mx\/#\/schema\/person\/image\/","url":"https:\/\/nitu.mx\/wp-content\/uploads\/2024\/04\/4A315622-1904-4D5C-B022-878CDC840E04-90x90-1.jpeg","contentUrl":"https:\/\/nitu.mx\/wp-content\/uploads\/2024\/04\/4A315622-1904-4D5C-B022-878CDC840E04-90x90-1.jpeg","width":90,"height":90,"caption":"Arturo Medina"},"logo":{"@id":"https:\/\/nitu.mx\/#\/schema\/person\/image\/"},"description":"Director NITU.mx, Egresado de la Escuela de Periodismo Carlos Septi\u00e9n Garc\u00eda. Periodista y analista especializado en turismo desde hace 35 a\u00f1os, radicado en Canc\u00fan Q.Roo. arturo@nitu.mx","sameAs":["https:\/\/nitu.mx","https:\/\/www.facebook.com\/NITUmx\/","medinacancun","https:\/\/twitter.com\/@Arturo_Medina_G"]},{"@type":"Person","@id":"https:\/\/nitu.mx\/#\/schema\/person\/4a28fe9bd65924f7c90623773daf1b0b","name":"Redacci\u00f3n","image":{"@type":"ImageObject","inLanguage":"es-MX","@id":"https:\/\/nitu.mx\/#\/schema\/person\/image\/","url":"https:\/\/secure.gravatar.com\/avatar\/5dd011c8ccfc5cd7e4c81e42252aab38?s=96&d=mm&r=g","contentUrl":"https:\/\/secure.gravatar.com\/avatar\/5dd011c8ccfc5cd7e4c81e42252aab38?s=96&d=mm&r=g","caption":"Redacci\u00f3n"},"url":"https:\/\/nitu.mx\/index.php\/author\/redaccion\/"}]}},"views":219,"_links":{"self":[{"href":"https:\/\/nitu.mx\/index.php\/wp-json\/wp\/v2\/posts\/8557"}],"collection":[{"href":"https:\/\/nitu.mx\/index.php\/wp-json\/wp\/v2\/posts"}],"about":[{"href":"https:\/\/nitu.mx\/index.php\/wp-json\/wp\/v2\/types\/post"}],"author":[{"embeddable":true,"href":"https:\/\/nitu.mx\/index.php\/wp-json\/wp\/v2\/users\/17"}],"replies":[{"embeddable":true,"href":"https:\/\/nitu.mx\/index.php\/wp-json\/wp\/v2\/comments?post=8557"}],"version-history":[{"count":4,"href":"https:\/\/nitu.mx\/index.php\/wp-json\/wp\/v2\/posts\/8557\/revisions"}],"predecessor-version":[{"id":8568,"href":"https:\/\/nitu.mx\/index.php\/wp-json\/wp\/v2\/posts\/8557\/revisions\/8568"}],"wp:featuredmedia":[{"embeddable":true,"href":"https:\/\/nitu.mx\/index.php\/wp-json\/wp\/v2\/media\/8566"}],"wp:attachment":[{"href":"https:\/\/nitu.mx\/index.php\/wp-json\/wp\/v2\/media?parent=8557"}],"wp:term":[{"taxonomy":"category","embeddable":true,"href":"https:\/\/nitu.mx\/index.php\/wp-json\/wp\/v2\/categories?post=8557"},{"taxonomy":"post_tag","embeddable":true,"href":"https:\/\/nitu.mx\/index.php\/wp-json\/wp\/v2\/tags?post=8557"}],"curies":[{"name":"wp","href":"https:\/\/api.w.org\/{rel}","templated":true}]}}