{"id":85562,"date":"2026-01-12T21:00:52","date_gmt":"2026-01-13T03:00:52","guid":{"rendered":"https:\/\/nitu.mx\/?p=85562"},"modified":"2026-01-12T21:00:53","modified_gmt":"2026-01-13T03:00:53","slug":"atienden-recale-atipico-de-sargazo-en-playa-del-carmen","status":"publish","type":"post","link":"https:\/\/nitu.mx\/index.php\/2026\/01\/12\/atienden-recale-atipico-de-sargazo-en-playa-del-carmen\/","title":{"rendered":"Atienden recale at\u00edpico de sargazo en Playa del Carmen"},"content":{"rendered":"\n<p>El gobierno municipal de Playa del Carmen inform\u00f3 que, debido a la presencia de una surada, se ha registrado un recale at\u00edpico en las costas del municipio, fen\u00f3meno que ocurre cuando los vientos y corrientes marinas se dirigen directamente hacia la playa, arrastrando residuos que se encuentran mar adentro.<\/p>\n\n\n\n<p>Al respecto, la secretaria de Medio Ambiente Sustentable y Cambio Clim\u00e1tico, Samantha \u00c1lvarez Hern\u00e1ndez, explic\u00f3 que a diferencia de los vientos del norte, que suelen ayudar a alejar el material acumulado en la franja costera, la surada provoca que tanto el sargazo como una gran cantidad de basura marina lleguen a las playas, afectando su imagen y condiciones ambientales.<\/p>\n\n\n\n<p>Ante esta situaci\u00f3n, dijo, en los recientes d\u00edas se mantiene un operativo activo en todas las playas del municipio, con el despliegue de maquinaria, herramientas y personal operativo, a fin de atender de manera oportuna el recale y mantener los arenales en condiciones adecuadas para residentes y visitantes.<\/p>\n\n\n\n<p>Asimismo, se realiza un monitoreo constante en coordinaci\u00f3n con la Secretar\u00eda de Marina, con el objetivo de iniciar en tiempo y forma los trabajos de instalaci\u00f3n de barreras antisargazo, de cara a la pr\u00f3xima temporada de arribo masivo de sargazo, adem\u00e1s de colaborar con hoteles que ya cuentan con infraestructura propia para la contenci\u00f3n de la macro alga.<\/p>\n\n\n\n<p>Estas acciones se llevan a cabo de manera conjunta con la Secretar\u00eda de Medio Ambiente (SEMA) del gobierno de Quintana Roo, reforzando la vigilancia y atenci\u00f3n continua ante cualquier cambio en las condiciones climatol\u00f3gicas y mar\u00edtimas, reafirmando el compromiso del gobierno de Playa del Carmen con la protecci\u00f3n del medio ambiente y el cuidado de las playas. (<a href=\"https:\/\/nitu.mx\/index.php\/2025\/10\/20\/playa-del-carmen-estrena-nuevo-arco-de-acceso-como-simbolo-de-identidad-y-seguridad\/\">Playa del Carmen estrena nuevo Arco de Acceso como s\u00edmbolo de identidad y seguridad<\/a>).<\/p>\n","protected":false},"excerpt":{"rendered":"<p>El gobierno municipal de Playa del Carmen inform\u00f3 que, debido a la presencia de una surada, se ha registrado un recale at\u00edpico en las costas del municipio, fen\u00f3meno que ocurre cuando los vientos y corrientes marinas se dirigen directamente hacia la playa, arrastrando residuos que se encuentran mar adentro. Al respecto, la secretaria de Medio [&hellip;]<\/p>\n","protected":false},"author":17,"featured_media":85565,"comment_status":"closed","ping_status":"closed","sticky":false,"template":"","format":"standard","meta":{"footnotes":""},"categories":[18475],"tags":[405,10332,7338,5577],"yoast_head":"<!-- This site is optimized with the Yoast SEO plugin v22.2 - https:\/\/yoast.com\/wordpress\/plugins\/seo\/ -->\n<title>Atienden recale at\u00edpico de sargazo en Playa del Carmen - Nitu - Noticias de la Industria Turistica<\/title>\n<meta name=\"robots\" content=\"index, follow, max-snippet:-1, max-image-preview:large, max-video-preview:-1\" \/>\n<link rel=\"canonical\" href=\"https:\/\/nitu.mx\/index.php\/2026\/01\/12\/atienden-recale-atipico-de-sargazo-en-playa-del-carmen\/\" \/>\n<meta name=\"twitter:card\" content=\"summary_large_image\" \/>\n<meta name=\"twitter:title\" content=\"Atienden recale at\u00edpico de sargazo en Playa del Carmen - Nitu - Noticias de la Industria Turistica\" \/>\n<meta name=\"twitter:description\" content=\"El gobierno municipal de Playa del Carmen inform\u00f3 que, debido a la presencia de una surada, se ha registrado un recale at\u00edpico en las costas del municipio, fen\u00f3meno que ocurre cuando los vientos y corrientes marinas se dirigen directamente hacia la playa, arrastrando residuos que se encuentran mar adentro. Al respecto, la secretaria de Medio [&hellip;]\" \/>\n<meta name=\"twitter:image\" content=\"https:\/\/nitu.mx\/wp-content\/uploads\/2026\/01\/Playa-del-Carmen-recale-atipico-de-sargazo.jpg\" \/>\n<meta name=\"twitter:creator\" content=\"@NITUmx\" \/>\n<meta name=\"twitter:site\" content=\"@Arturo_Medina_G\" \/>\n<meta name=\"twitter:label1\" content=\"Escrito por\" \/>\n\t<meta name=\"twitter:data1\" content=\"Redacci\u00f3n\" \/>\n\t<meta name=\"twitter:label2\" content=\"Tiempo de lectura\" \/>\n\t<meta name=\"twitter:data2\" content=\"2 minutos\" \/>\n<script type=\"application\/ld+json\" class=\"yoast-schema-graph\">{\"@context\":\"https:\/\/schema.org\",\"@graph\":[{\"@type\":\"Article\",\"@id\":\"https:\/\/nitu.mx\/index.php\/2026\/01\/12\/atienden-recale-atipico-de-sargazo-en-playa-del-carmen\/#article\",\"isPartOf\":{\"@id\":\"https:\/\/nitu.mx\/index.php\/2026\/01\/12\/atienden-recale-atipico-de-sargazo-en-playa-del-carmen\/\"},\"author\":{\"name\":\"Redacci\u00f3n\",\"@id\":\"https:\/\/nitu.mx\/#\/schema\/person\/4a28fe9bd65924f7c90623773daf1b0b\"},\"headline\":\"Atienden recale at\u00edpico de sargazo en Playa del Carmen\",\"datePublished\":\"2026-01-13T03:00:52+00:00\",\"dateModified\":\"2026-01-13T03:00:53+00:00\",\"mainEntityOfPage\":{\"@id\":\"https:\/\/nitu.mx\/index.php\/2026\/01\/12\/atienden-recale-atipico-de-sargazo-en-playa-del-carmen\/\"},\"wordCount\":313,\"publisher\":{\"@id\":\"https:\/\/nitu.mx\/#\/schema\/person\/ae7a53426417292d3dd07b45a33e01bc\"},\"image\":{\"@id\":\"https:\/\/nitu.mx\/index.php\/2026\/01\/12\/atienden-recale-atipico-de-sargazo-en-playa-del-carmen\/#primaryimage\"},\"thumbnailUrl\":\"https:\/\/nitu.mx\/wp-content\/uploads\/2026\/01\/Playa-del-Carmen-recale-atipico-de-sargazo.jpg\",\"keywords\":[\"Playa del Carmen\",\"sargazo\",\"SEMA\",\"SEMAR\"],\"articleSection\":[\"Caribe Mexicano\"],\"inLanguage\":\"es-MX\"},{\"@type\":\"WebPage\",\"@id\":\"https:\/\/nitu.mx\/index.php\/2026\/01\/12\/atienden-recale-atipico-de-sargazo-en-playa-del-carmen\/\",\"url\":\"https:\/\/nitu.mx\/index.php\/2026\/01\/12\/atienden-recale-atipico-de-sargazo-en-playa-del-carmen\/\",\"name\":\"Atienden recale at\u00edpico de sargazo en Playa del Carmen - Nitu - Noticias de la Industria Turistica\",\"isPartOf\":{\"@id\":\"https:\/\/nitu.mx\/#website\"},\"primaryImageOfPage\":{\"@id\":\"https:\/\/nitu.mx\/index.php\/2026\/01\/12\/atienden-recale-atipico-de-sargazo-en-playa-del-carmen\/#primaryimage\"},\"image\":{\"@id\":\"https:\/\/nitu.mx\/index.php\/2026\/01\/12\/atienden-recale-atipico-de-sargazo-en-playa-del-carmen\/#primaryimage\"},\"thumbnailUrl\":\"https:\/\/nitu.mx\/wp-content\/uploads\/2026\/01\/Playa-del-Carmen-recale-atipico-de-sargazo.jpg\",\"datePublished\":\"2026-01-13T03:00:52+00:00\",\"dateModified\":\"2026-01-13T03:00:53+00:00\",\"breadcrumb\":{\"@id\":\"https:\/\/nitu.mx\/index.php\/2026\/01\/12\/atienden-recale-atipico-de-sargazo-en-playa-del-carmen\/#breadcrumb\"},\"inLanguage\":\"es-MX\",\"potentialAction\":[{\"@type\":\"ReadAction\",\"target\":[\"https:\/\/nitu.mx\/index.php\/2026\/01\/12\/atienden-recale-atipico-de-sargazo-en-playa-del-carmen\/\"]}]},{\"@type\":\"ImageObject\",\"inLanguage\":\"es-MX\",\"@id\":\"https:\/\/nitu.mx\/index.php\/2026\/01\/12\/atienden-recale-atipico-de-sargazo-en-playa-del-carmen\/#primaryimage\",\"url\":\"https:\/\/nitu.mx\/wp-content\/uploads\/2026\/01\/Playa-del-Carmen-recale-atipico-de-sargazo.jpg\",\"contentUrl\":\"https:\/\/nitu.mx\/wp-content\/uploads\/2026\/01\/Playa-del-Carmen-recale-atipico-de-sargazo.jpg\",\"width\":1200,\"height\":675,\"caption\":\"Playa del Carmen recale at\u00edpico de sargazo\"},{\"@type\":\"BreadcrumbList\",\"@id\":\"https:\/\/nitu.mx\/index.php\/2026\/01\/12\/atienden-recale-atipico-de-sargazo-en-playa-del-carmen\/#breadcrumb\",\"itemListElement\":[{\"@type\":\"ListItem\",\"position\":1,\"name\":\"Inicio\",\"item\":\"https:\/\/nitu.mx\/\"},{\"@type\":\"ListItem\",\"position\":2,\"name\":\"Atienden recale at\u00edpico de sargazo en Playa del Carmen\"}]},{\"@type\":\"WebSite\",\"@id\":\"https:\/\/nitu.mx\/#website\",\"url\":\"https:\/\/nitu.mx\/\",\"name\":\"Nitu - Noticias de la Industria Turistica\",\"description\":\"Noticias de la Industria Turistica\",\"publisher\":{\"@id\":\"https:\/\/nitu.mx\/#\/schema\/person\/ae7a53426417292d3dd07b45a33e01bc\"},\"alternateName\":\"Noticias de la Industria Turistica\",\"potentialAction\":[{\"@type\":\"SearchAction\",\"target\":{\"@type\":\"EntryPoint\",\"urlTemplate\":\"https:\/\/nitu.mx\/?s={search_term_string}\"},\"query-input\":\"required name=search_term_string\"}],\"inLanguage\":\"es-MX\"},{\"@type\":[\"Person\",\"Organization\"],\"@id\":\"https:\/\/nitu.mx\/#\/schema\/person\/ae7a53426417292d3dd07b45a33e01bc\",\"name\":\"Arturo Medina\",\"image\":{\"@type\":\"ImageObject\",\"inLanguage\":\"es-MX\",\"@id\":\"https:\/\/nitu.mx\/#\/schema\/person\/image\/\",\"url\":\"https:\/\/nitu.mx\/wp-content\/uploads\/2024\/04\/4A315622-1904-4D5C-B022-878CDC840E04-90x90-1.jpeg\",\"contentUrl\":\"https:\/\/nitu.mx\/wp-content\/uploads\/2024\/04\/4A315622-1904-4D5C-B022-878CDC840E04-90x90-1.jpeg\",\"width\":90,\"height\":90,\"caption\":\"Arturo Medina\"},\"logo\":{\"@id\":\"https:\/\/nitu.mx\/#\/schema\/person\/image\/\"},\"description\":\"Director NITU.mx, Egresado de la Escuela de Periodismo Carlos Septi\u00e9n Garc\u00eda. Periodista y analista especializado en turismo desde hace 35 a\u00f1os, radicado en Canc\u00fan Q.Roo. arturo@nitu.mx\",\"sameAs\":[\"https:\/\/nitu.mx\",\"https:\/\/www.facebook.com\/NITUmx\/\",\"medinacancun\",\"https:\/\/twitter.com\/@Arturo_Medina_G\"]},{\"@type\":\"Person\",\"@id\":\"https:\/\/nitu.mx\/#\/schema\/person\/4a28fe9bd65924f7c90623773daf1b0b\",\"name\":\"Redacci\u00f3n\",\"image\":{\"@type\":\"ImageObject\",\"inLanguage\":\"es-MX\",\"@id\":\"https:\/\/nitu.mx\/#\/schema\/person\/image\/\",\"url\":\"https:\/\/secure.gravatar.com\/avatar\/5dd011c8ccfc5cd7e4c81e42252aab38?s=96&d=mm&r=g\",\"contentUrl\":\"https:\/\/secure.gravatar.com\/avatar\/5dd011c8ccfc5cd7e4c81e42252aab38?s=96&d=mm&r=g\",\"caption\":\"Redacci\u00f3n\"},\"url\":\"https:\/\/nitu.mx\/index.php\/author\/redaccion\/\"}]}<\/script>\n<!-- \/ Yoast SEO plugin. -->","yoast_head_json":{"title":"Atienden recale at\u00edpico de sargazo en Playa del Carmen - Nitu - Noticias de la Industria Turistica","robots":{"index":"index","follow":"follow","max-snippet":"max-snippet:-1","max-image-preview":"max-image-preview:large","max-video-preview":"max-video-preview:-1"},"canonical":"https:\/\/nitu.mx\/index.php\/2026\/01\/12\/atienden-recale-atipico-de-sargazo-en-playa-del-carmen\/","twitter_card":"summary_large_image","twitter_title":"Atienden recale at\u00edpico de sargazo en Playa del Carmen - Nitu - Noticias de la Industria Turistica","twitter_description":"El gobierno municipal de Playa del Carmen inform\u00f3 que, debido a la presencia de una surada, se ha registrado un recale at\u00edpico en las costas del municipio, fen\u00f3meno que ocurre cuando los vientos y corrientes marinas se dirigen directamente hacia la playa, arrastrando residuos que se encuentran mar adentro. Al respecto, la secretaria de Medio [&hellip;]","twitter_image":"https:\/\/nitu.mx\/wp-content\/uploads\/2026\/01\/Playa-del-Carmen-recale-atipico-de-sargazo.jpg","twitter_creator":"@NITUmx","twitter_site":"@Arturo_Medina_G","twitter_misc":{"Escrito por":"Redacci\u00f3n","Tiempo de lectura":"2 minutos"},"schema":{"@context":"https:\/\/schema.org","@graph":[{"@type":"Article","@id":"https:\/\/nitu.mx\/index.php\/2026\/01\/12\/atienden-recale-atipico-de-sargazo-en-playa-del-carmen\/#article","isPartOf":{"@id":"https:\/\/nitu.mx\/index.php\/2026\/01\/12\/atienden-recale-atipico-de-sargazo-en-playa-del-carmen\/"},"author":{"name":"Redacci\u00f3n","@id":"https:\/\/nitu.mx\/#\/schema\/person\/4a28fe9bd65924f7c90623773daf1b0b"},"headline":"Atienden recale at\u00edpico de sargazo en Playa del Carmen","datePublished":"2026-01-13T03:00:52+00:00","dateModified":"2026-01-13T03:00:53+00:00","mainEntityOfPage":{"@id":"https:\/\/nitu.mx\/index.php\/2026\/01\/12\/atienden-recale-atipico-de-sargazo-en-playa-del-carmen\/"},"wordCount":313,"publisher":{"@id":"https:\/\/nitu.mx\/#\/schema\/person\/ae7a53426417292d3dd07b45a33e01bc"},"image":{"@id":"https:\/\/nitu.mx\/index.php\/2026\/01\/12\/atienden-recale-atipico-de-sargazo-en-playa-del-carmen\/#primaryimage"},"thumbnailUrl":"https:\/\/nitu.mx\/wp-content\/uploads\/2026\/01\/Playa-del-Carmen-recale-atipico-de-sargazo.jpg","keywords":["Playa del Carmen","sargazo","SEMA","SEMAR"],"articleSection":["Caribe Mexicano"],"inLanguage":"es-MX"},{"@type":"WebPage","@id":"https:\/\/nitu.mx\/index.php\/2026\/01\/12\/atienden-recale-atipico-de-sargazo-en-playa-del-carmen\/","url":"https:\/\/nitu.mx\/index.php\/2026\/01\/12\/atienden-recale-atipico-de-sargazo-en-playa-del-carmen\/","name":"Atienden recale at\u00edpico de sargazo en Playa del Carmen - Nitu - Noticias de la Industria Turistica","isPartOf":{"@id":"https:\/\/nitu.mx\/#website"},"primaryImageOfPage":{"@id":"https:\/\/nitu.mx\/index.php\/2026\/01\/12\/atienden-recale-atipico-de-sargazo-en-playa-del-carmen\/#primaryimage"},"image":{"@id":"https:\/\/nitu.mx\/index.php\/2026\/01\/12\/atienden-recale-atipico-de-sargazo-en-playa-del-carmen\/#primaryimage"},"thumbnailUrl":"https:\/\/nitu.mx\/wp-content\/uploads\/2026\/01\/Playa-del-Carmen-recale-atipico-de-sargazo.jpg","datePublished":"2026-01-13T03:00:52+00:00","dateModified":"2026-01-13T03:00:53+00:00","breadcrumb":{"@id":"https:\/\/nitu.mx\/index.php\/2026\/01\/12\/atienden-recale-atipico-de-sargazo-en-playa-del-carmen\/#breadcrumb"},"inLanguage":"es-MX","potentialAction":[{"@type":"ReadAction","target":["https:\/\/nitu.mx\/index.php\/2026\/01\/12\/atienden-recale-atipico-de-sargazo-en-playa-del-carmen\/"]}]},{"@type":"ImageObject","inLanguage":"es-MX","@id":"https:\/\/nitu.mx\/index.php\/2026\/01\/12\/atienden-recale-atipico-de-sargazo-en-playa-del-carmen\/#primaryimage","url":"https:\/\/nitu.mx\/wp-content\/uploads\/2026\/01\/Playa-del-Carmen-recale-atipico-de-sargazo.jpg","contentUrl":"https:\/\/nitu.mx\/wp-content\/uploads\/2026\/01\/Playa-del-Carmen-recale-atipico-de-sargazo.jpg","width":1200,"height":675,"caption":"Playa del Carmen recale at\u00edpico de sargazo"},{"@type":"BreadcrumbList","@id":"https:\/\/nitu.mx\/index.php\/2026\/01\/12\/atienden-recale-atipico-de-sargazo-en-playa-del-carmen\/#breadcrumb","itemListElement":[{"@type":"ListItem","position":1,"name":"Inicio","item":"https:\/\/nitu.mx\/"},{"@type":"ListItem","position":2,"name":"Atienden recale at\u00edpico de sargazo en Playa del Carmen"}]},{"@type":"WebSite","@id":"https:\/\/nitu.mx\/#website","url":"https:\/\/nitu.mx\/","name":"Nitu - Noticias de la Industria Turistica","description":"Noticias de la Industria Turistica","publisher":{"@id":"https:\/\/nitu.mx\/#\/schema\/person\/ae7a53426417292d3dd07b45a33e01bc"},"alternateName":"Noticias de la Industria Turistica","potentialAction":[{"@type":"SearchAction","target":{"@type":"EntryPoint","urlTemplate":"https:\/\/nitu.mx\/?s={search_term_string}"},"query-input":"required name=search_term_string"}],"inLanguage":"es-MX"},{"@type":["Person","Organization"],"@id":"https:\/\/nitu.mx\/#\/schema\/person\/ae7a53426417292d3dd07b45a33e01bc","name":"Arturo Medina","image":{"@type":"ImageObject","inLanguage":"es-MX","@id":"https:\/\/nitu.mx\/#\/schema\/person\/image\/","url":"https:\/\/nitu.mx\/wp-content\/uploads\/2024\/04\/4A315622-1904-4D5C-B022-878CDC840E04-90x90-1.jpeg","contentUrl":"https:\/\/nitu.mx\/wp-content\/uploads\/2024\/04\/4A315622-1904-4D5C-B022-878CDC840E04-90x90-1.jpeg","width":90,"height":90,"caption":"Arturo Medina"},"logo":{"@id":"https:\/\/nitu.mx\/#\/schema\/person\/image\/"},"description":"Director NITU.mx, Egresado de la Escuela de Periodismo Carlos Septi\u00e9n Garc\u00eda. Periodista y analista especializado en turismo desde hace 35 a\u00f1os, radicado en Canc\u00fan Q.Roo. arturo@nitu.mx","sameAs":["https:\/\/nitu.mx","https:\/\/www.facebook.com\/NITUmx\/","medinacancun","https:\/\/twitter.com\/@Arturo_Medina_G"]},{"@type":"Person","@id":"https:\/\/nitu.mx\/#\/schema\/person\/4a28fe9bd65924f7c90623773daf1b0b","name":"Redacci\u00f3n","image":{"@type":"ImageObject","inLanguage":"es-MX","@id":"https:\/\/nitu.mx\/#\/schema\/person\/image\/","url":"https:\/\/secure.gravatar.com\/avatar\/5dd011c8ccfc5cd7e4c81e42252aab38?s=96&d=mm&r=g","contentUrl":"https:\/\/secure.gravatar.com\/avatar\/5dd011c8ccfc5cd7e4c81e42252aab38?s=96&d=mm&r=g","caption":"Redacci\u00f3n"},"url":"https:\/\/nitu.mx\/index.php\/author\/redaccion\/"}]}},"views":341,"_links":{"self":[{"href":"https:\/\/nitu.mx\/index.php\/wp-json\/wp\/v2\/posts\/85562"}],"collection":[{"href":"https:\/\/nitu.mx\/index.php\/wp-json\/wp\/v2\/posts"}],"about":[{"href":"https:\/\/nitu.mx\/index.php\/wp-json\/wp\/v2\/types\/post"}],"author":[{"embeddable":true,"href":"https:\/\/nitu.mx\/index.php\/wp-json\/wp\/v2\/users\/17"}],"replies":[{"embeddable":true,"href":"https:\/\/nitu.mx\/index.php\/wp-json\/wp\/v2\/comments?post=85562"}],"version-history":[{"count":1,"href":"https:\/\/nitu.mx\/index.php\/wp-json\/wp\/v2\/posts\/85562\/revisions"}],"predecessor-version":[{"id":85564,"href":"https:\/\/nitu.mx\/index.php\/wp-json\/wp\/v2\/posts\/85562\/revisions\/85564"}],"wp:featuredmedia":[{"embeddable":true,"href":"https:\/\/nitu.mx\/index.php\/wp-json\/wp\/v2\/media\/85565"}],"wp:attachment":[{"href":"https:\/\/nitu.mx\/index.php\/wp-json\/wp\/v2\/media?parent=85562"}],"wp:term":[{"taxonomy":"category","embeddable":true,"href":"https:\/\/nitu.mx\/index.php\/wp-json\/wp\/v2\/categories?post=85562"},{"taxonomy":"post_tag","embeddable":true,"href":"https:\/\/nitu.mx\/index.php\/wp-json\/wp\/v2\/tags?post=85562"}],"curies":[{"name":"wp","href":"https:\/\/api.w.org\/{rel}","templated":true}]}}