{"id":85523,"date":"2026-01-11T22:33:19","date_gmt":"2026-01-12T04:33:19","guid":{"rendered":"https:\/\/nitu.mx\/?p=85523"},"modified":"2026-01-11T22:33:54","modified_gmt":"2026-01-12T04:33:54","slug":"puerto-vallarta-turismo-nautico-con-inicio-de-operaciones-del-ferry-vallarta","status":"publish","type":"post","link":"https:\/\/nitu.mx\/index.php\/2026\/01\/11\/puerto-vallarta-turismo-nautico-con-inicio-de-operaciones-del-ferry-vallarta\/","title":{"rendered":"Puerto Vallarta impulsa el turismo n\u00e1utico con inicio de operaciones del Ferry Vallarta"},"content":{"rendered":"\n<p>Para fortalecer la conectividad mar\u00edtima y potenciar el turismo n\u00e1utico en la regi\u00f3n, se inaugur\u00f3 el Ferry Vallarta, una embarcaci\u00f3n concebida para ofrecer un servicio moderno, seguro y eficiente que ampl\u00eda las opciones de transporte y experiencias tur\u00edsticas en Puerto Vallarta.<\/p>\n\n\n\n<p>Ferry Vallarta inicia operaciones con capacidad para 400 pasajeros y un recorrido que conecta Puerto M\u00e1gico, Muelle de los Muertos y Yelapa, en viajes de hora y media, tres veces por semana.<\/p>\n\n\n\n<p>El evento fue encabezado por Michelle Fridman Hirsch, Secretaria de Turismo de Jalisco; Luis Ernesto Mungu\u00eda Gonz\u00e1lez, Presidente Municipal de Puerto Vallarta; Miguel Tejeda Guillem\u00edn, empresario naviero; y representantes de la Administraci\u00f3n del Sistema Portuario Nacional (Asipona).<\/p>\n\n\n\n<p>\u201cEl turismo n\u00e1utico representa una de las grandes fortalezas de Puerto Vallarta y de Jalisco. Con la puesta en marcha del Ferry Vallarta damos un paso decisivo para ampliar la conectividad mar\u00edtima y ofrecer experiencias seguras, modernas y responsables\u201d, asegur\u00f3 Michelle Fridman Hirsch.<\/p>\n\n\n\n<p>\u201cQueremos que cada viaje sea m\u00e1s que un traslado: que sea una experiencia que conecte con el mar y con la riqueza cultural de nuestra regi\u00f3n. As\u00ed consolidamos a Jalisco como l\u00edder en turismo n\u00e1utico y como destino que apuesta por un desarrollo sostenible y consciente\u201d, a\u00f1adi\u00f3 Fridman Hirsch.<\/p>\n\n\n\n<p>Con tres motores de 600 caballos de fuerza, aire acondicionado y una tripulaci\u00f3n profesional y certificada, la embarcaci\u00f3n garantiza seguridad, comodidad y eficiencia.<\/p>\n\n\n\n<p>La inauguraci\u00f3n se da en un contexto de crecimiento del turismo n\u00e1utico en Puerto Vallarta, esto es, m\u00e1s de 558 mil personas participaron en actividades mar\u00edtimas durante 2025, un aumento de 4.5 por ciento respecto al a\u00f1o anterior.<\/p>\n\n\n\n<p>Se estima que cada a\u00f1o alrededor de 600 mil visitantes disfrutan experiencias en sitios como Muelle de los Muertos, Marina Vallarta, Mismaloya y Costa Careyes.<\/p>\n\n\n\n<p>M\u00e1s all\u00e1 de las cifras, el turismo n\u00e1utico se distingue por sus caracter\u00edsticas \u00fanicas. Est\u00e1 basado en experiencias que conectan con el mar, con la libertad y con los sentidos.<\/p>\n\n\n\n<p>Adem\u00e1s, genera un gasto tur\u00edstico elevado gracias a la demanda de servicios premium, tours y vivencias especiales. Involucra a m\u00faltiples sectores de la cadena de valor, desde marinas y hoteles, hasta gu\u00edas, gastronom\u00eda, transporte, cultura y naturaleza.<\/p>\n\n\n\n<p>Se trata de un turismo que fomenta la convivencia arm\u00f3nica con el entorno, promoviendo pr\u00e1cticas m\u00e1s conscientes y responsables. Sus elementos clave incluyen infraestructura n\u00e1utica, gesti\u00f3n sostenible y seguridad, adem\u00e1s de servicios complementarios y una amplia oferta de actividades.<\/p>\n\n\n\n<p>Los beneficios econ\u00f3micos son directos \u2014en marinas, muelles, astilleros, clubes n\u00e1uticos, hoteles, spas y tours mar\u00edtimos\u2014 e indirectos, impulsando restaurantes, transporte, gu\u00edas tur\u00edsticos, experiencias en tierra, comercios, artesan\u00edas y gastronom\u00eda local.<\/p>\n\n\n\n<p>En suma, adem\u00e1s entre los beneficios que deja este servicio est\u00e1n el consumo de experiencias que fortalecen la identidad de Puerto Vallarta como destino l\u00edder en turismo n\u00e1utico.<\/p>\n\n\n\n<p>Con el inicio de actividades, Ferry Vallarta se consolida como una alternativa moderna y confiable, dise\u00f1ada para elevar los est\u00e1ndares del transporte mar\u00edtimo y reforzar la uni\u00f3n entre Puerto Vallarta y las playas de Cabo Corrientes para impulsar un turismo n\u00e1utico m\u00e1s seguro, eficiente y profesional. (<a href=\"https:\/\/nitu.mx\/index.php\/2025\/11\/20\/puerto-vallarta-incrementa-su-conectividad-con-vuelos-de-toronto-y-las-vegas\/\">Puerto Vallarta incrementa su conectividad con vuelos de Toronto y Las Vegas<\/a>).<\/p>\n","protected":false},"excerpt":{"rendered":"<p>Para fortalecer la conectividad mar\u00edtima y potenciar el turismo n\u00e1utico en la regi\u00f3n, se inaugur\u00f3 el Ferry Vallarta, una embarcaci\u00f3n concebida para ofrecer un servicio moderno, seguro y eficiente que ampl\u00eda las opciones de transporte y experiencias tur\u00edsticas en Puerto Vallarta. Ferry Vallarta inicia operaciones con capacidad para 400 pasajeros y un recorrido que conecta [&hellip;]<\/p>\n","protected":false},"author":17,"featured_media":85526,"comment_status":"closed","ping_status":"closed","sticky":false,"template":"","format":"standard","meta":{"footnotes":""},"categories":[5],"tags":[27922,12599,471],"yoast_head":"<!-- This site is optimized with the Yoast SEO plugin v22.2 - https:\/\/yoast.com\/wordpress\/plugins\/seo\/ -->\n<title>Puerto Vallarta impulsa el turismo n\u00e1utico con inicio de operaciones del Ferry Vallarta - Nitu - Noticias de la Industria Turistica<\/title>\n<meta name=\"robots\" content=\"index, follow, max-snippet:-1, max-image-preview:large, max-video-preview:-1\" \/>\n<link rel=\"canonical\" href=\"https:\/\/nitu.mx\/index.php\/2026\/01\/11\/puerto-vallarta-turismo-nautico-con-inicio-de-operaciones-del-ferry-vallarta\/\" \/>\n<meta name=\"twitter:card\" content=\"summary_large_image\" \/>\n<meta name=\"twitter:title\" content=\"Puerto Vallarta impulsa el turismo n\u00e1utico con inicio de operaciones del Ferry Vallarta - Nitu - Noticias de la Industria Turistica\" \/>\n<meta name=\"twitter:description\" content=\"Para fortalecer la conectividad mar\u00edtima y potenciar el turismo n\u00e1utico en la regi\u00f3n, se inaugur\u00f3 el Ferry Vallarta, una embarcaci\u00f3n concebida para ofrecer un servicio moderno, seguro y eficiente que ampl\u00eda las opciones de transporte y experiencias tur\u00edsticas en Puerto Vallarta. Ferry Vallarta inicia operaciones con capacidad para 400 pasajeros y un recorrido que conecta [&hellip;]\" \/>\n<meta name=\"twitter:image\" content=\"https:\/\/nitu.mx\/wp-content\/uploads\/2026\/01\/Ferry-Vallarta.jpg\" \/>\n<meta name=\"twitter:creator\" content=\"@NITUmx\" \/>\n<meta name=\"twitter:site\" content=\"@Arturo_Medina_G\" \/>\n<meta name=\"twitter:label1\" content=\"Escrito por\" \/>\n\t<meta name=\"twitter:data1\" content=\"Redacci\u00f3n\" \/>\n\t<meta name=\"twitter:label2\" content=\"Tiempo de lectura\" \/>\n\t<meta name=\"twitter:data2\" content=\"3 minutos\" \/>\n<script type=\"application\/ld+json\" class=\"yoast-schema-graph\">{\"@context\":\"https:\/\/schema.org\",\"@graph\":[{\"@type\":\"Article\",\"@id\":\"https:\/\/nitu.mx\/index.php\/2026\/01\/11\/puerto-vallarta-turismo-nautico-con-inicio-de-operaciones-del-ferry-vallarta\/#article\",\"isPartOf\":{\"@id\":\"https:\/\/nitu.mx\/index.php\/2026\/01\/11\/puerto-vallarta-turismo-nautico-con-inicio-de-operaciones-del-ferry-vallarta\/\"},\"author\":{\"name\":\"Redacci\u00f3n\",\"@id\":\"https:\/\/nitu.mx\/#\/schema\/person\/4a28fe9bd65924f7c90623773daf1b0b\"},\"headline\":\"Puerto Vallarta impulsa el turismo n\u00e1utico con inicio de operaciones del Ferry Vallarta\",\"datePublished\":\"2026-01-12T04:33:19+00:00\",\"dateModified\":\"2026-01-12T04:33:54+00:00\",\"mainEntityOfPage\":{\"@id\":\"https:\/\/nitu.mx\/index.php\/2026\/01\/11\/puerto-vallarta-turismo-nautico-con-inicio-de-operaciones-del-ferry-vallarta\/\"},\"wordCount\":576,\"publisher\":{\"@id\":\"https:\/\/nitu.mx\/#\/schema\/person\/ae7a53426417292d3dd07b45a33e01bc\"},\"image\":{\"@id\":\"https:\/\/nitu.mx\/index.php\/2026\/01\/11\/puerto-vallarta-turismo-nautico-con-inicio-de-operaciones-del-ferry-vallarta\/#primaryimage\"},\"thumbnailUrl\":\"https:\/\/nitu.mx\/wp-content\/uploads\/2026\/01\/Ferry-Vallarta.jpg\",\"keywords\":[\"Ferry Vallarta\",\"Michelle Fridman\",\"Puerto Vallarta\"],\"articleSection\":[\"Destinos\"],\"inLanguage\":\"es-MX\"},{\"@type\":\"WebPage\",\"@id\":\"https:\/\/nitu.mx\/index.php\/2026\/01\/11\/puerto-vallarta-turismo-nautico-con-inicio-de-operaciones-del-ferry-vallarta\/\",\"url\":\"https:\/\/nitu.mx\/index.php\/2026\/01\/11\/puerto-vallarta-turismo-nautico-con-inicio-de-operaciones-del-ferry-vallarta\/\",\"name\":\"Puerto Vallarta impulsa el turismo n\u00e1utico con inicio de operaciones del Ferry Vallarta - Nitu - Noticias de la Industria Turistica\",\"isPartOf\":{\"@id\":\"https:\/\/nitu.mx\/#website\"},\"primaryImageOfPage\":{\"@id\":\"https:\/\/nitu.mx\/index.php\/2026\/01\/11\/puerto-vallarta-turismo-nautico-con-inicio-de-operaciones-del-ferry-vallarta\/#primaryimage\"},\"image\":{\"@id\":\"https:\/\/nitu.mx\/index.php\/2026\/01\/11\/puerto-vallarta-turismo-nautico-con-inicio-de-operaciones-del-ferry-vallarta\/#primaryimage\"},\"thumbnailUrl\":\"https:\/\/nitu.mx\/wp-content\/uploads\/2026\/01\/Ferry-Vallarta.jpg\",\"datePublished\":\"2026-01-12T04:33:19+00:00\",\"dateModified\":\"2026-01-12T04:33:54+00:00\",\"breadcrumb\":{\"@id\":\"https:\/\/nitu.mx\/index.php\/2026\/01\/11\/puerto-vallarta-turismo-nautico-con-inicio-de-operaciones-del-ferry-vallarta\/#breadcrumb\"},\"inLanguage\":\"es-MX\",\"potentialAction\":[{\"@type\":\"ReadAction\",\"target\":[\"https:\/\/nitu.mx\/index.php\/2026\/01\/11\/puerto-vallarta-turismo-nautico-con-inicio-de-operaciones-del-ferry-vallarta\/\"]}]},{\"@type\":\"ImageObject\",\"inLanguage\":\"es-MX\",\"@id\":\"https:\/\/nitu.mx\/index.php\/2026\/01\/11\/puerto-vallarta-turismo-nautico-con-inicio-de-operaciones-del-ferry-vallarta\/#primaryimage\",\"url\":\"https:\/\/nitu.mx\/wp-content\/uploads\/2026\/01\/Ferry-Vallarta.jpg\",\"contentUrl\":\"https:\/\/nitu.mx\/wp-content\/uploads\/2026\/01\/Ferry-Vallarta.jpg\",\"width\":1200,\"height\":675,\"caption\":\"Ferry Vallarta\"},{\"@type\":\"BreadcrumbList\",\"@id\":\"https:\/\/nitu.mx\/index.php\/2026\/01\/11\/puerto-vallarta-turismo-nautico-con-inicio-de-operaciones-del-ferry-vallarta\/#breadcrumb\",\"itemListElement\":[{\"@type\":\"ListItem\",\"position\":1,\"name\":\"Inicio\",\"item\":\"https:\/\/nitu.mx\/\"},{\"@type\":\"ListItem\",\"position\":2,\"name\":\"Puerto Vallarta impulsa el turismo n\u00e1utico con inicio de operaciones del Ferry Vallarta\"}]},{\"@type\":\"WebSite\",\"@id\":\"https:\/\/nitu.mx\/#website\",\"url\":\"https:\/\/nitu.mx\/\",\"name\":\"Nitu - Noticias de la Industria Turistica\",\"description\":\"Noticias de la Industria Turistica\",\"publisher\":{\"@id\":\"https:\/\/nitu.mx\/#\/schema\/person\/ae7a53426417292d3dd07b45a33e01bc\"},\"alternateName\":\"Noticias de la Industria Turistica\",\"potentialAction\":[{\"@type\":\"SearchAction\",\"target\":{\"@type\":\"EntryPoint\",\"urlTemplate\":\"https:\/\/nitu.mx\/?s={search_term_string}\"},\"query-input\":\"required name=search_term_string\"}],\"inLanguage\":\"es-MX\"},{\"@type\":[\"Person\",\"Organization\"],\"@id\":\"https:\/\/nitu.mx\/#\/schema\/person\/ae7a53426417292d3dd07b45a33e01bc\",\"name\":\"Arturo Medina\",\"image\":{\"@type\":\"ImageObject\",\"inLanguage\":\"es-MX\",\"@id\":\"https:\/\/nitu.mx\/#\/schema\/person\/image\/\",\"url\":\"https:\/\/nitu.mx\/wp-content\/uploads\/2024\/04\/4A315622-1904-4D5C-B022-878CDC840E04-90x90-1.jpeg\",\"contentUrl\":\"https:\/\/nitu.mx\/wp-content\/uploads\/2024\/04\/4A315622-1904-4D5C-B022-878CDC840E04-90x90-1.jpeg\",\"width\":90,\"height\":90,\"caption\":\"Arturo Medina\"},\"logo\":{\"@id\":\"https:\/\/nitu.mx\/#\/schema\/person\/image\/\"},\"description\":\"Director NITU.mx, Egresado de la Escuela de Periodismo Carlos Septi\u00e9n Garc\u00eda. Periodista y analista especializado en turismo desde hace 35 a\u00f1os, radicado en Canc\u00fan Q.Roo. arturo@nitu.mx\",\"sameAs\":[\"https:\/\/nitu.mx\",\"https:\/\/www.facebook.com\/NITUmx\/\",\"medinacancun\",\"https:\/\/twitter.com\/@Arturo_Medina_G\"]},{\"@type\":\"Person\",\"@id\":\"https:\/\/nitu.mx\/#\/schema\/person\/4a28fe9bd65924f7c90623773daf1b0b\",\"name\":\"Redacci\u00f3n\",\"image\":{\"@type\":\"ImageObject\",\"inLanguage\":\"es-MX\",\"@id\":\"https:\/\/nitu.mx\/#\/schema\/person\/image\/\",\"url\":\"https:\/\/secure.gravatar.com\/avatar\/5dd011c8ccfc5cd7e4c81e42252aab38?s=96&d=mm&r=g\",\"contentUrl\":\"https:\/\/secure.gravatar.com\/avatar\/5dd011c8ccfc5cd7e4c81e42252aab38?s=96&d=mm&r=g\",\"caption\":\"Redacci\u00f3n\"},\"url\":\"https:\/\/nitu.mx\/index.php\/author\/redaccion\/\"}]}<\/script>\n<!-- \/ Yoast SEO plugin. -->","yoast_head_json":{"title":"Puerto Vallarta impulsa el turismo n\u00e1utico con inicio de operaciones del Ferry Vallarta - Nitu - Noticias de la Industria Turistica","robots":{"index":"index","follow":"follow","max-snippet":"max-snippet:-1","max-image-preview":"max-image-preview:large","max-video-preview":"max-video-preview:-1"},"canonical":"https:\/\/nitu.mx\/index.php\/2026\/01\/11\/puerto-vallarta-turismo-nautico-con-inicio-de-operaciones-del-ferry-vallarta\/","twitter_card":"summary_large_image","twitter_title":"Puerto Vallarta impulsa el turismo n\u00e1utico con inicio de operaciones del Ferry Vallarta - Nitu - Noticias de la Industria Turistica","twitter_description":"Para fortalecer la conectividad mar\u00edtima y potenciar el turismo n\u00e1utico en la regi\u00f3n, se inaugur\u00f3 el Ferry Vallarta, una embarcaci\u00f3n concebida para ofrecer un servicio moderno, seguro y eficiente que ampl\u00eda las opciones de transporte y experiencias tur\u00edsticas en Puerto Vallarta. Ferry Vallarta inicia operaciones con capacidad para 400 pasajeros y un recorrido que conecta [&hellip;]","twitter_image":"https:\/\/nitu.mx\/wp-content\/uploads\/2026\/01\/Ferry-Vallarta.jpg","twitter_creator":"@NITUmx","twitter_site":"@Arturo_Medina_G","twitter_misc":{"Escrito por":"Redacci\u00f3n","Tiempo de lectura":"3 minutos"},"schema":{"@context":"https:\/\/schema.org","@graph":[{"@type":"Article","@id":"https:\/\/nitu.mx\/index.php\/2026\/01\/11\/puerto-vallarta-turismo-nautico-con-inicio-de-operaciones-del-ferry-vallarta\/#article","isPartOf":{"@id":"https:\/\/nitu.mx\/index.php\/2026\/01\/11\/puerto-vallarta-turismo-nautico-con-inicio-de-operaciones-del-ferry-vallarta\/"},"author":{"name":"Redacci\u00f3n","@id":"https:\/\/nitu.mx\/#\/schema\/person\/4a28fe9bd65924f7c90623773daf1b0b"},"headline":"Puerto Vallarta impulsa el turismo n\u00e1utico con inicio de operaciones del Ferry Vallarta","datePublished":"2026-01-12T04:33:19+00:00","dateModified":"2026-01-12T04:33:54+00:00","mainEntityOfPage":{"@id":"https:\/\/nitu.mx\/index.php\/2026\/01\/11\/puerto-vallarta-turismo-nautico-con-inicio-de-operaciones-del-ferry-vallarta\/"},"wordCount":576,"publisher":{"@id":"https:\/\/nitu.mx\/#\/schema\/person\/ae7a53426417292d3dd07b45a33e01bc"},"image":{"@id":"https:\/\/nitu.mx\/index.php\/2026\/01\/11\/puerto-vallarta-turismo-nautico-con-inicio-de-operaciones-del-ferry-vallarta\/#primaryimage"},"thumbnailUrl":"https:\/\/nitu.mx\/wp-content\/uploads\/2026\/01\/Ferry-Vallarta.jpg","keywords":["Ferry Vallarta","Michelle Fridman","Puerto Vallarta"],"articleSection":["Destinos"],"inLanguage":"es-MX"},{"@type":"WebPage","@id":"https:\/\/nitu.mx\/index.php\/2026\/01\/11\/puerto-vallarta-turismo-nautico-con-inicio-de-operaciones-del-ferry-vallarta\/","url":"https:\/\/nitu.mx\/index.php\/2026\/01\/11\/puerto-vallarta-turismo-nautico-con-inicio-de-operaciones-del-ferry-vallarta\/","name":"Puerto Vallarta impulsa el turismo n\u00e1utico con inicio de operaciones del Ferry Vallarta - Nitu - Noticias de la Industria Turistica","isPartOf":{"@id":"https:\/\/nitu.mx\/#website"},"primaryImageOfPage":{"@id":"https:\/\/nitu.mx\/index.php\/2026\/01\/11\/puerto-vallarta-turismo-nautico-con-inicio-de-operaciones-del-ferry-vallarta\/#primaryimage"},"image":{"@id":"https:\/\/nitu.mx\/index.php\/2026\/01\/11\/puerto-vallarta-turismo-nautico-con-inicio-de-operaciones-del-ferry-vallarta\/#primaryimage"},"thumbnailUrl":"https:\/\/nitu.mx\/wp-content\/uploads\/2026\/01\/Ferry-Vallarta.jpg","datePublished":"2026-01-12T04:33:19+00:00","dateModified":"2026-01-12T04:33:54+00:00","breadcrumb":{"@id":"https:\/\/nitu.mx\/index.php\/2026\/01\/11\/puerto-vallarta-turismo-nautico-con-inicio-de-operaciones-del-ferry-vallarta\/#breadcrumb"},"inLanguage":"es-MX","potentialAction":[{"@type":"ReadAction","target":["https:\/\/nitu.mx\/index.php\/2026\/01\/11\/puerto-vallarta-turismo-nautico-con-inicio-de-operaciones-del-ferry-vallarta\/"]}]},{"@type":"ImageObject","inLanguage":"es-MX","@id":"https:\/\/nitu.mx\/index.php\/2026\/01\/11\/puerto-vallarta-turismo-nautico-con-inicio-de-operaciones-del-ferry-vallarta\/#primaryimage","url":"https:\/\/nitu.mx\/wp-content\/uploads\/2026\/01\/Ferry-Vallarta.jpg","contentUrl":"https:\/\/nitu.mx\/wp-content\/uploads\/2026\/01\/Ferry-Vallarta.jpg","width":1200,"height":675,"caption":"Ferry Vallarta"},{"@type":"BreadcrumbList","@id":"https:\/\/nitu.mx\/index.php\/2026\/01\/11\/puerto-vallarta-turismo-nautico-con-inicio-de-operaciones-del-ferry-vallarta\/#breadcrumb","itemListElement":[{"@type":"ListItem","position":1,"name":"Inicio","item":"https:\/\/nitu.mx\/"},{"@type":"ListItem","position":2,"name":"Puerto Vallarta impulsa el turismo n\u00e1utico con inicio de operaciones del Ferry Vallarta"}]},{"@type":"WebSite","@id":"https:\/\/nitu.mx\/#website","url":"https:\/\/nitu.mx\/","name":"Nitu - Noticias de la Industria Turistica","description":"Noticias de la Industria Turistica","publisher":{"@id":"https:\/\/nitu.mx\/#\/schema\/person\/ae7a53426417292d3dd07b45a33e01bc"},"alternateName":"Noticias de la Industria Turistica","potentialAction":[{"@type":"SearchAction","target":{"@type":"EntryPoint","urlTemplate":"https:\/\/nitu.mx\/?s={search_term_string}"},"query-input":"required name=search_term_string"}],"inLanguage":"es-MX"},{"@type":["Person","Organization"],"@id":"https:\/\/nitu.mx\/#\/schema\/person\/ae7a53426417292d3dd07b45a33e01bc","name":"Arturo Medina","image":{"@type":"ImageObject","inLanguage":"es-MX","@id":"https:\/\/nitu.mx\/#\/schema\/person\/image\/","url":"https:\/\/nitu.mx\/wp-content\/uploads\/2024\/04\/4A315622-1904-4D5C-B022-878CDC840E04-90x90-1.jpeg","contentUrl":"https:\/\/nitu.mx\/wp-content\/uploads\/2024\/04\/4A315622-1904-4D5C-B022-878CDC840E04-90x90-1.jpeg","width":90,"height":90,"caption":"Arturo Medina"},"logo":{"@id":"https:\/\/nitu.mx\/#\/schema\/person\/image\/"},"description":"Director NITU.mx, Egresado de la Escuela de Periodismo Carlos Septi\u00e9n Garc\u00eda. Periodista y analista especializado en turismo desde hace 35 a\u00f1os, radicado en Canc\u00fan Q.Roo. arturo@nitu.mx","sameAs":["https:\/\/nitu.mx","https:\/\/www.facebook.com\/NITUmx\/","medinacancun","https:\/\/twitter.com\/@Arturo_Medina_G"]},{"@type":"Person","@id":"https:\/\/nitu.mx\/#\/schema\/person\/4a28fe9bd65924f7c90623773daf1b0b","name":"Redacci\u00f3n","image":{"@type":"ImageObject","inLanguage":"es-MX","@id":"https:\/\/nitu.mx\/#\/schema\/person\/image\/","url":"https:\/\/secure.gravatar.com\/avatar\/5dd011c8ccfc5cd7e4c81e42252aab38?s=96&d=mm&r=g","contentUrl":"https:\/\/secure.gravatar.com\/avatar\/5dd011c8ccfc5cd7e4c81e42252aab38?s=96&d=mm&r=g","caption":"Redacci\u00f3n"},"url":"https:\/\/nitu.mx\/index.php\/author\/redaccion\/"}]}},"views":419,"_links":{"self":[{"href":"https:\/\/nitu.mx\/index.php\/wp-json\/wp\/v2\/posts\/85523"}],"collection":[{"href":"https:\/\/nitu.mx\/index.php\/wp-json\/wp\/v2\/posts"}],"about":[{"href":"https:\/\/nitu.mx\/index.php\/wp-json\/wp\/v2\/types\/post"}],"author":[{"embeddable":true,"href":"https:\/\/nitu.mx\/index.php\/wp-json\/wp\/v2\/users\/17"}],"replies":[{"embeddable":true,"href":"https:\/\/nitu.mx\/index.php\/wp-json\/wp\/v2\/comments?post=85523"}],"version-history":[{"count":3,"href":"https:\/\/nitu.mx\/index.php\/wp-json\/wp\/v2\/posts\/85523\/revisions"}],"predecessor-version":[{"id":85532,"href":"https:\/\/nitu.mx\/index.php\/wp-json\/wp\/v2\/posts\/85523\/revisions\/85532"}],"wp:featuredmedia":[{"embeddable":true,"href":"https:\/\/nitu.mx\/index.php\/wp-json\/wp\/v2\/media\/85526"}],"wp:attachment":[{"href":"https:\/\/nitu.mx\/index.php\/wp-json\/wp\/v2\/media?parent=85523"}],"wp:term":[{"taxonomy":"category","embeddable":true,"href":"https:\/\/nitu.mx\/index.php\/wp-json\/wp\/v2\/categories?post=85523"},{"taxonomy":"post_tag","embeddable":true,"href":"https:\/\/nitu.mx\/index.php\/wp-json\/wp\/v2\/tags?post=85523"}],"curies":[{"name":"wp","href":"https:\/\/api.w.org\/{rel}","templated":true}]}}