{"id":85504,"date":"2026-01-09T00:07:52","date_gmt":"2026-01-09T06:07:52","guid":{"rendered":"https:\/\/nitu.mx\/?p=85504"},"modified":"2026-01-09T00:07:53","modified_gmt":"2026-01-09T06:07:53","slug":"volaris-cierra-2025-con-un-incremento-de-5-mas-pasajeros","status":"publish","type":"post","link":"https:\/\/nitu.mx\/index.php\/2026\/01\/09\/volaris-cierra-2025-con-un-incremento-de-5-mas-pasajeros\/","title":{"rendered":"Volaris cierra 2025 con un incremento de 5% m\u00e1s pasajeros"},"content":{"rendered":"\n<p>Volaris, la aerol\u00ednea de ultra bajo costo que opera en M\u00e9xico, Estados Unidos, Centro y Sudam\u00e9rica, report\u00f3 que en 2025 transport\u00f3 30 millones 995 mil pasajeros, lo que representa un incremento de 5.2% respecto a los 29 millones 473 mil movilizados en 2024.<\/p>\n\n\n\n<p>De acuerdo con el informe, en el mercado nacional, la l\u00ednea a\u00e9rea alcanz\u00f3 los 22 millones 799 mil pasajeros el a\u00f1o pasado, cifra 5% superior a los 21 millones 705 mil de 2024; en tanto, en el mercado internacional, registr\u00f3 8 millones mil clientes, esto es 5.5% m\u00e1s que los 7 millones 768 mil del a\u00f1o anterior.<\/p>\n\n\n\n<p>Tan solo en diciembre, la capacidad en ASMs de Volaris aument\u00f3 en 9.5%, mientras que los RPMs del mes incrementaron 5.1%. Los RPMs del mercado dom\u00e9stico en M\u00e9xico crecieron 1.3%, mientras que los RPMs internacionales aumentaron 10.7%. El factor de ocupaci\u00f3n consolidado disminuy\u00f3 en 3.5 puntos porcentuales a\u00f1o contra a\u00f1o, situ\u00e1ndose en 84.1%. Durante el mes, Volaris transport\u00f3 a 3.0 millones de pasajeros.<\/p>\n\n\n\n<p>El presidente ejecutivo y director general de Volaris, Enrique Beltranena, dijo: \u201cEn diciembre, la demanda en nuestros mercados se comport\u00f3 en l\u00ednea con la estacionalidad hist\u00f3rica, y mantuvo la tendencia de recuperaci\u00f3n en el tr\u00e1fico del segmento VFR en el mercado transfronterizo&#8221;. <\/p>\n\n\n\n<p>&#8220;En el mercado dom\u00e9stico, operamos menos ASMs de lo planeado, debido a condiciones meteorol\u00f3gicas adversas que se extendieron por un periodo prolongado en nuestro principal aeropuerto de origen en Tijuana, generando afectaciones en toda nuestra red. A pesar de estas disrupciones, iniciamos 2026 bien posicionados, enfocados en flexibilidad, ejecuci\u00f3n y valor para nuestros pasajeros&#8221;, agreg\u00f3. (<a href=\"https:\/\/nitu.mx\/index.php\/2025\/12\/18\/hito-viva-y-volaris-crean-nuevo-grupo-de-aerolineas-para-el-crecimiento-de-la-aviacion-y-conectividad-de-mexico\/\">Hito: Viva y Volaris crean nuevo grupo de aerol\u00edneas para el crecimiento de la aviaci\u00f3n y conectividad de M\u00e9xico<\/a>).<\/p>\n","protected":false},"excerpt":{"rendered":"<p>Volaris, la aerol\u00ednea de ultra bajo costo que opera en M\u00e9xico, Estados Unidos, Centro y Sudam\u00e9rica, report\u00f3 que en 2025 transport\u00f3 30 millones 995 mil pasajeros, lo que representa un incremento de 5.2% respecto a los 29 millones 473 mil movilizados en 2024. De acuerdo con el informe, en el mercado nacional, la l\u00ednea a\u00e9rea [&hellip;]<\/p>\n","protected":false},"author":17,"featured_media":78360,"comment_status":"closed","ping_status":"closed","sticky":false,"template":"","format":"standard","meta":{"footnotes":""},"categories":[29],"tags":[435,5024,131],"yoast_head":"<!-- This site is optimized with the Yoast SEO plugin v22.2 - https:\/\/yoast.com\/wordpress\/plugins\/seo\/ -->\n<title>Volaris cierra 2025 con un incremento de 5% m\u00e1s pasajeros - Nitu - Noticias de la Industria Turistica<\/title>\n<meta name=\"robots\" content=\"index, follow, max-snippet:-1, max-image-preview:large, max-video-preview:-1\" \/>\n<link rel=\"canonical\" href=\"https:\/\/nitu.mx\/index.php\/2026\/01\/09\/volaris-cierra-2025-con-un-incremento-de-5-mas-pasajeros\/\" \/>\n<meta name=\"twitter:card\" content=\"summary_large_image\" \/>\n<meta name=\"twitter:title\" content=\"Volaris cierra 2025 con un incremento de 5% m\u00e1s pasajeros - Nitu - Noticias de la Industria Turistica\" \/>\n<meta name=\"twitter:description\" content=\"Volaris, la aerol\u00ednea de ultra bajo costo que opera en M\u00e9xico, Estados Unidos, Centro y Sudam\u00e9rica, report\u00f3 que en 2025 transport\u00f3 30 millones 995 mil pasajeros, lo que representa un incremento de 5.2% respecto a los 29 millones 473 mil movilizados en 2024. De acuerdo con el informe, en el mercado nacional, la l\u00ednea a\u00e9rea [&hellip;]\" \/>\n<meta name=\"twitter:image\" content=\"https:\/\/nitu.mx\/wp-content\/uploads\/2025\/01\/Volaris.jpg\" \/>\n<meta name=\"twitter:creator\" content=\"@NITUmx\" \/>\n<meta name=\"twitter:site\" content=\"@Arturo_Medina_G\" \/>\n<meta name=\"twitter:label1\" content=\"Escrito por\" \/>\n\t<meta name=\"twitter:data1\" content=\"Redacci\u00f3n\" \/>\n\t<meta name=\"twitter:label2\" content=\"Tiempo de lectura\" \/>\n\t<meta name=\"twitter:data2\" content=\"1 minuto\" \/>\n<script type=\"application\/ld+json\" class=\"yoast-schema-graph\">{\"@context\":\"https:\/\/schema.org\",\"@graph\":[{\"@type\":\"Article\",\"@id\":\"https:\/\/nitu.mx\/index.php\/2026\/01\/09\/volaris-cierra-2025-con-un-incremento-de-5-mas-pasajeros\/#article\",\"isPartOf\":{\"@id\":\"https:\/\/nitu.mx\/index.php\/2026\/01\/09\/volaris-cierra-2025-con-un-incremento-de-5-mas-pasajeros\/\"},\"author\":{\"name\":\"Redacci\u00f3n\",\"@id\":\"https:\/\/nitu.mx\/#\/schema\/person\/4a28fe9bd65924f7c90623773daf1b0b\"},\"headline\":\"Volaris cierra 2025 con un incremento de 5% m\u00e1s pasajeros\",\"datePublished\":\"2026-01-09T06:07:52+00:00\",\"dateModified\":\"2026-01-09T06:07:53+00:00\",\"mainEntityOfPage\":{\"@id\":\"https:\/\/nitu.mx\/index.php\/2026\/01\/09\/volaris-cierra-2025-con-un-incremento-de-5-mas-pasajeros\/\"},\"wordCount\":287,\"publisher\":{\"@id\":\"https:\/\/nitu.mx\/#\/schema\/person\/ae7a53426417292d3dd07b45a33e01bc\"},\"image\":{\"@id\":\"https:\/\/nitu.mx\/index.php\/2026\/01\/09\/volaris-cierra-2025-con-un-incremento-de-5-mas-pasajeros\/#primaryimage\"},\"thumbnailUrl\":\"https:\/\/nitu.mx\/wp-content\/uploads\/2025\/01\/Volaris.jpg\",\"keywords\":[\"Enrique Beltranena\",\"tr\u00e1fico de pasajeros\",\"Volaris\"],\"articleSection\":[\"Aerol\u00edneas\"],\"inLanguage\":\"es-MX\"},{\"@type\":\"WebPage\",\"@id\":\"https:\/\/nitu.mx\/index.php\/2026\/01\/09\/volaris-cierra-2025-con-un-incremento-de-5-mas-pasajeros\/\",\"url\":\"https:\/\/nitu.mx\/index.php\/2026\/01\/09\/volaris-cierra-2025-con-un-incremento-de-5-mas-pasajeros\/\",\"name\":\"Volaris cierra 2025 con un incremento de 5% m\u00e1s pasajeros - Nitu - Noticias de la Industria Turistica\",\"isPartOf\":{\"@id\":\"https:\/\/nitu.mx\/#website\"},\"primaryImageOfPage\":{\"@id\":\"https:\/\/nitu.mx\/index.php\/2026\/01\/09\/volaris-cierra-2025-con-un-incremento-de-5-mas-pasajeros\/#primaryimage\"},\"image\":{\"@id\":\"https:\/\/nitu.mx\/index.php\/2026\/01\/09\/volaris-cierra-2025-con-un-incremento-de-5-mas-pasajeros\/#primaryimage\"},\"thumbnailUrl\":\"https:\/\/nitu.mx\/wp-content\/uploads\/2025\/01\/Volaris.jpg\",\"datePublished\":\"2026-01-09T06:07:52+00:00\",\"dateModified\":\"2026-01-09T06:07:53+00:00\",\"breadcrumb\":{\"@id\":\"https:\/\/nitu.mx\/index.php\/2026\/01\/09\/volaris-cierra-2025-con-un-incremento-de-5-mas-pasajeros\/#breadcrumb\"},\"inLanguage\":\"es-MX\",\"potentialAction\":[{\"@type\":\"ReadAction\",\"target\":[\"https:\/\/nitu.mx\/index.php\/2026\/01\/09\/volaris-cierra-2025-con-un-incremento-de-5-mas-pasajeros\/\"]}]},{\"@type\":\"ImageObject\",\"inLanguage\":\"es-MX\",\"@id\":\"https:\/\/nitu.mx\/index.php\/2026\/01\/09\/volaris-cierra-2025-con-un-incremento-de-5-mas-pasajeros\/#primaryimage\",\"url\":\"https:\/\/nitu.mx\/wp-content\/uploads\/2025\/01\/Volaris.jpg\",\"contentUrl\":\"https:\/\/nitu.mx\/wp-content\/uploads\/2025\/01\/Volaris.jpg\",\"width\":1200,\"height\":675,\"caption\":\"Volaris\"},{\"@type\":\"BreadcrumbList\",\"@id\":\"https:\/\/nitu.mx\/index.php\/2026\/01\/09\/volaris-cierra-2025-con-un-incremento-de-5-mas-pasajeros\/#breadcrumb\",\"itemListElement\":[{\"@type\":\"ListItem\",\"position\":1,\"name\":\"Inicio\",\"item\":\"https:\/\/nitu.mx\/\"},{\"@type\":\"ListItem\",\"position\":2,\"name\":\"Volaris cierra 2025 con un incremento de 5% m\u00e1s pasajeros\"}]},{\"@type\":\"WebSite\",\"@id\":\"https:\/\/nitu.mx\/#website\",\"url\":\"https:\/\/nitu.mx\/\",\"name\":\"Nitu - Noticias de la Industria Turistica\",\"description\":\"Noticias de la Industria Turistica\",\"publisher\":{\"@id\":\"https:\/\/nitu.mx\/#\/schema\/person\/ae7a53426417292d3dd07b45a33e01bc\"},\"alternateName\":\"Noticias de la Industria Turistica\",\"potentialAction\":[{\"@type\":\"SearchAction\",\"target\":{\"@type\":\"EntryPoint\",\"urlTemplate\":\"https:\/\/nitu.mx\/?s={search_term_string}\"},\"query-input\":\"required name=search_term_string\"}],\"inLanguage\":\"es-MX\"},{\"@type\":[\"Person\",\"Organization\"],\"@id\":\"https:\/\/nitu.mx\/#\/schema\/person\/ae7a53426417292d3dd07b45a33e01bc\",\"name\":\"Arturo Medina\",\"image\":{\"@type\":\"ImageObject\",\"inLanguage\":\"es-MX\",\"@id\":\"https:\/\/nitu.mx\/#\/schema\/person\/image\/\",\"url\":\"https:\/\/nitu.mx\/wp-content\/uploads\/2024\/04\/4A315622-1904-4D5C-B022-878CDC840E04-90x90-1.jpeg\",\"contentUrl\":\"https:\/\/nitu.mx\/wp-content\/uploads\/2024\/04\/4A315622-1904-4D5C-B022-878CDC840E04-90x90-1.jpeg\",\"width\":90,\"height\":90,\"caption\":\"Arturo Medina\"},\"logo\":{\"@id\":\"https:\/\/nitu.mx\/#\/schema\/person\/image\/\"},\"description\":\"Director NITU.mx, Egresado de la Escuela de Periodismo Carlos Septi\u00e9n Garc\u00eda. Periodista y analista especializado en turismo desde hace 35 a\u00f1os, radicado en Canc\u00fan Q.Roo. arturo@nitu.mx\",\"sameAs\":[\"https:\/\/nitu.mx\",\"https:\/\/www.facebook.com\/NITUmx\/\",\"medinacancun\",\"https:\/\/twitter.com\/@Arturo_Medina_G\"]},{\"@type\":\"Person\",\"@id\":\"https:\/\/nitu.mx\/#\/schema\/person\/4a28fe9bd65924f7c90623773daf1b0b\",\"name\":\"Redacci\u00f3n\",\"image\":{\"@type\":\"ImageObject\",\"inLanguage\":\"es-MX\",\"@id\":\"https:\/\/nitu.mx\/#\/schema\/person\/image\/\",\"url\":\"https:\/\/secure.gravatar.com\/avatar\/5dd011c8ccfc5cd7e4c81e42252aab38?s=96&d=mm&r=g\",\"contentUrl\":\"https:\/\/secure.gravatar.com\/avatar\/5dd011c8ccfc5cd7e4c81e42252aab38?s=96&d=mm&r=g\",\"caption\":\"Redacci\u00f3n\"},\"url\":\"https:\/\/nitu.mx\/index.php\/author\/redaccion\/\"}]}<\/script>\n<!-- \/ Yoast SEO plugin. -->","yoast_head_json":{"title":"Volaris cierra 2025 con un incremento de 5% m\u00e1s pasajeros - Nitu - Noticias de la Industria Turistica","robots":{"index":"index","follow":"follow","max-snippet":"max-snippet:-1","max-image-preview":"max-image-preview:large","max-video-preview":"max-video-preview:-1"},"canonical":"https:\/\/nitu.mx\/index.php\/2026\/01\/09\/volaris-cierra-2025-con-un-incremento-de-5-mas-pasajeros\/","twitter_card":"summary_large_image","twitter_title":"Volaris cierra 2025 con un incremento de 5% m\u00e1s pasajeros - Nitu - Noticias de la Industria Turistica","twitter_description":"Volaris, la aerol\u00ednea de ultra bajo costo que opera en M\u00e9xico, Estados Unidos, Centro y Sudam\u00e9rica, report\u00f3 que en 2025 transport\u00f3 30 millones 995 mil pasajeros, lo que representa un incremento de 5.2% respecto a los 29 millones 473 mil movilizados en 2024. De acuerdo con el informe, en el mercado nacional, la l\u00ednea a\u00e9rea [&hellip;]","twitter_image":"https:\/\/nitu.mx\/wp-content\/uploads\/2025\/01\/Volaris.jpg","twitter_creator":"@NITUmx","twitter_site":"@Arturo_Medina_G","twitter_misc":{"Escrito por":"Redacci\u00f3n","Tiempo de lectura":"1 minuto"},"schema":{"@context":"https:\/\/schema.org","@graph":[{"@type":"Article","@id":"https:\/\/nitu.mx\/index.php\/2026\/01\/09\/volaris-cierra-2025-con-un-incremento-de-5-mas-pasajeros\/#article","isPartOf":{"@id":"https:\/\/nitu.mx\/index.php\/2026\/01\/09\/volaris-cierra-2025-con-un-incremento-de-5-mas-pasajeros\/"},"author":{"name":"Redacci\u00f3n","@id":"https:\/\/nitu.mx\/#\/schema\/person\/4a28fe9bd65924f7c90623773daf1b0b"},"headline":"Volaris cierra 2025 con un incremento de 5% m\u00e1s pasajeros","datePublished":"2026-01-09T06:07:52+00:00","dateModified":"2026-01-09T06:07:53+00:00","mainEntityOfPage":{"@id":"https:\/\/nitu.mx\/index.php\/2026\/01\/09\/volaris-cierra-2025-con-un-incremento-de-5-mas-pasajeros\/"},"wordCount":287,"publisher":{"@id":"https:\/\/nitu.mx\/#\/schema\/person\/ae7a53426417292d3dd07b45a33e01bc"},"image":{"@id":"https:\/\/nitu.mx\/index.php\/2026\/01\/09\/volaris-cierra-2025-con-un-incremento-de-5-mas-pasajeros\/#primaryimage"},"thumbnailUrl":"https:\/\/nitu.mx\/wp-content\/uploads\/2025\/01\/Volaris.jpg","keywords":["Enrique Beltranena","tr\u00e1fico de pasajeros","Volaris"],"articleSection":["Aerol\u00edneas"],"inLanguage":"es-MX"},{"@type":"WebPage","@id":"https:\/\/nitu.mx\/index.php\/2026\/01\/09\/volaris-cierra-2025-con-un-incremento-de-5-mas-pasajeros\/","url":"https:\/\/nitu.mx\/index.php\/2026\/01\/09\/volaris-cierra-2025-con-un-incremento-de-5-mas-pasajeros\/","name":"Volaris cierra 2025 con un incremento de 5% m\u00e1s pasajeros - Nitu - Noticias de la Industria Turistica","isPartOf":{"@id":"https:\/\/nitu.mx\/#website"},"primaryImageOfPage":{"@id":"https:\/\/nitu.mx\/index.php\/2026\/01\/09\/volaris-cierra-2025-con-un-incremento-de-5-mas-pasajeros\/#primaryimage"},"image":{"@id":"https:\/\/nitu.mx\/index.php\/2026\/01\/09\/volaris-cierra-2025-con-un-incremento-de-5-mas-pasajeros\/#primaryimage"},"thumbnailUrl":"https:\/\/nitu.mx\/wp-content\/uploads\/2025\/01\/Volaris.jpg","datePublished":"2026-01-09T06:07:52+00:00","dateModified":"2026-01-09T06:07:53+00:00","breadcrumb":{"@id":"https:\/\/nitu.mx\/index.php\/2026\/01\/09\/volaris-cierra-2025-con-un-incremento-de-5-mas-pasajeros\/#breadcrumb"},"inLanguage":"es-MX","potentialAction":[{"@type":"ReadAction","target":["https:\/\/nitu.mx\/index.php\/2026\/01\/09\/volaris-cierra-2025-con-un-incremento-de-5-mas-pasajeros\/"]}]},{"@type":"ImageObject","inLanguage":"es-MX","@id":"https:\/\/nitu.mx\/index.php\/2026\/01\/09\/volaris-cierra-2025-con-un-incremento-de-5-mas-pasajeros\/#primaryimage","url":"https:\/\/nitu.mx\/wp-content\/uploads\/2025\/01\/Volaris.jpg","contentUrl":"https:\/\/nitu.mx\/wp-content\/uploads\/2025\/01\/Volaris.jpg","width":1200,"height":675,"caption":"Volaris"},{"@type":"BreadcrumbList","@id":"https:\/\/nitu.mx\/index.php\/2026\/01\/09\/volaris-cierra-2025-con-un-incremento-de-5-mas-pasajeros\/#breadcrumb","itemListElement":[{"@type":"ListItem","position":1,"name":"Inicio","item":"https:\/\/nitu.mx\/"},{"@type":"ListItem","position":2,"name":"Volaris cierra 2025 con un incremento de 5% m\u00e1s pasajeros"}]},{"@type":"WebSite","@id":"https:\/\/nitu.mx\/#website","url":"https:\/\/nitu.mx\/","name":"Nitu - Noticias de la Industria Turistica","description":"Noticias de la Industria Turistica","publisher":{"@id":"https:\/\/nitu.mx\/#\/schema\/person\/ae7a53426417292d3dd07b45a33e01bc"},"alternateName":"Noticias de la Industria Turistica","potentialAction":[{"@type":"SearchAction","target":{"@type":"EntryPoint","urlTemplate":"https:\/\/nitu.mx\/?s={search_term_string}"},"query-input":"required name=search_term_string"}],"inLanguage":"es-MX"},{"@type":["Person","Organization"],"@id":"https:\/\/nitu.mx\/#\/schema\/person\/ae7a53426417292d3dd07b45a33e01bc","name":"Arturo Medina","image":{"@type":"ImageObject","inLanguage":"es-MX","@id":"https:\/\/nitu.mx\/#\/schema\/person\/image\/","url":"https:\/\/nitu.mx\/wp-content\/uploads\/2024\/04\/4A315622-1904-4D5C-B022-878CDC840E04-90x90-1.jpeg","contentUrl":"https:\/\/nitu.mx\/wp-content\/uploads\/2024\/04\/4A315622-1904-4D5C-B022-878CDC840E04-90x90-1.jpeg","width":90,"height":90,"caption":"Arturo Medina"},"logo":{"@id":"https:\/\/nitu.mx\/#\/schema\/person\/image\/"},"description":"Director NITU.mx, Egresado de la Escuela de Periodismo Carlos Septi\u00e9n Garc\u00eda. Periodista y analista especializado en turismo desde hace 35 a\u00f1os, radicado en Canc\u00fan Q.Roo. arturo@nitu.mx","sameAs":["https:\/\/nitu.mx","https:\/\/www.facebook.com\/NITUmx\/","medinacancun","https:\/\/twitter.com\/@Arturo_Medina_G"]},{"@type":"Person","@id":"https:\/\/nitu.mx\/#\/schema\/person\/4a28fe9bd65924f7c90623773daf1b0b","name":"Redacci\u00f3n","image":{"@type":"ImageObject","inLanguage":"es-MX","@id":"https:\/\/nitu.mx\/#\/schema\/person\/image\/","url":"https:\/\/secure.gravatar.com\/avatar\/5dd011c8ccfc5cd7e4c81e42252aab38?s=96&d=mm&r=g","contentUrl":"https:\/\/secure.gravatar.com\/avatar\/5dd011c8ccfc5cd7e4c81e42252aab38?s=96&d=mm&r=g","caption":"Redacci\u00f3n"},"url":"https:\/\/nitu.mx\/index.php\/author\/redaccion\/"}]}},"views":451,"_links":{"self":[{"href":"https:\/\/nitu.mx\/index.php\/wp-json\/wp\/v2\/posts\/85504"}],"collection":[{"href":"https:\/\/nitu.mx\/index.php\/wp-json\/wp\/v2\/posts"}],"about":[{"href":"https:\/\/nitu.mx\/index.php\/wp-json\/wp\/v2\/types\/post"}],"author":[{"embeddable":true,"href":"https:\/\/nitu.mx\/index.php\/wp-json\/wp\/v2\/users\/17"}],"replies":[{"embeddable":true,"href":"https:\/\/nitu.mx\/index.php\/wp-json\/wp\/v2\/comments?post=85504"}],"version-history":[{"count":3,"href":"https:\/\/nitu.mx\/index.php\/wp-json\/wp\/v2\/posts\/85504\/revisions"}],"predecessor-version":[{"id":85508,"href":"https:\/\/nitu.mx\/index.php\/wp-json\/wp\/v2\/posts\/85504\/revisions\/85508"}],"wp:featuredmedia":[{"embeddable":true,"href":"https:\/\/nitu.mx\/index.php\/wp-json\/wp\/v2\/media\/78360"}],"wp:attachment":[{"href":"https:\/\/nitu.mx\/index.php\/wp-json\/wp\/v2\/media?parent=85504"}],"wp:term":[{"taxonomy":"category","embeddable":true,"href":"https:\/\/nitu.mx\/index.php\/wp-json\/wp\/v2\/categories?post=85504"},{"taxonomy":"post_tag","embeddable":true,"href":"https:\/\/nitu.mx\/index.php\/wp-json\/wp\/v2\/tags?post=85504"}],"curies":[{"name":"wp","href":"https:\/\/api.w.org\/{rel}","templated":true}]}}