{"id":85497,"date":"2026-01-08T23:46:27","date_gmt":"2026-01-09T05:46:27","guid":{"rendered":"https:\/\/nitu.mx\/?p=85497"},"modified":"2026-01-08T23:46:28","modified_gmt":"2026-01-09T05:46:28","slug":"iata-crece-5-7-demanda-de-pasajeros-aereos-en-noviembre-de-2025","status":"publish","type":"post","link":"https:\/\/nitu.mx\/index.php\/2026\/01\/08\/iata-crece-5-7-demanda-de-pasajeros-aereos-en-noviembre-de-2025\/","title":{"rendered":"IATA: Crece 5.7% demanda de pasajeros a\u00e9reos en noviembre de 2025"},"content":{"rendered":"\n<p>\u200b\u200b\u200b\u200b\u200b\u200bLa Asociaci\u00f3n de Transporte A\u00e9reo Internacional (IATA) public\u00f3 datos sobre la demanda mundial de pasajeros de noviembre de 2025 con los siguientes puntos destacados:<\/p>\n\n\n\n<ul>\n<li><strong>La demanda total<\/strong>&nbsp;, medida en pasajeros-kil\u00f3metro transportados (RPK), aument\u00f3 un 5,7 % con respecto a noviembre de 2024. La capacidad total, medida en asientos-kil\u00f3metro disponibles (ASK), aument\u00f3 un 5,4 % interanual. El factor de ocupaci\u00f3n se situ\u00f3 en el 83,7 % (+0,3 pp respecto a noviembre de 2024), un m\u00e1ximo hist\u00f3rico para noviembre.<\/li>\n\n\n\n<li><strong>La demanda internacional<\/strong>&nbsp;aument\u00f3 un 7,7% en comparaci\u00f3n con noviembre de 2024. La capacidad aument\u00f3 un 7,1% interanual y el factor de ocupaci\u00f3n fue del 84,0% (+0,4 ppt en comparaci\u00f3n con noviembre de 2024).<\/li>\n\n\n\n<li><strong>La demanda interna<\/strong>&nbsp;aument\u00f3 un 2,7 % con respecto a noviembre de 2024. La capacidad aument\u00f3 un 2,7 % interanual. El factor de ocupaci\u00f3n se situ\u00f3 en el 83,2 % (sin cambios con respecto a noviembre de 2024).<\/li>\n<\/ul>\n\n\n\n<p><br>En noviembre de 2025, la demanda de viajes a\u00e9reos se mantuvo s\u00f3lida, con un crecimiento interanual del 5,7 %. El factor de ocupaci\u00f3n alcanz\u00f3 un nuevo r\u00e9cord del 83,7 % durante el mes, gracias a que las aerol\u00edneas continuaron satisfaciendo la creciente demanda de pasajeros en medio de las persistentes limitaciones de capacidad derivadas de los desaf\u00edos en la cadena de suministro aeroespacial. <\/p>\n\n\n\n<p>&#8220;El prop\u00f3sito de A\u00f1o Nuevo para el sector manufacturero debe ser aumentar la producci\u00f3n para satisfacer las necesidades de sus clientes a\u00e9reos. La cartera de pedidos de m\u00e1s de 17\u00a0000 aviones que alcanzamos en 2025 debe reducirse en 2026&#8221;, declar\u00f3 Willie Walsh, director general de la IATA.<\/p>\n\n\n\n<p>El crecimiento interanual del RPK internacional fue de un s\u00f3lido 7,7 % en noviembre. El factor de ocupaci\u00f3n internacional, del 84,0 %, tambi\u00e9n marc\u00f3 un m\u00e1ximo hist\u00f3rico en noviembre. En comparaci\u00f3n con octubre, el crecimiento fue ligeramente inferior en todas las regiones, excepto \u00c1frica.<\/p>\n\n\n\n<p>El RPK nacional aument\u00f3 un 2,7% con respecto a noviembre de 2024 y el factor de ocupaci\u00f3n se mantuvo estable en el 83,2% gracias a una expansi\u00f3n de la capacidad del 2,7%. Brasil e India fueron los mercados de mayor crecimiento. El tr\u00e1fico nacional estadounidense fue el \u00fanico mercado importante que registr\u00f3 una ca\u00edda en la demanda, posiblemente debido al cierre del gobierno. <a href=\"https:\/\/nitu.mx\/index.php\/2025\/08\/01\/iata-crecimiento-de-trafico-de-pasajeros-desacelera-al-2-6-en-junio\/\">IATA: Crecimiento de tr\u00e1fico de pasajeros desacelera al 2.6% en junio<\/a><\/p>\n","protected":false},"excerpt":{"rendered":"<p>\u200b\u200b\u200b\u200b\u200b\u200bLa Asociaci\u00f3n de Transporte A\u00e9reo Internacional (IATA) public\u00f3 datos sobre la demanda mundial de pasajeros de noviembre de 2025 con los siguientes puntos destacados: En noviembre de 2025, la demanda de viajes a\u00e9reos se mantuvo s\u00f3lida, con un crecimiento interanual del 5,7 %. El factor de ocupaci\u00f3n alcanz\u00f3 un nuevo r\u00e9cord del 83,7 % durante [&hellip;]<\/p>\n","protected":false},"author":17,"featured_media":18011,"comment_status":"closed","ping_status":"closed","sticky":false,"template":"","format":"standard","meta":{"footnotes":""},"categories":[29],"tags":[1734,5024,21180],"yoast_head":"<!-- This site is optimized with the Yoast SEO plugin v22.2 - https:\/\/yoast.com\/wordpress\/plugins\/seo\/ -->\n<title>IATA: Crece 5.7% demanda de pasajeros a\u00e9reos en noviembre de 2025 - Nitu - Noticias de la Industria Turistica<\/title>\n<meta name=\"robots\" content=\"index, follow, max-snippet:-1, max-image-preview:large, max-video-preview:-1\" \/>\n<link rel=\"canonical\" href=\"https:\/\/nitu.mx\/index.php\/2026\/01\/08\/iata-crece-5-7-demanda-de-pasajeros-aereos-en-noviembre-de-2025\/\" \/>\n<meta name=\"twitter:card\" content=\"summary_large_image\" \/>\n<meta name=\"twitter:title\" content=\"IATA: Crece 5.7% demanda de pasajeros a\u00e9reos en noviembre de 2025 - Nitu - Noticias de la Industria Turistica\" \/>\n<meta name=\"twitter:description\" content=\"\u200b\u200b\u200b\u200b\u200b\u200bLa Asociaci\u00f3n de Transporte A\u00e9reo Internacional (IATA) public\u00f3 datos sobre la demanda mundial de pasajeros de noviembre de 2025 con los siguientes puntos destacados: En noviembre de 2025, la demanda de viajes a\u00e9reos se mantuvo s\u00f3lida, con un crecimiento interanual del 5,7 %. El factor de ocupaci\u00f3n alcanz\u00f3 un nuevo r\u00e9cord del 83,7 % durante [&hellip;]\" \/>\n<meta name=\"twitter:image\" content=\"https:\/\/nitu.mx\/wp-content\/uploads\/2018\/02\/avion.jpg\" \/>\n<meta name=\"twitter:creator\" content=\"@NITUmx\" \/>\n<meta name=\"twitter:site\" content=\"@Arturo_Medina_G\" \/>\n<meta name=\"twitter:label1\" content=\"Escrito por\" \/>\n\t<meta name=\"twitter:data1\" content=\"Redacci\u00f3n\" \/>\n\t<meta name=\"twitter:label2\" content=\"Tiempo de lectura\" \/>\n\t<meta name=\"twitter:data2\" content=\"2 minutos\" \/>\n<script type=\"application\/ld+json\" class=\"yoast-schema-graph\">{\"@context\":\"https:\/\/schema.org\",\"@graph\":[{\"@type\":\"Article\",\"@id\":\"https:\/\/nitu.mx\/index.php\/2026\/01\/08\/iata-crece-5-7-demanda-de-pasajeros-aereos-en-noviembre-de-2025\/#article\",\"isPartOf\":{\"@id\":\"https:\/\/nitu.mx\/index.php\/2026\/01\/08\/iata-crece-5-7-demanda-de-pasajeros-aereos-en-noviembre-de-2025\/\"},\"author\":{\"name\":\"Redacci\u00f3n\",\"@id\":\"https:\/\/nitu.mx\/#\/schema\/person\/4a28fe9bd65924f7c90623773daf1b0b\"},\"headline\":\"IATA: Crece 5.7% demanda de pasajeros a\u00e9reos en noviembre de 2025\",\"datePublished\":\"2026-01-09T05:46:27+00:00\",\"dateModified\":\"2026-01-09T05:46:28+00:00\",\"mainEntityOfPage\":{\"@id\":\"https:\/\/nitu.mx\/index.php\/2026\/01\/08\/iata-crece-5-7-demanda-de-pasajeros-aereos-en-noviembre-de-2025\/\"},\"wordCount\":382,\"publisher\":{\"@id\":\"https:\/\/nitu.mx\/#\/schema\/person\/ae7a53426417292d3dd07b45a33e01bc\"},\"image\":{\"@id\":\"https:\/\/nitu.mx\/index.php\/2026\/01\/08\/iata-crece-5-7-demanda-de-pasajeros-aereos-en-noviembre-de-2025\/#primaryimage\"},\"thumbnailUrl\":\"https:\/\/nitu.mx\/wp-content\/uploads\/2018\/02\/avion.jpg\",\"keywords\":[\"IATA\",\"tr\u00e1fico de pasajeros\",\"Willie Walsh\"],\"articleSection\":[\"Aerol\u00edneas\"],\"inLanguage\":\"es-MX\"},{\"@type\":\"WebPage\",\"@id\":\"https:\/\/nitu.mx\/index.php\/2026\/01\/08\/iata-crece-5-7-demanda-de-pasajeros-aereos-en-noviembre-de-2025\/\",\"url\":\"https:\/\/nitu.mx\/index.php\/2026\/01\/08\/iata-crece-5-7-demanda-de-pasajeros-aereos-en-noviembre-de-2025\/\",\"name\":\"IATA: Crece 5.7% demanda de pasajeros a\u00e9reos en noviembre de 2025 - Nitu - Noticias de la Industria Turistica\",\"isPartOf\":{\"@id\":\"https:\/\/nitu.mx\/#website\"},\"primaryImageOfPage\":{\"@id\":\"https:\/\/nitu.mx\/index.php\/2026\/01\/08\/iata-crece-5-7-demanda-de-pasajeros-aereos-en-noviembre-de-2025\/#primaryimage\"},\"image\":{\"@id\":\"https:\/\/nitu.mx\/index.php\/2026\/01\/08\/iata-crece-5-7-demanda-de-pasajeros-aereos-en-noviembre-de-2025\/#primaryimage\"},\"thumbnailUrl\":\"https:\/\/nitu.mx\/wp-content\/uploads\/2018\/02\/avion.jpg\",\"datePublished\":\"2026-01-09T05:46:27+00:00\",\"dateModified\":\"2026-01-09T05:46:28+00:00\",\"breadcrumb\":{\"@id\":\"https:\/\/nitu.mx\/index.php\/2026\/01\/08\/iata-crece-5-7-demanda-de-pasajeros-aereos-en-noviembre-de-2025\/#breadcrumb\"},\"inLanguage\":\"es-MX\",\"potentialAction\":[{\"@type\":\"ReadAction\",\"target\":[\"https:\/\/nitu.mx\/index.php\/2026\/01\/08\/iata-crece-5-7-demanda-de-pasajeros-aereos-en-noviembre-de-2025\/\"]}]},{\"@type\":\"ImageObject\",\"inLanguage\":\"es-MX\",\"@id\":\"https:\/\/nitu.mx\/index.php\/2026\/01\/08\/iata-crece-5-7-demanda-de-pasajeros-aereos-en-noviembre-de-2025\/#primaryimage\",\"url\":\"https:\/\/nitu.mx\/wp-content\/uploads\/2018\/02\/avion.jpg\",\"contentUrl\":\"https:\/\/nitu.mx\/wp-content\/uploads\/2018\/02\/avion.jpg\",\"width\":850,\"height\":480,\"caption\":\"santa lucia avion aci canaero iata ALTA Categor\u00eda 1\"},{\"@type\":\"BreadcrumbList\",\"@id\":\"https:\/\/nitu.mx\/index.php\/2026\/01\/08\/iata-crece-5-7-demanda-de-pasajeros-aereos-en-noviembre-de-2025\/#breadcrumb\",\"itemListElement\":[{\"@type\":\"ListItem\",\"position\":1,\"name\":\"Inicio\",\"item\":\"https:\/\/nitu.mx\/\"},{\"@type\":\"ListItem\",\"position\":2,\"name\":\"IATA: Crece 5.7% demanda de pasajeros a\u00e9reos en noviembre de 2025\"}]},{\"@type\":\"WebSite\",\"@id\":\"https:\/\/nitu.mx\/#website\",\"url\":\"https:\/\/nitu.mx\/\",\"name\":\"Nitu - Noticias de la Industria Turistica\",\"description\":\"Noticias de la Industria Turistica\",\"publisher\":{\"@id\":\"https:\/\/nitu.mx\/#\/schema\/person\/ae7a53426417292d3dd07b45a33e01bc\"},\"alternateName\":\"Noticias de la Industria Turistica\",\"potentialAction\":[{\"@type\":\"SearchAction\",\"target\":{\"@type\":\"EntryPoint\",\"urlTemplate\":\"https:\/\/nitu.mx\/?s={search_term_string}\"},\"query-input\":\"required name=search_term_string\"}],\"inLanguage\":\"es-MX\"},{\"@type\":[\"Person\",\"Organization\"],\"@id\":\"https:\/\/nitu.mx\/#\/schema\/person\/ae7a53426417292d3dd07b45a33e01bc\",\"name\":\"Arturo Medina\",\"image\":{\"@type\":\"ImageObject\",\"inLanguage\":\"es-MX\",\"@id\":\"https:\/\/nitu.mx\/#\/schema\/person\/image\/\",\"url\":\"https:\/\/nitu.mx\/wp-content\/uploads\/2024\/04\/4A315622-1904-4D5C-B022-878CDC840E04-90x90-1.jpeg\",\"contentUrl\":\"https:\/\/nitu.mx\/wp-content\/uploads\/2024\/04\/4A315622-1904-4D5C-B022-878CDC840E04-90x90-1.jpeg\",\"width\":90,\"height\":90,\"caption\":\"Arturo Medina\"},\"logo\":{\"@id\":\"https:\/\/nitu.mx\/#\/schema\/person\/image\/\"},\"description\":\"Director NITU.mx, Egresado de la Escuela de Periodismo Carlos Septi\u00e9n Garc\u00eda. Periodista y analista especializado en turismo desde hace 35 a\u00f1os, radicado en Canc\u00fan Q.Roo. arturo@nitu.mx\",\"sameAs\":[\"https:\/\/nitu.mx\",\"https:\/\/www.facebook.com\/NITUmx\/\",\"medinacancun\",\"https:\/\/twitter.com\/@Arturo_Medina_G\"]},{\"@type\":\"Person\",\"@id\":\"https:\/\/nitu.mx\/#\/schema\/person\/4a28fe9bd65924f7c90623773daf1b0b\",\"name\":\"Redacci\u00f3n\",\"image\":{\"@type\":\"ImageObject\",\"inLanguage\":\"es-MX\",\"@id\":\"https:\/\/nitu.mx\/#\/schema\/person\/image\/\",\"url\":\"https:\/\/secure.gravatar.com\/avatar\/5dd011c8ccfc5cd7e4c81e42252aab38?s=96&d=mm&r=g\",\"contentUrl\":\"https:\/\/secure.gravatar.com\/avatar\/5dd011c8ccfc5cd7e4c81e42252aab38?s=96&d=mm&r=g\",\"caption\":\"Redacci\u00f3n\"},\"url\":\"https:\/\/nitu.mx\/index.php\/author\/redaccion\/\"}]}<\/script>\n<!-- \/ Yoast SEO plugin. -->","yoast_head_json":{"title":"IATA: Crece 5.7% demanda de pasajeros a\u00e9reos en noviembre de 2025 - Nitu - Noticias de la Industria Turistica","robots":{"index":"index","follow":"follow","max-snippet":"max-snippet:-1","max-image-preview":"max-image-preview:large","max-video-preview":"max-video-preview:-1"},"canonical":"https:\/\/nitu.mx\/index.php\/2026\/01\/08\/iata-crece-5-7-demanda-de-pasajeros-aereos-en-noviembre-de-2025\/","twitter_card":"summary_large_image","twitter_title":"IATA: Crece 5.7% demanda de pasajeros a\u00e9reos en noviembre de 2025 - Nitu - Noticias de la Industria Turistica","twitter_description":"\u200b\u200b\u200b\u200b\u200b\u200bLa Asociaci\u00f3n de Transporte A\u00e9reo Internacional (IATA) public\u00f3 datos sobre la demanda mundial de pasajeros de noviembre de 2025 con los siguientes puntos destacados: En noviembre de 2025, la demanda de viajes a\u00e9reos se mantuvo s\u00f3lida, con un crecimiento interanual del 5,7 %. El factor de ocupaci\u00f3n alcanz\u00f3 un nuevo r\u00e9cord del 83,7 % durante [&hellip;]","twitter_image":"https:\/\/nitu.mx\/wp-content\/uploads\/2018\/02\/avion.jpg","twitter_creator":"@NITUmx","twitter_site":"@Arturo_Medina_G","twitter_misc":{"Escrito por":"Redacci\u00f3n","Tiempo de lectura":"2 minutos"},"schema":{"@context":"https:\/\/schema.org","@graph":[{"@type":"Article","@id":"https:\/\/nitu.mx\/index.php\/2026\/01\/08\/iata-crece-5-7-demanda-de-pasajeros-aereos-en-noviembre-de-2025\/#article","isPartOf":{"@id":"https:\/\/nitu.mx\/index.php\/2026\/01\/08\/iata-crece-5-7-demanda-de-pasajeros-aereos-en-noviembre-de-2025\/"},"author":{"name":"Redacci\u00f3n","@id":"https:\/\/nitu.mx\/#\/schema\/person\/4a28fe9bd65924f7c90623773daf1b0b"},"headline":"IATA: Crece 5.7% demanda de pasajeros a\u00e9reos en noviembre de 2025","datePublished":"2026-01-09T05:46:27+00:00","dateModified":"2026-01-09T05:46:28+00:00","mainEntityOfPage":{"@id":"https:\/\/nitu.mx\/index.php\/2026\/01\/08\/iata-crece-5-7-demanda-de-pasajeros-aereos-en-noviembre-de-2025\/"},"wordCount":382,"publisher":{"@id":"https:\/\/nitu.mx\/#\/schema\/person\/ae7a53426417292d3dd07b45a33e01bc"},"image":{"@id":"https:\/\/nitu.mx\/index.php\/2026\/01\/08\/iata-crece-5-7-demanda-de-pasajeros-aereos-en-noviembre-de-2025\/#primaryimage"},"thumbnailUrl":"https:\/\/nitu.mx\/wp-content\/uploads\/2018\/02\/avion.jpg","keywords":["IATA","tr\u00e1fico de pasajeros","Willie Walsh"],"articleSection":["Aerol\u00edneas"],"inLanguage":"es-MX"},{"@type":"WebPage","@id":"https:\/\/nitu.mx\/index.php\/2026\/01\/08\/iata-crece-5-7-demanda-de-pasajeros-aereos-en-noviembre-de-2025\/","url":"https:\/\/nitu.mx\/index.php\/2026\/01\/08\/iata-crece-5-7-demanda-de-pasajeros-aereos-en-noviembre-de-2025\/","name":"IATA: Crece 5.7% demanda de pasajeros a\u00e9reos en noviembre de 2025 - Nitu - Noticias de la Industria Turistica","isPartOf":{"@id":"https:\/\/nitu.mx\/#website"},"primaryImageOfPage":{"@id":"https:\/\/nitu.mx\/index.php\/2026\/01\/08\/iata-crece-5-7-demanda-de-pasajeros-aereos-en-noviembre-de-2025\/#primaryimage"},"image":{"@id":"https:\/\/nitu.mx\/index.php\/2026\/01\/08\/iata-crece-5-7-demanda-de-pasajeros-aereos-en-noviembre-de-2025\/#primaryimage"},"thumbnailUrl":"https:\/\/nitu.mx\/wp-content\/uploads\/2018\/02\/avion.jpg","datePublished":"2026-01-09T05:46:27+00:00","dateModified":"2026-01-09T05:46:28+00:00","breadcrumb":{"@id":"https:\/\/nitu.mx\/index.php\/2026\/01\/08\/iata-crece-5-7-demanda-de-pasajeros-aereos-en-noviembre-de-2025\/#breadcrumb"},"inLanguage":"es-MX","potentialAction":[{"@type":"ReadAction","target":["https:\/\/nitu.mx\/index.php\/2026\/01\/08\/iata-crece-5-7-demanda-de-pasajeros-aereos-en-noviembre-de-2025\/"]}]},{"@type":"ImageObject","inLanguage":"es-MX","@id":"https:\/\/nitu.mx\/index.php\/2026\/01\/08\/iata-crece-5-7-demanda-de-pasajeros-aereos-en-noviembre-de-2025\/#primaryimage","url":"https:\/\/nitu.mx\/wp-content\/uploads\/2018\/02\/avion.jpg","contentUrl":"https:\/\/nitu.mx\/wp-content\/uploads\/2018\/02\/avion.jpg","width":850,"height":480,"caption":"santa lucia avion aci canaero iata ALTA Categor\u00eda 1"},{"@type":"BreadcrumbList","@id":"https:\/\/nitu.mx\/index.php\/2026\/01\/08\/iata-crece-5-7-demanda-de-pasajeros-aereos-en-noviembre-de-2025\/#breadcrumb","itemListElement":[{"@type":"ListItem","position":1,"name":"Inicio","item":"https:\/\/nitu.mx\/"},{"@type":"ListItem","position":2,"name":"IATA: Crece 5.7% demanda de pasajeros a\u00e9reos en noviembre de 2025"}]},{"@type":"WebSite","@id":"https:\/\/nitu.mx\/#website","url":"https:\/\/nitu.mx\/","name":"Nitu - Noticias de la Industria Turistica","description":"Noticias de la Industria Turistica","publisher":{"@id":"https:\/\/nitu.mx\/#\/schema\/person\/ae7a53426417292d3dd07b45a33e01bc"},"alternateName":"Noticias de la Industria Turistica","potentialAction":[{"@type":"SearchAction","target":{"@type":"EntryPoint","urlTemplate":"https:\/\/nitu.mx\/?s={search_term_string}"},"query-input":"required name=search_term_string"}],"inLanguage":"es-MX"},{"@type":["Person","Organization"],"@id":"https:\/\/nitu.mx\/#\/schema\/person\/ae7a53426417292d3dd07b45a33e01bc","name":"Arturo Medina","image":{"@type":"ImageObject","inLanguage":"es-MX","@id":"https:\/\/nitu.mx\/#\/schema\/person\/image\/","url":"https:\/\/nitu.mx\/wp-content\/uploads\/2024\/04\/4A315622-1904-4D5C-B022-878CDC840E04-90x90-1.jpeg","contentUrl":"https:\/\/nitu.mx\/wp-content\/uploads\/2024\/04\/4A315622-1904-4D5C-B022-878CDC840E04-90x90-1.jpeg","width":90,"height":90,"caption":"Arturo Medina"},"logo":{"@id":"https:\/\/nitu.mx\/#\/schema\/person\/image\/"},"description":"Director NITU.mx, Egresado de la Escuela de Periodismo Carlos Septi\u00e9n Garc\u00eda. Periodista y analista especializado en turismo desde hace 35 a\u00f1os, radicado en Canc\u00fan Q.Roo. arturo@nitu.mx","sameAs":["https:\/\/nitu.mx","https:\/\/www.facebook.com\/NITUmx\/","medinacancun","https:\/\/twitter.com\/@Arturo_Medina_G"]},{"@type":"Person","@id":"https:\/\/nitu.mx\/#\/schema\/person\/4a28fe9bd65924f7c90623773daf1b0b","name":"Redacci\u00f3n","image":{"@type":"ImageObject","inLanguage":"es-MX","@id":"https:\/\/nitu.mx\/#\/schema\/person\/image\/","url":"https:\/\/secure.gravatar.com\/avatar\/5dd011c8ccfc5cd7e4c81e42252aab38?s=96&d=mm&r=g","contentUrl":"https:\/\/secure.gravatar.com\/avatar\/5dd011c8ccfc5cd7e4c81e42252aab38?s=96&d=mm&r=g","caption":"Redacci\u00f3n"},"url":"https:\/\/nitu.mx\/index.php\/author\/redaccion\/"}]}},"views":327,"_links":{"self":[{"href":"https:\/\/nitu.mx\/index.php\/wp-json\/wp\/v2\/posts\/85497"}],"collection":[{"href":"https:\/\/nitu.mx\/index.php\/wp-json\/wp\/v2\/posts"}],"about":[{"href":"https:\/\/nitu.mx\/index.php\/wp-json\/wp\/v2\/types\/post"}],"author":[{"embeddable":true,"href":"https:\/\/nitu.mx\/index.php\/wp-json\/wp\/v2\/users\/17"}],"replies":[{"embeddable":true,"href":"https:\/\/nitu.mx\/index.php\/wp-json\/wp\/v2\/comments?post=85497"}],"version-history":[{"count":1,"href":"https:\/\/nitu.mx\/index.php\/wp-json\/wp\/v2\/posts\/85497\/revisions"}],"predecessor-version":[{"id":85499,"href":"https:\/\/nitu.mx\/index.php\/wp-json\/wp\/v2\/posts\/85497\/revisions\/85499"}],"wp:featuredmedia":[{"embeddable":true,"href":"https:\/\/nitu.mx\/index.php\/wp-json\/wp\/v2\/media\/18011"}],"wp:attachment":[{"href":"https:\/\/nitu.mx\/index.php\/wp-json\/wp\/v2\/media?parent=85497"}],"wp:term":[{"taxonomy":"category","embeddable":true,"href":"https:\/\/nitu.mx\/index.php\/wp-json\/wp\/v2\/categories?post=85497"},{"taxonomy":"post_tag","embeddable":true,"href":"https:\/\/nitu.mx\/index.php\/wp-json\/wp\/v2\/tags?post=85497"}],"curies":[{"name":"wp","href":"https:\/\/api.w.org\/{rel}","templated":true}]}}