{"id":85482,"date":"2026-01-07T20:30:00","date_gmt":"2026-01-08T02:30:00","guid":{"rendered":"https:\/\/nitu.mx\/?p=85482"},"modified":"2026-01-07T18:31:35","modified_gmt":"2026-01-08T00:31:35","slug":"cancun-registra-3-menos-pasajeros-aereos-en-2025-reporta-asur","status":"publish","type":"post","link":"https:\/\/nitu.mx\/index.php\/2026\/01\/07\/cancun-registra-3-menos-pasajeros-aereos-en-2025-reporta-asur\/","title":{"rendered":"Canc\u00fan registra 3% menos pasajeros a\u00e9reos en 2025, reporta ASUR"},"content":{"rendered":"\n<p>De acuerdo con Grupo Aeroportuario del Sureste (ASUR), en 2025, Canc\u00fan registr\u00f3 3.5 por ciento menos pasajeros, respecto al a\u00f1o anterior.<\/p>\n\n\n\n<p>En el tr\u00e1fico nacional se report\u00f3 la llegada de 9 millones 880 mil 984, comparados con los 10 millones 236 mil 245 que llegaron en 2024. En tanto, en el tr\u00e1fico internacional se registraron 19 millones 464 mil 554 viajeros, cifra inferior a los 20 millones 175 mil 275, del 2024.<\/p>\n\n\n\n<p>Esto, junto otras disminuciones importantes como la de Cozumel con una ca\u00edda de 17% en el tr\u00e1fico internacional, deriv\u00f3 en una disminuci\u00f3n de 2% en los aeropuertos que opera ASUR en M\u00e9xico.<\/p>\n\n\n\n<p>Mientras que, en Puerto Rico y Colombia, el escenario fue positivo para el grupo aeroportuario, al registrar un crecimiento de 3 y 4 por ciento, respectivamente.<\/p>\n\n\n\n<p>Tan solo en diciembre, el tr\u00e1fico de pasajeros de 2025 alcanz\u00f3 un total de 6.7 millones de pasajeros, lo que representa un incremento de 0.4% en comparaci\u00f3n con diciembre de 2024.<\/p>\n\n\n\n<p>El tr\u00e1fico de pasajeros aument\u00f3 un 6,0% en Colombia y present\u00f3 descensos del 0.4% y el 4.2% en M\u00e9xico y Puerto Rico, respectivamente.<\/p>\n\n\n\n<p>El crecimiento en Colombia se debi\u00f3 a aumentos del 6.3% en el tr\u00e1fico internacional y del 5.9% en el nacional.<\/p>\n\n\n\n<p>Para el \u00faltimo mes de 2025, M\u00e9xico experiment\u00f3 descensos del 0.1% y el 0.8% en el tr\u00e1fico internacional y nacional, respectivamente, mientras que Puerto Rico registr\u00f3 un aumento del 0.3% en el tr\u00e1fico internacional, que fue m\u00e1s que compensado por una disminuci\u00f3n del 4.8% en el nacional. (<a href=\"https:\/\/nitu.mx\/index.php\/2025\/11\/19\/asur-adquiere-20-aeropuertos-de-la-brasilena-motiva\/\">ASUR adquiere 20 aeropuertos de la brasile\u00f1a Motiva<\/a>).<\/p>\n","protected":false},"excerpt":{"rendered":"<p>De acuerdo con Grupo Aeroportuario del Sureste (ASUR), en 2025, Canc\u00fan registr\u00f3 3.5 por ciento menos pasajeros, respecto al a\u00f1o anterior. En el tr\u00e1fico nacional se report\u00f3 la llegada de 9 millones 880 mil 984, comparados con los 10 millones 236 mil 245 que llegaron en 2024. En tanto, en el tr\u00e1fico internacional se registraron [&hellip;]<\/p>\n","protected":false},"author":17,"featured_media":77809,"comment_status":"closed","ping_status":"closed","sticky":false,"template":"","format":"standard","meta":{"footnotes":""},"categories":[19462,21403],"tags":[198,43,5024],"yoast_head":"<!-- This site is optimized with the Yoast SEO plugin v22.2 - https:\/\/yoast.com\/wordpress\/plugins\/seo\/ -->\n<title>Canc\u00fan registra 3% menos pasajeros a\u00e9reos en 2025, reporta ASUR - Nitu - Noticias de la Industria Turistica<\/title>\n<meta name=\"robots\" content=\"index, follow, max-snippet:-1, max-image-preview:large, max-video-preview:-1\" \/>\n<link rel=\"canonical\" href=\"https:\/\/nitu.mx\/index.php\/2026\/01\/07\/cancun-registra-3-menos-pasajeros-aereos-en-2025-reporta-asur\/\" \/>\n<meta name=\"twitter:card\" content=\"summary_large_image\" \/>\n<meta name=\"twitter:title\" content=\"Canc\u00fan registra 3% menos pasajeros a\u00e9reos en 2025, reporta ASUR - Nitu - Noticias de la Industria Turistica\" \/>\n<meta name=\"twitter:description\" content=\"De acuerdo con Grupo Aeroportuario del Sureste (ASUR), en 2025, Canc\u00fan registr\u00f3 3.5 por ciento menos pasajeros, respecto al a\u00f1o anterior. En el tr\u00e1fico nacional se report\u00f3 la llegada de 9 millones 880 mil 984, comparados con los 10 millones 236 mil 245 que llegaron en 2024. En tanto, en el tr\u00e1fico internacional se registraron [&hellip;]\" \/>\n<meta name=\"twitter:image\" content=\"https:\/\/nitu.mx\/wp-content\/uploads\/2024\/12\/Aeropuerto-de-Cancun-pasajeros-record.jpg\" \/>\n<meta name=\"twitter:creator\" content=\"@NITUmx\" \/>\n<meta name=\"twitter:site\" content=\"@Arturo_Medina_G\" \/>\n<meta name=\"twitter:label1\" content=\"Escrito por\" \/>\n\t<meta name=\"twitter:data1\" content=\"Redacci\u00f3n\" \/>\n\t<meta name=\"twitter:label2\" content=\"Tiempo de lectura\" \/>\n\t<meta name=\"twitter:data2\" content=\"1 minuto\" \/>\n<script type=\"application\/ld+json\" class=\"yoast-schema-graph\">{\"@context\":\"https:\/\/schema.org\",\"@graph\":[{\"@type\":\"Article\",\"@id\":\"https:\/\/nitu.mx\/index.php\/2026\/01\/07\/cancun-registra-3-menos-pasajeros-aereos-en-2025-reporta-asur\/#article\",\"isPartOf\":{\"@id\":\"https:\/\/nitu.mx\/index.php\/2026\/01\/07\/cancun-registra-3-menos-pasajeros-aereos-en-2025-reporta-asur\/\"},\"author\":{\"name\":\"Redacci\u00f3n\",\"@id\":\"https:\/\/nitu.mx\/#\/schema\/person\/4a28fe9bd65924f7c90623773daf1b0b\"},\"headline\":\"Canc\u00fan registra 3% menos pasajeros a\u00e9reos en 2025, reporta ASUR\",\"datePublished\":\"2026-01-08T02:30:00+00:00\",\"dateModified\":\"2026-01-08T00:31:35+00:00\",\"mainEntityOfPage\":{\"@id\":\"https:\/\/nitu.mx\/index.php\/2026\/01\/07\/cancun-registra-3-menos-pasajeros-aereos-en-2025-reporta-asur\/\"},\"wordCount\":253,\"publisher\":{\"@id\":\"https:\/\/nitu.mx\/#\/schema\/person\/ae7a53426417292d3dd07b45a33e01bc\"},\"image\":{\"@id\":\"https:\/\/nitu.mx\/index.php\/2026\/01\/07\/cancun-registra-3-menos-pasajeros-aereos-en-2025-reporta-asur\/#primaryimage\"},\"thumbnailUrl\":\"https:\/\/nitu.mx\/wp-content\/uploads\/2024\/12\/Aeropuerto-de-Cancun-pasajeros-record.jpg\",\"keywords\":[\"ASUR\",\"Canc\u00fan\",\"tr\u00e1fico de pasajeros\"],\"articleSection\":[\"Aeropuertos\",\"Canc\u00fan\"],\"inLanguage\":\"es-MX\"},{\"@type\":\"WebPage\",\"@id\":\"https:\/\/nitu.mx\/index.php\/2026\/01\/07\/cancun-registra-3-menos-pasajeros-aereos-en-2025-reporta-asur\/\",\"url\":\"https:\/\/nitu.mx\/index.php\/2026\/01\/07\/cancun-registra-3-menos-pasajeros-aereos-en-2025-reporta-asur\/\",\"name\":\"Canc\u00fan registra 3% menos pasajeros a\u00e9reos en 2025, reporta ASUR - Nitu - Noticias de la Industria Turistica\",\"isPartOf\":{\"@id\":\"https:\/\/nitu.mx\/#website\"},\"primaryImageOfPage\":{\"@id\":\"https:\/\/nitu.mx\/index.php\/2026\/01\/07\/cancun-registra-3-menos-pasajeros-aereos-en-2025-reporta-asur\/#primaryimage\"},\"image\":{\"@id\":\"https:\/\/nitu.mx\/index.php\/2026\/01\/07\/cancun-registra-3-menos-pasajeros-aereos-en-2025-reporta-asur\/#primaryimage\"},\"thumbnailUrl\":\"https:\/\/nitu.mx\/wp-content\/uploads\/2024\/12\/Aeropuerto-de-Cancun-pasajeros-record.jpg\",\"datePublished\":\"2026-01-08T02:30:00+00:00\",\"dateModified\":\"2026-01-08T00:31:35+00:00\",\"breadcrumb\":{\"@id\":\"https:\/\/nitu.mx\/index.php\/2026\/01\/07\/cancun-registra-3-menos-pasajeros-aereos-en-2025-reporta-asur\/#breadcrumb\"},\"inLanguage\":\"es-MX\",\"potentialAction\":[{\"@type\":\"ReadAction\",\"target\":[\"https:\/\/nitu.mx\/index.php\/2026\/01\/07\/cancun-registra-3-menos-pasajeros-aereos-en-2025-reporta-asur\/\"]}]},{\"@type\":\"ImageObject\",\"inLanguage\":\"es-MX\",\"@id\":\"https:\/\/nitu.mx\/index.php\/2026\/01\/07\/cancun-registra-3-menos-pasajeros-aereos-en-2025-reporta-asur\/#primaryimage\",\"url\":\"https:\/\/nitu.mx\/wp-content\/uploads\/2024\/12\/Aeropuerto-de-Cancun-pasajeros-record.jpg\",\"contentUrl\":\"https:\/\/nitu.mx\/wp-content\/uploads\/2024\/12\/Aeropuerto-de-Cancun-pasajeros-record.jpg\",\"width\":1200,\"height\":675,\"caption\":\"Aeropuerto de Canc\u00fan pasajeros r\u00e9cord\"},{\"@type\":\"BreadcrumbList\",\"@id\":\"https:\/\/nitu.mx\/index.php\/2026\/01\/07\/cancun-registra-3-menos-pasajeros-aereos-en-2025-reporta-asur\/#breadcrumb\",\"itemListElement\":[{\"@type\":\"ListItem\",\"position\":1,\"name\":\"Inicio\",\"item\":\"https:\/\/nitu.mx\/\"},{\"@type\":\"ListItem\",\"position\":2,\"name\":\"Canc\u00fan registra 3% menos pasajeros a\u00e9reos en 2025, reporta ASUR\"}]},{\"@type\":\"WebSite\",\"@id\":\"https:\/\/nitu.mx\/#website\",\"url\":\"https:\/\/nitu.mx\/\",\"name\":\"Nitu - Noticias de la Industria Turistica\",\"description\":\"Noticias de la Industria Turistica\",\"publisher\":{\"@id\":\"https:\/\/nitu.mx\/#\/schema\/person\/ae7a53426417292d3dd07b45a33e01bc\"},\"alternateName\":\"Noticias de la Industria Turistica\",\"potentialAction\":[{\"@type\":\"SearchAction\",\"target\":{\"@type\":\"EntryPoint\",\"urlTemplate\":\"https:\/\/nitu.mx\/?s={search_term_string}\"},\"query-input\":\"required name=search_term_string\"}],\"inLanguage\":\"es-MX\"},{\"@type\":[\"Person\",\"Organization\"],\"@id\":\"https:\/\/nitu.mx\/#\/schema\/person\/ae7a53426417292d3dd07b45a33e01bc\",\"name\":\"Arturo Medina\",\"image\":{\"@type\":\"ImageObject\",\"inLanguage\":\"es-MX\",\"@id\":\"https:\/\/nitu.mx\/#\/schema\/person\/image\/\",\"url\":\"https:\/\/nitu.mx\/wp-content\/uploads\/2024\/04\/4A315622-1904-4D5C-B022-878CDC840E04-90x90-1.jpeg\",\"contentUrl\":\"https:\/\/nitu.mx\/wp-content\/uploads\/2024\/04\/4A315622-1904-4D5C-B022-878CDC840E04-90x90-1.jpeg\",\"width\":90,\"height\":90,\"caption\":\"Arturo Medina\"},\"logo\":{\"@id\":\"https:\/\/nitu.mx\/#\/schema\/person\/image\/\"},\"description\":\"Director NITU.mx, Egresado de la Escuela de Periodismo Carlos Septi\u00e9n Garc\u00eda. Periodista y analista especializado en turismo desde hace 35 a\u00f1os, radicado en Canc\u00fan Q.Roo. arturo@nitu.mx\",\"sameAs\":[\"https:\/\/nitu.mx\",\"https:\/\/www.facebook.com\/NITUmx\/\",\"medinacancun\",\"https:\/\/twitter.com\/@Arturo_Medina_G\"]},{\"@type\":\"Person\",\"@id\":\"https:\/\/nitu.mx\/#\/schema\/person\/4a28fe9bd65924f7c90623773daf1b0b\",\"name\":\"Redacci\u00f3n\",\"image\":{\"@type\":\"ImageObject\",\"inLanguage\":\"es-MX\",\"@id\":\"https:\/\/nitu.mx\/#\/schema\/person\/image\/\",\"url\":\"https:\/\/secure.gravatar.com\/avatar\/5dd011c8ccfc5cd7e4c81e42252aab38?s=96&d=mm&r=g\",\"contentUrl\":\"https:\/\/secure.gravatar.com\/avatar\/5dd011c8ccfc5cd7e4c81e42252aab38?s=96&d=mm&r=g\",\"caption\":\"Redacci\u00f3n\"},\"url\":\"https:\/\/nitu.mx\/index.php\/author\/redaccion\/\"}]}<\/script>\n<!-- \/ Yoast SEO plugin. -->","yoast_head_json":{"title":"Canc\u00fan registra 3% menos pasajeros a\u00e9reos en 2025, reporta ASUR - Nitu - Noticias de la Industria Turistica","robots":{"index":"index","follow":"follow","max-snippet":"max-snippet:-1","max-image-preview":"max-image-preview:large","max-video-preview":"max-video-preview:-1"},"canonical":"https:\/\/nitu.mx\/index.php\/2026\/01\/07\/cancun-registra-3-menos-pasajeros-aereos-en-2025-reporta-asur\/","twitter_card":"summary_large_image","twitter_title":"Canc\u00fan registra 3% menos pasajeros a\u00e9reos en 2025, reporta ASUR - Nitu - Noticias de la Industria Turistica","twitter_description":"De acuerdo con Grupo Aeroportuario del Sureste (ASUR), en 2025, Canc\u00fan registr\u00f3 3.5 por ciento menos pasajeros, respecto al a\u00f1o anterior. En el tr\u00e1fico nacional se report\u00f3 la llegada de 9 millones 880 mil 984, comparados con los 10 millones 236 mil 245 que llegaron en 2024. En tanto, en el tr\u00e1fico internacional se registraron [&hellip;]","twitter_image":"https:\/\/nitu.mx\/wp-content\/uploads\/2024\/12\/Aeropuerto-de-Cancun-pasajeros-record.jpg","twitter_creator":"@NITUmx","twitter_site":"@Arturo_Medina_G","twitter_misc":{"Escrito por":"Redacci\u00f3n","Tiempo de lectura":"1 minuto"},"schema":{"@context":"https:\/\/schema.org","@graph":[{"@type":"Article","@id":"https:\/\/nitu.mx\/index.php\/2026\/01\/07\/cancun-registra-3-menos-pasajeros-aereos-en-2025-reporta-asur\/#article","isPartOf":{"@id":"https:\/\/nitu.mx\/index.php\/2026\/01\/07\/cancun-registra-3-menos-pasajeros-aereos-en-2025-reporta-asur\/"},"author":{"name":"Redacci\u00f3n","@id":"https:\/\/nitu.mx\/#\/schema\/person\/4a28fe9bd65924f7c90623773daf1b0b"},"headline":"Canc\u00fan registra 3% menos pasajeros a\u00e9reos en 2025, reporta ASUR","datePublished":"2026-01-08T02:30:00+00:00","dateModified":"2026-01-08T00:31:35+00:00","mainEntityOfPage":{"@id":"https:\/\/nitu.mx\/index.php\/2026\/01\/07\/cancun-registra-3-menos-pasajeros-aereos-en-2025-reporta-asur\/"},"wordCount":253,"publisher":{"@id":"https:\/\/nitu.mx\/#\/schema\/person\/ae7a53426417292d3dd07b45a33e01bc"},"image":{"@id":"https:\/\/nitu.mx\/index.php\/2026\/01\/07\/cancun-registra-3-menos-pasajeros-aereos-en-2025-reporta-asur\/#primaryimage"},"thumbnailUrl":"https:\/\/nitu.mx\/wp-content\/uploads\/2024\/12\/Aeropuerto-de-Cancun-pasajeros-record.jpg","keywords":["ASUR","Canc\u00fan","tr\u00e1fico de pasajeros"],"articleSection":["Aeropuertos","Canc\u00fan"],"inLanguage":"es-MX"},{"@type":"WebPage","@id":"https:\/\/nitu.mx\/index.php\/2026\/01\/07\/cancun-registra-3-menos-pasajeros-aereos-en-2025-reporta-asur\/","url":"https:\/\/nitu.mx\/index.php\/2026\/01\/07\/cancun-registra-3-menos-pasajeros-aereos-en-2025-reporta-asur\/","name":"Canc\u00fan registra 3% menos pasajeros a\u00e9reos en 2025, reporta ASUR - Nitu - Noticias de la Industria Turistica","isPartOf":{"@id":"https:\/\/nitu.mx\/#website"},"primaryImageOfPage":{"@id":"https:\/\/nitu.mx\/index.php\/2026\/01\/07\/cancun-registra-3-menos-pasajeros-aereos-en-2025-reporta-asur\/#primaryimage"},"image":{"@id":"https:\/\/nitu.mx\/index.php\/2026\/01\/07\/cancun-registra-3-menos-pasajeros-aereos-en-2025-reporta-asur\/#primaryimage"},"thumbnailUrl":"https:\/\/nitu.mx\/wp-content\/uploads\/2024\/12\/Aeropuerto-de-Cancun-pasajeros-record.jpg","datePublished":"2026-01-08T02:30:00+00:00","dateModified":"2026-01-08T00:31:35+00:00","breadcrumb":{"@id":"https:\/\/nitu.mx\/index.php\/2026\/01\/07\/cancun-registra-3-menos-pasajeros-aereos-en-2025-reporta-asur\/#breadcrumb"},"inLanguage":"es-MX","potentialAction":[{"@type":"ReadAction","target":["https:\/\/nitu.mx\/index.php\/2026\/01\/07\/cancun-registra-3-menos-pasajeros-aereos-en-2025-reporta-asur\/"]}]},{"@type":"ImageObject","inLanguage":"es-MX","@id":"https:\/\/nitu.mx\/index.php\/2026\/01\/07\/cancun-registra-3-menos-pasajeros-aereos-en-2025-reporta-asur\/#primaryimage","url":"https:\/\/nitu.mx\/wp-content\/uploads\/2024\/12\/Aeropuerto-de-Cancun-pasajeros-record.jpg","contentUrl":"https:\/\/nitu.mx\/wp-content\/uploads\/2024\/12\/Aeropuerto-de-Cancun-pasajeros-record.jpg","width":1200,"height":675,"caption":"Aeropuerto de Canc\u00fan pasajeros r\u00e9cord"},{"@type":"BreadcrumbList","@id":"https:\/\/nitu.mx\/index.php\/2026\/01\/07\/cancun-registra-3-menos-pasajeros-aereos-en-2025-reporta-asur\/#breadcrumb","itemListElement":[{"@type":"ListItem","position":1,"name":"Inicio","item":"https:\/\/nitu.mx\/"},{"@type":"ListItem","position":2,"name":"Canc\u00fan registra 3% menos pasajeros a\u00e9reos en 2025, reporta ASUR"}]},{"@type":"WebSite","@id":"https:\/\/nitu.mx\/#website","url":"https:\/\/nitu.mx\/","name":"Nitu - Noticias de la Industria Turistica","description":"Noticias de la Industria Turistica","publisher":{"@id":"https:\/\/nitu.mx\/#\/schema\/person\/ae7a53426417292d3dd07b45a33e01bc"},"alternateName":"Noticias de la Industria Turistica","potentialAction":[{"@type":"SearchAction","target":{"@type":"EntryPoint","urlTemplate":"https:\/\/nitu.mx\/?s={search_term_string}"},"query-input":"required name=search_term_string"}],"inLanguage":"es-MX"},{"@type":["Person","Organization"],"@id":"https:\/\/nitu.mx\/#\/schema\/person\/ae7a53426417292d3dd07b45a33e01bc","name":"Arturo Medina","image":{"@type":"ImageObject","inLanguage":"es-MX","@id":"https:\/\/nitu.mx\/#\/schema\/person\/image\/","url":"https:\/\/nitu.mx\/wp-content\/uploads\/2024\/04\/4A315622-1904-4D5C-B022-878CDC840E04-90x90-1.jpeg","contentUrl":"https:\/\/nitu.mx\/wp-content\/uploads\/2024\/04\/4A315622-1904-4D5C-B022-878CDC840E04-90x90-1.jpeg","width":90,"height":90,"caption":"Arturo Medina"},"logo":{"@id":"https:\/\/nitu.mx\/#\/schema\/person\/image\/"},"description":"Director NITU.mx, Egresado de la Escuela de Periodismo Carlos Septi\u00e9n Garc\u00eda. Periodista y analista especializado en turismo desde hace 35 a\u00f1os, radicado en Canc\u00fan Q.Roo. arturo@nitu.mx","sameAs":["https:\/\/nitu.mx","https:\/\/www.facebook.com\/NITUmx\/","medinacancun","https:\/\/twitter.com\/@Arturo_Medina_G"]},{"@type":"Person","@id":"https:\/\/nitu.mx\/#\/schema\/person\/4a28fe9bd65924f7c90623773daf1b0b","name":"Redacci\u00f3n","image":{"@type":"ImageObject","inLanguage":"es-MX","@id":"https:\/\/nitu.mx\/#\/schema\/person\/image\/","url":"https:\/\/secure.gravatar.com\/avatar\/5dd011c8ccfc5cd7e4c81e42252aab38?s=96&d=mm&r=g","contentUrl":"https:\/\/secure.gravatar.com\/avatar\/5dd011c8ccfc5cd7e4c81e42252aab38?s=96&d=mm&r=g","caption":"Redacci\u00f3n"},"url":"https:\/\/nitu.mx\/index.php\/author\/redaccion\/"}]}},"views":393,"_links":{"self":[{"href":"https:\/\/nitu.mx\/index.php\/wp-json\/wp\/v2\/posts\/85482"}],"collection":[{"href":"https:\/\/nitu.mx\/index.php\/wp-json\/wp\/v2\/posts"}],"about":[{"href":"https:\/\/nitu.mx\/index.php\/wp-json\/wp\/v2\/types\/post"}],"author":[{"embeddable":true,"href":"https:\/\/nitu.mx\/index.php\/wp-json\/wp\/v2\/users\/17"}],"replies":[{"embeddable":true,"href":"https:\/\/nitu.mx\/index.php\/wp-json\/wp\/v2\/comments?post=85482"}],"version-history":[{"count":1,"href":"https:\/\/nitu.mx\/index.php\/wp-json\/wp\/v2\/posts\/85482\/revisions"}],"predecessor-version":[{"id":85484,"href":"https:\/\/nitu.mx\/index.php\/wp-json\/wp\/v2\/posts\/85482\/revisions\/85484"}],"wp:featuredmedia":[{"embeddable":true,"href":"https:\/\/nitu.mx\/index.php\/wp-json\/wp\/v2\/media\/77809"}],"wp:attachment":[{"href":"https:\/\/nitu.mx\/index.php\/wp-json\/wp\/v2\/media?parent=85482"}],"wp:term":[{"taxonomy":"category","embeddable":true,"href":"https:\/\/nitu.mx\/index.php\/wp-json\/wp\/v2\/categories?post=85482"},{"taxonomy":"post_tag","embeddable":true,"href":"https:\/\/nitu.mx\/index.php\/wp-json\/wp\/v2\/tags?post=85482"}],"curies":[{"name":"wp","href":"https:\/\/api.w.org\/{rel}","templated":true}]}}