{"id":85478,"date":"2026-01-07T18:30:00","date_gmt":"2026-01-08T00:30:00","guid":{"rendered":"https:\/\/nitu.mx\/?p=85478"},"modified":"2026-01-07T15:33:47","modified_gmt":"2026-01-07T21:33:47","slug":"los-cabos-promueve-la-temporada-de-avistamiento-de-ballenas","status":"publish","type":"post","link":"https:\/\/nitu.mx\/index.php\/2026\/01\/07\/los-cabos-promueve-la-temporada-de-avistamiento-de-ballenas\/","title":{"rendered":"Los Cabos promueve la temporada de avistamiento de ballenas"},"content":{"rendered":"\n<p>Los Cabos da inicio a una de las experiencias m\u00e1s emblem\u00e1ticas y fascinantes de su calendario anual: la temporada de avistamiento de ballenas. Cada a\u00f1o, cientos de ballenas grises, jorobadas y azules migran a trav\u00e9s de las aguas del Oc\u00e9ano Pac\u00edfico y el Mar de Cort\u00e9s, regalando un incre\u00edble espect\u00e1culo a locales y viajeros. Este fen\u00f3meno se ha consolidado como uno de los principales atractivos del destino y la raz\u00f3n por la que muchas personas viajan a Los Cabos.<\/p>\n\n\n\n<p>La temporada oficial para poder admirar la majestuosidad de las ballenas jorobadas cada a\u00f1o es del 15 de diciembre al 15 de abril, periodo en el que estos gigantes marinos arriban a las costas mexicanas tras un largo viaje migratorio que puede alcanzar los 10.000 kil\u00f3metros entre ida y vuelta. Las ballenas llegan desde Alaska y Canad\u00e1 en busca de aguas m\u00e1s c\u00e1lidas, condiciones ideales para reproducirse y dar a luz a sus cr\u00edas gracias a la temperatura y profundidad del Mar de Cort\u00e9s durante estos meses.<\/p>\n\n\n\n<p>Si bien toda la temporada ofrece oportunidades excepcionales para observarlas, los meses de enero a marzo suelen ser los m\u00e1s propicios para ver ballenas grises y jorobadas acompa\u00f1adas de sus ballenatos. Estos imponentes mam\u00edferos pueden medir entre 14 y 17 metros, pesar hasta 50 toneladas y vivir m\u00e1s de 70 a\u00f1os.<\/p>\n\n\n\n<p>Durante este per\u00edodo, diversos tour operadores locales realizan recorridos por las aguas migratorias con una variedad de embarcaciones que brindan oportunidades inigualables para ver de cerca a estas majestuosas criaturas en su h\u00e1bitat natural.<\/p>\n\n\n\n<p>Las excursiones son lideradas por gu\u00edas experimentados que brindan un emocionante recorrido para observar estos magn\u00edficos mam\u00edferos marinos mientras saltan, baten sus colas y realizan otros comportamientos fascinantes.<\/p>\n\n\n\n<p>Adem\u00e1s de vivir el contacto cercano con estas criaturas majestuosas, los visitantes pueden aprender sobre sus rutas migratorias, din\u00e1micas familiares y la importancia de los esfuerzos regionales de conservaci\u00f3n que protegen a la especie y su entorno.<\/p>\n\n\n\n<p>El avistamiento de ballenas suma un valor excepcional a un destino que ya se destaca por sus paisajes de ensue\u00f1o donde conviven mar, desierto y monta\u00f1a, sus pueblos pintorescos y la infinidad de actividades que ofrece durante todo el a\u00f1o. Este para\u00edso en Baja California Sur contin\u00faa sorprendiendo a los viajeros que llegan a sus costas, consolid\u00e1ndose como uno de los destinos m\u00e1s cautivadores de M\u00e9xico y del mundo. (<a href=\"https:\/\/nitu.mx\/index.php\/2025\/12\/02\/los-cabos-registra-inversion-record-y-crecimiento-a-doble-digito-en-tarifas\/\">Los Cabos registra inversi\u00f3n r\u00e9cord y crecimiento a doble d\u00edgito en tarifas<\/a>).<\/p>\n","protected":false},"excerpt":{"rendered":"<p>Los Cabos da inicio a una de las experiencias m\u00e1s emblem\u00e1ticas y fascinantes de su calendario anual: la temporada de avistamiento de ballenas. Cada a\u00f1o, cientos de ballenas grises, jorobadas y azules migran a trav\u00e9s de las aguas del Oc\u00e9ano Pac\u00edfico y el Mar de Cort\u00e9s, regalando un incre\u00edble espect\u00e1culo a locales y viajeros. Este [&hellip;]<\/p>\n","protected":false},"author":17,"featured_media":85480,"comment_status":"closed","ping_status":"closed","sticky":false,"template":"","format":"standard","meta":{"footnotes":""},"categories":[5],"tags":[14445,130,11398],"yoast_head":"<!-- This site is optimized with the Yoast SEO plugin v22.2 - https:\/\/yoast.com\/wordpress\/plugins\/seo\/ -->\n<title>Los Cabos promueve la temporada de avistamiento de ballenas - Nitu - Noticias de la Industria Turistica<\/title>\n<meta name=\"robots\" content=\"index, follow, max-snippet:-1, max-image-preview:large, max-video-preview:-1\" \/>\n<link rel=\"canonical\" href=\"https:\/\/nitu.mx\/index.php\/2026\/01\/07\/los-cabos-promueve-la-temporada-de-avistamiento-de-ballenas\/\" \/>\n<meta name=\"twitter:card\" content=\"summary_large_image\" \/>\n<meta name=\"twitter:title\" content=\"Los Cabos promueve la temporada de avistamiento de ballenas - Nitu - Noticias de la Industria Turistica\" \/>\n<meta name=\"twitter:description\" content=\"Los Cabos da inicio a una de las experiencias m\u00e1s emblem\u00e1ticas y fascinantes de su calendario anual: la temporada de avistamiento de ballenas. Cada a\u00f1o, cientos de ballenas grises, jorobadas y azules migran a trav\u00e9s de las aguas del Oc\u00e9ano Pac\u00edfico y el Mar de Cort\u00e9s, regalando un incre\u00edble espect\u00e1culo a locales y viajeros. Este [&hellip;]\" \/>\n<meta name=\"twitter:image\" content=\"https:\/\/nitu.mx\/wp-content\/uploads\/2026\/01\/Los-Cabos-avistamiento-de-ballenas.jpg\" \/>\n<meta name=\"twitter:creator\" content=\"@NITUmx\" \/>\n<meta name=\"twitter:site\" content=\"@Arturo_Medina_G\" \/>\n<meta name=\"twitter:label1\" content=\"Escrito por\" \/>\n\t<meta name=\"twitter:data1\" content=\"Redacci\u00f3n\" \/>\n\t<meta name=\"twitter:label2\" content=\"Tiempo de lectura\" \/>\n\t<meta name=\"twitter:data2\" content=\"2 minutos\" \/>\n<script type=\"application\/ld+json\" class=\"yoast-schema-graph\">{\"@context\":\"https:\/\/schema.org\",\"@graph\":[{\"@type\":\"Article\",\"@id\":\"https:\/\/nitu.mx\/index.php\/2026\/01\/07\/los-cabos-promueve-la-temporada-de-avistamiento-de-ballenas\/#article\",\"isPartOf\":{\"@id\":\"https:\/\/nitu.mx\/index.php\/2026\/01\/07\/los-cabos-promueve-la-temporada-de-avistamiento-de-ballenas\/\"},\"author\":{\"name\":\"Redacci\u00f3n\",\"@id\":\"https:\/\/nitu.mx\/#\/schema\/person\/4a28fe9bd65924f7c90623773daf1b0b\"},\"headline\":\"Los Cabos promueve la temporada de avistamiento de ballenas\",\"datePublished\":\"2026-01-08T00:30:00+00:00\",\"dateModified\":\"2026-01-07T21:33:47+00:00\",\"mainEntityOfPage\":{\"@id\":\"https:\/\/nitu.mx\/index.php\/2026\/01\/07\/los-cabos-promueve-la-temporada-de-avistamiento-de-ballenas\/\"},\"wordCount\":440,\"publisher\":{\"@id\":\"https:\/\/nitu.mx\/#\/schema\/person\/ae7a53426417292d3dd07b45a33e01bc\"},\"image\":{\"@id\":\"https:\/\/nitu.mx\/index.php\/2026\/01\/07\/los-cabos-promueve-la-temporada-de-avistamiento-de-ballenas\/#primaryimage\"},\"thumbnailUrl\":\"https:\/\/nitu.mx\/wp-content\/uploads\/2026\/01\/Los-Cabos-avistamiento-de-ballenas.jpg\",\"keywords\":[\"avistamiento de ballenas\",\"Los Cabos\",\"Mar de Cort\u00e9s\"],\"articleSection\":[\"Destinos\"],\"inLanguage\":\"es-MX\"},{\"@type\":\"WebPage\",\"@id\":\"https:\/\/nitu.mx\/index.php\/2026\/01\/07\/los-cabos-promueve-la-temporada-de-avistamiento-de-ballenas\/\",\"url\":\"https:\/\/nitu.mx\/index.php\/2026\/01\/07\/los-cabos-promueve-la-temporada-de-avistamiento-de-ballenas\/\",\"name\":\"Los Cabos promueve la temporada de avistamiento de ballenas - Nitu - Noticias de la Industria Turistica\",\"isPartOf\":{\"@id\":\"https:\/\/nitu.mx\/#website\"},\"primaryImageOfPage\":{\"@id\":\"https:\/\/nitu.mx\/index.php\/2026\/01\/07\/los-cabos-promueve-la-temporada-de-avistamiento-de-ballenas\/#primaryimage\"},\"image\":{\"@id\":\"https:\/\/nitu.mx\/index.php\/2026\/01\/07\/los-cabos-promueve-la-temporada-de-avistamiento-de-ballenas\/#primaryimage\"},\"thumbnailUrl\":\"https:\/\/nitu.mx\/wp-content\/uploads\/2026\/01\/Los-Cabos-avistamiento-de-ballenas.jpg\",\"datePublished\":\"2026-01-08T00:30:00+00:00\",\"dateModified\":\"2026-01-07T21:33:47+00:00\",\"breadcrumb\":{\"@id\":\"https:\/\/nitu.mx\/index.php\/2026\/01\/07\/los-cabos-promueve-la-temporada-de-avistamiento-de-ballenas\/#breadcrumb\"},\"inLanguage\":\"es-MX\",\"potentialAction\":[{\"@type\":\"ReadAction\",\"target\":[\"https:\/\/nitu.mx\/index.php\/2026\/01\/07\/los-cabos-promueve-la-temporada-de-avistamiento-de-ballenas\/\"]}]},{\"@type\":\"ImageObject\",\"inLanguage\":\"es-MX\",\"@id\":\"https:\/\/nitu.mx\/index.php\/2026\/01\/07\/los-cabos-promueve-la-temporada-de-avistamiento-de-ballenas\/#primaryimage\",\"url\":\"https:\/\/nitu.mx\/wp-content\/uploads\/2026\/01\/Los-Cabos-avistamiento-de-ballenas.jpg\",\"contentUrl\":\"https:\/\/nitu.mx\/wp-content\/uploads\/2026\/01\/Los-Cabos-avistamiento-de-ballenas.jpg\",\"width\":1200,\"height\":675,\"caption\":\"Los Cabos avistamiento de ballenas\"},{\"@type\":\"BreadcrumbList\",\"@id\":\"https:\/\/nitu.mx\/index.php\/2026\/01\/07\/los-cabos-promueve-la-temporada-de-avistamiento-de-ballenas\/#breadcrumb\",\"itemListElement\":[{\"@type\":\"ListItem\",\"position\":1,\"name\":\"Inicio\",\"item\":\"https:\/\/nitu.mx\/\"},{\"@type\":\"ListItem\",\"position\":2,\"name\":\"Los Cabos promueve la temporada de avistamiento de ballenas\"}]},{\"@type\":\"WebSite\",\"@id\":\"https:\/\/nitu.mx\/#website\",\"url\":\"https:\/\/nitu.mx\/\",\"name\":\"Nitu - Noticias de la Industria Turistica\",\"description\":\"Noticias de la Industria Turistica\",\"publisher\":{\"@id\":\"https:\/\/nitu.mx\/#\/schema\/person\/ae7a53426417292d3dd07b45a33e01bc\"},\"alternateName\":\"Noticias de la Industria Turistica\",\"potentialAction\":[{\"@type\":\"SearchAction\",\"target\":{\"@type\":\"EntryPoint\",\"urlTemplate\":\"https:\/\/nitu.mx\/?s={search_term_string}\"},\"query-input\":\"required name=search_term_string\"}],\"inLanguage\":\"es-MX\"},{\"@type\":[\"Person\",\"Organization\"],\"@id\":\"https:\/\/nitu.mx\/#\/schema\/person\/ae7a53426417292d3dd07b45a33e01bc\",\"name\":\"Arturo Medina\",\"image\":{\"@type\":\"ImageObject\",\"inLanguage\":\"es-MX\",\"@id\":\"https:\/\/nitu.mx\/#\/schema\/person\/image\/\",\"url\":\"https:\/\/nitu.mx\/wp-content\/uploads\/2024\/04\/4A315622-1904-4D5C-B022-878CDC840E04-90x90-1.jpeg\",\"contentUrl\":\"https:\/\/nitu.mx\/wp-content\/uploads\/2024\/04\/4A315622-1904-4D5C-B022-878CDC840E04-90x90-1.jpeg\",\"width\":90,\"height\":90,\"caption\":\"Arturo Medina\"},\"logo\":{\"@id\":\"https:\/\/nitu.mx\/#\/schema\/person\/image\/\"},\"description\":\"Director NITU.mx, Egresado de la Escuela de Periodismo Carlos Septi\u00e9n Garc\u00eda. Periodista y analista especializado en turismo desde hace 35 a\u00f1os, radicado en Canc\u00fan Q.Roo. arturo@nitu.mx\",\"sameAs\":[\"https:\/\/nitu.mx\",\"https:\/\/www.facebook.com\/NITUmx\/\",\"medinacancun\",\"https:\/\/twitter.com\/@Arturo_Medina_G\"]},{\"@type\":\"Person\",\"@id\":\"https:\/\/nitu.mx\/#\/schema\/person\/4a28fe9bd65924f7c90623773daf1b0b\",\"name\":\"Redacci\u00f3n\",\"image\":{\"@type\":\"ImageObject\",\"inLanguage\":\"es-MX\",\"@id\":\"https:\/\/nitu.mx\/#\/schema\/person\/image\/\",\"url\":\"https:\/\/secure.gravatar.com\/avatar\/5dd011c8ccfc5cd7e4c81e42252aab38?s=96&d=mm&r=g\",\"contentUrl\":\"https:\/\/secure.gravatar.com\/avatar\/5dd011c8ccfc5cd7e4c81e42252aab38?s=96&d=mm&r=g\",\"caption\":\"Redacci\u00f3n\"},\"url\":\"https:\/\/nitu.mx\/index.php\/author\/redaccion\/\"}]}<\/script>\n<!-- \/ Yoast SEO plugin. -->","yoast_head_json":{"title":"Los Cabos promueve la temporada de avistamiento de ballenas - Nitu - Noticias de la Industria Turistica","robots":{"index":"index","follow":"follow","max-snippet":"max-snippet:-1","max-image-preview":"max-image-preview:large","max-video-preview":"max-video-preview:-1"},"canonical":"https:\/\/nitu.mx\/index.php\/2026\/01\/07\/los-cabos-promueve-la-temporada-de-avistamiento-de-ballenas\/","twitter_card":"summary_large_image","twitter_title":"Los Cabos promueve la temporada de avistamiento de ballenas - Nitu - Noticias de la Industria Turistica","twitter_description":"Los Cabos da inicio a una de las experiencias m\u00e1s emblem\u00e1ticas y fascinantes de su calendario anual: la temporada de avistamiento de ballenas. Cada a\u00f1o, cientos de ballenas grises, jorobadas y azules migran a trav\u00e9s de las aguas del Oc\u00e9ano Pac\u00edfico y el Mar de Cort\u00e9s, regalando un incre\u00edble espect\u00e1culo a locales y viajeros. Este [&hellip;]","twitter_image":"https:\/\/nitu.mx\/wp-content\/uploads\/2026\/01\/Los-Cabos-avistamiento-de-ballenas.jpg","twitter_creator":"@NITUmx","twitter_site":"@Arturo_Medina_G","twitter_misc":{"Escrito por":"Redacci\u00f3n","Tiempo de lectura":"2 minutos"},"schema":{"@context":"https:\/\/schema.org","@graph":[{"@type":"Article","@id":"https:\/\/nitu.mx\/index.php\/2026\/01\/07\/los-cabos-promueve-la-temporada-de-avistamiento-de-ballenas\/#article","isPartOf":{"@id":"https:\/\/nitu.mx\/index.php\/2026\/01\/07\/los-cabos-promueve-la-temporada-de-avistamiento-de-ballenas\/"},"author":{"name":"Redacci\u00f3n","@id":"https:\/\/nitu.mx\/#\/schema\/person\/4a28fe9bd65924f7c90623773daf1b0b"},"headline":"Los Cabos promueve la temporada de avistamiento de ballenas","datePublished":"2026-01-08T00:30:00+00:00","dateModified":"2026-01-07T21:33:47+00:00","mainEntityOfPage":{"@id":"https:\/\/nitu.mx\/index.php\/2026\/01\/07\/los-cabos-promueve-la-temporada-de-avistamiento-de-ballenas\/"},"wordCount":440,"publisher":{"@id":"https:\/\/nitu.mx\/#\/schema\/person\/ae7a53426417292d3dd07b45a33e01bc"},"image":{"@id":"https:\/\/nitu.mx\/index.php\/2026\/01\/07\/los-cabos-promueve-la-temporada-de-avistamiento-de-ballenas\/#primaryimage"},"thumbnailUrl":"https:\/\/nitu.mx\/wp-content\/uploads\/2026\/01\/Los-Cabos-avistamiento-de-ballenas.jpg","keywords":["avistamiento de ballenas","Los Cabos","Mar de Cort\u00e9s"],"articleSection":["Destinos"],"inLanguage":"es-MX"},{"@type":"WebPage","@id":"https:\/\/nitu.mx\/index.php\/2026\/01\/07\/los-cabos-promueve-la-temporada-de-avistamiento-de-ballenas\/","url":"https:\/\/nitu.mx\/index.php\/2026\/01\/07\/los-cabos-promueve-la-temporada-de-avistamiento-de-ballenas\/","name":"Los Cabos promueve la temporada de avistamiento de ballenas - Nitu - Noticias de la Industria Turistica","isPartOf":{"@id":"https:\/\/nitu.mx\/#website"},"primaryImageOfPage":{"@id":"https:\/\/nitu.mx\/index.php\/2026\/01\/07\/los-cabos-promueve-la-temporada-de-avistamiento-de-ballenas\/#primaryimage"},"image":{"@id":"https:\/\/nitu.mx\/index.php\/2026\/01\/07\/los-cabos-promueve-la-temporada-de-avistamiento-de-ballenas\/#primaryimage"},"thumbnailUrl":"https:\/\/nitu.mx\/wp-content\/uploads\/2026\/01\/Los-Cabos-avistamiento-de-ballenas.jpg","datePublished":"2026-01-08T00:30:00+00:00","dateModified":"2026-01-07T21:33:47+00:00","breadcrumb":{"@id":"https:\/\/nitu.mx\/index.php\/2026\/01\/07\/los-cabos-promueve-la-temporada-de-avistamiento-de-ballenas\/#breadcrumb"},"inLanguage":"es-MX","potentialAction":[{"@type":"ReadAction","target":["https:\/\/nitu.mx\/index.php\/2026\/01\/07\/los-cabos-promueve-la-temporada-de-avistamiento-de-ballenas\/"]}]},{"@type":"ImageObject","inLanguage":"es-MX","@id":"https:\/\/nitu.mx\/index.php\/2026\/01\/07\/los-cabos-promueve-la-temporada-de-avistamiento-de-ballenas\/#primaryimage","url":"https:\/\/nitu.mx\/wp-content\/uploads\/2026\/01\/Los-Cabos-avistamiento-de-ballenas.jpg","contentUrl":"https:\/\/nitu.mx\/wp-content\/uploads\/2026\/01\/Los-Cabos-avistamiento-de-ballenas.jpg","width":1200,"height":675,"caption":"Los Cabos avistamiento de ballenas"},{"@type":"BreadcrumbList","@id":"https:\/\/nitu.mx\/index.php\/2026\/01\/07\/los-cabos-promueve-la-temporada-de-avistamiento-de-ballenas\/#breadcrumb","itemListElement":[{"@type":"ListItem","position":1,"name":"Inicio","item":"https:\/\/nitu.mx\/"},{"@type":"ListItem","position":2,"name":"Los Cabos promueve la temporada de avistamiento de ballenas"}]},{"@type":"WebSite","@id":"https:\/\/nitu.mx\/#website","url":"https:\/\/nitu.mx\/","name":"Nitu - Noticias de la Industria Turistica","description":"Noticias de la Industria Turistica","publisher":{"@id":"https:\/\/nitu.mx\/#\/schema\/person\/ae7a53426417292d3dd07b45a33e01bc"},"alternateName":"Noticias de la Industria Turistica","potentialAction":[{"@type":"SearchAction","target":{"@type":"EntryPoint","urlTemplate":"https:\/\/nitu.mx\/?s={search_term_string}"},"query-input":"required name=search_term_string"}],"inLanguage":"es-MX"},{"@type":["Person","Organization"],"@id":"https:\/\/nitu.mx\/#\/schema\/person\/ae7a53426417292d3dd07b45a33e01bc","name":"Arturo Medina","image":{"@type":"ImageObject","inLanguage":"es-MX","@id":"https:\/\/nitu.mx\/#\/schema\/person\/image\/","url":"https:\/\/nitu.mx\/wp-content\/uploads\/2024\/04\/4A315622-1904-4D5C-B022-878CDC840E04-90x90-1.jpeg","contentUrl":"https:\/\/nitu.mx\/wp-content\/uploads\/2024\/04\/4A315622-1904-4D5C-B022-878CDC840E04-90x90-1.jpeg","width":90,"height":90,"caption":"Arturo Medina"},"logo":{"@id":"https:\/\/nitu.mx\/#\/schema\/person\/image\/"},"description":"Director NITU.mx, Egresado de la Escuela de Periodismo Carlos Septi\u00e9n Garc\u00eda. Periodista y analista especializado en turismo desde hace 35 a\u00f1os, radicado en Canc\u00fan Q.Roo. arturo@nitu.mx","sameAs":["https:\/\/nitu.mx","https:\/\/www.facebook.com\/NITUmx\/","medinacancun","https:\/\/twitter.com\/@Arturo_Medina_G"]},{"@type":"Person","@id":"https:\/\/nitu.mx\/#\/schema\/person\/4a28fe9bd65924f7c90623773daf1b0b","name":"Redacci\u00f3n","image":{"@type":"ImageObject","inLanguage":"es-MX","@id":"https:\/\/nitu.mx\/#\/schema\/person\/image\/","url":"https:\/\/secure.gravatar.com\/avatar\/5dd011c8ccfc5cd7e4c81e42252aab38?s=96&d=mm&r=g","contentUrl":"https:\/\/secure.gravatar.com\/avatar\/5dd011c8ccfc5cd7e4c81e42252aab38?s=96&d=mm&r=g","caption":"Redacci\u00f3n"},"url":"https:\/\/nitu.mx\/index.php\/author\/redaccion\/"}]}},"views":359,"_links":{"self":[{"href":"https:\/\/nitu.mx\/index.php\/wp-json\/wp\/v2\/posts\/85478"}],"collection":[{"href":"https:\/\/nitu.mx\/index.php\/wp-json\/wp\/v2\/posts"}],"about":[{"href":"https:\/\/nitu.mx\/index.php\/wp-json\/wp\/v2\/types\/post"}],"author":[{"embeddable":true,"href":"https:\/\/nitu.mx\/index.php\/wp-json\/wp\/v2\/users\/17"}],"replies":[{"embeddable":true,"href":"https:\/\/nitu.mx\/index.php\/wp-json\/wp\/v2\/comments?post=85478"}],"version-history":[{"count":1,"href":"https:\/\/nitu.mx\/index.php\/wp-json\/wp\/v2\/posts\/85478\/revisions"}],"predecessor-version":[{"id":85481,"href":"https:\/\/nitu.mx\/index.php\/wp-json\/wp\/v2\/posts\/85478\/revisions\/85481"}],"wp:featuredmedia":[{"embeddable":true,"href":"https:\/\/nitu.mx\/index.php\/wp-json\/wp\/v2\/media\/85480"}],"wp:attachment":[{"href":"https:\/\/nitu.mx\/index.php\/wp-json\/wp\/v2\/media?parent=85478"}],"wp:term":[{"taxonomy":"category","embeddable":true,"href":"https:\/\/nitu.mx\/index.php\/wp-json\/wp\/v2\/categories?post=85478"},{"taxonomy":"post_tag","embeddable":true,"href":"https:\/\/nitu.mx\/index.php\/wp-json\/wp\/v2\/tags?post=85478"}],"curies":[{"name":"wp","href":"https:\/\/api.w.org\/{rel}","templated":true}]}}