{"id":85466,"date":"2026-01-07T14:59:22","date_gmt":"2026-01-07T20:59:22","guid":{"rendered":"https:\/\/nitu.mx\/?p=85466"},"modified":"2026-01-07T15:00:47","modified_gmt":"2026-01-07T21:00:47","slug":"inicia-la-historica-ruta-directa-a-cancun-desde-dublin-de-aer-lingus","status":"publish","type":"post","link":"https:\/\/nitu.mx\/index.php\/2026\/01\/07\/inicia-la-historica-ruta-directa-a-cancun-desde-dublin-de-aer-lingus\/","title":{"rendered":"Inicia la hist\u00f3rica ruta directa a Canc\u00fan desde Dubl\u00edn de Aer Lingus"},"content":{"rendered":"\n<p>Quintana Roo abri\u00f3 una nueva puerta al mundo con el arribo del vuelo inaugural de Aer Lingus en la ruta directa Dubl\u00edn\u2013Canc\u00fan, la primera operaci\u00f3n de la aerol\u00ednea irlandesa hacia M\u00e9xico y una conexi\u00f3n hist\u00f3rica sin escalas entre Europa y el Caribe Mexicano, anunci\u00f3 la gobernadora Mara Lezama Espinosa.<\/p>\n\n\n\n<p>La llegada de esta nueva ruta consolida a Canc\u00fan como la principal puerta de entrada internacional al pa\u00eds y reafirma la confianza del mercado europeo en el destino, en su gente y en la fortaleza tur\u00edstica del estado.<\/p>\n\n\n\n<p>\u201cNo es casualidad que este primer vuelo de Aer Lingus a M\u00e9xico llegue a Canc\u00fan. Es resultado de la confianza internacional en nuestro destino, en nuestra gente y en la fortaleza tur\u00edstica de Quintana Roo\u201d, explic\u00f3 Mara Lezama.<\/p>\n\n\n\n<p>Dio a conocer que el nuevo enlace a\u00e9reo operar\u00e1 con tres frecuencias semanales, a bordo de aeronaves con capacidad para m\u00e1s de 300 pasajeros por vuelo, lo que permitir\u00e1 fortalecer el flujo tur\u00edstico desde Irlanda y otros puntos de conexi\u00f3n en Europa.<\/p>\n\n\n<div class=\"wp-block-image\">\n<figure class=\"aligncenter size-large is-resized\"><img decoding=\"async\" loading=\"lazy\" width=\"1024\" height=\"576\" src=\"https:\/\/nitu.mx\/wp-content\/uploads\/2026\/01\/Aer-Lingus-ruta-Dublin-Cancun-inauguracion-avion-1024x576.jpg\" alt=\"Aer Lingus ruta Dubl\u00edn Canc\u00fan inauguraci\u00f3n avi\u00f3n\" class=\"wp-image-85470\" style=\"aspect-ratio:1.7777777777777777;width:710px;height:auto\" srcset=\"https:\/\/nitu.mx\/wp-content\/uploads\/2026\/01\/Aer-Lingus-ruta-Dublin-Cancun-inauguracion-avion-1024x576.jpg 1024w, https:\/\/nitu.mx\/wp-content\/uploads\/2026\/01\/Aer-Lingus-ruta-Dublin-Cancun-inauguracion-avion-300x168.jpg 300w, https:\/\/nitu.mx\/wp-content\/uploads\/2026\/01\/Aer-Lingus-ruta-Dublin-Cancun-inauguracion-avion-768x432.jpg 768w, https:\/\/nitu.mx\/wp-content\/uploads\/2026\/01\/Aer-Lingus-ruta-Dublin-Cancun-inauguracion-avion-990x557.jpg 990w, https:\/\/nitu.mx\/wp-content\/uploads\/2026\/01\/Aer-Lingus-ruta-Dublin-Cancun-inauguracion-avion-470x264.jpg 470w, https:\/\/nitu.mx\/wp-content\/uploads\/2026\/01\/Aer-Lingus-ruta-Dublin-Cancun-inauguracion-avion-640x360.jpg 640w, https:\/\/nitu.mx\/wp-content\/uploads\/2026\/01\/Aer-Lingus-ruta-Dublin-Cancun-inauguracion-avion-215x120.jpg 215w, https:\/\/nitu.mx\/wp-content\/uploads\/2026\/01\/Aer-Lingus-ruta-Dublin-Cancun-inauguracion-avion-414x232.jpg 414w, https:\/\/nitu.mx\/wp-content\/uploads\/2026\/01\/Aer-Lingus-ruta-Dublin-Cancun-inauguracion-avion.jpg 1200w\" sizes=\"(max-width: 1024px) 100vw, 1024px\" \/><\/figure><\/div>\n\n\n<p>Mara Lezama puntualiz\u00f3 que, m\u00e1s all\u00e1 de las cifras, cada vuelo representa historias humanas: familias que dependen del turismo, empleos que se fortalecen y comunidades que acceden a nuevas oportunidades de desarrollo.<\/p>\n\n\n\n<p>La titular del Ejecutivo precis\u00f3 que en este 2026 se seguir\u00e1 trabajando para que la conectividad a\u00e9rea se traduzca en prosperidad compartida y justicia social.<\/p>\n\n\n\n<p>Con esta nueva ruta, el Caribe Mexicano ampl\u00eda su presencia en el mercado internacional y da la bienvenida a visitantes de Irlanda, consolid\u00e1ndose como uno de los destinos tur\u00edsticos m\u00e1s importantes del mundo. (<a href=\"https:\/\/nitu.mx\/index.php\/2025\/07\/07\/confirma-mara-lezama-proxima-ruta-a-cancun-desde-dublin\/\">Confirma Mara Lezama pr\u00f3xima ruta a Canc\u00fan desde Dubl\u00edn<\/a>).<\/p>\n","protected":false},"excerpt":{"rendered":"<p>Quintana Roo abri\u00f3 una nueva puerta al mundo con el arribo del vuelo inaugural de Aer Lingus en la ruta directa Dubl\u00edn\u2013Canc\u00fan, la primera operaci\u00f3n de la aerol\u00ednea irlandesa hacia M\u00e9xico y una conexi\u00f3n hist\u00f3rica sin escalas entre Europa y el Caribe Mexicano, anunci\u00f3 la gobernadora Mara Lezama Espinosa. La llegada de esta nueva ruta [&hellip;]<\/p>\n","protected":false},"author":17,"featured_media":85469,"comment_status":"closed","ping_status":"closed","sticky":false,"template":"","format":"standard","meta":{"footnotes":""},"categories":[29,21403],"tags":[3745,43,3953,2772,14028],"yoast_head":"<!-- This site is optimized with the Yoast SEO plugin v22.2 - https:\/\/yoast.com\/wordpress\/plugins\/seo\/ -->\n<title>Inicia la hist\u00f3rica ruta directa a Canc\u00fan desde Dubl\u00edn de Aer Lingus - Nitu - Noticias de la Industria Turistica<\/title>\n<meta name=\"robots\" content=\"index, follow, max-snippet:-1, max-image-preview:large, max-video-preview:-1\" \/>\n<link rel=\"canonical\" href=\"https:\/\/nitu.mx\/index.php\/2026\/01\/07\/inicia-la-historica-ruta-directa-a-cancun-desde-dublin-de-aer-lingus\/\" \/>\n<meta name=\"twitter:card\" content=\"summary_large_image\" \/>\n<meta name=\"twitter:title\" content=\"Inicia la hist\u00f3rica ruta directa a Canc\u00fan desde Dubl\u00edn de Aer Lingus - Nitu - Noticias de la Industria Turistica\" \/>\n<meta name=\"twitter:description\" content=\"Quintana Roo abri\u00f3 una nueva puerta al mundo con el arribo del vuelo inaugural de Aer Lingus en la ruta directa Dubl\u00edn\u2013Canc\u00fan, la primera operaci\u00f3n de la aerol\u00ednea irlandesa hacia M\u00e9xico y una conexi\u00f3n hist\u00f3rica sin escalas entre Europa y el Caribe Mexicano, anunci\u00f3 la gobernadora Mara Lezama Espinosa. La llegada de esta nueva ruta [&hellip;]\" \/>\n<meta name=\"twitter:image\" content=\"https:\/\/nitu.mx\/wp-content\/uploads\/2026\/01\/Aer-Lingus-ruta-Dublin-Cancun-inauguracion.jpg\" \/>\n<meta name=\"twitter:creator\" content=\"@NITUmx\" \/>\n<meta name=\"twitter:site\" content=\"@Arturo_Medina_G\" \/>\n<meta name=\"twitter:label1\" content=\"Escrito por\" \/>\n\t<meta name=\"twitter:data1\" content=\"Redacci\u00f3n\" \/>\n\t<meta name=\"twitter:label2\" content=\"Tiempo de lectura\" \/>\n\t<meta name=\"twitter:data2\" content=\"1 minuto\" \/>\n<script type=\"application\/ld+json\" class=\"yoast-schema-graph\">{\"@context\":\"https:\/\/schema.org\",\"@graph\":[{\"@type\":\"Article\",\"@id\":\"https:\/\/nitu.mx\/index.php\/2026\/01\/07\/inicia-la-historica-ruta-directa-a-cancun-desde-dublin-de-aer-lingus\/#article\",\"isPartOf\":{\"@id\":\"https:\/\/nitu.mx\/index.php\/2026\/01\/07\/inicia-la-historica-ruta-directa-a-cancun-desde-dublin-de-aer-lingus\/\"},\"author\":{\"name\":\"Redacci\u00f3n\",\"@id\":\"https:\/\/nitu.mx\/#\/schema\/person\/4a28fe9bd65924f7c90623773daf1b0b\"},\"headline\":\"Inicia la hist\u00f3rica ruta directa a Canc\u00fan desde Dubl\u00edn de Aer Lingus\",\"datePublished\":\"2026-01-07T20:59:22+00:00\",\"dateModified\":\"2026-01-07T21:00:47+00:00\",\"mainEntityOfPage\":{\"@id\":\"https:\/\/nitu.mx\/index.php\/2026\/01\/07\/inicia-la-historica-ruta-directa-a-cancun-desde-dublin-de-aer-lingus\/\"},\"wordCount\":306,\"publisher\":{\"@id\":\"https:\/\/nitu.mx\/#\/schema\/person\/ae7a53426417292d3dd07b45a33e01bc\"},\"image\":{\"@id\":\"https:\/\/nitu.mx\/index.php\/2026\/01\/07\/inicia-la-historica-ruta-directa-a-cancun-desde-dublin-de-aer-lingus\/#primaryimage\"},\"thumbnailUrl\":\"https:\/\/nitu.mx\/wp-content\/uploads\/2026\/01\/Aer-Lingus-ruta-Dublin-Cancun-inauguracion.jpg\",\"keywords\":[\"Aer Lingus\",\"Canc\u00fan\",\"conectividad\",\"Dubl\u00edn\",\"Mara Lezama\"],\"articleSection\":[\"Aerol\u00edneas\",\"Canc\u00fan\"],\"inLanguage\":\"es-MX\"},{\"@type\":\"WebPage\",\"@id\":\"https:\/\/nitu.mx\/index.php\/2026\/01\/07\/inicia-la-historica-ruta-directa-a-cancun-desde-dublin-de-aer-lingus\/\",\"url\":\"https:\/\/nitu.mx\/index.php\/2026\/01\/07\/inicia-la-historica-ruta-directa-a-cancun-desde-dublin-de-aer-lingus\/\",\"name\":\"Inicia la hist\u00f3rica ruta directa a Canc\u00fan desde Dubl\u00edn de Aer Lingus - Nitu - Noticias de la Industria Turistica\",\"isPartOf\":{\"@id\":\"https:\/\/nitu.mx\/#website\"},\"primaryImageOfPage\":{\"@id\":\"https:\/\/nitu.mx\/index.php\/2026\/01\/07\/inicia-la-historica-ruta-directa-a-cancun-desde-dublin-de-aer-lingus\/#primaryimage\"},\"image\":{\"@id\":\"https:\/\/nitu.mx\/index.php\/2026\/01\/07\/inicia-la-historica-ruta-directa-a-cancun-desde-dublin-de-aer-lingus\/#primaryimage\"},\"thumbnailUrl\":\"https:\/\/nitu.mx\/wp-content\/uploads\/2026\/01\/Aer-Lingus-ruta-Dublin-Cancun-inauguracion.jpg\",\"datePublished\":\"2026-01-07T20:59:22+00:00\",\"dateModified\":\"2026-01-07T21:00:47+00:00\",\"breadcrumb\":{\"@id\":\"https:\/\/nitu.mx\/index.php\/2026\/01\/07\/inicia-la-historica-ruta-directa-a-cancun-desde-dublin-de-aer-lingus\/#breadcrumb\"},\"inLanguage\":\"es-MX\",\"potentialAction\":[{\"@type\":\"ReadAction\",\"target\":[\"https:\/\/nitu.mx\/index.php\/2026\/01\/07\/inicia-la-historica-ruta-directa-a-cancun-desde-dublin-de-aer-lingus\/\"]}]},{\"@type\":\"ImageObject\",\"inLanguage\":\"es-MX\",\"@id\":\"https:\/\/nitu.mx\/index.php\/2026\/01\/07\/inicia-la-historica-ruta-directa-a-cancun-desde-dublin-de-aer-lingus\/#primaryimage\",\"url\":\"https:\/\/nitu.mx\/wp-content\/uploads\/2026\/01\/Aer-Lingus-ruta-Dublin-Cancun-inauguracion.jpg\",\"contentUrl\":\"https:\/\/nitu.mx\/wp-content\/uploads\/2026\/01\/Aer-Lingus-ruta-Dublin-Cancun-inauguracion.jpg\",\"width\":1200,\"height\":675,\"caption\":\"Aer Lingus ruta Dubl\u00edn Canc\u00fan inauguraci\u00f3n\"},{\"@type\":\"BreadcrumbList\",\"@id\":\"https:\/\/nitu.mx\/index.php\/2026\/01\/07\/inicia-la-historica-ruta-directa-a-cancun-desde-dublin-de-aer-lingus\/#breadcrumb\",\"itemListElement\":[{\"@type\":\"ListItem\",\"position\":1,\"name\":\"Inicio\",\"item\":\"https:\/\/nitu.mx\/\"},{\"@type\":\"ListItem\",\"position\":2,\"name\":\"Inicia la hist\u00f3rica ruta directa a Canc\u00fan desde Dubl\u00edn de Aer Lingus\"}]},{\"@type\":\"WebSite\",\"@id\":\"https:\/\/nitu.mx\/#website\",\"url\":\"https:\/\/nitu.mx\/\",\"name\":\"Nitu - Noticias de la Industria Turistica\",\"description\":\"Noticias de la Industria Turistica\",\"publisher\":{\"@id\":\"https:\/\/nitu.mx\/#\/schema\/person\/ae7a53426417292d3dd07b45a33e01bc\"},\"alternateName\":\"Noticias de la Industria Turistica\",\"potentialAction\":[{\"@type\":\"SearchAction\",\"target\":{\"@type\":\"EntryPoint\",\"urlTemplate\":\"https:\/\/nitu.mx\/?s={search_term_string}\"},\"query-input\":\"required name=search_term_string\"}],\"inLanguage\":\"es-MX\"},{\"@type\":[\"Person\",\"Organization\"],\"@id\":\"https:\/\/nitu.mx\/#\/schema\/person\/ae7a53426417292d3dd07b45a33e01bc\",\"name\":\"Arturo Medina\",\"image\":{\"@type\":\"ImageObject\",\"inLanguage\":\"es-MX\",\"@id\":\"https:\/\/nitu.mx\/#\/schema\/person\/image\/\",\"url\":\"https:\/\/nitu.mx\/wp-content\/uploads\/2024\/04\/4A315622-1904-4D5C-B022-878CDC840E04-90x90-1.jpeg\",\"contentUrl\":\"https:\/\/nitu.mx\/wp-content\/uploads\/2024\/04\/4A315622-1904-4D5C-B022-878CDC840E04-90x90-1.jpeg\",\"width\":90,\"height\":90,\"caption\":\"Arturo Medina\"},\"logo\":{\"@id\":\"https:\/\/nitu.mx\/#\/schema\/person\/image\/\"},\"description\":\"Director NITU.mx, Egresado de la Escuela de Periodismo Carlos Septi\u00e9n Garc\u00eda. Periodista y analista especializado en turismo desde hace 35 a\u00f1os, radicado en Canc\u00fan Q.Roo. arturo@nitu.mx\",\"sameAs\":[\"https:\/\/nitu.mx\",\"https:\/\/www.facebook.com\/NITUmx\/\",\"medinacancun\",\"https:\/\/twitter.com\/@Arturo_Medina_G\"]},{\"@type\":\"Person\",\"@id\":\"https:\/\/nitu.mx\/#\/schema\/person\/4a28fe9bd65924f7c90623773daf1b0b\",\"name\":\"Redacci\u00f3n\",\"image\":{\"@type\":\"ImageObject\",\"inLanguage\":\"es-MX\",\"@id\":\"https:\/\/nitu.mx\/#\/schema\/person\/image\/\",\"url\":\"https:\/\/secure.gravatar.com\/avatar\/5dd011c8ccfc5cd7e4c81e42252aab38?s=96&d=mm&r=g\",\"contentUrl\":\"https:\/\/secure.gravatar.com\/avatar\/5dd011c8ccfc5cd7e4c81e42252aab38?s=96&d=mm&r=g\",\"caption\":\"Redacci\u00f3n\"},\"url\":\"https:\/\/nitu.mx\/index.php\/author\/redaccion\/\"}]}<\/script>\n<!-- \/ Yoast SEO plugin. -->","yoast_head_json":{"title":"Inicia la hist\u00f3rica ruta directa a Canc\u00fan desde Dubl\u00edn de Aer Lingus - Nitu - Noticias de la Industria Turistica","robots":{"index":"index","follow":"follow","max-snippet":"max-snippet:-1","max-image-preview":"max-image-preview:large","max-video-preview":"max-video-preview:-1"},"canonical":"https:\/\/nitu.mx\/index.php\/2026\/01\/07\/inicia-la-historica-ruta-directa-a-cancun-desde-dublin-de-aer-lingus\/","twitter_card":"summary_large_image","twitter_title":"Inicia la hist\u00f3rica ruta directa a Canc\u00fan desde Dubl\u00edn de Aer Lingus - Nitu - Noticias de la Industria Turistica","twitter_description":"Quintana Roo abri\u00f3 una nueva puerta al mundo con el arribo del vuelo inaugural de Aer Lingus en la ruta directa Dubl\u00edn\u2013Canc\u00fan, la primera operaci\u00f3n de la aerol\u00ednea irlandesa hacia M\u00e9xico y una conexi\u00f3n hist\u00f3rica sin escalas entre Europa y el Caribe Mexicano, anunci\u00f3 la gobernadora Mara Lezama Espinosa. La llegada de esta nueva ruta [&hellip;]","twitter_image":"https:\/\/nitu.mx\/wp-content\/uploads\/2026\/01\/Aer-Lingus-ruta-Dublin-Cancun-inauguracion.jpg","twitter_creator":"@NITUmx","twitter_site":"@Arturo_Medina_G","twitter_misc":{"Escrito por":"Redacci\u00f3n","Tiempo de lectura":"1 minuto"},"schema":{"@context":"https:\/\/schema.org","@graph":[{"@type":"Article","@id":"https:\/\/nitu.mx\/index.php\/2026\/01\/07\/inicia-la-historica-ruta-directa-a-cancun-desde-dublin-de-aer-lingus\/#article","isPartOf":{"@id":"https:\/\/nitu.mx\/index.php\/2026\/01\/07\/inicia-la-historica-ruta-directa-a-cancun-desde-dublin-de-aer-lingus\/"},"author":{"name":"Redacci\u00f3n","@id":"https:\/\/nitu.mx\/#\/schema\/person\/4a28fe9bd65924f7c90623773daf1b0b"},"headline":"Inicia la hist\u00f3rica ruta directa a Canc\u00fan desde Dubl\u00edn de Aer Lingus","datePublished":"2026-01-07T20:59:22+00:00","dateModified":"2026-01-07T21:00:47+00:00","mainEntityOfPage":{"@id":"https:\/\/nitu.mx\/index.php\/2026\/01\/07\/inicia-la-historica-ruta-directa-a-cancun-desde-dublin-de-aer-lingus\/"},"wordCount":306,"publisher":{"@id":"https:\/\/nitu.mx\/#\/schema\/person\/ae7a53426417292d3dd07b45a33e01bc"},"image":{"@id":"https:\/\/nitu.mx\/index.php\/2026\/01\/07\/inicia-la-historica-ruta-directa-a-cancun-desde-dublin-de-aer-lingus\/#primaryimage"},"thumbnailUrl":"https:\/\/nitu.mx\/wp-content\/uploads\/2026\/01\/Aer-Lingus-ruta-Dublin-Cancun-inauguracion.jpg","keywords":["Aer Lingus","Canc\u00fan","conectividad","Dubl\u00edn","Mara Lezama"],"articleSection":["Aerol\u00edneas","Canc\u00fan"],"inLanguage":"es-MX"},{"@type":"WebPage","@id":"https:\/\/nitu.mx\/index.php\/2026\/01\/07\/inicia-la-historica-ruta-directa-a-cancun-desde-dublin-de-aer-lingus\/","url":"https:\/\/nitu.mx\/index.php\/2026\/01\/07\/inicia-la-historica-ruta-directa-a-cancun-desde-dublin-de-aer-lingus\/","name":"Inicia la hist\u00f3rica ruta directa a Canc\u00fan desde Dubl\u00edn de Aer Lingus - Nitu - Noticias de la Industria Turistica","isPartOf":{"@id":"https:\/\/nitu.mx\/#website"},"primaryImageOfPage":{"@id":"https:\/\/nitu.mx\/index.php\/2026\/01\/07\/inicia-la-historica-ruta-directa-a-cancun-desde-dublin-de-aer-lingus\/#primaryimage"},"image":{"@id":"https:\/\/nitu.mx\/index.php\/2026\/01\/07\/inicia-la-historica-ruta-directa-a-cancun-desde-dublin-de-aer-lingus\/#primaryimage"},"thumbnailUrl":"https:\/\/nitu.mx\/wp-content\/uploads\/2026\/01\/Aer-Lingus-ruta-Dublin-Cancun-inauguracion.jpg","datePublished":"2026-01-07T20:59:22+00:00","dateModified":"2026-01-07T21:00:47+00:00","breadcrumb":{"@id":"https:\/\/nitu.mx\/index.php\/2026\/01\/07\/inicia-la-historica-ruta-directa-a-cancun-desde-dublin-de-aer-lingus\/#breadcrumb"},"inLanguage":"es-MX","potentialAction":[{"@type":"ReadAction","target":["https:\/\/nitu.mx\/index.php\/2026\/01\/07\/inicia-la-historica-ruta-directa-a-cancun-desde-dublin-de-aer-lingus\/"]}]},{"@type":"ImageObject","inLanguage":"es-MX","@id":"https:\/\/nitu.mx\/index.php\/2026\/01\/07\/inicia-la-historica-ruta-directa-a-cancun-desde-dublin-de-aer-lingus\/#primaryimage","url":"https:\/\/nitu.mx\/wp-content\/uploads\/2026\/01\/Aer-Lingus-ruta-Dublin-Cancun-inauguracion.jpg","contentUrl":"https:\/\/nitu.mx\/wp-content\/uploads\/2026\/01\/Aer-Lingus-ruta-Dublin-Cancun-inauguracion.jpg","width":1200,"height":675,"caption":"Aer Lingus ruta Dubl\u00edn Canc\u00fan inauguraci\u00f3n"},{"@type":"BreadcrumbList","@id":"https:\/\/nitu.mx\/index.php\/2026\/01\/07\/inicia-la-historica-ruta-directa-a-cancun-desde-dublin-de-aer-lingus\/#breadcrumb","itemListElement":[{"@type":"ListItem","position":1,"name":"Inicio","item":"https:\/\/nitu.mx\/"},{"@type":"ListItem","position":2,"name":"Inicia la hist\u00f3rica ruta directa a Canc\u00fan desde Dubl\u00edn de Aer Lingus"}]},{"@type":"WebSite","@id":"https:\/\/nitu.mx\/#website","url":"https:\/\/nitu.mx\/","name":"Nitu - Noticias de la Industria Turistica","description":"Noticias de la Industria Turistica","publisher":{"@id":"https:\/\/nitu.mx\/#\/schema\/person\/ae7a53426417292d3dd07b45a33e01bc"},"alternateName":"Noticias de la Industria Turistica","potentialAction":[{"@type":"SearchAction","target":{"@type":"EntryPoint","urlTemplate":"https:\/\/nitu.mx\/?s={search_term_string}"},"query-input":"required name=search_term_string"}],"inLanguage":"es-MX"},{"@type":["Person","Organization"],"@id":"https:\/\/nitu.mx\/#\/schema\/person\/ae7a53426417292d3dd07b45a33e01bc","name":"Arturo Medina","image":{"@type":"ImageObject","inLanguage":"es-MX","@id":"https:\/\/nitu.mx\/#\/schema\/person\/image\/","url":"https:\/\/nitu.mx\/wp-content\/uploads\/2024\/04\/4A315622-1904-4D5C-B022-878CDC840E04-90x90-1.jpeg","contentUrl":"https:\/\/nitu.mx\/wp-content\/uploads\/2024\/04\/4A315622-1904-4D5C-B022-878CDC840E04-90x90-1.jpeg","width":90,"height":90,"caption":"Arturo Medina"},"logo":{"@id":"https:\/\/nitu.mx\/#\/schema\/person\/image\/"},"description":"Director NITU.mx, Egresado de la Escuela de Periodismo Carlos Septi\u00e9n Garc\u00eda. Periodista y analista especializado en turismo desde hace 35 a\u00f1os, radicado en Canc\u00fan Q.Roo. arturo@nitu.mx","sameAs":["https:\/\/nitu.mx","https:\/\/www.facebook.com\/NITUmx\/","medinacancun","https:\/\/twitter.com\/@Arturo_Medina_G"]},{"@type":"Person","@id":"https:\/\/nitu.mx\/#\/schema\/person\/4a28fe9bd65924f7c90623773daf1b0b","name":"Redacci\u00f3n","image":{"@type":"ImageObject","inLanguage":"es-MX","@id":"https:\/\/nitu.mx\/#\/schema\/person\/image\/","url":"https:\/\/secure.gravatar.com\/avatar\/5dd011c8ccfc5cd7e4c81e42252aab38?s=96&d=mm&r=g","contentUrl":"https:\/\/secure.gravatar.com\/avatar\/5dd011c8ccfc5cd7e4c81e42252aab38?s=96&d=mm&r=g","caption":"Redacci\u00f3n"},"url":"https:\/\/nitu.mx\/index.php\/author\/redaccion\/"}]}},"views":387,"_links":{"self":[{"href":"https:\/\/nitu.mx\/index.php\/wp-json\/wp\/v2\/posts\/85466"}],"collection":[{"href":"https:\/\/nitu.mx\/index.php\/wp-json\/wp\/v2\/posts"}],"about":[{"href":"https:\/\/nitu.mx\/index.php\/wp-json\/wp\/v2\/types\/post"}],"author":[{"embeddable":true,"href":"https:\/\/nitu.mx\/index.php\/wp-json\/wp\/v2\/users\/17"}],"replies":[{"embeddable":true,"href":"https:\/\/nitu.mx\/index.php\/wp-json\/wp\/v2\/comments?post=85466"}],"version-history":[{"count":2,"href":"https:\/\/nitu.mx\/index.php\/wp-json\/wp\/v2\/posts\/85466\/revisions"}],"predecessor-version":[{"id":85471,"href":"https:\/\/nitu.mx\/index.php\/wp-json\/wp\/v2\/posts\/85466\/revisions\/85471"}],"wp:featuredmedia":[{"embeddable":true,"href":"https:\/\/nitu.mx\/index.php\/wp-json\/wp\/v2\/media\/85469"}],"wp:attachment":[{"href":"https:\/\/nitu.mx\/index.php\/wp-json\/wp\/v2\/media?parent=85466"}],"wp:term":[{"taxonomy":"category","embeddable":true,"href":"https:\/\/nitu.mx\/index.php\/wp-json\/wp\/v2\/categories?post=85466"},{"taxonomy":"post_tag","embeddable":true,"href":"https:\/\/nitu.mx\/index.php\/wp-json\/wp\/v2\/tags?post=85466"}],"curies":[{"name":"wp","href":"https:\/\/api.w.org\/{rel}","templated":true}]}}