{"id":85446,"date":"2026-01-06T16:00:00","date_gmt":"2026-01-06T22:00:00","guid":{"rendered":"https:\/\/nitu.mx\/?p=85446"},"modified":"2026-01-06T15:11:48","modified_gmt":"2026-01-06T21:11:48","slug":"tren-maya-expropiaran-48-mil-m2-de-quintana-roo-campeche-tabasco-y-yucatan","status":"publish","type":"post","link":"https:\/\/nitu.mx\/index.php\/2026\/01\/06\/tren-maya-expropiaran-48-mil-m2-de-quintana-roo-campeche-tabasco-y-yucatan\/","title":{"rendered":"Tren Maya: Expropiar\u00e1n 48 mil m2 de Quintana Roo, Campeche, Tabasco y Yucat\u00e1n"},"content":{"rendered":"\n<p>La Secretar\u00eda de Desarrollo Agrario, Territorial y Urbano inform\u00f3 (Sedatu), a trav\u00e9s del Diario Oficial de la Federaci\u00f3n (DOF), la Declaratoria de causa de utilidad p\u00fablica relativa a 48 mil 661.703 metros cuadrados, correspondientes a 14 inmuebles de propiedad privada, en los estados de Campeche, Tabasco, Quintana Roo y Tabasco, que ser\u00e1n destinados para la construcci\u00f3n de obras de infraestructura p\u00fablica relacionadas con el Proyecto Tren Maya.<\/p>\n\n\n\n<p>El documento detalla que se declara de utilidad p\u00fablica el desarrollo del Proyecto Tren Maya; en los municipios de Candelaria,\u00a0Champot\u00f3n y Campeche en el estado de Campeche; Tenosique en el estado de Tabasco; Um\u00e1n en el estado de Yucat\u00e1n;\u00a0Oth\u00f3n P. Blanco, Puerto Morelos, Solidaridad, Tulum y Felipe Carrillo Puerto en el estado de Quintana Roo, que se\u00a0materializar\u00e1 en la construcci\u00f3n de obras de infraestructura p\u00fablica sobre los inmuebles que suman una superficie total de\u00a048,661.703 m\u00b2 (cuarenta y ocho mil seiscientos sesenta y uno punto setecientos tres metros cuadrados), correspondientes a\u00a014 (catorce) inmuebles de propiedad privada detallados a continuaci\u00f3n, requeridos para la construcci\u00f3n de dicha obra de\u00a0infraestructura p\u00fablica.<\/p>\n\n\n\n<p>Los inmuebles que ser\u00e1n parte de esta nueva expropiaci\u00f3n son: <\/p>\n\n\n\n<p>Tramo 1<\/p>\n\n\n\n<p>Municipio de Candelaria, estado de Campeche:<\/p>\n\n\n\n<figure class=\"wp-block-table\"><table><tbody><tr><td><strong>No.<\/strong><\/td><td><strong>Pol\u00edgono<\/strong><\/td><td><strong>Folio<\/strong><\/td><td><strong>Cuenta Catastral<\/strong><\/td><td><strong>Superficie de<\/strong><br><strong>afectaci\u00f3n<\/strong><br><strong>metros<\/strong><br><strong>cuadrados<\/strong><\/td><\/tr><tr><td>1.<\/td><td>T1-CAM-CAN-PRIV-EXPR-21b<\/td><td>20505 (Ciudad del Carmen)<\/td><td>No Consta<\/td><td>129.68<\/td><\/tr><tr><td>2.<\/td><td>T1-CAM-CAN-PRIV-EXPR-21c<\/td><td>No consta<\/td><td>No consta<\/td><td>310.31<\/td><\/tr><\/tbody><\/table><\/figure>\n\n\n\n<p>Municipio de Tenosique, estado de Tabasco:<\/p>\n\n\n\n<figure class=\"wp-block-table\"><table><tbody><tr><td><strong>No.<\/strong><\/td><td><strong>Pol\u00edgono<\/strong><\/td><td><strong>Folio<\/strong><\/td><td><strong>Cuenta Catastral<\/strong><\/td><td><strong>Superficie de<\/strong><br><strong>afectaci\u00f3n<\/strong><br><strong>metros<\/strong><br><strong>cuadrados<\/strong><\/td><\/tr><tr><td>3.<\/td><td>T1-TABA-TEN-SOC-PARC-TM-410a<\/td><td>771362<\/td><td>R-00424<\/td><td>1,604.64<\/td><\/tr><\/tbody><\/table><\/figure>\n\n\n\n<p>Tramo 2<\/p>\n\n\n\n<p>Municipio de Champot\u00f3n, estado de Campeche:<\/p>\n\n\n\n<figure class=\"wp-block-table\"><table><tbody><tr><td><strong>No.<\/strong><\/td><td><strong>Pol\u00edgono<\/strong><\/td><td><strong>Folio<\/strong><\/td><td><strong>Cuenta Catastral<\/strong><\/td><td><strong>Superficie de<\/strong><br><strong>afectaci\u00f3n<\/strong><br><strong>metros<\/strong><br><strong>cuadrados<\/strong><\/td><\/tr><tr><td>4.<\/td><td>143-CAM-CHA-EXPR-PRIV<\/td><td>No consta<\/td><td>No consta<\/td><td>30.24<\/td><\/tr><\/tbody><\/table><\/figure>\n\n\n\n<p>Municipio de Campeche, estado de Campeche:<\/p>\n\n\n\n<figure class=\"wp-block-table\"><table><tbody><tr><td><strong>No.<\/strong><\/td><td><strong>Pol\u00edgono<\/strong><\/td><td><strong>Folio<\/strong><\/td><td><strong>Cuenta Catastral<\/strong><\/td><td><strong>Superficie de<\/strong><br><strong>afectaci\u00f3n<\/strong><br><strong>metros<\/strong><br><strong>cuadrados<\/strong><\/td><\/tr><tr><td>5.<\/td><td>259-CAM-CAM-EXPR-PRIV<\/td><td>No consta<\/td><td>No consta<\/td><td>16.20<\/td><\/tr><\/tbody><\/table><\/figure>\n\n\n\n<p>Tramo 3<\/p>\n\n\n\n<p>Municipio de Um\u00e1n, estado de Yucat\u00e1n:<\/p>\n\n\n\n<figure class=\"wp-block-table\"><table><tbody><tr><td><strong>No.<\/strong><\/td><td><strong>Pol\u00edgono<\/strong><\/td><td><strong>Folio<\/strong><\/td><td><strong>Cuenta Catastral<\/strong><\/td><td><strong>Superficie de<\/strong><br><strong>afectaci\u00f3n<\/strong><br><strong>metros<\/strong><br><strong>cuadrados<\/strong><\/td><\/tr><tr><td>6.<\/td><td>T3\/YUC-UMA\/PRIV-EXPR\/16<\/td><td>No consta<\/td><td>No consta<\/td><td>44,078.63<\/td><\/tr><\/tbody><\/table><\/figure>\n\n\n\n<p>Tramo 5<\/p>\n\n\n\n<p>Municipio de Solidaridad, estado de Quintana Roo:<\/p>\n\n\n\n<figure class=\"wp-block-table\"><table><tbody><tr><td><strong>No.<\/strong><\/td><td><strong>Pol\u00edgono<\/strong><\/td><td><strong>Folio<\/strong><\/td><td><strong>Cuenta Catastral<\/strong><\/td><td><strong>Superficie de<\/strong><br><strong>afectaci\u00f3n<\/strong><br><strong>metros<\/strong><br><strong>cuadrados<\/strong><\/td><\/tr><tr><td>7.<\/td><td>T5-ETV-021<\/td><td>No&nbsp;consta<\/td><td>No&nbsp;consta<\/td><td>187.71<\/td><\/tr><\/tbody><\/table><\/figure>\n\n\n\n<p>Municipio de Puerto Morelos, estado de Quintana Roo:<\/p>\n\n\n\n<figure class=\"wp-block-table\"><table><tbody><tr><td><strong>No.<\/strong><\/td><td><strong>Pol\u00edgono<\/strong><\/td><td><strong>Folio<\/strong><\/td><td><strong>Cuenta Catastral<\/strong><\/td><td><strong>Superficie de<\/strong><br><strong>afectaci\u00f3n<\/strong><br><strong>metros<\/strong><br><strong>cuadrados<\/strong><\/td><\/tr><tr><td>8.<\/td><td>T5-ETV-030<\/td><td>317710<\/td><td>602200200100156000<\/td><td>252.30<\/td><\/tr><\/tbody><\/table><\/figure>\n\n\n\n<p>Tramo 6<\/p>\n\n\n\n<p>Municipio de Felipe Carrillo Puerto, estado de Quintana Roo:<\/p>\n\n\n\n<figure class=\"wp-block-table\"><table><tbody><tr><td><strong>No.<\/strong><\/td><td><strong>Pol\u00edgono<\/strong><\/td><td><strong>Folio<\/strong><\/td><td><strong>Cuenta Catastral<\/strong><\/td><td><strong>Superficie de<\/strong><br><strong>afectaci\u00f3n<\/strong><br><strong>metros<\/strong><br><strong>cuadrados<\/strong><\/td><\/tr><tr><td>9.<\/td><td>6ETV-017-A<\/td><td>3410 (Oth\u00f3n P. Blanco)<\/td><td>1022401019F-X<\/td><td>636.14<\/td><\/tr><tr><td>10.<\/td><td>6ETV-017-B<\/td><td>2674 (Oth\u00f3n P. Blanco)<\/td><td>1022401019F-XI<\/td><td>904.63<\/td><\/tr><\/tbody><\/table><\/figure>\n\n\n\n<p>Municipio de Oth\u00f3n P. Blanco, estado de Quintana Roo:<\/p>\n\n\n\n<figure class=\"wp-block-table\"><table><tbody><tr><td><strong>No.<\/strong><\/td><td><strong>Pol\u00edgono<\/strong><\/td><td><strong>Folio<\/strong><\/td><td><strong>Cuenta Catastral<\/strong><\/td><td><strong>Superficie de<\/strong><br><strong>afectaci\u00f3n<\/strong><br><strong>metros<\/strong><br><strong>cuadrados<\/strong><\/td><\/tr><tr><td>11.<\/td><td>6SO-23004-02130-TC<\/td><td>157207 (Oth\u00f3n P. Blanco)<\/td><td>No&nbsp;consta<\/td><td>37.96<\/td><\/tr><\/tbody><\/table><\/figure>\n\n\n\n<p>Municipio de Tulum, estado de Quintana Roo:<\/p>\n\n\n\n<figure class=\"wp-block-table\"><table><tbody><tr><td><strong>No.<\/strong><\/td><td><strong>Pol\u00edgono<\/strong><\/td><td><strong>Folio<\/strong><\/td><td><strong>Cuenta Catastral<\/strong><\/td><td><strong>Superficie de<\/strong><br><strong>afectaci\u00f3n<\/strong><br><strong>metros<\/strong><br><strong>cuadrados<\/strong><\/td><\/tr><tr><td>12.<\/td><td>6SO-23009-0047J<\/td><td>214040 (Playa del Carmen)<\/td><td>902011002814001-10<\/td><td>201.00<\/td><\/tr><tr><td>13.<\/td><td>6SO-23009-00050a<\/td><td>248191 (Playa del Carmen)<\/td><td>902011002815004-30<\/td><td>163.15<\/td><\/tr><tr><td>14.<\/td><td>6SO-23009-0067a<\/td><td>214030 (Playa del Carmen)<\/td><td>902011002814001<\/td><td>109.113<\/td><\/tr><\/tbody><\/table><\/figure>\n\n\n\n<p>Los planos topogr\u00e1ficos de los referidos inmuebles y el expediente formado con motivo de la presente declaratoria,\u00a0quedan a disposici\u00f3n de todas aquellas personas f\u00edsicas o morales que acrediten y justifiquen un derecho o inter\u00e9s jur\u00eddico,\u00a0en la Unidad de Asuntos Jur\u00eddicos de la Secretar\u00eda de Desarrollo Agrario, Territorial y Urbano, ubicada en calle Carolina\u00a0n\u00famero 77, colonia Ciudad de los Deportes, Alcald\u00eda Benito Ju\u00e1rez, c\u00f3digo postal 03710, en la Ciudad de M\u00e9xico, con\u00a0horario de atenci\u00f3n de 10:00 a 15:00 horas, de lunes a viernes.<\/p>\n\n\n\n<p>Se indica que deber\u00e1 notificarse \u00a0personalmente a los titulares de los bienes y derechos, en el domicilio que de ellos conste en el\u00a0expediente correspondiente. En caso de ignorarse qui\u00e9nes son los titulares o bien\u00a0se desconozca su domicilio o\u00a0localizaci\u00f3n, efect\u00faese una segunda publicaci\u00f3n en el Diario Oficial de la Federaci\u00f3n, conforme a lo establecido en el\u00a0art\u00edculo 2o. fracci\u00f3n II de la Ley de Expropiaci\u00f3n.<\/p>\n\n\n\n<p>Los interesados tendr\u00e1n un plazo de 15 d\u00edas h\u00e1biles a partir de la notificaci\u00f3n o de la segunda\u00a0publicaci\u00f3n en el Diario Oficial de la Federaci\u00f3n de la Declaratoria, para manifestar ante\u00a0la Unidad de Asuntos\u00a0Jur\u00eddicos de la Secretar\u00eda de Desarrollo Agrario Territorial y Urbano, lo que a su derecho e inter\u00e9s convenga y presenten las\u00a0pruebas que estimen pertinentes.<\/p>\n\n\n\n<p>Previo convenio con los propietarios de los predios involucrados en la presente Declaratoria, se proceder\u00e1 a la\u00a0ocupaci\u00f3n inmediata de los mismos, de conformidad con el art\u00edculo 9 Bis fracci\u00f3n III de la Ley de Expropiaci\u00f3n. (<a href=\"https:\/\/nitu.mx\/index.php\/2025\/07\/16\/tren-maya-aifa-y-mexicana-son-rentables-y-van-requetebien-afirma-sheinbaum\/\">Tren Maya, AIFA y Mexicana son rentables y van \u2018requetebi\u00e9n\u2019, afirma Sheinbaum<\/a>).<\/p>\n","protected":false},"excerpt":{"rendered":"<p>La Secretar\u00eda de Desarrollo Agrario, Territorial y Urbano inform\u00f3 (Sedatu), a trav\u00e9s del Diario Oficial de la Federaci\u00f3n (DOF), la Declaratoria de causa de utilidad p\u00fablica relativa a 48 mil 661.703 metros cuadrados, correspondientes a 14 inmuebles de propiedad privada, en los estados de Campeche, Tabasco, Quintana Roo y Tabasco, que ser\u00e1n destinados para la [&hellip;]<\/p>\n","protected":false},"author":17,"featured_media":65791,"comment_status":"closed","ping_status":"closed","sticky":false,"template":"","format":"standard","meta":{"footnotes":""},"categories":[22813],"tags":[7077,23483,4108,11427],"yoast_head":"<!-- This site is optimized with the Yoast SEO plugin v22.2 - https:\/\/yoast.com\/wordpress\/plugins\/seo\/ -->\n<title>Tren Maya: Expropiar\u00e1n 48 mil m2 de Quintana Roo, Campeche, Tabasco y Yucat\u00e1n - Nitu - Noticias de la Industria Turistica<\/title>\n<meta name=\"robots\" content=\"index, follow, max-snippet:-1, max-image-preview:large, max-video-preview:-1\" \/>\n<link rel=\"canonical\" href=\"https:\/\/nitu.mx\/index.php\/2026\/01\/06\/tren-maya-expropiaran-48-mil-m2-de-quintana-roo-campeche-tabasco-y-yucatan\/\" \/>\n<meta name=\"twitter:card\" content=\"summary_large_image\" \/>\n<meta name=\"twitter:title\" content=\"Tren Maya: Expropiar\u00e1n 48 mil m2 de Quintana Roo, Campeche, Tabasco y Yucat\u00e1n - Nitu - Noticias de la Industria Turistica\" \/>\n<meta name=\"twitter:description\" content=\"La Secretar\u00eda de Desarrollo Agrario, Territorial y Urbano inform\u00f3 (Sedatu), a trav\u00e9s del Diario Oficial de la Federaci\u00f3n (DOF), la Declaratoria de causa de utilidad p\u00fablica relativa a 48 mil 661.703 metros cuadrados, correspondientes a 14 inmuebles de propiedad privada, en los estados de Campeche, Tabasco, Quintana Roo y Tabasco, que ser\u00e1n destinados para la [&hellip;]\" \/>\n<meta name=\"twitter:image\" content=\"https:\/\/nitu.mx\/wp-content\/uploads\/2023\/08\/Tren-Maya-Tramo-2.jpeg\" \/>\n<meta name=\"twitter:creator\" content=\"@NITUmx\" \/>\n<meta name=\"twitter:site\" content=\"@Arturo_Medina_G\" \/>\n<meta name=\"twitter:label1\" content=\"Escrito por\" \/>\n\t<meta name=\"twitter:data1\" content=\"Redacci\u00f3n\" \/>\n\t<meta name=\"twitter:label2\" content=\"Tiempo de lectura\" \/>\n\t<meta name=\"twitter:data2\" content=\"4 minutos\" \/>\n<script type=\"application\/ld+json\" class=\"yoast-schema-graph\">{\"@context\":\"https:\/\/schema.org\",\"@graph\":[{\"@type\":\"Article\",\"@id\":\"https:\/\/nitu.mx\/index.php\/2026\/01\/06\/tren-maya-expropiaran-48-mil-m2-de-quintana-roo-campeche-tabasco-y-yucatan\/#article\",\"isPartOf\":{\"@id\":\"https:\/\/nitu.mx\/index.php\/2026\/01\/06\/tren-maya-expropiaran-48-mil-m2-de-quintana-roo-campeche-tabasco-y-yucatan\/\"},\"author\":{\"name\":\"Redacci\u00f3n\",\"@id\":\"https:\/\/nitu.mx\/#\/schema\/person\/4a28fe9bd65924f7c90623773daf1b0b\"},\"headline\":\"Tren Maya: Expropiar\u00e1n 48 mil m2 de Quintana Roo, Campeche, Tabasco y Yucat\u00e1n\",\"datePublished\":\"2026-01-06T22:00:00+00:00\",\"dateModified\":\"2026-01-06T21:11:48+00:00\",\"mainEntityOfPage\":{\"@id\":\"https:\/\/nitu.mx\/index.php\/2026\/01\/06\/tren-maya-expropiaran-48-mil-m2-de-quintana-roo-campeche-tabasco-y-yucatan\/\"},\"wordCount\":798,\"publisher\":{\"@id\":\"https:\/\/nitu.mx\/#\/schema\/person\/ae7a53426417292d3dd07b45a33e01bc\"},\"image\":{\"@id\":\"https:\/\/nitu.mx\/index.php\/2026\/01\/06\/tren-maya-expropiaran-48-mil-m2-de-quintana-roo-campeche-tabasco-y-yucatan\/#primaryimage\"},\"thumbnailUrl\":\"https:\/\/nitu.mx\/wp-content\/uploads\/2023\/08\/Tren-Maya-Tramo-2.jpeg\",\"keywords\":[\"DOF\",\"expropiaci\u00f3n\",\"Sedatu\",\"Tren Maya\"],\"articleSection\":[\"Tren Maya\"],\"inLanguage\":\"es-MX\"},{\"@type\":\"WebPage\",\"@id\":\"https:\/\/nitu.mx\/index.php\/2026\/01\/06\/tren-maya-expropiaran-48-mil-m2-de-quintana-roo-campeche-tabasco-y-yucatan\/\",\"url\":\"https:\/\/nitu.mx\/index.php\/2026\/01\/06\/tren-maya-expropiaran-48-mil-m2-de-quintana-roo-campeche-tabasco-y-yucatan\/\",\"name\":\"Tren Maya: Expropiar\u00e1n 48 mil m2 de Quintana Roo, Campeche, Tabasco y Yucat\u00e1n - Nitu - Noticias de la Industria Turistica\",\"isPartOf\":{\"@id\":\"https:\/\/nitu.mx\/#website\"},\"primaryImageOfPage\":{\"@id\":\"https:\/\/nitu.mx\/index.php\/2026\/01\/06\/tren-maya-expropiaran-48-mil-m2-de-quintana-roo-campeche-tabasco-y-yucatan\/#primaryimage\"},\"image\":{\"@id\":\"https:\/\/nitu.mx\/index.php\/2026\/01\/06\/tren-maya-expropiaran-48-mil-m2-de-quintana-roo-campeche-tabasco-y-yucatan\/#primaryimage\"},\"thumbnailUrl\":\"https:\/\/nitu.mx\/wp-content\/uploads\/2023\/08\/Tren-Maya-Tramo-2.jpeg\",\"datePublished\":\"2026-01-06T22:00:00+00:00\",\"dateModified\":\"2026-01-06T21:11:48+00:00\",\"breadcrumb\":{\"@id\":\"https:\/\/nitu.mx\/index.php\/2026\/01\/06\/tren-maya-expropiaran-48-mil-m2-de-quintana-roo-campeche-tabasco-y-yucatan\/#breadcrumb\"},\"inLanguage\":\"es-MX\",\"potentialAction\":[{\"@type\":\"ReadAction\",\"target\":[\"https:\/\/nitu.mx\/index.php\/2026\/01\/06\/tren-maya-expropiaran-48-mil-m2-de-quintana-roo-campeche-tabasco-y-yucatan\/\"]}]},{\"@type\":\"ImageObject\",\"inLanguage\":\"es-MX\",\"@id\":\"https:\/\/nitu.mx\/index.php\/2026\/01\/06\/tren-maya-expropiaran-48-mil-m2-de-quintana-roo-campeche-tabasco-y-yucatan\/#primaryimage\",\"url\":\"https:\/\/nitu.mx\/wp-content\/uploads\/2023\/08\/Tren-Maya-Tramo-2.jpeg\",\"contentUrl\":\"https:\/\/nitu.mx\/wp-content\/uploads\/2023\/08\/Tren-Maya-Tramo-2.jpeg\",\"width\":1200,\"height\":675,\"caption\":\"Tren Maya Tramo 2\"},{\"@type\":\"BreadcrumbList\",\"@id\":\"https:\/\/nitu.mx\/index.php\/2026\/01\/06\/tren-maya-expropiaran-48-mil-m2-de-quintana-roo-campeche-tabasco-y-yucatan\/#breadcrumb\",\"itemListElement\":[{\"@type\":\"ListItem\",\"position\":1,\"name\":\"Inicio\",\"item\":\"https:\/\/nitu.mx\/\"},{\"@type\":\"ListItem\",\"position\":2,\"name\":\"Tren Maya: Expropiar\u00e1n 48 mil m2 de Quintana Roo, Campeche, Tabasco y Yucat\u00e1n\"}]},{\"@type\":\"WebSite\",\"@id\":\"https:\/\/nitu.mx\/#website\",\"url\":\"https:\/\/nitu.mx\/\",\"name\":\"Nitu - Noticias de la Industria Turistica\",\"description\":\"Noticias de la Industria Turistica\",\"publisher\":{\"@id\":\"https:\/\/nitu.mx\/#\/schema\/person\/ae7a53426417292d3dd07b45a33e01bc\"},\"alternateName\":\"Noticias de la Industria Turistica\",\"potentialAction\":[{\"@type\":\"SearchAction\",\"target\":{\"@type\":\"EntryPoint\",\"urlTemplate\":\"https:\/\/nitu.mx\/?s={search_term_string}\"},\"query-input\":\"required name=search_term_string\"}],\"inLanguage\":\"es-MX\"},{\"@type\":[\"Person\",\"Organization\"],\"@id\":\"https:\/\/nitu.mx\/#\/schema\/person\/ae7a53426417292d3dd07b45a33e01bc\",\"name\":\"Arturo Medina\",\"image\":{\"@type\":\"ImageObject\",\"inLanguage\":\"es-MX\",\"@id\":\"https:\/\/nitu.mx\/#\/schema\/person\/image\/\",\"url\":\"https:\/\/nitu.mx\/wp-content\/uploads\/2024\/04\/4A315622-1904-4D5C-B022-878CDC840E04-90x90-1.jpeg\",\"contentUrl\":\"https:\/\/nitu.mx\/wp-content\/uploads\/2024\/04\/4A315622-1904-4D5C-B022-878CDC840E04-90x90-1.jpeg\",\"width\":90,\"height\":90,\"caption\":\"Arturo Medina\"},\"logo\":{\"@id\":\"https:\/\/nitu.mx\/#\/schema\/person\/image\/\"},\"description\":\"Director NITU.mx, Egresado de la Escuela de Periodismo Carlos Septi\u00e9n Garc\u00eda. Periodista y analista especializado en turismo desde hace 35 a\u00f1os, radicado en Canc\u00fan Q.Roo. arturo@nitu.mx\",\"sameAs\":[\"https:\/\/nitu.mx\",\"https:\/\/www.facebook.com\/NITUmx\/\",\"medinacancun\",\"https:\/\/twitter.com\/@Arturo_Medina_G\"]},{\"@type\":\"Person\",\"@id\":\"https:\/\/nitu.mx\/#\/schema\/person\/4a28fe9bd65924f7c90623773daf1b0b\",\"name\":\"Redacci\u00f3n\",\"image\":{\"@type\":\"ImageObject\",\"inLanguage\":\"es-MX\",\"@id\":\"https:\/\/nitu.mx\/#\/schema\/person\/image\/\",\"url\":\"https:\/\/secure.gravatar.com\/avatar\/5dd011c8ccfc5cd7e4c81e42252aab38?s=96&d=mm&r=g\",\"contentUrl\":\"https:\/\/secure.gravatar.com\/avatar\/5dd011c8ccfc5cd7e4c81e42252aab38?s=96&d=mm&r=g\",\"caption\":\"Redacci\u00f3n\"},\"url\":\"https:\/\/nitu.mx\/index.php\/author\/redaccion\/\"}]}<\/script>\n<!-- \/ Yoast SEO plugin. -->","yoast_head_json":{"title":"Tren Maya: Expropiar\u00e1n 48 mil m2 de Quintana Roo, Campeche, Tabasco y Yucat\u00e1n - Nitu - Noticias de la Industria Turistica","robots":{"index":"index","follow":"follow","max-snippet":"max-snippet:-1","max-image-preview":"max-image-preview:large","max-video-preview":"max-video-preview:-1"},"canonical":"https:\/\/nitu.mx\/index.php\/2026\/01\/06\/tren-maya-expropiaran-48-mil-m2-de-quintana-roo-campeche-tabasco-y-yucatan\/","twitter_card":"summary_large_image","twitter_title":"Tren Maya: Expropiar\u00e1n 48 mil m2 de Quintana Roo, Campeche, Tabasco y Yucat\u00e1n - Nitu - Noticias de la Industria Turistica","twitter_description":"La Secretar\u00eda de Desarrollo Agrario, Territorial y Urbano inform\u00f3 (Sedatu), a trav\u00e9s del Diario Oficial de la Federaci\u00f3n (DOF), la Declaratoria de causa de utilidad p\u00fablica relativa a 48 mil 661.703 metros cuadrados, correspondientes a 14 inmuebles de propiedad privada, en los estados de Campeche, Tabasco, Quintana Roo y Tabasco, que ser\u00e1n destinados para la [&hellip;]","twitter_image":"https:\/\/nitu.mx\/wp-content\/uploads\/2023\/08\/Tren-Maya-Tramo-2.jpeg","twitter_creator":"@NITUmx","twitter_site":"@Arturo_Medina_G","twitter_misc":{"Escrito por":"Redacci\u00f3n","Tiempo de lectura":"4 minutos"},"schema":{"@context":"https:\/\/schema.org","@graph":[{"@type":"Article","@id":"https:\/\/nitu.mx\/index.php\/2026\/01\/06\/tren-maya-expropiaran-48-mil-m2-de-quintana-roo-campeche-tabasco-y-yucatan\/#article","isPartOf":{"@id":"https:\/\/nitu.mx\/index.php\/2026\/01\/06\/tren-maya-expropiaran-48-mil-m2-de-quintana-roo-campeche-tabasco-y-yucatan\/"},"author":{"name":"Redacci\u00f3n","@id":"https:\/\/nitu.mx\/#\/schema\/person\/4a28fe9bd65924f7c90623773daf1b0b"},"headline":"Tren Maya: Expropiar\u00e1n 48 mil m2 de Quintana Roo, Campeche, Tabasco y Yucat\u00e1n","datePublished":"2026-01-06T22:00:00+00:00","dateModified":"2026-01-06T21:11:48+00:00","mainEntityOfPage":{"@id":"https:\/\/nitu.mx\/index.php\/2026\/01\/06\/tren-maya-expropiaran-48-mil-m2-de-quintana-roo-campeche-tabasco-y-yucatan\/"},"wordCount":798,"publisher":{"@id":"https:\/\/nitu.mx\/#\/schema\/person\/ae7a53426417292d3dd07b45a33e01bc"},"image":{"@id":"https:\/\/nitu.mx\/index.php\/2026\/01\/06\/tren-maya-expropiaran-48-mil-m2-de-quintana-roo-campeche-tabasco-y-yucatan\/#primaryimage"},"thumbnailUrl":"https:\/\/nitu.mx\/wp-content\/uploads\/2023\/08\/Tren-Maya-Tramo-2.jpeg","keywords":["DOF","expropiaci\u00f3n","Sedatu","Tren Maya"],"articleSection":["Tren Maya"],"inLanguage":"es-MX"},{"@type":"WebPage","@id":"https:\/\/nitu.mx\/index.php\/2026\/01\/06\/tren-maya-expropiaran-48-mil-m2-de-quintana-roo-campeche-tabasco-y-yucatan\/","url":"https:\/\/nitu.mx\/index.php\/2026\/01\/06\/tren-maya-expropiaran-48-mil-m2-de-quintana-roo-campeche-tabasco-y-yucatan\/","name":"Tren Maya: Expropiar\u00e1n 48 mil m2 de Quintana Roo, Campeche, Tabasco y Yucat\u00e1n - Nitu - Noticias de la Industria Turistica","isPartOf":{"@id":"https:\/\/nitu.mx\/#website"},"primaryImageOfPage":{"@id":"https:\/\/nitu.mx\/index.php\/2026\/01\/06\/tren-maya-expropiaran-48-mil-m2-de-quintana-roo-campeche-tabasco-y-yucatan\/#primaryimage"},"image":{"@id":"https:\/\/nitu.mx\/index.php\/2026\/01\/06\/tren-maya-expropiaran-48-mil-m2-de-quintana-roo-campeche-tabasco-y-yucatan\/#primaryimage"},"thumbnailUrl":"https:\/\/nitu.mx\/wp-content\/uploads\/2023\/08\/Tren-Maya-Tramo-2.jpeg","datePublished":"2026-01-06T22:00:00+00:00","dateModified":"2026-01-06T21:11:48+00:00","breadcrumb":{"@id":"https:\/\/nitu.mx\/index.php\/2026\/01\/06\/tren-maya-expropiaran-48-mil-m2-de-quintana-roo-campeche-tabasco-y-yucatan\/#breadcrumb"},"inLanguage":"es-MX","potentialAction":[{"@type":"ReadAction","target":["https:\/\/nitu.mx\/index.php\/2026\/01\/06\/tren-maya-expropiaran-48-mil-m2-de-quintana-roo-campeche-tabasco-y-yucatan\/"]}]},{"@type":"ImageObject","inLanguage":"es-MX","@id":"https:\/\/nitu.mx\/index.php\/2026\/01\/06\/tren-maya-expropiaran-48-mil-m2-de-quintana-roo-campeche-tabasco-y-yucatan\/#primaryimage","url":"https:\/\/nitu.mx\/wp-content\/uploads\/2023\/08\/Tren-Maya-Tramo-2.jpeg","contentUrl":"https:\/\/nitu.mx\/wp-content\/uploads\/2023\/08\/Tren-Maya-Tramo-2.jpeg","width":1200,"height":675,"caption":"Tren Maya Tramo 2"},{"@type":"BreadcrumbList","@id":"https:\/\/nitu.mx\/index.php\/2026\/01\/06\/tren-maya-expropiaran-48-mil-m2-de-quintana-roo-campeche-tabasco-y-yucatan\/#breadcrumb","itemListElement":[{"@type":"ListItem","position":1,"name":"Inicio","item":"https:\/\/nitu.mx\/"},{"@type":"ListItem","position":2,"name":"Tren Maya: Expropiar\u00e1n 48 mil m2 de Quintana Roo, Campeche, Tabasco y Yucat\u00e1n"}]},{"@type":"WebSite","@id":"https:\/\/nitu.mx\/#website","url":"https:\/\/nitu.mx\/","name":"Nitu - Noticias de la Industria Turistica","description":"Noticias de la Industria Turistica","publisher":{"@id":"https:\/\/nitu.mx\/#\/schema\/person\/ae7a53426417292d3dd07b45a33e01bc"},"alternateName":"Noticias de la Industria Turistica","potentialAction":[{"@type":"SearchAction","target":{"@type":"EntryPoint","urlTemplate":"https:\/\/nitu.mx\/?s={search_term_string}"},"query-input":"required name=search_term_string"}],"inLanguage":"es-MX"},{"@type":["Person","Organization"],"@id":"https:\/\/nitu.mx\/#\/schema\/person\/ae7a53426417292d3dd07b45a33e01bc","name":"Arturo Medina","image":{"@type":"ImageObject","inLanguage":"es-MX","@id":"https:\/\/nitu.mx\/#\/schema\/person\/image\/","url":"https:\/\/nitu.mx\/wp-content\/uploads\/2024\/04\/4A315622-1904-4D5C-B022-878CDC840E04-90x90-1.jpeg","contentUrl":"https:\/\/nitu.mx\/wp-content\/uploads\/2024\/04\/4A315622-1904-4D5C-B022-878CDC840E04-90x90-1.jpeg","width":90,"height":90,"caption":"Arturo Medina"},"logo":{"@id":"https:\/\/nitu.mx\/#\/schema\/person\/image\/"},"description":"Director NITU.mx, Egresado de la Escuela de Periodismo Carlos Septi\u00e9n Garc\u00eda. Periodista y analista especializado en turismo desde hace 35 a\u00f1os, radicado en Canc\u00fan Q.Roo. arturo@nitu.mx","sameAs":["https:\/\/nitu.mx","https:\/\/www.facebook.com\/NITUmx\/","medinacancun","https:\/\/twitter.com\/@Arturo_Medina_G"]},{"@type":"Person","@id":"https:\/\/nitu.mx\/#\/schema\/person\/4a28fe9bd65924f7c90623773daf1b0b","name":"Redacci\u00f3n","image":{"@type":"ImageObject","inLanguage":"es-MX","@id":"https:\/\/nitu.mx\/#\/schema\/person\/image\/","url":"https:\/\/secure.gravatar.com\/avatar\/5dd011c8ccfc5cd7e4c81e42252aab38?s=96&d=mm&r=g","contentUrl":"https:\/\/secure.gravatar.com\/avatar\/5dd011c8ccfc5cd7e4c81e42252aab38?s=96&d=mm&r=g","caption":"Redacci\u00f3n"},"url":"https:\/\/nitu.mx\/index.php\/author\/redaccion\/"}]}},"views":375,"_links":{"self":[{"href":"https:\/\/nitu.mx\/index.php\/wp-json\/wp\/v2\/posts\/85446"}],"collection":[{"href":"https:\/\/nitu.mx\/index.php\/wp-json\/wp\/v2\/posts"}],"about":[{"href":"https:\/\/nitu.mx\/index.php\/wp-json\/wp\/v2\/types\/post"}],"author":[{"embeddable":true,"href":"https:\/\/nitu.mx\/index.php\/wp-json\/wp\/v2\/users\/17"}],"replies":[{"embeddable":true,"href":"https:\/\/nitu.mx\/index.php\/wp-json\/wp\/v2\/comments?post=85446"}],"version-history":[{"count":1,"href":"https:\/\/nitu.mx\/index.php\/wp-json\/wp\/v2\/posts\/85446\/revisions"}],"predecessor-version":[{"id":85450,"href":"https:\/\/nitu.mx\/index.php\/wp-json\/wp\/v2\/posts\/85446\/revisions\/85450"}],"wp:featuredmedia":[{"embeddable":true,"href":"https:\/\/nitu.mx\/index.php\/wp-json\/wp\/v2\/media\/65791"}],"wp:attachment":[{"href":"https:\/\/nitu.mx\/index.php\/wp-json\/wp\/v2\/media?parent=85446"}],"wp:term":[{"taxonomy":"category","embeddable":true,"href":"https:\/\/nitu.mx\/index.php\/wp-json\/wp\/v2\/categories?post=85446"},{"taxonomy":"post_tag","embeddable":true,"href":"https:\/\/nitu.mx\/index.php\/wp-json\/wp\/v2\/tags?post=85446"}],"curies":[{"name":"wp","href":"https:\/\/api.w.org\/{rel}","templated":true}]}}