{"id":85425,"date":"2026-01-05T20:00:00","date_gmt":"2026-01-06T02:00:00","guid":{"rendered":"https:\/\/nitu.mx\/?p=85425"},"modified":"2026-01-05T18:04:23","modified_gmt":"2026-01-06T00:04:23","slug":"feria-estatal-de-leon-2026-tendra-2-dias-de-acceso-gratuito","status":"publish","type":"post","link":"https:\/\/nitu.mx\/index.php\/2026\/01\/05\/feria-estatal-de-leon-2026-tendra-2-dias-de-acceso-gratuito\/","title":{"rendered":"Feria Estatal de Le\u00f3n 2026 tendr\u00e1 2 d\u00edas de acceso gratuito"},"content":{"rendered":"\n<p>La Feria Estatal de Le\u00f3n 2026 se consolida como una celebraci\u00f3n incluyente y familiar con dos d\u00edas de acceso gratuito: el 9 de enero, d\u00eda de su inauguraci\u00f3n, y el 20 de enero, en el marco del 450 aniversario de la fundaci\u00f3n de la ciudad. Esta iniciativa, impulsada por el Gobierno del Estado de Guanajuato y el Municipio de Le\u00f3n, busca garantizar el acceso equitativo a uno de los eventos m\u00e1s emblem\u00e1ticos del estado.<\/p>\n\n\n\n<p>Se estima la asistencia de m\u00e1s de 6 millones de visitantes, quienes podr\u00e1n disfrutar de una amplia oferta cultural, gastron\u00f3mica y de entretenimiento que refleja la identidad guanajuatense. Destacan espacios como el Pabell\u00f3n Guanajuato \u00a1S\u00ed Sabe!, la Expo Ganadera, el Pabell\u00f3n de la Gente y una agenda robusta de actividades gratuitas, incluidos 14 conciertos en el Foro de la Gente.<\/p>\n\n\n\n<p>La programaci\u00f3n art\u00edstica y cultural refuerza el car\u00e1cter familiar de la feria con propuestas como la Carpa de Colores, la Carpa de las Tradiciones, los Voladores de Papantla, espect\u00e1culos de mimo, teatro itinerante, danza urbana y shows comunitarios. A ello se suman espect\u00e1culos internacionales de gran formato como Disney: Donde Nacen los Sue\u00f1os, Illusion On Ice y el Circo Robert &#8216;s.<\/p>\n\n\n\n<p>Como distintivo de esta edici\u00f3n, se presenta SOLARE\u00d3N, un espect\u00e1culo audiovisual de luz y sonido que conmemora los 450 a\u00f1os de Le\u00f3n, adem\u00e1s de un desfile tem\u00e1tico urbano con carros aleg\u00f3ricos, comparsas y expresiones art\u00edsticas que recorrer\u00e1n el Boulevard Adolfo L\u00f3pez Mateos. La feria tambi\u00e9n integra eventos especiales como lucha libre, stand up comedy, podcasts en vivo y conciertos en el Foro del Lago.<\/p>\n\n\n\n<p>Con esta oferta integral, la Feria Estatal de Le\u00f3n 2026 reafirma su posicionamiento como una de las mejores ferias familiares de Latinoam\u00e9rica, promoviendo la convivencia social, el orgullo local y el acceso a la cultura y el entretenimiento para todas y todos. (<a href=\"https:\/\/nitu.mx\/index.php\/2025\/12\/08\/leon-expone-su-identidad-y-cultura-a-traves-de-sus-productos-en-el-senado\/\">Le\u00f3n expone su identidad y cultura a trav\u00e9s de sus productos en el Senado<\/a>).<\/p>\n","protected":false},"excerpt":{"rendered":"<p>La Feria Estatal de Le\u00f3n 2026 se consolida como una celebraci\u00f3n incluyente y familiar con dos d\u00edas de acceso gratuito: el 9 de enero, d\u00eda de su inauguraci\u00f3n, y el 20 de enero, en el marco del 450 aniversario de la fundaci\u00f3n de la ciudad. Esta iniciativa, impulsada por el Gobierno del Estado de Guanajuato [&hellip;]<\/p>\n","protected":false},"author":17,"featured_media":85428,"comment_status":"closed","ping_status":"closed","sticky":false,"template":"","format":"standard","meta":{"footnotes":""},"categories":[5],"tags":[14133,511,60],"yoast_head":"<!-- This site is optimized with the Yoast SEO plugin v22.2 - https:\/\/yoast.com\/wordpress\/plugins\/seo\/ -->\n<title>Feria Estatal de Le\u00f3n 2026 tendr\u00e1 2 d\u00edas de acceso gratuito - Nitu - Noticias de la Industria Turistica<\/title>\n<meta name=\"robots\" content=\"index, follow, max-snippet:-1, max-image-preview:large, max-video-preview:-1\" \/>\n<link rel=\"canonical\" href=\"https:\/\/nitu.mx\/index.php\/2026\/01\/05\/feria-estatal-de-leon-2026-tendra-2-dias-de-acceso-gratuito\/\" \/>\n<meta name=\"twitter:card\" content=\"summary_large_image\" \/>\n<meta name=\"twitter:title\" content=\"Feria Estatal de Le\u00f3n 2026 tendr\u00e1 2 d\u00edas de acceso gratuito - Nitu - Noticias de la Industria Turistica\" \/>\n<meta name=\"twitter:description\" content=\"La Feria Estatal de Le\u00f3n 2026 se consolida como una celebraci\u00f3n incluyente y familiar con dos d\u00edas de acceso gratuito: el 9 de enero, d\u00eda de su inauguraci\u00f3n, y el 20 de enero, en el marco del 450 aniversario de la fundaci\u00f3n de la ciudad. Esta iniciativa, impulsada por el Gobierno del Estado de Guanajuato [&hellip;]\" \/>\n<meta name=\"twitter:image\" content=\"https:\/\/nitu.mx\/wp-content\/uploads\/2026\/01\/Feria-Estatal-de-Leon-panoramica-noche.jpg\" \/>\n<meta name=\"twitter:creator\" content=\"@NITUmx\" \/>\n<meta name=\"twitter:site\" content=\"@Arturo_Medina_G\" \/>\n<meta name=\"twitter:label1\" content=\"Escrito por\" \/>\n\t<meta name=\"twitter:data1\" content=\"Redacci\u00f3n\" \/>\n\t<meta name=\"twitter:label2\" content=\"Tiempo de lectura\" \/>\n\t<meta name=\"twitter:data2\" content=\"2 minutos\" \/>\n<script type=\"application\/ld+json\" class=\"yoast-schema-graph\">{\"@context\":\"https:\/\/schema.org\",\"@graph\":[{\"@type\":\"Article\",\"@id\":\"https:\/\/nitu.mx\/index.php\/2026\/01\/05\/feria-estatal-de-leon-2026-tendra-2-dias-de-acceso-gratuito\/#article\",\"isPartOf\":{\"@id\":\"https:\/\/nitu.mx\/index.php\/2026\/01\/05\/feria-estatal-de-leon-2026-tendra-2-dias-de-acceso-gratuito\/\"},\"author\":{\"name\":\"Redacci\u00f3n\",\"@id\":\"https:\/\/nitu.mx\/#\/schema\/person\/4a28fe9bd65924f7c90623773daf1b0b\"},\"headline\":\"Feria Estatal de Le\u00f3n 2026 tendr\u00e1 2 d\u00edas de acceso gratuito\",\"datePublished\":\"2026-01-06T02:00:00+00:00\",\"dateModified\":\"2026-01-06T00:04:23+00:00\",\"mainEntityOfPage\":{\"@id\":\"https:\/\/nitu.mx\/index.php\/2026\/01\/05\/feria-estatal-de-leon-2026-tendra-2-dias-de-acceso-gratuito\/\"},\"wordCount\":354,\"publisher\":{\"@id\":\"https:\/\/nitu.mx\/#\/schema\/person\/ae7a53426417292d3dd07b45a33e01bc\"},\"image\":{\"@id\":\"https:\/\/nitu.mx\/index.php\/2026\/01\/05\/feria-estatal-de-leon-2026-tendra-2-dias-de-acceso-gratuito\/#primaryimage\"},\"thumbnailUrl\":\"https:\/\/nitu.mx\/wp-content\/uploads\/2026\/01\/Feria-Estatal-de-Leon-panoramica-noche.jpg\",\"keywords\":[\"Feria de Le\u00f3n\",\"Guanajuato\",\"Le\u00f3n\"],\"articleSection\":[\"Destinos\"],\"inLanguage\":\"es-MX\"},{\"@type\":\"WebPage\",\"@id\":\"https:\/\/nitu.mx\/index.php\/2026\/01\/05\/feria-estatal-de-leon-2026-tendra-2-dias-de-acceso-gratuito\/\",\"url\":\"https:\/\/nitu.mx\/index.php\/2026\/01\/05\/feria-estatal-de-leon-2026-tendra-2-dias-de-acceso-gratuito\/\",\"name\":\"Feria Estatal de Le\u00f3n 2026 tendr\u00e1 2 d\u00edas de acceso gratuito - Nitu - Noticias de la Industria Turistica\",\"isPartOf\":{\"@id\":\"https:\/\/nitu.mx\/#website\"},\"primaryImageOfPage\":{\"@id\":\"https:\/\/nitu.mx\/index.php\/2026\/01\/05\/feria-estatal-de-leon-2026-tendra-2-dias-de-acceso-gratuito\/#primaryimage\"},\"image\":{\"@id\":\"https:\/\/nitu.mx\/index.php\/2026\/01\/05\/feria-estatal-de-leon-2026-tendra-2-dias-de-acceso-gratuito\/#primaryimage\"},\"thumbnailUrl\":\"https:\/\/nitu.mx\/wp-content\/uploads\/2026\/01\/Feria-Estatal-de-Leon-panoramica-noche.jpg\",\"datePublished\":\"2026-01-06T02:00:00+00:00\",\"dateModified\":\"2026-01-06T00:04:23+00:00\",\"breadcrumb\":{\"@id\":\"https:\/\/nitu.mx\/index.php\/2026\/01\/05\/feria-estatal-de-leon-2026-tendra-2-dias-de-acceso-gratuito\/#breadcrumb\"},\"inLanguage\":\"es-MX\",\"potentialAction\":[{\"@type\":\"ReadAction\",\"target\":[\"https:\/\/nitu.mx\/index.php\/2026\/01\/05\/feria-estatal-de-leon-2026-tendra-2-dias-de-acceso-gratuito\/\"]}]},{\"@type\":\"ImageObject\",\"inLanguage\":\"es-MX\",\"@id\":\"https:\/\/nitu.mx\/index.php\/2026\/01\/05\/feria-estatal-de-leon-2026-tendra-2-dias-de-acceso-gratuito\/#primaryimage\",\"url\":\"https:\/\/nitu.mx\/wp-content\/uploads\/2026\/01\/Feria-Estatal-de-Leon-panoramica-noche.jpg\",\"contentUrl\":\"https:\/\/nitu.mx\/wp-content\/uploads\/2026\/01\/Feria-Estatal-de-Leon-panoramica-noche.jpg\",\"width\":1200,\"height\":675,\"caption\":\"Feria Estatal de Le\u00f3n panor\u00e1mica noche\"},{\"@type\":\"BreadcrumbList\",\"@id\":\"https:\/\/nitu.mx\/index.php\/2026\/01\/05\/feria-estatal-de-leon-2026-tendra-2-dias-de-acceso-gratuito\/#breadcrumb\",\"itemListElement\":[{\"@type\":\"ListItem\",\"position\":1,\"name\":\"Inicio\",\"item\":\"https:\/\/nitu.mx\/\"},{\"@type\":\"ListItem\",\"position\":2,\"name\":\"Feria Estatal de Le\u00f3n 2026 tendr\u00e1 2 d\u00edas de acceso gratuito\"}]},{\"@type\":\"WebSite\",\"@id\":\"https:\/\/nitu.mx\/#website\",\"url\":\"https:\/\/nitu.mx\/\",\"name\":\"Nitu - Noticias de la Industria Turistica\",\"description\":\"Noticias de la Industria Turistica\",\"publisher\":{\"@id\":\"https:\/\/nitu.mx\/#\/schema\/person\/ae7a53426417292d3dd07b45a33e01bc\"},\"alternateName\":\"Noticias de la Industria Turistica\",\"potentialAction\":[{\"@type\":\"SearchAction\",\"target\":{\"@type\":\"EntryPoint\",\"urlTemplate\":\"https:\/\/nitu.mx\/?s={search_term_string}\"},\"query-input\":\"required name=search_term_string\"}],\"inLanguage\":\"es-MX\"},{\"@type\":[\"Person\",\"Organization\"],\"@id\":\"https:\/\/nitu.mx\/#\/schema\/person\/ae7a53426417292d3dd07b45a33e01bc\",\"name\":\"Arturo Medina\",\"image\":{\"@type\":\"ImageObject\",\"inLanguage\":\"es-MX\",\"@id\":\"https:\/\/nitu.mx\/#\/schema\/person\/image\/\",\"url\":\"https:\/\/nitu.mx\/wp-content\/uploads\/2024\/04\/4A315622-1904-4D5C-B022-878CDC840E04-90x90-1.jpeg\",\"contentUrl\":\"https:\/\/nitu.mx\/wp-content\/uploads\/2024\/04\/4A315622-1904-4D5C-B022-878CDC840E04-90x90-1.jpeg\",\"width\":90,\"height\":90,\"caption\":\"Arturo Medina\"},\"logo\":{\"@id\":\"https:\/\/nitu.mx\/#\/schema\/person\/image\/\"},\"description\":\"Director NITU.mx, Egresado de la Escuela de Periodismo Carlos Septi\u00e9n Garc\u00eda. Periodista y analista especializado en turismo desde hace 35 a\u00f1os, radicado en Canc\u00fan Q.Roo. arturo@nitu.mx\",\"sameAs\":[\"https:\/\/nitu.mx\",\"https:\/\/www.facebook.com\/NITUmx\/\",\"medinacancun\",\"https:\/\/twitter.com\/@Arturo_Medina_G\"]},{\"@type\":\"Person\",\"@id\":\"https:\/\/nitu.mx\/#\/schema\/person\/4a28fe9bd65924f7c90623773daf1b0b\",\"name\":\"Redacci\u00f3n\",\"image\":{\"@type\":\"ImageObject\",\"inLanguage\":\"es-MX\",\"@id\":\"https:\/\/nitu.mx\/#\/schema\/person\/image\/\",\"url\":\"https:\/\/secure.gravatar.com\/avatar\/5dd011c8ccfc5cd7e4c81e42252aab38?s=96&d=mm&r=g\",\"contentUrl\":\"https:\/\/secure.gravatar.com\/avatar\/5dd011c8ccfc5cd7e4c81e42252aab38?s=96&d=mm&r=g\",\"caption\":\"Redacci\u00f3n\"},\"url\":\"https:\/\/nitu.mx\/index.php\/author\/redaccion\/\"}]}<\/script>\n<!-- \/ Yoast SEO plugin. -->","yoast_head_json":{"title":"Feria Estatal de Le\u00f3n 2026 tendr\u00e1 2 d\u00edas de acceso gratuito - Nitu - Noticias de la Industria Turistica","robots":{"index":"index","follow":"follow","max-snippet":"max-snippet:-1","max-image-preview":"max-image-preview:large","max-video-preview":"max-video-preview:-1"},"canonical":"https:\/\/nitu.mx\/index.php\/2026\/01\/05\/feria-estatal-de-leon-2026-tendra-2-dias-de-acceso-gratuito\/","twitter_card":"summary_large_image","twitter_title":"Feria Estatal de Le\u00f3n 2026 tendr\u00e1 2 d\u00edas de acceso gratuito - Nitu - Noticias de la Industria Turistica","twitter_description":"La Feria Estatal de Le\u00f3n 2026 se consolida como una celebraci\u00f3n incluyente y familiar con dos d\u00edas de acceso gratuito: el 9 de enero, d\u00eda de su inauguraci\u00f3n, y el 20 de enero, en el marco del 450 aniversario de la fundaci\u00f3n de la ciudad. Esta iniciativa, impulsada por el Gobierno del Estado de Guanajuato [&hellip;]","twitter_image":"https:\/\/nitu.mx\/wp-content\/uploads\/2026\/01\/Feria-Estatal-de-Leon-panoramica-noche.jpg","twitter_creator":"@NITUmx","twitter_site":"@Arturo_Medina_G","twitter_misc":{"Escrito por":"Redacci\u00f3n","Tiempo de lectura":"2 minutos"},"schema":{"@context":"https:\/\/schema.org","@graph":[{"@type":"Article","@id":"https:\/\/nitu.mx\/index.php\/2026\/01\/05\/feria-estatal-de-leon-2026-tendra-2-dias-de-acceso-gratuito\/#article","isPartOf":{"@id":"https:\/\/nitu.mx\/index.php\/2026\/01\/05\/feria-estatal-de-leon-2026-tendra-2-dias-de-acceso-gratuito\/"},"author":{"name":"Redacci\u00f3n","@id":"https:\/\/nitu.mx\/#\/schema\/person\/4a28fe9bd65924f7c90623773daf1b0b"},"headline":"Feria Estatal de Le\u00f3n 2026 tendr\u00e1 2 d\u00edas de acceso gratuito","datePublished":"2026-01-06T02:00:00+00:00","dateModified":"2026-01-06T00:04:23+00:00","mainEntityOfPage":{"@id":"https:\/\/nitu.mx\/index.php\/2026\/01\/05\/feria-estatal-de-leon-2026-tendra-2-dias-de-acceso-gratuito\/"},"wordCount":354,"publisher":{"@id":"https:\/\/nitu.mx\/#\/schema\/person\/ae7a53426417292d3dd07b45a33e01bc"},"image":{"@id":"https:\/\/nitu.mx\/index.php\/2026\/01\/05\/feria-estatal-de-leon-2026-tendra-2-dias-de-acceso-gratuito\/#primaryimage"},"thumbnailUrl":"https:\/\/nitu.mx\/wp-content\/uploads\/2026\/01\/Feria-Estatal-de-Leon-panoramica-noche.jpg","keywords":["Feria de Le\u00f3n","Guanajuato","Le\u00f3n"],"articleSection":["Destinos"],"inLanguage":"es-MX"},{"@type":"WebPage","@id":"https:\/\/nitu.mx\/index.php\/2026\/01\/05\/feria-estatal-de-leon-2026-tendra-2-dias-de-acceso-gratuito\/","url":"https:\/\/nitu.mx\/index.php\/2026\/01\/05\/feria-estatal-de-leon-2026-tendra-2-dias-de-acceso-gratuito\/","name":"Feria Estatal de Le\u00f3n 2026 tendr\u00e1 2 d\u00edas de acceso gratuito - Nitu - Noticias de la Industria Turistica","isPartOf":{"@id":"https:\/\/nitu.mx\/#website"},"primaryImageOfPage":{"@id":"https:\/\/nitu.mx\/index.php\/2026\/01\/05\/feria-estatal-de-leon-2026-tendra-2-dias-de-acceso-gratuito\/#primaryimage"},"image":{"@id":"https:\/\/nitu.mx\/index.php\/2026\/01\/05\/feria-estatal-de-leon-2026-tendra-2-dias-de-acceso-gratuito\/#primaryimage"},"thumbnailUrl":"https:\/\/nitu.mx\/wp-content\/uploads\/2026\/01\/Feria-Estatal-de-Leon-panoramica-noche.jpg","datePublished":"2026-01-06T02:00:00+00:00","dateModified":"2026-01-06T00:04:23+00:00","breadcrumb":{"@id":"https:\/\/nitu.mx\/index.php\/2026\/01\/05\/feria-estatal-de-leon-2026-tendra-2-dias-de-acceso-gratuito\/#breadcrumb"},"inLanguage":"es-MX","potentialAction":[{"@type":"ReadAction","target":["https:\/\/nitu.mx\/index.php\/2026\/01\/05\/feria-estatal-de-leon-2026-tendra-2-dias-de-acceso-gratuito\/"]}]},{"@type":"ImageObject","inLanguage":"es-MX","@id":"https:\/\/nitu.mx\/index.php\/2026\/01\/05\/feria-estatal-de-leon-2026-tendra-2-dias-de-acceso-gratuito\/#primaryimage","url":"https:\/\/nitu.mx\/wp-content\/uploads\/2026\/01\/Feria-Estatal-de-Leon-panoramica-noche.jpg","contentUrl":"https:\/\/nitu.mx\/wp-content\/uploads\/2026\/01\/Feria-Estatal-de-Leon-panoramica-noche.jpg","width":1200,"height":675,"caption":"Feria Estatal de Le\u00f3n panor\u00e1mica noche"},{"@type":"BreadcrumbList","@id":"https:\/\/nitu.mx\/index.php\/2026\/01\/05\/feria-estatal-de-leon-2026-tendra-2-dias-de-acceso-gratuito\/#breadcrumb","itemListElement":[{"@type":"ListItem","position":1,"name":"Inicio","item":"https:\/\/nitu.mx\/"},{"@type":"ListItem","position":2,"name":"Feria Estatal de Le\u00f3n 2026 tendr\u00e1 2 d\u00edas de acceso gratuito"}]},{"@type":"WebSite","@id":"https:\/\/nitu.mx\/#website","url":"https:\/\/nitu.mx\/","name":"Nitu - Noticias de la Industria Turistica","description":"Noticias de la Industria Turistica","publisher":{"@id":"https:\/\/nitu.mx\/#\/schema\/person\/ae7a53426417292d3dd07b45a33e01bc"},"alternateName":"Noticias de la Industria Turistica","potentialAction":[{"@type":"SearchAction","target":{"@type":"EntryPoint","urlTemplate":"https:\/\/nitu.mx\/?s={search_term_string}"},"query-input":"required name=search_term_string"}],"inLanguage":"es-MX"},{"@type":["Person","Organization"],"@id":"https:\/\/nitu.mx\/#\/schema\/person\/ae7a53426417292d3dd07b45a33e01bc","name":"Arturo Medina","image":{"@type":"ImageObject","inLanguage":"es-MX","@id":"https:\/\/nitu.mx\/#\/schema\/person\/image\/","url":"https:\/\/nitu.mx\/wp-content\/uploads\/2024\/04\/4A315622-1904-4D5C-B022-878CDC840E04-90x90-1.jpeg","contentUrl":"https:\/\/nitu.mx\/wp-content\/uploads\/2024\/04\/4A315622-1904-4D5C-B022-878CDC840E04-90x90-1.jpeg","width":90,"height":90,"caption":"Arturo Medina"},"logo":{"@id":"https:\/\/nitu.mx\/#\/schema\/person\/image\/"},"description":"Director NITU.mx, Egresado de la Escuela de Periodismo Carlos Septi\u00e9n Garc\u00eda. Periodista y analista especializado en turismo desde hace 35 a\u00f1os, radicado en Canc\u00fan Q.Roo. arturo@nitu.mx","sameAs":["https:\/\/nitu.mx","https:\/\/www.facebook.com\/NITUmx\/","medinacancun","https:\/\/twitter.com\/@Arturo_Medina_G"]},{"@type":"Person","@id":"https:\/\/nitu.mx\/#\/schema\/person\/4a28fe9bd65924f7c90623773daf1b0b","name":"Redacci\u00f3n","image":{"@type":"ImageObject","inLanguage":"es-MX","@id":"https:\/\/nitu.mx\/#\/schema\/person\/image\/","url":"https:\/\/secure.gravatar.com\/avatar\/5dd011c8ccfc5cd7e4c81e42252aab38?s=96&d=mm&r=g","contentUrl":"https:\/\/secure.gravatar.com\/avatar\/5dd011c8ccfc5cd7e4c81e42252aab38?s=96&d=mm&r=g","caption":"Redacci\u00f3n"},"url":"https:\/\/nitu.mx\/index.php\/author\/redaccion\/"}]}},"views":455,"_links":{"self":[{"href":"https:\/\/nitu.mx\/index.php\/wp-json\/wp\/v2\/posts\/85425"}],"collection":[{"href":"https:\/\/nitu.mx\/index.php\/wp-json\/wp\/v2\/posts"}],"about":[{"href":"https:\/\/nitu.mx\/index.php\/wp-json\/wp\/v2\/types\/post"}],"author":[{"embeddable":true,"href":"https:\/\/nitu.mx\/index.php\/wp-json\/wp\/v2\/users\/17"}],"replies":[{"embeddable":true,"href":"https:\/\/nitu.mx\/index.php\/wp-json\/wp\/v2\/comments?post=85425"}],"version-history":[{"count":1,"href":"https:\/\/nitu.mx\/index.php\/wp-json\/wp\/v2\/posts\/85425\/revisions"}],"predecessor-version":[{"id":85427,"href":"https:\/\/nitu.mx\/index.php\/wp-json\/wp\/v2\/posts\/85425\/revisions\/85427"}],"wp:featuredmedia":[{"embeddable":true,"href":"https:\/\/nitu.mx\/index.php\/wp-json\/wp\/v2\/media\/85428"}],"wp:attachment":[{"href":"https:\/\/nitu.mx\/index.php\/wp-json\/wp\/v2\/media?parent=85425"}],"wp:term":[{"taxonomy":"category","embeddable":true,"href":"https:\/\/nitu.mx\/index.php\/wp-json\/wp\/v2\/categories?post=85425"},{"taxonomy":"post_tag","embeddable":true,"href":"https:\/\/nitu.mx\/index.php\/wp-json\/wp\/v2\/tags?post=85425"}],"curies":[{"name":"wp","href":"https:\/\/api.w.org\/{rel}","templated":true}]}}