{"id":85417,"date":"2026-01-05T17:54:44","date_gmt":"2026-01-05T23:54:44","guid":{"rendered":"https:\/\/nitu.mx\/?p=85417"},"modified":"2026-01-05T17:54:45","modified_gmt":"2026-01-05T23:54:45","slug":"aicm-remodelacion-lleva-35-de-avance-reabre-instalaciones-en-t1-yt2","status":"publish","type":"post","link":"https:\/\/nitu.mx\/index.php\/2026\/01\/05\/aicm-remodelacion-lleva-35-de-avance-reabre-instalaciones-en-t1-yt2\/","title":{"rendered":"AICM: Remodelaci\u00f3n lleva 35% de avance, reabre instalaciones en T1 yT2"},"content":{"rendered":"\n<p>Grupo Aeroportuario Marina reabri\u00f3 diversas instalaciones, como parte de la remodelaci\u00f3n integral del Aeropuerto Internacional Benito Ju\u00e1rez de la Ciudad de M\u00e9xico (AICM) iniciada en 2025, con lo cual se tienen mejores condiciones para recibir a miles de personas al t\u00e9rmino de la temporada vacacional navide\u00f1a, con acciones que favorecen la movilidad. Con las \u00e1reas entregadas, la remodelaci\u00f3n presenta un avance global del 35%.<\/p>\n\n\n\n<p>En las zonas intervenidas ubicadas en el \u00e1rea internacional de la Terminal 1, se atienden a aproximadamente a alrededor de 8 millones de pasajeros anuales, un 18% del total de los viajeros del aeropuerto.<\/p>\n\n\n\n<p>Los frentes de trabajo que se entregaron al p\u00fablico, son: la sala de \u00faltima espera 20, las bandas de reclamo de equipaje 10, 11 y 12, en las cuales se reciben las maletas de vuelos provenientes de Centro y Sudam\u00e9rica, as\u00ed como el pasillo que conduce a estas desde el recinto migratorio.<\/p>\n\n\n\n<p>Se reanud\u00f3 tambi\u00e9n el servicio del Puesto de Inspecci\u00f3n de Pasajeros \u201cGolfo\u201d, cuya configuraci\u00f3n incrementa las l\u00edneas de inspecci\u00f3n de 4 a 8, lo cual permitir\u00e1 seguir reduciendo los tiempos de revisi\u00f3n de personas y equipaje de mano. Dentro del dise\u00f1o del nuevo filtro se consider\u00f3 una l\u00ednea equipada para la atenci\u00f3n de personas con alguna discapacidad.<\/p>\n\n\n\n<p>Por su parte, en la Terminal 2, est\u00e1n nuevamente operativas las \u00e1reas en donde se ubican 9 de las 12 bandas de reclamo de equipaje, 5 nacionales y 4 internacionales. Estos espacios reciben a alrededor de 12 millones de pasajeros anuales.<\/p>\n\n\n\n<p>En todas las zonas mencionadas se sustituyeron instalaciones el\u00e9ctricas, hidrosanitarias, pisos, plafones, as\u00ed como se\u00f1al\u00e9tica y se renov\u00f3 el aspecto de muros y columnas.<\/p>\n\n\n\n<p>Durante el mes de enero se estar\u00e1n entregando otros frentes de trabajo, como las fachadas de la terminal 1, entre las puertas 1 a la 3, as\u00ed como el ambulatorio en el \u00e1rea intervenida que contempla una nueva zona de comida r\u00e1pida. (<a href=\"https:\/\/nitu.mx\/index.php\/2025\/11\/17\/confirma-sheinbaum-que-aerolineas-mexicanas-ceden-slots-del-aicm-para-estadounidenses\/\">Confirma Sheinbaum que aerol\u00edneas mexicanas ceden slots del AICM para estadounidenses<\/a>).<\/p>\n","protected":false},"excerpt":{"rendered":"<p>Grupo Aeroportuario Marina reabri\u00f3 diversas instalaciones, como parte de la remodelaci\u00f3n integral del Aeropuerto Internacional Benito Ju\u00e1rez de la Ciudad de M\u00e9xico (AICM) iniciada en 2025, con lo cual se tienen mejores condiciones para recibir a miles de personas al t\u00e9rmino de la temporada vacacional navide\u00f1a, con acciones que favorecen la movilidad. Con las \u00e1reas [&hellip;]<\/p>\n","protected":false},"author":17,"featured_media":85419,"comment_status":"closed","ping_status":"closed","sticky":false,"template":"","format":"standard","meta":{"footnotes":""},"categories":[29],"tags":[294,26332,5577],"yoast_head":"<!-- This site is optimized with the Yoast SEO plugin v22.2 - https:\/\/yoast.com\/wordpress\/plugins\/seo\/ -->\n<title>AICM: Remodelaci\u00f3n lleva 35% de avance, reabre instalaciones en T1 yT2 - Nitu - Noticias de la Industria Turistica<\/title>\n<meta name=\"robots\" content=\"index, follow, max-snippet:-1, max-image-preview:large, max-video-preview:-1\" \/>\n<link rel=\"canonical\" href=\"https:\/\/nitu.mx\/index.php\/2026\/01\/05\/aicm-remodelacion-lleva-35-de-avance-reabre-instalaciones-en-t1-yt2\/\" \/>\n<meta name=\"twitter:card\" content=\"summary_large_image\" \/>\n<meta name=\"twitter:title\" content=\"AICM: Remodelaci\u00f3n lleva 35% de avance, reabre instalaciones en T1 yT2 - Nitu - Noticias de la Industria Turistica\" \/>\n<meta name=\"twitter:description\" content=\"Grupo Aeroportuario Marina reabri\u00f3 diversas instalaciones, como parte de la remodelaci\u00f3n integral del Aeropuerto Internacional Benito Ju\u00e1rez de la Ciudad de M\u00e9xico (AICM) iniciada en 2025, con lo cual se tienen mejores condiciones para recibir a miles de personas al t\u00e9rmino de la temporada vacacional navide\u00f1a, con acciones que favorecen la movilidad. Con las \u00e1reas [&hellip;]\" \/>\n<meta name=\"twitter:image\" content=\"https:\/\/nitu.mx\/wp-content\/uploads\/2026\/01\/AICM-remodelacion.jpg\" \/>\n<meta name=\"twitter:creator\" content=\"@NITUmx\" \/>\n<meta name=\"twitter:site\" content=\"@Arturo_Medina_G\" \/>\n<meta name=\"twitter:label1\" content=\"Escrito por\" \/>\n\t<meta name=\"twitter:data1\" content=\"Redacci\u00f3n\" \/>\n\t<meta name=\"twitter:label2\" content=\"Tiempo de lectura\" \/>\n\t<meta name=\"twitter:data2\" content=\"2 minutos\" \/>\n<script type=\"application\/ld+json\" class=\"yoast-schema-graph\">{\"@context\":\"https:\/\/schema.org\",\"@graph\":[{\"@type\":\"Article\",\"@id\":\"https:\/\/nitu.mx\/index.php\/2026\/01\/05\/aicm-remodelacion-lleva-35-de-avance-reabre-instalaciones-en-t1-yt2\/#article\",\"isPartOf\":{\"@id\":\"https:\/\/nitu.mx\/index.php\/2026\/01\/05\/aicm-remodelacion-lleva-35-de-avance-reabre-instalaciones-en-t1-yt2\/\"},\"author\":{\"name\":\"Redacci\u00f3n\",\"@id\":\"https:\/\/nitu.mx\/#\/schema\/person\/4a28fe9bd65924f7c90623773daf1b0b\"},\"headline\":\"AICM: Remodelaci\u00f3n lleva 35% de avance, reabre instalaciones en T1 yT2\",\"datePublished\":\"2026-01-05T23:54:44+00:00\",\"dateModified\":\"2026-01-05T23:54:45+00:00\",\"mainEntityOfPage\":{\"@id\":\"https:\/\/nitu.mx\/index.php\/2026\/01\/05\/aicm-remodelacion-lleva-35-de-avance-reabre-instalaciones-en-t1-yt2\/\"},\"wordCount\":340,\"publisher\":{\"@id\":\"https:\/\/nitu.mx\/#\/schema\/person\/ae7a53426417292d3dd07b45a33e01bc\"},\"image\":{\"@id\":\"https:\/\/nitu.mx\/index.php\/2026\/01\/05\/aicm-remodelacion-lleva-35-de-avance-reabre-instalaciones-en-t1-yt2\/#primaryimage\"},\"thumbnailUrl\":\"https:\/\/nitu.mx\/wp-content\/uploads\/2026\/01\/AICM-remodelacion.jpg\",\"keywords\":[\"AICM\",\"remodelaci\u00f3n\",\"SEMAR\"],\"articleSection\":[\"Aerol\u00edneas\"],\"inLanguage\":\"es-MX\"},{\"@type\":\"WebPage\",\"@id\":\"https:\/\/nitu.mx\/index.php\/2026\/01\/05\/aicm-remodelacion-lleva-35-de-avance-reabre-instalaciones-en-t1-yt2\/\",\"url\":\"https:\/\/nitu.mx\/index.php\/2026\/01\/05\/aicm-remodelacion-lleva-35-de-avance-reabre-instalaciones-en-t1-yt2\/\",\"name\":\"AICM: Remodelaci\u00f3n lleva 35% de avance, reabre instalaciones en T1 yT2 - Nitu - Noticias de la Industria Turistica\",\"isPartOf\":{\"@id\":\"https:\/\/nitu.mx\/#website\"},\"primaryImageOfPage\":{\"@id\":\"https:\/\/nitu.mx\/index.php\/2026\/01\/05\/aicm-remodelacion-lleva-35-de-avance-reabre-instalaciones-en-t1-yt2\/#primaryimage\"},\"image\":{\"@id\":\"https:\/\/nitu.mx\/index.php\/2026\/01\/05\/aicm-remodelacion-lleva-35-de-avance-reabre-instalaciones-en-t1-yt2\/#primaryimage\"},\"thumbnailUrl\":\"https:\/\/nitu.mx\/wp-content\/uploads\/2026\/01\/AICM-remodelacion.jpg\",\"datePublished\":\"2026-01-05T23:54:44+00:00\",\"dateModified\":\"2026-01-05T23:54:45+00:00\",\"breadcrumb\":{\"@id\":\"https:\/\/nitu.mx\/index.php\/2026\/01\/05\/aicm-remodelacion-lleva-35-de-avance-reabre-instalaciones-en-t1-yt2\/#breadcrumb\"},\"inLanguage\":\"es-MX\",\"potentialAction\":[{\"@type\":\"ReadAction\",\"target\":[\"https:\/\/nitu.mx\/index.php\/2026\/01\/05\/aicm-remodelacion-lleva-35-de-avance-reabre-instalaciones-en-t1-yt2\/\"]}]},{\"@type\":\"ImageObject\",\"inLanguage\":\"es-MX\",\"@id\":\"https:\/\/nitu.mx\/index.php\/2026\/01\/05\/aicm-remodelacion-lleva-35-de-avance-reabre-instalaciones-en-t1-yt2\/#primaryimage\",\"url\":\"https:\/\/nitu.mx\/wp-content\/uploads\/2026\/01\/AICM-remodelacion.jpg\",\"contentUrl\":\"https:\/\/nitu.mx\/wp-content\/uploads\/2026\/01\/AICM-remodelacion.jpg\",\"width\":1200,\"height\":675,\"caption\":\"AICM remodelaci\u00f3n\"},{\"@type\":\"BreadcrumbList\",\"@id\":\"https:\/\/nitu.mx\/index.php\/2026\/01\/05\/aicm-remodelacion-lleva-35-de-avance-reabre-instalaciones-en-t1-yt2\/#breadcrumb\",\"itemListElement\":[{\"@type\":\"ListItem\",\"position\":1,\"name\":\"Inicio\",\"item\":\"https:\/\/nitu.mx\/\"},{\"@type\":\"ListItem\",\"position\":2,\"name\":\"AICM: Remodelaci\u00f3n lleva 35% de avance, reabre instalaciones en T1 yT2\"}]},{\"@type\":\"WebSite\",\"@id\":\"https:\/\/nitu.mx\/#website\",\"url\":\"https:\/\/nitu.mx\/\",\"name\":\"Nitu - Noticias de la Industria Turistica\",\"description\":\"Noticias de la Industria Turistica\",\"publisher\":{\"@id\":\"https:\/\/nitu.mx\/#\/schema\/person\/ae7a53426417292d3dd07b45a33e01bc\"},\"alternateName\":\"Noticias de la Industria Turistica\",\"potentialAction\":[{\"@type\":\"SearchAction\",\"target\":{\"@type\":\"EntryPoint\",\"urlTemplate\":\"https:\/\/nitu.mx\/?s={search_term_string}\"},\"query-input\":\"required name=search_term_string\"}],\"inLanguage\":\"es-MX\"},{\"@type\":[\"Person\",\"Organization\"],\"@id\":\"https:\/\/nitu.mx\/#\/schema\/person\/ae7a53426417292d3dd07b45a33e01bc\",\"name\":\"Arturo Medina\",\"image\":{\"@type\":\"ImageObject\",\"inLanguage\":\"es-MX\",\"@id\":\"https:\/\/nitu.mx\/#\/schema\/person\/image\/\",\"url\":\"https:\/\/nitu.mx\/wp-content\/uploads\/2024\/04\/4A315622-1904-4D5C-B022-878CDC840E04-90x90-1.jpeg\",\"contentUrl\":\"https:\/\/nitu.mx\/wp-content\/uploads\/2024\/04\/4A315622-1904-4D5C-B022-878CDC840E04-90x90-1.jpeg\",\"width\":90,\"height\":90,\"caption\":\"Arturo Medina\"},\"logo\":{\"@id\":\"https:\/\/nitu.mx\/#\/schema\/person\/image\/\"},\"description\":\"Director NITU.mx, Egresado de la Escuela de Periodismo Carlos Septi\u00e9n Garc\u00eda. Periodista y analista especializado en turismo desde hace 35 a\u00f1os, radicado en Canc\u00fan Q.Roo. arturo@nitu.mx\",\"sameAs\":[\"https:\/\/nitu.mx\",\"https:\/\/www.facebook.com\/NITUmx\/\",\"medinacancun\",\"https:\/\/twitter.com\/@Arturo_Medina_G\"]},{\"@type\":\"Person\",\"@id\":\"https:\/\/nitu.mx\/#\/schema\/person\/4a28fe9bd65924f7c90623773daf1b0b\",\"name\":\"Redacci\u00f3n\",\"image\":{\"@type\":\"ImageObject\",\"inLanguage\":\"es-MX\",\"@id\":\"https:\/\/nitu.mx\/#\/schema\/person\/image\/\",\"url\":\"https:\/\/secure.gravatar.com\/avatar\/5dd011c8ccfc5cd7e4c81e42252aab38?s=96&d=mm&r=g\",\"contentUrl\":\"https:\/\/secure.gravatar.com\/avatar\/5dd011c8ccfc5cd7e4c81e42252aab38?s=96&d=mm&r=g\",\"caption\":\"Redacci\u00f3n\"},\"url\":\"https:\/\/nitu.mx\/index.php\/author\/redaccion\/\"}]}<\/script>\n<!-- \/ Yoast SEO plugin. -->","yoast_head_json":{"title":"AICM: Remodelaci\u00f3n lleva 35% de avance, reabre instalaciones en T1 yT2 - Nitu - Noticias de la Industria Turistica","robots":{"index":"index","follow":"follow","max-snippet":"max-snippet:-1","max-image-preview":"max-image-preview:large","max-video-preview":"max-video-preview:-1"},"canonical":"https:\/\/nitu.mx\/index.php\/2026\/01\/05\/aicm-remodelacion-lleva-35-de-avance-reabre-instalaciones-en-t1-yt2\/","twitter_card":"summary_large_image","twitter_title":"AICM: Remodelaci\u00f3n lleva 35% de avance, reabre instalaciones en T1 yT2 - Nitu - Noticias de la Industria Turistica","twitter_description":"Grupo Aeroportuario Marina reabri\u00f3 diversas instalaciones, como parte de la remodelaci\u00f3n integral del Aeropuerto Internacional Benito Ju\u00e1rez de la Ciudad de M\u00e9xico (AICM) iniciada en 2025, con lo cual se tienen mejores condiciones para recibir a miles de personas al t\u00e9rmino de la temporada vacacional navide\u00f1a, con acciones que favorecen la movilidad. Con las \u00e1reas [&hellip;]","twitter_image":"https:\/\/nitu.mx\/wp-content\/uploads\/2026\/01\/AICM-remodelacion.jpg","twitter_creator":"@NITUmx","twitter_site":"@Arturo_Medina_G","twitter_misc":{"Escrito por":"Redacci\u00f3n","Tiempo de lectura":"2 minutos"},"schema":{"@context":"https:\/\/schema.org","@graph":[{"@type":"Article","@id":"https:\/\/nitu.mx\/index.php\/2026\/01\/05\/aicm-remodelacion-lleva-35-de-avance-reabre-instalaciones-en-t1-yt2\/#article","isPartOf":{"@id":"https:\/\/nitu.mx\/index.php\/2026\/01\/05\/aicm-remodelacion-lleva-35-de-avance-reabre-instalaciones-en-t1-yt2\/"},"author":{"name":"Redacci\u00f3n","@id":"https:\/\/nitu.mx\/#\/schema\/person\/4a28fe9bd65924f7c90623773daf1b0b"},"headline":"AICM: Remodelaci\u00f3n lleva 35% de avance, reabre instalaciones en T1 yT2","datePublished":"2026-01-05T23:54:44+00:00","dateModified":"2026-01-05T23:54:45+00:00","mainEntityOfPage":{"@id":"https:\/\/nitu.mx\/index.php\/2026\/01\/05\/aicm-remodelacion-lleva-35-de-avance-reabre-instalaciones-en-t1-yt2\/"},"wordCount":340,"publisher":{"@id":"https:\/\/nitu.mx\/#\/schema\/person\/ae7a53426417292d3dd07b45a33e01bc"},"image":{"@id":"https:\/\/nitu.mx\/index.php\/2026\/01\/05\/aicm-remodelacion-lleva-35-de-avance-reabre-instalaciones-en-t1-yt2\/#primaryimage"},"thumbnailUrl":"https:\/\/nitu.mx\/wp-content\/uploads\/2026\/01\/AICM-remodelacion.jpg","keywords":["AICM","remodelaci\u00f3n","SEMAR"],"articleSection":["Aerol\u00edneas"],"inLanguage":"es-MX"},{"@type":"WebPage","@id":"https:\/\/nitu.mx\/index.php\/2026\/01\/05\/aicm-remodelacion-lleva-35-de-avance-reabre-instalaciones-en-t1-yt2\/","url":"https:\/\/nitu.mx\/index.php\/2026\/01\/05\/aicm-remodelacion-lleva-35-de-avance-reabre-instalaciones-en-t1-yt2\/","name":"AICM: Remodelaci\u00f3n lleva 35% de avance, reabre instalaciones en T1 yT2 - Nitu - Noticias de la Industria Turistica","isPartOf":{"@id":"https:\/\/nitu.mx\/#website"},"primaryImageOfPage":{"@id":"https:\/\/nitu.mx\/index.php\/2026\/01\/05\/aicm-remodelacion-lleva-35-de-avance-reabre-instalaciones-en-t1-yt2\/#primaryimage"},"image":{"@id":"https:\/\/nitu.mx\/index.php\/2026\/01\/05\/aicm-remodelacion-lleva-35-de-avance-reabre-instalaciones-en-t1-yt2\/#primaryimage"},"thumbnailUrl":"https:\/\/nitu.mx\/wp-content\/uploads\/2026\/01\/AICM-remodelacion.jpg","datePublished":"2026-01-05T23:54:44+00:00","dateModified":"2026-01-05T23:54:45+00:00","breadcrumb":{"@id":"https:\/\/nitu.mx\/index.php\/2026\/01\/05\/aicm-remodelacion-lleva-35-de-avance-reabre-instalaciones-en-t1-yt2\/#breadcrumb"},"inLanguage":"es-MX","potentialAction":[{"@type":"ReadAction","target":["https:\/\/nitu.mx\/index.php\/2026\/01\/05\/aicm-remodelacion-lleva-35-de-avance-reabre-instalaciones-en-t1-yt2\/"]}]},{"@type":"ImageObject","inLanguage":"es-MX","@id":"https:\/\/nitu.mx\/index.php\/2026\/01\/05\/aicm-remodelacion-lleva-35-de-avance-reabre-instalaciones-en-t1-yt2\/#primaryimage","url":"https:\/\/nitu.mx\/wp-content\/uploads\/2026\/01\/AICM-remodelacion.jpg","contentUrl":"https:\/\/nitu.mx\/wp-content\/uploads\/2026\/01\/AICM-remodelacion.jpg","width":1200,"height":675,"caption":"AICM remodelaci\u00f3n"},{"@type":"BreadcrumbList","@id":"https:\/\/nitu.mx\/index.php\/2026\/01\/05\/aicm-remodelacion-lleva-35-de-avance-reabre-instalaciones-en-t1-yt2\/#breadcrumb","itemListElement":[{"@type":"ListItem","position":1,"name":"Inicio","item":"https:\/\/nitu.mx\/"},{"@type":"ListItem","position":2,"name":"AICM: Remodelaci\u00f3n lleva 35% de avance, reabre instalaciones en T1 yT2"}]},{"@type":"WebSite","@id":"https:\/\/nitu.mx\/#website","url":"https:\/\/nitu.mx\/","name":"Nitu - Noticias de la Industria Turistica","description":"Noticias de la Industria Turistica","publisher":{"@id":"https:\/\/nitu.mx\/#\/schema\/person\/ae7a53426417292d3dd07b45a33e01bc"},"alternateName":"Noticias de la Industria Turistica","potentialAction":[{"@type":"SearchAction","target":{"@type":"EntryPoint","urlTemplate":"https:\/\/nitu.mx\/?s={search_term_string}"},"query-input":"required name=search_term_string"}],"inLanguage":"es-MX"},{"@type":["Person","Organization"],"@id":"https:\/\/nitu.mx\/#\/schema\/person\/ae7a53426417292d3dd07b45a33e01bc","name":"Arturo Medina","image":{"@type":"ImageObject","inLanguage":"es-MX","@id":"https:\/\/nitu.mx\/#\/schema\/person\/image\/","url":"https:\/\/nitu.mx\/wp-content\/uploads\/2024\/04\/4A315622-1904-4D5C-B022-878CDC840E04-90x90-1.jpeg","contentUrl":"https:\/\/nitu.mx\/wp-content\/uploads\/2024\/04\/4A315622-1904-4D5C-B022-878CDC840E04-90x90-1.jpeg","width":90,"height":90,"caption":"Arturo Medina"},"logo":{"@id":"https:\/\/nitu.mx\/#\/schema\/person\/image\/"},"description":"Director NITU.mx, Egresado de la Escuela de Periodismo Carlos Septi\u00e9n Garc\u00eda. Periodista y analista especializado en turismo desde hace 35 a\u00f1os, radicado en Canc\u00fan Q.Roo. arturo@nitu.mx","sameAs":["https:\/\/nitu.mx","https:\/\/www.facebook.com\/NITUmx\/","medinacancun","https:\/\/twitter.com\/@Arturo_Medina_G"]},{"@type":"Person","@id":"https:\/\/nitu.mx\/#\/schema\/person\/4a28fe9bd65924f7c90623773daf1b0b","name":"Redacci\u00f3n","image":{"@type":"ImageObject","inLanguage":"es-MX","@id":"https:\/\/nitu.mx\/#\/schema\/person\/image\/","url":"https:\/\/secure.gravatar.com\/avatar\/5dd011c8ccfc5cd7e4c81e42252aab38?s=96&d=mm&r=g","contentUrl":"https:\/\/secure.gravatar.com\/avatar\/5dd011c8ccfc5cd7e4c81e42252aab38?s=96&d=mm&r=g","caption":"Redacci\u00f3n"},"url":"https:\/\/nitu.mx\/index.php\/author\/redaccion\/"}]}},"views":329,"_links":{"self":[{"href":"https:\/\/nitu.mx\/index.php\/wp-json\/wp\/v2\/posts\/85417"}],"collection":[{"href":"https:\/\/nitu.mx\/index.php\/wp-json\/wp\/v2\/posts"}],"about":[{"href":"https:\/\/nitu.mx\/index.php\/wp-json\/wp\/v2\/types\/post"}],"author":[{"embeddable":true,"href":"https:\/\/nitu.mx\/index.php\/wp-json\/wp\/v2\/users\/17"}],"replies":[{"embeddable":true,"href":"https:\/\/nitu.mx\/index.php\/wp-json\/wp\/v2\/comments?post=85417"}],"version-history":[{"count":1,"href":"https:\/\/nitu.mx\/index.php\/wp-json\/wp\/v2\/posts\/85417\/revisions"}],"predecessor-version":[{"id":85420,"href":"https:\/\/nitu.mx\/index.php\/wp-json\/wp\/v2\/posts\/85417\/revisions\/85420"}],"wp:featuredmedia":[{"embeddable":true,"href":"https:\/\/nitu.mx\/index.php\/wp-json\/wp\/v2\/media\/85419"}],"wp:attachment":[{"href":"https:\/\/nitu.mx\/index.php\/wp-json\/wp\/v2\/media?parent=85417"}],"wp:term":[{"taxonomy":"category","embeddable":true,"href":"https:\/\/nitu.mx\/index.php\/wp-json\/wp\/v2\/categories?post=85417"},{"taxonomy":"post_tag","embeddable":true,"href":"https:\/\/nitu.mx\/index.php\/wp-json\/wp\/v2\/tags?post=85417"}],"curies":[{"name":"wp","href":"https:\/\/api.w.org\/{rel}","templated":true}]}}