{"id":85399,"date":"2026-01-04T21:18:51","date_gmt":"2026-01-05T03:18:51","guid":{"rendered":"https:\/\/nitu.mx\/?p=85399"},"modified":"2026-01-04T21:18:52","modified_gmt":"2026-01-05T03:18:52","slug":"hyatt-place-merida-via-montejo-celebra-gran-inauguracion-con-142-habitaciones","status":"publish","type":"post","link":"https:\/\/nitu.mx\/index.php\/2026\/01\/04\/hyatt-place-merida-via-montejo-celebra-gran-inauguracion-con-142-habitaciones\/","title":{"rendered":"Hyatt Place M\u00e9rida \/ V\u00eda Montejo celebra gran inauguraci\u00f3n con 142 habitaciones"},"content":{"rendered":"\n<p>Hyatt Hotels Corporation e Inmobilia Desarrollos anunciaron la apertura de Hyatt Place M\u00e9rida \/ V\u00eda Montejo, el segundo hotel de la marca Hyatt en el estado de Yucat\u00e1n, que se une a Hyatt Regency M\u00e9rida. El nuevo hotel, propiedad de Inmobilia y ubicado en el desarrollo de usos m\u00faltiples de V\u00eda Montejo, ofrece el dise\u00f1o intuitivo de la marca Hyatt Place, comodidades modernas como wifi gratuito y servicio de comida las 24 horas, y una experiencia perfecta para viajeros multitarea.<br><br>Ubicado dentro del moderno complejo de V\u00eda Montejo, el Hyatt Place M\u00e9rida \/ V\u00eda Montejo de 11 pisos cuenta con 142 c\u00f3modas habitaciones con vistas a la ciudad y comodidades modernas dise\u00f1adas tanto para viajeros de negocios como de placer. Cada habitaci\u00f3n incluye espacios separados para dormir, trabajar y relajarse, incluyendo un sof\u00e1 cama Cozy Corner y una sala de estar ideal para leer o relajarse.<\/p>\n\n\n\n<p>V\u00eda Montejo es un desarrollo cosmopolita de usos mixtos ubicado al final de Prolongaci\u00f3n Paseo Montejo, una ic\u00f3nica avenida en la Zona Norte de M\u00e9rida. Reconocido como el Mejor Desarrollo de Usos Mixtos de M\u00e9xico por los International Property Awards, el desarrollo V\u00eda Montejo combina edificios residenciales de alta gama, vibrantes espacios comerciales con el Harbor Lifestyle Mall como eje central y espacios corporativos en un entorno integrado. Su plan maestro tambi\u00e9n incluye un nuevo Consulado de Estados Unidos y la Secretar\u00eda de Relaciones Exteriores de M\u00e9xico.<\/p>\n\n\n\n<p>\u201cMientras M\u00e9rida contin\u00faa creciendo y prosperando econ\u00f3micamente, nos enorgullece formar parte del desarrollo de V\u00eda Montejo y contribuir a este impulso dando la bienvenida al primer hotel Hyatt Place en el estado de Yucat\u00e1n\u201d, afirm\u00f3 Baltazar Pille, Gerente General. \u201cCon nuestros espacios sociales y habitaciones cuidadosamente dise\u00f1ados, donde los hu\u00e9spedes pueden trabajar o socializar, estamos listos para satisfacer las necesidades del din\u00e1mico viajero actual\u201d.<\/p>\n\n\n\n<p>Convenientemente ubicado a unos 20 minutos del Aeropuerto Internacional de M\u00e9rida y justo frente al Consulado de Estados Unidos en M\u00e9rida, Hyatt Place M\u00e9rida \/ V\u00eda Montejo tambi\u00e9n ofrece f\u00e1cil acceso a importantes universidades, centros comerciales y una amplia variedad de restaurantes y lugares de entretenimiento, lo que lo convierte en la opci\u00f3n ideal para todo tipo de hu\u00e9spedes que visitan M\u00e9rida. <\/p>\n\n\n\n<p>La conectividad del hotel es inigualable gracias al Tren Maya, la ruta del Tranv\u00eda IE y m\u00faltiples opciones de transporte urbano a poca distancia a pie. El Tren Maya est\u00e1 transformando Yucat\u00e1n en uno de los destinos tur\u00edsticos m\u00e1s atractivos de M\u00e9xico, conectando M\u00e9rida con playas, sitios arqueol\u00f3gicos y ciudades clave de la regi\u00f3n, como Canc\u00fan y Tulum.<\/p>\n\n\n\n<p>El hotel ofrece numerosas opciones gastron\u00f3micas, incluyendo desayuno gratuito para hu\u00e9spedes en el Breakfast Bar, con opciones calientes, fruta fresca y mucho m\u00e1s. El 24\/7 Market sirve comidas reci\u00e9n preparadas para llevar y The Placery, ubicado en el bar del vest\u00edbulo, ofrece un men\u00fa selecto con caf\u00e9s especiales, cervezas premium, vinos y c\u00f3cteles, adem\u00e1s de c\u00f3modos espacios para relajarse y trabajar.<\/p>\n\n\n\n<p>Adem\u00e1s, el hotel ofrece diversas comodidades y servicios para sus hu\u00e9spedes, como una amplia terraza al aire libre con piscina y un gimnasio abierto las 24 horas. Todos los hu\u00e9spedes del hotel disponen de aparcamiento gratuito. El hotel tambi\u00e9n ofrece el programa Necessities, exclusivo de la marca Hyatt Place, un pr\u00e1ctico inventario de art\u00edculos de uso diario que los hu\u00e9spedes pueden comprar, tomar prestados o disfrutar de forma gratuita, dise\u00f1ado para facilitar y hacer m\u00e1s c\u00f3modo su viaje.<br><br>Con 1077 pies cuadrados de espacio flexible para reuniones y eventos, Hyatt Place M\u00e9rida \/ V\u00eda Montejo ofrece espacios pr\u00e1cticos y acogedores para celebrar diversos eventos, desde reuniones de negocios hasta celebraciones y conferencias. Dos salas de reuniones se pueden combinar para eventos m\u00e1s grandes y cuentan con acceso directo a una zona exterior, men\u00fas de catering personalizables, equipo audiovisual de \u00faltima generaci\u00f3n y wifi gratuito.<\/p>\n\n\n\n<p>Inmobilia, una empresa yucateca orgullosa, est\u00e1 comprometida con impulsar el crecimiento, la inversi\u00f3n y el desarrollo sostenible en la regi\u00f3n. Durante m\u00e1s de dos d\u00e9cadas, Inmobilia ha desarrollado proyectos emblem\u00e1ticos que han transformado la ciudad de M\u00e9rida, posicion\u00e1ndola como uno de los principales polos de desarrollo del sureste mexicano. Su proyecto insignia, V\u00eda Montejo, ejemplifica esta visi\u00f3n: un desarrollo de uso mixto que integra innovaci\u00f3n, urbanismo, sostenibilidad y bienestar tanto para residentes como para visitantes. (<a href=\"https:\/\/nitu.mx\/index.php\/2025\/12\/16\/debuta-la-marca-park-hyatt-en-mexico-con-163-habitaciones-villas-y-suites-en-los-cabos\/\">Debuta la marca Park Hyatt en M\u00e9xico con 163 habitaciones, villas y suites en Los Cabos<\/a>).<\/p>\n","protected":false},"excerpt":{"rendered":"<p>Hyatt Hotels Corporation e Inmobilia Desarrollos anunciaron la apertura de Hyatt Place M\u00e9rida \/ V\u00eda Montejo, el segundo hotel de la marca Hyatt en el estado de Yucat\u00e1n, que se une a Hyatt Regency M\u00e9rida. El nuevo hotel, propiedad de Inmobilia y ubicado en el desarrollo de usos m\u00faltiples de V\u00eda Montejo, ofrece el dise\u00f1o [&hellip;]<\/p>\n","protected":false},"author":17,"featured_media":85403,"comment_status":"closed","ping_status":"closed","sticky":false,"template":"","format":"standard","meta":{"footnotes":""},"categories":[2],"tags":[2332,3845,301],"yoast_head":"<!-- This site is optimized with the Yoast SEO plugin v22.2 - https:\/\/yoast.com\/wordpress\/plugins\/seo\/ -->\n<title>Hyatt Place M\u00e9rida \/ V\u00eda Montejo celebra gran inauguraci\u00f3n con 142 habitaciones - Nitu - Noticias de la Industria Turistica<\/title>\n<meta name=\"robots\" content=\"index, follow, max-snippet:-1, max-image-preview:large, max-video-preview:-1\" \/>\n<link rel=\"canonical\" href=\"https:\/\/nitu.mx\/index.php\/2026\/01\/04\/hyatt-place-merida-via-montejo-celebra-gran-inauguracion-con-142-habitaciones\/\" \/>\n<meta name=\"twitter:card\" content=\"summary_large_image\" \/>\n<meta name=\"twitter:title\" content=\"Hyatt Place M\u00e9rida \/ V\u00eda Montejo celebra gran inauguraci\u00f3n con 142 habitaciones - Nitu - Noticias de la Industria Turistica\" \/>\n<meta name=\"twitter:description\" content=\"Hyatt Hotels Corporation e Inmobilia Desarrollos anunciaron la apertura de Hyatt Place M\u00e9rida \/ V\u00eda Montejo, el segundo hotel de la marca Hyatt en el estado de Yucat\u00e1n, que se une a Hyatt Regency M\u00e9rida. El nuevo hotel, propiedad de Inmobilia y ubicado en el desarrollo de usos m\u00faltiples de V\u00eda Montejo, ofrece el dise\u00f1o [&hellip;]\" \/>\n<meta name=\"twitter:image\" content=\"https:\/\/nitu.mx\/wp-content\/uploads\/2026\/01\/Hyatt-Place-Merida-Via-Montejo-Vestibulo.jpg\" \/>\n<meta name=\"twitter:creator\" content=\"@NITUmx\" \/>\n<meta name=\"twitter:site\" content=\"@Arturo_Medina_G\" \/>\n<meta name=\"twitter:label1\" content=\"Escrito por\" \/>\n\t<meta name=\"twitter:data1\" content=\"Redacci\u00f3n\" \/>\n\t<meta name=\"twitter:label2\" content=\"Tiempo de lectura\" \/>\n\t<meta name=\"twitter:data2\" content=\"4 minutos\" \/>\n<script type=\"application\/ld+json\" class=\"yoast-schema-graph\">{\"@context\":\"https:\/\/schema.org\",\"@graph\":[{\"@type\":\"Article\",\"@id\":\"https:\/\/nitu.mx\/index.php\/2026\/01\/04\/hyatt-place-merida-via-montejo-celebra-gran-inauguracion-con-142-habitaciones\/#article\",\"isPartOf\":{\"@id\":\"https:\/\/nitu.mx\/index.php\/2026\/01\/04\/hyatt-place-merida-via-montejo-celebra-gran-inauguracion-con-142-habitaciones\/\"},\"author\":{\"name\":\"Redacci\u00f3n\",\"@id\":\"https:\/\/nitu.mx\/#\/schema\/person\/4a28fe9bd65924f7c90623773daf1b0b\"},\"headline\":\"Hyatt Place M\u00e9rida \/ V\u00eda Montejo celebra gran inauguraci\u00f3n con 142 habitaciones\",\"datePublished\":\"2026-01-05T03:18:51+00:00\",\"dateModified\":\"2026-01-05T03:18:52+00:00\",\"mainEntityOfPage\":{\"@id\":\"https:\/\/nitu.mx\/index.php\/2026\/01\/04\/hyatt-place-merida-via-montejo-celebra-gran-inauguracion-con-142-habitaciones\/\"},\"wordCount\":799,\"publisher\":{\"@id\":\"https:\/\/nitu.mx\/#\/schema\/person\/ae7a53426417292d3dd07b45a33e01bc\"},\"image\":{\"@id\":\"https:\/\/nitu.mx\/index.php\/2026\/01\/04\/hyatt-place-merida-via-montejo-celebra-gran-inauguracion-con-142-habitaciones\/#primaryimage\"},\"thumbnailUrl\":\"https:\/\/nitu.mx\/wp-content\/uploads\/2026\/01\/Hyatt-Place-Merida-Via-Montejo-Vestibulo.jpg\",\"keywords\":[\"Hyatt Hotels Corporation\",\"Hyatt Place\",\"M\u00e9rida\"],\"articleSection\":[\"Hoteles\"],\"inLanguage\":\"es-MX\"},{\"@type\":\"WebPage\",\"@id\":\"https:\/\/nitu.mx\/index.php\/2026\/01\/04\/hyatt-place-merida-via-montejo-celebra-gran-inauguracion-con-142-habitaciones\/\",\"url\":\"https:\/\/nitu.mx\/index.php\/2026\/01\/04\/hyatt-place-merida-via-montejo-celebra-gran-inauguracion-con-142-habitaciones\/\",\"name\":\"Hyatt Place M\u00e9rida \/ V\u00eda Montejo celebra gran inauguraci\u00f3n con 142 habitaciones - Nitu - Noticias de la Industria Turistica\",\"isPartOf\":{\"@id\":\"https:\/\/nitu.mx\/#website\"},\"primaryImageOfPage\":{\"@id\":\"https:\/\/nitu.mx\/index.php\/2026\/01\/04\/hyatt-place-merida-via-montejo-celebra-gran-inauguracion-con-142-habitaciones\/#primaryimage\"},\"image\":{\"@id\":\"https:\/\/nitu.mx\/index.php\/2026\/01\/04\/hyatt-place-merida-via-montejo-celebra-gran-inauguracion-con-142-habitaciones\/#primaryimage\"},\"thumbnailUrl\":\"https:\/\/nitu.mx\/wp-content\/uploads\/2026\/01\/Hyatt-Place-Merida-Via-Montejo-Vestibulo.jpg\",\"datePublished\":\"2026-01-05T03:18:51+00:00\",\"dateModified\":\"2026-01-05T03:18:52+00:00\",\"breadcrumb\":{\"@id\":\"https:\/\/nitu.mx\/index.php\/2026\/01\/04\/hyatt-place-merida-via-montejo-celebra-gran-inauguracion-con-142-habitaciones\/#breadcrumb\"},\"inLanguage\":\"es-MX\",\"potentialAction\":[{\"@type\":\"ReadAction\",\"target\":[\"https:\/\/nitu.mx\/index.php\/2026\/01\/04\/hyatt-place-merida-via-montejo-celebra-gran-inauguracion-con-142-habitaciones\/\"]}]},{\"@type\":\"ImageObject\",\"inLanguage\":\"es-MX\",\"@id\":\"https:\/\/nitu.mx\/index.php\/2026\/01\/04\/hyatt-place-merida-via-montejo-celebra-gran-inauguracion-con-142-habitaciones\/#primaryimage\",\"url\":\"https:\/\/nitu.mx\/wp-content\/uploads\/2026\/01\/Hyatt-Place-Merida-Via-Montejo-Vestibulo.jpg\",\"contentUrl\":\"https:\/\/nitu.mx\/wp-content\/uploads\/2026\/01\/Hyatt-Place-Merida-Via-Montejo-Vestibulo.jpg\",\"width\":1200,\"height\":675,\"caption\":\"Hyatt Place M\u00e9rida V\u00eda Montejo Vest\u00edbulo\"},{\"@type\":\"BreadcrumbList\",\"@id\":\"https:\/\/nitu.mx\/index.php\/2026\/01\/04\/hyatt-place-merida-via-montejo-celebra-gran-inauguracion-con-142-habitaciones\/#breadcrumb\",\"itemListElement\":[{\"@type\":\"ListItem\",\"position\":1,\"name\":\"Inicio\",\"item\":\"https:\/\/nitu.mx\/\"},{\"@type\":\"ListItem\",\"position\":2,\"name\":\"Hyatt Place M\u00e9rida \/ V\u00eda Montejo celebra gran inauguraci\u00f3n con 142 habitaciones\"}]},{\"@type\":\"WebSite\",\"@id\":\"https:\/\/nitu.mx\/#website\",\"url\":\"https:\/\/nitu.mx\/\",\"name\":\"Nitu - Noticias de la Industria Turistica\",\"description\":\"Noticias de la Industria Turistica\",\"publisher\":{\"@id\":\"https:\/\/nitu.mx\/#\/schema\/person\/ae7a53426417292d3dd07b45a33e01bc\"},\"alternateName\":\"Noticias de la Industria Turistica\",\"potentialAction\":[{\"@type\":\"SearchAction\",\"target\":{\"@type\":\"EntryPoint\",\"urlTemplate\":\"https:\/\/nitu.mx\/?s={search_term_string}\"},\"query-input\":\"required name=search_term_string\"}],\"inLanguage\":\"es-MX\"},{\"@type\":[\"Person\",\"Organization\"],\"@id\":\"https:\/\/nitu.mx\/#\/schema\/person\/ae7a53426417292d3dd07b45a33e01bc\",\"name\":\"Arturo Medina\",\"image\":{\"@type\":\"ImageObject\",\"inLanguage\":\"es-MX\",\"@id\":\"https:\/\/nitu.mx\/#\/schema\/person\/image\/\",\"url\":\"https:\/\/nitu.mx\/wp-content\/uploads\/2024\/04\/4A315622-1904-4D5C-B022-878CDC840E04-90x90-1.jpeg\",\"contentUrl\":\"https:\/\/nitu.mx\/wp-content\/uploads\/2024\/04\/4A315622-1904-4D5C-B022-878CDC840E04-90x90-1.jpeg\",\"width\":90,\"height\":90,\"caption\":\"Arturo Medina\"},\"logo\":{\"@id\":\"https:\/\/nitu.mx\/#\/schema\/person\/image\/\"},\"description\":\"Director NITU.mx, Egresado de la Escuela de Periodismo Carlos Septi\u00e9n Garc\u00eda. Periodista y analista especializado en turismo desde hace 35 a\u00f1os, radicado en Canc\u00fan Q.Roo. arturo@nitu.mx\",\"sameAs\":[\"https:\/\/nitu.mx\",\"https:\/\/www.facebook.com\/NITUmx\/\",\"medinacancun\",\"https:\/\/twitter.com\/@Arturo_Medina_G\"]},{\"@type\":\"Person\",\"@id\":\"https:\/\/nitu.mx\/#\/schema\/person\/4a28fe9bd65924f7c90623773daf1b0b\",\"name\":\"Redacci\u00f3n\",\"image\":{\"@type\":\"ImageObject\",\"inLanguage\":\"es-MX\",\"@id\":\"https:\/\/nitu.mx\/#\/schema\/person\/image\/\",\"url\":\"https:\/\/secure.gravatar.com\/avatar\/5dd011c8ccfc5cd7e4c81e42252aab38?s=96&d=mm&r=g\",\"contentUrl\":\"https:\/\/secure.gravatar.com\/avatar\/5dd011c8ccfc5cd7e4c81e42252aab38?s=96&d=mm&r=g\",\"caption\":\"Redacci\u00f3n\"},\"url\":\"https:\/\/nitu.mx\/index.php\/author\/redaccion\/\"}]}<\/script>\n<!-- \/ Yoast SEO plugin. -->","yoast_head_json":{"title":"Hyatt Place M\u00e9rida \/ V\u00eda Montejo celebra gran inauguraci\u00f3n con 142 habitaciones - Nitu - Noticias de la Industria Turistica","robots":{"index":"index","follow":"follow","max-snippet":"max-snippet:-1","max-image-preview":"max-image-preview:large","max-video-preview":"max-video-preview:-1"},"canonical":"https:\/\/nitu.mx\/index.php\/2026\/01\/04\/hyatt-place-merida-via-montejo-celebra-gran-inauguracion-con-142-habitaciones\/","twitter_card":"summary_large_image","twitter_title":"Hyatt Place M\u00e9rida \/ V\u00eda Montejo celebra gran inauguraci\u00f3n con 142 habitaciones - Nitu - Noticias de la Industria Turistica","twitter_description":"Hyatt Hotels Corporation e Inmobilia Desarrollos anunciaron la apertura de Hyatt Place M\u00e9rida \/ V\u00eda Montejo, el segundo hotel de la marca Hyatt en el estado de Yucat\u00e1n, que se une a Hyatt Regency M\u00e9rida. El nuevo hotel, propiedad de Inmobilia y ubicado en el desarrollo de usos m\u00faltiples de V\u00eda Montejo, ofrece el dise\u00f1o [&hellip;]","twitter_image":"https:\/\/nitu.mx\/wp-content\/uploads\/2026\/01\/Hyatt-Place-Merida-Via-Montejo-Vestibulo.jpg","twitter_creator":"@NITUmx","twitter_site":"@Arturo_Medina_G","twitter_misc":{"Escrito por":"Redacci\u00f3n","Tiempo de lectura":"4 minutos"},"schema":{"@context":"https:\/\/schema.org","@graph":[{"@type":"Article","@id":"https:\/\/nitu.mx\/index.php\/2026\/01\/04\/hyatt-place-merida-via-montejo-celebra-gran-inauguracion-con-142-habitaciones\/#article","isPartOf":{"@id":"https:\/\/nitu.mx\/index.php\/2026\/01\/04\/hyatt-place-merida-via-montejo-celebra-gran-inauguracion-con-142-habitaciones\/"},"author":{"name":"Redacci\u00f3n","@id":"https:\/\/nitu.mx\/#\/schema\/person\/4a28fe9bd65924f7c90623773daf1b0b"},"headline":"Hyatt Place M\u00e9rida \/ V\u00eda Montejo celebra gran inauguraci\u00f3n con 142 habitaciones","datePublished":"2026-01-05T03:18:51+00:00","dateModified":"2026-01-05T03:18:52+00:00","mainEntityOfPage":{"@id":"https:\/\/nitu.mx\/index.php\/2026\/01\/04\/hyatt-place-merida-via-montejo-celebra-gran-inauguracion-con-142-habitaciones\/"},"wordCount":799,"publisher":{"@id":"https:\/\/nitu.mx\/#\/schema\/person\/ae7a53426417292d3dd07b45a33e01bc"},"image":{"@id":"https:\/\/nitu.mx\/index.php\/2026\/01\/04\/hyatt-place-merida-via-montejo-celebra-gran-inauguracion-con-142-habitaciones\/#primaryimage"},"thumbnailUrl":"https:\/\/nitu.mx\/wp-content\/uploads\/2026\/01\/Hyatt-Place-Merida-Via-Montejo-Vestibulo.jpg","keywords":["Hyatt Hotels Corporation","Hyatt Place","M\u00e9rida"],"articleSection":["Hoteles"],"inLanguage":"es-MX"},{"@type":"WebPage","@id":"https:\/\/nitu.mx\/index.php\/2026\/01\/04\/hyatt-place-merida-via-montejo-celebra-gran-inauguracion-con-142-habitaciones\/","url":"https:\/\/nitu.mx\/index.php\/2026\/01\/04\/hyatt-place-merida-via-montejo-celebra-gran-inauguracion-con-142-habitaciones\/","name":"Hyatt Place M\u00e9rida \/ V\u00eda Montejo celebra gran inauguraci\u00f3n con 142 habitaciones - Nitu - Noticias de la Industria Turistica","isPartOf":{"@id":"https:\/\/nitu.mx\/#website"},"primaryImageOfPage":{"@id":"https:\/\/nitu.mx\/index.php\/2026\/01\/04\/hyatt-place-merida-via-montejo-celebra-gran-inauguracion-con-142-habitaciones\/#primaryimage"},"image":{"@id":"https:\/\/nitu.mx\/index.php\/2026\/01\/04\/hyatt-place-merida-via-montejo-celebra-gran-inauguracion-con-142-habitaciones\/#primaryimage"},"thumbnailUrl":"https:\/\/nitu.mx\/wp-content\/uploads\/2026\/01\/Hyatt-Place-Merida-Via-Montejo-Vestibulo.jpg","datePublished":"2026-01-05T03:18:51+00:00","dateModified":"2026-01-05T03:18:52+00:00","breadcrumb":{"@id":"https:\/\/nitu.mx\/index.php\/2026\/01\/04\/hyatt-place-merida-via-montejo-celebra-gran-inauguracion-con-142-habitaciones\/#breadcrumb"},"inLanguage":"es-MX","potentialAction":[{"@type":"ReadAction","target":["https:\/\/nitu.mx\/index.php\/2026\/01\/04\/hyatt-place-merida-via-montejo-celebra-gran-inauguracion-con-142-habitaciones\/"]}]},{"@type":"ImageObject","inLanguage":"es-MX","@id":"https:\/\/nitu.mx\/index.php\/2026\/01\/04\/hyatt-place-merida-via-montejo-celebra-gran-inauguracion-con-142-habitaciones\/#primaryimage","url":"https:\/\/nitu.mx\/wp-content\/uploads\/2026\/01\/Hyatt-Place-Merida-Via-Montejo-Vestibulo.jpg","contentUrl":"https:\/\/nitu.mx\/wp-content\/uploads\/2026\/01\/Hyatt-Place-Merida-Via-Montejo-Vestibulo.jpg","width":1200,"height":675,"caption":"Hyatt Place M\u00e9rida V\u00eda Montejo Vest\u00edbulo"},{"@type":"BreadcrumbList","@id":"https:\/\/nitu.mx\/index.php\/2026\/01\/04\/hyatt-place-merida-via-montejo-celebra-gran-inauguracion-con-142-habitaciones\/#breadcrumb","itemListElement":[{"@type":"ListItem","position":1,"name":"Inicio","item":"https:\/\/nitu.mx\/"},{"@type":"ListItem","position":2,"name":"Hyatt Place M\u00e9rida \/ V\u00eda Montejo celebra gran inauguraci\u00f3n con 142 habitaciones"}]},{"@type":"WebSite","@id":"https:\/\/nitu.mx\/#website","url":"https:\/\/nitu.mx\/","name":"Nitu - Noticias de la Industria Turistica","description":"Noticias de la Industria Turistica","publisher":{"@id":"https:\/\/nitu.mx\/#\/schema\/person\/ae7a53426417292d3dd07b45a33e01bc"},"alternateName":"Noticias de la Industria Turistica","potentialAction":[{"@type":"SearchAction","target":{"@type":"EntryPoint","urlTemplate":"https:\/\/nitu.mx\/?s={search_term_string}"},"query-input":"required name=search_term_string"}],"inLanguage":"es-MX"},{"@type":["Person","Organization"],"@id":"https:\/\/nitu.mx\/#\/schema\/person\/ae7a53426417292d3dd07b45a33e01bc","name":"Arturo Medina","image":{"@type":"ImageObject","inLanguage":"es-MX","@id":"https:\/\/nitu.mx\/#\/schema\/person\/image\/","url":"https:\/\/nitu.mx\/wp-content\/uploads\/2024\/04\/4A315622-1904-4D5C-B022-878CDC840E04-90x90-1.jpeg","contentUrl":"https:\/\/nitu.mx\/wp-content\/uploads\/2024\/04\/4A315622-1904-4D5C-B022-878CDC840E04-90x90-1.jpeg","width":90,"height":90,"caption":"Arturo Medina"},"logo":{"@id":"https:\/\/nitu.mx\/#\/schema\/person\/image\/"},"description":"Director NITU.mx, Egresado de la Escuela de Periodismo Carlos Septi\u00e9n Garc\u00eda. Periodista y analista especializado en turismo desde hace 35 a\u00f1os, radicado en Canc\u00fan Q.Roo. arturo@nitu.mx","sameAs":["https:\/\/nitu.mx","https:\/\/www.facebook.com\/NITUmx\/","medinacancun","https:\/\/twitter.com\/@Arturo_Medina_G"]},{"@type":"Person","@id":"https:\/\/nitu.mx\/#\/schema\/person\/4a28fe9bd65924f7c90623773daf1b0b","name":"Redacci\u00f3n","image":{"@type":"ImageObject","inLanguage":"es-MX","@id":"https:\/\/nitu.mx\/#\/schema\/person\/image\/","url":"https:\/\/secure.gravatar.com\/avatar\/5dd011c8ccfc5cd7e4c81e42252aab38?s=96&d=mm&r=g","contentUrl":"https:\/\/secure.gravatar.com\/avatar\/5dd011c8ccfc5cd7e4c81e42252aab38?s=96&d=mm&r=g","caption":"Redacci\u00f3n"},"url":"https:\/\/nitu.mx\/index.php\/author\/redaccion\/"}]}},"views":547,"_links":{"self":[{"href":"https:\/\/nitu.mx\/index.php\/wp-json\/wp\/v2\/posts\/85399"}],"collection":[{"href":"https:\/\/nitu.mx\/index.php\/wp-json\/wp\/v2\/posts"}],"about":[{"href":"https:\/\/nitu.mx\/index.php\/wp-json\/wp\/v2\/types\/post"}],"author":[{"embeddable":true,"href":"https:\/\/nitu.mx\/index.php\/wp-json\/wp\/v2\/users\/17"}],"replies":[{"embeddable":true,"href":"https:\/\/nitu.mx\/index.php\/wp-json\/wp\/v2\/comments?post=85399"}],"version-history":[{"count":2,"href":"https:\/\/nitu.mx\/index.php\/wp-json\/wp\/v2\/posts\/85399\/revisions"}],"predecessor-version":[{"id":85404,"href":"https:\/\/nitu.mx\/index.php\/wp-json\/wp\/v2\/posts\/85399\/revisions\/85404"}],"wp:featuredmedia":[{"embeddable":true,"href":"https:\/\/nitu.mx\/index.php\/wp-json\/wp\/v2\/media\/85403"}],"wp:attachment":[{"href":"https:\/\/nitu.mx\/index.php\/wp-json\/wp\/v2\/media?parent=85399"}],"wp:term":[{"taxonomy":"category","embeddable":true,"href":"https:\/\/nitu.mx\/index.php\/wp-json\/wp\/v2\/categories?post=85399"},{"taxonomy":"post_tag","embeddable":true,"href":"https:\/\/nitu.mx\/index.php\/wp-json\/wp\/v2\/tags?post=85399"}],"curies":[{"name":"wp","href":"https:\/\/api.w.org\/{rel}","templated":true}]}}