{"id":85377,"date":"2025-12-29T18:00:00","date_gmt":"2025-12-30T00:00:00","guid":{"rendered":"https:\/\/nitu.mx\/?p=85377"},"modified":"2025-12-29T16:40:34","modified_gmt":"2025-12-29T22:40:34","slug":"sectur-preve-un-2026-historico-para-el-turismo-en-mexico-por-eventos-internacionales","status":"publish","type":"post","link":"https:\/\/nitu.mx\/index.php\/2025\/12\/29\/sectur-preve-un-2026-historico-para-el-turismo-en-mexico-por-eventos-internacionales\/","title":{"rendered":"Sectur prev\u00e9 un 2026 hist\u00f3rico para el turismo en M\u00e9xico por eventos internacionales"},"content":{"rendered":"\n<p>La secretaria de Turismo federal, Josefina Rodr\u00edguez Zamora, resalt\u00f3 que, al cierre de este a\u00f1o, M\u00e9xico se prepara para vivir un 2026 sin precedentes para el turismo, con una agenda internacional robusta, eventos de alto impacto y una visi\u00f3n clara de que el turismo es un motor estrat\u00e9gico para el desarrollo, el bienestar y la Prosperidad Compartida en todo el pa\u00eds.<\/p>\n\n\n\n<p>La titular de Sectur destac\u00f3 que 2026 ser\u00e1 un a\u00f1o clave para el sector, al reafirmar al turismo como uno de los principales generadores de desarrollo y bienestar para el pa\u00eds, \u30fcadem\u00e1s de consolidarse como el sector de las buenas noticias\u30fc, a trav\u00e9s de la creaci\u00f3n de empleo, el fortalecimiento de las econom\u00edas locales, la atracci\u00f3n de inversi\u00f3n y la proyecci\u00f3n internacional de la riqueza cultural, natural y creativa de M\u00e9xico.<\/p>\n\n\n\n<p>\u201cSeguiremos trabajando de manera coordinada con el sector privado, los gobiernos estatales, municipales para que el turismo contin\u00fae siendo un generador de bienestar social, fortaleciendo a las comunidades, impulsando el empleo y proyectando a M\u00e9xico como uno de los destinos m\u00e1s importantes del mundo\u201d, afirm\u00f3.<\/p>\n\n\n\n<h2 class=\"wp-block-heading\">M\u00e9xico, Pa\u00eds Invitado en FITUR 2026<\/h2>\n\n\n\n<p>El a\u00f1o iniciar\u00e1 con la presencia hist\u00f3rica en la Feria Internacional de Turismo (FITUR) 2026, que celebrar\u00e1 su 46\u00aa edici\u00f3n en Madrid, Espa\u00f1a, del 21 al 25 de enero, en uno de los encuentros tur\u00edsticos m\u00e1s importantes a nivel global. En esta edici\u00f3n, M\u00e9xico participar\u00e1 como Pa\u00eds Invitado, lo que permitir\u00e1 mostrar de manera integral la grandeza cultural, gastron\u00f3mica y tur\u00edstica del pa\u00eds.<\/p>\n\n\n\n<p>Por primera vez, los 32 estados de la Rep\u00fablica formar\u00e1n parte de la delegaci\u00f3n mexicana, integrada por m\u00e1s de 800 participantes, en un stand que ser\u00e1 el m\u00e1s grande de Latinoam\u00e9rica. A lo largo de la feria y durante todo el a\u00f1o, se desplegar\u00e1n activaciones culturales, art\u00edsticas y gastron\u00f3micas, resultado del trabajo coordinado entre el Gobierno de M\u00e9xico, los gobiernos estatales y la iniciativa privada.<\/p>\n\n\n\n<p>La delegaci\u00f3n mexicana contar\u00e1 con la participaci\u00f3n de artistas, expresiones musicales como M\u00e9xico Canta, exhibiciones artesanales y desfiles de moda que integran textiles, joyer\u00eda y creaciones hechas en M\u00e9xico.<\/p>\n\n\n\n<h3 class=\"wp-block-heading\">La Copa Mundial de Futbol 2026, una oportunidad hist\u00f3rica<\/h3>\n\n\n\n<p>La Copa Mundial de Futbol 2026 ser\u00e1 la edici\u00f3n m\u00e1s grande jam\u00e1s realizada, con 104 partidos y tres pa\u00edses anfitriones. M\u00e9xico ser\u00e1 sede de 13 encuentros, incluida la ceremonia inaugural en el Estadio Ciudad de M\u00e9xico, recinto \u00fanico en el mundo por albergar tres inauguraciones mundialistas.<\/p>\n\n\n\n<p>Este evento representar\u00e1 una oportunidad hist\u00f3rica para mostrar al mundo la identidad, el talento y la riqueza tur\u00edstica de M\u00e9xico, con la llegada de m\u00e1s de 5.5 millones de visitantes adicionales, lo que permitir\u00e1 detonar nuevas inversiones, fortalecer el empleo tur\u00edstico y ampliar la proyecci\u00f3n internacional del pa\u00eds.<\/p>\n\n\n\n<p>Como parte de esta experiencia, se llevar\u00e1 a cabo el festival gastron\u00f3mico \u201cM\u00e9xico de mis Sabores\u201d, impulsado por la iniciativa privada, y se promover\u00e1n 267 rutas tur\u00edsticas, conocidas como Rutas del Aficionado \u30fca trav\u00e9s de la app oficial para vivir lo mejor de la fiesta deportiva en M\u00e9xico en 2026\u30fc, que conectan las ciudades sede con Pueblos M\u00e1gicos, zonas arqueol\u00f3gicas y experiencias tur\u00edsticas en todo el territorio nacional.<\/p>\n\n\n\n<h4 class=\"wp-block-heading\">El Tianguis Tur\u00edstico celebra 50 a\u00f1os en Acapulco<\/h4>\n\n\n\n<p>En abril de 2026, Acapulco ser\u00e1 nuevamente sede del Tianguis Tur\u00edstico, que celebrar\u00e1 su 50\u00aa edici\u00f3n del 27 al 30 de abril. El regreso del evento tur\u00edstico m\u00e1s importante de Am\u00e9rica al destino que lo vio nacer representa un hito para Acapulco y refleja el trabajo coordinado entre los distintos \u00f3rdenes de gobierno y el sector privado para impulsar su recuperaci\u00f3n econ\u00f3mica y tur\u00edstica.<\/p>\n\n\n\n<p>Esta edici\u00f3n conmemorativa reafirma la relevancia del Tianguis Tur\u00edstico como la principal plataforma de promoci\u00f3n y negocios del sector en M\u00e9xico, y una de las m\u00e1s importantes del continente.<\/p>\n\n\n\n<h5 class=\"wp-block-heading\">M\u00e9xico, punto de encuentro del turismo de Am\u00e9rica<\/h5>\n\n\n\n<p>El 2026 tambi\u00e9n marcar\u00e1 la primera edici\u00f3n de ITB Am\u00e9ricas, que se realizar\u00e1 del 10 al 12 de noviembre en Guadalajara, Jalisco. Esta feria, inspirada en el modelo de ITB Berl\u00edn y otras ediciones internacionales, adaptar\u00e1 su enfoque a los mercados m\u00e1s din\u00e1micos del continente.<\/p>\n\n\n\n<p>Se prev\u00e9 la participaci\u00f3n de 35 pa\u00edses, con un 80 por ciento de expositores de la regi\u00f3n y un 20 por ciento de presencia internacional, consolidando a M\u00e9xico como un referente y punto de encuentro estrat\u00e9gico para la industria tur\u00edstica de Am\u00e9rica.<\/p>\n\n\n\n<h6 class=\"wp-block-heading\">Los Pueblos M\u00e1gicos, eje del turismo con bienestar<\/h6>\n\n\n\n<p>El Tianguis Nacional de Pueblos M\u00e1gicos 2026 se llevar\u00e1 a cabo en Tampico, Tamaulipas, fortaleciendo la promoci\u00f3n de estos destinos que son s\u00edmbolo de identidad, historia y desarrollo local. Esta edici\u00f3n reafirma el compromiso de las comunidades con un turismo que genera bienestar y oportunidades, en l\u00ednea con la pol\u00edtica de Prosperidad Compartida.<\/p>\n\n\n\n<p>Rodr\u00edguez Zamora reiter\u00f3 que el sector continuar\u00e1 siendo una prioridad para el desarrollo del pa\u00eds: \u201cCon esta agenda estrat\u00e9gica, M\u00e9xico cierra el a\u00f1o con rumbo claro y visi\u00f3n de futuro, confirmando que el turismo seguir\u00e1 siendo uno de los principales motores de desarrollo econ\u00f3mico y social del pa\u00eds\u201d, concluy\u00f3. (<a href=\"https:\/\/nitu.mx\/index.php\/2025\/12\/29\/inversion-extranjera-directa-turistica-alcanza-los-787-6-mdd-en-el-tercer-trimestre-de-2025\/\">Inversi\u00f3n Extranjera Directa Tur\u00edstica alcanza los 787.6 mdd en el tercer trimestre de 2025<\/a>).<\/p>\n","protected":false},"excerpt":{"rendered":"<p>La secretaria de Turismo federal, Josefina Rodr\u00edguez Zamora, resalt\u00f3 que, al cierre de este a\u00f1o, M\u00e9xico se prepara para vivir un 2026 sin precedentes para el turismo, con una agenda internacional robusta, eventos de alto impacto y una visi\u00f3n clara de que el turismo es un motor estrat\u00e9gico para el desarrollo, el bienestar y la [&hellip;]<\/p>\n","protected":false},"author":17,"featured_media":85379,"comment_status":"closed","ping_status":"closed","sticky":false,"template":"","format":"standard","meta":{"footnotes":""},"categories":[5],"tags":[2703,27852,25659,7162,93,1064],"yoast_head":"<!-- This site is optimized with the Yoast SEO plugin v22.2 - https:\/\/yoast.com\/wordpress\/plugins\/seo\/ -->\n<title>Sectur prev\u00e9 un 2026 hist\u00f3rico para el turismo en M\u00e9xico por eventos internacionales - Nitu - Noticias de la Industria Turistica<\/title>\n<meta name=\"robots\" content=\"index, follow, max-snippet:-1, max-image-preview:large, max-video-preview:-1\" \/>\n<link rel=\"canonical\" href=\"https:\/\/nitu.mx\/index.php\/2025\/12\/29\/sectur-preve-un-2026-historico-para-el-turismo-en-mexico-por-eventos-internacionales\/\" \/>\n<meta name=\"twitter:card\" content=\"summary_large_image\" \/>\n<meta name=\"twitter:title\" content=\"Sectur prev\u00e9 un 2026 hist\u00f3rico para el turismo en M\u00e9xico por eventos internacionales - Nitu - Noticias de la Industria Turistica\" \/>\n<meta name=\"twitter:description\" content=\"La secretaria de Turismo federal, Josefina Rodr\u00edguez Zamora, resalt\u00f3 que, al cierre de este a\u00f1o, M\u00e9xico se prepara para vivir un 2026 sin precedentes para el turismo, con una agenda internacional robusta, eventos de alto impacto y una visi\u00f3n clara de que el turismo es un motor estrat\u00e9gico para el desarrollo, el bienestar y la [&hellip;]\" \/>\n<meta name=\"twitter:image\" content=\"https:\/\/nitu.mx\/wp-content\/uploads\/2025\/12\/Mexico-pabellon-feria.jpg\" \/>\n<meta name=\"twitter:creator\" content=\"@NITUmx\" \/>\n<meta name=\"twitter:site\" content=\"@Arturo_Medina_G\" \/>\n<meta name=\"twitter:label1\" content=\"Escrito por\" \/>\n\t<meta name=\"twitter:data1\" content=\"Redacci\u00f3n\" \/>\n\t<meta name=\"twitter:label2\" content=\"Tiempo de lectura\" \/>\n\t<meta name=\"twitter:data2\" content=\"5 minutos\" \/>\n<script type=\"application\/ld+json\" class=\"yoast-schema-graph\">{\"@context\":\"https:\/\/schema.org\",\"@graph\":[{\"@type\":\"Article\",\"@id\":\"https:\/\/nitu.mx\/index.php\/2025\/12\/29\/sectur-preve-un-2026-historico-para-el-turismo-en-mexico-por-eventos-internacionales\/#article\",\"isPartOf\":{\"@id\":\"https:\/\/nitu.mx\/index.php\/2025\/12\/29\/sectur-preve-un-2026-historico-para-el-turismo-en-mexico-por-eventos-internacionales\/\"},\"author\":{\"name\":\"Redacci\u00f3n\",\"@id\":\"https:\/\/nitu.mx\/#\/schema\/person\/4a28fe9bd65924f7c90623773daf1b0b\"},\"headline\":\"Sectur prev\u00e9 un 2026 hist\u00f3rico para el turismo en M\u00e9xico por eventos internacionales\",\"datePublished\":\"2025-12-30T00:00:00+00:00\",\"dateModified\":\"2025-12-29T22:40:34+00:00\",\"mainEntityOfPage\":{\"@id\":\"https:\/\/nitu.mx\/index.php\/2025\/12\/29\/sectur-preve-un-2026-historico-para-el-turismo-en-mexico-por-eventos-internacionales\/\"},\"wordCount\":934,\"publisher\":{\"@id\":\"https:\/\/nitu.mx\/#\/schema\/person\/ae7a53426417292d3dd07b45a33e01bc\"},\"image\":{\"@id\":\"https:\/\/nitu.mx\/index.php\/2025\/12\/29\/sectur-preve-un-2026-historico-para-el-turismo-en-mexico-por-eventos-internacionales\/#primaryimage\"},\"thumbnailUrl\":\"https:\/\/nitu.mx\/wp-content\/uploads\/2025\/12\/Mexico-pabellon-feria.jpg\",\"keywords\":[\"FITUR\",\"ITB Americas\",\"Josefina Rodr\u00edguez\",\"Mundial de Futbol\",\"Sectur\",\"Tianguis Tur\u00edstico\"],\"articleSection\":[\"Destinos\"],\"inLanguage\":\"es-MX\"},{\"@type\":\"WebPage\",\"@id\":\"https:\/\/nitu.mx\/index.php\/2025\/12\/29\/sectur-preve-un-2026-historico-para-el-turismo-en-mexico-por-eventos-internacionales\/\",\"url\":\"https:\/\/nitu.mx\/index.php\/2025\/12\/29\/sectur-preve-un-2026-historico-para-el-turismo-en-mexico-por-eventos-internacionales\/\",\"name\":\"Sectur prev\u00e9 un 2026 hist\u00f3rico para el turismo en M\u00e9xico por eventos internacionales - Nitu - Noticias de la Industria Turistica\",\"isPartOf\":{\"@id\":\"https:\/\/nitu.mx\/#website\"},\"primaryImageOfPage\":{\"@id\":\"https:\/\/nitu.mx\/index.php\/2025\/12\/29\/sectur-preve-un-2026-historico-para-el-turismo-en-mexico-por-eventos-internacionales\/#primaryimage\"},\"image\":{\"@id\":\"https:\/\/nitu.mx\/index.php\/2025\/12\/29\/sectur-preve-un-2026-historico-para-el-turismo-en-mexico-por-eventos-internacionales\/#primaryimage\"},\"thumbnailUrl\":\"https:\/\/nitu.mx\/wp-content\/uploads\/2025\/12\/Mexico-pabellon-feria.jpg\",\"datePublished\":\"2025-12-30T00:00:00+00:00\",\"dateModified\":\"2025-12-29T22:40:34+00:00\",\"breadcrumb\":{\"@id\":\"https:\/\/nitu.mx\/index.php\/2025\/12\/29\/sectur-preve-un-2026-historico-para-el-turismo-en-mexico-por-eventos-internacionales\/#breadcrumb\"},\"inLanguage\":\"es-MX\",\"potentialAction\":[{\"@type\":\"ReadAction\",\"target\":[\"https:\/\/nitu.mx\/index.php\/2025\/12\/29\/sectur-preve-un-2026-historico-para-el-turismo-en-mexico-por-eventos-internacionales\/\"]}]},{\"@type\":\"ImageObject\",\"inLanguage\":\"es-MX\",\"@id\":\"https:\/\/nitu.mx\/index.php\/2025\/12\/29\/sectur-preve-un-2026-historico-para-el-turismo-en-mexico-por-eventos-internacionales\/#primaryimage\",\"url\":\"https:\/\/nitu.mx\/wp-content\/uploads\/2025\/12\/Mexico-pabellon-feria.jpg\",\"contentUrl\":\"https:\/\/nitu.mx\/wp-content\/uploads\/2025\/12\/Mexico-pabellon-feria.jpg\",\"width\":1200,\"height\":675,\"caption\":\"M\u00e9xico pabell\u00f3n feria\"},{\"@type\":\"BreadcrumbList\",\"@id\":\"https:\/\/nitu.mx\/index.php\/2025\/12\/29\/sectur-preve-un-2026-historico-para-el-turismo-en-mexico-por-eventos-internacionales\/#breadcrumb\",\"itemListElement\":[{\"@type\":\"ListItem\",\"position\":1,\"name\":\"Inicio\",\"item\":\"https:\/\/nitu.mx\/\"},{\"@type\":\"ListItem\",\"position\":2,\"name\":\"Sectur prev\u00e9 un 2026 hist\u00f3rico para el turismo en M\u00e9xico por eventos internacionales\"}]},{\"@type\":\"WebSite\",\"@id\":\"https:\/\/nitu.mx\/#website\",\"url\":\"https:\/\/nitu.mx\/\",\"name\":\"Nitu - Noticias de la Industria Turistica\",\"description\":\"Noticias de la Industria Turistica\",\"publisher\":{\"@id\":\"https:\/\/nitu.mx\/#\/schema\/person\/ae7a53426417292d3dd07b45a33e01bc\"},\"alternateName\":\"Noticias de la Industria Turistica\",\"potentialAction\":[{\"@type\":\"SearchAction\",\"target\":{\"@type\":\"EntryPoint\",\"urlTemplate\":\"https:\/\/nitu.mx\/?s={search_term_string}\"},\"query-input\":\"required name=search_term_string\"}],\"inLanguage\":\"es-MX\"},{\"@type\":[\"Person\",\"Organization\"],\"@id\":\"https:\/\/nitu.mx\/#\/schema\/person\/ae7a53426417292d3dd07b45a33e01bc\",\"name\":\"Arturo Medina\",\"image\":{\"@type\":\"ImageObject\",\"inLanguage\":\"es-MX\",\"@id\":\"https:\/\/nitu.mx\/#\/schema\/person\/image\/\",\"url\":\"https:\/\/nitu.mx\/wp-content\/uploads\/2024\/04\/4A315622-1904-4D5C-B022-878CDC840E04-90x90-1.jpeg\",\"contentUrl\":\"https:\/\/nitu.mx\/wp-content\/uploads\/2024\/04\/4A315622-1904-4D5C-B022-878CDC840E04-90x90-1.jpeg\",\"width\":90,\"height\":90,\"caption\":\"Arturo Medina\"},\"logo\":{\"@id\":\"https:\/\/nitu.mx\/#\/schema\/person\/image\/\"},\"description\":\"Director NITU.mx, Egresado de la Escuela de Periodismo Carlos Septi\u00e9n Garc\u00eda. Periodista y analista especializado en turismo desde hace 35 a\u00f1os, radicado en Canc\u00fan Q.Roo. arturo@nitu.mx\",\"sameAs\":[\"https:\/\/nitu.mx\",\"https:\/\/www.facebook.com\/NITUmx\/\",\"medinacancun\",\"https:\/\/twitter.com\/@Arturo_Medina_G\"]},{\"@type\":\"Person\",\"@id\":\"https:\/\/nitu.mx\/#\/schema\/person\/4a28fe9bd65924f7c90623773daf1b0b\",\"name\":\"Redacci\u00f3n\",\"image\":{\"@type\":\"ImageObject\",\"inLanguage\":\"es-MX\",\"@id\":\"https:\/\/nitu.mx\/#\/schema\/person\/image\/\",\"url\":\"https:\/\/secure.gravatar.com\/avatar\/5dd011c8ccfc5cd7e4c81e42252aab38?s=96&d=mm&r=g\",\"contentUrl\":\"https:\/\/secure.gravatar.com\/avatar\/5dd011c8ccfc5cd7e4c81e42252aab38?s=96&d=mm&r=g\",\"caption\":\"Redacci\u00f3n\"},\"url\":\"https:\/\/nitu.mx\/index.php\/author\/redaccion\/\"}]}<\/script>\n<!-- \/ Yoast SEO plugin. -->","yoast_head_json":{"title":"Sectur prev\u00e9 un 2026 hist\u00f3rico para el turismo en M\u00e9xico por eventos internacionales - Nitu - Noticias de la Industria Turistica","robots":{"index":"index","follow":"follow","max-snippet":"max-snippet:-1","max-image-preview":"max-image-preview:large","max-video-preview":"max-video-preview:-1"},"canonical":"https:\/\/nitu.mx\/index.php\/2025\/12\/29\/sectur-preve-un-2026-historico-para-el-turismo-en-mexico-por-eventos-internacionales\/","twitter_card":"summary_large_image","twitter_title":"Sectur prev\u00e9 un 2026 hist\u00f3rico para el turismo en M\u00e9xico por eventos internacionales - Nitu - Noticias de la Industria Turistica","twitter_description":"La secretaria de Turismo federal, Josefina Rodr\u00edguez Zamora, resalt\u00f3 que, al cierre de este a\u00f1o, M\u00e9xico se prepara para vivir un 2026 sin precedentes para el turismo, con una agenda internacional robusta, eventos de alto impacto y una visi\u00f3n clara de que el turismo es un motor estrat\u00e9gico para el desarrollo, el bienestar y la [&hellip;]","twitter_image":"https:\/\/nitu.mx\/wp-content\/uploads\/2025\/12\/Mexico-pabellon-feria.jpg","twitter_creator":"@NITUmx","twitter_site":"@Arturo_Medina_G","twitter_misc":{"Escrito por":"Redacci\u00f3n","Tiempo de lectura":"5 minutos"},"schema":{"@context":"https:\/\/schema.org","@graph":[{"@type":"Article","@id":"https:\/\/nitu.mx\/index.php\/2025\/12\/29\/sectur-preve-un-2026-historico-para-el-turismo-en-mexico-por-eventos-internacionales\/#article","isPartOf":{"@id":"https:\/\/nitu.mx\/index.php\/2025\/12\/29\/sectur-preve-un-2026-historico-para-el-turismo-en-mexico-por-eventos-internacionales\/"},"author":{"name":"Redacci\u00f3n","@id":"https:\/\/nitu.mx\/#\/schema\/person\/4a28fe9bd65924f7c90623773daf1b0b"},"headline":"Sectur prev\u00e9 un 2026 hist\u00f3rico para el turismo en M\u00e9xico por eventos internacionales","datePublished":"2025-12-30T00:00:00+00:00","dateModified":"2025-12-29T22:40:34+00:00","mainEntityOfPage":{"@id":"https:\/\/nitu.mx\/index.php\/2025\/12\/29\/sectur-preve-un-2026-historico-para-el-turismo-en-mexico-por-eventos-internacionales\/"},"wordCount":934,"publisher":{"@id":"https:\/\/nitu.mx\/#\/schema\/person\/ae7a53426417292d3dd07b45a33e01bc"},"image":{"@id":"https:\/\/nitu.mx\/index.php\/2025\/12\/29\/sectur-preve-un-2026-historico-para-el-turismo-en-mexico-por-eventos-internacionales\/#primaryimage"},"thumbnailUrl":"https:\/\/nitu.mx\/wp-content\/uploads\/2025\/12\/Mexico-pabellon-feria.jpg","keywords":["FITUR","ITB Americas","Josefina Rodr\u00edguez","Mundial de Futbol","Sectur","Tianguis Tur\u00edstico"],"articleSection":["Destinos"],"inLanguage":"es-MX"},{"@type":"WebPage","@id":"https:\/\/nitu.mx\/index.php\/2025\/12\/29\/sectur-preve-un-2026-historico-para-el-turismo-en-mexico-por-eventos-internacionales\/","url":"https:\/\/nitu.mx\/index.php\/2025\/12\/29\/sectur-preve-un-2026-historico-para-el-turismo-en-mexico-por-eventos-internacionales\/","name":"Sectur prev\u00e9 un 2026 hist\u00f3rico para el turismo en M\u00e9xico por eventos internacionales - Nitu - Noticias de la Industria Turistica","isPartOf":{"@id":"https:\/\/nitu.mx\/#website"},"primaryImageOfPage":{"@id":"https:\/\/nitu.mx\/index.php\/2025\/12\/29\/sectur-preve-un-2026-historico-para-el-turismo-en-mexico-por-eventos-internacionales\/#primaryimage"},"image":{"@id":"https:\/\/nitu.mx\/index.php\/2025\/12\/29\/sectur-preve-un-2026-historico-para-el-turismo-en-mexico-por-eventos-internacionales\/#primaryimage"},"thumbnailUrl":"https:\/\/nitu.mx\/wp-content\/uploads\/2025\/12\/Mexico-pabellon-feria.jpg","datePublished":"2025-12-30T00:00:00+00:00","dateModified":"2025-12-29T22:40:34+00:00","breadcrumb":{"@id":"https:\/\/nitu.mx\/index.php\/2025\/12\/29\/sectur-preve-un-2026-historico-para-el-turismo-en-mexico-por-eventos-internacionales\/#breadcrumb"},"inLanguage":"es-MX","potentialAction":[{"@type":"ReadAction","target":["https:\/\/nitu.mx\/index.php\/2025\/12\/29\/sectur-preve-un-2026-historico-para-el-turismo-en-mexico-por-eventos-internacionales\/"]}]},{"@type":"ImageObject","inLanguage":"es-MX","@id":"https:\/\/nitu.mx\/index.php\/2025\/12\/29\/sectur-preve-un-2026-historico-para-el-turismo-en-mexico-por-eventos-internacionales\/#primaryimage","url":"https:\/\/nitu.mx\/wp-content\/uploads\/2025\/12\/Mexico-pabellon-feria.jpg","contentUrl":"https:\/\/nitu.mx\/wp-content\/uploads\/2025\/12\/Mexico-pabellon-feria.jpg","width":1200,"height":675,"caption":"M\u00e9xico pabell\u00f3n feria"},{"@type":"BreadcrumbList","@id":"https:\/\/nitu.mx\/index.php\/2025\/12\/29\/sectur-preve-un-2026-historico-para-el-turismo-en-mexico-por-eventos-internacionales\/#breadcrumb","itemListElement":[{"@type":"ListItem","position":1,"name":"Inicio","item":"https:\/\/nitu.mx\/"},{"@type":"ListItem","position":2,"name":"Sectur prev\u00e9 un 2026 hist\u00f3rico para el turismo en M\u00e9xico por eventos internacionales"}]},{"@type":"WebSite","@id":"https:\/\/nitu.mx\/#website","url":"https:\/\/nitu.mx\/","name":"Nitu - Noticias de la Industria Turistica","description":"Noticias de la Industria Turistica","publisher":{"@id":"https:\/\/nitu.mx\/#\/schema\/person\/ae7a53426417292d3dd07b45a33e01bc"},"alternateName":"Noticias de la Industria Turistica","potentialAction":[{"@type":"SearchAction","target":{"@type":"EntryPoint","urlTemplate":"https:\/\/nitu.mx\/?s={search_term_string}"},"query-input":"required name=search_term_string"}],"inLanguage":"es-MX"},{"@type":["Person","Organization"],"@id":"https:\/\/nitu.mx\/#\/schema\/person\/ae7a53426417292d3dd07b45a33e01bc","name":"Arturo Medina","image":{"@type":"ImageObject","inLanguage":"es-MX","@id":"https:\/\/nitu.mx\/#\/schema\/person\/image\/","url":"https:\/\/nitu.mx\/wp-content\/uploads\/2024\/04\/4A315622-1904-4D5C-B022-878CDC840E04-90x90-1.jpeg","contentUrl":"https:\/\/nitu.mx\/wp-content\/uploads\/2024\/04\/4A315622-1904-4D5C-B022-878CDC840E04-90x90-1.jpeg","width":90,"height":90,"caption":"Arturo Medina"},"logo":{"@id":"https:\/\/nitu.mx\/#\/schema\/person\/image\/"},"description":"Director NITU.mx, Egresado de la Escuela de Periodismo Carlos Septi\u00e9n Garc\u00eda. Periodista y analista especializado en turismo desde hace 35 a\u00f1os, radicado en Canc\u00fan Q.Roo. arturo@nitu.mx","sameAs":["https:\/\/nitu.mx","https:\/\/www.facebook.com\/NITUmx\/","medinacancun","https:\/\/twitter.com\/@Arturo_Medina_G"]},{"@type":"Person","@id":"https:\/\/nitu.mx\/#\/schema\/person\/4a28fe9bd65924f7c90623773daf1b0b","name":"Redacci\u00f3n","image":{"@type":"ImageObject","inLanguage":"es-MX","@id":"https:\/\/nitu.mx\/#\/schema\/person\/image\/","url":"https:\/\/secure.gravatar.com\/avatar\/5dd011c8ccfc5cd7e4c81e42252aab38?s=96&d=mm&r=g","contentUrl":"https:\/\/secure.gravatar.com\/avatar\/5dd011c8ccfc5cd7e4c81e42252aab38?s=96&d=mm&r=g","caption":"Redacci\u00f3n"},"url":"https:\/\/nitu.mx\/index.php\/author\/redaccion\/"}]}},"views":864,"_links":{"self":[{"href":"https:\/\/nitu.mx\/index.php\/wp-json\/wp\/v2\/posts\/85377"}],"collection":[{"href":"https:\/\/nitu.mx\/index.php\/wp-json\/wp\/v2\/posts"}],"about":[{"href":"https:\/\/nitu.mx\/index.php\/wp-json\/wp\/v2\/types\/post"}],"author":[{"embeddable":true,"href":"https:\/\/nitu.mx\/index.php\/wp-json\/wp\/v2\/users\/17"}],"replies":[{"embeddable":true,"href":"https:\/\/nitu.mx\/index.php\/wp-json\/wp\/v2\/comments?post=85377"}],"version-history":[{"count":1,"href":"https:\/\/nitu.mx\/index.php\/wp-json\/wp\/v2\/posts\/85377\/revisions"}],"predecessor-version":[{"id":85380,"href":"https:\/\/nitu.mx\/index.php\/wp-json\/wp\/v2\/posts\/85377\/revisions\/85380"}],"wp:featuredmedia":[{"embeddable":true,"href":"https:\/\/nitu.mx\/index.php\/wp-json\/wp\/v2\/media\/85379"}],"wp:attachment":[{"href":"https:\/\/nitu.mx\/index.php\/wp-json\/wp\/v2\/media?parent=85377"}],"wp:term":[{"taxonomy":"category","embeddable":true,"href":"https:\/\/nitu.mx\/index.php\/wp-json\/wp\/v2\/categories?post=85377"},{"taxonomy":"post_tag","embeddable":true,"href":"https:\/\/nitu.mx\/index.php\/wp-json\/wp\/v2\/tags?post=85377"}],"curies":[{"name":"wp","href":"https:\/\/api.w.org\/{rel}","templated":true}]}}