{"id":85373,"date":"2025-12-29T16:34:10","date_gmt":"2025-12-29T22:34:10","guid":{"rendered":"https:\/\/nitu.mx\/?p=85373"},"modified":"2025-12-29T16:34:11","modified_gmt":"2025-12-29T22:34:11","slug":"jalisco-cierra-2025-con-28-nuevas-rutas-aereas","status":"publish","type":"post","link":"https:\/\/nitu.mx\/index.php\/2025\/12\/29\/jalisco-cierra-2025-con-28-nuevas-rutas-aereas\/","title":{"rendered":"Jalisco cierra 2025 con 28 nuevas rutas a\u00e9reas"},"content":{"rendered":"\n<p>Con la apertura de 28 nuevas rutas a\u00e9reas durante 2025, Jalisco se consolid\u00f3 como uno de los estados m\u00e1s conectados de M\u00e9xico y reforz\u00f3 su liderazgo tur\u00edstico y econ\u00f3mico, con la ampliaci\u00f3n del alcance hacia destinos nacionales e internacionales estrat\u00e9gicos, fortaleciendo la conectividad de Guadalajara y Puerto Vallarta.<\/p>\n\n\n\n<p>Las nuevas rutas incluyen conexiones desde ciudades clave de Estados Unidos como Oakland, Dallas\/Fort Worth, Las Vegas, San Antonio, San Diego, St. Louis, Denver, Miami, Orlando y Atlanta, as\u00ed como desde Canad\u00e1 con vuelos desde Toronto, Montreal, Calgary, Ottawa y Hamilton.<\/p>\n\n\n\n<p>Tambi\u00e9n se suman rutas nacionales desde Mexicali, Ciudad Obreg\u00f3n, Puerto Escondido, Torre\u00f3n, Durango, Zihuatanejo, Puebla, Villahermosa y Morelia, junto con la apertura de un vuelo internacional desde Bogot\u00e1 y la conexi\u00f3n con Nueva York (Newark).<\/p>\n\n\n\n<p>Entre las aerol\u00edneas que participan en este esfuerzo destacan Viva Aerobus, Volaris, Aerom\u00e9xico, Air Canada, Air Transat, West Jet, Porter Airlines, South West y Frontier Airlines, quienes conf\u00edan en Jalisco como un destino estrat\u00e9gico para ampliar su red de operaciones.<\/p>\n\n\n\n<p>Las nuevas rutas son resultado del trabajo realizado por el Gobierno del Estado, a trav\u00e9s de la Secretar\u00eda de Turismo, encabezada por Michelle Fridman Hirsch, lo que refleja el compromiso por impulsar la competitividad del estado, atraer m\u00e1s visitantes y facilitar la movilidad de los jaliscienses hacia destinos clave.<\/p>\n\n\n\n<p>La apertura de estas rutas fortalece el turismo y genera oportunidades de inversi\u00f3n y desarrollo econ\u00f3mico, para mantener a Jalisco como un referente nacional e internacional en conectividad a\u00e9rea. <a href=\"https:\/\/nitu.mx\/index.php\/2025\/11\/27\/elige-messe-berlin-a-guadalajara-como-sede-de-su-oficina-para-las-americas-y-anuncian-que-jalisco-sera-sede-de-itb-americas-en-2026\/\">(Elige Messe Berlin a Guadalajara como sede de su oficina para Las Am\u00e9ricas y anuncian que Jalisco ser\u00e1 sede de ITB Americas en 2026<\/a>).<\/p>\n\n\n\n<h2 class=\"wp-block-heading\">Nuevas rutas a\u00e9reas en Jalisco 2025<\/h2>\n\n\n\n<p>Las nuevas rutas a\u00e9reas y aerol\u00edneas son las siguientes:<\/p>\n\n\n\n<p>1. &nbsp;Oakland \u2013 Guadalajara<\/p>\n\n\n\n<p>Viva Aerobus<\/p>\n\n\n\n<p>2. &nbsp;Dallas\/Fort Worth \u2013 Guadalajara<\/p>\n\n\n\n<p>Viva Aerobus<\/p>\n\n\n\n<p>3. &nbsp;Las Vegas &#8211; Guadalajara<\/p>\n\n\n\n<p>Viva Aerobus<\/p>\n\n\n\n<p>4. &nbsp;San Antonio &#8211; Guadalajara<\/p>\n\n\n\n<p>Viva Aerobus<\/p>\n\n\n\n<p>5. &nbsp;Mexicali &#8211; Guadalajara<\/p>\n\n\n\n<p>Viva Aerobus<\/p>\n\n\n\n<p>6. &nbsp;Ciudad Obreg\u00f3n &#8211; Guadalajara<\/p>\n\n\n\n<p>Viva Aerobus<\/p>\n\n\n\n<p>7. &nbsp;Puerto Escondido &#8211; Guadalajara<\/p>\n\n\n\n<p>Viva Aerobus<\/p>\n\n\n\n<p>8. &nbsp;Torre\u00f3n &#8211; Guadalajara<\/p>\n\n\n\n<p>Viva Aerobus<\/p>\n\n\n\n<p>9. &nbsp;Toronto &#8211; Guadalajara<\/p>\n\n\n\n<p>Air Canada<\/p>\n\n\n\n<p>10. &nbsp;Montreal &#8211; Guadalajara<\/p>\n\n\n\n<p>Air Transat<\/p>\n\n\n\n<p>11. &nbsp;Calgary &#8211; Guadalajara<\/p>\n\n\n\n<p>West Jet<\/p>\n\n\n\n<p>12. &nbsp;Toronto &#8211; Puerto Vallarta<\/p>\n\n\n\n<p>Porter Airlines<\/p>\n\n\n\n<p>13. &nbsp;Ottawa &#8211; Puerto Vallarta<\/p>\n\n\n\n<p>Porter Airlines<\/p>\n\n\n\n<p>14. &nbsp;Hamilton &#8211; Puerto Vallarta<\/p>\n\n\n\n<p>Porter Airlines<\/p>\n\n\n\n<p>15. &nbsp;San Diego &#8211; Puerto Vallarta<\/p>\n\n\n\n<p>South West<\/p>\n\n\n\n<p>16. &nbsp;St. Louis Missouri &#8211; Puerto Vallarta<\/p>\n\n\n\n<p>South West<\/p>\n\n\n\n<p>17. &nbsp;Durango &#8211; Guadalajara<\/p>\n\n\n\n<p>Volaris<\/p>\n\n\n\n<p>18. &nbsp;Zihuatanejo &#8211; Guadalajara<\/p>\n\n\n\n<p>Volaris<\/p>\n\n\n\n<p>19. &nbsp;Puebla &#8211; Guadalajara<\/p>\n\n\n\n<p>Volaris<\/p>\n\n\n\n<p>20. &nbsp;Villahermosa &#8211; Guadalajara<\/p>\n\n\n\n<p>Volaris<\/p>\n\n\n\n<p>21. &nbsp;Bogot\u00e1 &#8211; Guadalajara<\/p>\n\n\n\n<p>Volaris<\/p>\n\n\n\n<p>22. &nbsp;Morelia &#8211; Puerto Vallarta<\/p>\n\n\n\n<p>Volaris<\/p>\n\n\n\n<p>23. &nbsp;Nueva York (Newark) &#8211; Guadalajara<\/p>\n\n\n\n<p>Volaris<\/p>\n\n\n\n<p>24. &nbsp;Denver &#8211; Guadalajara<\/p>\n\n\n\n<p>Aerom\u00e9xico<\/p>\n\n\n\n<p>25. &nbsp;Miami &#8211; Guadalajara<\/p>\n\n\n\n<p>Aerom\u00e9xico<\/p>\n\n\n\n<p>26. &nbsp;Las Vegas &#8211; Guadalajara<\/p>\n\n\n\n<p>Aerom\u00e9xico<\/p>\n\n\n\n<p>27. &nbsp;Orlando _ Guadalajara<\/p>\n\n\n\n<p>Aerom\u00e9xico<\/p>\n\n\n\n<p>28. &nbsp;Atlanta &#8211; Puerto Vallarta<\/p>\n\n\n\n<p>Frontier Airlines<\/p>\n","protected":false},"excerpt":{"rendered":"<p>Con la apertura de 28 nuevas rutas a\u00e9reas durante 2025, Jalisco se consolid\u00f3 como uno de los estados m\u00e1s conectados de M\u00e9xico y reforz\u00f3 su liderazgo tur\u00edstico y econ\u00f3mico, con la ampliaci\u00f3n del alcance hacia destinos nacionales e internacionales estrat\u00e9gicos, fortaleciendo la conectividad de Guadalajara y Puerto Vallarta. Las nuevas rutas incluyen conexiones desde ciudades [&hellip;]<\/p>\n","protected":false},"author":17,"featured_media":85376,"comment_status":"closed","ping_status":"closed","sticky":false,"template":"","format":"standard","meta":{"footnotes":""},"categories":[29],"tags":[3953,1754,12599,93],"yoast_head":"<!-- This site is optimized with the Yoast SEO plugin v22.2 - https:\/\/yoast.com\/wordpress\/plugins\/seo\/ -->\n<title>Jalisco cierra 2025 con 28 nuevas rutas a\u00e9reas - Nitu - Noticias de la Industria Turistica<\/title>\n<meta name=\"robots\" content=\"index, follow, max-snippet:-1, max-image-preview:large, max-video-preview:-1\" \/>\n<link rel=\"canonical\" href=\"https:\/\/nitu.mx\/index.php\/2025\/12\/29\/jalisco-cierra-2025-con-28-nuevas-rutas-aereas\/\" \/>\n<meta name=\"twitter:card\" content=\"summary_large_image\" \/>\n<meta name=\"twitter:title\" content=\"Jalisco cierra 2025 con 28 nuevas rutas a\u00e9reas - Nitu - Noticias de la Industria Turistica\" \/>\n<meta name=\"twitter:description\" content=\"Con la apertura de 28 nuevas rutas a\u00e9reas durante 2025, Jalisco se consolid\u00f3 como uno de los estados m\u00e1s conectados de M\u00e9xico y reforz\u00f3 su liderazgo tur\u00edstico y econ\u00f3mico, con la ampliaci\u00f3n del alcance hacia destinos nacionales e internacionales estrat\u00e9gicos, fortaleciendo la conectividad de Guadalajara y Puerto Vallarta. Las nuevas rutas incluyen conexiones desde ciudades [&hellip;]\" \/>\n<meta name=\"twitter:image\" content=\"https:\/\/nitu.mx\/wp-content\/uploads\/2025\/12\/Jalisco-nuevas-rutas-aeras-2025.jpg\" \/>\n<meta name=\"twitter:creator\" content=\"@NITUmx\" \/>\n<meta name=\"twitter:site\" content=\"@Arturo_Medina_G\" \/>\n<meta name=\"twitter:label1\" content=\"Escrito por\" \/>\n\t<meta name=\"twitter:data1\" content=\"Redacci\u00f3n\" \/>\n\t<meta name=\"twitter:label2\" content=\"Tiempo de lectura\" \/>\n\t<meta name=\"twitter:data2\" content=\"2 minutos\" \/>\n<script type=\"application\/ld+json\" class=\"yoast-schema-graph\">{\"@context\":\"https:\/\/schema.org\",\"@graph\":[{\"@type\":\"Article\",\"@id\":\"https:\/\/nitu.mx\/index.php\/2025\/12\/29\/jalisco-cierra-2025-con-28-nuevas-rutas-aereas\/#article\",\"isPartOf\":{\"@id\":\"https:\/\/nitu.mx\/index.php\/2025\/12\/29\/jalisco-cierra-2025-con-28-nuevas-rutas-aereas\/\"},\"author\":{\"name\":\"Redacci\u00f3n\",\"@id\":\"https:\/\/nitu.mx\/#\/schema\/person\/4a28fe9bd65924f7c90623773daf1b0b\"},\"headline\":\"Jalisco cierra 2025 con 28 nuevas rutas a\u00e9reas\",\"datePublished\":\"2025-12-29T22:34:10+00:00\",\"dateModified\":\"2025-12-29T22:34:11+00:00\",\"mainEntityOfPage\":{\"@id\":\"https:\/\/nitu.mx\/index.php\/2025\/12\/29\/jalisco-cierra-2025-con-28-nuevas-rutas-aereas\/\"},\"wordCount\":489,\"publisher\":{\"@id\":\"https:\/\/nitu.mx\/#\/schema\/person\/ae7a53426417292d3dd07b45a33e01bc\"},\"image\":{\"@id\":\"https:\/\/nitu.mx\/index.php\/2025\/12\/29\/jalisco-cierra-2025-con-28-nuevas-rutas-aereas\/#primaryimage\"},\"thumbnailUrl\":\"https:\/\/nitu.mx\/wp-content\/uploads\/2025\/12\/Jalisco-nuevas-rutas-aeras-2025.jpg\",\"keywords\":[\"conectividad\",\"Jalisco\",\"Michelle Fridman\",\"Sectur\"],\"articleSection\":[\"Aerol\u00edneas\"],\"inLanguage\":\"es-MX\"},{\"@type\":\"WebPage\",\"@id\":\"https:\/\/nitu.mx\/index.php\/2025\/12\/29\/jalisco-cierra-2025-con-28-nuevas-rutas-aereas\/\",\"url\":\"https:\/\/nitu.mx\/index.php\/2025\/12\/29\/jalisco-cierra-2025-con-28-nuevas-rutas-aereas\/\",\"name\":\"Jalisco cierra 2025 con 28 nuevas rutas a\u00e9reas - Nitu - Noticias de la Industria Turistica\",\"isPartOf\":{\"@id\":\"https:\/\/nitu.mx\/#website\"},\"primaryImageOfPage\":{\"@id\":\"https:\/\/nitu.mx\/index.php\/2025\/12\/29\/jalisco-cierra-2025-con-28-nuevas-rutas-aereas\/#primaryimage\"},\"image\":{\"@id\":\"https:\/\/nitu.mx\/index.php\/2025\/12\/29\/jalisco-cierra-2025-con-28-nuevas-rutas-aereas\/#primaryimage\"},\"thumbnailUrl\":\"https:\/\/nitu.mx\/wp-content\/uploads\/2025\/12\/Jalisco-nuevas-rutas-aeras-2025.jpg\",\"datePublished\":\"2025-12-29T22:34:10+00:00\",\"dateModified\":\"2025-12-29T22:34:11+00:00\",\"breadcrumb\":{\"@id\":\"https:\/\/nitu.mx\/index.php\/2025\/12\/29\/jalisco-cierra-2025-con-28-nuevas-rutas-aereas\/#breadcrumb\"},\"inLanguage\":\"es-MX\",\"potentialAction\":[{\"@type\":\"ReadAction\",\"target\":[\"https:\/\/nitu.mx\/index.php\/2025\/12\/29\/jalisco-cierra-2025-con-28-nuevas-rutas-aereas\/\"]}]},{\"@type\":\"ImageObject\",\"inLanguage\":\"es-MX\",\"@id\":\"https:\/\/nitu.mx\/index.php\/2025\/12\/29\/jalisco-cierra-2025-con-28-nuevas-rutas-aereas\/#primaryimage\",\"url\":\"https:\/\/nitu.mx\/wp-content\/uploads\/2025\/12\/Jalisco-nuevas-rutas-aeras-2025.jpg\",\"contentUrl\":\"https:\/\/nitu.mx\/wp-content\/uploads\/2025\/12\/Jalisco-nuevas-rutas-aeras-2025.jpg\",\"width\":1200,\"height\":675,\"caption\":\"Jalisco nuevas rutas a\u00e9reas 2025\"},{\"@type\":\"BreadcrumbList\",\"@id\":\"https:\/\/nitu.mx\/index.php\/2025\/12\/29\/jalisco-cierra-2025-con-28-nuevas-rutas-aereas\/#breadcrumb\",\"itemListElement\":[{\"@type\":\"ListItem\",\"position\":1,\"name\":\"Inicio\",\"item\":\"https:\/\/nitu.mx\/\"},{\"@type\":\"ListItem\",\"position\":2,\"name\":\"Jalisco cierra 2025 con 28 nuevas rutas a\u00e9reas\"}]},{\"@type\":\"WebSite\",\"@id\":\"https:\/\/nitu.mx\/#website\",\"url\":\"https:\/\/nitu.mx\/\",\"name\":\"Nitu - Noticias de la Industria Turistica\",\"description\":\"Noticias de la Industria Turistica\",\"publisher\":{\"@id\":\"https:\/\/nitu.mx\/#\/schema\/person\/ae7a53426417292d3dd07b45a33e01bc\"},\"alternateName\":\"Noticias de la Industria Turistica\",\"potentialAction\":[{\"@type\":\"SearchAction\",\"target\":{\"@type\":\"EntryPoint\",\"urlTemplate\":\"https:\/\/nitu.mx\/?s={search_term_string}\"},\"query-input\":\"required name=search_term_string\"}],\"inLanguage\":\"es-MX\"},{\"@type\":[\"Person\",\"Organization\"],\"@id\":\"https:\/\/nitu.mx\/#\/schema\/person\/ae7a53426417292d3dd07b45a33e01bc\",\"name\":\"Arturo Medina\",\"image\":{\"@type\":\"ImageObject\",\"inLanguage\":\"es-MX\",\"@id\":\"https:\/\/nitu.mx\/#\/schema\/person\/image\/\",\"url\":\"https:\/\/nitu.mx\/wp-content\/uploads\/2024\/04\/4A315622-1904-4D5C-B022-878CDC840E04-90x90-1.jpeg\",\"contentUrl\":\"https:\/\/nitu.mx\/wp-content\/uploads\/2024\/04\/4A315622-1904-4D5C-B022-878CDC840E04-90x90-1.jpeg\",\"width\":90,\"height\":90,\"caption\":\"Arturo Medina\"},\"logo\":{\"@id\":\"https:\/\/nitu.mx\/#\/schema\/person\/image\/\"},\"description\":\"Director NITU.mx, Egresado de la Escuela de Periodismo Carlos Septi\u00e9n Garc\u00eda. Periodista y analista especializado en turismo desde hace 35 a\u00f1os, radicado en Canc\u00fan Q.Roo. arturo@nitu.mx\",\"sameAs\":[\"https:\/\/nitu.mx\",\"https:\/\/www.facebook.com\/NITUmx\/\",\"medinacancun\",\"https:\/\/twitter.com\/@Arturo_Medina_G\"]},{\"@type\":\"Person\",\"@id\":\"https:\/\/nitu.mx\/#\/schema\/person\/4a28fe9bd65924f7c90623773daf1b0b\",\"name\":\"Redacci\u00f3n\",\"image\":{\"@type\":\"ImageObject\",\"inLanguage\":\"es-MX\",\"@id\":\"https:\/\/nitu.mx\/#\/schema\/person\/image\/\",\"url\":\"https:\/\/secure.gravatar.com\/avatar\/5dd011c8ccfc5cd7e4c81e42252aab38?s=96&d=mm&r=g\",\"contentUrl\":\"https:\/\/secure.gravatar.com\/avatar\/5dd011c8ccfc5cd7e4c81e42252aab38?s=96&d=mm&r=g\",\"caption\":\"Redacci\u00f3n\"},\"url\":\"https:\/\/nitu.mx\/index.php\/author\/redaccion\/\"}]}<\/script>\n<!-- \/ Yoast SEO plugin. -->","yoast_head_json":{"title":"Jalisco cierra 2025 con 28 nuevas rutas a\u00e9reas - Nitu - Noticias de la Industria Turistica","robots":{"index":"index","follow":"follow","max-snippet":"max-snippet:-1","max-image-preview":"max-image-preview:large","max-video-preview":"max-video-preview:-1"},"canonical":"https:\/\/nitu.mx\/index.php\/2025\/12\/29\/jalisco-cierra-2025-con-28-nuevas-rutas-aereas\/","twitter_card":"summary_large_image","twitter_title":"Jalisco cierra 2025 con 28 nuevas rutas a\u00e9reas - Nitu - Noticias de la Industria Turistica","twitter_description":"Con la apertura de 28 nuevas rutas a\u00e9reas durante 2025, Jalisco se consolid\u00f3 como uno de los estados m\u00e1s conectados de M\u00e9xico y reforz\u00f3 su liderazgo tur\u00edstico y econ\u00f3mico, con la ampliaci\u00f3n del alcance hacia destinos nacionales e internacionales estrat\u00e9gicos, fortaleciendo la conectividad de Guadalajara y Puerto Vallarta. Las nuevas rutas incluyen conexiones desde ciudades [&hellip;]","twitter_image":"https:\/\/nitu.mx\/wp-content\/uploads\/2025\/12\/Jalisco-nuevas-rutas-aeras-2025.jpg","twitter_creator":"@NITUmx","twitter_site":"@Arturo_Medina_G","twitter_misc":{"Escrito por":"Redacci\u00f3n","Tiempo de lectura":"2 minutos"},"schema":{"@context":"https:\/\/schema.org","@graph":[{"@type":"Article","@id":"https:\/\/nitu.mx\/index.php\/2025\/12\/29\/jalisco-cierra-2025-con-28-nuevas-rutas-aereas\/#article","isPartOf":{"@id":"https:\/\/nitu.mx\/index.php\/2025\/12\/29\/jalisco-cierra-2025-con-28-nuevas-rutas-aereas\/"},"author":{"name":"Redacci\u00f3n","@id":"https:\/\/nitu.mx\/#\/schema\/person\/4a28fe9bd65924f7c90623773daf1b0b"},"headline":"Jalisco cierra 2025 con 28 nuevas rutas a\u00e9reas","datePublished":"2025-12-29T22:34:10+00:00","dateModified":"2025-12-29T22:34:11+00:00","mainEntityOfPage":{"@id":"https:\/\/nitu.mx\/index.php\/2025\/12\/29\/jalisco-cierra-2025-con-28-nuevas-rutas-aereas\/"},"wordCount":489,"publisher":{"@id":"https:\/\/nitu.mx\/#\/schema\/person\/ae7a53426417292d3dd07b45a33e01bc"},"image":{"@id":"https:\/\/nitu.mx\/index.php\/2025\/12\/29\/jalisco-cierra-2025-con-28-nuevas-rutas-aereas\/#primaryimage"},"thumbnailUrl":"https:\/\/nitu.mx\/wp-content\/uploads\/2025\/12\/Jalisco-nuevas-rutas-aeras-2025.jpg","keywords":["conectividad","Jalisco","Michelle Fridman","Sectur"],"articleSection":["Aerol\u00edneas"],"inLanguage":"es-MX"},{"@type":"WebPage","@id":"https:\/\/nitu.mx\/index.php\/2025\/12\/29\/jalisco-cierra-2025-con-28-nuevas-rutas-aereas\/","url":"https:\/\/nitu.mx\/index.php\/2025\/12\/29\/jalisco-cierra-2025-con-28-nuevas-rutas-aereas\/","name":"Jalisco cierra 2025 con 28 nuevas rutas a\u00e9reas - Nitu - Noticias de la Industria Turistica","isPartOf":{"@id":"https:\/\/nitu.mx\/#website"},"primaryImageOfPage":{"@id":"https:\/\/nitu.mx\/index.php\/2025\/12\/29\/jalisco-cierra-2025-con-28-nuevas-rutas-aereas\/#primaryimage"},"image":{"@id":"https:\/\/nitu.mx\/index.php\/2025\/12\/29\/jalisco-cierra-2025-con-28-nuevas-rutas-aereas\/#primaryimage"},"thumbnailUrl":"https:\/\/nitu.mx\/wp-content\/uploads\/2025\/12\/Jalisco-nuevas-rutas-aeras-2025.jpg","datePublished":"2025-12-29T22:34:10+00:00","dateModified":"2025-12-29T22:34:11+00:00","breadcrumb":{"@id":"https:\/\/nitu.mx\/index.php\/2025\/12\/29\/jalisco-cierra-2025-con-28-nuevas-rutas-aereas\/#breadcrumb"},"inLanguage":"es-MX","potentialAction":[{"@type":"ReadAction","target":["https:\/\/nitu.mx\/index.php\/2025\/12\/29\/jalisco-cierra-2025-con-28-nuevas-rutas-aereas\/"]}]},{"@type":"ImageObject","inLanguage":"es-MX","@id":"https:\/\/nitu.mx\/index.php\/2025\/12\/29\/jalisco-cierra-2025-con-28-nuevas-rutas-aereas\/#primaryimage","url":"https:\/\/nitu.mx\/wp-content\/uploads\/2025\/12\/Jalisco-nuevas-rutas-aeras-2025.jpg","contentUrl":"https:\/\/nitu.mx\/wp-content\/uploads\/2025\/12\/Jalisco-nuevas-rutas-aeras-2025.jpg","width":1200,"height":675,"caption":"Jalisco nuevas rutas a\u00e9reas 2025"},{"@type":"BreadcrumbList","@id":"https:\/\/nitu.mx\/index.php\/2025\/12\/29\/jalisco-cierra-2025-con-28-nuevas-rutas-aereas\/#breadcrumb","itemListElement":[{"@type":"ListItem","position":1,"name":"Inicio","item":"https:\/\/nitu.mx\/"},{"@type":"ListItem","position":2,"name":"Jalisco cierra 2025 con 28 nuevas rutas a\u00e9reas"}]},{"@type":"WebSite","@id":"https:\/\/nitu.mx\/#website","url":"https:\/\/nitu.mx\/","name":"Nitu - Noticias de la Industria Turistica","description":"Noticias de la Industria Turistica","publisher":{"@id":"https:\/\/nitu.mx\/#\/schema\/person\/ae7a53426417292d3dd07b45a33e01bc"},"alternateName":"Noticias de la Industria Turistica","potentialAction":[{"@type":"SearchAction","target":{"@type":"EntryPoint","urlTemplate":"https:\/\/nitu.mx\/?s={search_term_string}"},"query-input":"required name=search_term_string"}],"inLanguage":"es-MX"},{"@type":["Person","Organization"],"@id":"https:\/\/nitu.mx\/#\/schema\/person\/ae7a53426417292d3dd07b45a33e01bc","name":"Arturo Medina","image":{"@type":"ImageObject","inLanguage":"es-MX","@id":"https:\/\/nitu.mx\/#\/schema\/person\/image\/","url":"https:\/\/nitu.mx\/wp-content\/uploads\/2024\/04\/4A315622-1904-4D5C-B022-878CDC840E04-90x90-1.jpeg","contentUrl":"https:\/\/nitu.mx\/wp-content\/uploads\/2024\/04\/4A315622-1904-4D5C-B022-878CDC840E04-90x90-1.jpeg","width":90,"height":90,"caption":"Arturo Medina"},"logo":{"@id":"https:\/\/nitu.mx\/#\/schema\/person\/image\/"},"description":"Director NITU.mx, Egresado de la Escuela de Periodismo Carlos Septi\u00e9n Garc\u00eda. Periodista y analista especializado en turismo desde hace 35 a\u00f1os, radicado en Canc\u00fan Q.Roo. arturo@nitu.mx","sameAs":["https:\/\/nitu.mx","https:\/\/www.facebook.com\/NITUmx\/","medinacancun","https:\/\/twitter.com\/@Arturo_Medina_G"]},{"@type":"Person","@id":"https:\/\/nitu.mx\/#\/schema\/person\/4a28fe9bd65924f7c90623773daf1b0b","name":"Redacci\u00f3n","image":{"@type":"ImageObject","inLanguage":"es-MX","@id":"https:\/\/nitu.mx\/#\/schema\/person\/image\/","url":"https:\/\/secure.gravatar.com\/avatar\/5dd011c8ccfc5cd7e4c81e42252aab38?s=96&d=mm&r=g","contentUrl":"https:\/\/secure.gravatar.com\/avatar\/5dd011c8ccfc5cd7e4c81e42252aab38?s=96&d=mm&r=g","caption":"Redacci\u00f3n"},"url":"https:\/\/nitu.mx\/index.php\/author\/redaccion\/"}]}},"views":496,"_links":{"self":[{"href":"https:\/\/nitu.mx\/index.php\/wp-json\/wp\/v2\/posts\/85373"}],"collection":[{"href":"https:\/\/nitu.mx\/index.php\/wp-json\/wp\/v2\/posts"}],"about":[{"href":"https:\/\/nitu.mx\/index.php\/wp-json\/wp\/v2\/types\/post"}],"author":[{"embeddable":true,"href":"https:\/\/nitu.mx\/index.php\/wp-json\/wp\/v2\/users\/17"}],"replies":[{"embeddable":true,"href":"https:\/\/nitu.mx\/index.php\/wp-json\/wp\/v2\/comments?post=85373"}],"version-history":[{"count":1,"href":"https:\/\/nitu.mx\/index.php\/wp-json\/wp\/v2\/posts\/85373\/revisions"}],"predecessor-version":[{"id":85375,"href":"https:\/\/nitu.mx\/index.php\/wp-json\/wp\/v2\/posts\/85373\/revisions\/85375"}],"wp:featuredmedia":[{"embeddable":true,"href":"https:\/\/nitu.mx\/index.php\/wp-json\/wp\/v2\/media\/85376"}],"wp:attachment":[{"href":"https:\/\/nitu.mx\/index.php\/wp-json\/wp\/v2\/media?parent=85373"}],"wp:term":[{"taxonomy":"category","embeddable":true,"href":"https:\/\/nitu.mx\/index.php\/wp-json\/wp\/v2\/categories?post=85373"},{"taxonomy":"post_tag","embeddable":true,"href":"https:\/\/nitu.mx\/index.php\/wp-json\/wp\/v2\/tags?post=85373"}],"curies":[{"name":"wp","href":"https:\/\/api.w.org\/{rel}","templated":true}]}}