{"id":85346,"date":"2025-12-23T20:00:00","date_gmt":"2025-12-24T02:00:00","guid":{"rendered":"https:\/\/nitu.mx\/?p=85346"},"modified":"2025-12-23T18:38:41","modified_gmt":"2025-12-24T00:38:41","slug":"american-airlines-lanza-una-nueva-ruta-estacional-a-queretaro-desde-chicago","status":"publish","type":"post","link":"https:\/\/nitu.mx\/index.php\/2025\/12\/23\/american-airlines-lanza-una-nueva-ruta-estacional-a-queretaro-desde-chicago\/","title":{"rendered":"American Airlines lanza una nueva ruta estacional a Quer\u00e9taro desde Chicago"},"content":{"rendered":"\n<p>American Airlines ha lanzado una nueva ruta estacional desde el Aeropuerto Internacional O&#8217;Hare de Chicago (ORD) al Aeropuerto Internacional de Quer\u00e9taro (QRO), que operar\u00e1 durante la temporada alta de vacaciones, desde el 19 de diciembre de 2025 hasta el 13 de enero de 2026.<\/p>\n\n\n\n<p>La ruta estacional operar\u00e1 con un Boeing 737 con capacidad para 172 pasajeros.<\/p>\n\n\n\n<p>\u201cAhora que nos acercamos a la temporada navide\u00f1a, estamos muy contentos de ampliar nuestra presencia en Quer\u00e9taro con el lanzamiento de un nuevo servicio a Chicago. Esta incorporaci\u00f3n ofrece a nuestros clientes opciones a\u00fan m\u00e1s c\u00f3modas para viajar a Estados Unidos durante este periodo con mucha actividad\u201d, afirm\u00f3\u00a0Jos\u00e9 Mar\u00eda Giraldo, director general de Operaciones para M\u00e9xico, el Caribe, Canad\u00e1 y Centroam\u00e9rica. <\/p>\n\n\n\n<p>\u201cDesde Chicago, los viajeros pueden conectar f\u00e1cilmente con m\u00e1s de 160 destinos en todo el mundo, gracias a los m\u00e1s de 465 vuelos diarios en temporada alta\u201d, agreg\u00f3.<\/p>\n\n\n\n<p><strong>Horarios ORD<\/strong><strong>&nbsp;&#8211; QRO<\/strong><\/p>\n\n\n\n<figure class=\"wp-block-table\"><table><tbody><tr><td><strong>Ruta<\/strong><strong><\/strong><\/td><td><strong>Notas del servicio<\/strong><strong><\/strong><\/td><td><strong>Salida<\/strong><\/td><td><strong>Llegada<\/strong><\/td><td><strong>Aeronave<\/strong><\/td><\/tr><tr><td>ORD QRO<\/td><td rowspan=\"2\">El servicio estacional opera del 18 de diciembre de 2025 al 13 de enero de 2026.<\/td><td>5:25 p.m.<\/td><td>9:41 p.m.<\/td><td rowspan=\"2\">Boeing 737<\/td><\/tr><tr><td>QRO ORD<\/td><td>6:45 a.m.<\/td><td>10:40 a.m.<\/td><\/tr><\/tbody><\/table><\/figure>\n\n\n\n<p>*Hora local<\/p>\n\n\n\n<p><strong>Centro de operaciones de American en Chicago<\/strong><\/p>\n\n\n\n<p>El centro de operaciones de American en el Aeropuerto Internacional O&#8217;Hare de Chicago es la cuarta puerta de entrada m\u00e1s grande de la aerol\u00ednea, y ofrece a los clientes acceso a m\u00e1s de 465 vuelos diarios en horas punta a m\u00e1s de 160 destinos, entre los que se incluyen Londres (LHR), Toronto (YYZ) y Montreal (YUL). <\/p>\n\n\n\n<p>American Airlines ha a\u00f1adido m\u00e1s de 20 nuevos destinos desde ORD este a\u00f1o y ha mejorado la experiencia de viaje al incluir ofertas de cabina premium en todos los vuelos hacia y desde Chicago. (<a href=\"https:\/\/nitu.mx\/index.php\/2025\/12\/03\/american-airlines-inicia-operaciones-en-puerto-escondido-su-destino-numero-30-en-mexico\/\">American Airlines inicia operaciones en Puerto Escondido, su destino n\u00famero 30 en M\u00e9xico<\/a>).<\/p>\n","protected":false},"excerpt":{"rendered":"<p>American Airlines ha lanzado una nueva ruta estacional desde el Aeropuerto Internacional O&#8217;Hare de Chicago (ORD) al Aeropuerto Internacional de Quer\u00e9taro (QRO), que operar\u00e1 durante la temporada alta de vacaciones, desde el 19 de diciembre de 2025 hasta el 13 de enero de 2026. La ruta estacional operar\u00e1 con un Boeing 737 con capacidad para [&hellip;]<\/p>\n","protected":false},"author":17,"featured_media":85350,"comment_status":"closed","ping_status":"closed","sticky":false,"template":"","format":"standard","meta":{"footnotes":""},"categories":[29],"tags":[481,324,9100,61],"yoast_head":"<!-- This site is optimized with the Yoast SEO plugin v22.2 - https:\/\/yoast.com\/wordpress\/plugins\/seo\/ -->\n<title>American Airlines lanza una nueva ruta estacional a Quer\u00e9taro desde Chicago - Nitu - Noticias de la Industria Turistica<\/title>\n<meta name=\"robots\" content=\"index, follow, max-snippet:-1, max-image-preview:large, max-video-preview:-1\" \/>\n<link rel=\"canonical\" href=\"https:\/\/nitu.mx\/index.php\/2025\/12\/23\/american-airlines-lanza-una-nueva-ruta-estacional-a-queretaro-desde-chicago\/\" \/>\n<meta name=\"twitter:card\" content=\"summary_large_image\" \/>\n<meta name=\"twitter:title\" content=\"American Airlines lanza una nueva ruta estacional a Quer\u00e9taro desde Chicago - Nitu - Noticias de la Industria Turistica\" \/>\n<meta name=\"twitter:description\" content=\"American Airlines ha lanzado una nueva ruta estacional desde el Aeropuerto Internacional O&#8217;Hare de Chicago (ORD) al Aeropuerto Internacional de Quer\u00e9taro (QRO), que operar\u00e1 durante la temporada alta de vacaciones, desde el 19 de diciembre de 2025 hasta el 13 de enero de 2026. La ruta estacional operar\u00e1 con un Boeing 737 con capacidad para [&hellip;]\" \/>\n<meta name=\"twitter:image\" content=\"https:\/\/nitu.mx\/wp-content\/uploads\/2025\/12\/American-Airlines-ruta-Chicago-Queretaro.jpg\" \/>\n<meta name=\"twitter:creator\" content=\"@NITUmx\" \/>\n<meta name=\"twitter:site\" content=\"@Arturo_Medina_G\" \/>\n<meta name=\"twitter:label1\" content=\"Escrito por\" \/>\n\t<meta name=\"twitter:data1\" content=\"Redacci\u00f3n\" \/>\n\t<meta name=\"twitter:label2\" content=\"Tiempo de lectura\" \/>\n\t<meta name=\"twitter:data2\" content=\"2 minutos\" \/>\n<script type=\"application\/ld+json\" class=\"yoast-schema-graph\">{\"@context\":\"https:\/\/schema.org\",\"@graph\":[{\"@type\":\"Article\",\"@id\":\"https:\/\/nitu.mx\/index.php\/2025\/12\/23\/american-airlines-lanza-una-nueva-ruta-estacional-a-queretaro-desde-chicago\/#article\",\"isPartOf\":{\"@id\":\"https:\/\/nitu.mx\/index.php\/2025\/12\/23\/american-airlines-lanza-una-nueva-ruta-estacional-a-queretaro-desde-chicago\/\"},\"author\":{\"name\":\"Redacci\u00f3n\",\"@id\":\"https:\/\/nitu.mx\/#\/schema\/person\/4a28fe9bd65924f7c90623773daf1b0b\"},\"headline\":\"American Airlines lanza una nueva ruta estacional a Quer\u00e9taro desde Chicago\",\"datePublished\":\"2025-12-24T02:00:00+00:00\",\"dateModified\":\"2025-12-24T00:38:41+00:00\",\"mainEntityOfPage\":{\"@id\":\"https:\/\/nitu.mx\/index.php\/2025\/12\/23\/american-airlines-lanza-una-nueva-ruta-estacional-a-queretaro-desde-chicago\/\"},\"wordCount\":320,\"publisher\":{\"@id\":\"https:\/\/nitu.mx\/#\/schema\/person\/ae7a53426417292d3dd07b45a33e01bc\"},\"image\":{\"@id\":\"https:\/\/nitu.mx\/index.php\/2025\/12\/23\/american-airlines-lanza-una-nueva-ruta-estacional-a-queretaro-desde-chicago\/#primaryimage\"},\"thumbnailUrl\":\"https:\/\/nitu.mx\/wp-content\/uploads\/2025\/12\/American-Airlines-ruta-Chicago-Queretaro.jpg\",\"keywords\":[\"American AIrlines\",\"Chicago\",\"Jos\u00e9 Mar\u00eda Giraldo\",\"Quer\u00e9taro\"],\"articleSection\":[\"Aerol\u00edneas\"],\"inLanguage\":\"es-MX\"},{\"@type\":\"WebPage\",\"@id\":\"https:\/\/nitu.mx\/index.php\/2025\/12\/23\/american-airlines-lanza-una-nueva-ruta-estacional-a-queretaro-desde-chicago\/\",\"url\":\"https:\/\/nitu.mx\/index.php\/2025\/12\/23\/american-airlines-lanza-una-nueva-ruta-estacional-a-queretaro-desde-chicago\/\",\"name\":\"American Airlines lanza una nueva ruta estacional a Quer\u00e9taro desde Chicago - Nitu - Noticias de la Industria Turistica\",\"isPartOf\":{\"@id\":\"https:\/\/nitu.mx\/#website\"},\"primaryImageOfPage\":{\"@id\":\"https:\/\/nitu.mx\/index.php\/2025\/12\/23\/american-airlines-lanza-una-nueva-ruta-estacional-a-queretaro-desde-chicago\/#primaryimage\"},\"image\":{\"@id\":\"https:\/\/nitu.mx\/index.php\/2025\/12\/23\/american-airlines-lanza-una-nueva-ruta-estacional-a-queretaro-desde-chicago\/#primaryimage\"},\"thumbnailUrl\":\"https:\/\/nitu.mx\/wp-content\/uploads\/2025\/12\/American-Airlines-ruta-Chicago-Queretaro.jpg\",\"datePublished\":\"2025-12-24T02:00:00+00:00\",\"dateModified\":\"2025-12-24T00:38:41+00:00\",\"breadcrumb\":{\"@id\":\"https:\/\/nitu.mx\/index.php\/2025\/12\/23\/american-airlines-lanza-una-nueva-ruta-estacional-a-queretaro-desde-chicago\/#breadcrumb\"},\"inLanguage\":\"es-MX\",\"potentialAction\":[{\"@type\":\"ReadAction\",\"target\":[\"https:\/\/nitu.mx\/index.php\/2025\/12\/23\/american-airlines-lanza-una-nueva-ruta-estacional-a-queretaro-desde-chicago\/\"]}]},{\"@type\":\"ImageObject\",\"inLanguage\":\"es-MX\",\"@id\":\"https:\/\/nitu.mx\/index.php\/2025\/12\/23\/american-airlines-lanza-una-nueva-ruta-estacional-a-queretaro-desde-chicago\/#primaryimage\",\"url\":\"https:\/\/nitu.mx\/wp-content\/uploads\/2025\/12\/American-Airlines-ruta-Chicago-Queretaro.jpg\",\"contentUrl\":\"https:\/\/nitu.mx\/wp-content\/uploads\/2025\/12\/American-Airlines-ruta-Chicago-Queretaro.jpg\",\"width\":1200,\"height\":675,\"caption\":\"American Airlines ruta Chicago-Quer\u00e9taro\"},{\"@type\":\"BreadcrumbList\",\"@id\":\"https:\/\/nitu.mx\/index.php\/2025\/12\/23\/american-airlines-lanza-una-nueva-ruta-estacional-a-queretaro-desde-chicago\/#breadcrumb\",\"itemListElement\":[{\"@type\":\"ListItem\",\"position\":1,\"name\":\"Inicio\",\"item\":\"https:\/\/nitu.mx\/\"},{\"@type\":\"ListItem\",\"position\":2,\"name\":\"American Airlines lanza una nueva ruta estacional a Quer\u00e9taro desde Chicago\"}]},{\"@type\":\"WebSite\",\"@id\":\"https:\/\/nitu.mx\/#website\",\"url\":\"https:\/\/nitu.mx\/\",\"name\":\"Nitu - Noticias de la Industria Turistica\",\"description\":\"Noticias de la Industria Turistica\",\"publisher\":{\"@id\":\"https:\/\/nitu.mx\/#\/schema\/person\/ae7a53426417292d3dd07b45a33e01bc\"},\"alternateName\":\"Noticias de la Industria Turistica\",\"potentialAction\":[{\"@type\":\"SearchAction\",\"target\":{\"@type\":\"EntryPoint\",\"urlTemplate\":\"https:\/\/nitu.mx\/?s={search_term_string}\"},\"query-input\":\"required name=search_term_string\"}],\"inLanguage\":\"es-MX\"},{\"@type\":[\"Person\",\"Organization\"],\"@id\":\"https:\/\/nitu.mx\/#\/schema\/person\/ae7a53426417292d3dd07b45a33e01bc\",\"name\":\"Arturo Medina\",\"image\":{\"@type\":\"ImageObject\",\"inLanguage\":\"es-MX\",\"@id\":\"https:\/\/nitu.mx\/#\/schema\/person\/image\/\",\"url\":\"https:\/\/nitu.mx\/wp-content\/uploads\/2024\/04\/4A315622-1904-4D5C-B022-878CDC840E04-90x90-1.jpeg\",\"contentUrl\":\"https:\/\/nitu.mx\/wp-content\/uploads\/2024\/04\/4A315622-1904-4D5C-B022-878CDC840E04-90x90-1.jpeg\",\"width\":90,\"height\":90,\"caption\":\"Arturo Medina\"},\"logo\":{\"@id\":\"https:\/\/nitu.mx\/#\/schema\/person\/image\/\"},\"description\":\"Director NITU.mx, Egresado de la Escuela de Periodismo Carlos Septi\u00e9n Garc\u00eda. Periodista y analista especializado en turismo desde hace 35 a\u00f1os, radicado en Canc\u00fan Q.Roo. arturo@nitu.mx\",\"sameAs\":[\"https:\/\/nitu.mx\",\"https:\/\/www.facebook.com\/NITUmx\/\",\"medinacancun\",\"https:\/\/twitter.com\/@Arturo_Medina_G\"]},{\"@type\":\"Person\",\"@id\":\"https:\/\/nitu.mx\/#\/schema\/person\/4a28fe9bd65924f7c90623773daf1b0b\",\"name\":\"Redacci\u00f3n\",\"image\":{\"@type\":\"ImageObject\",\"inLanguage\":\"es-MX\",\"@id\":\"https:\/\/nitu.mx\/#\/schema\/person\/image\/\",\"url\":\"https:\/\/secure.gravatar.com\/avatar\/5dd011c8ccfc5cd7e4c81e42252aab38?s=96&d=mm&r=g\",\"contentUrl\":\"https:\/\/secure.gravatar.com\/avatar\/5dd011c8ccfc5cd7e4c81e42252aab38?s=96&d=mm&r=g\",\"caption\":\"Redacci\u00f3n\"},\"url\":\"https:\/\/nitu.mx\/index.php\/author\/redaccion\/\"}]}<\/script>\n<!-- \/ Yoast SEO plugin. -->","yoast_head_json":{"title":"American Airlines lanza una nueva ruta estacional a Quer\u00e9taro desde Chicago - Nitu - Noticias de la Industria Turistica","robots":{"index":"index","follow":"follow","max-snippet":"max-snippet:-1","max-image-preview":"max-image-preview:large","max-video-preview":"max-video-preview:-1"},"canonical":"https:\/\/nitu.mx\/index.php\/2025\/12\/23\/american-airlines-lanza-una-nueva-ruta-estacional-a-queretaro-desde-chicago\/","twitter_card":"summary_large_image","twitter_title":"American Airlines lanza una nueva ruta estacional a Quer\u00e9taro desde Chicago - Nitu - Noticias de la Industria Turistica","twitter_description":"American Airlines ha lanzado una nueva ruta estacional desde el Aeropuerto Internacional O&#8217;Hare de Chicago (ORD) al Aeropuerto Internacional de Quer\u00e9taro (QRO), que operar\u00e1 durante la temporada alta de vacaciones, desde el 19 de diciembre de 2025 hasta el 13 de enero de 2026. La ruta estacional operar\u00e1 con un Boeing 737 con capacidad para [&hellip;]","twitter_image":"https:\/\/nitu.mx\/wp-content\/uploads\/2025\/12\/American-Airlines-ruta-Chicago-Queretaro.jpg","twitter_creator":"@NITUmx","twitter_site":"@Arturo_Medina_G","twitter_misc":{"Escrito por":"Redacci\u00f3n","Tiempo de lectura":"2 minutos"},"schema":{"@context":"https:\/\/schema.org","@graph":[{"@type":"Article","@id":"https:\/\/nitu.mx\/index.php\/2025\/12\/23\/american-airlines-lanza-una-nueva-ruta-estacional-a-queretaro-desde-chicago\/#article","isPartOf":{"@id":"https:\/\/nitu.mx\/index.php\/2025\/12\/23\/american-airlines-lanza-una-nueva-ruta-estacional-a-queretaro-desde-chicago\/"},"author":{"name":"Redacci\u00f3n","@id":"https:\/\/nitu.mx\/#\/schema\/person\/4a28fe9bd65924f7c90623773daf1b0b"},"headline":"American Airlines lanza una nueva ruta estacional a Quer\u00e9taro desde Chicago","datePublished":"2025-12-24T02:00:00+00:00","dateModified":"2025-12-24T00:38:41+00:00","mainEntityOfPage":{"@id":"https:\/\/nitu.mx\/index.php\/2025\/12\/23\/american-airlines-lanza-una-nueva-ruta-estacional-a-queretaro-desde-chicago\/"},"wordCount":320,"publisher":{"@id":"https:\/\/nitu.mx\/#\/schema\/person\/ae7a53426417292d3dd07b45a33e01bc"},"image":{"@id":"https:\/\/nitu.mx\/index.php\/2025\/12\/23\/american-airlines-lanza-una-nueva-ruta-estacional-a-queretaro-desde-chicago\/#primaryimage"},"thumbnailUrl":"https:\/\/nitu.mx\/wp-content\/uploads\/2025\/12\/American-Airlines-ruta-Chicago-Queretaro.jpg","keywords":["American AIrlines","Chicago","Jos\u00e9 Mar\u00eda Giraldo","Quer\u00e9taro"],"articleSection":["Aerol\u00edneas"],"inLanguage":"es-MX"},{"@type":"WebPage","@id":"https:\/\/nitu.mx\/index.php\/2025\/12\/23\/american-airlines-lanza-una-nueva-ruta-estacional-a-queretaro-desde-chicago\/","url":"https:\/\/nitu.mx\/index.php\/2025\/12\/23\/american-airlines-lanza-una-nueva-ruta-estacional-a-queretaro-desde-chicago\/","name":"American Airlines lanza una nueva ruta estacional a Quer\u00e9taro desde Chicago - Nitu - Noticias de la Industria Turistica","isPartOf":{"@id":"https:\/\/nitu.mx\/#website"},"primaryImageOfPage":{"@id":"https:\/\/nitu.mx\/index.php\/2025\/12\/23\/american-airlines-lanza-una-nueva-ruta-estacional-a-queretaro-desde-chicago\/#primaryimage"},"image":{"@id":"https:\/\/nitu.mx\/index.php\/2025\/12\/23\/american-airlines-lanza-una-nueva-ruta-estacional-a-queretaro-desde-chicago\/#primaryimage"},"thumbnailUrl":"https:\/\/nitu.mx\/wp-content\/uploads\/2025\/12\/American-Airlines-ruta-Chicago-Queretaro.jpg","datePublished":"2025-12-24T02:00:00+00:00","dateModified":"2025-12-24T00:38:41+00:00","breadcrumb":{"@id":"https:\/\/nitu.mx\/index.php\/2025\/12\/23\/american-airlines-lanza-una-nueva-ruta-estacional-a-queretaro-desde-chicago\/#breadcrumb"},"inLanguage":"es-MX","potentialAction":[{"@type":"ReadAction","target":["https:\/\/nitu.mx\/index.php\/2025\/12\/23\/american-airlines-lanza-una-nueva-ruta-estacional-a-queretaro-desde-chicago\/"]}]},{"@type":"ImageObject","inLanguage":"es-MX","@id":"https:\/\/nitu.mx\/index.php\/2025\/12\/23\/american-airlines-lanza-una-nueva-ruta-estacional-a-queretaro-desde-chicago\/#primaryimage","url":"https:\/\/nitu.mx\/wp-content\/uploads\/2025\/12\/American-Airlines-ruta-Chicago-Queretaro.jpg","contentUrl":"https:\/\/nitu.mx\/wp-content\/uploads\/2025\/12\/American-Airlines-ruta-Chicago-Queretaro.jpg","width":1200,"height":675,"caption":"American Airlines ruta Chicago-Quer\u00e9taro"},{"@type":"BreadcrumbList","@id":"https:\/\/nitu.mx\/index.php\/2025\/12\/23\/american-airlines-lanza-una-nueva-ruta-estacional-a-queretaro-desde-chicago\/#breadcrumb","itemListElement":[{"@type":"ListItem","position":1,"name":"Inicio","item":"https:\/\/nitu.mx\/"},{"@type":"ListItem","position":2,"name":"American Airlines lanza una nueva ruta estacional a Quer\u00e9taro desde Chicago"}]},{"@type":"WebSite","@id":"https:\/\/nitu.mx\/#website","url":"https:\/\/nitu.mx\/","name":"Nitu - Noticias de la Industria Turistica","description":"Noticias de la Industria Turistica","publisher":{"@id":"https:\/\/nitu.mx\/#\/schema\/person\/ae7a53426417292d3dd07b45a33e01bc"},"alternateName":"Noticias de la Industria Turistica","potentialAction":[{"@type":"SearchAction","target":{"@type":"EntryPoint","urlTemplate":"https:\/\/nitu.mx\/?s={search_term_string}"},"query-input":"required name=search_term_string"}],"inLanguage":"es-MX"},{"@type":["Person","Organization"],"@id":"https:\/\/nitu.mx\/#\/schema\/person\/ae7a53426417292d3dd07b45a33e01bc","name":"Arturo Medina","image":{"@type":"ImageObject","inLanguage":"es-MX","@id":"https:\/\/nitu.mx\/#\/schema\/person\/image\/","url":"https:\/\/nitu.mx\/wp-content\/uploads\/2024\/04\/4A315622-1904-4D5C-B022-878CDC840E04-90x90-1.jpeg","contentUrl":"https:\/\/nitu.mx\/wp-content\/uploads\/2024\/04\/4A315622-1904-4D5C-B022-878CDC840E04-90x90-1.jpeg","width":90,"height":90,"caption":"Arturo Medina"},"logo":{"@id":"https:\/\/nitu.mx\/#\/schema\/person\/image\/"},"description":"Director NITU.mx, Egresado de la Escuela de Periodismo Carlos Septi\u00e9n Garc\u00eda. Periodista y analista especializado en turismo desde hace 35 a\u00f1os, radicado en Canc\u00fan Q.Roo. arturo@nitu.mx","sameAs":["https:\/\/nitu.mx","https:\/\/www.facebook.com\/NITUmx\/","medinacancun","https:\/\/twitter.com\/@Arturo_Medina_G"]},{"@type":"Person","@id":"https:\/\/nitu.mx\/#\/schema\/person\/4a28fe9bd65924f7c90623773daf1b0b","name":"Redacci\u00f3n","image":{"@type":"ImageObject","inLanguage":"es-MX","@id":"https:\/\/nitu.mx\/#\/schema\/person\/image\/","url":"https:\/\/secure.gravatar.com\/avatar\/5dd011c8ccfc5cd7e4c81e42252aab38?s=96&d=mm&r=g","contentUrl":"https:\/\/secure.gravatar.com\/avatar\/5dd011c8ccfc5cd7e4c81e42252aab38?s=96&d=mm&r=g","caption":"Redacci\u00f3n"},"url":"https:\/\/nitu.mx\/index.php\/author\/redaccion\/"}]}},"views":539,"_links":{"self":[{"href":"https:\/\/nitu.mx\/index.php\/wp-json\/wp\/v2\/posts\/85346"}],"collection":[{"href":"https:\/\/nitu.mx\/index.php\/wp-json\/wp\/v2\/posts"}],"about":[{"href":"https:\/\/nitu.mx\/index.php\/wp-json\/wp\/v2\/types\/post"}],"author":[{"embeddable":true,"href":"https:\/\/nitu.mx\/index.php\/wp-json\/wp\/v2\/users\/17"}],"replies":[{"embeddable":true,"href":"https:\/\/nitu.mx\/index.php\/wp-json\/wp\/v2\/comments?post=85346"}],"version-history":[{"count":2,"href":"https:\/\/nitu.mx\/index.php\/wp-json\/wp\/v2\/posts\/85346\/revisions"}],"predecessor-version":[{"id":85351,"href":"https:\/\/nitu.mx\/index.php\/wp-json\/wp\/v2\/posts\/85346\/revisions\/85351"}],"wp:featuredmedia":[{"embeddable":true,"href":"https:\/\/nitu.mx\/index.php\/wp-json\/wp\/v2\/media\/85350"}],"wp:attachment":[{"href":"https:\/\/nitu.mx\/index.php\/wp-json\/wp\/v2\/media?parent=85346"}],"wp:term":[{"taxonomy":"category","embeddable":true,"href":"https:\/\/nitu.mx\/index.php\/wp-json\/wp\/v2\/categories?post=85346"},{"taxonomy":"post_tag","embeddable":true,"href":"https:\/\/nitu.mx\/index.php\/wp-json\/wp\/v2\/tags?post=85346"}],"curies":[{"name":"wp","href":"https:\/\/api.w.org\/{rel}","templated":true}]}}